{"id":10726,"date":"2020-09-15T10:00:38","date_gmt":"2020-09-15T08:00:38","guid":{"rendered":"https:\/\/www.welovecycling.com\/sk\/?p=10726"},"modified":"2020-09-14T13:38:18","modified_gmt":"2020-09-14T11:38:18","slug":"karty-su-rozdane-ako-je-na-tom-tour-de-france-po-druhom-tyzdni","status":"publish","type":"post","link":"https:\/\/www.welovecycling.com\/sk\/2020\/09\/15\/karty-su-rozdane-ako-je-na-tom-tour-de-france-po-druhom-tyzdni\/","title":{"rendered":"Karty s\u00fa rozdan\u00e9 &#8211; ako je na tom Tour de France po druhom t\u00fd\u017edni?"},"content":{"rendered":"<p><strong>Mnoh\u00ed z\u00a0n\u00e1s si vyhradili popolud\u0148aj\u0161\u00ed \u010das posledn\u00fdch dvoch t\u00fd\u017ed\u0148ov pre jednu a\u00a0jedin\u00fa vec &#8211; etapy Tour de France. Za sebou ich m\u00e1me u\u017e celkovo 15. \u010co sa od posledn\u00e9ho t\u00fd\u017ed\u0148a zmenilo? Ako je na tom celkov\u00e9 poradie a\u00a0boj o\u00a0zelen\u00fd dres? Po\u010fme sa na to pozrie\u0165.<\/strong><!--more--><\/p>\n<h2><strong>Okruh pretek\u00e1rov o\u00a0\u017elt\u00fd dres sa zu\u017euje<\/strong><\/h2>\n<p>E\u0161te pred prv\u00fdm vo\u013en\u00fdm d\u0148om, teda po deviatej etape, bolo prv\u00fdch sedem pretek\u00e1rov celkovej klasifik\u00e1cie umiestnen\u00fdch v\u00a0rozmedz\u00ed jednej min\u00faty. Po \u010fal\u0161\u00edch \u0161iestich etap\u00e1ch sa do jednej min\u00faty vmestil u\u017e len <strong>Tadej Poga\u010dar, ktor\u00fd si v\u00a0porovnan\u00ed s\u00a0minul\u00fdm t\u00fd\u017ed\u0148om polep\u0161il o\u00a0\u0161tyri sekundy<\/strong> na ved\u00faceho Primo\u017ea Rogli\u010da. Samotn\u00e1 15. etapa bola k\u013e\u00fa\u010dovou nielen kv\u00f4li z\u00e1vere\u010dn\u00e9mu st\u00fapaniu na Grand Colombier a\u00a0nasleduj\u00facemu vo\u013en\u00e9mu d\u0148u, ale predov\u0161etk\u00fdm z\u00a0d\u00f4vodu konkr\u00e9tnych v\u00fdsledkov a\u00a0v\u00fdkonov, ktor\u00e9 na tomto ne\u013eahkom kopci predviedli pretek\u00e1ri. <\/p>\n<p>https:\/\/www.instagram.com\/p\/CFFSpuWllPj\/ <\/p>\n<p>U\u017e na m\u00e9te piatich kilometrov pred koncom prejavil zna\u010dn\u00e9 nedostatky Egan Bernal, minuloro\u010dn\u00fd v\u00ed\u0165az. Jeho spomalenie malo pod\u013ea v\u0161etk\u00e9ho pr\u00ed\u010dinu v\u00a0nedostato\u010dnej fyzickej pripravenosti e\u0161te pred vstupom do Tour (pr\u00edsna karant\u00e9na v\u00a0Kolumbii a\u00a0n\u00e1sledn\u00e9 ve\u013ek\u00e9 objemov\u00e9 tr\u00e9ningy sa mohli na Eganovi podp\u00edsa\u0165 v\u00a0podobe pretr\u00e9novania). Okrem neho z\u00a0\u010dela odpadol aj Martin Guillaume, posledn\u00e1 franc\u00fazska opora po probl\u00e9moch Thibauta Pinota u\u017e v\u00a0\u00favode Tour a\u00a0odst\u00fapen\u00ed Romaina Bardeta pred 14. etapou. <strong>\u010cierny kolumbijsk\u00fd de\u0148<\/strong> e\u0161te zv\u00fdraznila aj strata Naira Quintanu, ktor\u00fd sa tak prepadol na s\u00fa\u010dasn\u00e9 deviate miesto so stratou vy\u0161e piatich min\u00fat. Naopak siln\u00fd de\u0148 predviedol Richie Porte, ktor\u00fd vydr\u017eal do z\u00e1vere\u010dn\u00fdch metrov so \u017elt\u00fdm mu\u017eom, Primo\u017eom Rogli\u010dom. Spom\u00ednan\u00fd Tadej Poga\u010dar ovl\u00e1dol etapu a\u00a0potvrdil vo svojich 21 rokoch nesmierny talent. Ot\u00e1zkou teda ost\u00e1va, \u010di Tadej vydr\u017e\u00ed tempo Primo\u017ea alebo op\u00e4\u0165 zv\u00ed\u0165az\u00ed mlad\u00e1 krv?<\/p>\n<div class=\"shortcode-ys-post-pinup\"><article class=\"loop-simple post-10631 post type-post status-publish format-standard has-post-thumbnail hentry category-grand-tour category-tour-de-france tag-alexander-kristoff tag-biely-dres tag-bodkovany-dres tag-bora-hansgrohe tag-chris-froome tag-egan-bernal tag-etapove-preteky tag-julian-alaphilippe tag-kwiatkowski tag-peter-sagan tag-preteky tag-primoz-roglic tag-taktika-timu tag-tim tag-tour-de-france-2020 tag-wout-van-aert tag-zeleny-dres tag-zlty-dres global-categories-cycling\" data-postid=\"10631\" role=\"article\" data-post-id=\"10631\" data-word-count=\"594\" data-headline-length=\"77\" data-category=\"Profesion\u00e1li\" data-global-category=\"Cycling\" data-author=\"WeLoveCycling\" data-published=\"2020-09-08T13:00:14+02:00\" data-published-day=\"Tuesday\">\n    <div class=\"entry-thumbnail article-thumbnail\" content=\"https:\/\/d2p6e6u75xmxt8.cloudfront.net\/4\/2020\/09\/Tour_00-150x150.webp\"><a href=\"https:\/\/www.welovecycling.com\/sk\/2020\/09\/08\/tour-de-france-sa-dostava-do-obratok-ako-to-vo-francuzsku-vyzera\/\" class=\"image-holder\" target=\"_self\"><img decoding=\"async\" loading=\"lazy\" class=\"\" src=\"https:\/\/d2p6e6u75xmxt8.cloudfront.net\/4\/2020\/09\/Tour_00-1024x445.webp\" srcset=\"https:\/\/d2p6e6u75xmxt8.cloudfront.net\/4\/2020\/09\/Tour_00.webp 1380w, https:\/\/d2p6e6u75xmxt8.cloudfront.net\/4\/2020\/09\/Tour_00-300x130.webp 300w, https:\/\/d2p6e6u75xmxt8.cloudfront.net\/4\/2020\/09\/Tour_00-1024x445.webp 1024w, https:\/\/d2p6e6u75xmxt8.cloudfront.net\/4\/2020\/09\/Tour_00-768x334.webp 768w\" width=\"1024\" height=\"445\" sizes=\"auto, (min-width: 1200px) 460px, (min-width: 768px) 38vw, 100vw\" alt=\"tour-de-france-sa-dostava-do-obratok-ako-to-vo-francuzsku-vyzera\"\/><\/a><\/div>    <div class=\"entry-meta\">\n        <a class=\"label label-secondary post-category\" href=\"https:\/\/www.welovecycling.com\/sk\/category\/grand-tour\/\" title=\"Profesion\u00e1li\">Profesion\u00e1li<\/a>\n    <\/div>\n    <div class=\"entry-details\">\n        <a href=\"https:\/\/www.welovecycling.com\/sk\/2020\/09\/08\/tour-de-france-sa-dostava-do-obratok-ako-to-vo-francuzsku-vyzera\/\" class='entry-title-wrapper'>\n            <h3 class=\"entry-title\"><span>Tour de France sa dost\u00e1va do obr\u00e1tok &#8211; ako to vo Franc\u00fazsku vyzer\u00e1?<\/span><\/h3>\n        <\/a>\n    <\/div>\n    <\/article>\n<\/div>\n<h2><strong>\u00darazy poriadne mie\u0161aj\u00fa kartami<\/strong><\/h2>\n<p>I\u00a0ke\u010f je cyklistika prim\u00e1rne hodnoten\u00e1 pod\u013ea wattov a\u00a0v\u00fdkonu samotn\u00e9ho, ve\u013ek\u00fa rolu v\u00a0kone\u010dnom d\u00f4sledku hr\u00e1 aj tak\u00fd prvok, ak\u00fdm s\u00fa p\u00e1dy, nedostato\u010dn\u00e9 zru\u010dnosti alebo aj chv\u00ed\u013ekov\u00e1 nepozornos\u0165. Pr\u00e1ve tie dok\u00e1\u017eu \u010dasto nielen <strong>prida\u0165 nieko\u013eko sek\u00fand straty, ale taktie\u017e ukon\u010di\u0165 p\u00f4sobenie pretek\u00e1ra na podujat\u00ed<\/strong>. Tak\u00fdmi pr\u00edpadmi sa stali aj Ion Izagirre z\u00a0Astany, ktor\u00fd si nejak\u00fd ten t\u00fd\u017ede\u0148 bude musie\u0165 po\u010dka\u0165 na navr\u00e1tenie sa do sedla kv\u00f4li zlomenej k\u013e\u00fa\u010dnej kosti. T\u00fa si privodil pod\u013ea jeho slov vlastnou neopatrnos\u0165ou, kedy v\u00a0\u00fazkych uliciach mesta po\u010das 11. etapy narazil do domu. Svoje o\u00a0tom vie aj Ilnur Zakarin s\u00a0zlomen\u00fdmi rebrami rovnako v\u00a011. etape. <\/p>\n<p>https:\/\/www.instagram.com\/p\/CFCeJhSIeSY\/ <\/p>\n<p>Ve\u013ek\u00fd sm\u00fatok priniesol nielen do t\u00edmu AG2R Romain Bardet po \u201enevinnom\u201c p\u00e1de v\u00a013. etape, ktor\u00fd skon\u010dil s otrasom mozgu. K\u00a0tejto trojici sa prid\u00e1va aj st\u00e1lica, Bauke Mollema so zlomen\u00fdm z\u00e1p\u00e4st\u00edm a\u00a0viacer\u00fdmi men\u0161\u00edmi zlomeninami. Probl\u00e9my maj\u00fa aj st\u00e1le bojuj\u00faci pretek\u00e1ri ako aj Nairo Quintana, ktor\u00fd v\u00a015. etape str\u00e1cal aj v\u010faka odrenin\u00e1m z\u00a0predch\u00e1dzaj\u00facich et\u00e1p. Navy\u0161e je pred nami t\u00fd\u017ede\u0148 s\u00a0dlh\u00fdmi a\u00a0nebezpe\u010dn\u00fdmi zjazdmi z\u00a0vrcholov st\u00fapan\u00ed, rovnako ako aj t\u00fa\u017eba z\u00edskava\u0165 ka\u017ed\u00fa mo\u017en\u00fa sekundu &#8211; <strong>kombin\u00e1cia, ktor\u00e1 m\u00e1 ve\u013emi bl\u00edzko k\u00a0ne\u0161\u0165astiu<\/strong>.<\/p>\n<h2><strong>Pam\u00e4t\u00e1te si na tak\u00fd nap\u00ednav\u00fd boj o\u00a0zelen\u00fd dres?<\/strong><\/h2>\n<p>Jedno je ist\u00e9 &#8211; v\u00e4\u010d\u0161ina z\u00a0n\u00e1s podvedome praje v\u00ed\u0165azstvo v\u00a0bodovacej s\u00fa\u0165a\u017ei Petrovi Saganovi, ktor\u00fd by t\u00fdmto krokom op\u00e4\u0165 prep\u00edsal hist\u00f3riu s\u00a0\u00f4smymi zelen\u00fdmi dresmi z\u00a0Tour. Av\u0161ak ak sa pozrieme do klasifik\u00e1cie, jednozna\u010dn\u00fdm ved\u00facim mu\u017eom je bezpochyby zasl\u00fa\u017eene Sam Bennett. <strong>Rozdiel medzi Slov\u00e1kom a\u00a0\u00cdrom je 45 bodov<\/strong>, \u010do je ekvivalent vyhranej etapy v\u00a0Par\u00ed\u017ei alebo vy\u0161e dvoch r\u00fdchlostn\u00fdch pr\u00e9mi\u00ed. Aj preto nie je ni\u010d uzavret\u00e9.<\/p>\n<lite-youtube videoid=DqXTrMuHIgw params=\"enablejsapi=1\" style=\"background-image: url('https:\/\/i.ytimg.com\/vi_webp\/DqXTrMuHIgw\/maxresdefault.webp');\"><\/lite-youtube>\n<p>Spom\u00ednan\u00e9 nap\u00e4tie s\u00faboja nevypl\u00fdva len z\u00a0bodovej vyrovnanosti medzi pretek\u00e1rmi, ale vo ve\u013ekej miere aj z\u00a0nap\u00e4tia, ktor\u00e9 prin\u00e1\u0161a priamy s\u00faboj t\u00edmov BORA-hansgrohe a\u00a0Deceuninck-Floors po\u010das jednotliv\u00fdch et\u00e1p. Napr\u00edklad takou bola aj t\u00e1 s\u00a0\u010d\u00edslom 14, kedy BORA-hansgrohe dok\u00e1zala odpoji\u0165 Sama Bennetta od hlavn\u00e9ho pelot\u00f3nu a\u00a0tak vytvori\u0165 \u0161ancu pre Petra Sagana do z\u00e1veru etapy. Nane\u0161\u0165astie sa t\u00e1to snaha nevydarila v\u00a0plnej miere a\u00a0<strong>Sagan skon\u010dil a\u017e \u0161tvrt\u00fd<\/strong>. Do hodnotenia prehovorila vo ve\u013ekej miere aj penaliz\u00e1cia z\u00a011. etapy, v\u00a0ktorej Sagan pod\u013ea vyjadren\u00ed rozhodcov ovplyvnil \u0161print Wouta van Aerta a\u00a0okrem straty bodov za tretie miesto mu bolo od\u0148at\u00fdch aj 13&nbsp;bodov kv\u00f4li tomuto priestupku. <\/p>\n<h2><strong>\u010cak\u00e1 n\u00e1s e\u0161te mno\u017estvo s\u00fabojov<\/strong><\/h2>\n<p>Ke\u010f\u017ee Egan Bernal a\u00a0do istej miery aj Nairo Quintana vypadli z\u00a0celkov\u00e9ho s\u00faboja o\u00a0\u017elt\u00fd dres, je mo\u017en\u00e9, \u017ee uvid\u00edme nielen ich, <strong>ale aj ich t\u00edmov\u00fdch kolegov v\u00a0boji o\u00a0horsk\u00e9 etapy<\/strong>, na ktor\u00e9 s\u00fa oni sami expertmi. Napr\u00edklad tak\u00e1 17. etapa s \u201elen\u201c dvomi st\u00fapaniami &#8211; oboma hodnoten\u00fdmi najvy\u0161\u0161ou kateg\u00f3riou HC s\u00a0dojazdom na Col de la Loze s\u00a0parametrami 21,5 km a\u00a07,8 % maximom na posledn\u00fdch kilometroch s\u00a0hodnotou a\u017e 24 % je pravou sk\u00fa\u0161kou legend\u00e1rnych vrch\u00e1rov.<\/p>\n<lite-youtube videoid=v4Wfj7_i5LY params=\"enablejsapi=1\" style=\"background-image: url('https:\/\/i.ytimg.com\/vi_webp\/v4Wfj7_i5LY\/maxresdefault.webp');\"><\/lite-youtube>\n<p>Okrem toho nezab\u00fadajme ani na 20. etapu, ktor\u00e1 je individu\u00e1lnou \u010dasovkou s\u00a0profilom, st\u00fapaj\u00facim na  La Planche des Belles Filles. T\u00e1 by mohla sedie\u0165 nielen Rogli\u010dovi, ale napr\u00edklad aj jeho kolegovi, Tomovi Dumoulinovi alebo aj napr\u00edklad in\u00fdm pretek\u00e1rom, <strong>ktor\u00ed dok\u00e1zali u\u0161etri\u0165 svoje sily po\u010das n\u00e1ro\u010dn\u00fdch et\u00e1p<\/strong>, kedy l\u00eddri a\u00a0ich domestici museli zo seba vyd\u00e1va\u0165 posledn\u00e9 k\u00fasky s\u00edl. <\/p>\n<p>Kto sa teda stane celkov\u00fdm v\u00ed\u0165azom? Kto z\u00edska zelen\u00fd dres? A\u00a0koniec koncov, ako sa e\u0161te bude meni\u0165 dianie na Tour de France? <strong>To e\u0161te nevieme &#8211; ale \u010doskoro budeme.<\/strong> Sledujte s\u00a0nami e\u0161te posledn\u00fdch \u0161es\u0165 et\u00e1p tohtoro\u010dnej Starej d\u00e1my!<\/p>\n<p>Zdroj titulnej fotografie: A.S.O. \/ Pauline Ballet<\/p>\n","protected":false},"excerpt":{"rendered":"<p>Mnoh\u00ed z\u00a0n\u00e1s si vyhradili popolud\u0148aj\u0161\u00ed \u010das posledn\u00fdch dvoch t\u00fd\u017ed\u0148ov pre jednu a\u00a0jedin\u00fa vec &#8211; etapy Tour de France. Za sebou [&hellip;]<\/p>\n","protected":false},"author":81,"featured_media":10733,"comment_status":"open","ping_status":"open","sticky":false,"template":"","format":"standard","meta":{"footnotes":""},"categories":[63,117],"tags":[559,619,160,115,487,119,1255,1038,331,116,1005,46,179,170,1252,556,307,20,156,332],"global-categories":[1074],"class_list":["post-10726","post","type-post","status-publish","format-standard","has-post-thumbnail","hentry","category-grand-tour","category-tour-de-france","tag-bicykel","tag-bicyklovanie","tag-bora-hansgrohe","tag-cestna-cyklistika","tag-cestny-bicykel","tag-chris-froome","tag-deceuninck-floors","tag-egan-bernal","tag-etapove-preteky","tag-nairo-quintana","tag-pad","tag-peter-sagan","tag-preteky","tag-primoz-roglic","tag-stara-dama","tag-tim","tag-tom-dumoulin","tag-tour-de-france","tag-zeleny-dres","tag-zranenia","global-categories-cycling"],"yoast_head":"<!-- This site is optimized with the Yoast SEO Premium plugin v25.3 (Yoast SEO v25.9) - https:\/\/yoast.com\/wordpress\/plugins\/seo\/ -->\n<title>Karty s\u00fa rozdan\u00e9 - ako je na tom Tour de France po druhom t\u00fd\u017edni? - \u0160koda We Love Cycling Slovensko<\/title>\n<meta name=\"robots\" content=\"index, follow, max-snippet:-1, max-image-preview:large, max-video-preview:-1\" \/>\n<link rel=\"canonical\" href=\"https:\/\/www.welovecycling.com\/sk\/2020\/09\/15\/karty-su-rozdane-ako-je-na-tom-tour-de-france-po-druhom-tyzdni\/\" \/>\n<meta property=\"og:locale\" content=\"sk_SK\" \/>\n<meta property=\"og:type\" content=\"article\" \/>\n<meta property=\"og:title\" content=\"Karty s\u00fa rozdan\u00e9 - ako je na tom Tour de France po druhom t\u00fd\u017edni?\" \/>\n<meta property=\"og:description\" content=\"Mnoh\u00ed z\u00a0n\u00e1s si vyhradili popolud\u0148aj\u0161\u00ed \u010das posledn\u00fdch dvoch t\u00fd\u017ed\u0148ov pre jednu a\u00a0jedin\u00fa vec &#8211; etapy Tour de France. Za sebou [&hellip;]\" \/>\n<meta property=\"og:url\" content=\"https:\/\/www.welovecycling.com\/sk\/2020\/09\/15\/karty-su-rozdane-ako-je-na-tom-tour-de-france-po-druhom-tyzdni\/\" \/>\n<meta property=\"og:site_name\" content=\"\u0160koda We Love Cycling Slovensko\" \/>\n<meta property=\"article:published_time\" content=\"2020-09-15T08:00:38+00:00\" \/>\n<meta property=\"og:image\" content=\"https:\/\/d2p6e6u75xmxt8.cloudfront.net\/4\/2020\/09\/WLC_TdF_2_00.webp\" \/>\n\t<meta property=\"og:image:width\" content=\"1380\" \/>\n\t<meta property=\"og:image:height\" content=\"600\" \/>\n\t<meta property=\"og:image:type\" content=\"image\/webp\" \/>\n<meta name=\"twitter:card\" content=\"summary_large_image\" \/>\n<meta name=\"twitter:label1\" content=\"Written by\" \/>\n\t<meta name=\"twitter:data1\" content=\"WeLoveCycling\" \/>\n\t<meta name=\"twitter:label2\" content=\"Est. reading time\" \/>\n\t<meta name=\"twitter:data2\" content=\"4\" \/>\n<script type=\"application\/ld+json\" class=\"yoast-schema-graph\">{\"@context\":\"https:\/\/schema.org\",\"@graph\":[{\"@type\":\"WebPage\",\"@id\":\"https:\/\/www.welovecycling.com\/sk\/2020\/09\/15\/karty-su-rozdane-ako-je-na-tom-tour-de-france-po-druhom-tyzdni\/\",\"url\":\"https:\/\/www.welovecycling.com\/sk\/2020\/09\/15\/karty-su-rozdane-ako-je-na-tom-tour-de-france-po-druhom-tyzdni\/\",\"name\":\"Karty s\u00fa rozdan\u00e9 - ako je na tom Tour de France po druhom t\u00fd\u017edni? - \u0160koda We Love Cycling Slovensko\",\"isPartOf\":{\"@id\":\"https:\/\/www.welovecycling.com\/sk\/#website\"},\"primaryImageOfPage\":{\"@id\":\"https:\/\/www.welovecycling.com\/sk\/2020\/09\/15\/karty-su-rozdane-ako-je-na-tom-tour-de-france-po-druhom-tyzdni\/#primaryimage\"},\"image\":{\"@id\":\"https:\/\/www.welovecycling.com\/sk\/2020\/09\/15\/karty-su-rozdane-ako-je-na-tom-tour-de-france-po-druhom-tyzdni\/#primaryimage\"},\"thumbnailUrl\":\"https:\/\/d2p6e6u75xmxt8.cloudfront.net\/4\/2020\/09\/WLC_TdF_2_00.webp\",\"datePublished\":\"2020-09-15T08:00:38+00:00\",\"author\":{\"@id\":\"\"},\"breadcrumb\":{\"@id\":\"https:\/\/www.welovecycling.com\/sk\/2020\/09\/15\/karty-su-rozdane-ako-je-na-tom-tour-de-france-po-druhom-tyzdni\/#breadcrumb\"},\"inLanguage\":\"sk-SK\",\"potentialAction\":[{\"@type\":\"ReadAction\",\"target\":[\"https:\/\/www.welovecycling.com\/sk\/2020\/09\/15\/karty-su-rozdane-ako-je-na-tom-tour-de-france-po-druhom-tyzdni\/\"]}]},{\"@type\":\"ImageObject\",\"inLanguage\":\"sk-SK\",\"@id\":\"https:\/\/www.welovecycling.com\/sk\/2020\/09\/15\/karty-su-rozdane-ako-je-na-tom-tour-de-france-po-druhom-tyzdni\/#primaryimage\",\"url\":\"https:\/\/d2p6e6u75xmxt8.cloudfront.net\/4\/2020\/09\/WLC_TdF_2_00.webp\",\"contentUrl\":\"https:\/\/d2p6e6u75xmxt8.cloudfront.net\/4\/2020\/09\/WLC_TdF_2_00.webp\",\"width\":1380,\"height\":600},{\"@type\":\"BreadcrumbList\",\"@id\":\"https:\/\/www.welovecycling.com\/sk\/2020\/09\/15\/karty-su-rozdane-ako-je-na-tom-tour-de-france-po-druhom-tyzdni\/#breadcrumb\",\"itemListElement\":[{\"@type\":\"ListItem\",\"position\":1,\"name\":\"Home\",\"item\":\"https:\/\/www.welovecycling.com\/sk\/\"},{\"@type\":\"ListItem\",\"position\":2,\"name\":\"Karty s\u00fa rozdan\u00e9 &#8211; ako je na tom Tour de France po druhom t\u00fd\u017edni?\"}]},{\"@type\":\"WebSite\",\"@id\":\"https:\/\/www.welovecycling.com\/sk\/#website\",\"url\":\"https:\/\/www.welovecycling.com\/sk\/\",\"name\":\"\u0160koda We Love Cycling Slovensko\",\"description\":\"\u0160koda We Love Cycling Slovensko je v\u00e1\u0161 ka\u017edodenn\u00fd zdroj noviniek a in\u0161pir\u00e1cie z sveta cyklistiky\",\"potentialAction\":[{\"@type\":\"SearchAction\",\"target\":{\"@type\":\"EntryPoint\",\"urlTemplate\":\"https:\/\/www.welovecycling.com\/sk\/?s={search_term_string}\"},\"query-input\":{\"@type\":\"PropertyValueSpecification\",\"valueRequired\":true,\"valueName\":\"search_term_string\"}}],\"inLanguage\":\"sk-SK\"},{\"@type\":\"Person\",\"@id\":\"\",\"url\":\"https:\/\/www.welovecycling.com\/sk\/author\/\"}]}<\/script>\n<!-- \/ Yoast SEO Premium plugin. -->","yoast_head_json":{"title":"Karty s\u00fa rozdan\u00e9 - ako je na tom Tour de France po druhom t\u00fd\u017edni? - \u0160koda We Love Cycling Slovensko","robots":{"index":"index","follow":"follow","max-snippet":"max-snippet:-1","max-image-preview":"max-image-preview:large","max-video-preview":"max-video-preview:-1"},"canonical":"https:\/\/www.welovecycling.com\/sk\/2020\/09\/15\/karty-su-rozdane-ako-je-na-tom-tour-de-france-po-druhom-tyzdni\/","og_locale":"sk_SK","og_type":"article","og_title":"Karty s\u00fa rozdan\u00e9 - ako je na tom Tour de France po druhom t\u00fd\u017edni?","og_description":"Mnoh\u00ed z\u00a0n\u00e1s si vyhradili popolud\u0148aj\u0161\u00ed \u010das posledn\u00fdch dvoch t\u00fd\u017ed\u0148ov pre jednu a\u00a0jedin\u00fa vec &#8211; etapy Tour de France. Za sebou [&hellip;]","og_url":"https:\/\/www.welovecycling.com\/sk\/2020\/09\/15\/karty-su-rozdane-ako-je-na-tom-tour-de-france-po-druhom-tyzdni\/","og_site_name":"\u0160koda We Love Cycling Slovensko","article_published_time":"2020-09-15T08:00:38+00:00","og_image":[{"width":1380,"height":600,"url":"https:\/\/d2p6e6u75xmxt8.cloudfront.net\/4\/2020\/09\/WLC_TdF_2_00.webp","type":"image\/webp"}],"twitter_card":"summary_large_image","twitter_misc":{"Written by":"WeLoveCycling","Est. reading time":"4"},"schema":{"@context":"https:\/\/schema.org","@graph":[{"@type":"WebPage","@id":"https:\/\/www.welovecycling.com\/sk\/2020\/09\/15\/karty-su-rozdane-ako-je-na-tom-tour-de-france-po-druhom-tyzdni\/","url":"https:\/\/www.welovecycling.com\/sk\/2020\/09\/15\/karty-su-rozdane-ako-je-na-tom-tour-de-france-po-druhom-tyzdni\/","name":"Karty s\u00fa rozdan\u00e9 - ako je na tom Tour de France po druhom t\u00fd\u017edni? - \u0160koda We Love Cycling Slovensko","isPartOf":{"@id":"https:\/\/www.welovecycling.com\/sk\/#website"},"primaryImageOfPage":{"@id":"https:\/\/www.welovecycling.com\/sk\/2020\/09\/15\/karty-su-rozdane-ako-je-na-tom-tour-de-france-po-druhom-tyzdni\/#primaryimage"},"image":{"@id":"https:\/\/www.welovecycling.com\/sk\/2020\/09\/15\/karty-su-rozdane-ako-je-na-tom-tour-de-france-po-druhom-tyzdni\/#primaryimage"},"thumbnailUrl":"https:\/\/d2p6e6u75xmxt8.cloudfront.net\/4\/2020\/09\/WLC_TdF_2_00.webp","datePublished":"2020-09-15T08:00:38+00:00","author":{"@id":""},"breadcrumb":{"@id":"https:\/\/www.welovecycling.com\/sk\/2020\/09\/15\/karty-su-rozdane-ako-je-na-tom-tour-de-france-po-druhom-tyzdni\/#breadcrumb"},"inLanguage":"sk-SK","potentialAction":[{"@type":"ReadAction","target":["https:\/\/www.welovecycling.com\/sk\/2020\/09\/15\/karty-su-rozdane-ako-je-na-tom-tour-de-france-po-druhom-tyzdni\/"]}]},{"@type":"ImageObject","inLanguage":"sk-SK","@id":"https:\/\/www.welovecycling.com\/sk\/2020\/09\/15\/karty-su-rozdane-ako-je-na-tom-tour-de-france-po-druhom-tyzdni\/#primaryimage","url":"https:\/\/d2p6e6u75xmxt8.cloudfront.net\/4\/2020\/09\/WLC_TdF_2_00.webp","contentUrl":"https:\/\/d2p6e6u75xmxt8.cloudfront.net\/4\/2020\/09\/WLC_TdF_2_00.webp","width":1380,"height":600},{"@type":"BreadcrumbList","@id":"https:\/\/www.welovecycling.com\/sk\/2020\/09\/15\/karty-su-rozdane-ako-je-na-tom-tour-de-france-po-druhom-tyzdni\/#breadcrumb","itemListElement":[{"@type":"ListItem","position":1,"name":"Home","item":"https:\/\/www.welovecycling.com\/sk\/"},{"@type":"ListItem","position":2,"name":"Karty s\u00fa rozdan\u00e9 &#8211; ako je na tom Tour de France po druhom t\u00fd\u017edni?"}]},{"@type":"WebSite","@id":"https:\/\/www.welovecycling.com\/sk\/#website","url":"https:\/\/www.welovecycling.com\/sk\/","name":"\u0160koda We Love Cycling Slovensko","description":"\u0160koda We Love Cycling Slovensko je v\u00e1\u0161 ka\u017edodenn\u00fd zdroj noviniek a in\u0161pir\u00e1cie z sveta cyklistiky","potentialAction":[{"@type":"SearchAction","target":{"@type":"EntryPoint","urlTemplate":"https:\/\/www.welovecycling.com\/sk\/?s={search_term_string}"},"query-input":{"@type":"PropertyValueSpecification","valueRequired":true,"valueName":"search_term_string"}}],"inLanguage":"sk-SK"},{"@type":"Person","@id":"","url":"https:\/\/www.welovecycling.com\/sk\/author\/"}]}},"_links":{"self":[{"href":"https:\/\/www.welovecycling.com\/sk\/wp-json\/wp\/v2\/posts\/10726","targetHints":{"allow":["GET"]}}],"collection":[{"href":"https:\/\/www.welovecycling.com\/sk\/wp-json\/wp\/v2\/posts"}],"about":[{"href":"https:\/\/www.welovecycling.com\/sk\/wp-json\/wp\/v2\/types\/post"}],"author":[{"embeddable":true,"href":"https:\/\/www.welovecycling.com\/sk\/wp-json\/wp\/v2\/users\/81"}],"replies":[{"embeddable":true,"href":"https:\/\/www.welovecycling.com\/sk\/wp-json\/wp\/v2\/comments?post=10726"}],"version-history":[{"count":2,"href":"https:\/\/www.welovecycling.com\/sk\/wp-json\/wp\/v2\/posts\/10726\/revisions"}],"predecessor-version":[{"id":10736,"href":"https:\/\/www.welovecycling.com\/sk\/wp-json\/wp\/v2\/posts\/10726\/revisions\/10736"}],"wp:featuredmedia":[{"embeddable":true,"href":"https:\/\/www.welovecycling.com\/sk\/wp-json\/wp\/v2\/media\/10733"}],"wp:attachment":[{"href":"https:\/\/www.welovecycling.com\/sk\/wp-json\/wp\/v2\/media?parent=10726"}],"wp:term":[{"taxonomy":"category","embeddable":true,"href":"https:\/\/www.welovecycling.com\/sk\/wp-json\/wp\/v2\/categories?post=10726"},{"taxonomy":"post_tag","embeddable":true,"href":"https:\/\/www.welovecycling.com\/sk\/wp-json\/wp\/v2\/tags?post=10726"},{"taxonomy":"global-categories","embeddable":true,"href":"https:\/\/www.welovecycling.com\/sk\/wp-json\/wp\/v2\/global-categories?post=10726"}],"curies":[{"name":"wp","href":"https:\/\/api.w.org\/{rel}","templated":true}]}}