{"id":10710,"date":"2020-10-12T10:00:30","date_gmt":"2020-10-12T08:00:30","guid":{"rendered":"https:\/\/www.welovecycling.com\/sk\/?p=10710"},"modified":"2023-04-14T11:18:42","modified_gmt":"2023-04-14T09:18:42","slug":"zaujimavosti-z-pripravovaneho-uci-womens-world-tour-2021","status":"publish","type":"post","link":"https:\/\/www.welovecycling.com\/sk\/2020\/10\/12\/zaujimavosti-z-pripravovaneho-uci-womens-world-tour-2021\/","title":{"rendered":"Zauj\u00edmavosti z pripravovan\u00e9ho UCI Women\u2019s World Tour 2021"},"content":{"rendered":"<p><strong>UCI zverejnila kalend\u00e1r Women\u2019s World Tour pre rok 2021. Bude sa kona\u0165 viac ako 25 podujat\u00ed v 10 krajin\u00e1ch a nad\u0161enci \u017eenskej cyklistiky s rados\u0165ou v\u00edtaj\u00fa, \u017ee v roku 2021 pribudn\u00fa dva nov\u00e9 \u0161panielske etapov\u00e9 preteky: Itzulia Women a Vuelta a Burgos Feminas. Okrem nieko\u013ek\u00fdch \u010fal\u0161\u00edch v\u00edtan\u00fdch udalost\u00ed, vr\u00e1tane Prudential RideLondon Classique a obdoby \u017eensk\u00e9ho Paris-Roubaix, do\u0161lo aj k nieko\u013ek\u00fdm pozoruhodn\u00fdm zru\u0161eniam &#8211; pravdepodobne sp\u00f4soben\u00e9 koronav\u00edrusom. Napriek tomu je toho ve\u013ea, z \u010doho by ste mali by\u0165 nad\u0161en\u00ed. Pozrime sa bli\u017e\u0161ie na niektor\u00e9 z najd\u00f4le\u017eitej\u0161\u00edch vec\u00ed, ktor\u00e9 sa nach\u00e1dzaj\u00fa v bud\u00facoro\u010dnom kalend\u00e1ri UCI Women\u2019s World Tour.<\/strong><!--more--><\/p>\n<h2><strong>Sez\u00f3na sa za\u010d\u00edna ako obvykle<\/strong><\/h2>\n<p>T\u00ed, ktor\u00ed poznaj\u00fa tradi\u010dn\u00fd kalend\u00e1r, bud\u00fa radi, \u017ee sa UCI rozhodla zachova\u0165 p\u00f4vodn\u00e9 term\u00edny. \u017densk\u00e1 sez\u00f3na sa za\u010dne v Austr\u00e1lii pretekmi <strong>Cadel Evans Great Ocean Road Race 30. janu\u00e1ra<\/strong>. Potom sa pelot\u00f3n 6. marca presunie do Eur\u00f3py na Strade Bianche. Pri dodr\u017ean\u00ed zau\u017e\u00edvan\u00e9ho poradia je na rade holandsk\u00fd Ronde van Drenthe v Holandsku 12. marca a potom cestuj\u00fa do Talianska za Trofeo Alfredo Binda 21. marca. Najv\u00e4\u010d\u0161ia jarn\u00e1 klasika sa ofici\u00e1lne za\u010dne 25. marca v Driedaagse Brugge-De Panne, nasledova\u0165 bude Gent-Wevelgem 28. marca a Tour Flanders 4. apr\u00edla.<\/p>\n<figure id=\"attachment_10711\" aria-describedby=\"caption-attachment-10711\" style=\"width: 1250px\" class=\"wp-caption alignnone\"><img loading=\"lazy\" decoding=\"async\" class=\"size-full wp-image-10711\" src=\"https:\/\/d2p6e6u75xmxt8.cloudfront.net\/4\/2020\/09\/profimedia-0216823195.jpg\" alt=\"Women Peloton\" width=\"1250\" height=\"833\" \/><figcaption id=\"caption-attachment-10711\" class=\"wp-caption-text\">Pelot\u00f3n pretek\u00e1 pozd\u013a\u017e Great Ocean Road ne\u010faleko Barwon Heads po\u010das \u017eensk\u00fdch elitn\u00fdch pretekov Cadel Evans Great Ocean Road Race. \u00a9 AFP foto \/ Mark Gunter<\/figcaption><\/figure>\n<h2><strong>Paris-Roubaix<\/strong><\/h2>\n<p>Druh\u00fd ro\u010dn\u00edk \u017eenskej Par\u00ed\u017e-Roubaix sa bude kona\u0165 <strong>11. apr\u00edla a bude pravdepodobne jedn\u00fdm z najzauj\u00edmavej\u0161\u00edch pretekov roka<\/strong>. A.S.O. neskoro na jar prekvapil cyklistick\u00fd svet pridan\u00edm v\u00f4bec prvej \u017eenskej s\u00fa\u0165a\u017ee Paris-Roubaix k revidovanej World\u2019s Tour &#8211; a o\u010dak\u00e1vania spojen\u00e9 s touto udalos\u0165ou neust\u00e1le st\u00fapaj\u00fa. Jeden z najstar\u0161\u00edch, najtvrd\u0161\u00edch a najprest\u00ed\u017enej\u0161\u00edch pretekov, dlh\u00e9 \u00faseky s dla\u017eobn\u00fdmi kockami, mu priniesli prez\u00fdvku \u201ePeklo severu\u201c. Vo svojej 124-\u00a0ro\u010dnej hist\u00f3rii je rok 2020 v\u00f4bec prv\u00fdkr\u00e1t, \u010do \u017eeny mali mo\u017enos\u0165 tieto preteky absolvova\u0165, tak\u017ee je povzbudzuj\u00face vidie\u0165, \u017ee rok 2021 len posiln\u00ed zast\u00fapenie \u017eien na tomto ikonickom podujat\u00ed.<\/p>\n<h2><strong>Dva \u0161panielske etapov\u00e9 preteky<\/strong><\/h2>\n<p>The Itzulia Women (predt\u00fdm Donostia San Sebastian), ktor\u00e9 boli jednod\u0148ov\u00fdm podujat\u00edm, sa pripoja k <strong>UCI Women&#8217;s WorldTour ako trojd\u0148ov\u00e9 etapov\u00e9 preteky od 14. do 16. m\u00e1ja<\/strong>. Len o p\u00e1r dn\u00ed nesk\u00f4r sa bude kona\u0165 nov\u00e1 akcia v kalend\u00e1ri &#8211; Vuelta a Burgos Feminas \u2013 tie\u017e sa bude preteka\u0165 v troch etap\u00e1ch, od 20. do 23. m\u00e1ja. Tieto dve podujatia poskytn\u00fa nov\u00e9 pr\u00edle\u017eitosti \u017een\u00e1m, ktor\u00e9 chc\u00fa dok\u00e1za\u0165, \u017ee maj\u00fa zru\u010dnosti a vytrvalos\u0165 zvl\u00e1dnu\u0165 s\u00e9riu po sebe nasleduj\u00facich et\u00e1p.<\/p>\n<figure id=\"attachment_10712\" aria-describedby=\"caption-attachment-10712\" style=\"width: 1250px\" class=\"wp-caption alignnone\"><img loading=\"lazy\" decoding=\"async\" class=\"size-full wp-image-10712\" src=\"https:\/\/d2p6e6u75xmxt8.cloudfront.net\/4\/2020\/09\/profimedia-0462233189.jpg\" alt=\"Prudential RideLondon\" width=\"1250\" height=\"833\" \/><figcaption id=\"caption-attachment-10712\" class=\"wp-caption-text\">Jazdci na \u0161tarte pretekov Prudential RideLondon Classique v roku 2019 \u00a9 Profimedia<\/figcaption><\/figure>\n<h2><strong>RideLondon Classique<\/strong><\/h2>\n<p>\u010eal\u0161ia udalos\u0165, na ktor\u00fa sa m\u00f4\u017eeme te\u0161i\u0165 v m\u00e1ji bud\u00faceho roku, The RideLondon Classique zost\u00e1va v kalend\u00e1ri Women\u2019s World Tour aj napriek absencii p\u00e1nskeho podujatia RideLondon. T\u00e1to n\u00e1ro\u010dn\u00e1 trasa, ktor\u00e1 sa kon\u00e1 posledn\u00fa nede\u013eu v mesiaci, <strong>pon\u00faka \u010fal\u0161iu \u0161ancu \u0161pi\u010dkov\u00fdm jazdkyniam presadi\u0165 sa v sez\u00f3ne 2021<\/strong>.<\/p>\n<h2><strong>\u017donglovanie s Tour de France a olympijsk\u00fdmi hrami<\/strong><\/h2>\n<p>Organiz\u00e1tori tie\u017e museli urobi\u0165 nejak\u00e9 zmeny v usporiadan\u00ed, aby vyhoveli Tour de France aj olympi\u00e1de. Aj ke\u010f \u017eeny samozrejme po\u010das Tour de France nes\u00fa\u0165a\u017eia, \u017eensk\u00e9 preteky La Course poskytuj\u00fa v\u017edy ve\u013ea vzru\u0161enia. Na\u0161\u0165astie ned\u00f4jde k \u017eiadnemu prekrytiu olympi\u00e1dy, preto\u017ee <strong>La Course sa m\u00e1 kona\u0165 18. j\u00fala<\/strong>, t\u00fd\u017ede\u0148 pred t\u00fdm, ako sa uskuto\u010dnia olympijsk\u00e9 cestn\u00e9 preteky 24., 25. a 28. j\u00fala.<\/p>\n<figure id=\"attachment_10713\" aria-describedby=\"caption-attachment-10713\" style=\"width: 1250px\" class=\"wp-caption alignnone\"><img loading=\"lazy\" decoding=\"async\" class=\"size-full wp-image-10713\" src=\"https:\/\/d2p6e6u75xmxt8.cloudfront.net\/4\/2020\/09\/profimedia-0378093507-1.jpg\" alt=\"\" width=\"1250\" height=\"833\" \/><figcaption id=\"caption-attachment-10713\" class=\"wp-caption-text\">Annemiek Van Vleuten zv\u00ed\u0165azila v \u0161printe v cieli La Course 17. j\u00fala 2018. \u00a9 Profimedia<\/figcaption><\/figure>\n<h2><strong>Pozoruhodn\u00e9 absencie<\/strong><\/h2>\n<p>V kalend\u00e1ri UCI Women\u2019s World Tour <strong>v roku 2021 ch\u00fdba nieko\u013eko pretekov, vr\u00e1tane americk\u00e9ho mil\u00e1\u010dika &#8211; Amgen Tour of California<\/strong>. Napriek 14-ro\u010dnej trad\u00edcii organiz\u00e1tori, bohu\u017eia\u013e, koncom minul\u00e9ho roka kv\u00f4li finan\u010dn\u00fdm probl\u00e9mom vyhl\u00e1sili \u201epauzu\u201c. UCI tie\u017e potvrdila zru\u0161enie nieko\u013ek\u00fdch pretekov na jese\u0148 tohto roku kv\u00f4li obav\u00e1m z koronav\u00edrusu, vr\u00e1tane Grand Prix Cycliste de Qu\u00e9bec a Grand Prix Cycliste de Montr\u00e9al v Kanade, EuroEyes Cyclassics Hamburg v Nemecku a Boels Ladies Tour v Holandsku.<\/p>\n<p>Medzit\u00fdm si budeme u\u017e\u00edva\u0165 zvy\u0161ok kalend\u00e1ra \u017eien na rok 2020, ktor\u00fd sa bude odohr\u00e1va\u0165 do konca roka. Tie\u017e budeme d\u00fafa\u0165, \u017ee rok 2021 prinesie podstatne menej prek\u00e1\u017eok ako tie, s ktor\u00fdmi sa tento rok stret\u00e1vame. Tu je \u00fapln\u00fd preh\u013ead udalost\u00ed nadch\u00e1dzaj\u00facej sez\u00f3ny:<\/p>\n<h2><strong>Kalend\u00e1r 2021 UCI Women\u2019s World Tour<\/strong><\/h2>\n<p>30. janu\u00e1r: Cadel Evans Great Ocean Road Race \u2013 Elite Women\u2019s Race<br \/>\n06. marec: Strade Bianche<br \/>\n14. marec: Ronde van Drenthe<br \/>\n21. marec: Trofeo Alfredo Binda \u2013 Comune di Cittiglio<br \/>\n25. marec: AG Driedaagse Brugge \u2013 De Panne<br \/>\n28. marec: Gent \u2013 Wevelgem in Flanders Fields<br \/>\n04. apr\u00edl: Ronde van Vlaanderen \/ Tour des Flandres<br \/>\n11. apr\u00edl: Paris-Roubaix Femmes<br \/>\n18. apr\u00edl: Amstel Gold Race Ladies Edition<br \/>\n21. apr\u00edl: La Fl\u00e8che Wallonne F\u00e9minine<br \/>\n25. apr\u00edl: Li\u00e8ge \u2013 Bastogne \u2013 Li\u00e8ge Femmes<br \/>\n06 \u2013 08. m\u00e1j: Tour of Chongming Island<br \/>\n14 \u2013 16. m\u00e1j: Itzulia Women<br \/>\n20 \u2013 23. m\u00e1j: Vuelta a Burgos Feminas<br \/>\n30. m\u00e1j: RideLondon Classique<br \/>\n07 \u2013 12. j\u00fan: Women\u2019s Tour<br \/>\n02 \u2013 11. j\u00fal: Giro d\u2019Italia Internazionale Femminile<br \/>\n18. j\u00fal: La Course by Le Tour de France<\/p>\n","protected":false},"excerpt":{"rendered":"<p>UCI zverejnila kalend\u00e1r Women\u2019s World Tour pre rok 2021. Bude sa kona\u0165 viac ako 25 podujat\u00ed v 10 krajin\u00e1ch a [&hellip;]<\/p>\n","protected":false},"author":172,"featured_media":10715,"comment_status":"open","ping_status":"open","sticky":false,"template":"","format":"standard","meta":{"footnotes":""},"categories":[4],"tags":[619,115,546,532,789,811,178,428,256,422,355,106,659,475],"global-categories":[],"class_list":["post-10710","post","type-post","status-publish","format-standard","has-post-thumbnail","hentry","category-cestna-cyklisitika","tag-bicyklovanie","tag-cestna-cyklistika","tag-cyklistika","tag-jazdenie","tag-kalendar","tag-la-course","tag-maraton","tag-pariz-roubaix","tag-sezona","tag-strade-bianche","tag-uci","tag-uci-worldtour","tag-zenska-cyklistika","tag-zeny"],"yoast_head":"<!-- This site is optimized with the Yoast SEO Premium plugin v25.3 (Yoast SEO v25.9) - https:\/\/yoast.com\/wordpress\/plugins\/seo\/ -->\n<title>Check Out the Highlights of the UCI Women&#039;s World Tour 2021<\/title>\n<meta name=\"description\" content=\"Late last month, the UCI revealed its 2021 calendar for the Women\u2019s World Tour. Set to unfold over 25 events in 10 countries!\" \/>\n<meta name=\"robots\" content=\"index, follow, max-snippet:-1, max-image-preview:large, max-video-preview:-1\" \/>\n<link rel=\"canonical\" href=\"https:\/\/www.welovecycling.com\/sk\/2020\/10\/12\/zaujimavosti-z-pripravovaneho-uci-womens-world-tour-2021\/\" \/>\n<meta property=\"og:locale\" content=\"sk_SK\" \/>\n<meta property=\"og:type\" content=\"article\" \/>\n<meta property=\"og:title\" content=\"Zauj\u00edmavosti z pripravovan\u00e9ho UCI Women\u2019s World Tour 2021\" \/>\n<meta property=\"og:description\" content=\"Late last month, the UCI revealed its 2021 calendar for the Women\u2019s World Tour. Set to unfold over 25 events in 10 countries!\" \/>\n<meta property=\"og:url\" content=\"https:\/\/www.welovecycling.com\/sk\/2020\/10\/12\/zaujimavosti-z-pripravovaneho-uci-womens-world-tour-2021\/\" \/>\n<meta property=\"og:site_name\" content=\"\u0160koda We Love Cycling Slovensko\" \/>\n<meta property=\"article:published_time\" content=\"2020-10-12T08:00:30+00:00\" \/>\n<meta property=\"article:modified_time\" content=\"2023-04-14T09:18:42+00:00\" \/>\n<meta property=\"og:image\" content=\"https:\/\/d2p6e6u75xmxt8.cloudfront.net\/4\/2020\/09\/Women-peloton-CVR-profimedia-0452799468.webp\" \/>\n\t<meta property=\"og:image:width\" content=\"1366\" \/>\n\t<meta property=\"og:image:height\" content=\"600\" \/>\n\t<meta property=\"og:image:type\" content=\"image\/webp\" \/>\n<meta name=\"author\" content=\"dominika\" \/>\n<meta name=\"twitter:card\" content=\"summary_large_image\" \/>\n<meta name=\"twitter:label1\" content=\"Written by\" \/>\n\t<meta name=\"twitter:data1\" content=\"Megan Flottorp\" \/>\n\t<meta name=\"twitter:label2\" content=\"Est. reading time\" \/>\n\t<meta name=\"twitter:data2\" content=\"7\" \/>\n<script type=\"application\/ld+json\" class=\"yoast-schema-graph\">{\"@context\":\"https:\/\/schema.org\",\"@graph\":[{\"@type\":\"WebPage\",\"@id\":\"https:\/\/www.welovecycling.com\/sk\/2020\/10\/12\/zaujimavosti-z-pripravovaneho-uci-womens-world-tour-2021\/\",\"url\":\"https:\/\/www.welovecycling.com\/sk\/2020\/10\/12\/zaujimavosti-z-pripravovaneho-uci-womens-world-tour-2021\/\",\"name\":\"Check Out the Highlights of the UCI Women's World Tour 2021\",\"isPartOf\":{\"@id\":\"https:\/\/www.welovecycling.com\/sk\/#website\"},\"primaryImageOfPage\":{\"@id\":\"https:\/\/www.welovecycling.com\/sk\/2020\/10\/12\/zaujimavosti-z-pripravovaneho-uci-womens-world-tour-2021\/#primaryimage\"},\"image\":{\"@id\":\"https:\/\/www.welovecycling.com\/sk\/2020\/10\/12\/zaujimavosti-z-pripravovaneho-uci-womens-world-tour-2021\/#primaryimage\"},\"thumbnailUrl\":\"https:\/\/d2p6e6u75xmxt8.cloudfront.net\/4\/2020\/09\/Women-peloton-CVR-profimedia-0452799468.webp\",\"datePublished\":\"2020-10-12T08:00:30+00:00\",\"dateModified\":\"2023-04-14T09:18:42+00:00\",\"author\":{\"@id\":\"https:\/\/www.welovecycling.com\/sk\/#\/schema\/person\/533b62b98b6c41bd5135ebfb1f742624\"},\"description\":\"Late last month, the UCI revealed its 2021 calendar for the Women\u2019s World Tour. Set to unfold over 25 events in 10 countries!\",\"breadcrumb\":{\"@id\":\"https:\/\/www.welovecycling.com\/sk\/2020\/10\/12\/zaujimavosti-z-pripravovaneho-uci-womens-world-tour-2021\/#breadcrumb\"},\"inLanguage\":\"sk-SK\",\"potentialAction\":[{\"@type\":\"ReadAction\",\"target\":[\"https:\/\/www.welovecycling.com\/sk\/2020\/10\/12\/zaujimavosti-z-pripravovaneho-uci-womens-world-tour-2021\/\"]}]},{\"@type\":\"ImageObject\",\"inLanguage\":\"sk-SK\",\"@id\":\"https:\/\/www.welovecycling.com\/sk\/2020\/10\/12\/zaujimavosti-z-pripravovaneho-uci-womens-world-tour-2021\/#primaryimage\",\"url\":\"https:\/\/d2p6e6u75xmxt8.cloudfront.net\/4\/2020\/09\/Women-peloton-CVR-profimedia-0452799468.webp\",\"contentUrl\":\"https:\/\/d2p6e6u75xmxt8.cloudfront.net\/4\/2020\/09\/Women-peloton-CVR-profimedia-0452799468.webp\",\"width\":1366,\"height\":600},{\"@type\":\"BreadcrumbList\",\"@id\":\"https:\/\/www.welovecycling.com\/sk\/2020\/10\/12\/zaujimavosti-z-pripravovaneho-uci-womens-world-tour-2021\/#breadcrumb\",\"itemListElement\":[{\"@type\":\"ListItem\",\"position\":1,\"name\":\"Home\",\"item\":\"https:\/\/www.welovecycling.com\/sk\/\"},{\"@type\":\"ListItem\",\"position\":2,\"name\":\"Zauj\u00edmavosti z pripravovan\u00e9ho UCI Women\u2019s World Tour 2021\"}]},{\"@type\":\"WebSite\",\"@id\":\"https:\/\/www.welovecycling.com\/sk\/#website\",\"url\":\"https:\/\/www.welovecycling.com\/sk\/\",\"name\":\"\u0160koda We Love Cycling Slovensko\",\"description\":\"\u0160koda We Love Cycling Slovensko je v\u00e1\u0161 ka\u017edodenn\u00fd zdroj noviniek a in\u0161pir\u00e1cie z sveta cyklistiky\",\"potentialAction\":[{\"@type\":\"SearchAction\",\"target\":{\"@type\":\"EntryPoint\",\"urlTemplate\":\"https:\/\/www.welovecycling.com\/sk\/?s={search_term_string}\"},\"query-input\":{\"@type\":\"PropertyValueSpecification\",\"valueRequired\":true,\"valueName\":\"search_term_string\"}}],\"inLanguage\":\"sk-SK\"},{\"@type\":\"Person\",\"@id\":\"https:\/\/www.welovecycling.com\/sk\/#\/schema\/person\/533b62b98b6c41bd5135ebfb1f742624\",\"name\":\"dominika\",\"image\":{\"@type\":\"ImageObject\",\"inLanguage\":\"sk-SK\",\"@id\":\"https:\/\/www.welovecycling.com\/sk\/#\/schema\/person\/image\/\",\"url\":\"https:\/\/secure.gravatar.com\/avatar\/ded6f274ba2ec3e17fff153f7d9d96a4b33c2cb63907f75d9a5309c599a7f3e6?s=96&d=mm&r=g\",\"contentUrl\":\"https:\/\/secure.gravatar.com\/avatar\/ded6f274ba2ec3e17fff153f7d9d96a4b33c2cb63907f75d9a5309c599a7f3e6?s=96&d=mm&r=g\",\"caption\":\"dominika\"},\"url\":\"https:\/\/www.welovecycling.com\/sk\/author\/dominika\/\"}]}<\/script>\n<!-- \/ Yoast SEO Premium plugin. -->","yoast_head_json":{"title":"Check Out the Highlights of the UCI Women's World Tour 2021","description":"Late last month, the UCI revealed its 2021 calendar for the Women\u2019s World Tour. Set to unfold over 25 events in 10 countries!","robots":{"index":"index","follow":"follow","max-snippet":"max-snippet:-1","max-image-preview":"max-image-preview:large","max-video-preview":"max-video-preview:-1"},"canonical":"https:\/\/www.welovecycling.com\/sk\/2020\/10\/12\/zaujimavosti-z-pripravovaneho-uci-womens-world-tour-2021\/","og_locale":"sk_SK","og_type":"article","og_title":"Zauj\u00edmavosti z pripravovan\u00e9ho UCI Women\u2019s World Tour 2021","og_description":"Late last month, the UCI revealed its 2021 calendar for the Women\u2019s World Tour. Set to unfold over 25 events in 10 countries!","og_url":"https:\/\/www.welovecycling.com\/sk\/2020\/10\/12\/zaujimavosti-z-pripravovaneho-uci-womens-world-tour-2021\/","og_site_name":"\u0160koda We Love Cycling Slovensko","article_published_time":"2020-10-12T08:00:30+00:00","article_modified_time":"2023-04-14T09:18:42+00:00","og_image":[{"width":1366,"height":600,"url":"https:\/\/d2p6e6u75xmxt8.cloudfront.net\/4\/2020\/09\/Women-peloton-CVR-profimedia-0452799468.webp","type":"image\/webp"}],"author":"dominika","twitter_card":"summary_large_image","twitter_misc":{"Written by":"Megan Flottorp","Est. reading time":"7"},"schema":{"@context":"https:\/\/schema.org","@graph":[{"@type":"WebPage","@id":"https:\/\/www.welovecycling.com\/sk\/2020\/10\/12\/zaujimavosti-z-pripravovaneho-uci-womens-world-tour-2021\/","url":"https:\/\/www.welovecycling.com\/sk\/2020\/10\/12\/zaujimavosti-z-pripravovaneho-uci-womens-world-tour-2021\/","name":"Check Out the Highlights of the UCI Women's World Tour 2021","isPartOf":{"@id":"https:\/\/www.welovecycling.com\/sk\/#website"},"primaryImageOfPage":{"@id":"https:\/\/www.welovecycling.com\/sk\/2020\/10\/12\/zaujimavosti-z-pripravovaneho-uci-womens-world-tour-2021\/#primaryimage"},"image":{"@id":"https:\/\/www.welovecycling.com\/sk\/2020\/10\/12\/zaujimavosti-z-pripravovaneho-uci-womens-world-tour-2021\/#primaryimage"},"thumbnailUrl":"https:\/\/d2p6e6u75xmxt8.cloudfront.net\/4\/2020\/09\/Women-peloton-CVR-profimedia-0452799468.webp","datePublished":"2020-10-12T08:00:30+00:00","dateModified":"2023-04-14T09:18:42+00:00","author":{"@id":"https:\/\/www.welovecycling.com\/sk\/#\/schema\/person\/533b62b98b6c41bd5135ebfb1f742624"},"description":"Late last month, the UCI revealed its 2021 calendar for the Women\u2019s World Tour. Set to unfold over 25 events in 10 countries!","breadcrumb":{"@id":"https:\/\/www.welovecycling.com\/sk\/2020\/10\/12\/zaujimavosti-z-pripravovaneho-uci-womens-world-tour-2021\/#breadcrumb"},"inLanguage":"sk-SK","potentialAction":[{"@type":"ReadAction","target":["https:\/\/www.welovecycling.com\/sk\/2020\/10\/12\/zaujimavosti-z-pripravovaneho-uci-womens-world-tour-2021\/"]}]},{"@type":"ImageObject","inLanguage":"sk-SK","@id":"https:\/\/www.welovecycling.com\/sk\/2020\/10\/12\/zaujimavosti-z-pripravovaneho-uci-womens-world-tour-2021\/#primaryimage","url":"https:\/\/d2p6e6u75xmxt8.cloudfront.net\/4\/2020\/09\/Women-peloton-CVR-profimedia-0452799468.webp","contentUrl":"https:\/\/d2p6e6u75xmxt8.cloudfront.net\/4\/2020\/09\/Women-peloton-CVR-profimedia-0452799468.webp","width":1366,"height":600},{"@type":"BreadcrumbList","@id":"https:\/\/www.welovecycling.com\/sk\/2020\/10\/12\/zaujimavosti-z-pripravovaneho-uci-womens-world-tour-2021\/#breadcrumb","itemListElement":[{"@type":"ListItem","position":1,"name":"Home","item":"https:\/\/www.welovecycling.com\/sk\/"},{"@type":"ListItem","position":2,"name":"Zauj\u00edmavosti z pripravovan\u00e9ho UCI Women\u2019s World Tour 2021"}]},{"@type":"WebSite","@id":"https:\/\/www.welovecycling.com\/sk\/#website","url":"https:\/\/www.welovecycling.com\/sk\/","name":"\u0160koda We Love Cycling Slovensko","description":"\u0160koda We Love Cycling Slovensko je v\u00e1\u0161 ka\u017edodenn\u00fd zdroj noviniek a in\u0161pir\u00e1cie z sveta cyklistiky","potentialAction":[{"@type":"SearchAction","target":{"@type":"EntryPoint","urlTemplate":"https:\/\/www.welovecycling.com\/sk\/?s={search_term_string}"},"query-input":{"@type":"PropertyValueSpecification","valueRequired":true,"valueName":"search_term_string"}}],"inLanguage":"sk-SK"},{"@type":"Person","@id":"https:\/\/www.welovecycling.com\/sk\/#\/schema\/person\/533b62b98b6c41bd5135ebfb1f742624","name":"dominika","image":{"@type":"ImageObject","inLanguage":"sk-SK","@id":"https:\/\/www.welovecycling.com\/sk\/#\/schema\/person\/image\/","url":"https:\/\/secure.gravatar.com\/avatar\/ded6f274ba2ec3e17fff153f7d9d96a4b33c2cb63907f75d9a5309c599a7f3e6?s=96&d=mm&r=g","contentUrl":"https:\/\/secure.gravatar.com\/avatar\/ded6f274ba2ec3e17fff153f7d9d96a4b33c2cb63907f75d9a5309c599a7f3e6?s=96&d=mm&r=g","caption":"dominika"},"url":"https:\/\/www.welovecycling.com\/sk\/author\/dominika\/"}]}},"_links":{"self":[{"href":"https:\/\/www.welovecycling.com\/sk\/wp-json\/wp\/v2\/posts\/10710","targetHints":{"allow":["GET"]}}],"collection":[{"href":"https:\/\/www.welovecycling.com\/sk\/wp-json\/wp\/v2\/posts"}],"about":[{"href":"https:\/\/www.welovecycling.com\/sk\/wp-json\/wp\/v2\/types\/post"}],"author":[{"embeddable":true,"href":"https:\/\/www.welovecycling.com\/sk\/wp-json\/wp\/v2\/users\/172"}],"replies":[{"embeddable":true,"href":"https:\/\/www.welovecycling.com\/sk\/wp-json\/wp\/v2\/comments?post=10710"}],"version-history":[{"count":2,"href":"https:\/\/www.welovecycling.com\/sk\/wp-json\/wp\/v2\/posts\/10710\/revisions"}],"predecessor-version":[{"id":17137,"href":"https:\/\/www.welovecycling.com\/sk\/wp-json\/wp\/v2\/posts\/10710\/revisions\/17137"}],"wp:featuredmedia":[{"embeddable":true,"href":"https:\/\/www.welovecycling.com\/sk\/wp-json\/wp\/v2\/media\/10715"}],"wp:attachment":[{"href":"https:\/\/www.welovecycling.com\/sk\/wp-json\/wp\/v2\/media?parent=10710"}],"wp:term":[{"taxonomy":"category","embeddable":true,"href":"https:\/\/www.welovecycling.com\/sk\/wp-json\/wp\/v2\/categories?post=10710"},{"taxonomy":"post_tag","embeddable":true,"href":"https:\/\/www.welovecycling.com\/sk\/wp-json\/wp\/v2\/tags?post=10710"},{"taxonomy":"global-categories","embeddable":true,"href":"https:\/\/www.welovecycling.com\/sk\/wp-json\/wp\/v2\/global-categories?post=10710"}],"curies":[{"name":"wp","href":"https:\/\/api.w.org\/{rel}","templated":true}]}}