{"id":1071,"date":"2017-06-08T17:14:21","date_gmt":"2017-06-08T15:14:21","guid":{"rendered":"https:\/\/www.welovecycling.com\/sk\/?p=1071"},"modified":"2018-03-03T01:22:50","modified_gmt":"2018-03-03T00:22:50","slug":"reportaz-skoda-dohnany-puchov-trophy-premierovo-vysokej-urovni","status":"publish","type":"post","link":"https:\/\/www.welovecycling.com\/sk\/2017\/06\/08\/reportaz-skoda-dohnany-puchov-trophy-premierovo-vysokej-urovni\/","title":{"rendered":"REPORT\u00c1\u017d: \u0160koda Doh\u0148any \u2013 P\u00fachov Trophy premi\u00e9rovo na vysokej \u00farovni"},"content":{"rendered":"<p><strong>Druh\u00e9 kolo <a href=\"https:\/\/www.welovecycling.com\/sk\/sbot\/\" target=\"_blank\" rel=\"noopener noreferrer\">\u0160koda BIKE OPEN TOUR<\/a> si odbilo v Doh\u0148anoch v\u00fdborn\u00fa premi\u00e9ru na trati, kde sa \u010dlovek naozaj nenudil.<\/strong><\/p>\n<p><!--more--><\/p>\n<p>Hne\u010f ako zaparkujeme a d\u00e1me si men\u0161iu prech\u00e1dzku k samotn\u00e9mu are\u00e1lu, je n\u00e1m jasn\u00e9, \u017ee dnes bude hor\u00faco a rovnako aj poriadne veselo. Po bezprobl\u00e9movej registr\u00e1cii na 55 km a 16 km dlh\u00fa tra\u0165, ktor\u00fa si vybral kolega, u\u017e vid\u00edme mno\u017estvo pripraven\u00fdch stanov a \u010fal\u0161ie sa e\u0161te len stavaj\u00fa.. Po\u010das toho, ako budeme \u201ebojova\u0165\u201c na trati, je pripraven\u00fd sprievodn\u00fd program a nebud\u00fa ch\u00fdba\u0165 ani detsk\u00e9 s\u00fa\u0165a\u017ee. Je fajn, \u017ee sa tieto akcie st\u00e1vaj\u00fa s\u00fa\u010das\u0165ou marat\u00f3nov, preto\u017ee v\u010faka tomu m\u00f4\u017eete vzia\u0165 sprievod, ktor\u00fd sa nebude nudi\u0165 a \u0165aha\u0165 v\u00e1s hne\u010f domov po tom, ako dojazd\u00edte. Slnko u\u017e teraz poriadne pe\u010die a je jasn\u00e9, \u017ee opa\u013eovacie kr\u00e9my bud\u00fa v permanencii a zabudn\u00fa\u0165 sa natrie\u0165 by mohlo by\u0165 poriadne nepr\u00edjemn\u00e9&#8230;<\/p>\n<p><a href=\"https:\/\/d2p6e6u75xmxt8.cloudfront.net\/4\/2017\/06\/DSC_4602_titulka-e1497014720714.jpg\"><img loading=\"lazy\" decoding=\"async\" class=\"alignnone size-full wp-image-1117\" src=\"https:\/\/d2p6e6u75xmxt8.cloudfront.net\/4\/2017\/06\/DSC_4602_titulka-e1497014720714.jpg\" alt=\"\" width=\"1600\" height=\"1068\" \/><\/a><\/p>\n<h2><strong>Na \u0161tarte<\/strong><\/h2>\n<p>E\u0161te sa trochu povoz\u00edm po miestnych l\u00fakach a za nejak\u00fdch 10 min. som v centre diania, kde to u\u017e poriadne \u201e\u017eije\u201c. Trasa nem\u00e1 klasick\u00e9 \u201emarat\u00f3nske\u201c parametre, v\u010faka \u010domu sa zi\u0161iel zrejme aj v\u00e4\u010d\u0161\u00ed po\u010det \u013eud\u00ed ako tradi\u010dne, dokopy cca 140 k\u00faskov. \u010cak\u00e1 n\u00e1s 55 km s prev\u00fd\u0161en\u00edm okolo 1 600 m, no kto aspo\u0148 trochu pozn\u00e1 okolie, vie, \u017ee zadarmo to z\u010faleka nebude. Na v\u00fdber bol e\u0161te 40 km variant alebo nen\u00e1ro\u010dn\u00fdch 16 km. V\u010faka celkov\u00e9mu z\u00e1zemiu v are\u00e1li m\u00e1 \u0161tart naozaj \u00farove\u0148 a atmosf\u00e9ru a o 10:00 m\u00f4\u017eeme \u00eds\u0165 na vec. Hne\u010f po \u0161tarte sa na st\u00fapavej zv\u00e1\u017enici potrh\u00e1me, \u010do je ten najlep\u0161\u00ed mo\u017en\u00fd scen\u00e1r, preto\u017ee predbiehanie nie je probl\u00e9m. V teple sa mi nikdy nejde moc dobre, ale zatia\u013e m\u00e1m \u010delo na dosah a idem si \u201etemp\u00ed\u010dko\u201c. Tak nejak d\u00fafam, \u017ee ho dok\u00e1\u017eem e\u0161te zv\u00fd\u0161i\u0165, no ke\u010f vybehneme na otvoren\u00e9 l\u00faky, tento n\u00e1zor r\u00fdchlo prehodnot\u00edm :).\u00a0 Ka\u017edop\u00e1dne, u\u017e prv\u00e9 zjazdy d\u00e1vaj\u00fa tu\u0161i\u0165, \u017ee dnes to nebude \u017eiadna nuda. V podstate ka\u017ed\u00fd asfalt alebo nejak\u00e1 zv\u00e1\u017enica tvoria prepojova\u010dku do pekn\u00fdch lesn\u00fdch singlov. Mnoh\u00e9 z nich s\u00fa mi ve\u013emi povedom\u00e9 a nie je sa \u010domu \u010dudova\u0165. Ve\u010f Mar\u00edkov\u00e1 je hne\u010f za humnom a ve\u013ek\u00e1 \u010das\u0165 trate vedie cez podobn\u00e9 \u00faseky, resp. aj cez \u00faseky P\u00fachovsk\u00e9ho marat\u00f3nu. Akur\u00e1t si hovor\u00edm, \u017ee na m\u00f4j vkus je tu m\u00e1lo blata\u2026 Samozrejme \u017eartujem, preto\u017ee v\u00e4\u010d\u0161ina z n\u00e1s si u\u017e zvykla, \u017ee podujatie v tejto oblasti sprev\u00e1dza testovanie pl\u00e1\u0161\u0165ov s riedkym vzorom (vi\u010f minuloro\u010dn\u00e9 kolo \u0160BOT v Mar\u00edkovej). Dnes ale \u017eiadne \u201emordovanie\u201c, v\u0161ade okolo sa dv\u00edha prach a \u010dlovek doslova let\u00ed cez les.<\/p>\n<p><a href=\"https:\/\/d2p6e6u75xmxt8.cloudfront.net\/4\/2017\/06\/160-e1497014466876.jpg\"><img loading=\"lazy\" decoding=\"async\" class=\"alignnone wp-image-1112 size-full\" src=\"https:\/\/d2p6e6u75xmxt8.cloudfront.net\/4\/2017\/06\/160-e1497014466876.jpg\" alt=\"\" width=\"1600\" height=\"1068\" \/><\/a><\/p>\n<h2><strong>\u017diadna nuda<\/strong><\/h2>\n<p>Jedno z dlh\u0161\u00edch st\u00fapan\u00ed pribli\u017ene v polovici n\u00e1s vyvedie do v\u00fd\u0161ky cca 540 m.n.m, \u010do tvor\u00ed, dalo by sa poveda\u0165, aj najvy\u0161\u0161\u00ed bod trasy. Kopce v okol\u00ed P\u00fachova teda nie s\u00fa \u017eiadne ve\u013ehory, no v\u017edy maj\u00fa pomerne slu\u0161n\u00fd sklon a ich mno\u017estvo postupne akumuluje \u00fanavu. Sk\u00f4r sa jedn\u00e1 o tak\u00e9 poriadne dlh\u00e9 XC, kde sa st\u00e1le nie\u010do deje, neust\u00e1le men\u00edte smer, zr\u00fdch\u013eujete, brzd\u00edte a mus\u00edte by\u0165 v strehu. Zrejme najkraj\u0161iu \u010das\u0165 trate op\u00e4\u0165 pon\u00fakaj\u00fa single nad k\u00fape\u013emi Nimnica, ktor\u00e9 maj\u00fa naozaj \u201eflow\u201c a viete ich preletie\u0165 skuto\u010dne r\u00fdchlo. Zna\u010denie je pod\u013ea m\u0148a v\u00fdborn\u00e9 (navy\u0161e, vzh\u013eadom na mno\u017estvo r\u00f4znych ciest a chodn\u00ed\u010dkov), akur\u00e1t v jednom mieste som nemal \u00faplne jasno a trochu prelet\u00edm odbo\u010dku o 180 stup\u0148ov. Spam\u00e4t\u00e1m sa r\u00fdchlo a skupina za mnou n\u00e1sledne tie\u017e :). Z tepla m\u00e1m trochu zje\u017een\u00fa \u201esrs\u0165\u201c a dobieha ma v\u00e4\u010d\u0161ia skupina, s ktorou spoj\u00edm sily. Len\u017ee, ako nabehneme na vrchol kopca do singlov, spoj\u00edme sa s jazdcami z 40 km trasy. Moji \u201es\u00faperi\u201c sa e\u0161te stihli pretla\u010di\u0165 na \u010delo vl\u00e1\u010dika, no ja som zostal vzadu\u00a0 a postupne ich str\u00e1cam. M\u00e1m pred sebou asi 5 jazdcov a hul\u00e1ka\u0165, nech ma pustia, mi pri\u0161lo naozaj zbyto\u010dn\u00e9 :). Ke\u010f sa po nejakom \u010dase za\u010dne op\u00e4\u0165 st\u00fapa\u0165, obieham po okraji, \u010do d\u00e1 u\u017e celkom zabra\u0165, hlavne v tej najprud\u0161ej pas\u00e1\u017ei. Z\u00e1vere\u010dn\u00e9 kilometre sme u\u017e teda zmixovan\u00ed a nikoho z mojej trasy u\u017e nevid\u00edm.\u00a0 Prech\u00e1dzame popod ko\u013eajnice do poslednej \u010dasti. T\u00fa tvor\u00ed op\u00e4\u0165 pekne strm\u00e9 st\u00fapanie, ktor\u00e9 na mape nep\u00f4sob\u00ed v\u00f4bec tak n\u00e1ro\u010dne ako v skuto\u010dnosti :). Po drncav\u00fdch l\u00fakach vylet\u00edm na \u0161trkov\u00fa cestu popri \u017eeleznici. V momente ako zjazdujem, po\u010dujem za sebou sy\u010danie akoby od zadn\u00e9ho kolesa: \u201eNo to sn\u00e1\u010f nie\u201c, hovor\u00edm si. Ale bol to plan\u00fd poplach, to sa len v rovnakom momente objavil za mnou vlak a zvuk ko\u013eajn\u00edc ma trochu zmiatol :). Tak\u017ee z\u00e1vere\u010dn\u00e9 km nemus\u00edm dor\u00e1\u017ea\u0165 na pr\u00e1zdnom ako jeden mlad\u00fd jazdec z krat\u0161ej trasy, ktor\u00e9ho m\u00ed\u0148am a aspo\u0148 trochu povzbud\u00edm. No a zost\u00e1va u\u017e len pre\u0165a\u0165 cie\u013eov\u00fa p\u00e1sku. Najr\u00fdchlej\u0161\u00edm bol dnes Karel Hartl v \u010dase 2:18 hod. a medzi \u017eenami Andrea Juh\u00e1sov\u00e1 za 2:56 hod.<\/p>\n<p>Kompletn\u00e9 v\u00fdsledky <a href=\"http:\/\/sportsofttiming.sk\/en\/race\/results\/2216?rid=2461&amp;eventid=1&amp;genderid=1\" target=\"_blank\" rel=\"noopener noreferrer\">n\u00e1jdete tu<\/a>.<\/p>\n<div id='gallery-1' class='gallery galleryid-1071 gallery-columns-2 gallery-size-full'><figure class='gallery-item'>\n\t\t\t<div class='gallery-icon landscape'>\n\t\t\t\t<a href='https:\/\/d2p6e6u75xmxt8.cloudfront.net\/4\/2017\/06\/dohnany-05.webp'><img loading=\"lazy\" decoding=\"async\" width=\"1024\" height=\"684\" src=\"https:\/\/d2p6e6u75xmxt8.cloudfront.net\/4\/2017\/06\/dohnany-05.webp\" class=\"attachment-full size-full\" alt=\"\" srcset=\"https:\/\/d2p6e6u75xmxt8.cloudfront.net\/4\/2017\/06\/dohnany-05.webp 1024w, https:\/\/d2p6e6u75xmxt8.cloudfront.net\/4\/2017\/06\/dohnany-05-300x200.webp 300w, https:\/\/d2p6e6u75xmxt8.cloudfront.net\/4\/2017\/06\/dohnany-05-768x513.webp 768w, https:\/\/d2p6e6u75xmxt8.cloudfront.net\/4\/2017\/06\/dohnany-05-272x182.webp 272w\" sizes=\"auto, (max-width: 1024px) 100vw, 1024px\" \/><\/a>\n\t\t\t<\/div><\/figure><figure class='gallery-item'>\n\t\t\t<div class='gallery-icon landscape'>\n\t\t\t\t<a href='https:\/\/d2p6e6u75xmxt8.cloudfront.net\/4\/2017\/06\/dohnany-03.webp'><img loading=\"lazy\" decoding=\"async\" width=\"1024\" height=\"684\" src=\"https:\/\/d2p6e6u75xmxt8.cloudfront.net\/4\/2017\/06\/dohnany-03.webp\" class=\"attachment-full size-full\" alt=\"\" srcset=\"https:\/\/d2p6e6u75xmxt8.cloudfront.net\/4\/2017\/06\/dohnany-03.webp 1024w, https:\/\/d2p6e6u75xmxt8.cloudfront.net\/4\/2017\/06\/dohnany-03-300x200.webp 300w, https:\/\/d2p6e6u75xmxt8.cloudfront.net\/4\/2017\/06\/dohnany-03-768x513.webp 768w, https:\/\/d2p6e6u75xmxt8.cloudfront.net\/4\/2017\/06\/dohnany-03-272x182.webp 272w\" sizes=\"auto, (max-width: 1024px) 100vw, 1024px\" \/><\/a>\n\t\t\t<\/div><\/figure><figure class='gallery-item'>\n\t\t\t<div class='gallery-icon landscape'>\n\t\t\t\t<a href='https:\/\/d2p6e6u75xmxt8.cloudfront.net\/4\/2017\/06\/dohnany-06.webp'><img loading=\"lazy\" decoding=\"async\" width=\"1024\" height=\"684\" src=\"https:\/\/d2p6e6u75xmxt8.cloudfront.net\/4\/2017\/06\/dohnany-06.webp\" class=\"attachment-full size-full\" alt=\"\" srcset=\"https:\/\/d2p6e6u75xmxt8.cloudfront.net\/4\/2017\/06\/dohnany-06.webp 1024w, https:\/\/d2p6e6u75xmxt8.cloudfront.net\/4\/2017\/06\/dohnany-06-300x200.webp 300w, https:\/\/d2p6e6u75xmxt8.cloudfront.net\/4\/2017\/06\/dohnany-06-768x513.webp 768w, https:\/\/d2p6e6u75xmxt8.cloudfront.net\/4\/2017\/06\/dohnany-06-272x182.webp 272w\" sizes=\"auto, (max-width: 1024px) 100vw, 1024px\" \/><\/a>\n\t\t\t<\/div><\/figure>\n\t\t<\/div>\n\n<p><a href=\"https:\/\/d2p6e6u75xmxt8.cloudfront.net\/4\/2017\/06\/DSC_4877-e1497014590308.jpg\"><img loading=\"lazy\" decoding=\"async\" class=\"alignnone size-full wp-image-1116\" src=\"https:\/\/d2p6e6u75xmxt8.cloudfront.net\/4\/2017\/06\/DSC_4877-e1497014590308.jpg\" alt=\"\" width=\"1600\" height=\"1068\" \/><\/a><\/p>\n<p>V\u0161etky fotografie si m\u00f4\u017eete <a href=\"http:\/\/www.skoda-bike-open-tour.sk\/galerie\/\" target=\"_blank\" rel=\"noopener noreferrer\">pozrie\u0165 tu<\/a>.<\/p>\n<h2><strong>Po dojazde<\/strong><\/h2>\n<p>V samotnom cieli to u\u017e medzit\u00fdm poriadne \u017eije. V\u0161ade mno\u017estvo st\u00e1nkov, samotn\u00fdch jazdcov, ale aj ich rodinn\u00fdch pr\u00edslu\u0161n\u00edkov. S\u00fa\u010dasne prebiehaj\u00fa aj spom\u00ednan\u00e9 detsk\u00e9 s\u00fa\u0165a\u017ee na pekne \u201ezamotanej\u201c trati v miestnom are\u00e1li. Jednalo sa o Detsk\u00fa Pova\u017esk\u00fa Cykloligu, ktorej sa z\u00fa\u010dastnilo ve\u013ek\u00e9 mno\u017estvo det\u00ed a ktor\u00e9 boli nesk\u00f4r vyhl\u00e1sen\u00e9 vo svojich kateg\u00f3ri\u00e1ch.\u00a0 Mus\u00edm poveda\u0165, \u017ee are\u00e1l v Doh\u0148anoch vyzeral v\u010faka celkov\u00e9mu z\u00e1zemiu a organiz\u00e1cii naozaj na \u00farovni a hlavne nebol probl\u00e9m sa v \u0148om zabavi\u0165 aj po samotnom marat\u00f3ne. Ak ste sa nechceli k st\u00e1nkom s jedlom a ob\u010derstven\u00edm preb\u00edja\u0165 s bicyklom v ruke, ve\u013emi dobre op\u00e4\u0165 posl\u00fa\u017eila \u00faschov\u0148a, ktor\u00e1 sa stala pevnou s\u00fa\u010das\u0165ou akci\u00ed \u0160BOT. Ochutna\u0165 sa dalo aj kuch\u00e1rske umenie v\u00ed\u0165azky MasterChef Slovensko a foodbloggerky Martiny Gr\u0148ovej. Ak sa v\u00e1m jej recepty p\u00e1\u010dili, m\u00f4\u017eete si pozrie\u0165 aj jej blog <a href=\"http:\/\/foodlover.sk\/?utm_source=welovecycling&amp;utm_medium=clanok&amp;utm_campaign=sbot-2017&amp;utm_content=reportaz-dohnany\" target=\"_blank\" rel=\"noopener noreferrer\">FoodLover.sk<\/a>.<\/p>\n<p><a href=\"https:\/\/d2p6e6u75xmxt8.cloudfront.net\/4\/2017\/06\/food-lover.jpg\"><img loading=\"lazy\" decoding=\"async\" class=\"alignnone size-full wp-image-1089\" src=\"https:\/\/d2p6e6u75xmxt8.cloudfront.net\/4\/2017\/06\/food-lover.jpg\" alt=\"\" width=\"1024\" height=\"684\" \/><\/a><\/p>\n<div class=\"shortcode-ys-post-pinup\"><article class=\"loop-simple post-918 post type-post status-publish format-standard has-post-thumbnail hentry category-zdravie-trening tag-cyklo-jedlo tag-gazpacho tag-martina-grnova tag-omar-allibhoy tag-podujatia tag-sbot\" data-postid=\"918\" role=\"article\" data-post-id=\"918\" data-word-count=\"206\" data-headline-length=\"27\" data-category=\"Zdravie a tr\u00e9ning\" data-author=\"FoodLover.sk\" data-published=\"2017-05-24T17:15:47+02:00\" data-published-day=\"Wednesday\">\n    <div class=\"entry-thumbnail article-thumbnail\" content=\"https:\/\/d2p6e6u75xmxt8.cloudfront.net\/4\/2017\/05\/gazpacho2-150x150.webp\"><a href=\"https:\/\/www.welovecycling.com\/sk\/2017\/05\/24\/foodlover-sk-cyklistov-gazpacho\/\" class=\"image-holder\" target=\"_self\"><img decoding=\"async\" loading=\"lazy\" class=\"\" src=\"https:\/\/d2p6e6u75xmxt8.cloudfront.net\/4\/2017\/05\/gazpacho2-1024x447.webp\" srcset=\"https:\/\/d2p6e6u75xmxt8.cloudfront.net\/4\/2017\/05\/gazpacho2.webp 1375w, https:\/\/d2p6e6u75xmxt8.cloudfront.net\/4\/2017\/05\/gazpacho2-300x131.webp 300w, https:\/\/d2p6e6u75xmxt8.cloudfront.net\/4\/2017\/05\/gazpacho2-1024x447.webp 1024w, https:\/\/d2p6e6u75xmxt8.cloudfront.net\/4\/2017\/05\/gazpacho2-768x335.webp 768w\" width=\"1024\" height=\"447\" sizes=\"auto, (min-width: 1200px) 458px, (min-width: 768px) 38vw, 100vw\" alt=\"foodlover-sk-cyklistov-gazpacho\"\/><\/a><\/div>    <div class=\"entry-meta\">\n        <a class=\"label label-secondary post-category\" href=\"https:\/\/www.welovecycling.com\/sk\/category\/zdravie-trening\/\" title=\"Zdravie a tr\u00e9ning\">Zdravie a tr\u00e9ning<\/a>\n    <\/div>\n    <div class=\"entry-details\">\n        <a href=\"https:\/\/www.welovecycling.com\/sk\/2017\/05\/24\/foodlover-sk-cyklistov-gazpacho\/\" class='entry-title-wrapper'>\n            <h3 class=\"entry-title\"><span>FoodLover.sk menu: Gazpacho<\/span><\/h3>\n        <\/a>\n    <\/div>\n    <\/article>\n<\/div>\n<p>Nebol probl\u00e9m ani so sprchami, ale ve\u013ek\u00e9 mno\u017estvo \u013eud\u00ed v tom teple zrejme okam\u017eite skon\u010dilo v dostupnom potoku. V\u00fdsledkom je, \u017ee takmer ka\u017ed\u00fd, koho vid\u00edm je usmiaty a trochu \u201espe\u010den\u00fd\u201c, \u010do je jeden zo znakov dobrej akcie :). V podobnom duchu v\u0161etko prebiehalo a\u017e do samotn\u00e9ho z\u00e1veru, ktor\u00fd obstaralo vyhl\u00e1senie v\u00ed\u0165azov a tombola. Celkovo sa na v\u0161etk\u00fdch tratiach z\u00fa\u010dastnilo 589 bikerov a \u00faspe\u0161ne dokon\u010dilo 563.<\/p>\n<p>Nesk\u00f4r pri\u0161la na rad aj show J\u00e1na Ko\u010di\u0161a.<\/p>\n<lite-youtube videoid=XTvbKmXZ9To params=\"enablejsapi=1\" style=\"background-image: url('https:\/\/i.ytimg.com\/vi_webp\/XTvbKmXZ9To\/maxresdefault.webp');\"><\/lite-youtube>\n<p>Mimochodom, Jano je majster sveta v cyklotriale a sk\u00e1kanie mu veru ide.<\/p>\n<figure id=\"attachment_1086\" aria-describedby=\"caption-attachment-1086\" style=\"width: 1024px\" class=\"wp-caption alignnone\"><a href=\"https:\/\/d2p6e6u75xmxt8.cloudfront.net\/4\/2017\/06\/kocis-show.jpg\"><img loading=\"lazy\" decoding=\"async\" class=\"wp-image-1086 size-full\" src=\"https:\/\/d2p6e6u75xmxt8.cloudfront.net\/4\/2017\/06\/kocis-show.jpg\" alt=\"\" width=\"1024\" height=\"684\" \/><\/a><figcaption id=\"caption-attachment-1086\" class=\"wp-caption-text\">Sk\u00e1ka\u0165 cez jedn\u00e9ho figuranta je nuda<\/figcaption><\/figure>\n<p><a href=\"https:\/\/d2p6e6u75xmxt8.cloudfront.net\/4\/2017\/06\/kocis-show-2.jpg\"><img loading=\"lazy\" decoding=\"async\" class=\"alignnone size-full wp-image-1088\" src=\"https:\/\/d2p6e6u75xmxt8.cloudfront.net\/4\/2017\/06\/kocis-show-2.jpg\" alt=\"\" width=\"1024\" height=\"684\" \/><\/a><\/p>\n<p>Pre najmen\u0161\u00edch bolo pripraven\u00e9 aj dopravn\u00e9 ihrisko, kde si deti mohli vysk\u00fa\u0161a\u0165 jazdu v pruhoch a z\u00e1kladn\u00e9 dopravn\u00e9 situ\u00e1cie. Mo\u017eno sa to zd\u00e1 trivi\u00e1lne, ak nem\u00e1te deti, ale opak je pravdou :).<\/p>\n<p><a href=\"https:\/\/d2p6e6u75xmxt8.cloudfront.net\/4\/2017\/06\/DSC_2896-e1497014410909.jpg\"><img loading=\"lazy\" decoding=\"async\" class=\"alignnone size-full wp-image-1114\" src=\"https:\/\/d2p6e6u75xmxt8.cloudfront.net\/4\/2017\/06\/DSC_2896-e1497014410909.jpg\" alt=\"\" width=\"1600\" height=\"1068\" \/><\/a><\/p>\n<p>Oproti in\u00fdm marat\u00f3nom \u0160BOT, t\u00e1to akcia pokra\u010dovala a\u017e do neskor\u00fdch hod\u00edn koncertom a diskot\u00e9kou, na ktorej som sa u\u017e s\u00edce nez\u00fa\u010dastnil, ale pritiahla mnoho \u010fal\u0161\u00edch a aj necyklistov.<\/p>\n<h2><strong>Na z\u00e1ver&#8230;<\/strong><\/h2>\n<p>Mus\u00edm poveda\u0165, \u017ee Doh\u0148any vo mne zanechali v\u00fdborn\u00fd dojem. V prvom rade tra\u0165, t\u00e1 je skuto\u010dne zauj\u00edmav\u00e1 a z\u00e1bavn\u00e1, preto\u017ee odmenou za strm\u00fd v\u00fd\u0161\u013eap je v\u017edy nejak\u00fd ten singl\u00e1\u010d a v\u00fd\u0161kov\u00e9 metre sa nestr\u00e1caj\u00fa na zv\u00e1\u017eniciach. Marat\u00f3nska tra\u0165 by si ale zasl\u00fa\u017eila do bud\u00facna e\u0161te zop\u00e1r kilometrov navy\u0161e, aby vznikol aj v\u00e4\u010d\u0161\u00ed rozdiel medzi stredn\u00fdm, 40 km variantom. Mysl\u00edm, \u017ee miestne ter\u00e9ny maj\u00fa pomerne ve\u013ek\u00fd potenci\u00e1l, no hlavne vidno, \u017ee samotn\u00fd organiza\u010dn\u00fd t\u00edm ma z\u00e1ujem a ve\u013ek\u00fa snahu o zlep\u0161ovanie, \u010do je najd\u00f4le\u017eitej\u0161ie. Dnes som sa naozaj v\u00fdborne bavil a nezost\u00e1va ni\u010d in\u00e9, ako e\u0161te \u010dosi potr\u00e9nova\u0165 na \u010fal\u0161ie kolo. To sa uskuto\u010dn\u00ed u\u017e tento mesiac, konkr\u00e9tne 24.6. pod n\u00e1zvom AUTHOR \u0160koda Bikemarat\u00f3n S\u00fa\u013eovsk\u00e9 skaly.<\/p>\n<div id='gallery-2' class='gallery galleryid-918 gallery-columns-2 gallery-size-full'><figure class='gallery-item'>\n\t\t\t<div class='gallery-icon landscape'>\n\t\t\t\t<a href='https:\/\/d2p6e6u75xmxt8.cloudfront.net\/4\/2017\/06\/dohnany-04.webp'><img loading=\"lazy\" decoding=\"async\" width=\"1024\" height=\"684\" src=\"https:\/\/d2p6e6u75xmxt8.cloudfront.net\/4\/2017\/06\/dohnany-04.webp\" class=\"attachment-full size-full\" alt=\"\" srcset=\"https:\/\/d2p6e6u75xmxt8.cloudfront.net\/4\/2017\/06\/dohnany-04.webp 1024w, https:\/\/d2p6e6u75xmxt8.cloudfront.net\/4\/2017\/06\/dohnany-04-300x200.webp 300w, https:\/\/d2p6e6u75xmxt8.cloudfront.net\/4\/2017\/06\/dohnany-04-768x513.webp 768w, https:\/\/d2p6e6u75xmxt8.cloudfront.net\/4\/2017\/06\/dohnany-04-272x182.webp 272w\" sizes=\"auto, (max-width: 1024px) 100vw, 1024px\" \/><\/a>\n\t\t\t<\/div><\/figure><figure class='gallery-item'>\n\t\t\t<div class='gallery-icon landscape'>\n\t\t\t\t<a href='https:\/\/d2p6e6u75xmxt8.cloudfront.net\/4\/2017\/06\/244-e1497014778383.webp'><img loading=\"lazy\" decoding=\"async\" width=\"1600\" height=\"1068\" src=\"https:\/\/d2p6e6u75xmxt8.cloudfront.net\/4\/2017\/06\/244-e1497014778383.webp\" class=\"attachment-full size-full\" alt=\"\" srcset=\"https:\/\/d2p6e6u75xmxt8.cloudfront.net\/4\/2017\/06\/244-e1497014778383.webp 1600w, https:\/\/d2p6e6u75xmxt8.cloudfront.net\/4\/2017\/06\/244-e1497014778383-300x200.webp 300w, https:\/\/d2p6e6u75xmxt8.cloudfront.net\/4\/2017\/06\/244-e1497014778383-1024x684.webp 1024w, https:\/\/d2p6e6u75xmxt8.cloudfront.net\/4\/2017\/06\/244-e1497014778383-768x513.webp 768w, https:\/\/d2p6e6u75xmxt8.cloudfront.net\/4\/2017\/06\/244-e1497014778383-1536x1025.webp 1536w, https:\/\/d2p6e6u75xmxt8.cloudfront.net\/4\/2017\/06\/244-e1497014778383-272x182.webp 272w\" sizes=\"auto, (max-width: 1600px) 100vw, 1600px\" \/><\/a>\n\t\t\t<\/div><\/figure>\n\t\t<\/div>\n\n<p>&nbsp;<\/p>\n","protected":false},"excerpt":{"rendered":"<p>Druh\u00e9 kolo \u0160koda BIKE OPEN TOUR si odbilo v Doh\u0148anoch v\u00fdborn\u00fa premi\u00e9ru na trati, kde sa \u010dlovek naozaj nenudil.<\/p>\n","protected":false},"author":38,"featured_media":1108,"comment_status":"open","ping_status":"open","sticky":false,"template":"","format":"video","meta":{"footnotes":""},"categories":[3,34,38,33],"tags":[90,180,104,76,93,37,39,35,404],"global-categories":[],"class_list":["post-1071","post","type-post","status-publish","format-video","has-post-thumbnail","hentry","category-mtb","category-podujatia","category-reportaz","category-sbot","tag-dohnany-puchov","tag-horska-cyklistika","tag-jan-kocis","tag-martin-imrich","tag-martina-grnova","tag-podujatia","tag-reportaz","tag-sbot","tag-skoda-dohnany-puchov-trophy","post_format-post-format-video"],"yoast_head":"<!-- This site is optimized with the Yoast SEO Premium plugin v25.3 (Yoast SEO v25.9) - https:\/\/yoast.com\/wordpress\/plugins\/seo\/ -->\n<title>REPORT\u00c1\u017d: \u0160koda Doh\u0148any \u2013 P\u00fachov Trophy premi\u00e9rovo na vysokej \u00farovni - \u0160koda We Love Cycling Slovensko<\/title>\n<meta name=\"robots\" content=\"index, follow, max-snippet:-1, max-image-preview:large, max-video-preview:-1\" \/>\n<link rel=\"canonical\" href=\"https:\/\/www.welovecycling.com\/sk\/2017\/06\/08\/reportaz-skoda-dohnany-puchov-trophy-premierovo-vysokej-urovni\/\" \/>\n<meta property=\"og:locale\" content=\"sk_SK\" \/>\n<meta property=\"og:type\" content=\"article\" \/>\n<meta property=\"og:title\" content=\"REPORT\u00c1\u017d: \u0160koda Doh\u0148any \u2013 P\u00fachov Trophy premi\u00e9rovo na vysokej \u00farovni\" \/>\n<meta property=\"og:description\" content=\"Druh\u00e9 kolo \u0160koda BIKE OPEN TOUR si odbilo v Doh\u0148anoch v\u00fdborn\u00fa premi\u00e9ru na trati, kde sa \u010dlovek naozaj nenudil.\" \/>\n<meta property=\"og:url\" content=\"https:\/\/www.welovecycling.com\/sk\/2017\/06\/08\/reportaz-skoda-dohnany-puchov-trophy-premierovo-vysokej-urovni\/\" \/>\n<meta property=\"og:site_name\" content=\"\u0160koda We Love Cycling Slovensko\" \/>\n<meta property=\"article:published_time\" content=\"2017-06-08T15:14:21+00:00\" \/>\n<meta property=\"article:modified_time\" content=\"2018-03-03T00:22:50+00:00\" \/>\n<meta property=\"og:image\" content=\"https:\/\/d2p6e6u75xmxt8.cloudfront.net\/4\/2017\/06\/dohnany-reportaz-topimage.webp\" \/>\n\t<meta property=\"og:image:width\" content=\"1375\" \/>\n\t<meta property=\"og:image:height\" content=\"600\" \/>\n\t<meta property=\"og:image:type\" content=\"image\/webp\" \/>\n<meta name=\"author\" content=\"Ondrej Ga\u0161par\" \/>\n<meta name=\"twitter:card\" content=\"summary_large_image\" \/>\n<meta name=\"twitter:label1\" content=\"Written by\" \/>\n\t<meta name=\"twitter:data1\" content=\"FoodLover.sk\" \/>\n\t<meta name=\"twitter:label2\" content=\"Est. reading time\" \/>\n\t<meta name=\"twitter:data2\" content=\"7 minutes\" \/>\n<script type=\"application\/ld+json\" class=\"yoast-schema-graph\">{\"@context\":\"https:\/\/schema.org\",\"@graph\":[{\"@type\":\"WebPage\",\"@id\":\"https:\/\/www.welovecycling.com\/sk\/2017\/06\/08\/reportaz-skoda-dohnany-puchov-trophy-premierovo-vysokej-urovni\/\",\"url\":\"https:\/\/www.welovecycling.com\/sk\/2017\/06\/08\/reportaz-skoda-dohnany-puchov-trophy-premierovo-vysokej-urovni\/\",\"name\":\"REPORT\u00c1\u017d: \u0160koda Doh\u0148any \u2013 P\u00fachov Trophy premi\u00e9rovo na vysokej \u00farovni - \u0160koda We Love Cycling Slovensko\",\"isPartOf\":{\"@id\":\"https:\/\/www.welovecycling.com\/sk\/#website\"},\"primaryImageOfPage\":{\"@id\":\"https:\/\/www.welovecycling.com\/sk\/2017\/06\/08\/reportaz-skoda-dohnany-puchov-trophy-premierovo-vysokej-urovni\/#primaryimage\"},\"image\":{\"@id\":\"https:\/\/www.welovecycling.com\/sk\/2017\/06\/08\/reportaz-skoda-dohnany-puchov-trophy-premierovo-vysokej-urovni\/#primaryimage\"},\"thumbnailUrl\":\"https:\/\/d2p6e6u75xmxt8.cloudfront.net\/4\/2017\/06\/dohnany-reportaz-topimage.webp\",\"datePublished\":\"2017-06-08T15:14:21+00:00\",\"dateModified\":\"2018-03-03T00:22:50+00:00\",\"author\":{\"@id\":\"https:\/\/www.welovecycling.com\/sk\/#\/schema\/person\/8ee09ba39b7e25b1870160aa5b3a89bc\"},\"breadcrumb\":{\"@id\":\"https:\/\/www.welovecycling.com\/sk\/2017\/06\/08\/reportaz-skoda-dohnany-puchov-trophy-premierovo-vysokej-urovni\/#breadcrumb\"},\"inLanguage\":\"sk-SK\",\"potentialAction\":[{\"@type\":\"ReadAction\",\"target\":[\"https:\/\/www.welovecycling.com\/sk\/2017\/06\/08\/reportaz-skoda-dohnany-puchov-trophy-premierovo-vysokej-urovni\/\"]}]},{\"@type\":\"ImageObject\",\"inLanguage\":\"sk-SK\",\"@id\":\"https:\/\/www.welovecycling.com\/sk\/2017\/06\/08\/reportaz-skoda-dohnany-puchov-trophy-premierovo-vysokej-urovni\/#primaryimage\",\"url\":\"https:\/\/d2p6e6u75xmxt8.cloudfront.net\/4\/2017\/06\/dohnany-reportaz-topimage.webp\",\"contentUrl\":\"https:\/\/d2p6e6u75xmxt8.cloudfront.net\/4\/2017\/06\/dohnany-reportaz-topimage.webp\",\"width\":1375,\"height\":600},{\"@type\":\"BreadcrumbList\",\"@id\":\"https:\/\/www.welovecycling.com\/sk\/2017\/06\/08\/reportaz-skoda-dohnany-puchov-trophy-premierovo-vysokej-urovni\/#breadcrumb\",\"itemListElement\":[{\"@type\":\"ListItem\",\"position\":1,\"name\":\"Home\",\"item\":\"https:\/\/www.welovecycling.com\/sk\/\"},{\"@type\":\"ListItem\",\"position\":2,\"name\":\"REPORT\u00c1\u017d: \u0160koda Doh\u0148any \u2013 P\u00fachov Trophy premi\u00e9rovo na vysokej \u00farovni\"}]},{\"@type\":\"WebSite\",\"@id\":\"https:\/\/www.welovecycling.com\/sk\/#website\",\"url\":\"https:\/\/www.welovecycling.com\/sk\/\",\"name\":\"\u0160koda We Love Cycling Slovensko\",\"description\":\"\u0160koda We Love Cycling Slovensko je v\u00e1\u0161 ka\u017edodenn\u00fd zdroj noviniek a in\u0161pir\u00e1cie z sveta cyklistiky\",\"potentialAction\":[{\"@type\":\"SearchAction\",\"target\":{\"@type\":\"EntryPoint\",\"urlTemplate\":\"https:\/\/www.welovecycling.com\/sk\/?s={search_term_string}\"},\"query-input\":{\"@type\":\"PropertyValueSpecification\",\"valueRequired\":true,\"valueName\":\"search_term_string\"}}],\"inLanguage\":\"sk-SK\"},{\"@type\":\"Person\",\"@id\":\"https:\/\/www.welovecycling.com\/sk\/#\/schema\/person\/8ee09ba39b7e25b1870160aa5b3a89bc\",\"name\":\"Ondrej Ga\u0161par\",\"image\":{\"@type\":\"ImageObject\",\"inLanguage\":\"sk-SK\",\"@id\":\"https:\/\/www.welovecycling.com\/sk\/#\/schema\/person\/image\/\",\"url\":\"https:\/\/secure.gravatar.com\/avatar\/6126c9afb87b70da5abbb083ddbb21933da15f18f8ca7cb822aba0fb096a48f6?s=96&d=mm&r=g\",\"contentUrl\":\"https:\/\/secure.gravatar.com\/avatar\/6126c9afb87b70da5abbb083ddbb21933da15f18f8ca7cb822aba0fb096a48f6?s=96&d=mm&r=g\",\"caption\":\"Ondrej Ga\u0161par\"},\"url\":\"https:\/\/www.welovecycling.com\/sk\/author\/ondrejgaspar\/\"}]}<\/script>\n<!-- \/ Yoast SEO Premium plugin. -->","yoast_head_json":{"title":"REPORT\u00c1\u017d: \u0160koda Doh\u0148any \u2013 P\u00fachov Trophy premi\u00e9rovo na vysokej \u00farovni - \u0160koda We Love Cycling Slovensko","robots":{"index":"index","follow":"follow","max-snippet":"max-snippet:-1","max-image-preview":"max-image-preview:large","max-video-preview":"max-video-preview:-1"},"canonical":"https:\/\/www.welovecycling.com\/sk\/2017\/06\/08\/reportaz-skoda-dohnany-puchov-trophy-premierovo-vysokej-urovni\/","og_locale":"sk_SK","og_type":"article","og_title":"REPORT\u00c1\u017d: \u0160koda Doh\u0148any \u2013 P\u00fachov Trophy premi\u00e9rovo na vysokej \u00farovni","og_description":"Druh\u00e9 kolo \u0160koda BIKE OPEN TOUR si odbilo v Doh\u0148anoch v\u00fdborn\u00fa premi\u00e9ru na trati, kde sa \u010dlovek naozaj nenudil.","og_url":"https:\/\/www.welovecycling.com\/sk\/2017\/06\/08\/reportaz-skoda-dohnany-puchov-trophy-premierovo-vysokej-urovni\/","og_site_name":"\u0160koda We Love Cycling Slovensko","article_published_time":"2017-06-08T15:14:21+00:00","article_modified_time":"2018-03-03T00:22:50+00:00","og_image":[{"width":1375,"height":600,"url":"https:\/\/d2p6e6u75xmxt8.cloudfront.net\/4\/2017\/06\/dohnany-reportaz-topimage.webp","type":"image\/webp"}],"author":"Ondrej Ga\u0161par","twitter_card":"summary_large_image","twitter_misc":{"Written by":"FoodLover.sk","Est. reading time":"7 minutes"},"schema":{"@context":"https:\/\/schema.org","@graph":[{"@type":"WebPage","@id":"https:\/\/www.welovecycling.com\/sk\/2017\/06\/08\/reportaz-skoda-dohnany-puchov-trophy-premierovo-vysokej-urovni\/","url":"https:\/\/www.welovecycling.com\/sk\/2017\/06\/08\/reportaz-skoda-dohnany-puchov-trophy-premierovo-vysokej-urovni\/","name":"REPORT\u00c1\u017d: \u0160koda Doh\u0148any \u2013 P\u00fachov Trophy premi\u00e9rovo na vysokej \u00farovni - \u0160koda We Love Cycling Slovensko","isPartOf":{"@id":"https:\/\/www.welovecycling.com\/sk\/#website"},"primaryImageOfPage":{"@id":"https:\/\/www.welovecycling.com\/sk\/2017\/06\/08\/reportaz-skoda-dohnany-puchov-trophy-premierovo-vysokej-urovni\/#primaryimage"},"image":{"@id":"https:\/\/www.welovecycling.com\/sk\/2017\/06\/08\/reportaz-skoda-dohnany-puchov-trophy-premierovo-vysokej-urovni\/#primaryimage"},"thumbnailUrl":"https:\/\/d2p6e6u75xmxt8.cloudfront.net\/4\/2017\/06\/dohnany-reportaz-topimage.webp","datePublished":"2017-06-08T15:14:21+00:00","dateModified":"2018-03-03T00:22:50+00:00","author":{"@id":"https:\/\/www.welovecycling.com\/sk\/#\/schema\/person\/8ee09ba39b7e25b1870160aa5b3a89bc"},"breadcrumb":{"@id":"https:\/\/www.welovecycling.com\/sk\/2017\/06\/08\/reportaz-skoda-dohnany-puchov-trophy-premierovo-vysokej-urovni\/#breadcrumb"},"inLanguage":"sk-SK","potentialAction":[{"@type":"ReadAction","target":["https:\/\/www.welovecycling.com\/sk\/2017\/06\/08\/reportaz-skoda-dohnany-puchov-trophy-premierovo-vysokej-urovni\/"]}]},{"@type":"ImageObject","inLanguage":"sk-SK","@id":"https:\/\/www.welovecycling.com\/sk\/2017\/06\/08\/reportaz-skoda-dohnany-puchov-trophy-premierovo-vysokej-urovni\/#primaryimage","url":"https:\/\/d2p6e6u75xmxt8.cloudfront.net\/4\/2017\/06\/dohnany-reportaz-topimage.webp","contentUrl":"https:\/\/d2p6e6u75xmxt8.cloudfront.net\/4\/2017\/06\/dohnany-reportaz-topimage.webp","width":1375,"height":600},{"@type":"BreadcrumbList","@id":"https:\/\/www.welovecycling.com\/sk\/2017\/06\/08\/reportaz-skoda-dohnany-puchov-trophy-premierovo-vysokej-urovni\/#breadcrumb","itemListElement":[{"@type":"ListItem","position":1,"name":"Home","item":"https:\/\/www.welovecycling.com\/sk\/"},{"@type":"ListItem","position":2,"name":"REPORT\u00c1\u017d: \u0160koda Doh\u0148any \u2013 P\u00fachov Trophy premi\u00e9rovo na vysokej \u00farovni"}]},{"@type":"WebSite","@id":"https:\/\/www.welovecycling.com\/sk\/#website","url":"https:\/\/www.welovecycling.com\/sk\/","name":"\u0160koda We Love Cycling Slovensko","description":"\u0160koda We Love Cycling Slovensko je v\u00e1\u0161 ka\u017edodenn\u00fd zdroj noviniek a in\u0161pir\u00e1cie z sveta cyklistiky","potentialAction":[{"@type":"SearchAction","target":{"@type":"EntryPoint","urlTemplate":"https:\/\/www.welovecycling.com\/sk\/?s={search_term_string}"},"query-input":{"@type":"PropertyValueSpecification","valueRequired":true,"valueName":"search_term_string"}}],"inLanguage":"sk-SK"},{"@type":"Person","@id":"https:\/\/www.welovecycling.com\/sk\/#\/schema\/person\/8ee09ba39b7e25b1870160aa5b3a89bc","name":"Ondrej Ga\u0161par","image":{"@type":"ImageObject","inLanguage":"sk-SK","@id":"https:\/\/www.welovecycling.com\/sk\/#\/schema\/person\/image\/","url":"https:\/\/secure.gravatar.com\/avatar\/6126c9afb87b70da5abbb083ddbb21933da15f18f8ca7cb822aba0fb096a48f6?s=96&d=mm&r=g","contentUrl":"https:\/\/secure.gravatar.com\/avatar\/6126c9afb87b70da5abbb083ddbb21933da15f18f8ca7cb822aba0fb096a48f6?s=96&d=mm&r=g","caption":"Ondrej Ga\u0161par"},"url":"https:\/\/www.welovecycling.com\/sk\/author\/ondrejgaspar\/"}]}},"_links":{"self":[{"href":"https:\/\/www.welovecycling.com\/sk\/wp-json\/wp\/v2\/posts\/1071","targetHints":{"allow":["GET"]}}],"collection":[{"href":"https:\/\/www.welovecycling.com\/sk\/wp-json\/wp\/v2\/posts"}],"about":[{"href":"https:\/\/www.welovecycling.com\/sk\/wp-json\/wp\/v2\/types\/post"}],"author":[{"embeddable":true,"href":"https:\/\/www.welovecycling.com\/sk\/wp-json\/wp\/v2\/users\/38"}],"replies":[{"embeddable":true,"href":"https:\/\/www.welovecycling.com\/sk\/wp-json\/wp\/v2\/comments?post=1071"}],"version-history":[{"count":2,"href":"https:\/\/www.welovecycling.com\/sk\/wp-json\/wp\/v2\/posts\/1071\/revisions"}],"predecessor-version":[{"id":1119,"href":"https:\/\/www.welovecycling.com\/sk\/wp-json\/wp\/v2\/posts\/1071\/revisions\/1119"}],"wp:featuredmedia":[{"embeddable":true,"href":"https:\/\/www.welovecycling.com\/sk\/wp-json\/wp\/v2\/media\/1108"}],"wp:attachment":[{"href":"https:\/\/www.welovecycling.com\/sk\/wp-json\/wp\/v2\/media?parent=1071"}],"wp:term":[{"taxonomy":"category","embeddable":true,"href":"https:\/\/www.welovecycling.com\/sk\/wp-json\/wp\/v2\/categories?post=1071"},{"taxonomy":"post_tag","embeddable":true,"href":"https:\/\/www.welovecycling.com\/sk\/wp-json\/wp\/v2\/tags?post=1071"},{"taxonomy":"global-categories","embeddable":true,"href":"https:\/\/www.welovecycling.com\/sk\/wp-json\/wp\/v2\/global-categories?post=1071"}],"curies":[{"name":"wp","href":"https:\/\/api.w.org\/{rel}","templated":true}]}}