{"id":10682,"date":"2020-09-16T10:00:39","date_gmt":"2020-09-16T08:00:39","guid":{"rendered":"https:\/\/www.welovecycling.com\/sk\/?p=10682"},"modified":"2023-04-13T11:59:54","modified_gmt":"2023-04-13T09:59:54","slug":"vyziva-pocas-tour-de-france-rovinate-etapy","status":"publish","type":"post","link":"https:\/\/www.welovecycling.com\/sk\/2020\/09\/16\/vyziva-pocas-tour-de-france-rovinate-etapy\/","title":{"rendered":"V\u00fd\u017eiva po\u010das Tour de France &#8211; rovinat\u00e9 etapy"},"content":{"rendered":"<p><strong>Jazdci na Tour s\u00fa v\u0161eobecne zn\u00e1mi extr\u00e9mnym mno\u017estvom jedla, ktor\u00e9 musia skonzumova\u0165, aby vydr\u017eali naplno fungova\u0165 cel\u00fdch 21 dn\u00ed. Nie je to v\u0161ak len o tom, sna\u017ei\u0165 sa jes\u0165 \u010do najviac. Ich strava sa men\u00ed ka\u017ed\u00fd de\u0148 a jedn\u00fdm z d\u00f4vodov na zmenu jed\u00e1lni\u010dka je to, ak\u00e1 etapa ich \u010dak\u00e1. Pozrime sa na v\u00fd\u017eivu po\u010das Tour de France a na to, ak\u00e9 \u00fapravy sa robia pre rovinat\u00e9 etapy.<\/strong><br \/>\n<!--more--><\/p>\n<p>V\u0161etci jazdci musia po\u010das Tour n\u00e1js\u0165 t\u00fa <strong>spr\u00e1vnu rovnov\u00e1hu medzi chudnut\u00edm a priberan\u00edm<\/strong> a z\u00e1rove\u0148 ma\u0165 dostatok energie na to, aby mohli tvrdo preteka\u0165. Ak\u00e1ko\u013evek chyba ich m\u00f4\u017ee st\u00e1\u0165 etapu alebo dokonca cel\u00fa Tour. Rovinat\u00e1 etapa zvy\u010dajne znamen\u00e1 menej sp\u00e1len\u00fdch kal\u00f3ri\u00ed, \u010do sa mus\u00ed odrazi\u0165 aj v strave jazdcov. Takto zhruba vyzer\u00e1 v\u00fd\u017eivov\u00fd pl\u00e1n po\u010das rovinatej etapy.<\/p>\n<figure id=\"attachment_10683\" aria-describedby=\"caption-attachment-10683\" style=\"width: 1024px\" class=\"wp-caption alignnone\"><a href=\"https:\/\/d2p6e6u75xmxt8.cloudfront.net\/2\/2020\/08\/profimedia-0555608740.jpg\"><img loading=\"lazy\" decoding=\"async\" class=\"wp-image-10683 size-large\" src=\"https:\/\/d2p6e6u75xmxt8.cloudfront.net\/4\/2020\/09\/profimedia-0555608740-1024x668.jpg\" alt=\"Primoz Roglic Tour de France\" width=\"1024\" height=\"668\" \/><\/a><figcaption id=\"caption-attachment-10683\" class=\"wp-caption-text\">Primoz Roglic sa osvie\u017euje po tretej etape Tour 2020. \u00a9 Profimedia<\/figcaption><\/figure>\n<h2><strong>De\u0148 pred<\/strong><\/h2>\n<p>Dobr\u00e1 nutri\u010dn\u00e1 pr\u00edprava na etapu za\u010d\u00edna de\u0148 predt\u00fdm. S bl\u00ed\u017eiacou sa \u013eah\u0161ou rovinatou etapou m\u00f4\u017eu jazdci upravi\u0165 stravu u\u017e po\u010das ve\u010dere. M\u00f4\u017eu si da\u0165 jedlo s men\u0161\u00edm po\u010dtom sacharidov ako obvykle a zamera\u0165 sa viac na zeleninu. Ve\u010dera pred rovinatou etapou m\u00f4\u017ee pozost\u00e1va\u0165 zo zeleninov\u00e9ho \u0161al\u00e1tu, celozrnn\u00fdch sacharidov ako quinoy, divokej \u201eindi\u00e1nskej\u201c ry\u017ee, zemiakov alebo celozrnn\u00fdch cestov\u00edn, k\u00fasok m\u00e4sa a nejak\u00fd \u013eah\u0161\u00ed dezert z ovocia. Cie\u013eom m\u00f4\u017ee by\u0165 nie\u010do okolo <strong>1 g sacharidov na 1 kg hmotnosti<\/strong>.<\/p>\n<h2><strong>Ra\u0148ajky<\/strong><\/h2>\n<p>Z\u00e1klad ka\u017ed\u00fdch ra\u0148ajok bude zvy\u010dajne ve\u013emi podobn\u00fd. Omeleta, ry\u017ea, ovocn\u00fd d\u017e\u00fas a k\u00e1va. To je zvy\u010dajne v\u0161etko pre rovinat\u00fa etapu, \u017eiadne druh\u00e9 porcie, \u017eiadne palacinky navy\u0161e. Cie\u013eom je zhruba <strong>1\u00a0g sacharidov na 1 kg hmotnosti<\/strong>.<\/p>\n<h2><strong>Na bicykli<\/strong><\/h2>\n<p>Po\u010det energetick\u00fdch g\u00e9lov, sendvi\u010dov alebo ry\u017eov\u00fdch kol\u00e1\u010dov spotrebovan\u00fdch na bicykli bude z\u00e1visie\u0165 do ve\u013ekej miery od \u0161pecif\u00edk danej rovinatej etapy, taktiky t\u00edmu a individu\u00e1lnych potrieb. V\u0161eobecne by malo sta\u010di\u0165 be\u017en\u00fdch <strong>50 &#8211; 60 g sacharidov za hodinu jazdy na bicykli<\/strong>.<\/p>\n<figure id=\"attachment_10684\" aria-describedby=\"caption-attachment-10684\" style=\"width: 1024px\" class=\"wp-caption alignnone\"><a href=\"https:\/\/d2p6e6u75xmxt8.cloudfront.net\/2\/2020\/08\/profimedia-0379515236.jpg\"><img loading=\"lazy\" decoding=\"async\" class=\"size-large wp-image-10684\" src=\"https:\/\/d2p6e6u75xmxt8.cloudfront.net\/4\/2020\/09\/profimedia-0379515236-1024x682.jpg\" alt=\"Tour de France Food\" width=\"1024\" height=\"682\" \/><\/a><figcaption id=\"caption-attachment-10684\" class=\"wp-caption-text\">Bauke Mollema konzumuje sendvi\u010d po 17. etape Tour de France 2018. \u00a9 Profimedia<\/figcaption><\/figure>\n<h2><strong>Regener\u00e1cia<\/strong><\/h2>\n<p>Hne\u010f ako jazdci dokon\u010dia rovinat\u00fa etapu, za\u010dn\u00fa s regenera\u010dnou v\u00fd\u017eivou. T\u00e1 zvy\u010dajne pozost\u00e1va z regenera\u010dn\u00e9ho n\u00e1poja, obeda a \u010fal\u0161ieho ob\u010derstvenia. Stredne ve\u013ek\u00fd n\u00e1poj a kura s ry\u017eou v tej chv\u00edli bud\u00fa pravdepodobne najbe\u017enej\u0161ou vo\u013ebou. Cie\u013eom bude op\u00e4\u0165 doplni\u0165 <strong>menej ako 1 g sacharidov na 1\u00a0kg hmotnosti<\/strong>.<\/p>\n<h2><strong>Ve\u010dera<\/strong><\/h2>\n<p>Ve\u010dera ve\u013emi z\u00e1vis\u00ed od toho, ak\u00e1 etapa ich \u010dak\u00e1 nasleduj\u00faci de\u0148. Ak ich \u010dak\u00e1 \u010fal\u0161ia rovinat\u00e1 etapa, mohlo by to by\u0165 podobn\u00e9 ako ve\u010der predt\u00fdm. Ak ich v\u0161ak \u010dak\u00e1 n\u00e1ro\u010dn\u00e1 horsk\u00e1 etapa, potom bude pr\u00edjem sacharidov st\u00fapa\u0165 nahor. Celkovo m\u00f4\u017ee \u013eahk\u00fd de\u0148 s rovinatou etapou <strong>skon\u010di\u0165 na pr\u00edjme 5 g sacharidov na 1 kg hmotnosti<\/strong>.<\/p>\n<p>Nabud\u00face sa pozrieme na to, ak\u00e9 odli\u0161n\u00e9 m\u00f4\u017ee by\u0165 stravovanie pre <strong>\u0165a\u017ek\u00e9 horsk\u00e9 etapy<\/strong>.<\/p>\n","protected":false},"excerpt":{"rendered":"<p>Jazdci na Tour s\u00fa v\u0161eobecne zn\u00e1mi extr\u00e9mnym mno\u017estvom jedla, ktor\u00e9 musia skonzumova\u0165, aby vydr\u017eali naplno fungova\u0165 cel\u00fdch 21 dn\u00ed. Nie [&hellip;]<\/p>\n","protected":false},"author":172,"featured_media":10686,"comment_status":"open","ping_status":"open","sticky":false,"template":"","format":"standard","meta":{"footnotes":""},"categories":[4],"tags":[115,1174,647,337,20,740,44],"global-categories":[],"class_list":["post-10682","post","type-post","status-publish","format-standard","has-post-thumbnail","hentry","category-cestna-cyklisitika","tag-cestna-cyklistika","tag-hmotnost","tag-ranajky","tag-regeneracia","tag-tour-de-france","tag-vecera","tag-vyziva"],"yoast_head":"<!-- This site is optimized with the Yoast SEO Premium plugin v25.3 (Yoast SEO v25.9) - https:\/\/yoast.com\/wordpress\/plugins\/seo\/ -->\n<title>V\u00fd\u017eiva po\u010das Tour de France - rovinat\u00e9 etapy<\/title>\n<meta name=\"description\" content=\"Jazdci na Tour s\u00fa v\u0161eobecne zn\u00e1mi extr\u00e9mnym mno\u017estvom jedla, ktor\u00e9 musia skonzumova\u0165, aby vydr\u017eali naplno fungova\u0165 cel\u00fdch 21 dn\u00ed.\" \/>\n<meta name=\"robots\" content=\"index, follow, max-snippet:-1, max-image-preview:large, max-video-preview:-1\" \/>\n<link rel=\"canonical\" href=\"https:\/\/www.welovecycling.com\/sk\/2020\/09\/16\/vyziva-pocas-tour-de-france-rovinate-etapy\/\" \/>\n<meta property=\"og:locale\" content=\"sk_SK\" \/>\n<meta property=\"og:type\" content=\"article\" \/>\n<meta property=\"og:title\" content=\"V\u00fd\u017eiva po\u010das Tour de France - rovinat\u00e9 etapy\" \/>\n<meta property=\"og:description\" content=\"Jazdci na Tour s\u00fa v\u0161eobecne zn\u00e1mi extr\u00e9mnym mno\u017estvom jedla, ktor\u00e9 musia skonzumova\u0165, aby vydr\u017eali naplno fungova\u0165 cel\u00fdch 21 dn\u00ed.\" \/>\n<meta property=\"og:url\" content=\"https:\/\/www.welovecycling.com\/sk\/2020\/09\/16\/vyziva-pocas-tour-de-france-rovinate-etapy\/\" \/>\n<meta property=\"og:site_name\" content=\"\u0160koda We Love Cycling Slovensko\" \/>\n<meta property=\"article:published_time\" content=\"2020-09-16T08:00:39+00:00\" \/>\n<meta property=\"article:modified_time\" content=\"2023-04-13T09:59:54+00:00\" \/>\n<meta property=\"og:image\" content=\"https:\/\/d2p6e6u75xmxt8.cloudfront.net\/4\/2020\/09\/Tour-de-France-CVR-profimedia-0461255532.webp\" \/>\n\t<meta property=\"og:image:width\" content=\"1366\" \/>\n\t<meta property=\"og:image:height\" content=\"600\" \/>\n\t<meta property=\"og:image:type\" content=\"image\/webp\" \/>\n<meta name=\"author\" content=\"dominika\" \/>\n<meta name=\"twitter:card\" content=\"summary_large_image\" \/>\n<meta name=\"twitter:label1\" content=\"Written by\" \/>\n\t<meta name=\"twitter:data1\" content=\"Ji\u0159\u00ed Kalo\u010d\" \/>\n\t<meta name=\"twitter:label2\" content=\"Est. reading time\" \/>\n\t<meta name=\"twitter:data2\" content=\"5\" \/>\n<script type=\"application\/ld+json\" class=\"yoast-schema-graph\">{\"@context\":\"https:\/\/schema.org\",\"@graph\":[{\"@type\":\"WebPage\",\"@id\":\"https:\/\/www.welovecycling.com\/sk\/2020\/09\/16\/vyziva-pocas-tour-de-france-rovinate-etapy\/\",\"url\":\"https:\/\/www.welovecycling.com\/sk\/2020\/09\/16\/vyziva-pocas-tour-de-france-rovinate-etapy\/\",\"name\":\"V\u00fd\u017eiva po\u010das Tour de France - rovinat\u00e9 etapy\",\"isPartOf\":{\"@id\":\"https:\/\/www.welovecycling.com\/sk\/#website\"},\"primaryImageOfPage\":{\"@id\":\"https:\/\/www.welovecycling.com\/sk\/2020\/09\/16\/vyziva-pocas-tour-de-france-rovinate-etapy\/#primaryimage\"},\"image\":{\"@id\":\"https:\/\/www.welovecycling.com\/sk\/2020\/09\/16\/vyziva-pocas-tour-de-france-rovinate-etapy\/#primaryimage\"},\"thumbnailUrl\":\"https:\/\/d2p6e6u75xmxt8.cloudfront.net\/4\/2020\/09\/Tour-de-France-CVR-profimedia-0461255532.webp\",\"datePublished\":\"2020-09-16T08:00:39+00:00\",\"dateModified\":\"2023-04-13T09:59:54+00:00\",\"author\":{\"@id\":\"https:\/\/www.welovecycling.com\/sk\/#\/schema\/person\/533b62b98b6c41bd5135ebfb1f742624\"},\"description\":\"Jazdci na Tour s\u00fa v\u0161eobecne zn\u00e1mi extr\u00e9mnym mno\u017estvom jedla, ktor\u00e9 musia skonzumova\u0165, aby vydr\u017eali naplno fungova\u0165 cel\u00fdch 21 dn\u00ed.\",\"breadcrumb\":{\"@id\":\"https:\/\/www.welovecycling.com\/sk\/2020\/09\/16\/vyziva-pocas-tour-de-france-rovinate-etapy\/#breadcrumb\"},\"inLanguage\":\"sk-SK\",\"potentialAction\":[{\"@type\":\"ReadAction\",\"target\":[\"https:\/\/www.welovecycling.com\/sk\/2020\/09\/16\/vyziva-pocas-tour-de-france-rovinate-etapy\/\"]}]},{\"@type\":\"ImageObject\",\"inLanguage\":\"sk-SK\",\"@id\":\"https:\/\/www.welovecycling.com\/sk\/2020\/09\/16\/vyziva-pocas-tour-de-france-rovinate-etapy\/#primaryimage\",\"url\":\"https:\/\/d2p6e6u75xmxt8.cloudfront.net\/4\/2020\/09\/Tour-de-France-CVR-profimedia-0461255532.webp\",\"contentUrl\":\"https:\/\/d2p6e6u75xmxt8.cloudfront.net\/4\/2020\/09\/Tour-de-France-CVR-profimedia-0461255532.webp\",\"width\":1366,\"height\":600,\"caption\":\"Tour de France\"},{\"@type\":\"BreadcrumbList\",\"@id\":\"https:\/\/www.welovecycling.com\/sk\/2020\/09\/16\/vyziva-pocas-tour-de-france-rovinate-etapy\/#breadcrumb\",\"itemListElement\":[{\"@type\":\"ListItem\",\"position\":1,\"name\":\"Home\",\"item\":\"https:\/\/www.welovecycling.com\/sk\/\"},{\"@type\":\"ListItem\",\"position\":2,\"name\":\"V\u00fd\u017eiva po\u010das Tour de France &#8211; rovinat\u00e9 etapy\"}]},{\"@type\":\"WebSite\",\"@id\":\"https:\/\/www.welovecycling.com\/sk\/#website\",\"url\":\"https:\/\/www.welovecycling.com\/sk\/\",\"name\":\"\u0160koda We Love Cycling Slovensko\",\"description\":\"\u0160koda We Love Cycling Slovensko je v\u00e1\u0161 ka\u017edodenn\u00fd zdroj noviniek a in\u0161pir\u00e1cie z sveta cyklistiky\",\"potentialAction\":[{\"@type\":\"SearchAction\",\"target\":{\"@type\":\"EntryPoint\",\"urlTemplate\":\"https:\/\/www.welovecycling.com\/sk\/?s={search_term_string}\"},\"query-input\":{\"@type\":\"PropertyValueSpecification\",\"valueRequired\":true,\"valueName\":\"search_term_string\"}}],\"inLanguage\":\"sk-SK\"},{\"@type\":\"Person\",\"@id\":\"https:\/\/www.welovecycling.com\/sk\/#\/schema\/person\/533b62b98b6c41bd5135ebfb1f742624\",\"name\":\"dominika\",\"image\":{\"@type\":\"ImageObject\",\"inLanguage\":\"sk-SK\",\"@id\":\"https:\/\/www.welovecycling.com\/sk\/#\/schema\/person\/image\/\",\"url\":\"https:\/\/secure.gravatar.com\/avatar\/ded6f274ba2ec3e17fff153f7d9d96a4b33c2cb63907f75d9a5309c599a7f3e6?s=96&d=mm&r=g\",\"contentUrl\":\"https:\/\/secure.gravatar.com\/avatar\/ded6f274ba2ec3e17fff153f7d9d96a4b33c2cb63907f75d9a5309c599a7f3e6?s=96&d=mm&r=g\",\"caption\":\"dominika\"},\"url\":\"https:\/\/www.welovecycling.com\/sk\/author\/dominika\/\"}]}<\/script>\n<!-- \/ Yoast SEO Premium plugin. -->","yoast_head_json":{"title":"V\u00fd\u017eiva po\u010das Tour de France - rovinat\u00e9 etapy","description":"Jazdci na Tour s\u00fa v\u0161eobecne zn\u00e1mi extr\u00e9mnym mno\u017estvom jedla, ktor\u00e9 musia skonzumova\u0165, aby vydr\u017eali naplno fungova\u0165 cel\u00fdch 21 dn\u00ed.","robots":{"index":"index","follow":"follow","max-snippet":"max-snippet:-1","max-image-preview":"max-image-preview:large","max-video-preview":"max-video-preview:-1"},"canonical":"https:\/\/www.welovecycling.com\/sk\/2020\/09\/16\/vyziva-pocas-tour-de-france-rovinate-etapy\/","og_locale":"sk_SK","og_type":"article","og_title":"V\u00fd\u017eiva po\u010das Tour de France - rovinat\u00e9 etapy","og_description":"Jazdci na Tour s\u00fa v\u0161eobecne zn\u00e1mi extr\u00e9mnym mno\u017estvom jedla, ktor\u00e9 musia skonzumova\u0165, aby vydr\u017eali naplno fungova\u0165 cel\u00fdch 21 dn\u00ed.","og_url":"https:\/\/www.welovecycling.com\/sk\/2020\/09\/16\/vyziva-pocas-tour-de-france-rovinate-etapy\/","og_site_name":"\u0160koda We Love Cycling Slovensko","article_published_time":"2020-09-16T08:00:39+00:00","article_modified_time":"2023-04-13T09:59:54+00:00","og_image":[{"width":1366,"height":600,"url":"https:\/\/d2p6e6u75xmxt8.cloudfront.net\/4\/2020\/09\/Tour-de-France-CVR-profimedia-0461255532.webp","type":"image\/webp"}],"author":"dominika","twitter_card":"summary_large_image","twitter_misc":{"Written by":"Ji\u0159\u00ed Kalo\u010d","Est. reading time":"5"},"schema":{"@context":"https:\/\/schema.org","@graph":[{"@type":"WebPage","@id":"https:\/\/www.welovecycling.com\/sk\/2020\/09\/16\/vyziva-pocas-tour-de-france-rovinate-etapy\/","url":"https:\/\/www.welovecycling.com\/sk\/2020\/09\/16\/vyziva-pocas-tour-de-france-rovinate-etapy\/","name":"V\u00fd\u017eiva po\u010das Tour de France - rovinat\u00e9 etapy","isPartOf":{"@id":"https:\/\/www.welovecycling.com\/sk\/#website"},"primaryImageOfPage":{"@id":"https:\/\/www.welovecycling.com\/sk\/2020\/09\/16\/vyziva-pocas-tour-de-france-rovinate-etapy\/#primaryimage"},"image":{"@id":"https:\/\/www.welovecycling.com\/sk\/2020\/09\/16\/vyziva-pocas-tour-de-france-rovinate-etapy\/#primaryimage"},"thumbnailUrl":"https:\/\/d2p6e6u75xmxt8.cloudfront.net\/4\/2020\/09\/Tour-de-France-CVR-profimedia-0461255532.webp","datePublished":"2020-09-16T08:00:39+00:00","dateModified":"2023-04-13T09:59:54+00:00","author":{"@id":"https:\/\/www.welovecycling.com\/sk\/#\/schema\/person\/533b62b98b6c41bd5135ebfb1f742624"},"description":"Jazdci na Tour s\u00fa v\u0161eobecne zn\u00e1mi extr\u00e9mnym mno\u017estvom jedla, ktor\u00e9 musia skonzumova\u0165, aby vydr\u017eali naplno fungova\u0165 cel\u00fdch 21 dn\u00ed.","breadcrumb":{"@id":"https:\/\/www.welovecycling.com\/sk\/2020\/09\/16\/vyziva-pocas-tour-de-france-rovinate-etapy\/#breadcrumb"},"inLanguage":"sk-SK","potentialAction":[{"@type":"ReadAction","target":["https:\/\/www.welovecycling.com\/sk\/2020\/09\/16\/vyziva-pocas-tour-de-france-rovinate-etapy\/"]}]},{"@type":"ImageObject","inLanguage":"sk-SK","@id":"https:\/\/www.welovecycling.com\/sk\/2020\/09\/16\/vyziva-pocas-tour-de-france-rovinate-etapy\/#primaryimage","url":"https:\/\/d2p6e6u75xmxt8.cloudfront.net\/4\/2020\/09\/Tour-de-France-CVR-profimedia-0461255532.webp","contentUrl":"https:\/\/d2p6e6u75xmxt8.cloudfront.net\/4\/2020\/09\/Tour-de-France-CVR-profimedia-0461255532.webp","width":1366,"height":600,"caption":"Tour de France"},{"@type":"BreadcrumbList","@id":"https:\/\/www.welovecycling.com\/sk\/2020\/09\/16\/vyziva-pocas-tour-de-france-rovinate-etapy\/#breadcrumb","itemListElement":[{"@type":"ListItem","position":1,"name":"Home","item":"https:\/\/www.welovecycling.com\/sk\/"},{"@type":"ListItem","position":2,"name":"V\u00fd\u017eiva po\u010das Tour de France &#8211; rovinat\u00e9 etapy"}]},{"@type":"WebSite","@id":"https:\/\/www.welovecycling.com\/sk\/#website","url":"https:\/\/www.welovecycling.com\/sk\/","name":"\u0160koda We Love Cycling Slovensko","description":"\u0160koda We Love Cycling Slovensko je v\u00e1\u0161 ka\u017edodenn\u00fd zdroj noviniek a in\u0161pir\u00e1cie z sveta cyklistiky","potentialAction":[{"@type":"SearchAction","target":{"@type":"EntryPoint","urlTemplate":"https:\/\/www.welovecycling.com\/sk\/?s={search_term_string}"},"query-input":{"@type":"PropertyValueSpecification","valueRequired":true,"valueName":"search_term_string"}}],"inLanguage":"sk-SK"},{"@type":"Person","@id":"https:\/\/www.welovecycling.com\/sk\/#\/schema\/person\/533b62b98b6c41bd5135ebfb1f742624","name":"dominika","image":{"@type":"ImageObject","inLanguage":"sk-SK","@id":"https:\/\/www.welovecycling.com\/sk\/#\/schema\/person\/image\/","url":"https:\/\/secure.gravatar.com\/avatar\/ded6f274ba2ec3e17fff153f7d9d96a4b33c2cb63907f75d9a5309c599a7f3e6?s=96&d=mm&r=g","contentUrl":"https:\/\/secure.gravatar.com\/avatar\/ded6f274ba2ec3e17fff153f7d9d96a4b33c2cb63907f75d9a5309c599a7f3e6?s=96&d=mm&r=g","caption":"dominika"},"url":"https:\/\/www.welovecycling.com\/sk\/author\/dominika\/"}]}},"_links":{"self":[{"href":"https:\/\/www.welovecycling.com\/sk\/wp-json\/wp\/v2\/posts\/10682","targetHints":{"allow":["GET"]}}],"collection":[{"href":"https:\/\/www.welovecycling.com\/sk\/wp-json\/wp\/v2\/posts"}],"about":[{"href":"https:\/\/www.welovecycling.com\/sk\/wp-json\/wp\/v2\/types\/post"}],"author":[{"embeddable":true,"href":"https:\/\/www.welovecycling.com\/sk\/wp-json\/wp\/v2\/users\/172"}],"replies":[{"embeddable":true,"href":"https:\/\/www.welovecycling.com\/sk\/wp-json\/wp\/v2\/comments?post=10682"}],"version-history":[{"count":2,"href":"https:\/\/www.welovecycling.com\/sk\/wp-json\/wp\/v2\/posts\/10682\/revisions"}],"predecessor-version":[{"id":17126,"href":"https:\/\/www.welovecycling.com\/sk\/wp-json\/wp\/v2\/posts\/10682\/revisions\/17126"}],"wp:featuredmedia":[{"embeddable":true,"href":"https:\/\/www.welovecycling.com\/sk\/wp-json\/wp\/v2\/media\/10686"}],"wp:attachment":[{"href":"https:\/\/www.welovecycling.com\/sk\/wp-json\/wp\/v2\/media?parent=10682"}],"wp:term":[{"taxonomy":"category","embeddable":true,"href":"https:\/\/www.welovecycling.com\/sk\/wp-json\/wp\/v2\/categories?post=10682"},{"taxonomy":"post_tag","embeddable":true,"href":"https:\/\/www.welovecycling.com\/sk\/wp-json\/wp\/v2\/tags?post=10682"},{"taxonomy":"global-categories","embeddable":true,"href":"https:\/\/www.welovecycling.com\/sk\/wp-json\/wp\/v2\/global-categories?post=10682"}],"curies":[{"name":"wp","href":"https:\/\/api.w.org\/{rel}","templated":true}]}}