{"id":10676,"date":"2020-09-19T09:00:58","date_gmt":"2020-09-19T07:00:58","guid":{"rendered":"https:\/\/www.welovecycling.com\/sk\/?p=10676"},"modified":"2023-04-12T12:53:50","modified_gmt":"2023-04-12T10:53:50","slug":"5-najzaujimavejsich-etap-tour-de-france-vsetkych-cias","status":"publish","type":"post","link":"https:\/\/www.welovecycling.com\/sk\/2020\/09\/19\/5-najzaujimavejsich-etap-tour-de-france-vsetkych-cias\/","title":{"rendered":"5 najzauj\u00edmavej\u0161\u00edch et\u00e1p Tour de France v\u0161etk\u00fdch \u010dias"},"content":{"rendered":"<p><strong>Ka\u017ed\u00fd rok nach\u00e1dzaj\u00fa organiz\u00e1tori Tour de France nov\u00fd sp\u00f4sob, ako da\u0165 dokopy 21 et\u00e1p s neopakovate\u013enou atmosf\u00e9rou a jedine\u010dn\u00fdm charakterom. Napriek tomu existuje nieko\u013eko et\u00e1p, ktor\u00e9 s\u00fa nato\u013eko popul\u00e1rne, \u017ee ich v\u00eddavame op\u00e4tovne sa navraca\u0165. Na in\u00e9 sa naopak r\u00fdchlo zab\u00fada. Pozrime sa teda pr\u00e1ve na tie, ktor\u00e9 definovali Tour de France po\u010das jej 107. ro\u010dn\u00edkov.<\/strong><br \/>\n<!--more--><\/p>\n<h2><strong>Najdlh\u0161ia etapa<\/strong><\/h2>\n<p>\u00davodn\u00e9 roky Starej d\u00e1my s\u00fa zn\u00e1me predov\u0161etk\u00fdm pre jej extr\u00e9mne parametre et\u00e1p. Preto nie je ni\u010d\u00edm prekvapiv\u00fdm, \u017ee najdlh\u0161ia etapa hist\u00f3rie bola zaraden\u00e1 do harmonogramu v roku 1919. I\u0161lo o neuverite\u013en\u00fd \u201ev\u00fdlet\u201c, ktor\u00fd <strong>meral a\u017e 482 kilometrov<\/strong>. Previedol jazdcov z Les Sables d\u2019Olonne a\u017e do Bayonne. Samotn\u00e9mu v\u00ed\u0165azovi, Jeanovi Alavoine, to trvalo dlh\u00fdch 18 hod\u00edn a 54 min\u00fat! Priemern\u00e1 d\u013a\u017eka et\u00e1p bola kone\u010dne skr\u00e1ten\u00e1 a\u017e po roku 1945. Tie najdlh\u0161ie merali do 350 kilometrov. Navy\u0161e v uplynul\u00fdch 20 rokoch sme sa do\u010dkali e\u0161te v\u00fdraznej\u0161ieho ukrojovania kilometrov, \u010do sa prejavuje v maxim\u00e1lnej d\u013a\u017eke 250 km. Jedno je ist\u00e9 &#8211; <strong>jazdci na za\u010diatku minul\u00e9ho storo\u010dia asi nepoznali boles\u0165<\/strong>.<\/p>\n<figure id=\"attachment_10585\" aria-describedby=\"caption-attachment-10585\" style=\"width: 1250px\" class=\"wp-caption alignnone\"><img loading=\"lazy\" decoding=\"async\" class=\"size-full wp-image-10585\" src=\"https:\/\/d2p6e6u75xmxt8.cloudfront.net\/4\/2020\/08\/profimedia-0067944227-1.jpg\" alt=\"Tour de France\" width=\"1250\" height=\"854\" \/><figcaption id=\"caption-attachment-10585\" class=\"wp-caption-text\">Horsk\u00e1 etapa po\u010das Tour de France 1910. \u00a9 Profimedia<\/figcaption><\/figure>\n<h2><strong>Najkrat\u0161ia etapa<\/strong><\/h2>\n<p>Aj ke\u010f zdol\u00e1va\u0165 dlh\u00e9 etapy je v\u00fdsadou Tour de France, je to pr\u00e1ve mnohorakos\u0165, ktor\u00e1 z nej rob\u00ed tak \u00fachvatn\u00e9 a zauj\u00edmav\u00e9 divadlo. Najkrat\u0161ou kedy prejdenou etapou so spolo\u010dn\u00fdm \u0161tartom bola t\u00e1 15. z roku 1971. Trasa mierila z Luchon do Superbagn\u00e9res. <strong>Celkovo tak merala len 19,6 km.<\/strong> Z\u00e1ludnos\u0165ou bola v\u0161ak skuto\u010dnos\u0165, \u017ee na tomto kr\u00e1tkom \u00faseku museli pretek\u00e1ri zdola\u0165 a\u017e 1 900 v\u00fd\u0161kov\u00fdch metrov v Pyrenejsk\u00fdch hor\u00e1ch.<\/p>\n<p>Jose Manuel Fuente vyhral t\u00fato legend\u00e1rnu etapu s fin\u00e1lnym \u010dasom 48 min\u00fat a 42 sek\u00fand. Najkrat\u0161ou rovinatou etapou bola 38 km dlh\u00e1 \u201e\u010dasovka\u201c na Tour 1988. Adri van der Poel v nej dok\u00e1zal zv\u00ed\u0165azi\u0165 po 46 min\u00fatach a 36 sekund\u00e1ch. V ten sam\u00fd rok sa uskuto\u010dnila aj najkrat\u0161ia \u010dasovka hist\u00f3rie, ktor\u00e1 bola prol\u00f3gom s d\u013a\u017ekou 1 km. Guido Bontempi ju vyhral po 1 min\u00fate a 14 sekund\u00e1ch.<\/p>\n<h2><strong>Najn\u00e1ro\u010dnej\u0161ia etapa<\/strong><\/h2>\n<p>Na to, aby sme sa dop\u00e1trali po najn\u00e1ro\u010dnej\u0161ej etape, mus\u00edme \u00eds\u0165 hlboko do dej\u00edn Tour de France. Tak\u00fato \u010des\u0165 si zasl\u00fa\u017ei etapa s \u010d\u00edslom 10, ktor\u00e1 bola s\u00fa\u010das\u0165ou Tour 1926. Pelot\u00f3n op\u00e4\u0165 \u0161tartoval v Bayonne a mal za \u00falohu <strong>zdola\u0165 4 \u0165a\u017ek\u00e9 horsk\u00e9 st\u00fapania<\/strong> &#8211; Aubisque, Tourmalet, Aspin a Peyresourde &#8211; predt\u00fdm, ako zakon\u010dil de\u0148 v Luchon. K tomu v\u0161etk\u00e9mu je potrebn\u00e9 pripo\u010d\u00edta\u0165 aj nesmierne zl\u00e9 po\u010dasie. Celkov\u00fd po\u010det, ktor\u00fd sa na \u0148u o polnoci vydal je 76 jazdcov. Po 17 hodin\u00e1ch a 12 min\u00fatach pre\u0165al Lucien Buysee ako prv\u00fd cie\u013eov\u00fa p\u00e1sku. Druh\u00fd pri\u0161iel po 25 min\u00fatach a \u010fal\u0161\u00edch 10 pretek\u00e1rov po hodine.<\/p>\n<p>\u010cas plynul a noc sa op\u00e4\u0165 preklopila do druh\u00e9ho r\u00e1na. Len 47 jazdcov dorazilo do Luchon &#8211; mnoh\u00ed z nich sa tu dopravili autobusom. Zvy\u0161ok pretek\u00e1rov zozbierali organiz\u00e1tori po\u010das etapy. Etapa s \u010d\u00edslom 18 v roku 1983 si taktie\u017e zasl\u00fa\u017ei svoje \u010destn\u00e9 miesto. Pelot\u00f3n mal pred sebou 247,5 km a 6\u00a0685 v\u00fd\u0161kov\u00fdch metrov. Jacques Michaud vyhral v tento de\u0148 po 7 hodin\u00e1ch a 45 min\u00fatach.<\/p>\n<h2><strong>Najkraj\u0161ia etapa<\/strong><\/h2>\n<p>T\u00e1to kateg\u00f3ria je osobitne d\u00f4kladne oce\u0148ovan\u00e1, ke\u010f\u017ee takmer ka\u017ed\u00e1 z horsk\u00fdch et\u00e1p je pova\u017eovan\u00e1 za \u00fachvatn\u00fa a pln\u00fa scen\u00e9ri\u00ed a s\u00fabojov. 10. etapa v roku 1962 m\u00e1 v sebe nie\u010do \u0161peci\u00e1lne, preto\u017ee to je de\u0148, kedy sa zrodila legenda o Aple d\u2019Huez. S\u00fa\u010dasne i\u0161lo o prv\u00fd ro\u010dn\u00edk, kedy sa k pelot\u00f3nu pripojili aj motorky s kameramanmi na svojich sedadl\u00e1ch. Tak mali fan\u00fa\u0161ikovia po celom svete mo\u017enos\u0165 vidie\u0165 Tour ako nikdy predt\u00fdm. Rovnako i\u0161lo o prv\u00fd rok s etapou, kon\u010diacou na vrchole st\u00fapania &#8211; <strong>kde inde, ak nie na Alpe d\u2019Huez<\/strong>.<\/p>\n<p>Dychber\u00face z\u00e1bery tohto n\u00e1dhern\u00e9ho st\u00fapania sa stali okam\u017eit\u00fdm hitom, \u010do zapr\u00ed\u010dinilo, \u017ee Tour sa sem vr\u00e1tila e\u0161te nieko\u013ekokr\u00e1t. V roku 2013 museli pretek\u00e1ri toto st\u00fapanie absolvova\u0165 dokonca dvakr\u00e1t. Rekord\u00e9rom v r\u00fdchlostnom v\u00fdstupe na vrchol je Marco Pantani, ktor\u00fd zdolal \u00factyhodn\u00fdch 14,5 km s prev\u00fd\u0161en\u00edm 1 135 metrov za 37 min\u00fat a 35 sek\u00fand. Priemerne tr\u00e9novan\u00fd cyklista by potreboval odhadom hodinu a pol, pokia\u013e by spojil za\u010diatok a koniec tohto kopca.<\/p>\n<lite-youtube videoid=HR8lUdPVE_Y params=\"enablejsapi=1\" style=\"background-image: url('https:\/\/i.ytimg.com\/vi_webp\/HR8lUdPVE_Y\/maxresdefault.webp');\"><\/lite-youtube>\n<h2><strong>Najdesivej\u0161ia etapa<\/strong><\/h2>\n<p>Etapou, ktor\u00e1 nah\u00e1\u0148ala strach podstatnej \u010dasti pelot\u00f3nu nie je ani najdlh\u0161ia ani najkopcovitej\u0161ia \u010das\u0165 Tour de France. To, \u010doho sa pretek\u00e1ri boja, je kombin\u00e1cia kr\u00e1tkej vzdialenosti s ve\u013ek\u00fdm prev\u00fd\u0161en\u00edm. To be\u017ene predpoved\u00e1 \u0161ialen\u00e9 tempo od \u0161tartu a\u017e do cie\u013ea, bez mo\u017enosti odd\u00fdchnu\u0165 si \u010do aspo\u0148 na chv\u00ed\u013eu. <strong>Etapa s \u010d\u00edslom 17 v roku 2018<\/strong> je charakterizovan\u00e1 t\u00fdmto popisom takmer dokonale. I\u0161lo o 65\u00a0km dlh\u00fa trasu z Bagn\u00e9res-de-Luchon do Saint-Lary-Soulan. V\u00e4\u010d\u0161ia \u010das\u0165 &#8211; 38 km &#8211; bolo v st\u00fapan\u00ed na tri kopce. Pri poh\u013eade na profil by ste nespozorovali ani meter roviny &#8211; bu\u010f sa i\u0161lo do alebo z kopca.<\/p>\n<p>Z\u00e1verom bol fini\u0161 na Col du Portet. \u010co podtrhuje \u0161pecifickos\u0165 tejto etapy, je \u0161tart ako z Formuly 1. Prv\u00fdch 20 pretek\u00e1rov malo \u00favodn\u00fd n\u00e1skok, po ktorom ho postupne za\u010dali dobieha\u0165 4\u00a0oddelen\u00e9 skupiny, rozdelen\u00e9 pod\u013ea celkovej klasifik\u00e1cie. Nebudeme klama\u0165, ak povieme, \u017ee i\u0161lo o dr\u00e1mu od za\u010diatku a\u017e do cie\u013ea. V\u0161etko sa rozhodlo a\u017e v poslednom st\u00fapan\u00ed, kedy po \u00fatoku Naira Quintanu nemohol odpoveda\u0165 ani Chris Froome a ani Geraint Thomas.<\/p>\n","protected":false},"excerpt":{"rendered":"<p>Ka\u017ed\u00fd rok nach\u00e1dzaj\u00fa organiz\u00e1tori Tour de France nov\u00fd sp\u00f4sob, ako da\u0165 dokopy 21 et\u00e1p s neopakovate\u013enou atmosf\u00e9rou a jedine\u010dn\u00fdm charakterom. [&hellip;]<\/p>\n","protected":false},"author":172,"featured_media":10587,"comment_status":"open","ping_status":"open","sticky":false,"template":"","format":"standard","meta":{"footnotes":""},"categories":[4],"tags":[1253,115,119,331,306,149,876,171,116,46,179,1252,20,1249,269],"global-categories":[],"class_list":["post-10676","post","type-post","status-publish","format-standard","has-post-thumbnail","hentry","category-cestna-cyklisitika","tag-alpe-dhuez","tag-cestna-cyklistika","tag-chris-froome","tag-etapove-preteky","tag-francuzsko","tag-geraint-thomas","tag-historia","tag-marco-pantani","tag-nairo-quintana","tag-peter-sagan","tag-preteky","tag-stara-dama","tag-tour-de-france","tag-tour-de-france-2020","tag-vitaz"],"yoast_head":"<!-- This site is optimized with the Yoast SEO Premium plugin v25.3 (Yoast SEO v25.9) - https:\/\/yoast.com\/wordpress\/plugins\/seo\/ -->\n<title>5 najzauj\u00edmavej\u0161\u00edch et\u00e1p Tour de France v\u0161etk\u00fdch \u010dias<\/title>\n<meta name=\"description\" content=\"Ka\u017ed\u00fd rok nach\u00e1dzaj\u00fa organiz\u00e1tori Tour de France nov\u00fd sp\u00f4sob, ako da\u0165 dokopy 21 et\u00e1p s neopakovate\u013enou atmosf\u00e9rou a jedine\u010dn\u00fdm charakterom.\" \/>\n<meta name=\"robots\" content=\"index, follow, max-snippet:-1, max-image-preview:large, max-video-preview:-1\" \/>\n<link rel=\"canonical\" href=\"https:\/\/www.welovecycling.com\/sk\/2020\/09\/19\/5-najzaujimavejsich-etap-tour-de-france-vsetkych-cias\/\" \/>\n<meta property=\"og:locale\" content=\"sk_SK\" \/>\n<meta property=\"og:type\" content=\"article\" \/>\n<meta property=\"og:title\" content=\"5 najzauj\u00edmavej\u0161\u00edch et\u00e1p Tour de France v\u0161etk\u00fdch \u010dias\" \/>\n<meta property=\"og:description\" content=\"Ka\u017ed\u00fd rok nach\u00e1dzaj\u00fa organiz\u00e1tori Tour de France nov\u00fd sp\u00f4sob, ako da\u0165 dokopy 21 et\u00e1p s neopakovate\u013enou atmosf\u00e9rou a jedine\u010dn\u00fdm charakterom.\" \/>\n<meta property=\"og:url\" content=\"https:\/\/www.welovecycling.com\/sk\/2020\/09\/19\/5-najzaujimavejsich-etap-tour-de-france-vsetkych-cias\/\" \/>\n<meta property=\"og:site_name\" content=\"\u0160koda We Love Cycling Slovensko\" \/>\n<meta property=\"article:published_time\" content=\"2020-09-19T07:00:58+00:00\" \/>\n<meta property=\"article:modified_time\" content=\"2023-04-12T10:53:50+00:00\" \/>\n<meta property=\"og:image\" content=\"https:\/\/d2p6e6u75xmxt8.cloudfront.net\/4\/2020\/08\/Nairo-Quintana-CVR-profimedia-0379497038.webp\" \/>\n\t<meta property=\"og:image:width\" content=\"1366\" \/>\n\t<meta property=\"og:image:height\" content=\"600\" \/>\n\t<meta property=\"og:image:type\" content=\"image\/webp\" \/>\n<meta name=\"author\" content=\"dominika\" \/>\n<meta name=\"twitter:card\" content=\"summary_large_image\" \/>\n<meta name=\"twitter:label1\" content=\"Written by\" \/>\n\t<meta name=\"twitter:data1\" content=\"Ji\u0159\u00ed Kalo\u010d\" \/>\n\t<meta name=\"twitter:label2\" content=\"Est. reading time\" \/>\n\t<meta name=\"twitter:data2\" content=\"7\" \/>\n<script type=\"application\/ld+json\" class=\"yoast-schema-graph\">{\"@context\":\"https:\/\/schema.org\",\"@graph\":[{\"@type\":\"WebPage\",\"@id\":\"https:\/\/www.welovecycling.com\/sk\/2020\/09\/19\/5-najzaujimavejsich-etap-tour-de-france-vsetkych-cias\/\",\"url\":\"https:\/\/www.welovecycling.com\/sk\/2020\/09\/19\/5-najzaujimavejsich-etap-tour-de-france-vsetkych-cias\/\",\"name\":\"5 najzauj\u00edmavej\u0161\u00edch et\u00e1p Tour de France v\u0161etk\u00fdch \u010dias\",\"isPartOf\":{\"@id\":\"https:\/\/www.welovecycling.com\/sk\/#website\"},\"primaryImageOfPage\":{\"@id\":\"https:\/\/www.welovecycling.com\/sk\/2020\/09\/19\/5-najzaujimavejsich-etap-tour-de-france-vsetkych-cias\/#primaryimage\"},\"image\":{\"@id\":\"https:\/\/www.welovecycling.com\/sk\/2020\/09\/19\/5-najzaujimavejsich-etap-tour-de-france-vsetkych-cias\/#primaryimage\"},\"thumbnailUrl\":\"https:\/\/d2p6e6u75xmxt8.cloudfront.net\/4\/2020\/08\/Nairo-Quintana-CVR-profimedia-0379497038.webp\",\"datePublished\":\"2020-09-19T07:00:58+00:00\",\"dateModified\":\"2023-04-12T10:53:50+00:00\",\"author\":{\"@id\":\"https:\/\/www.welovecycling.com\/sk\/#\/schema\/person\/533b62b98b6c41bd5135ebfb1f742624\"},\"description\":\"Ka\u017ed\u00fd rok nach\u00e1dzaj\u00fa organiz\u00e1tori Tour de France nov\u00fd sp\u00f4sob, ako da\u0165 dokopy 21 et\u00e1p s neopakovate\u013enou atmosf\u00e9rou a jedine\u010dn\u00fdm charakterom.\",\"breadcrumb\":{\"@id\":\"https:\/\/www.welovecycling.com\/sk\/2020\/09\/19\/5-najzaujimavejsich-etap-tour-de-france-vsetkych-cias\/#breadcrumb\"},\"inLanguage\":\"sk-SK\",\"potentialAction\":[{\"@type\":\"ReadAction\",\"target\":[\"https:\/\/www.welovecycling.com\/sk\/2020\/09\/19\/5-najzaujimavejsich-etap-tour-de-france-vsetkych-cias\/\"]}]},{\"@type\":\"ImageObject\",\"inLanguage\":\"sk-SK\",\"@id\":\"https:\/\/www.welovecycling.com\/sk\/2020\/09\/19\/5-najzaujimavejsich-etap-tour-de-france-vsetkych-cias\/#primaryimage\",\"url\":\"https:\/\/d2p6e6u75xmxt8.cloudfront.net\/4\/2020\/08\/Nairo-Quintana-CVR-profimedia-0379497038.webp\",\"contentUrl\":\"https:\/\/d2p6e6u75xmxt8.cloudfront.net\/4\/2020\/08\/Nairo-Quintana-CVR-profimedia-0379497038.webp\",\"width\":1366,\"height\":600},{\"@type\":\"BreadcrumbList\",\"@id\":\"https:\/\/www.welovecycling.com\/sk\/2020\/09\/19\/5-najzaujimavejsich-etap-tour-de-france-vsetkych-cias\/#breadcrumb\",\"itemListElement\":[{\"@type\":\"ListItem\",\"position\":1,\"name\":\"Home\",\"item\":\"https:\/\/www.welovecycling.com\/sk\/\"},{\"@type\":\"ListItem\",\"position\":2,\"name\":\"5 najzauj\u00edmavej\u0161\u00edch et\u00e1p Tour de France v\u0161etk\u00fdch \u010dias\"}]},{\"@type\":\"WebSite\",\"@id\":\"https:\/\/www.welovecycling.com\/sk\/#website\",\"url\":\"https:\/\/www.welovecycling.com\/sk\/\",\"name\":\"\u0160koda We Love Cycling Slovensko\",\"description\":\"\u0160koda We Love Cycling Slovensko je v\u00e1\u0161 ka\u017edodenn\u00fd zdroj noviniek a in\u0161pir\u00e1cie z sveta cyklistiky\",\"potentialAction\":[{\"@type\":\"SearchAction\",\"target\":{\"@type\":\"EntryPoint\",\"urlTemplate\":\"https:\/\/www.welovecycling.com\/sk\/?s={search_term_string}\"},\"query-input\":{\"@type\":\"PropertyValueSpecification\",\"valueRequired\":true,\"valueName\":\"search_term_string\"}}],\"inLanguage\":\"sk-SK\"},{\"@type\":\"Person\",\"@id\":\"https:\/\/www.welovecycling.com\/sk\/#\/schema\/person\/533b62b98b6c41bd5135ebfb1f742624\",\"name\":\"dominika\",\"image\":{\"@type\":\"ImageObject\",\"inLanguage\":\"sk-SK\",\"@id\":\"https:\/\/www.welovecycling.com\/sk\/#\/schema\/person\/image\/\",\"url\":\"https:\/\/secure.gravatar.com\/avatar\/ded6f274ba2ec3e17fff153f7d9d96a4b33c2cb63907f75d9a5309c599a7f3e6?s=96&d=mm&r=g\",\"contentUrl\":\"https:\/\/secure.gravatar.com\/avatar\/ded6f274ba2ec3e17fff153f7d9d96a4b33c2cb63907f75d9a5309c599a7f3e6?s=96&d=mm&r=g\",\"caption\":\"dominika\"},\"url\":\"https:\/\/www.welovecycling.com\/sk\/author\/dominika\/\"}]}<\/script>\n<!-- \/ Yoast SEO Premium plugin. -->","yoast_head_json":{"title":"5 najzauj\u00edmavej\u0161\u00edch et\u00e1p Tour de France v\u0161etk\u00fdch \u010dias","description":"Ka\u017ed\u00fd rok nach\u00e1dzaj\u00fa organiz\u00e1tori Tour de France nov\u00fd sp\u00f4sob, ako da\u0165 dokopy 21 et\u00e1p s neopakovate\u013enou atmosf\u00e9rou a jedine\u010dn\u00fdm charakterom.","robots":{"index":"index","follow":"follow","max-snippet":"max-snippet:-1","max-image-preview":"max-image-preview:large","max-video-preview":"max-video-preview:-1"},"canonical":"https:\/\/www.welovecycling.com\/sk\/2020\/09\/19\/5-najzaujimavejsich-etap-tour-de-france-vsetkych-cias\/","og_locale":"sk_SK","og_type":"article","og_title":"5 najzauj\u00edmavej\u0161\u00edch et\u00e1p Tour de France v\u0161etk\u00fdch \u010dias","og_description":"Ka\u017ed\u00fd rok nach\u00e1dzaj\u00fa organiz\u00e1tori Tour de France nov\u00fd sp\u00f4sob, ako da\u0165 dokopy 21 et\u00e1p s neopakovate\u013enou atmosf\u00e9rou a jedine\u010dn\u00fdm charakterom.","og_url":"https:\/\/www.welovecycling.com\/sk\/2020\/09\/19\/5-najzaujimavejsich-etap-tour-de-france-vsetkych-cias\/","og_site_name":"\u0160koda We Love Cycling Slovensko","article_published_time":"2020-09-19T07:00:58+00:00","article_modified_time":"2023-04-12T10:53:50+00:00","og_image":[{"width":1366,"height":600,"url":"https:\/\/d2p6e6u75xmxt8.cloudfront.net\/4\/2020\/08\/Nairo-Quintana-CVR-profimedia-0379497038.webp","type":"image\/webp"}],"author":"dominika","twitter_card":"summary_large_image","twitter_misc":{"Written by":"Ji\u0159\u00ed Kalo\u010d","Est. reading time":"7"},"schema":{"@context":"https:\/\/schema.org","@graph":[{"@type":"WebPage","@id":"https:\/\/www.welovecycling.com\/sk\/2020\/09\/19\/5-najzaujimavejsich-etap-tour-de-france-vsetkych-cias\/","url":"https:\/\/www.welovecycling.com\/sk\/2020\/09\/19\/5-najzaujimavejsich-etap-tour-de-france-vsetkych-cias\/","name":"5 najzauj\u00edmavej\u0161\u00edch et\u00e1p Tour de France v\u0161etk\u00fdch \u010dias","isPartOf":{"@id":"https:\/\/www.welovecycling.com\/sk\/#website"},"primaryImageOfPage":{"@id":"https:\/\/www.welovecycling.com\/sk\/2020\/09\/19\/5-najzaujimavejsich-etap-tour-de-france-vsetkych-cias\/#primaryimage"},"image":{"@id":"https:\/\/www.welovecycling.com\/sk\/2020\/09\/19\/5-najzaujimavejsich-etap-tour-de-france-vsetkych-cias\/#primaryimage"},"thumbnailUrl":"https:\/\/d2p6e6u75xmxt8.cloudfront.net\/4\/2020\/08\/Nairo-Quintana-CVR-profimedia-0379497038.webp","datePublished":"2020-09-19T07:00:58+00:00","dateModified":"2023-04-12T10:53:50+00:00","author":{"@id":"https:\/\/www.welovecycling.com\/sk\/#\/schema\/person\/533b62b98b6c41bd5135ebfb1f742624"},"description":"Ka\u017ed\u00fd rok nach\u00e1dzaj\u00fa organiz\u00e1tori Tour de France nov\u00fd sp\u00f4sob, ako da\u0165 dokopy 21 et\u00e1p s neopakovate\u013enou atmosf\u00e9rou a jedine\u010dn\u00fdm charakterom.","breadcrumb":{"@id":"https:\/\/www.welovecycling.com\/sk\/2020\/09\/19\/5-najzaujimavejsich-etap-tour-de-france-vsetkych-cias\/#breadcrumb"},"inLanguage":"sk-SK","potentialAction":[{"@type":"ReadAction","target":["https:\/\/www.welovecycling.com\/sk\/2020\/09\/19\/5-najzaujimavejsich-etap-tour-de-france-vsetkych-cias\/"]}]},{"@type":"ImageObject","inLanguage":"sk-SK","@id":"https:\/\/www.welovecycling.com\/sk\/2020\/09\/19\/5-najzaujimavejsich-etap-tour-de-france-vsetkych-cias\/#primaryimage","url":"https:\/\/d2p6e6u75xmxt8.cloudfront.net\/4\/2020\/08\/Nairo-Quintana-CVR-profimedia-0379497038.webp","contentUrl":"https:\/\/d2p6e6u75xmxt8.cloudfront.net\/4\/2020\/08\/Nairo-Quintana-CVR-profimedia-0379497038.webp","width":1366,"height":600},{"@type":"BreadcrumbList","@id":"https:\/\/www.welovecycling.com\/sk\/2020\/09\/19\/5-najzaujimavejsich-etap-tour-de-france-vsetkych-cias\/#breadcrumb","itemListElement":[{"@type":"ListItem","position":1,"name":"Home","item":"https:\/\/www.welovecycling.com\/sk\/"},{"@type":"ListItem","position":2,"name":"5 najzauj\u00edmavej\u0161\u00edch et\u00e1p Tour de France v\u0161etk\u00fdch \u010dias"}]},{"@type":"WebSite","@id":"https:\/\/www.welovecycling.com\/sk\/#website","url":"https:\/\/www.welovecycling.com\/sk\/","name":"\u0160koda We Love Cycling Slovensko","description":"\u0160koda We Love Cycling Slovensko je v\u00e1\u0161 ka\u017edodenn\u00fd zdroj noviniek a in\u0161pir\u00e1cie z sveta cyklistiky","potentialAction":[{"@type":"SearchAction","target":{"@type":"EntryPoint","urlTemplate":"https:\/\/www.welovecycling.com\/sk\/?s={search_term_string}"},"query-input":{"@type":"PropertyValueSpecification","valueRequired":true,"valueName":"search_term_string"}}],"inLanguage":"sk-SK"},{"@type":"Person","@id":"https:\/\/www.welovecycling.com\/sk\/#\/schema\/person\/533b62b98b6c41bd5135ebfb1f742624","name":"dominika","image":{"@type":"ImageObject","inLanguage":"sk-SK","@id":"https:\/\/www.welovecycling.com\/sk\/#\/schema\/person\/image\/","url":"https:\/\/secure.gravatar.com\/avatar\/ded6f274ba2ec3e17fff153f7d9d96a4b33c2cb63907f75d9a5309c599a7f3e6?s=96&d=mm&r=g","contentUrl":"https:\/\/secure.gravatar.com\/avatar\/ded6f274ba2ec3e17fff153f7d9d96a4b33c2cb63907f75d9a5309c599a7f3e6?s=96&d=mm&r=g","caption":"dominika"},"url":"https:\/\/www.welovecycling.com\/sk\/author\/dominika\/"}]}},"_links":{"self":[{"href":"https:\/\/www.welovecycling.com\/sk\/wp-json\/wp\/v2\/posts\/10676","targetHints":{"allow":["GET"]}}],"collection":[{"href":"https:\/\/www.welovecycling.com\/sk\/wp-json\/wp\/v2\/posts"}],"about":[{"href":"https:\/\/www.welovecycling.com\/sk\/wp-json\/wp\/v2\/types\/post"}],"author":[{"embeddable":true,"href":"https:\/\/www.welovecycling.com\/sk\/wp-json\/wp\/v2\/users\/172"}],"replies":[{"embeddable":true,"href":"https:\/\/www.welovecycling.com\/sk\/wp-json\/wp\/v2\/comments?post=10676"}],"version-history":[{"count":2,"href":"https:\/\/www.welovecycling.com\/sk\/wp-json\/wp\/v2\/posts\/10676\/revisions"}],"predecessor-version":[{"id":17094,"href":"https:\/\/www.welovecycling.com\/sk\/wp-json\/wp\/v2\/posts\/10676\/revisions\/17094"}],"wp:featuredmedia":[{"embeddable":true,"href":"https:\/\/www.welovecycling.com\/sk\/wp-json\/wp\/v2\/media\/10587"}],"wp:attachment":[{"href":"https:\/\/www.welovecycling.com\/sk\/wp-json\/wp\/v2\/media?parent=10676"}],"wp:term":[{"taxonomy":"category","embeddable":true,"href":"https:\/\/www.welovecycling.com\/sk\/wp-json\/wp\/v2\/categories?post=10676"},{"taxonomy":"post_tag","embeddable":true,"href":"https:\/\/www.welovecycling.com\/sk\/wp-json\/wp\/v2\/tags?post=10676"},{"taxonomy":"global-categories","embeddable":true,"href":"https:\/\/www.welovecycling.com\/sk\/wp-json\/wp\/v2\/global-categories?post=10676"}],"curies":[{"name":"wp","href":"https:\/\/api.w.org\/{rel}","templated":true}]}}