{"id":10668,"date":"2020-09-11T10:00:26","date_gmt":"2020-09-11T08:00:26","guid":{"rendered":"https:\/\/www.welovecycling.com\/sk\/?p=10668"},"modified":"2023-04-13T12:35:20","modified_gmt":"2023-04-13T10:35:20","slug":"pribeh-skoda-zeleneho-dresu-a-legenda-o-petrovi-saganovi","status":"publish","type":"post","link":"https:\/\/www.welovecycling.com\/sk\/2020\/09\/11\/pribeh-skoda-zeleneho-dresu-a-legenda-o-petrovi-saganovi\/","title":{"rendered":"Pr\u00edbeh \u0160koda Zelen\u00e9ho dresu a legenda o Petrovi Saganovi"},"content":{"rendered":"<p><strong>Ak by ste na internete h\u013eadali obr\u00e1zky Petra Sagana, 30-ro\u010dn\u00e9ho slovensk\u00e9ho profesion\u00e1lneho cyklistu, vo v\u00fdsledkoch by jednozna\u010dne dominovala zelen\u00e1 farba. D\u00f4vod je jednoduch\u00fd &#8211; Peter dr\u017e\u00ed svetov\u00fd rekord za najv\u00e4\u010d\u0161\u00ed po\u010det z\u00edskan\u00fdch \u0160koda Zelen\u00fdch dresov, ktor\u00e9 s\u00fa ude\u013eovan\u00e9 na Tour de France. Tento \u201e\u0161print\u00e9rsky\u201c dres vy\u017eaduje od jazdca univerz\u00e1lnos\u0165 a v\u0161eobecn\u00fa zru\u010dnos\u0165 pri ovl\u00e1dan\u00ed bicykla, kreativitu v sedle a v neposlednom rade aj ohromuj\u00facu silu n\u00f4h. Ako je to teda, \u017ee Peter dok\u00e1\u017ee tieto dresy vyhr\u00e1va\u0165 rok po roku, a to aj napriek tomu, \u017ee sa etapy a ich charakter neust\u00e1le menia? Po\u010fme sa na to pozrie\u0165.<\/strong><!--more--><\/p>\n<h2><strong><span style=\"font-size: 18pt; background-color: #4ba82e;\"><a style=\"color: #ffffff;\" href=\"https:\/\/www.welovecycling.com\/sk\/tour-de-france-2020\/\" target=\"_blank\" rel=\"noopener noreferrer\">\u00a0Vyhrajte podp\u00edsan\u00fd zelen\u00fd dres a \u010fal\u0161ie ceny! &gt;&gt;\u00a0<\/a><\/span><\/strong><\/h2>\n<p>Jednotliv\u00e9 \u0161peci\u00e1lne dresy Tour de France a pr\u00edbehy, ktor\u00e9 dotv\u00e1raj\u00fa ich hist\u00f3riu, s\u00fa samotn\u00fdmi legendami v ich vlastnom slova zmysle. Av\u0161ak maillot vert si zasl\u00fa\u017ei osobit\u00fa pozornos\u0165, ke\u010f\u017ee jeho ude\u013eovanie sa za\u010dalo pr\u00e1ve po najsl\u00e1vnej\u0161om, \u017eltom drese. Navy\u0161e po b\u00farliv\u00fdch rozhodnutiach. Dalo by sa poveda\u0165, \u017ee Zelen\u00fd dres je <strong>v\u00fdsledkom t\u00fa\u017eby organiz\u00e1torov Le Tour po vytvoren\u00ed vyrovnanej\u0161ej a s\u00fa\u010dasne p\u00fatavej\u0161ej Starej d\u00e1my<\/strong>. P\u00f4vodne bol v\u00ed\u0165az Tour vyhl\u00e1sen\u00fd pod\u013ea celkov\u00e9ho \u010dasu, ktor\u00fd sa nesk\u00f4r zmenil na bodovac\u00ed syst\u00e9m, ktor\u00fd pretrval len do roku 1912. Po tomto d\u00e1tume sa navr\u00e1tilo hodnotenie na z\u00e1klade \u010dasu. Aby tieto body op\u00e4tovne navr\u00e1tili do syst\u00e9mu pretekov a taktie\u017e pridali o tro\u0161ku viac nap\u00e4tia, organiz\u00e1tori sa rozhodli prida\u0165 dodato\u010dn\u00fa bodovaciu s\u00fa\u0165a\u017e v roku 1953 &#8211; bol to rok, kedy Tour oslavovala svoje 50. v\u00fdro\u010die.<\/p>\n<figure id=\"attachment_10669\" aria-describedby=\"caption-attachment-10669\" style=\"width: 1024px\" class=\"wp-caption alignnone\"><a href=\"https:\/\/d2p6e6u75xmxt8.cloudfront.net\/2\/2020\/09\/profimedia-0139554138.jpg\"><img loading=\"lazy\" decoding=\"async\" class=\"wp-image-10669 size-large\" src=\"https:\/\/d2p6e6u75xmxt8.cloudfront.net\/4\/2020\/09\/profimedia-0139554138-1024x759.jpg\" alt=\"1953 Tour\" width=\"1024\" height=\"759\" \/><\/a><figcaption id=\"caption-attachment-10669\" class=\"wp-caption-text\">Tour de France 1952 bola prvou, v ktorej sa objavil teraj\u0161\u00ed bodovac\u00ed syst\u00e9m. \u00a9 Profimedia<\/figcaption><\/figure>\n<p>Ako sme u\u017e podotkli, body s\u00fa z\u00edskavan\u00e9 na priebe\u017en\u00fdch \u0161print\u00e9rskych pr\u00e9mi\u00e1ch a v cieli et\u00e1p. Zelen\u00e1 farba pripadla tomuto dresu preto, lebo p\u00f4vodn\u00fdm sponzorom bol v\u00fdrobca kosa\u010diek. Naopak, rok 1968 je jedin\u00fdm, v ktorom sa t\u00e1to farba zmenila na \u010derven\u00fa &#8211; <strong>d\u00f4vodom bola zmena sponzora<\/strong>. Vzh\u013eadom na s\u00fa\u010dasn\u00e9ho sponzora, bola to \u0160koda, ktor\u00e1 preberala zodpovednos\u0165 za t\u00fato s\u00fa\u0165a\u017e. P\u00f4vodne i\u0161lo o cyklistick\u00fd obchod zalo\u017een\u00fd v roku 1895. \u0160koda sa nakoniec stala partnerom Tour a ofici\u00e1lnym partnerom vozov\u00e9ho parku a\u017e v roku 2004. Svoj z\u00e1v\u00e4zok nesk\u00f4r posilnila sponzorstvom \u0160koda \u201e\u0161print\u00e9rskeho\u201c Zelen\u00e9ho dresu od roku 2014.<\/p>\n<p>Profesion\u00e1lny cyklistick\u00fd svet je zn\u00e1my pre svoju zanietenos\u0165, talentovanos\u0165, fyzick\u00fa zdatnos\u0165 a vytrvalos\u0165, av\u0161ak nie v\u0161etk\u00fdch elitn\u00fdch jazdcov pozn\u00e1me z in\u00e9ho uhla, ne\u017e z perspekt\u00edvy ich trofej\u00ed a v\u00fdhier. Pr\u00e1ve Peter Sagan je t\u00fdm, ktor\u00fd <strong>nikdy neskr\u00fdva svoj \u0161ibalsk\u00fd \u00fasmev a otvoren\u00fa povahu<\/strong>. Okrem toho, \u017ee je cyklistick\u00fdm talentom, Peter je nie\u010d\u00edm ako multidisciplin\u00e1rnym umelcom. Dok\u00e1\u017ee produkova\u0165 par\u00f3die hudobn\u00fdch vide\u00ed, vzdel\u00e1vacie vide\u00e1 a v neposlednom rade aj ned\u00e1vnu <a href=\"https:\/\/www.youtube.com\/watch?v=maZgWQlkdPs&amp;ab_channel=Girod%27Italia\" target=\"_blank\" rel=\"noopener noreferrer\">up\u00fatavku na Giro d\u2019Italia. <\/a>Tu nev\u00e1hal uk\u00e1za\u0165 svoje hereck\u00e9 schopnosti. Len kr\u00e1tky prieskum vide\u00ed na YouTube v\u00e1s presved\u010d\u00ed o mno\u017estve klipov, ukazuj\u00facich Petra Sagana ako \u201ekorunovan\u00e9ho\u201c sl\u00e1vnym Zelen\u00fdm dresom, stv\u00e1raj\u00faceho z\u00e1bavn\u00e9 k\u00fasky v pelot\u00f3ne a taktie\u017e jedine\u010dn\u00e9 a neopakovate\u013en\u00e9 p\u00f3zy a gest\u00e1 pri pret\u00ednan\u00ed cie\u013eovej \u010diary.<\/p>\n<figure id=\"attachment_10670\" aria-describedby=\"caption-attachment-10670\" style=\"width: 1024px\" class=\"wp-caption alignnone\"><a href=\"https:\/\/d2p6e6u75xmxt8.cloudfront.net\/2\/2020\/09\/profimedia-0461187907.jpg\"><img loading=\"lazy\" decoding=\"async\" class=\"wp-image-10670 size-large\" src=\"https:\/\/d2p6e6u75xmxt8.cloudfront.net\/4\/2020\/09\/profimedia-0461187907-1024x682.jpg\" alt=\"Peter Sagan\" width=\"1024\" height=\"682\" \/><\/a><figcaption id=\"caption-attachment-10670\" class=\"wp-caption-text\">Sagan a jeho st\u00e1le pr\u00edtomn\u00fd \u00fasmev. \u00a9 Profimedia<\/figcaption><\/figure>\n<p>&nbsp;<\/p>\n<h2><strong>Peter Sagan &#8211; legenda<\/strong><\/h2>\n<p>Z p\u00f4vodne juniorsk\u00e9ho pretek\u00e1ra na cyklokrosov\u00fdch bicykloch a juniorsk\u00e9ho majstra sveta v XCO z roku 2008, sa Sagan postupne stal cestn\u00fdm cyklistom &#8211; <strong>legendou, ktor\u00fa pozn\u00e1 dnes cel\u00fd svet<\/strong>. Na jeho osobu sa zn\u00e1\u0161aj\u00fa tituly ako \u0161print\u00e9r, \u0161pecialista na klasiky. Tie vypl\u00fdvaj\u00fa z jeho desiatok jednorazov\u00fdch \u010di etapov\u00fdch v\u00fdhier a troch titulov majstra sveta. \u010co sa t\u00fdka \u0160koda Zelen\u00e9ho dresu Tour de France, jazdec, ktor\u00fd ho chce na konci Tour v Par\u00ed\u017ei obliec\u0165 na p\u00f3diu, mus\u00ed sp\u013a\u0148a\u0165 nieko\u013eko \u0161pecifick\u00fdch zru\u010dnost\u00ed. Pr\u00e1ve tie s\u00fa charakteristick\u00e9 pre Petra.<\/p>\n<p>Vyhra\u0165 Zelen\u00fd dres je jednoducho povedan\u00e9 n\u00e1ro\u010dn\u00e1 a komplexn\u00e1 \u00faloha, pri plnen\u00ed ktorej mus\u00edte prihliada\u0165 na viacero faktorov. Z\u00e1klad je v\u0161ak jednozna\u010dn\u00fd &#8211; body s\u00fa priradzovan\u00e9 pod\u013ea umiestnenia v cieli rovinat\u00fdch \u010di zvlnen\u00fdch et\u00e1p a taktie\u017e po\u010das priebe\u017en\u00fdch \u0161printov. Druh\u00e1 menovan\u00e1 mo\u017enos\u0165 je to, v \u010dom Peter Sagan jednozna\u010dne vynik\u00e1. Zn\u00e1my je postupn\u00fdm zbieran\u00edm bodov na pr\u00e9mi\u00e1ch, ozna\u010dovan\u00fdch aj ako \u201e\u0160koda \u0161printy\u201c. Tie od roku 2014 z\u00edskali svoje meno po sponzorovi tejto s\u00fa\u0165a\u017ee &#8211; \u0160koda.<\/p>\n<p>Sagan za\u010dal svoju v\u00ed\u0165azn\u00fa \u0161n\u00faru Zelen\u00fdch dresov v roku 2012. V roku 2018, po desiatkach et\u00e1p s hviezdnymi \u00faspechmi, <strong>zaokr\u00fahlil celkov\u00fd po\u010det dn\u00ed v Zelenom drese na \u010d\u00edslo 100<\/strong>. O rok nesk\u00f4r prepisoval hist\u00f3riu Tour de France, ke\u010f obh\u00e1jil celkov\u00e9 v\u00ed\u0165azstvo v bodovacej klasifik\u00e1cii po siedmykr\u00e1t a stanovil tak nov\u00fd rekord. \u017diaden z predch\u00e1dzaj\u00facich pretek\u00e1rov nedok\u00e1zal napodobni\u0165 tento v\u00fdkon &#8211; ani nemeck\u00fd cyklista Erik Zabel s jeho \u0161iestimi trofejami. <strong>Okrem \u00faspechov na Tour de France m\u00e1 Peter Sagan celkovo 16 etapov\u00fdch v\u00ed\u0165azstiev z Grand Tours!<\/strong><\/p>\n<p>Mysl\u00edte si, \u017ee ho Sam Bennett alebo niekto in\u00fd v tomto ro\u010dn\u00edku poraz\u00ed? Alebo <strong>ste pripraven\u00ed podporova\u0165 Pe\u0165a Sagana<\/strong> k zisku \u010fal\u0161ieho rekordn\u00e9ho po\u010dtu, teraz u\u017e \u00f4smych \u0160koda Zelen\u00fdch dresov?<\/p>\n<p><a href=\"https:\/\/www.welovecycling.com\/sk\/tour-de-france-2020\/\"><img loading=\"lazy\" decoding=\"async\" class=\"alignnone size-full wp-image-10646\" src=\"https:\/\/d2p6e6u75xmxt8.cloudfront.net\/4\/2020\/09\/WLC_TDF_2020-740x416_SK.png\" alt=\"\" width=\"740\" height=\"416\" \/><\/a><\/p>\n","protected":false},"excerpt":{"rendered":"<p>Ak by ste na internete h\u013eadali obr\u00e1zky Petra Sagana, 30-ro\u010dn\u00e9ho slovensk\u00e9ho profesion\u00e1lneho cyklistu, vo v\u00fdsledkoch by jednozna\u010dne dominovala zelen\u00e1 farba. [&hellip;]<\/p>\n","protected":false},"author":172,"featured_media":10672,"comment_status":"open","ping_status":"open","sticky":false,"template":"","format":"standard","meta":{"footnotes":""},"categories":[4],"tags":[275,115,487,546,1251,961,331,65,46,542,1249,1250,156],"global-categories":[],"class_list":["post-10668","post","type-post","status-publish","format-standard","has-post-thumbnail","hentry","category-cestna-cyklisitika","tag-cesta","tag-cestna-cyklistika","tag-cestny-bicykel","tag-cyklistika","tag-erik-zabel","tag-etapa","tag-etapove-preteky","tag-giro-d-italia","tag-peter-sagan","tag-skoda","tag-tour-de-france-2020","tag-yellov-yersey","tag-zeleny-dres"],"yoast_head":"<!-- This site is optimized with the Yoast SEO Premium plugin v25.3 (Yoast SEO v25.9) - https:\/\/yoast.com\/wordpress\/plugins\/seo\/ -->\n<title>Pr\u00edbeh \u0160koda Zelen\u00e9ho dresu a legenda o Petrovi Saganovi<\/title>\n<meta name=\"robots\" content=\"index, follow, max-snippet:-1, max-image-preview:large, max-video-preview:-1\" \/>\n<link rel=\"canonical\" href=\"https:\/\/www.welovecycling.com\/sk\/2020\/09\/11\/pribeh-skoda-zeleneho-dresu-a-legenda-o-petrovi-saganovi\/\" \/>\n<meta property=\"og:locale\" content=\"sk_SK\" \/>\n<meta property=\"og:type\" content=\"article\" \/>\n<meta property=\"og:title\" content=\"Pr\u00edbeh \u0160koda Zelen\u00e9ho dresu a legenda o Petrovi Saganovi\" \/>\n<meta property=\"og:description\" content=\"Ak by ste na internete h\u013eadali obr\u00e1zky Petra Sagana, 30-ro\u010dn\u00e9ho slovensk\u00e9ho profesion\u00e1lneho cyklistu, vo v\u00fdsledkoch by jednozna\u010dne dominovala zelen\u00e1 farba. [&hellip;]\" \/>\n<meta property=\"og:url\" content=\"https:\/\/www.welovecycling.com\/sk\/2020\/09\/11\/pribeh-skoda-zeleneho-dresu-a-legenda-o-petrovi-saganovi\/\" \/>\n<meta property=\"og:site_name\" content=\"\u0160koda We Love Cycling Slovensko\" \/>\n<meta property=\"article:published_time\" content=\"2020-09-11T08:00:26+00:00\" \/>\n<meta property=\"article:modified_time\" content=\"2023-04-13T10:35:20+00:00\" \/>\n<meta property=\"og:image\" content=\"https:\/\/d2p6e6u75xmxt8.cloudfront.net\/4\/2020\/09\/sagan-2020-profimedia-0555519798-CVR.webp\" \/>\n\t<meta property=\"og:image:width\" content=\"1366\" \/>\n\t<meta property=\"og:image:height\" content=\"600\" \/>\n\t<meta property=\"og:image:type\" content=\"image\/webp\" \/>\n<meta name=\"author\" content=\"dominika\" \/>\n<meta name=\"twitter:card\" content=\"summary_large_image\" \/>\n<meta name=\"twitter:label1\" content=\"Written by\" \/>\n\t<meta name=\"twitter:data1\" content=\"WeLoveCycling\" \/>\n\t<meta name=\"twitter:label2\" content=\"Est. reading time\" \/>\n\t<meta name=\"twitter:data2\" content=\"5\" \/>\n<script type=\"application\/ld+json\" class=\"yoast-schema-graph\">{\"@context\":\"https:\/\/schema.org\",\"@graph\":[{\"@type\":\"WebPage\",\"@id\":\"https:\/\/www.welovecycling.com\/sk\/2020\/09\/11\/pribeh-skoda-zeleneho-dresu-a-legenda-o-petrovi-saganovi\/\",\"url\":\"https:\/\/www.welovecycling.com\/sk\/2020\/09\/11\/pribeh-skoda-zeleneho-dresu-a-legenda-o-petrovi-saganovi\/\",\"name\":\"Pr\u00edbeh \u0160koda Zelen\u00e9ho dresu a legenda o Petrovi Saganovi\",\"isPartOf\":{\"@id\":\"https:\/\/www.welovecycling.com\/sk\/#website\"},\"primaryImageOfPage\":{\"@id\":\"https:\/\/www.welovecycling.com\/sk\/2020\/09\/11\/pribeh-skoda-zeleneho-dresu-a-legenda-o-petrovi-saganovi\/#primaryimage\"},\"image\":{\"@id\":\"https:\/\/www.welovecycling.com\/sk\/2020\/09\/11\/pribeh-skoda-zeleneho-dresu-a-legenda-o-petrovi-saganovi\/#primaryimage\"},\"thumbnailUrl\":\"https:\/\/d2p6e6u75xmxt8.cloudfront.net\/4\/2020\/09\/sagan-2020-profimedia-0555519798-CVR.webp\",\"datePublished\":\"2020-09-11T08:00:26+00:00\",\"dateModified\":\"2023-04-13T10:35:20+00:00\",\"author\":{\"@id\":\"https:\/\/www.welovecycling.com\/sk\/#\/schema\/person\/533b62b98b6c41bd5135ebfb1f742624\"},\"breadcrumb\":{\"@id\":\"https:\/\/www.welovecycling.com\/sk\/2020\/09\/11\/pribeh-skoda-zeleneho-dresu-a-legenda-o-petrovi-saganovi\/#breadcrumb\"},\"inLanguage\":\"sk-SK\",\"potentialAction\":[{\"@type\":\"ReadAction\",\"target\":[\"https:\/\/www.welovecycling.com\/sk\/2020\/09\/11\/pribeh-skoda-zeleneho-dresu-a-legenda-o-petrovi-saganovi\/\"]}]},{\"@type\":\"ImageObject\",\"inLanguage\":\"sk-SK\",\"@id\":\"https:\/\/www.welovecycling.com\/sk\/2020\/09\/11\/pribeh-skoda-zeleneho-dresu-a-legenda-o-petrovi-saganovi\/#primaryimage\",\"url\":\"https:\/\/d2p6e6u75xmxt8.cloudfront.net\/4\/2020\/09\/sagan-2020-profimedia-0555519798-CVR.webp\",\"contentUrl\":\"https:\/\/d2p6e6u75xmxt8.cloudfront.net\/4\/2020\/09\/sagan-2020-profimedia-0555519798-CVR.webp\",\"width\":1366,\"height\":600,\"caption\":\"Sagan Tour 2020\"},{\"@type\":\"BreadcrumbList\",\"@id\":\"https:\/\/www.welovecycling.com\/sk\/2020\/09\/11\/pribeh-skoda-zeleneho-dresu-a-legenda-o-petrovi-saganovi\/#breadcrumb\",\"itemListElement\":[{\"@type\":\"ListItem\",\"position\":1,\"name\":\"Home\",\"item\":\"https:\/\/www.welovecycling.com\/sk\/\"},{\"@type\":\"ListItem\",\"position\":2,\"name\":\"Pr\u00edbeh \u0160koda Zelen\u00e9ho dresu a legenda o Petrovi Saganovi\"}]},{\"@type\":\"WebSite\",\"@id\":\"https:\/\/www.welovecycling.com\/sk\/#website\",\"url\":\"https:\/\/www.welovecycling.com\/sk\/\",\"name\":\"\u0160koda We Love Cycling Slovensko\",\"description\":\"\u0160koda We Love Cycling Slovensko je v\u00e1\u0161 ka\u017edodenn\u00fd zdroj noviniek a in\u0161pir\u00e1cie z sveta cyklistiky\",\"potentialAction\":[{\"@type\":\"SearchAction\",\"target\":{\"@type\":\"EntryPoint\",\"urlTemplate\":\"https:\/\/www.welovecycling.com\/sk\/?s={search_term_string}\"},\"query-input\":{\"@type\":\"PropertyValueSpecification\",\"valueRequired\":true,\"valueName\":\"search_term_string\"}}],\"inLanguage\":\"sk-SK\"},{\"@type\":\"Person\",\"@id\":\"https:\/\/www.welovecycling.com\/sk\/#\/schema\/person\/533b62b98b6c41bd5135ebfb1f742624\",\"name\":\"dominika\",\"image\":{\"@type\":\"ImageObject\",\"inLanguage\":\"sk-SK\",\"@id\":\"https:\/\/www.welovecycling.com\/sk\/#\/schema\/person\/image\/\",\"url\":\"https:\/\/secure.gravatar.com\/avatar\/ded6f274ba2ec3e17fff153f7d9d96a4b33c2cb63907f75d9a5309c599a7f3e6?s=96&d=mm&r=g\",\"contentUrl\":\"https:\/\/secure.gravatar.com\/avatar\/ded6f274ba2ec3e17fff153f7d9d96a4b33c2cb63907f75d9a5309c599a7f3e6?s=96&d=mm&r=g\",\"caption\":\"dominika\"},\"url\":\"https:\/\/www.welovecycling.com\/sk\/author\/dominika\/\"}]}<\/script>\n<!-- \/ Yoast SEO Premium plugin. -->","yoast_head_json":{"title":"Pr\u00edbeh \u0160koda Zelen\u00e9ho dresu a legenda o Petrovi Saganovi","robots":{"index":"index","follow":"follow","max-snippet":"max-snippet:-1","max-image-preview":"max-image-preview:large","max-video-preview":"max-video-preview:-1"},"canonical":"https:\/\/www.welovecycling.com\/sk\/2020\/09\/11\/pribeh-skoda-zeleneho-dresu-a-legenda-o-petrovi-saganovi\/","og_locale":"sk_SK","og_type":"article","og_title":"Pr\u00edbeh \u0160koda Zelen\u00e9ho dresu a legenda o Petrovi Saganovi","og_description":"Ak by ste na internete h\u013eadali obr\u00e1zky Petra Sagana, 30-ro\u010dn\u00e9ho slovensk\u00e9ho profesion\u00e1lneho cyklistu, vo v\u00fdsledkoch by jednozna\u010dne dominovala zelen\u00e1 farba. [&hellip;]","og_url":"https:\/\/www.welovecycling.com\/sk\/2020\/09\/11\/pribeh-skoda-zeleneho-dresu-a-legenda-o-petrovi-saganovi\/","og_site_name":"\u0160koda We Love Cycling Slovensko","article_published_time":"2020-09-11T08:00:26+00:00","article_modified_time":"2023-04-13T10:35:20+00:00","og_image":[{"width":1366,"height":600,"url":"https:\/\/d2p6e6u75xmxt8.cloudfront.net\/4\/2020\/09\/sagan-2020-profimedia-0555519798-CVR.webp","type":"image\/webp"}],"author":"dominika","twitter_card":"summary_large_image","twitter_misc":{"Written by":"WeLoveCycling","Est. reading time":"5"},"schema":{"@context":"https:\/\/schema.org","@graph":[{"@type":"WebPage","@id":"https:\/\/www.welovecycling.com\/sk\/2020\/09\/11\/pribeh-skoda-zeleneho-dresu-a-legenda-o-petrovi-saganovi\/","url":"https:\/\/www.welovecycling.com\/sk\/2020\/09\/11\/pribeh-skoda-zeleneho-dresu-a-legenda-o-petrovi-saganovi\/","name":"Pr\u00edbeh \u0160koda Zelen\u00e9ho dresu a legenda o Petrovi Saganovi","isPartOf":{"@id":"https:\/\/www.welovecycling.com\/sk\/#website"},"primaryImageOfPage":{"@id":"https:\/\/www.welovecycling.com\/sk\/2020\/09\/11\/pribeh-skoda-zeleneho-dresu-a-legenda-o-petrovi-saganovi\/#primaryimage"},"image":{"@id":"https:\/\/www.welovecycling.com\/sk\/2020\/09\/11\/pribeh-skoda-zeleneho-dresu-a-legenda-o-petrovi-saganovi\/#primaryimage"},"thumbnailUrl":"https:\/\/d2p6e6u75xmxt8.cloudfront.net\/4\/2020\/09\/sagan-2020-profimedia-0555519798-CVR.webp","datePublished":"2020-09-11T08:00:26+00:00","dateModified":"2023-04-13T10:35:20+00:00","author":{"@id":"https:\/\/www.welovecycling.com\/sk\/#\/schema\/person\/533b62b98b6c41bd5135ebfb1f742624"},"breadcrumb":{"@id":"https:\/\/www.welovecycling.com\/sk\/2020\/09\/11\/pribeh-skoda-zeleneho-dresu-a-legenda-o-petrovi-saganovi\/#breadcrumb"},"inLanguage":"sk-SK","potentialAction":[{"@type":"ReadAction","target":["https:\/\/www.welovecycling.com\/sk\/2020\/09\/11\/pribeh-skoda-zeleneho-dresu-a-legenda-o-petrovi-saganovi\/"]}]},{"@type":"ImageObject","inLanguage":"sk-SK","@id":"https:\/\/www.welovecycling.com\/sk\/2020\/09\/11\/pribeh-skoda-zeleneho-dresu-a-legenda-o-petrovi-saganovi\/#primaryimage","url":"https:\/\/d2p6e6u75xmxt8.cloudfront.net\/4\/2020\/09\/sagan-2020-profimedia-0555519798-CVR.webp","contentUrl":"https:\/\/d2p6e6u75xmxt8.cloudfront.net\/4\/2020\/09\/sagan-2020-profimedia-0555519798-CVR.webp","width":1366,"height":600,"caption":"Sagan Tour 2020"},{"@type":"BreadcrumbList","@id":"https:\/\/www.welovecycling.com\/sk\/2020\/09\/11\/pribeh-skoda-zeleneho-dresu-a-legenda-o-petrovi-saganovi\/#breadcrumb","itemListElement":[{"@type":"ListItem","position":1,"name":"Home","item":"https:\/\/www.welovecycling.com\/sk\/"},{"@type":"ListItem","position":2,"name":"Pr\u00edbeh \u0160koda Zelen\u00e9ho dresu a legenda o Petrovi Saganovi"}]},{"@type":"WebSite","@id":"https:\/\/www.welovecycling.com\/sk\/#website","url":"https:\/\/www.welovecycling.com\/sk\/","name":"\u0160koda We Love Cycling Slovensko","description":"\u0160koda We Love Cycling Slovensko je v\u00e1\u0161 ka\u017edodenn\u00fd zdroj noviniek a in\u0161pir\u00e1cie z sveta cyklistiky","potentialAction":[{"@type":"SearchAction","target":{"@type":"EntryPoint","urlTemplate":"https:\/\/www.welovecycling.com\/sk\/?s={search_term_string}"},"query-input":{"@type":"PropertyValueSpecification","valueRequired":true,"valueName":"search_term_string"}}],"inLanguage":"sk-SK"},{"@type":"Person","@id":"https:\/\/www.welovecycling.com\/sk\/#\/schema\/person\/533b62b98b6c41bd5135ebfb1f742624","name":"dominika","image":{"@type":"ImageObject","inLanguage":"sk-SK","@id":"https:\/\/www.welovecycling.com\/sk\/#\/schema\/person\/image\/","url":"https:\/\/secure.gravatar.com\/avatar\/ded6f274ba2ec3e17fff153f7d9d96a4b33c2cb63907f75d9a5309c599a7f3e6?s=96&d=mm&r=g","contentUrl":"https:\/\/secure.gravatar.com\/avatar\/ded6f274ba2ec3e17fff153f7d9d96a4b33c2cb63907f75d9a5309c599a7f3e6?s=96&d=mm&r=g","caption":"dominika"},"url":"https:\/\/www.welovecycling.com\/sk\/author\/dominika\/"}]}},"_links":{"self":[{"href":"https:\/\/www.welovecycling.com\/sk\/wp-json\/wp\/v2\/posts\/10668","targetHints":{"allow":["GET"]}}],"collection":[{"href":"https:\/\/www.welovecycling.com\/sk\/wp-json\/wp\/v2\/posts"}],"about":[{"href":"https:\/\/www.welovecycling.com\/sk\/wp-json\/wp\/v2\/types\/post"}],"author":[{"embeddable":true,"href":"https:\/\/www.welovecycling.com\/sk\/wp-json\/wp\/v2\/users\/172"}],"replies":[{"embeddable":true,"href":"https:\/\/www.welovecycling.com\/sk\/wp-json\/wp\/v2\/comments?post=10668"}],"version-history":[{"count":2,"href":"https:\/\/www.welovecycling.com\/sk\/wp-json\/wp\/v2\/posts\/10668\/revisions"}],"predecessor-version":[{"id":17131,"href":"https:\/\/www.welovecycling.com\/sk\/wp-json\/wp\/v2\/posts\/10668\/revisions\/17131"}],"wp:featuredmedia":[{"embeddable":true,"href":"https:\/\/www.welovecycling.com\/sk\/wp-json\/wp\/v2\/media\/10672"}],"wp:attachment":[{"href":"https:\/\/www.welovecycling.com\/sk\/wp-json\/wp\/v2\/media?parent=10668"}],"wp:term":[{"taxonomy":"category","embeddable":true,"href":"https:\/\/www.welovecycling.com\/sk\/wp-json\/wp\/v2\/categories?post=10668"},{"taxonomy":"post_tag","embeddable":true,"href":"https:\/\/www.welovecycling.com\/sk\/wp-json\/wp\/v2\/tags?post=10668"},{"taxonomy":"global-categories","embeddable":true,"href":"https:\/\/www.welovecycling.com\/sk\/wp-json\/wp\/v2\/global-categories?post=10668"}],"curies":[{"name":"wp","href":"https:\/\/api.w.org\/{rel}","templated":true}]}}