{"id":10648,"date":"2020-09-14T12:00:41","date_gmt":"2020-09-14T10:00:41","guid":{"rendered":"https:\/\/www.welovecycling.com\/sk\/?p=10648"},"modified":"2020-09-10T09:55:30","modified_gmt":"2020-09-10T07:55:30","slug":"pozvanka-detska-tour-petra-sagana-pokracuje-kolom-v-ziline","status":"publish","type":"post","link":"https:\/\/www.welovecycling.com\/sk\/2020\/09\/14\/pozvanka-detska-tour-petra-sagana-pokracuje-kolom-v-ziline\/","title":{"rendered":"Pozv\u00e1nka: Detsk\u00e1 Tour Petra Sagana pokra\u010duje kolom v\u00a0\u017diline"},"content":{"rendered":"<p><strong>Po \u0161tyroch vydaren\u00fdch podujatiach Detskej Tour Petra Sagana sa pripravte na to \u010fal\u0161ie &#8211; tentokr\u00e1t piate zav\u00edta do \u017diliny, kde sa bude bojova\u0165 o\u00a0predposledn\u00e9 body do celkov\u00e9ho hodnotenia, ale aj o\u00a0jednotliv\u00e9 v\u00ed\u0165azstv\u00e1.<\/strong><!--more--><\/p>\n<p>Stretneme sa teda <strong>19. septembra 2020 &#8211; v\u00a0sobotu v\u00a0lesoparku Chras\u0165 v\u00a0\u017diline<\/strong>. Konkr\u00e9tne sa v\u0161etko bude dia\u0165 na detskom ihrisku na Univerzitnej ulici. Jedno miesto posl\u00fa\u017ei aj ako \u0161tart, aj ako cie\u013e, tak\u017ee sa nemus\u00edte ob\u00e1va\u0165 o\u00a0pr\u00edpadn\u00e9 pres\u00favanie sa z\u00a0miesta na miesto.<\/p>\n<div id='gallery-1' class='gallery galleryid-10648 gallery-columns-2 gallery-size-full'><figure class='gallery-item'>\n\t\t\t<div class='gallery-icon landscape'>\n\t\t\t\t<a href='https:\/\/d2p6e6u75xmxt8.cloudfront.net\/4\/2020\/09\/WLC_Pozvanka-DTPS-Zilina_01.webp'><img loading=\"lazy\" decoding=\"async\" width=\"1200\" height=\"800\" src=\"https:\/\/d2p6e6u75xmxt8.cloudfront.net\/4\/2020\/09\/WLC_Pozvanka-DTPS-Zilina_01.webp\" class=\"attachment-full size-full\" alt=\"\" aria-describedby=\"gallery-1-10651\" srcset=\"https:\/\/d2p6e6u75xmxt8.cloudfront.net\/4\/2020\/09\/WLC_Pozvanka-DTPS-Zilina_01.webp 1200w, https:\/\/d2p6e6u75xmxt8.cloudfront.net\/4\/2020\/09\/WLC_Pozvanka-DTPS-Zilina_01-300x200.webp 300w, https:\/\/d2p6e6u75xmxt8.cloudfront.net\/4\/2020\/09\/WLC_Pozvanka-DTPS-Zilina_01-1024x683.webp 1024w, https:\/\/d2p6e6u75xmxt8.cloudfront.net\/4\/2020\/09\/WLC_Pozvanka-DTPS-Zilina_01-768x512.webp 768w, https:\/\/d2p6e6u75xmxt8.cloudfront.net\/4\/2020\/09\/WLC_Pozvanka-DTPS-Zilina_01-272x182.webp 272w\" sizes=\"auto, (max-width: 1200px) 100vw, 1200px\" \/><\/a>\n\t\t\t<\/div>\n\t\t\t\t<figcaption class='wp-caption-text gallery-caption' id='gallery-1-10651'>\n\t\t\t\tOLYMPUS DIGITAL CAMERA\n\t\t\t\t<\/figcaption><\/figure><figure class='gallery-item'>\n\t\t\t<div class='gallery-icon landscape'>\n\t\t\t\t<a href='https:\/\/d2p6e6u75xmxt8.cloudfront.net\/4\/2020\/09\/WLC_Pozvanka-DTPS-Zilina_02.webp'><img loading=\"lazy\" decoding=\"async\" width=\"1200\" height=\"800\" src=\"https:\/\/d2p6e6u75xmxt8.cloudfront.net\/4\/2020\/09\/WLC_Pozvanka-DTPS-Zilina_02.webp\" class=\"attachment-full size-full\" alt=\"\" aria-describedby=\"gallery-1-10652\" srcset=\"https:\/\/d2p6e6u75xmxt8.cloudfront.net\/4\/2020\/09\/WLC_Pozvanka-DTPS-Zilina_02.webp 1200w, https:\/\/d2p6e6u75xmxt8.cloudfront.net\/4\/2020\/09\/WLC_Pozvanka-DTPS-Zilina_02-300x200.webp 300w, https:\/\/d2p6e6u75xmxt8.cloudfront.net\/4\/2020\/09\/WLC_Pozvanka-DTPS-Zilina_02-1024x683.webp 1024w, https:\/\/d2p6e6u75xmxt8.cloudfront.net\/4\/2020\/09\/WLC_Pozvanka-DTPS-Zilina_02-768x512.webp 768w, https:\/\/d2p6e6u75xmxt8.cloudfront.net\/4\/2020\/09\/WLC_Pozvanka-DTPS-Zilina_02-272x182.webp 272w\" sizes=\"auto, (max-width: 1200px) 100vw, 1200px\" \/><\/a>\n\t\t\t<\/div>\n\t\t\t\t<figcaption class='wp-caption-text gallery-caption' id='gallery-1-10652'>\n\t\t\t\tOLYMPUS DIGITAL CAMERA\n\t\t\t\t<\/figcaption><\/figure>\n\t\t<\/div>\n\n<p>Ako u\u017e mnoh\u00ed z\u00a0v\u00e1s vedia, trate s\u00fa <strong>prisp\u00f4soben\u00e9 schopnostiam a\u00a0fyzickej pripravenosti<\/strong> ka\u017edej vekovej kateg\u00f3rie. S\u00a0prib\u00fadaj\u00facim vekom narast\u00e1 aj d\u013a\u017eka trate a\u00a0samozrejme aj obtia\u017enos\u0165. Pre pretek\u00e1rov je odpor\u00fa\u010dan\u00fd horsk\u00fd bicykel &#8211; s\u00a0alebo bez predn\u00e9ho odpru\u017eenia. <strong>Povinnou je prirodzene prilba.<\/strong> <\/p>\n<p><a href=\"https:\/\/d2p6e6u75xmxt8.cloudfront.net\/4\/2020\/09\/WLC_Pozvanka-DTPS-Zilina_03.jpg\"><img loading=\"lazy\" decoding=\"async\" src=\"https:\/\/d2p6e6u75xmxt8.cloudfront.net\/4\/2020\/09\/WLC_Pozvanka-DTPS-Zilina_03.jpg\" alt=\"\" width=\"1200\" height=\"800\" class=\"alignnone size-full wp-image-10653\" \/><\/a><\/p>\n<p>Registrova\u0165 sa m\u00f4\u017eete cez <strong>online prihlasovac\u00ed syst\u00e9m<\/strong>, ktor\u00fd je dostupn\u00fd na <a href=\"https:\/\/5kolo-detskatour-petrasagana.mtbiker.sk\" rel=\"noopener noreferrer\" target=\"_blank\">tomto odkaze<\/a>. Prihl\u00e1si\u0165 sa je mo\u017en\u00e9 aj v\u00a0de\u0148 konania sa podujatia na prezent\u00e1cii. Av\u0161ak nezab\u00fadajte, \u017ee t\u00e1to mo\u017enos\u0165 je limitovan\u00e1 \u010dasom \u0161tartu pr\u00edslu\u0161nej kateg\u00f3rie. Ka\u017ed\u00fd z\u00a0\u00fa\u010dastn\u00edkov z\u00edska nevratn\u00e9 \u0161tartovacie \u010d\u00edslo pod\u013ea poradia na prezent\u00e1cii (okrem Baby). Poplatok \u0161tartovn\u00e9ho je 2 \u20ac bez rozdielu kateg\u00f3rie, okrem Baby &#8211; t\u00e1 je bezplatn\u00e1. \u00da\u010dastn\u00edk obdr\u017e\u00ed miner\u00e1lnu vodu, plag\u00e1t Petra Sagana, ty\u010dinku.<\/p>\n<p><a href=\"https:\/\/d2p6e6u75xmxt8.cloudfront.net\/4\/2020\/09\/WLC_Pozvanka-DTPS-Zilina_04.jpg\"><img loading=\"lazy\" decoding=\"async\" src=\"https:\/\/d2p6e6u75xmxt8.cloudfront.net\/4\/2020\/09\/WLC_Pozvanka-DTPS-Zilina_04.jpg\" alt=\"\" width=\"1200\" height=\"800\" class=\"alignnone size-full wp-image-10654\" \/><\/a><\/p>\n<h2><strong>Kateg\u00f3rie<\/strong><\/h2>\n<ul>\n<li>Baby\t2016 a\u00a0viac<\/li>\n<li>Mikro\t2014-2015<\/li>\n<li>Mili\t2012-2013<\/li>\n<li>Mini\t2010-2011<\/li>\n<li>Mlad\u0161\u00ed \u017eiaci\/\u017eia\u010dky\t2008-2009<\/li>\n<li>Star\u0161\u00ed \u017eiaci\/\u017eia\u010dky\t2006-2007<\/li>\n<li>Mu\u017ei<\/li>\n<li>\u017deny<\/li>\n<\/ul>\n<p><a href=\"https:\/\/d2p6e6u75xmxt8.cloudfront.net\/4\/2020\/09\/WLC_Pozvanka-DTPS-Zilina_05.jpg\"><img loading=\"lazy\" decoding=\"async\" src=\"https:\/\/d2p6e6u75xmxt8.cloudfront.net\/4\/2020\/09\/WLC_Pozvanka-DTPS-Zilina_05.jpg\" alt=\"\" width=\"1200\" height=\"800\" class=\"alignnone size-full wp-image-10655\" \/><\/a><\/p>\n<h2><strong>\u010casov\u00fd harmonogram<\/strong><\/h2>\n<p><strong>18. septembra (piatok)<\/strong><\/p>\n<ul>\n<li>17:00 &#8211; 18:30\tPrezent\u00e1cia<\/li>\n<\/ul>\n<p><strong>19. septembra (sobota)<\/strong><\/p>\n<ul>\n<li>08:00 &#8211; 10:00\tPrezent\u00e1cia<\/li>\n<li>10:00 &#8211; \u0160tart jednotliv\u00fdch kateg\u00f3ri\u00ed pod\u013ea veku vzostupne<\/li>\n<\/ul>\n<p>Nezab\u00fadajte, \u017ee st\u00e1le pretrv\u00e1vaj\u00fa nariadenia proti \u0161\u00edreniu n\u00e1kazy Covid-19, <strong>teda dbajte na hygienick\u00e9 upozornenia<\/strong>, noste r\u00fa\u0161ka a\u00a0sna\u017ete sa vyh\u00fdba\u0165 nadmern\u00e9mu zhroma\u017e\u010fovaniu viacer\u00fdch os\u00f4b na jednom mieste. <strong>Te\u0161\u00edme sa na v\u00e1s!<\/strong><\/p>\n<p>Zdroj fotografi\u00ed: Detsk\u00e1 Tour Petra Sagana<\/p>\n","protected":false},"excerpt":{"rendered":"<p>Po \u0161tyroch vydaren\u00fdch podujatiach Detskej Tour Petra Sagana sa pripravte na to \u010fal\u0161ie &#8211; tentokr\u00e1t piate zav\u00edta do \u017diliny, kde [&hellip;]<\/p>\n","protected":false},"author":81,"featured_media":10650,"comment_status":"open","ping_status":"open","sticky":false,"template":"","format":"standard","meta":{"footnotes":""},"categories":[51],"tags":[559,619,53,764,54,180,532,178,600,46,179,256,1072,475,821],"global-categories":[1074],"class_list":["post-10648","post","type-post","status-publish","format-standard","has-post-thumbnail","hentry","category-deti-na-bicykloch","tag-bicykel","tag-bicyklovanie","tag-deti","tag-detska-tour-petra-sagana","tag-detske-bicykle","tag-horska-cyklistika","tag-jazdenie","tag-maraton","tag-muzi","tag-peter-sagan","tag-preteky","tag-sezona","tag-trat","tag-zeny","tag-zilina","global-categories-cycling"],"yoast_head":"<!-- This site is optimized with the Yoast SEO Premium plugin v25.3 (Yoast SEO v25.9) - https:\/\/yoast.com\/wordpress\/plugins\/seo\/ -->\n<title>Pozv\u00e1nka: Detsk\u00e1 Tour Petra Sagana pokra\u010duje kolom v\u00a0\u017diline - \u0160koda We Love Cycling Slovensko<\/title>\n<meta name=\"robots\" content=\"index, follow, max-snippet:-1, max-image-preview:large, max-video-preview:-1\" \/>\n<link rel=\"canonical\" href=\"https:\/\/www.welovecycling.com\/sk\/2020\/09\/14\/pozvanka-detska-tour-petra-sagana-pokracuje-kolom-v-ziline\/\" \/>\n<meta property=\"og:locale\" content=\"sk_SK\" \/>\n<meta property=\"og:type\" content=\"article\" \/>\n<meta property=\"og:title\" content=\"Pozv\u00e1nka: Detsk\u00e1 Tour Petra Sagana pokra\u010duje kolom v\u00a0\u017diline\" \/>\n<meta property=\"og:description\" content=\"Po \u0161tyroch vydaren\u00fdch podujatiach Detskej Tour Petra Sagana sa pripravte na to \u010fal\u0161ie &#8211; tentokr\u00e1t piate zav\u00edta do \u017diliny, kde [&hellip;]\" \/>\n<meta property=\"og:url\" content=\"https:\/\/www.welovecycling.com\/sk\/2020\/09\/14\/pozvanka-detska-tour-petra-sagana-pokracuje-kolom-v-ziline\/\" \/>\n<meta property=\"og:site_name\" content=\"\u0160koda We Love Cycling Slovensko\" \/>\n<meta property=\"article:published_time\" content=\"2020-09-14T10:00:41+00:00\" \/>\n<meta property=\"og:image\" content=\"https:\/\/d2p6e6u75xmxt8.cloudfront.net\/4\/2020\/09\/WLC_Pozvanka-DTPS-Zilina_00.webp\" \/>\n\t<meta property=\"og:image:width\" content=\"1380\" \/>\n\t<meta property=\"og:image:height\" content=\"600\" \/>\n\t<meta property=\"og:image:type\" content=\"image\/webp\" \/>\n<meta name=\"twitter:card\" content=\"summary_large_image\" \/>\n<meta name=\"twitter:label1\" content=\"Written by\" \/>\n\t<meta name=\"twitter:data1\" content=\"WeLoveCycyling\" \/>\n\t<meta name=\"twitter:label2\" content=\"Est. reading time\" \/>\n\t<meta name=\"twitter:data2\" content=\"2\" \/>\n<script type=\"application\/ld+json\" class=\"yoast-schema-graph\">{\"@context\":\"https:\/\/schema.org\",\"@graph\":[{\"@type\":\"WebPage\",\"@id\":\"https:\/\/www.welovecycling.com\/sk\/2020\/09\/14\/pozvanka-detska-tour-petra-sagana-pokracuje-kolom-v-ziline\/\",\"url\":\"https:\/\/www.welovecycling.com\/sk\/2020\/09\/14\/pozvanka-detska-tour-petra-sagana-pokracuje-kolom-v-ziline\/\",\"name\":\"Pozv\u00e1nka: Detsk\u00e1 Tour Petra Sagana pokra\u010duje kolom v\u00a0\u017diline - \u0160koda We Love Cycling Slovensko\",\"isPartOf\":{\"@id\":\"https:\/\/www.welovecycling.com\/sk\/#website\"},\"primaryImageOfPage\":{\"@id\":\"https:\/\/www.welovecycling.com\/sk\/2020\/09\/14\/pozvanka-detska-tour-petra-sagana-pokracuje-kolom-v-ziline\/#primaryimage\"},\"image\":{\"@id\":\"https:\/\/www.welovecycling.com\/sk\/2020\/09\/14\/pozvanka-detska-tour-petra-sagana-pokracuje-kolom-v-ziline\/#primaryimage\"},\"thumbnailUrl\":\"https:\/\/d2p6e6u75xmxt8.cloudfront.net\/4\/2020\/09\/WLC_Pozvanka-DTPS-Zilina_00.webp\",\"datePublished\":\"2020-09-14T10:00:41+00:00\",\"author\":{\"@id\":\"\"},\"breadcrumb\":{\"@id\":\"https:\/\/www.welovecycling.com\/sk\/2020\/09\/14\/pozvanka-detska-tour-petra-sagana-pokracuje-kolom-v-ziline\/#breadcrumb\"},\"inLanguage\":\"sk-SK\",\"potentialAction\":[{\"@type\":\"ReadAction\",\"target\":[\"https:\/\/www.welovecycling.com\/sk\/2020\/09\/14\/pozvanka-detska-tour-petra-sagana-pokracuje-kolom-v-ziline\/\"]}]},{\"@type\":\"ImageObject\",\"inLanguage\":\"sk-SK\",\"@id\":\"https:\/\/www.welovecycling.com\/sk\/2020\/09\/14\/pozvanka-detska-tour-petra-sagana-pokracuje-kolom-v-ziline\/#primaryimage\",\"url\":\"https:\/\/d2p6e6u75xmxt8.cloudfront.net\/4\/2020\/09\/WLC_Pozvanka-DTPS-Zilina_00.webp\",\"contentUrl\":\"https:\/\/d2p6e6u75xmxt8.cloudfront.net\/4\/2020\/09\/WLC_Pozvanka-DTPS-Zilina_00.webp\",\"width\":1380,\"height\":600,\"caption\":\"OLYMPUS DIGITAL CAMERA\"},{\"@type\":\"BreadcrumbList\",\"@id\":\"https:\/\/www.welovecycling.com\/sk\/2020\/09\/14\/pozvanka-detska-tour-petra-sagana-pokracuje-kolom-v-ziline\/#breadcrumb\",\"itemListElement\":[{\"@type\":\"ListItem\",\"position\":1,\"name\":\"Home\",\"item\":\"https:\/\/www.welovecycling.com\/sk\/\"},{\"@type\":\"ListItem\",\"position\":2,\"name\":\"Pozv\u00e1nka: Detsk\u00e1 Tour Petra Sagana pokra\u010duje kolom v\u00a0\u017diline\"}]},{\"@type\":\"WebSite\",\"@id\":\"https:\/\/www.welovecycling.com\/sk\/#website\",\"url\":\"https:\/\/www.welovecycling.com\/sk\/\",\"name\":\"\u0160koda We Love Cycling Slovensko\",\"description\":\"\u0160koda We Love Cycling Slovensko je v\u00e1\u0161 ka\u017edodenn\u00fd zdroj noviniek a in\u0161pir\u00e1cie z sveta cyklistiky\",\"potentialAction\":[{\"@type\":\"SearchAction\",\"target\":{\"@type\":\"EntryPoint\",\"urlTemplate\":\"https:\/\/www.welovecycling.com\/sk\/?s={search_term_string}\"},\"query-input\":{\"@type\":\"PropertyValueSpecification\",\"valueRequired\":true,\"valueName\":\"search_term_string\"}}],\"inLanguage\":\"sk-SK\"},{\"@type\":\"Person\",\"@id\":\"\",\"url\":\"https:\/\/www.welovecycling.com\/sk\/author\/\"}]}<\/script>\n<!-- \/ Yoast SEO Premium plugin. -->","yoast_head_json":{"title":"Pozv\u00e1nka: Detsk\u00e1 Tour Petra Sagana pokra\u010duje kolom v\u00a0\u017diline - \u0160koda We Love Cycling Slovensko","robots":{"index":"index","follow":"follow","max-snippet":"max-snippet:-1","max-image-preview":"max-image-preview:large","max-video-preview":"max-video-preview:-1"},"canonical":"https:\/\/www.welovecycling.com\/sk\/2020\/09\/14\/pozvanka-detska-tour-petra-sagana-pokracuje-kolom-v-ziline\/","og_locale":"sk_SK","og_type":"article","og_title":"Pozv\u00e1nka: Detsk\u00e1 Tour Petra Sagana pokra\u010duje kolom v\u00a0\u017diline","og_description":"Po \u0161tyroch vydaren\u00fdch podujatiach Detskej Tour Petra Sagana sa pripravte na to \u010fal\u0161ie &#8211; tentokr\u00e1t piate zav\u00edta do \u017diliny, kde [&hellip;]","og_url":"https:\/\/www.welovecycling.com\/sk\/2020\/09\/14\/pozvanka-detska-tour-petra-sagana-pokracuje-kolom-v-ziline\/","og_site_name":"\u0160koda We Love Cycling Slovensko","article_published_time":"2020-09-14T10:00:41+00:00","og_image":[{"width":1380,"height":600,"url":"https:\/\/d2p6e6u75xmxt8.cloudfront.net\/4\/2020\/09\/WLC_Pozvanka-DTPS-Zilina_00.webp","type":"image\/webp"}],"twitter_card":"summary_large_image","twitter_misc":{"Written by":"WeLoveCycyling","Est. reading time":"2"},"schema":{"@context":"https:\/\/schema.org","@graph":[{"@type":"WebPage","@id":"https:\/\/www.welovecycling.com\/sk\/2020\/09\/14\/pozvanka-detska-tour-petra-sagana-pokracuje-kolom-v-ziline\/","url":"https:\/\/www.welovecycling.com\/sk\/2020\/09\/14\/pozvanka-detska-tour-petra-sagana-pokracuje-kolom-v-ziline\/","name":"Pozv\u00e1nka: Detsk\u00e1 Tour Petra Sagana pokra\u010duje kolom v\u00a0\u017diline - \u0160koda We Love Cycling Slovensko","isPartOf":{"@id":"https:\/\/www.welovecycling.com\/sk\/#website"},"primaryImageOfPage":{"@id":"https:\/\/www.welovecycling.com\/sk\/2020\/09\/14\/pozvanka-detska-tour-petra-sagana-pokracuje-kolom-v-ziline\/#primaryimage"},"image":{"@id":"https:\/\/www.welovecycling.com\/sk\/2020\/09\/14\/pozvanka-detska-tour-petra-sagana-pokracuje-kolom-v-ziline\/#primaryimage"},"thumbnailUrl":"https:\/\/d2p6e6u75xmxt8.cloudfront.net\/4\/2020\/09\/WLC_Pozvanka-DTPS-Zilina_00.webp","datePublished":"2020-09-14T10:00:41+00:00","author":{"@id":""},"breadcrumb":{"@id":"https:\/\/www.welovecycling.com\/sk\/2020\/09\/14\/pozvanka-detska-tour-petra-sagana-pokracuje-kolom-v-ziline\/#breadcrumb"},"inLanguage":"sk-SK","potentialAction":[{"@type":"ReadAction","target":["https:\/\/www.welovecycling.com\/sk\/2020\/09\/14\/pozvanka-detska-tour-petra-sagana-pokracuje-kolom-v-ziline\/"]}]},{"@type":"ImageObject","inLanguage":"sk-SK","@id":"https:\/\/www.welovecycling.com\/sk\/2020\/09\/14\/pozvanka-detska-tour-petra-sagana-pokracuje-kolom-v-ziline\/#primaryimage","url":"https:\/\/d2p6e6u75xmxt8.cloudfront.net\/4\/2020\/09\/WLC_Pozvanka-DTPS-Zilina_00.webp","contentUrl":"https:\/\/d2p6e6u75xmxt8.cloudfront.net\/4\/2020\/09\/WLC_Pozvanka-DTPS-Zilina_00.webp","width":1380,"height":600,"caption":"OLYMPUS DIGITAL CAMERA"},{"@type":"BreadcrumbList","@id":"https:\/\/www.welovecycling.com\/sk\/2020\/09\/14\/pozvanka-detska-tour-petra-sagana-pokracuje-kolom-v-ziline\/#breadcrumb","itemListElement":[{"@type":"ListItem","position":1,"name":"Home","item":"https:\/\/www.welovecycling.com\/sk\/"},{"@type":"ListItem","position":2,"name":"Pozv\u00e1nka: Detsk\u00e1 Tour Petra Sagana pokra\u010duje kolom v\u00a0\u017diline"}]},{"@type":"WebSite","@id":"https:\/\/www.welovecycling.com\/sk\/#website","url":"https:\/\/www.welovecycling.com\/sk\/","name":"\u0160koda We Love Cycling Slovensko","description":"\u0160koda We Love Cycling Slovensko je v\u00e1\u0161 ka\u017edodenn\u00fd zdroj noviniek a in\u0161pir\u00e1cie z sveta cyklistiky","potentialAction":[{"@type":"SearchAction","target":{"@type":"EntryPoint","urlTemplate":"https:\/\/www.welovecycling.com\/sk\/?s={search_term_string}"},"query-input":{"@type":"PropertyValueSpecification","valueRequired":true,"valueName":"search_term_string"}}],"inLanguage":"sk-SK"},{"@type":"Person","@id":"","url":"https:\/\/www.welovecycling.com\/sk\/author\/"}]}},"_links":{"self":[{"href":"https:\/\/www.welovecycling.com\/sk\/wp-json\/wp\/v2\/posts\/10648","targetHints":{"allow":["GET"]}}],"collection":[{"href":"https:\/\/www.welovecycling.com\/sk\/wp-json\/wp\/v2\/posts"}],"about":[{"href":"https:\/\/www.welovecycling.com\/sk\/wp-json\/wp\/v2\/types\/post"}],"author":[{"embeddable":true,"href":"https:\/\/www.welovecycling.com\/sk\/wp-json\/wp\/v2\/users\/81"}],"replies":[{"embeddable":true,"href":"https:\/\/www.welovecycling.com\/sk\/wp-json\/wp\/v2\/comments?post=10648"}],"version-history":[{"count":2,"href":"https:\/\/www.welovecycling.com\/sk\/wp-json\/wp\/v2\/posts\/10648\/revisions"}],"predecessor-version":[{"id":10659,"href":"https:\/\/www.welovecycling.com\/sk\/wp-json\/wp\/v2\/posts\/10648\/revisions\/10659"}],"wp:featuredmedia":[{"embeddable":true,"href":"https:\/\/www.welovecycling.com\/sk\/wp-json\/wp\/v2\/media\/10650"}],"wp:attachment":[{"href":"https:\/\/www.welovecycling.com\/sk\/wp-json\/wp\/v2\/media?parent=10648"}],"wp:term":[{"taxonomy":"category","embeddable":true,"href":"https:\/\/www.welovecycling.com\/sk\/wp-json\/wp\/v2\/categories?post=10648"},{"taxonomy":"post_tag","embeddable":true,"href":"https:\/\/www.welovecycling.com\/sk\/wp-json\/wp\/v2\/tags?post=10648"},{"taxonomy":"global-categories","embeddable":true,"href":"https:\/\/www.welovecycling.com\/sk\/wp-json\/wp\/v2\/global-categories?post=10648"}],"curies":[{"name":"wp","href":"https:\/\/api.w.org\/{rel}","templated":true}]}}