{"id":10631,"date":"2020-09-08T13:00:14","date_gmt":"2020-09-08T11:00:14","guid":{"rendered":"https:\/\/www.welovecycling.com\/sk\/?p=10631"},"modified":"2020-09-11T13:09:17","modified_gmt":"2020-09-11T11:09:17","slug":"tour-de-france-sa-dostava-do-obratok-ako-to-vo-francuzsku-vyzera","status":"publish","type":"post","link":"https:\/\/www.welovecycling.com\/sk\/2020\/09\/08\/tour-de-france-sa-dostava-do-obratok-ako-to-vo-francuzsku-vyzera\/","title":{"rendered":"Tour de France sa dost\u00e1va do obr\u00e1tok &#8211; ako to vo Franc\u00fazsku vyzer\u00e1?"},"content":{"rendered":"<p><strong>Pomaly sme sa prehupli do druh\u00e9ho, z\u00a0celkov\u00fdch troch s\u00fa\u0165a\u017en\u00fdch t\u00fd\u017ed\u0148ov Starej d\u00e1my. Ak niekto o\u010dak\u00e1val letargick\u00fd \u0161tart s\u00a0mal\u00fdm mno\u017estvom nap\u00e4tia, ostal dozaista zasko\u010den\u00fd. Po\u010das \u00favodn\u00fdch deviatich et\u00e1p sme videli v\u0161etko &#8211; horsk\u00e9 dojazdy, \u0161printy, ale aj sklamania \u010di nev\u00eddan\u00e9 prekvapenia.<\/strong><!--more--><\/p>\n<h2><strong>Primo\u017e Rogli\u010d nenach\u00e1dza konkurenciu. Zatia\u013e?<\/strong><\/h2>\n<p>Predpoklady e\u0161te pred samotn\u00fdm za\u010diatkom Tour jednozna\u010dne favorizovali na celkov\u00e9 v\u00ed\u0165azstvo slovinsk\u00e9ho pretek\u00e1ra a\u00a0to aj napriek skuto\u010dnosti, \u017ee sa proti nemu objav\u00ed minuloro\u010dn\u00fd v\u00ed\u0165az, Egan Bernal alebo aj jeho krajan, Tadej Poga\u010dar. Priebeh doteraj\u0161\u00edch et\u00e1p n\u00e1s len utvrdzuje v\u00a0t\u00fdchto dohadoch &#8211; <strong>Primo\u017e nepreuk\u00e1zal ani jednu slabinu a\u00a0to aj napriek podozreniu na nedolie\u010den\u00fa ruku z\u00a0Dauphin\u00e9<\/strong>. Tak \u010di onak, Rogli\u010d dok\u00e1zal ovl\u00e1dnu\u0165 prv\u00fd horsk\u00fd dojazd v\u00a04. etape pr\u00e1ve pred Tadejom.<\/p>\n<p><iframe loading=\"lazy\" src=\"https:\/\/www.youtube-nocookie.com\/embed\/dHQ1SAWQG18\" width=\"560\" height=\"315\" frameborder=\"0\" allowfullscreen=\"allowfullscreen\"><\/iframe><\/p>\n<p>Aj ke\u010f sa po\u010das ostatn\u00fdch et\u00e1p ni\u010d z\u00e1sadn\u00e9 v\u00a0celkovom hodnoten\u00ed nemenilo, prekvapenie pri\u0161lo v\u00a0posledn\u00fd de\u0148, po ktorom nasledovala jednod\u0148ov\u00e1 pauza. V\u00a0tento deviaty de\u0148 sa dok\u00e1zala v\u00a0poslednom st\u00fapan\u00ed <strong>odp\u00fata\u0165 v\u00fdznamn\u00e1 p\u00e4tica na \u010dele s\u00a0Tadejom a\u00a0Primo\u017eom, doplnen\u00e1 Bernalom a\u00a0Landom<\/strong>. Navy\u0161e pr\u00e1ve tu bol ude\u013eovan\u00fd aj \u010dasov\u00fd bonus, ktor\u00fd z\u00edskal Primo\u017e pred Tadejom. V\u00a0cieli to bolo naopak &#8211; Tadej z\u00edskal etapov\u00e9 prvenstvo pred svoj\u00edm krajanom. V\u00a0kone\u010dnom \u00fa\u010dtovan\u00ed vedie celkov\u00fa klasifik\u00e1ciu Primo\u017e Rogli\u010d o\u00a021 sek\u00fand pred Eganom Bernalom a\u00a0o\u00a028 pred Guillaumem Martinom.<\/p>\n<h2><strong>Boj o\u00a0zelen\u00fd dres je neuverite\u013ene nap\u00e4t\u00fd<\/strong><\/h2>\n<p>Len m\u00e1lokto si vie predstavi\u0165 zelen\u00fd dres na in\u00fdch pleciach ne\u017e na Saganov\u00fdch. Av\u0161ak tohtoro\u010dn\u00e1 Tour je zatia\u013e skeptick\u00e1 a\u00a0mo\u017eno, \u017ee zva\u017euje v\u00fdmenu tohto sedemn\u00e1sobn\u00e9ho v\u00ed\u0165aza \u201enovou krvou\u201c. Za nami je e\u0161te len \u0161es\u0165 et\u00e1p, av\u0161ak <strong>zelen\u00fd dres sa menil u\u017e hne\u010f nieko\u013ekokr\u00e1t<\/strong>. V\u00a0\u00favode ho z\u00edskal prvotn\u00fdm v\u00ed\u0165azstvom Alexander Kristoff. Saganovi trvalo \u010fal\u0161ie 2 etapy, pokia\u013e z\u00edskal dostato\u010dn\u00fd po\u010det bodov na to, aby ho prevzal od N\u00f3ra. Av\u0161ak aj t\u00e1to v\u00fdmena vydr\u017eala len op\u00e4\u0165 2 etapy, pokia\u013e sa o\u0148 neprihl\u00e1sil \u00edrsky \u0161print\u00e9r, Sam Bennett (niekdaj\u0161\u00ed kolega Sagana v\u00a0t\u00edme BORA-hansgrohe). Po \u010fal\u0161\u00edch dvoch sa poradie znovu oto\u010dilo.<\/p>\n<p>https:\/\/www.instagram.com\/p\/CEza3cwiIE8\/<\/p>\n<p>Sagan tak vedie klasifik\u00e1ciu len o\u00a07 bodov pred Bennettom (138 vs 131 bodov), zatia\u013e \u010do na tre\u0165om mieste vy\u010dk\u00e1va Wout van Aert s\u00a0jeho nad\u013eudsk\u00fdmi v\u00fdkonmi v\u00a0horsk\u00fdch etap\u00e1ch a\u00a0u\u017e dvomi etapov\u00fdmi v\u00ed\u0165azstvami na tejto Tour. Ke\u010f\u017ee do cie\u013ea je to e\u0161te \u010faleko, do \u00favahy pripadaj\u00fa aj postavy ako Bryan Coquard \u010di Julian Alaphilippe, ktor\u00fd m\u00f4\u017ee nejak\u00e9 tie body pozbiera\u0165 predov\u0161etk\u00fdm v\u00a0n\u00e1ro\u010dnej\u0161\u00edch etap\u00e1ch a\u00a0v\u00a0\u00fanikoch. <strong>V\u0161etko je st\u00e1le otvoren\u00e9&#8230;<\/strong><\/p>\n<h2><strong>Boj o\u00a0biely dres je takmer bojom o\u00a0celkov\u00e9 v\u00ed\u0165azstvo<\/strong><\/h2>\n<p>Minuloro\u010dn\u00e1 Tour n\u00e1s presved\u010dila, \u017ee vyhra\u0165 oboje &#8211; aj s\u00fa\u0165a\u017e do 25 rokov a\u00a0aj celkov\u00fa klasifik\u00e1ciu nie je v\u00f4bec ut\u00f3piou. Egan Bernal s\u00a0dostato\u010dn\u00fdm n\u00e1skokom <strong>bol vo svojich 22 rokoch svedkom tohto legend\u00e1rneho v\u00fdkonu<\/strong>. Tentokr\u00e1t m\u00e1 v\u0161ak proti sebe Tadeja Poga\u010dara &#8211; e\u0161te o\u00a0rok a\u00a0pol mlad\u0161ieho konkurenta, ktor\u00fd evidentne m\u00e1 \u010do poveda\u0165 nielen v\u00a0ml\u00e1de\u017en\u00edckej kateg\u00f3rii, ale aj v\u00a0boji o\u00a0\u017elt\u00fd dres. V\u00a0s\u00fa\u010dasnosti ich del\u00ed \u201eiba\u201c 23 sek\u00fand v\u00a0prospech Bernala. To, ako sa dok\u00e1\u017ee vysporiada\u0165 Kolumbij\u010dan s\u00a0trojt\u00fd\u017ed\u0148ov\u00fdmi etapov\u00fdmi pretekmi vieme. Rovnako je na tom aj Tadej, ktor\u00fd minul\u00fd rok absolvoval po prv\u00fdkr\u00e1t Vueltu. V\u00fdsledkom bolo 3. celkov\u00e9 miesto, 2. v\u00a0bodovacej s\u00fa\u0165a\u017ei, 4. v\u00a0horskej a\u00a01.\u00a0v\u00a0ml\u00e1de\u017en\u00edckej&#8230; \u010co doda\u0165? Tento s\u00faboj sa mo\u017eno zap\u00ed\u0161e do an\u00e1lov svetovej cyklistiky na ve\u013emi dlh\u00fa dobu.<br \/>\nhttps:\/\/www.instagram.com\/p\/CEzUqevJLB9\/<\/p>\n<h2><strong>T\u00edmov\u00e1 spolupr\u00e1ca je d\u00f4le\u017eit\u00e1 &#8211; v\u017edy a\u00a0v\u0161ade<\/strong><\/h2>\n<p>\u00c1no, je pravdou, \u017ee ani siln\u00fd t\u00edm nedok\u00e1\u017ee vyhra\u0165 Tour bez l\u00eddra. Av\u0161ak len m\u00e1lo l\u00eddrov by dok\u00e1zalo v\u00a0Par\u00ed\u017ei obliec\u0165 \u017elt\u00fd dres, <strong>ak by okolo seba nemali sk\u00fasen\u00fd a\u00a0zohrat\u00fd t\u00edm<\/strong>. Modern\u00e1 cyklistika u\u017e nie je len o\u00a0individu\u00e1lnych v\u00fdkonoch, ale z\u00a0ve\u013ekej \u010dasti aj o\u00a0taktike. Svoje o\u00a0tom vie b\u00fdval\u00fd t\u00edm Sky, ktor\u00fd dok\u00e1zal eliminova\u0165 hrozby ich ved\u00faceho pretek\u00e1ra a\u00a07 kr\u00e1t vyhra\u0165 Tour de France. Tentokr\u00e1t je to ale in\u00e9. Ineos Granadiers v\u00a0tomto ro\u010dn\u00edku Tour nedisponuje ani Thomasom ani Froomom. Bernalovi ostal po roku Carapaz, Amador alebo Kwiatkowski, ktor\u00ed v\u0161ak evidentne nesta\u010dia na t\u00edm Jumbo-Visma na \u010dele s\u00a0Rogli\u010dom, ktor\u00e9mu sekunduje Dumoulin, Gesink, Martin \u010di van Aert s\u00a0Georgom Bennettom a\u00a0Seppom Kussom. Ich zohrat\u00e1 osmi\u010dka potvrdzovala dominantn\u00fa rolu aj v\u00a0rozhoduj\u00facich momentoch pod posledn\u00fdm st\u00fapan\u00edm v\u00a0deviatej etape.<\/p>\n<p><iframe loading=\"lazy\" src=\"https:\/\/www.youtube-nocookie.com\/embed\/eIr7jUIhwJ8\" width=\"560\" height=\"315\" frameborder=\"0\" allowfullscreen=\"allowfullscreen\"><\/iframe><\/p>\n<p>Navy\u0161e tieto predpoklady sa potvrdili aj v\u00a0siedmej etape, kedy sa na nepr\u00edjemnom bo\u010dnom vetre roztrhal bal\u00edk (\u010domu dopomohol celok BORA-hansgorhe). V\u00a0\u010delnej skupine ostala p\u00e4tica jazdcov Jumbo-Visma (Rogli\u010d, Dumoulin, Kuss, Aert, Bennett), zatia\u013e \u010do v\u00a0Ineos-e si musel Bernal vysta\u010di\u0165 len s\u00a0Kwiatkowskim &#8211; Carapaz ostal po defekte pozadu a\u00a0stratil vy\u0161e min\u00faty. Rovnako stratil aj Poga\u010dar s\u00a0t\u00edmom UAE-Team Emirates \u010di Mikel Landa z\u00a0Bahrain-Merida. Okrem nich stratil aj Chaves z\u00a0Mitchelton-Scott a\u00a0dvojica Mollema, Porte z\u00a0Trek-Segafredo. V\u00fdsledkom bola strata nielen poradia, ale predov\u0161etk\u00fdm pripo\u010d\u00edtanie 1:21 min\u00fatov\u00e9ho manka na ostatn\u00fdch &#8211; <strong>a\u00a0to v\u0161etko v\u00a0etape, ktorej druh\u00e1 polovica bola z\u00a0kopca&#8230;<\/strong><\/p>\n<p>Tour je <strong>pln\u00e1 zauj\u00edmav\u00fdch chv\u00ed\u013e<\/strong>, ktor\u00e9 len dotv\u00e1raj\u00fa charakteristick\u00fd obraz cyklistick\u00e9ho sveta, v\u00a0ktorom sa v\u017edy nie\u010do deje a\u00a0ni\u010d nie je ist\u00e9 &#8211; ani vo chv\u00ed\u013each pokoja, ak\u00e1 vl\u00e1dla po\u010das 5. etapy. Ak\u00fd bude \u010fal\u0161\u00ed t\u00fd\u017ede\u0148? <strong>Nechajme sa prekvapi\u0165!<\/strong><\/p>\n<p><a href=\"https:\/\/www.welovecycling.com\/sk\/tour-de-france-2020\/\"><img loading=\"lazy\" decoding=\"async\" class=\"alignnone size-full wp-image-10646\" src=\"https:\/\/d2p6e6u75xmxt8.cloudfront.net\/4\/2020\/09\/WLC_TDF_2020-740x416_SK.png\" alt=\"\" width=\"740\" height=\"416\" \/><\/a><\/p>\n<p>&nbsp;<\/p>\n<p>Zdroj titulnej fotografie: Martin Domok\/Sport24.sk<\/p>\n","protected":false},"excerpt":{"rendered":"<p>Pomaly sme sa prehupli do druh\u00e9ho, z\u00a0celkov\u00fdch troch s\u00fa\u0165a\u017en\u00fdch t\u00fd\u017ed\u0148ov Starej d\u00e1my. Ak niekto o\u010dak\u00e1val letargick\u00fd \u0161tart s\u00a0mal\u00fdm mno\u017estvom nap\u00e4tia, [&hellip;]<\/p>\n","protected":false},"author":81,"featured_media":10638,"comment_status":"open","ping_status":"open","sticky":false,"template":"","format":"standard","meta":{"footnotes":""},"categories":[63,117],"tags":[155,1039,175,160,119,1038,331,498,616,46,179,170,177,556,1249,907,156,174],"global-categories":[1074],"class_list":["post-10631","post","type-post","status-publish","format-standard","has-post-thumbnail","hentry","category-grand-tour","category-tour-de-france","tag-alexander-kristoff","tag-biely-dres","tag-bodkovany-dres","tag-bora-hansgrohe","tag-chris-froome","tag-egan-bernal","tag-etapove-preteky","tag-julian-alaphilippe","tag-kwiatkowski","tag-peter-sagan","tag-preteky","tag-primoz-roglic","tag-taktika-timu","tag-tim","tag-tour-de-france-2020","tag-wout-van-aert","tag-zeleny-dres","tag-zlty-dres","global-categories-cycling"],"yoast_head":"<!-- This site is optimized with the Yoast SEO Premium plugin v25.3 (Yoast SEO v25.9) - https:\/\/yoast.com\/wordpress\/plugins\/seo\/ -->\n<title>Tour de France sa dost\u00e1va do obr\u00e1tok - ako to vo Franc\u00fazsku vyzer\u00e1? - \u0160koda We Love Cycling Slovensko<\/title>\n<meta name=\"robots\" content=\"index, follow, max-snippet:-1, max-image-preview:large, max-video-preview:-1\" \/>\n<link rel=\"canonical\" href=\"https:\/\/www.welovecycling.com\/sk\/2020\/09\/08\/tour-de-france-sa-dostava-do-obratok-ako-to-vo-francuzsku-vyzera\/\" \/>\n<meta property=\"og:locale\" content=\"sk_SK\" \/>\n<meta property=\"og:type\" content=\"article\" \/>\n<meta property=\"og:title\" content=\"Tour de France sa dost\u00e1va do obr\u00e1tok - ako to vo Franc\u00fazsku vyzer\u00e1?\" \/>\n<meta property=\"og:description\" content=\"Pomaly sme sa prehupli do druh\u00e9ho, z\u00a0celkov\u00fdch troch s\u00fa\u0165a\u017en\u00fdch t\u00fd\u017ed\u0148ov Starej d\u00e1my. Ak niekto o\u010dak\u00e1val letargick\u00fd \u0161tart s\u00a0mal\u00fdm mno\u017estvom nap\u00e4tia, [&hellip;]\" \/>\n<meta property=\"og:url\" content=\"https:\/\/www.welovecycling.com\/sk\/2020\/09\/08\/tour-de-france-sa-dostava-do-obratok-ako-to-vo-francuzsku-vyzera\/\" \/>\n<meta property=\"og:site_name\" content=\"\u0160koda We Love Cycling Slovensko\" \/>\n<meta property=\"article:published_time\" content=\"2020-09-08T11:00:14+00:00\" \/>\n<meta property=\"article:modified_time\" content=\"2020-09-11T11:09:17+00:00\" \/>\n<meta property=\"og:image\" content=\"https:\/\/d2p6e6u75xmxt8.cloudfront.net\/4\/2020\/09\/Tour_00.webp\" \/>\n\t<meta property=\"og:image:width\" content=\"1380\" \/>\n\t<meta property=\"og:image:height\" content=\"600\" \/>\n\t<meta property=\"og:image:type\" content=\"image\/webp\" \/>\n<meta name=\"twitter:card\" content=\"summary_large_image\" \/>\n<meta name=\"twitter:label1\" content=\"Written by\" \/>\n\t<meta name=\"twitter:data1\" content=\"WeLoveCycling\" \/>\n\t<meta name=\"twitter:label2\" content=\"Est. reading time\" \/>\n\t<meta name=\"twitter:data2\" content=\"4\" \/>\n<script type=\"application\/ld+json\" class=\"yoast-schema-graph\">{\"@context\":\"https:\/\/schema.org\",\"@graph\":[{\"@type\":\"WebPage\",\"@id\":\"https:\/\/www.welovecycling.com\/sk\/2020\/09\/08\/tour-de-france-sa-dostava-do-obratok-ako-to-vo-francuzsku-vyzera\/\",\"url\":\"https:\/\/www.welovecycling.com\/sk\/2020\/09\/08\/tour-de-france-sa-dostava-do-obratok-ako-to-vo-francuzsku-vyzera\/\",\"name\":\"Tour de France sa dost\u00e1va do obr\u00e1tok - ako to vo Franc\u00fazsku vyzer\u00e1? - \u0160koda We Love Cycling Slovensko\",\"isPartOf\":{\"@id\":\"https:\/\/www.welovecycling.com\/sk\/#website\"},\"primaryImageOfPage\":{\"@id\":\"https:\/\/www.welovecycling.com\/sk\/2020\/09\/08\/tour-de-france-sa-dostava-do-obratok-ako-to-vo-francuzsku-vyzera\/#primaryimage\"},\"image\":{\"@id\":\"https:\/\/www.welovecycling.com\/sk\/2020\/09\/08\/tour-de-france-sa-dostava-do-obratok-ako-to-vo-francuzsku-vyzera\/#primaryimage\"},\"thumbnailUrl\":\"https:\/\/d2p6e6u75xmxt8.cloudfront.net\/4\/2020\/09\/Tour_00.webp\",\"datePublished\":\"2020-09-08T11:00:14+00:00\",\"dateModified\":\"2020-09-11T11:09:17+00:00\",\"author\":{\"@id\":\"\"},\"breadcrumb\":{\"@id\":\"https:\/\/www.welovecycling.com\/sk\/2020\/09\/08\/tour-de-france-sa-dostava-do-obratok-ako-to-vo-francuzsku-vyzera\/#breadcrumb\"},\"inLanguage\":\"sk-SK\",\"potentialAction\":[{\"@type\":\"ReadAction\",\"target\":[\"https:\/\/www.welovecycling.com\/sk\/2020\/09\/08\/tour-de-france-sa-dostava-do-obratok-ako-to-vo-francuzsku-vyzera\/\"]}]},{\"@type\":\"ImageObject\",\"inLanguage\":\"sk-SK\",\"@id\":\"https:\/\/www.welovecycling.com\/sk\/2020\/09\/08\/tour-de-france-sa-dostava-do-obratok-ako-to-vo-francuzsku-vyzera\/#primaryimage\",\"url\":\"https:\/\/d2p6e6u75xmxt8.cloudfront.net\/4\/2020\/09\/Tour_00.webp\",\"contentUrl\":\"https:\/\/d2p6e6u75xmxt8.cloudfront.net\/4\/2020\/09\/Tour_00.webp\",\"width\":1380,\"height\":600},{\"@type\":\"BreadcrumbList\",\"@id\":\"https:\/\/www.welovecycling.com\/sk\/2020\/09\/08\/tour-de-france-sa-dostava-do-obratok-ako-to-vo-francuzsku-vyzera\/#breadcrumb\",\"itemListElement\":[{\"@type\":\"ListItem\",\"position\":1,\"name\":\"Home\",\"item\":\"https:\/\/www.welovecycling.com\/sk\/\"},{\"@type\":\"ListItem\",\"position\":2,\"name\":\"Tour de France sa dost\u00e1va do obr\u00e1tok &#8211; ako to vo Franc\u00fazsku vyzer\u00e1?\"}]},{\"@type\":\"WebSite\",\"@id\":\"https:\/\/www.welovecycling.com\/sk\/#website\",\"url\":\"https:\/\/www.welovecycling.com\/sk\/\",\"name\":\"\u0160koda We Love Cycling Slovensko\",\"description\":\"\u0160koda We Love Cycling Slovensko je v\u00e1\u0161 ka\u017edodenn\u00fd zdroj noviniek a in\u0161pir\u00e1cie z sveta cyklistiky\",\"potentialAction\":[{\"@type\":\"SearchAction\",\"target\":{\"@type\":\"EntryPoint\",\"urlTemplate\":\"https:\/\/www.welovecycling.com\/sk\/?s={search_term_string}\"},\"query-input\":{\"@type\":\"PropertyValueSpecification\",\"valueRequired\":true,\"valueName\":\"search_term_string\"}}],\"inLanguage\":\"sk-SK\"},{\"@type\":\"Person\",\"@id\":\"\",\"url\":\"https:\/\/www.welovecycling.com\/sk\/author\/\"}]}<\/script>\n<!-- \/ Yoast SEO Premium plugin. -->","yoast_head_json":{"title":"Tour de France sa dost\u00e1va do obr\u00e1tok - ako to vo Franc\u00fazsku vyzer\u00e1? - \u0160koda We Love Cycling Slovensko","robots":{"index":"index","follow":"follow","max-snippet":"max-snippet:-1","max-image-preview":"max-image-preview:large","max-video-preview":"max-video-preview:-1"},"canonical":"https:\/\/www.welovecycling.com\/sk\/2020\/09\/08\/tour-de-france-sa-dostava-do-obratok-ako-to-vo-francuzsku-vyzera\/","og_locale":"sk_SK","og_type":"article","og_title":"Tour de France sa dost\u00e1va do obr\u00e1tok - ako to vo Franc\u00fazsku vyzer\u00e1?","og_description":"Pomaly sme sa prehupli do druh\u00e9ho, z\u00a0celkov\u00fdch troch s\u00fa\u0165a\u017en\u00fdch t\u00fd\u017ed\u0148ov Starej d\u00e1my. Ak niekto o\u010dak\u00e1val letargick\u00fd \u0161tart s\u00a0mal\u00fdm mno\u017estvom nap\u00e4tia, [&hellip;]","og_url":"https:\/\/www.welovecycling.com\/sk\/2020\/09\/08\/tour-de-france-sa-dostava-do-obratok-ako-to-vo-francuzsku-vyzera\/","og_site_name":"\u0160koda We Love Cycling Slovensko","article_published_time":"2020-09-08T11:00:14+00:00","article_modified_time":"2020-09-11T11:09:17+00:00","og_image":[{"width":1380,"height":600,"url":"https:\/\/d2p6e6u75xmxt8.cloudfront.net\/4\/2020\/09\/Tour_00.webp","type":"image\/webp"}],"twitter_card":"summary_large_image","twitter_misc":{"Written by":"WeLoveCycling","Est. reading time":"4"},"schema":{"@context":"https:\/\/schema.org","@graph":[{"@type":"WebPage","@id":"https:\/\/www.welovecycling.com\/sk\/2020\/09\/08\/tour-de-france-sa-dostava-do-obratok-ako-to-vo-francuzsku-vyzera\/","url":"https:\/\/www.welovecycling.com\/sk\/2020\/09\/08\/tour-de-france-sa-dostava-do-obratok-ako-to-vo-francuzsku-vyzera\/","name":"Tour de France sa dost\u00e1va do obr\u00e1tok - ako to vo Franc\u00fazsku vyzer\u00e1? - \u0160koda We Love Cycling Slovensko","isPartOf":{"@id":"https:\/\/www.welovecycling.com\/sk\/#website"},"primaryImageOfPage":{"@id":"https:\/\/www.welovecycling.com\/sk\/2020\/09\/08\/tour-de-france-sa-dostava-do-obratok-ako-to-vo-francuzsku-vyzera\/#primaryimage"},"image":{"@id":"https:\/\/www.welovecycling.com\/sk\/2020\/09\/08\/tour-de-france-sa-dostava-do-obratok-ako-to-vo-francuzsku-vyzera\/#primaryimage"},"thumbnailUrl":"https:\/\/d2p6e6u75xmxt8.cloudfront.net\/4\/2020\/09\/Tour_00.webp","datePublished":"2020-09-08T11:00:14+00:00","dateModified":"2020-09-11T11:09:17+00:00","author":{"@id":""},"breadcrumb":{"@id":"https:\/\/www.welovecycling.com\/sk\/2020\/09\/08\/tour-de-france-sa-dostava-do-obratok-ako-to-vo-francuzsku-vyzera\/#breadcrumb"},"inLanguage":"sk-SK","potentialAction":[{"@type":"ReadAction","target":["https:\/\/www.welovecycling.com\/sk\/2020\/09\/08\/tour-de-france-sa-dostava-do-obratok-ako-to-vo-francuzsku-vyzera\/"]}]},{"@type":"ImageObject","inLanguage":"sk-SK","@id":"https:\/\/www.welovecycling.com\/sk\/2020\/09\/08\/tour-de-france-sa-dostava-do-obratok-ako-to-vo-francuzsku-vyzera\/#primaryimage","url":"https:\/\/d2p6e6u75xmxt8.cloudfront.net\/4\/2020\/09\/Tour_00.webp","contentUrl":"https:\/\/d2p6e6u75xmxt8.cloudfront.net\/4\/2020\/09\/Tour_00.webp","width":1380,"height":600},{"@type":"BreadcrumbList","@id":"https:\/\/www.welovecycling.com\/sk\/2020\/09\/08\/tour-de-france-sa-dostava-do-obratok-ako-to-vo-francuzsku-vyzera\/#breadcrumb","itemListElement":[{"@type":"ListItem","position":1,"name":"Home","item":"https:\/\/www.welovecycling.com\/sk\/"},{"@type":"ListItem","position":2,"name":"Tour de France sa dost\u00e1va do obr\u00e1tok &#8211; ako to vo Franc\u00fazsku vyzer\u00e1?"}]},{"@type":"WebSite","@id":"https:\/\/www.welovecycling.com\/sk\/#website","url":"https:\/\/www.welovecycling.com\/sk\/","name":"\u0160koda We Love Cycling Slovensko","description":"\u0160koda We Love Cycling Slovensko je v\u00e1\u0161 ka\u017edodenn\u00fd zdroj noviniek a in\u0161pir\u00e1cie z sveta cyklistiky","potentialAction":[{"@type":"SearchAction","target":{"@type":"EntryPoint","urlTemplate":"https:\/\/www.welovecycling.com\/sk\/?s={search_term_string}"},"query-input":{"@type":"PropertyValueSpecification","valueRequired":true,"valueName":"search_term_string"}}],"inLanguage":"sk-SK"},{"@type":"Person","@id":"","url":"https:\/\/www.welovecycling.com\/sk\/author\/"}]}},"_links":{"self":[{"href":"https:\/\/www.welovecycling.com\/sk\/wp-json\/wp\/v2\/posts\/10631","targetHints":{"allow":["GET"]}}],"collection":[{"href":"https:\/\/www.welovecycling.com\/sk\/wp-json\/wp\/v2\/posts"}],"about":[{"href":"https:\/\/www.welovecycling.com\/sk\/wp-json\/wp\/v2\/types\/post"}],"author":[{"embeddable":true,"href":"https:\/\/www.welovecycling.com\/sk\/wp-json\/wp\/v2\/users\/81"}],"replies":[{"embeddable":true,"href":"https:\/\/www.welovecycling.com\/sk\/wp-json\/wp\/v2\/comments?post=10631"}],"version-history":[{"count":2,"href":"https:\/\/www.welovecycling.com\/sk\/wp-json\/wp\/v2\/posts\/10631\/revisions"}],"predecessor-version":[{"id":10705,"href":"https:\/\/www.welovecycling.com\/sk\/wp-json\/wp\/v2\/posts\/10631\/revisions\/10705"}],"wp:featuredmedia":[{"embeddable":true,"href":"https:\/\/www.welovecycling.com\/sk\/wp-json\/wp\/v2\/media\/10638"}],"wp:attachment":[{"href":"https:\/\/www.welovecycling.com\/sk\/wp-json\/wp\/v2\/media?parent=10631"}],"wp:term":[{"taxonomy":"category","embeddable":true,"href":"https:\/\/www.welovecycling.com\/sk\/wp-json\/wp\/v2\/categories?post=10631"},{"taxonomy":"post_tag","embeddable":true,"href":"https:\/\/www.welovecycling.com\/sk\/wp-json\/wp\/v2\/tags?post=10631"},{"taxonomy":"global-categories","embeddable":true,"href":"https:\/\/www.welovecycling.com\/sk\/wp-json\/wp\/v2\/global-categories?post=10631"}],"curies":[{"name":"wp","href":"https:\/\/api.w.org\/{rel}","templated":true}]}}