{"id":10598,"date":"2020-09-10T10:00:23","date_gmt":"2020-09-10T08:00:23","guid":{"rendered":"https:\/\/www.welovecycling.com\/sk\/?p=10598"},"modified":"2020-09-08T10:52:44","modified_gmt":"2020-09-08T08:52:44","slug":"reportaz-skoda-slovensky-raj-dalsi-sportovy-vikend-za-nami","status":"publish","type":"post","link":"https:\/\/www.welovecycling.com\/sk\/2020\/09\/10\/reportaz-skoda-slovensky-raj-dalsi-sportovy-vikend-za-nami\/","title":{"rendered":"Report\u00e1\u017e: \u0160koda Slovensk\u00fd raj \u2013 \u010fal\u0161\u00ed \u0161portov\u00fd v\u00edkend za nami"},"content":{"rendered":"<p><strong>V\u00a0sobotu 05. 09. 2020 sme sa mohli v\u0161etci stretn\u00fa\u0165 na druhom kole tohtoro\u010dnej skr\u00e1tenej ed\u00edcie \u0160koda BIKE OPEN TOUR. Tentoraz to bolo v\u00a0kr\u00e1snom prostred\u00ed Slovensk\u00e9ho raja a\u00a0toto miesto op\u00e4\u0165 nesklamalo. Pon\u00faklo n\u00e1m \u201ear\u00e9nu\u201c v\u00a0lone pr\u00edrody a\u00a0cyklistiku si po\u010das tohto d\u0148a u\u017eil ka\u017ed\u00fd. No nebolo to len o\u00a0nej.<\/strong><!--more--><\/p>\n<div id='gallery-1' class='gallery galleryid-10598 gallery-columns-2 gallery-size-full'><figure class='gallery-item'>\n\t\t\t<div class='gallery-icon landscape'>\n\t\t\t\t<a href='https:\/\/d2p6e6u75xmxt8.cloudfront.net\/4\/2020\/09\/SBOT-Slovensky-ra_01.webp'><img loading=\"lazy\" decoding=\"async\" width=\"1200\" height=\"800\" src=\"https:\/\/d2p6e6u75xmxt8.cloudfront.net\/4\/2020\/09\/SBOT-Slovensky-ra_01.webp\" class=\"attachment-full size-full\" alt=\"\" srcset=\"https:\/\/d2p6e6u75xmxt8.cloudfront.net\/4\/2020\/09\/SBOT-Slovensky-ra_01.webp 1200w, https:\/\/d2p6e6u75xmxt8.cloudfront.net\/4\/2020\/09\/SBOT-Slovensky-ra_01-300x200.webp 300w, https:\/\/d2p6e6u75xmxt8.cloudfront.net\/4\/2020\/09\/SBOT-Slovensky-ra_01-1024x683.webp 1024w, https:\/\/d2p6e6u75xmxt8.cloudfront.net\/4\/2020\/09\/SBOT-Slovensky-ra_01-768x512.webp 768w, https:\/\/d2p6e6u75xmxt8.cloudfront.net\/4\/2020\/09\/SBOT-Slovensky-ra_01-272x182.webp 272w\" sizes=\"auto, (max-width: 1200px) 100vw, 1200px\" \/><\/a>\n\t\t\t<\/div><\/figure><figure class='gallery-item'>\n\t\t\t<div class='gallery-icon landscape'>\n\t\t\t\t<a href='https:\/\/d2p6e6u75xmxt8.cloudfront.net\/4\/2020\/09\/SBOT-Slovensky-ra_02.webp'><img loading=\"lazy\" decoding=\"async\" width=\"1200\" height=\"800\" src=\"https:\/\/d2p6e6u75xmxt8.cloudfront.net\/4\/2020\/09\/SBOT-Slovensky-ra_02.webp\" class=\"attachment-full size-full\" alt=\"\" srcset=\"https:\/\/d2p6e6u75xmxt8.cloudfront.net\/4\/2020\/09\/SBOT-Slovensky-ra_02.webp 1200w, https:\/\/d2p6e6u75xmxt8.cloudfront.net\/4\/2020\/09\/SBOT-Slovensky-ra_02-300x200.webp 300w, https:\/\/d2p6e6u75xmxt8.cloudfront.net\/4\/2020\/09\/SBOT-Slovensky-ra_02-1024x683.webp 1024w, https:\/\/d2p6e6u75xmxt8.cloudfront.net\/4\/2020\/09\/SBOT-Slovensky-ra_02-768x512.webp 768w, https:\/\/d2p6e6u75xmxt8.cloudfront.net\/4\/2020\/09\/SBOT-Slovensky-ra_02-272x182.webp 272w\" sizes=\"auto, (max-width: 1200px) 100vw, 1200px\" \/><\/a>\n\t\t\t<\/div><\/figure>\n\t\t<\/div>\n\n<p>Po\u010dasie vy\u0161lo par\u00e1dne. R\u00e1no sa v\u0161etci pomaly sch\u00e1dzali v\u00a0Hrabu\u0161iciach, konkr\u00e9tne v ich <strong>\u010dasti Podlesok<\/strong>, a\u00a0toto miesto je v\u00e1m mo\u017eno zn\u00e1me. \u00c1no, je to v\u00fdchodiskov\u00fd bod pre t\u00fary do Slovensk\u00e9ho raja. Pre v\u0161etk\u00fdch bolo pripraven\u00e9 ve\u013ek\u00e9 parkovisko, zaparkova\u0165 teda nebol probl\u00e9m. Sta\u010dilo u\u017e len vybra\u0165 bicykel, pr\u00eds\u0165 na \u0161tart a\u00a0pekne si zapreteka\u0165.<\/p>\n<div id='gallery-2' class='gallery galleryid-10598 gallery-columns-2 gallery-size-full'><figure class='gallery-item'>\n\t\t\t<div class='gallery-icon landscape'>\n\t\t\t\t<a href='https:\/\/d2p6e6u75xmxt8.cloudfront.net\/4\/2020\/09\/SBOT-Slovensky-ra_03.webp'><img loading=\"lazy\" decoding=\"async\" width=\"1200\" height=\"800\" src=\"https:\/\/d2p6e6u75xmxt8.cloudfront.net\/4\/2020\/09\/SBOT-Slovensky-ra_03.webp\" class=\"attachment-full size-full\" alt=\"\" srcset=\"https:\/\/d2p6e6u75xmxt8.cloudfront.net\/4\/2020\/09\/SBOT-Slovensky-ra_03.webp 1200w, https:\/\/d2p6e6u75xmxt8.cloudfront.net\/4\/2020\/09\/SBOT-Slovensky-ra_03-300x200.webp 300w, https:\/\/d2p6e6u75xmxt8.cloudfront.net\/4\/2020\/09\/SBOT-Slovensky-ra_03-1024x683.webp 1024w, https:\/\/d2p6e6u75xmxt8.cloudfront.net\/4\/2020\/09\/SBOT-Slovensky-ra_03-768x512.webp 768w, https:\/\/d2p6e6u75xmxt8.cloudfront.net\/4\/2020\/09\/SBOT-Slovensky-ra_03-272x182.webp 272w\" sizes=\"auto, (max-width: 1200px) 100vw, 1200px\" \/><\/a>\n\t\t\t<\/div><\/figure><figure class='gallery-item'>\n\t\t\t<div class='gallery-icon landscape'>\n\t\t\t\t<a href='https:\/\/d2p6e6u75xmxt8.cloudfront.net\/4\/2020\/09\/SBOT-Slovensky-ra_04.webp'><img loading=\"lazy\" decoding=\"async\" width=\"1200\" height=\"800\" src=\"https:\/\/d2p6e6u75xmxt8.cloudfront.net\/4\/2020\/09\/SBOT-Slovensky-ra_04.webp\" class=\"attachment-full size-full\" alt=\"\" srcset=\"https:\/\/d2p6e6u75xmxt8.cloudfront.net\/4\/2020\/09\/SBOT-Slovensky-ra_04.webp 1200w, https:\/\/d2p6e6u75xmxt8.cloudfront.net\/4\/2020\/09\/SBOT-Slovensky-ra_04-300x200.webp 300w, https:\/\/d2p6e6u75xmxt8.cloudfront.net\/4\/2020\/09\/SBOT-Slovensky-ra_04-1024x683.webp 1024w, https:\/\/d2p6e6u75xmxt8.cloudfront.net\/4\/2020\/09\/SBOT-Slovensky-ra_04-768x512.webp 768w, https:\/\/d2p6e6u75xmxt8.cloudfront.net\/4\/2020\/09\/SBOT-Slovensky-ra_04-272x182.webp 272w\" sizes=\"auto, (max-width: 1200px) 100vw, 1200px\" \/><\/a>\n\t\t\t<\/div><\/figure>\n\t\t<\/div>\n\n<h2><strong>Na v\u00fdber boli 3 trate<\/strong><\/h2>\n<p>U\u017e pri prihl\u00e1sen\u00ed si bikeri mohli vybra\u0165 z\u00a0troch trat\u00ed, ktor\u00e9 v\u00a0tento de\u0148 chceli absolvova\u0165. Tra\u0165 <strong>Elite merala 70 km<\/strong>, tra\u0165 <strong>Profi bola o\u00a0nie\u010do krat\u0161ia, mala 52 km<\/strong> a\u00a0pre rekrea\u010dn\u00fdch jazdcov a\u00a0hob\u00edkov tu bola aj tra\u0165 <strong>Rekre s\u00a0pr\u00edjemn\u00fdmi 19 kilometrami<\/strong>. Zauj\u00edmavos\u0165ou tohto ro\u010dn\u00edka boli trate pre ebikerov a\u00a0tra\u0165 pre gravel jazdcov. Obidve merali po 52 kilometrov.<\/p>\n<div id='gallery-3' class='gallery galleryid-10598 gallery-columns-2 gallery-size-full'><figure class='gallery-item'>\n\t\t\t<div class='gallery-icon landscape'>\n\t\t\t\t<a href='https:\/\/d2p6e6u75xmxt8.cloudfront.net\/4\/2020\/09\/SBOT-Slovensky-ra_05.webp'><img loading=\"lazy\" decoding=\"async\" width=\"1200\" height=\"800\" src=\"https:\/\/d2p6e6u75xmxt8.cloudfront.net\/4\/2020\/09\/SBOT-Slovensky-ra_05.webp\" class=\"attachment-full size-full\" alt=\"\" srcset=\"https:\/\/d2p6e6u75xmxt8.cloudfront.net\/4\/2020\/09\/SBOT-Slovensky-ra_05.webp 1200w, https:\/\/d2p6e6u75xmxt8.cloudfront.net\/4\/2020\/09\/SBOT-Slovensky-ra_05-300x200.webp 300w, https:\/\/d2p6e6u75xmxt8.cloudfront.net\/4\/2020\/09\/SBOT-Slovensky-ra_05-1024x683.webp 1024w, https:\/\/d2p6e6u75xmxt8.cloudfront.net\/4\/2020\/09\/SBOT-Slovensky-ra_05-768x512.webp 768w, https:\/\/d2p6e6u75xmxt8.cloudfront.net\/4\/2020\/09\/SBOT-Slovensky-ra_05-272x182.webp 272w\" sizes=\"auto, (max-width: 1200px) 100vw, 1200px\" \/><\/a>\n\t\t\t<\/div><\/figure><figure class='gallery-item'>\n\t\t\t<div class='gallery-icon landscape'>\n\t\t\t\t<a href='https:\/\/d2p6e6u75xmxt8.cloudfront.net\/4\/2020\/09\/SBOT-Slovensky-ra_06.webp'><img loading=\"lazy\" decoding=\"async\" width=\"1200\" height=\"800\" src=\"https:\/\/d2p6e6u75xmxt8.cloudfront.net\/4\/2020\/09\/SBOT-Slovensky-ra_06.webp\" class=\"attachment-full size-full\" alt=\"\" srcset=\"https:\/\/d2p6e6u75xmxt8.cloudfront.net\/4\/2020\/09\/SBOT-Slovensky-ra_06.webp 1200w, https:\/\/d2p6e6u75xmxt8.cloudfront.net\/4\/2020\/09\/SBOT-Slovensky-ra_06-300x200.webp 300w, https:\/\/d2p6e6u75xmxt8.cloudfront.net\/4\/2020\/09\/SBOT-Slovensky-ra_06-1024x683.webp 1024w, https:\/\/d2p6e6u75xmxt8.cloudfront.net\/4\/2020\/09\/SBOT-Slovensky-ra_06-768x512.webp 768w, https:\/\/d2p6e6u75xmxt8.cloudfront.net\/4\/2020\/09\/SBOT-Slovensky-ra_06-272x182.webp 272w\" sizes=\"auto, (max-width: 1200px) 100vw, 1200px\" \/><\/a>\n\t\t\t<\/div><\/figure>\n\t\t<\/div>\n\n<p>Absol\u00fatnym v\u00ed\u0165azom sa stal na najdlh\u0161ej trati <strong>J\u00e1n Hal\u00edk s\u00a0\u010dasom 3:02:52<\/strong>. No v\u00ed\u0165azmi boli v\u0161etci, ktor\u00ed po\u010das tohto d\u0148a neostali sedie\u0165 doma na gau\u010di, na\u0161li v\u00a0sebe akt\u00edvneho a\u00a0s\u00fa\u0165a\u017en\u00e9ho ducha a\u00a0pri\u0161li na marat\u00f3n v\u00a0Slovenskom raji.<\/p>\n<p><a href=\"https:\/\/d2p6e6u75xmxt8.cloudfront.net\/4\/2020\/09\/SBOT-Slovensky-ra_09.jpg\"><img loading=\"lazy\" decoding=\"async\" src=\"https:\/\/d2p6e6u75xmxt8.cloudfront.net\/4\/2020\/09\/SBOT-Slovensky-ra_09.jpg\" alt=\"\" width=\"1200\" height=\"800\" class=\"alignnone size-full wp-image-10607\" \/><\/a><\/p>\n<h2><strong>Sprievodn\u00fd program<\/strong><\/h2>\n<p>V\u00a0tento de\u0148 to v\u0161ak nebolo len o\u00a0pretekan\u00ed. <strong>Cel\u00e1 rodina si mohla pr\u00eds\u0165 na svoje.<\/strong> Mal\u00e9 deti\u010dky si tu na\u0161li sk\u00e1kacie hrady, detsk\u00e9 k\u00fatiky a\u00a0mnoho \u010fal\u0161ieho. Mo\u017enos\u0165 otestova\u0165 a\u00a0pozrie\u0165 sa bli\u017e\u0161ie na nov\u00e9 modely \u00e1ut a\u00a0bicyklov od zna\u010dky \u0160koda ur\u010dite ocenili rodi\u010dia. A\u00a0na koniec d\u0148a v\u0161etk\u00fdch z\u00fa\u010dastnen\u00fdch cyklistov \u010dakala tombola a\u00a0samozrejme ob\u010derstvenie.<\/p>\n<div id='gallery-4' class='gallery galleryid-10598 gallery-columns-2 gallery-size-large'><figure class='gallery-item'>\n\t\t\t<div class='gallery-icon landscape'>\n\t\t\t\t<a href='https:\/\/d2p6e6u75xmxt8.cloudfront.net\/4\/2020\/09\/SBOT-Slovensky-ra_07.webp'><img loading=\"lazy\" decoding=\"async\" width=\"1024\" height=\"683\" src=\"https:\/\/d2p6e6u75xmxt8.cloudfront.net\/4\/2020\/09\/SBOT-Slovensky-ra_07-1024x683.webp\" class=\"attachment-large size-large\" alt=\"\" srcset=\"https:\/\/d2p6e6u75xmxt8.cloudfront.net\/4\/2020\/09\/SBOT-Slovensky-ra_07-1024x683.webp 1024w, https:\/\/d2p6e6u75xmxt8.cloudfront.net\/4\/2020\/09\/SBOT-Slovensky-ra_07-300x200.webp 300w, https:\/\/d2p6e6u75xmxt8.cloudfront.net\/4\/2020\/09\/SBOT-Slovensky-ra_07-768x512.webp 768w, https:\/\/d2p6e6u75xmxt8.cloudfront.net\/4\/2020\/09\/SBOT-Slovensky-ra_07-272x182.webp 272w, https:\/\/d2p6e6u75xmxt8.cloudfront.net\/4\/2020\/09\/SBOT-Slovensky-ra_07.webp 1200w\" sizes=\"auto, (max-width: 1024px) 100vw, 1024px\" \/><\/a>\n\t\t\t<\/div><\/figure><figure class='gallery-item'>\n\t\t\t<div class='gallery-icon landscape'>\n\t\t\t\t<a href='https:\/\/d2p6e6u75xmxt8.cloudfront.net\/4\/2020\/09\/SBOT-Slovensky-ra_08.webp'><img loading=\"lazy\" decoding=\"async\" width=\"1024\" height=\"683\" src=\"https:\/\/d2p6e6u75xmxt8.cloudfront.net\/4\/2020\/09\/SBOT-Slovensky-ra_08-1024x683.webp\" class=\"attachment-large size-large\" alt=\"\" srcset=\"https:\/\/d2p6e6u75xmxt8.cloudfront.net\/4\/2020\/09\/SBOT-Slovensky-ra_08-1024x683.webp 1024w, https:\/\/d2p6e6u75xmxt8.cloudfront.net\/4\/2020\/09\/SBOT-Slovensky-ra_08-300x200.webp 300w, https:\/\/d2p6e6u75xmxt8.cloudfront.net\/4\/2020\/09\/SBOT-Slovensky-ra_08-768x512.webp 768w, https:\/\/d2p6e6u75xmxt8.cloudfront.net\/4\/2020\/09\/SBOT-Slovensky-ra_08-272x182.webp 272w, https:\/\/d2p6e6u75xmxt8.cloudfront.net\/4\/2020\/09\/SBOT-Slovensky-ra_08.webp 1200w\" sizes=\"auto, (max-width: 1024px) 100vw, 1024px\" \/><\/a>\n\t\t\t<\/div><\/figure>\n\t\t<\/div>\n\n<p>Posledn\u00e9 kolo s\u00e9rie \u0160koda BIKE OPEN TOUR v\u00a0tomto skr\u00e1tenom ro\u010dn\u00edku sa uskuto\u010dn\u00ed<br \/>\n<strong>26. septembra 2020 v\u00a0Rajeck\u00fdch Tepliciach<\/strong>.<\/p>\n<div class=\"shortcode-ys-post-pinup\"><article class=\"loop-simple post-10536 post type-post status-publish format-standard has-post-thumbnail hentry category-sbot tag-horska-cyklistika tag-horsky-bicykel tag-jazdenie tag-maraton tag-pozvanka tag-skoda-auto tag-skoda-bicykel tag-sbot tag-skoda-mtb-maraton-rajecke-teplice tag-slovensko tag-tombola tag-trat global-categories-cycling\" data-postid=\"10536\" role=\"article\" data-post-id=\"10536\" data-word-count=\"328\" data-headline-length=\"94\" data-category=\"\u0160koda Bike Open Tour\" data-global-category=\"Cycling\" data-author=\"WeLoveCycling\" data-published=\"2020-08-28T10:00:13+02:00\" data-published-day=\"Friday\">\n    <div class=\"entry-thumbnail article-thumbnail\" content=\"https:\/\/d2p6e6u75xmxt8.cloudfront.net\/4\/2020\/08\/WLC_Pozv\u00e1nka-Rajeck\u00e9-Teplice_00-150x150.webp\"><a href=\"https:\/\/www.welovecycling.com\/sk\/2020\/08\/28\/pozvanka-skoda-mtb-maraton-rajecke-teplice-ukoncenie-nasej-serie-ako-sa-patri\/\" class=\"image-holder\" target=\"_self\"><img decoding=\"async\" loading=\"lazy\" class=\"\" src=\"https:\/\/d2p6e6u75xmxt8.cloudfront.net\/4\/2020\/08\/WLC_Pozv\u00e1nka-Rajeck\u00e9-Teplice_00-1024x445.webp\" srcset=\"https:\/\/d2p6e6u75xmxt8.cloudfront.net\/4\/2020\/08\/WLC_Pozv\u00e1nka-Rajeck\u00e9-Teplice_00.webp 1380w, https:\/\/d2p6e6u75xmxt8.cloudfront.net\/4\/2020\/08\/WLC_Pozv\u00e1nka-Rajeck\u00e9-Teplice_00-300x130.webp 300w, https:\/\/d2p6e6u75xmxt8.cloudfront.net\/4\/2020\/08\/WLC_Pozv\u00e1nka-Rajeck\u00e9-Teplice_00-1024x445.webp 1024w, https:\/\/d2p6e6u75xmxt8.cloudfront.net\/4\/2020\/08\/WLC_Pozv\u00e1nka-Rajeck\u00e9-Teplice_00-768x334.webp 768w\" width=\"1024\" height=\"445\" sizes=\"auto, (min-width: 1200px) 460px, (min-width: 768px) 38vw, 100vw\" alt=\"pozvanka-skoda-mtb-maraton-rajecke-teplice-ukoncenie-nasej-serie-ako-sa-patri\"\/><\/a><\/div>    <div class=\"entry-meta\">\n        <a class=\"label label-secondary post-category\" href=\"https:\/\/www.welovecycling.com\/sk\/category\/sbot\/\" title=\"\u0160koda Bike Open Tour\">\u0160koda Bike Open Tour<\/a>\n    <\/div>\n    <div class=\"entry-details\">\n        <a href=\"https:\/\/www.welovecycling.com\/sk\/2020\/08\/28\/pozvanka-skoda-mtb-maraton-rajecke-teplice-ukoncenie-nasej-serie-ako-sa-patri\/\" class='entry-title-wrapper'>\n            <h3 class=\"entry-title\"><span>Pozv\u00e1nka: \u0160koda MTB Marat\u00f3n Rajeck\u00e9 Teplice &#8211; ukon\u010denie na\u0161ej s\u00e9rie ako sa patr\u00ed<\/span><\/h3>\n        <\/a>\n    <\/div>\n    <\/article>\n<\/div>\n<p>V\u0161etci sa na v\u00e1s te\u0161\u00edme. Viac inform\u00e1cii si n\u00e1jdete aj na <a href=\"https:\/\/www.welovecycling.com\/sk\/sbot2020\/\" rel=\"noopener noreferrer\" target=\"_blank\">tomto odkaze<\/a>.<\/p>\n","protected":false},"excerpt":{"rendered":"<p>V\u00a0sobotu 05. 09. 2020 sme sa mohli v\u0161etci stretn\u00fa\u0165 na druhom kole tohtoro\u010dnej skr\u00e1tenej ed\u00edcie \u0160koda BIKE OPEN TOUR. Tentoraz [&hellip;]<\/p>\n","protected":false},"author":81,"featured_media":10600,"comment_status":"open","ping_status":"open","sticky":false,"template":"","format":"standard","meta":{"footnotes":""},"categories":[38,33],"tags":[559,53,180,235,532,178,179,39,509,474,256,542,1009,562,35,963,271,92,523,1072,623],"global-categories":[1074],"class_list":["post-10598","post","type-post","status-publish","format-standard","has-post-thumbnail","hentry","category-reportaz","category-sbot","tag-bicykel","tag-deti","tag-horska-cyklistika","tag-hrabusice","tag-jazdenie","tag-maraton","tag-preteky","tag-reportaz","tag-rodina","tag-rodinny-maraton","tag-sezona","tag-skoda","tag-skoda-auto","tag-skoda-bicykel","tag-sbot","tag-skoda-fabia","tag-skoda-slovensky-raj","tag-skoda-tim","tag-slovensko","tag-trat","tag-zdravy-zivotny-styl","global-categories-cycling"],"yoast_head":"<!-- This site is optimized with the Yoast SEO Premium plugin v25.3 (Yoast SEO v25.9) - https:\/\/yoast.com\/wordpress\/plugins\/seo\/ -->\n<title>Report\u00e1\u017e: \u0160koda Slovensk\u00fd raj \u2013 \u010fal\u0161\u00ed \u0161portov\u00fd v\u00edkend za nami - \u0160koda We Love Cycling Slovensko<\/title>\n<meta name=\"robots\" content=\"index, follow, max-snippet:-1, max-image-preview:large, max-video-preview:-1\" \/>\n<link rel=\"canonical\" href=\"https:\/\/www.welovecycling.com\/sk\/2020\/09\/10\/reportaz-skoda-slovensky-raj-dalsi-sportovy-vikend-za-nami\/\" \/>\n<meta property=\"og:locale\" content=\"sk_SK\" \/>\n<meta property=\"og:type\" content=\"article\" \/>\n<meta property=\"og:title\" content=\"Report\u00e1\u017e: \u0160koda Slovensk\u00fd raj \u2013 \u010fal\u0161\u00ed \u0161portov\u00fd v\u00edkend za nami\" \/>\n<meta property=\"og:description\" content=\"V\u00a0sobotu 05. 09. 2020 sme sa mohli v\u0161etci stretn\u00fa\u0165 na druhom kole tohtoro\u010dnej skr\u00e1tenej ed\u00edcie \u0160koda BIKE OPEN TOUR. Tentoraz [&hellip;]\" \/>\n<meta property=\"og:url\" content=\"https:\/\/www.welovecycling.com\/sk\/2020\/09\/10\/reportaz-skoda-slovensky-raj-dalsi-sportovy-vikend-za-nami\/\" \/>\n<meta property=\"og:site_name\" content=\"\u0160koda We Love Cycling Slovensko\" \/>\n<meta property=\"article:published_time\" content=\"2020-09-10T08:00:23+00:00\" \/>\n<meta property=\"og:image\" content=\"https:\/\/d2p6e6u75xmxt8.cloudfront.net\/4\/2020\/09\/SBOT-Slovensky-ra_00.webp\" \/>\n\t<meta property=\"og:image:width\" content=\"1380\" \/>\n\t<meta property=\"og:image:height\" content=\"675\" \/>\n\t<meta property=\"og:image:type\" content=\"image\/webp\" \/>\n<meta name=\"twitter:card\" content=\"summary_large_image\" \/>\n<meta name=\"twitter:label1\" content=\"Written by\" \/>\n\t<meta name=\"twitter:data1\" content=\"WeLoveCycling\" \/>\n\t<meta name=\"twitter:label2\" content=\"Est. reading time\" \/>\n\t<meta name=\"twitter:data2\" content=\"3\" \/>\n<script type=\"application\/ld+json\" class=\"yoast-schema-graph\">{\"@context\":\"https:\/\/schema.org\",\"@graph\":[{\"@type\":\"WebPage\",\"@id\":\"https:\/\/www.welovecycling.com\/sk\/2020\/09\/10\/reportaz-skoda-slovensky-raj-dalsi-sportovy-vikend-za-nami\/\",\"url\":\"https:\/\/www.welovecycling.com\/sk\/2020\/09\/10\/reportaz-skoda-slovensky-raj-dalsi-sportovy-vikend-za-nami\/\",\"name\":\"Report\u00e1\u017e: \u0160koda Slovensk\u00fd raj \u2013 \u010fal\u0161\u00ed \u0161portov\u00fd v\u00edkend za nami - \u0160koda We Love Cycling Slovensko\",\"isPartOf\":{\"@id\":\"https:\/\/www.welovecycling.com\/sk\/#website\"},\"primaryImageOfPage\":{\"@id\":\"https:\/\/www.welovecycling.com\/sk\/2020\/09\/10\/reportaz-skoda-slovensky-raj-dalsi-sportovy-vikend-za-nami\/#primaryimage\"},\"image\":{\"@id\":\"https:\/\/www.welovecycling.com\/sk\/2020\/09\/10\/reportaz-skoda-slovensky-raj-dalsi-sportovy-vikend-za-nami\/#primaryimage\"},\"thumbnailUrl\":\"https:\/\/d2p6e6u75xmxt8.cloudfront.net\/4\/2020\/09\/SBOT-Slovensky-ra_00.webp\",\"datePublished\":\"2020-09-10T08:00:23+00:00\",\"author\":{\"@id\":\"\"},\"breadcrumb\":{\"@id\":\"https:\/\/www.welovecycling.com\/sk\/2020\/09\/10\/reportaz-skoda-slovensky-raj-dalsi-sportovy-vikend-za-nami\/#breadcrumb\"},\"inLanguage\":\"sk-SK\",\"potentialAction\":[{\"@type\":\"ReadAction\",\"target\":[\"https:\/\/www.welovecycling.com\/sk\/2020\/09\/10\/reportaz-skoda-slovensky-raj-dalsi-sportovy-vikend-za-nami\/\"]}]},{\"@type\":\"ImageObject\",\"inLanguage\":\"sk-SK\",\"@id\":\"https:\/\/www.welovecycling.com\/sk\/2020\/09\/10\/reportaz-skoda-slovensky-raj-dalsi-sportovy-vikend-za-nami\/#primaryimage\",\"url\":\"https:\/\/d2p6e6u75xmxt8.cloudfront.net\/4\/2020\/09\/SBOT-Slovensky-ra_00.webp\",\"contentUrl\":\"https:\/\/d2p6e6u75xmxt8.cloudfront.net\/4\/2020\/09\/SBOT-Slovensky-ra_00.webp\",\"width\":1380,\"height\":675},{\"@type\":\"BreadcrumbList\",\"@id\":\"https:\/\/www.welovecycling.com\/sk\/2020\/09\/10\/reportaz-skoda-slovensky-raj-dalsi-sportovy-vikend-za-nami\/#breadcrumb\",\"itemListElement\":[{\"@type\":\"ListItem\",\"position\":1,\"name\":\"Home\",\"item\":\"https:\/\/www.welovecycling.com\/sk\/\"},{\"@type\":\"ListItem\",\"position\":2,\"name\":\"Report\u00e1\u017e: \u0160koda Slovensk\u00fd raj \u2013 \u010fal\u0161\u00ed \u0161portov\u00fd v\u00edkend za nami\"}]},{\"@type\":\"WebSite\",\"@id\":\"https:\/\/www.welovecycling.com\/sk\/#website\",\"url\":\"https:\/\/www.welovecycling.com\/sk\/\",\"name\":\"\u0160koda We Love Cycling Slovensko\",\"description\":\"\u0160koda We Love Cycling Slovensko je v\u00e1\u0161 ka\u017edodenn\u00fd zdroj noviniek a in\u0161pir\u00e1cie z sveta cyklistiky\",\"potentialAction\":[{\"@type\":\"SearchAction\",\"target\":{\"@type\":\"EntryPoint\",\"urlTemplate\":\"https:\/\/www.welovecycling.com\/sk\/?s={search_term_string}\"},\"query-input\":{\"@type\":\"PropertyValueSpecification\",\"valueRequired\":true,\"valueName\":\"search_term_string\"}}],\"inLanguage\":\"sk-SK\"},{\"@type\":\"Person\",\"@id\":\"\",\"url\":\"https:\/\/www.welovecycling.com\/sk\/author\/\"}]}<\/script>\n<!-- \/ Yoast SEO Premium plugin. -->","yoast_head_json":{"title":"Report\u00e1\u017e: \u0160koda Slovensk\u00fd raj \u2013 \u010fal\u0161\u00ed \u0161portov\u00fd v\u00edkend za nami - \u0160koda We Love Cycling Slovensko","robots":{"index":"index","follow":"follow","max-snippet":"max-snippet:-1","max-image-preview":"max-image-preview:large","max-video-preview":"max-video-preview:-1"},"canonical":"https:\/\/www.welovecycling.com\/sk\/2020\/09\/10\/reportaz-skoda-slovensky-raj-dalsi-sportovy-vikend-za-nami\/","og_locale":"sk_SK","og_type":"article","og_title":"Report\u00e1\u017e: \u0160koda Slovensk\u00fd raj \u2013 \u010fal\u0161\u00ed \u0161portov\u00fd v\u00edkend za nami","og_description":"V\u00a0sobotu 05. 09. 2020 sme sa mohli v\u0161etci stretn\u00fa\u0165 na druhom kole tohtoro\u010dnej skr\u00e1tenej ed\u00edcie \u0160koda BIKE OPEN TOUR. Tentoraz [&hellip;]","og_url":"https:\/\/www.welovecycling.com\/sk\/2020\/09\/10\/reportaz-skoda-slovensky-raj-dalsi-sportovy-vikend-za-nami\/","og_site_name":"\u0160koda We Love Cycling Slovensko","article_published_time":"2020-09-10T08:00:23+00:00","og_image":[{"width":1380,"height":675,"url":"https:\/\/d2p6e6u75xmxt8.cloudfront.net\/4\/2020\/09\/SBOT-Slovensky-ra_00.webp","type":"image\/webp"}],"twitter_card":"summary_large_image","twitter_misc":{"Written by":"WeLoveCycling","Est. reading time":"3"},"schema":{"@context":"https:\/\/schema.org","@graph":[{"@type":"WebPage","@id":"https:\/\/www.welovecycling.com\/sk\/2020\/09\/10\/reportaz-skoda-slovensky-raj-dalsi-sportovy-vikend-za-nami\/","url":"https:\/\/www.welovecycling.com\/sk\/2020\/09\/10\/reportaz-skoda-slovensky-raj-dalsi-sportovy-vikend-za-nami\/","name":"Report\u00e1\u017e: \u0160koda Slovensk\u00fd raj \u2013 \u010fal\u0161\u00ed \u0161portov\u00fd v\u00edkend za nami - \u0160koda We Love Cycling Slovensko","isPartOf":{"@id":"https:\/\/www.welovecycling.com\/sk\/#website"},"primaryImageOfPage":{"@id":"https:\/\/www.welovecycling.com\/sk\/2020\/09\/10\/reportaz-skoda-slovensky-raj-dalsi-sportovy-vikend-za-nami\/#primaryimage"},"image":{"@id":"https:\/\/www.welovecycling.com\/sk\/2020\/09\/10\/reportaz-skoda-slovensky-raj-dalsi-sportovy-vikend-za-nami\/#primaryimage"},"thumbnailUrl":"https:\/\/d2p6e6u75xmxt8.cloudfront.net\/4\/2020\/09\/SBOT-Slovensky-ra_00.webp","datePublished":"2020-09-10T08:00:23+00:00","author":{"@id":""},"breadcrumb":{"@id":"https:\/\/www.welovecycling.com\/sk\/2020\/09\/10\/reportaz-skoda-slovensky-raj-dalsi-sportovy-vikend-za-nami\/#breadcrumb"},"inLanguage":"sk-SK","potentialAction":[{"@type":"ReadAction","target":["https:\/\/www.welovecycling.com\/sk\/2020\/09\/10\/reportaz-skoda-slovensky-raj-dalsi-sportovy-vikend-za-nami\/"]}]},{"@type":"ImageObject","inLanguage":"sk-SK","@id":"https:\/\/www.welovecycling.com\/sk\/2020\/09\/10\/reportaz-skoda-slovensky-raj-dalsi-sportovy-vikend-za-nami\/#primaryimage","url":"https:\/\/d2p6e6u75xmxt8.cloudfront.net\/4\/2020\/09\/SBOT-Slovensky-ra_00.webp","contentUrl":"https:\/\/d2p6e6u75xmxt8.cloudfront.net\/4\/2020\/09\/SBOT-Slovensky-ra_00.webp","width":1380,"height":675},{"@type":"BreadcrumbList","@id":"https:\/\/www.welovecycling.com\/sk\/2020\/09\/10\/reportaz-skoda-slovensky-raj-dalsi-sportovy-vikend-za-nami\/#breadcrumb","itemListElement":[{"@type":"ListItem","position":1,"name":"Home","item":"https:\/\/www.welovecycling.com\/sk\/"},{"@type":"ListItem","position":2,"name":"Report\u00e1\u017e: \u0160koda Slovensk\u00fd raj \u2013 \u010fal\u0161\u00ed \u0161portov\u00fd v\u00edkend za nami"}]},{"@type":"WebSite","@id":"https:\/\/www.welovecycling.com\/sk\/#website","url":"https:\/\/www.welovecycling.com\/sk\/","name":"\u0160koda We Love Cycling Slovensko","description":"\u0160koda We Love Cycling Slovensko je v\u00e1\u0161 ka\u017edodenn\u00fd zdroj noviniek a in\u0161pir\u00e1cie z sveta cyklistiky","potentialAction":[{"@type":"SearchAction","target":{"@type":"EntryPoint","urlTemplate":"https:\/\/www.welovecycling.com\/sk\/?s={search_term_string}"},"query-input":{"@type":"PropertyValueSpecification","valueRequired":true,"valueName":"search_term_string"}}],"inLanguage":"sk-SK"},{"@type":"Person","@id":"","url":"https:\/\/www.welovecycling.com\/sk\/author\/"}]}},"_links":{"self":[{"href":"https:\/\/www.welovecycling.com\/sk\/wp-json\/wp\/v2\/posts\/10598","targetHints":{"allow":["GET"]}}],"collection":[{"href":"https:\/\/www.welovecycling.com\/sk\/wp-json\/wp\/v2\/posts"}],"about":[{"href":"https:\/\/www.welovecycling.com\/sk\/wp-json\/wp\/v2\/types\/post"}],"author":[{"embeddable":true,"href":"https:\/\/www.welovecycling.com\/sk\/wp-json\/wp\/v2\/users\/81"}],"replies":[{"embeddable":true,"href":"https:\/\/www.welovecycling.com\/sk\/wp-json\/wp\/v2\/comments?post=10598"}],"version-history":[{"count":2,"href":"https:\/\/www.welovecycling.com\/sk\/wp-json\/wp\/v2\/posts\/10598\/revisions"}],"predecessor-version":[{"id":10618,"href":"https:\/\/www.welovecycling.com\/sk\/wp-json\/wp\/v2\/posts\/10598\/revisions\/10618"}],"wp:featuredmedia":[{"embeddable":true,"href":"https:\/\/www.welovecycling.com\/sk\/wp-json\/wp\/v2\/media\/10600"}],"wp:attachment":[{"href":"https:\/\/www.welovecycling.com\/sk\/wp-json\/wp\/v2\/media?parent=10598"}],"wp:term":[{"taxonomy":"category","embeddable":true,"href":"https:\/\/www.welovecycling.com\/sk\/wp-json\/wp\/v2\/categories?post=10598"},{"taxonomy":"post_tag","embeddable":true,"href":"https:\/\/www.welovecycling.com\/sk\/wp-json\/wp\/v2\/tags?post=10598"},{"taxonomy":"global-categories","embeddable":true,"href":"https:\/\/www.welovecycling.com\/sk\/wp-json\/wp\/v2\/global-categories?post=10598"}],"curies":[{"name":"wp","href":"https:\/\/api.w.org\/{rel}","templated":true}]}}