{"id":10589,"date":"2020-09-01T12:00:09","date_gmt":"2020-09-01T10:00:09","guid":{"rendered":"https:\/\/www.welovecycling.com\/sk\/?p=10589"},"modified":"2023-04-24T12:04:39","modified_gmt":"2023-04-24T10:04:39","slug":"kto-je-favoritom-na-tohtorocnej-tour-de-france","status":"publish","type":"post","link":"https:\/\/www.welovecycling.com\/sk\/2020\/09\/01\/kto-je-favoritom-na-tohtorocnej-tour-de-france\/","title":{"rendered":"Kto je favoritom na tohtoro\u010dnej Tour de France?"},"content":{"rendered":"<p><strong>Dobrou spr\u00e1vou je to, \u017ee aj napriek st\u00fapaj\u00facim \u010d\u00edslam nakazen\u00fdch koronav\u00edrusom (sp\u00f4sobuj\u00facim ochorenie COVID-19) vo Franc\u00fazsku, tohtoro\u010dn\u00e1 Tour de France od\u0161tartovala pod\u013ea pl\u00e1nu, a to 29. augusta. Celkovo tak ide o dvojmesa\u010dn\u00fd odklad, ne\u017e na \u010do sme boli v uplynul\u00fdch desa\u0165ro\u010diach zvyknut\u00ed. D\u00f4le\u017eit\u00fdm faktorom, ktor\u00fd mus\u00edme vzia\u0165 do \u00favahy e\u0161te pred samotn\u00fdm hodnoten\u00edm jednotliv\u00fdch favoritov, je skuto\u010dnos\u0165, \u017ee popravde nem\u00e1me mnoho \u00fadajov o celkovej forme pretek\u00e1rov &#8211; samozrejme, okrem posledn\u00e9ho mesiaca.<\/strong><!--more--><\/p>\n<p>Tak \u010di onak, ak by minuloro\u010dn\u00fd v\u00ed\u0165az Tour, Egan Bernal, nebol z\u00a0d\u00f4vodu probl\u00e9mov s chrbticou odst\u00fapil z\u00a0Crit\u00e9rium du Dauphin\u00e9, ktor\u00e9 sa konalo pred nieko\u013ek\u00fdmi t\u00fd\u017ed\u0148ami, a\u00a0ak by ho s\u00fa\u010dasne nebol Slovinec Primo\u017e Rogli\u010d vy\u0161kolil v\u00a0t\u00fdch etap\u00e1ch, na ktor\u00fdch sa e\u0161te stihol z\u00fa\u010dastni\u0165 a\u00a0ak by jeho doposia\u013e nepremo\u017eite\u013en\u00fd t\u00edm Ineos, zn\u00e1my prec\u00edznou jazdou a\u00a0siln\u00fdmi jazdcami, nevyzeral prinajlep\u0161om chaoticky a\u00a0bez poriadnej podpory (po Crit\u00e9riu boli obaja jeho spolujazdci &#8211; \u0161tvorn\u00e1sobn\u00fd v\u00ed\u0165az Tour de France, Chris Froome a\u00a0v\u00ed\u0165az Tour z\u00a0roku 2018, Geraint Thomas &#8211; vyraden\u00ed z\u00a0nomin\u00e1cie na Tour de France z\u00a0d\u00f4vodu nedostato\u010dnej pripravenosti), povedali by sme, \u017ee tento kolumbijsk\u00fd megatalent bude <strong>istou vo\u013ebou na v\u00ed\u0165aza celkovej klasifik\u00e1cie<\/strong>. Av\u0161ak vzh\u013eadom na tieto skuto\u010dnosti by u\u017e nikto nebol vsadil na jeho hladk\u00fa v\u00fdhru.<\/p>\n<p><a href=\"https:\/\/d2p6e6u75xmxt8.cloudfront.net\/4\/2020\/08\/01.JPG.jpg\"><img loading=\"lazy\" decoding=\"async\" class=\"alignnone size-full wp-image-10590\" src=\"https:\/\/d2p6e6u75xmxt8.cloudfront.net\/4\/2020\/08\/01.JPG.jpg\" alt=\"\" width=\"1200\" height=\"800\" \/><\/a><\/p>\n<p>Jedn\u00fdm z\u00a0najv\u00e4\u010d\u0161\u00edch vyz\u00fdvate\u013eov je pr\u00e1ve spom\u00ednan\u00fd Slovinec, <strong>Primo\u017e Rogli\u010d<\/strong>. D\u00f4vodom preto nie je len jeho forma, ktor\u00e1 ho priviedla k\u00a0v\u00ed\u0165azstvu v\u00a0druhej etape Crit\u00e9ria, ale s\u00fa\u010dasne aj celkov\u00e9mu v\u00ed\u0165azstvu na za\u010diatku augusta na Tour de l\u02b9Ain ako aj dresu Majstra Slovinska v\u00a0cestnej cyklistike pre rok 2020. Ak sa zam\u00fd\u0161\u013eate, pre\u010do odst\u00fapil z\u00a0Crit\u00e9ria po tom, ako viedol celkov\u00fa klasifik\u00e1ciu v\u00a0\u0161tvrtej etape, odpove\u010fou je jeho zranenie. To v\u0161ak u\u017e nie je obmedzen\u00edm v\u00a0s\u00fa\u010dasnej situ\u00e1cii na Tour. Po \u00favodn\u00fdch etap\u00e1ch nemal najmen\u0161ie probl\u00e9my s\u00a0udr\u017ean\u00edm aj agres\u00edvneho tempa pri z\u00e1vere druhej etapy. Ot\u00e1zkou je skuto\u010dn\u00e9 porovnanie Bernala a\u00a0Rogli\u010da na trati Tour, ke\u010f\u017ee Slovinec sa po\u010das minuloro\u010dn\u00e9ho \u00faspechu Bernala nenach\u00e1dzal vo v\u00fdbere t\u00edmu Jumbo-Visma. Av\u0161ak s\u00fa\u010dasne dok\u00e1zal zv\u00ed\u0165azi\u0165 na neskor\u0161ej Vuelte a\u00a0obh\u00e1ji\u0165 tretie miesto na Gire.<\/p>\n<lite-youtube videoid=K7MZS1OMBJk params=\"enablejsapi=1\" style=\"background-image: url('https:\/\/i.ytimg.com\/vi_webp\/K7MZS1OMBJk\/maxresdefault.webp');\"><\/lite-youtube>\n<p>Ale nie je vhodn\u00e9 redukova\u0165 boj o\u00a0v\u00ed\u0165azstvo len na t\u00fdchto dvoch &#8211; pr\u00e1ve naopak. S\u00a0menej presved\u010divou formou Bernala sa otv\u00e1ra priestor pre mnoh\u00fdch \u010fal\u0161\u00edch pretek\u00e1rov. Tak napr\u00edklad pre Thibauta Pinota, ktor\u00fd dok\u00e1zal excelova\u0165 v\u00a0poslednom t\u00fd\u017edni Tour 2019, teda do chv\u00edle, kedy ho zastavilo zranenie nohy, pre ktor\u00e9 musel na za\u010diatku 19. etapy odst\u00fapi\u0165 z\u00a05. miesta celkovej klasifik\u00e1cie. Rovnako tak je v\u00a0hre aj neust\u00e1le prekvapuj\u00faci talent, <strong>Julian Alaphilippe<\/strong>, ktor\u00fd dok\u00e1zal vyhra\u0165 etapu s\u00a0\u010d\u00edslom 2 len pred nieko\u013ek\u00fdmi d\u0148ami. Rovnako tak si ho pam\u00e4t\u00e1me aj z\u00a0minul\u00e9ho roka, kedy viezol \u017elt\u00fd dres cel\u00fdch 16 dn\u00ed v\u00a0rade! Teda a\u017e do bodu, kedy sa jeho kapacity vypr\u00e1zdnili a\u00a0musel sa nakoniec uspokoji\u0165 s\u00a0celkov\u00fdm 5. miestom.<\/p>\n<lite-youtube videoid=8zxQDmbgpgo params=\"enablejsapi=1\" style=\"background-image: url('https:\/\/i.ytimg.com\/vi_webp\/8zxQDmbgpgo\/maxresdefault.webp');\"><\/lite-youtube>\n<h2><strong>Ale s\u00fa tu aj \u010fal\u0161\u00ed<\/strong><\/h2>\n<p>\u010co sa t\u00fdka nestarn\u00faceho Alejandra Valverdeho, ten mal v\u00fdrazn\u00e9 probl\u00e9my u\u017e v\u00a0\u00favodn\u00fdch etap\u00e1ch augustov\u00e9ho pretekania. D\u00f4vodom by mala by\u0165 t\u00e1to situ\u00e1cia, ktor\u00e1 mu nedovo\u013eovala absolvova\u0165 jeho rutinn\u00fa pr\u00edpravu &#8211; <strong>\u010do znamen\u00e1 preteka\u0165, preteka\u0165 a\u00a0preteka\u0165<\/strong>. Zab\u00fada\u0165 nem\u00f4\u017eeme ani na kolegu Petra Sagana, Emanuela Buchmanna, ktor\u00fd sa vyznamenal 4. miestom na Tour 2019. Aj ke\u010f nedokon\u010dil Crit\u00e9rium, v\u00a0\u00favodn\u00fdch 3 etap\u00e1ch uk\u00e1zal v\u00fdborn\u00e9 v\u00fdkony &#8211; najm\u00e4 v\u010faka 3. miestu v\u00a0druhej etape a\u00a04. miestu v\u00a0tretej &#8211; obe so z\u00e1verom na vrchole st\u00fapania. Jedn\u00fdm z\u00a0\u010fal\u0161\u00edch kandid\u00e1tov na zisk h\u00e1dam najcennej\u0161ej trofeje je aj v\u00a0uplynulom roku v\u00fdkonmi trochu neist\u00fd Nairo Quintana, ktor\u00fd presedlal do t\u00edmu Ark\u00e9a Samsic, kde u\u017e nem\u00e1 zau\u017e\u00edvan\u00fa podporu jeho b\u00fdval\u00e9ho t\u00edmu Movistar.<\/p>\n<lite-youtube videoid=_b5bKuW9pjY params=\"enablejsapi=1\" style=\"background-image: url('https:\/\/i.ytimg.com\/vi_webp\/_b5bKuW9pjY\/maxresdefault.webp');\"><\/lite-youtube>\n<p>Tour sa e\u0161te len rozbieha a\u00a0tie <strong>najd\u00f4le\u017eitej\u0161ie chv\u00edle by mali pr\u00eds\u0165 v\u00a0horsk\u00fdch etap\u00e1ch a\u00a0individu\u00e1lnej \u010dasovke<\/strong>, ktor\u00e9 s\u00fa napl\u00e1novan\u00e9 na druh\u00fa polovicu pretekov. Av\u0161ak ako sme videli v\u00a0prv\u00fdch etap\u00e1ch, p\u00e1dy sa nevyh\u00fdbaj\u00fa ani t\u00fdm najlep\u0161\u00edm a\u00a0sta\u010d\u00ed jeden okamih a\u00a0n\u00e1deje aj ist\u00e9ho v\u00ed\u0165aza sa rozplyn\u00fa v\u00a0paru. Sta\u010d\u00ed sa pozrie\u0165 na \u0161tatistiku uplynul\u00e9ho mesiaca, kedy do zoznamu zranen\u00fdch pribudlo hne\u010f 20 pretek\u00e1rov &#8211; medzi nimi aj Philippe Gilbert a\u00a0Rafael Valls z\u00a0prvej etapy Tour, ako aj mo\u017en\u00fd adept na v\u00ed\u0165aza Tour, Steven Kruijswijk \u010di Dan Martin.<\/p>\n<p>A kto teda z\u00edska \u017elt\u00fd dres? Odpove\u010f ur\u010dite z\u00edskame v nasleduj\u00facich troch t\u00fd\u017ed\u0148och.<\/p>\n<p>Autor fotografie: Martin Domok \/ <a href=\"https:\/\/sport24.pluska.sk\" target=\"_blank\" rel=\"noopener noreferrer\">sport24.sk<\/a><\/p>\n","protected":false},"excerpt":{"rendered":"<p>Dobrou spr\u00e1vou je to, \u017ee aj napriek st\u00fapaj\u00facim \u010d\u00edslam nakazen\u00fdch koronav\u00edrusom (sp\u00f4sobuj\u00facim ochorenie COVID-19) vo Franc\u00fazsku, tohtoro\u010dn\u00e1 Tour de France [&hellip;]<\/p>\n","protected":false},"author":172,"featured_media":10594,"comment_status":"open","ping_status":"open","sticky":false,"template":"","format":"standard","meta":{"footnotes":""},"categories":[63,117],"tags":[619,115,487,546,1038,331,878,498,46,179,170,256,542,20,1249],"global-categories":[1074],"class_list":["post-10589","post","type-post","status-publish","format-standard","has-post-thumbnail","hentry","category-grand-tour","category-tour-de-france","tag-bicyklovanie","tag-cestna-cyklistika","tag-cestny-bicykel","tag-cyklistika","tag-egan-bernal","tag-etapove-preteky","tag-favorit","tag-julian-alaphilippe","tag-peter-sagan","tag-preteky","tag-primoz-roglic","tag-sezona","tag-skoda","tag-tour-de-france","tag-tour-de-france-2020","global-categories-cycling"],"yoast_head":"<!-- This site is optimized with the Yoast SEO Premium plugin v25.3 (Yoast SEO v25.9) - https:\/\/yoast.com\/wordpress\/plugins\/seo\/ -->\n<title>Kto je favoritom na tohtoro\u010dnej Tour de France?<\/title>\n<meta name=\"description\" content=\"Dobrou spr\u00e1vou je to, \u017ee tohtoro\u010dn\u00e1 Tour de France od\u0161tartovala pod\u013ea pl\u00e1nu. Celkovo tak ide o dvojmesa\u010dn\u00fd odklad.\" \/>\n<meta name=\"robots\" content=\"index, follow, max-snippet:-1, max-image-preview:large, max-video-preview:-1\" \/>\n<link rel=\"canonical\" href=\"https:\/\/www.welovecycling.com\/sk\/2020\/09\/01\/kto-je-favoritom-na-tohtorocnej-tour-de-france\/\" \/>\n<meta property=\"og:locale\" content=\"sk_SK\" \/>\n<meta property=\"og:type\" content=\"article\" \/>\n<meta property=\"og:title\" content=\"Kto je favoritom na tohtoro\u010dnej Tour de France?\" \/>\n<meta property=\"og:description\" content=\"Dobrou spr\u00e1vou je to, \u017ee tohtoro\u010dn\u00e1 Tour de France od\u0161tartovala pod\u013ea pl\u00e1nu. Celkovo tak ide o dvojmesa\u010dn\u00fd odklad.\" \/>\n<meta property=\"og:url\" content=\"https:\/\/www.welovecycling.com\/sk\/2020\/09\/01\/kto-je-favoritom-na-tohtorocnej-tour-de-france\/\" \/>\n<meta property=\"og:site_name\" content=\"\u0160koda We Love Cycling Slovensko\" \/>\n<meta property=\"article:published_time\" content=\"2020-09-01T10:00:09+00:00\" \/>\n<meta property=\"article:modified_time\" content=\"2023-04-24T10:04:39+00:00\" \/>\n<meta property=\"og:image\" content=\"https:\/\/d2p6e6u75xmxt8.cloudfront.net\/4\/2020\/08\/00.JPG.webp\" \/>\n\t<meta property=\"og:image:width\" content=\"1380\" \/>\n\t<meta property=\"og:image:height\" content=\"600\" \/>\n\t<meta property=\"og:image:type\" content=\"image\/webp\" \/>\n<meta name=\"author\" content=\"dominika\" \/>\n<meta name=\"twitter:card\" content=\"summary_large_image\" \/>\n<meta name=\"twitter:label1\" content=\"Written by\" \/>\n\t<meta name=\"twitter:data1\" content=\"WeLoveCycling\" \/>\n\t<meta name=\"twitter:label2\" content=\"Est. reading time\" \/>\n\t<meta name=\"twitter:data2\" content=\"4\" \/>\n<script type=\"application\/ld+json\" class=\"yoast-schema-graph\">{\"@context\":\"https:\/\/schema.org\",\"@graph\":[{\"@type\":\"WebPage\",\"@id\":\"https:\/\/www.welovecycling.com\/sk\/2020\/09\/01\/kto-je-favoritom-na-tohtorocnej-tour-de-france\/\",\"url\":\"https:\/\/www.welovecycling.com\/sk\/2020\/09\/01\/kto-je-favoritom-na-tohtorocnej-tour-de-france\/\",\"name\":\"Kto je favoritom na tohtoro\u010dnej Tour de France?\",\"isPartOf\":{\"@id\":\"https:\/\/www.welovecycling.com\/sk\/#website\"},\"primaryImageOfPage\":{\"@id\":\"https:\/\/www.welovecycling.com\/sk\/2020\/09\/01\/kto-je-favoritom-na-tohtorocnej-tour-de-france\/#primaryimage\"},\"image\":{\"@id\":\"https:\/\/www.welovecycling.com\/sk\/2020\/09\/01\/kto-je-favoritom-na-tohtorocnej-tour-de-france\/#primaryimage\"},\"thumbnailUrl\":\"https:\/\/d2p6e6u75xmxt8.cloudfront.net\/4\/2020\/08\/00.JPG.webp\",\"datePublished\":\"2020-09-01T10:00:09+00:00\",\"dateModified\":\"2023-04-24T10:04:39+00:00\",\"author\":{\"@id\":\"https:\/\/www.welovecycling.com\/sk\/#\/schema\/person\/533b62b98b6c41bd5135ebfb1f742624\"},\"description\":\"Dobrou spr\u00e1vou je to, \u017ee tohtoro\u010dn\u00e1 Tour de France od\u0161tartovala pod\u013ea pl\u00e1nu. Celkovo tak ide o dvojmesa\u010dn\u00fd odklad.\",\"breadcrumb\":{\"@id\":\"https:\/\/www.welovecycling.com\/sk\/2020\/09\/01\/kto-je-favoritom-na-tohtorocnej-tour-de-france\/#breadcrumb\"},\"inLanguage\":\"sk-SK\",\"potentialAction\":[{\"@type\":\"ReadAction\",\"target\":[\"https:\/\/www.welovecycling.com\/sk\/2020\/09\/01\/kto-je-favoritom-na-tohtorocnej-tour-de-france\/\"]}]},{\"@type\":\"ImageObject\",\"inLanguage\":\"sk-SK\",\"@id\":\"https:\/\/www.welovecycling.com\/sk\/2020\/09\/01\/kto-je-favoritom-na-tohtorocnej-tour-de-france\/#primaryimage\",\"url\":\"https:\/\/d2p6e6u75xmxt8.cloudfront.net\/4\/2020\/08\/00.JPG.webp\",\"contentUrl\":\"https:\/\/d2p6e6u75xmxt8.cloudfront.net\/4\/2020\/08\/00.JPG.webp\",\"width\":1380,\"height\":600},{\"@type\":\"BreadcrumbList\",\"@id\":\"https:\/\/www.welovecycling.com\/sk\/2020\/09\/01\/kto-je-favoritom-na-tohtorocnej-tour-de-france\/#breadcrumb\",\"itemListElement\":[{\"@type\":\"ListItem\",\"position\":1,\"name\":\"Home\",\"item\":\"https:\/\/www.welovecycling.com\/sk\/\"},{\"@type\":\"ListItem\",\"position\":2,\"name\":\"Kto je favoritom na tohtoro\u010dnej Tour de France?\"}]},{\"@type\":\"WebSite\",\"@id\":\"https:\/\/www.welovecycling.com\/sk\/#website\",\"url\":\"https:\/\/www.welovecycling.com\/sk\/\",\"name\":\"\u0160koda We Love Cycling Slovensko\",\"description\":\"\u0160koda We Love Cycling Slovensko je v\u00e1\u0161 ka\u017edodenn\u00fd zdroj noviniek a in\u0161pir\u00e1cie z sveta cyklistiky\",\"potentialAction\":[{\"@type\":\"SearchAction\",\"target\":{\"@type\":\"EntryPoint\",\"urlTemplate\":\"https:\/\/www.welovecycling.com\/sk\/?s={search_term_string}\"},\"query-input\":{\"@type\":\"PropertyValueSpecification\",\"valueRequired\":true,\"valueName\":\"search_term_string\"}}],\"inLanguage\":\"sk-SK\"},{\"@type\":\"Person\",\"@id\":\"https:\/\/www.welovecycling.com\/sk\/#\/schema\/person\/533b62b98b6c41bd5135ebfb1f742624\",\"name\":\"dominika\",\"image\":{\"@type\":\"ImageObject\",\"inLanguage\":\"sk-SK\",\"@id\":\"https:\/\/www.welovecycling.com\/sk\/#\/schema\/person\/image\/\",\"url\":\"https:\/\/secure.gravatar.com\/avatar\/ded6f274ba2ec3e17fff153f7d9d96a4b33c2cb63907f75d9a5309c599a7f3e6?s=96&d=mm&r=g\",\"contentUrl\":\"https:\/\/secure.gravatar.com\/avatar\/ded6f274ba2ec3e17fff153f7d9d96a4b33c2cb63907f75d9a5309c599a7f3e6?s=96&d=mm&r=g\",\"caption\":\"dominika\"},\"url\":\"https:\/\/www.welovecycling.com\/sk\/author\/dominika\/\"}]}<\/script>\n<!-- \/ Yoast SEO Premium plugin. -->","yoast_head_json":{"title":"Kto je favoritom na tohtoro\u010dnej Tour de France?","description":"Dobrou spr\u00e1vou je to, \u017ee tohtoro\u010dn\u00e1 Tour de France od\u0161tartovala pod\u013ea pl\u00e1nu. Celkovo tak ide o dvojmesa\u010dn\u00fd odklad.","robots":{"index":"index","follow":"follow","max-snippet":"max-snippet:-1","max-image-preview":"max-image-preview:large","max-video-preview":"max-video-preview:-1"},"canonical":"https:\/\/www.welovecycling.com\/sk\/2020\/09\/01\/kto-je-favoritom-na-tohtorocnej-tour-de-france\/","og_locale":"sk_SK","og_type":"article","og_title":"Kto je favoritom na tohtoro\u010dnej Tour de France?","og_description":"Dobrou spr\u00e1vou je to, \u017ee tohtoro\u010dn\u00e1 Tour de France od\u0161tartovala pod\u013ea pl\u00e1nu. Celkovo tak ide o dvojmesa\u010dn\u00fd odklad.","og_url":"https:\/\/www.welovecycling.com\/sk\/2020\/09\/01\/kto-je-favoritom-na-tohtorocnej-tour-de-france\/","og_site_name":"\u0160koda We Love Cycling Slovensko","article_published_time":"2020-09-01T10:00:09+00:00","article_modified_time":"2023-04-24T10:04:39+00:00","og_image":[{"width":1380,"height":600,"url":"https:\/\/d2p6e6u75xmxt8.cloudfront.net\/4\/2020\/08\/00.JPG.webp","type":"image\/webp"}],"author":"dominika","twitter_card":"summary_large_image","twitter_misc":{"Written by":"WeLoveCycling","Est. reading time":"4"},"schema":{"@context":"https:\/\/schema.org","@graph":[{"@type":"WebPage","@id":"https:\/\/www.welovecycling.com\/sk\/2020\/09\/01\/kto-je-favoritom-na-tohtorocnej-tour-de-france\/","url":"https:\/\/www.welovecycling.com\/sk\/2020\/09\/01\/kto-je-favoritom-na-tohtorocnej-tour-de-france\/","name":"Kto je favoritom na tohtoro\u010dnej Tour de France?","isPartOf":{"@id":"https:\/\/www.welovecycling.com\/sk\/#website"},"primaryImageOfPage":{"@id":"https:\/\/www.welovecycling.com\/sk\/2020\/09\/01\/kto-je-favoritom-na-tohtorocnej-tour-de-france\/#primaryimage"},"image":{"@id":"https:\/\/www.welovecycling.com\/sk\/2020\/09\/01\/kto-je-favoritom-na-tohtorocnej-tour-de-france\/#primaryimage"},"thumbnailUrl":"https:\/\/d2p6e6u75xmxt8.cloudfront.net\/4\/2020\/08\/00.JPG.webp","datePublished":"2020-09-01T10:00:09+00:00","dateModified":"2023-04-24T10:04:39+00:00","author":{"@id":"https:\/\/www.welovecycling.com\/sk\/#\/schema\/person\/533b62b98b6c41bd5135ebfb1f742624"},"description":"Dobrou spr\u00e1vou je to, \u017ee tohtoro\u010dn\u00e1 Tour de France od\u0161tartovala pod\u013ea pl\u00e1nu. Celkovo tak ide o dvojmesa\u010dn\u00fd odklad.","breadcrumb":{"@id":"https:\/\/www.welovecycling.com\/sk\/2020\/09\/01\/kto-je-favoritom-na-tohtorocnej-tour-de-france\/#breadcrumb"},"inLanguage":"sk-SK","potentialAction":[{"@type":"ReadAction","target":["https:\/\/www.welovecycling.com\/sk\/2020\/09\/01\/kto-je-favoritom-na-tohtorocnej-tour-de-france\/"]}]},{"@type":"ImageObject","inLanguage":"sk-SK","@id":"https:\/\/www.welovecycling.com\/sk\/2020\/09\/01\/kto-je-favoritom-na-tohtorocnej-tour-de-france\/#primaryimage","url":"https:\/\/d2p6e6u75xmxt8.cloudfront.net\/4\/2020\/08\/00.JPG.webp","contentUrl":"https:\/\/d2p6e6u75xmxt8.cloudfront.net\/4\/2020\/08\/00.JPG.webp","width":1380,"height":600},{"@type":"BreadcrumbList","@id":"https:\/\/www.welovecycling.com\/sk\/2020\/09\/01\/kto-je-favoritom-na-tohtorocnej-tour-de-france\/#breadcrumb","itemListElement":[{"@type":"ListItem","position":1,"name":"Home","item":"https:\/\/www.welovecycling.com\/sk\/"},{"@type":"ListItem","position":2,"name":"Kto je favoritom na tohtoro\u010dnej Tour de France?"}]},{"@type":"WebSite","@id":"https:\/\/www.welovecycling.com\/sk\/#website","url":"https:\/\/www.welovecycling.com\/sk\/","name":"\u0160koda We Love Cycling Slovensko","description":"\u0160koda We Love Cycling Slovensko je v\u00e1\u0161 ka\u017edodenn\u00fd zdroj noviniek a in\u0161pir\u00e1cie z sveta cyklistiky","potentialAction":[{"@type":"SearchAction","target":{"@type":"EntryPoint","urlTemplate":"https:\/\/www.welovecycling.com\/sk\/?s={search_term_string}"},"query-input":{"@type":"PropertyValueSpecification","valueRequired":true,"valueName":"search_term_string"}}],"inLanguage":"sk-SK"},{"@type":"Person","@id":"https:\/\/www.welovecycling.com\/sk\/#\/schema\/person\/533b62b98b6c41bd5135ebfb1f742624","name":"dominika","image":{"@type":"ImageObject","inLanguage":"sk-SK","@id":"https:\/\/www.welovecycling.com\/sk\/#\/schema\/person\/image\/","url":"https:\/\/secure.gravatar.com\/avatar\/ded6f274ba2ec3e17fff153f7d9d96a4b33c2cb63907f75d9a5309c599a7f3e6?s=96&d=mm&r=g","contentUrl":"https:\/\/secure.gravatar.com\/avatar\/ded6f274ba2ec3e17fff153f7d9d96a4b33c2cb63907f75d9a5309c599a7f3e6?s=96&d=mm&r=g","caption":"dominika"},"url":"https:\/\/www.welovecycling.com\/sk\/author\/dominika\/"}]}},"_links":{"self":[{"href":"https:\/\/www.welovecycling.com\/sk\/wp-json\/wp\/v2\/posts\/10589","targetHints":{"allow":["GET"]}}],"collection":[{"href":"https:\/\/www.welovecycling.com\/sk\/wp-json\/wp\/v2\/posts"}],"about":[{"href":"https:\/\/www.welovecycling.com\/sk\/wp-json\/wp\/v2\/types\/post"}],"author":[{"embeddable":true,"href":"https:\/\/www.welovecycling.com\/sk\/wp-json\/wp\/v2\/users\/172"}],"replies":[{"embeddable":true,"href":"https:\/\/www.welovecycling.com\/sk\/wp-json\/wp\/v2\/comments?post=10589"}],"version-history":[{"count":2,"href":"https:\/\/www.welovecycling.com\/sk\/wp-json\/wp\/v2\/posts\/10589\/revisions"}],"predecessor-version":[{"id":17227,"href":"https:\/\/www.welovecycling.com\/sk\/wp-json\/wp\/v2\/posts\/10589\/revisions\/17227"}],"wp:featuredmedia":[{"embeddable":true,"href":"https:\/\/www.welovecycling.com\/sk\/wp-json\/wp\/v2\/media\/10594"}],"wp:attachment":[{"href":"https:\/\/www.welovecycling.com\/sk\/wp-json\/wp\/v2\/media?parent=10589"}],"wp:term":[{"taxonomy":"category","embeddable":true,"href":"https:\/\/www.welovecycling.com\/sk\/wp-json\/wp\/v2\/categories?post=10589"},{"taxonomy":"post_tag","embeddable":true,"href":"https:\/\/www.welovecycling.com\/sk\/wp-json\/wp\/v2\/tags?post=10589"},{"taxonomy":"global-categories","embeddable":true,"href":"https:\/\/www.welovecycling.com\/sk\/wp-json\/wp\/v2\/global-categories?post=10589"}],"curies":[{"name":"wp","href":"https:\/\/api.w.org\/{rel}","templated":true}]}}