{"id":10566,"date":"2020-08-31T10:00:30","date_gmt":"2020-08-31T08:00:30","guid":{"rendered":"https:\/\/www.welovecycling.com\/sk\/?p=10566"},"modified":"2020-08-29T21:51:22","modified_gmt":"2020-08-29T19:51:22","slug":"mesacna-desiatka-plnou-parou-vpred-za-vrcholom-sezony","status":"publish","type":"post","link":"https:\/\/www.welovecycling.com\/sk\/2020\/08\/31\/mesacna-desiatka-plnou-parou-vpred-za-vrcholom-sezony\/","title":{"rendered":"Mesa\u010dn\u00e1 desiatka &#8211; plnou parou vpred za vrcholom sez\u00f3ny"},"content":{"rendered":"<p><strong>Do\u010dkali sme sa. Po takmer polro\u010dnej odmlke od pretekov pri\u0161iel \u010das na dobehnutie v\u0161etk\u00e9ho toho, \u010do sme zame\u0161kali. A\u00a0\u017ee to nie je len prehnan\u00e1 metafora, o\u00a0tom v\u00e1s presved\u010d\u00ed cyklistick\u00e9 dianie po\u010das augusta.<\/strong><!--more--><\/p>\n<h2><strong>Ani majster sveta nem\u00e1 moc nad tvrdohlav\u00fdm dobytkom<\/strong><\/h2>\n<p>Predstavte si situ\u00e1ciu &#8211; ste l\u00eddrom na etapov\u00fdch pretekoch v\u00a0Alp\u00e1ch a\u00a0v\u00a0okamihu, kedy tra\u0165 nie je dostato\u010dne \u0161irok\u00e1 ani na to, aby ste mohli obehn\u00fa\u0165 60 kg s\u00fapera, <strong>objav\u00ed sa pred vami krava<\/strong>. T\u00e1 \u017eia\u013e nem\u00e1 kam unikn\u00fa\u0165 a\u00a0tak jedinou cestou je jej \u00fatek v\u00a0smere jazdy. Ke\u010f\u017ee ona nem\u00e1 \u0161tartov\u00e9 \u010d\u00edslo, nemieni nastoli\u0165 s\u00fa\u0165a\u017en\u00e9 tempo. To sa stalo aj majstrovi sveta, Ninovi Schurterovi, po\u010das Swiss Epic. Na\u0161\u0165astie sa v\u0161etko zaobi\u0161lo bez nepr\u00edjemnost\u00ed.<br \/>\nhttps:\/\/www.instagram.com\/p\/CEJ0PMtjbj2\/<\/p>\n<h2><strong>Slovensk\u00fa trikol\u00f3ru v\u00a0bud\u00facom roku op\u00e4\u0165 ponesie Juraj Sagan<\/strong><\/h2>\n<p>Na Majstrovstv\u00e1ch \u010ceskej republiky a\u00a0Slovenska sa predstavila mnohopo\u010detn\u00e1 skupina elitn\u00fdch pretek\u00e1rov, av\u0161ak predov\u0161etk\u00fdm od na\u0161ich z\u00e1padn\u00fdch susedov. Medzi slovensk\u00fdch favoritov patrili okrem Juraja Sagana aj Erik Ba\u0161ka \u010di zostava Dukly Bansk\u00e1 Bystrica. Pr\u00e1ve v\u00a0takomto porad\u00ed <strong>fini\u0161ovali pretek\u00e1ri po 192 km v\u00a0Mladej Boleslavi<\/strong>. Pred Saganom v\u0161ak bojovalo e\u0161te 11 \u010desk\u00fdch pretek\u00e1rov, z\u00a0ktor\u00fdch vy\u0161iel v\u00ed\u0165azne Adam \u0164oupal\u00edk pred Zde\u0148kom \u0160tybarom. Peter Sagan sa podujatia nez\u00fa\u010dastnil.<br \/>\nhttps:\/\/www.youtube.com\/watch?v=xmmPj59Vf5Y<\/p>\n<h2><strong>O\u00a0nov\u00fdch majstroch sa rozhodovalo po celom svete<\/strong><\/h2>\n<p>Nielen na Slovensku a\u00a0v\u00a0\u010ceskej republike, ale aj v\u00a0ostatn\u00fdch krajin\u00e1ch prebiehali <strong>n\u00e1rodn\u00e9 \u0161ampion\u00e1ty<\/strong>. Napr\u00edklad v\u00a0Holandsku jednozna\u010dne zv\u00ed\u0165azil Mathieu van der Poel, zatia\u013e \u010do \u0161panielsku trikol\u00f3ru ponesie legenda, Louis Le\u00f3n S\u00e1nchez. Taliansko ovl\u00e1dol Giaciomo Nizzolo, vo Franc\u00fazsku po \u00fapenlivom boji Arnaud D\u00e9mare. V\u00a0D\u00e1nsku je to Kasper Asgreen, v\u00a0N\u00f3rsku zas Sven Erik Bystr\u00f8m.\n<lite-youtube videoid=NbFhahojogM params=\"enablejsapi=1\" style=\"background-image: url('https:\/\/i.ytimg.com\/vi_webp\/NbFhahojogM\/maxresdefault.webp');\"><\/lite-youtube>\n<h2><strong>Nepr\u00edjemn\u00e9 p\u00e1dy na\u0161\u0165astie neskon\u010dili tragicky<\/strong><\/h2>\n<p>E\u0161te sa len sez\u00f3na pomaly rozbiehala a\u00a0na Tour de Pologne takmer po roku op\u00e4\u0165 do\u0161lo k\u00a0tragick\u00e9mu ne\u0161\u0165astiu. Minul\u00fd rok po nevinne vyzeraj\u00facom p\u00e1de zomrel len 22-ro\u010dn\u00fd Bjorg Lambrecht. Tentokr\u00e1t to bol Fabio Jakobsen, ktor\u00fd sa v\u00a0\u0161printe o\u00a0prv\u00e9 miesto v\u00a02. etape dostal do kontaktu s\u00a0Dylanom Groenewegenom a\u00a0spadol do bari\u00e9r pri cieli. Zranenia postihli nielen jeho tv\u00e1r ale aj ostatn\u00e9 \u010dasti tela, kv\u00f4li \u010domu bol uveden\u00fd do k\u00f3my. Na\u0161\u0165astie sa v\u00a0dne\u0161nej dobe <strong>zotavuje a\u00a0\u010dak\u00e1 na op\u00e4tovn\u00e9 nasadnutie do sedla bicykla<\/strong>. Rovnako ne\u0161\u0165astne padal aj Remco Evenepoel, ktor\u00fd zi\u0161iel z\u00a0cesty pri moste na Il Lombardia. P\u00e1d z\u00a0v\u00fd\u0161ky vy\u0161e 7 metrov na pevn\u00fd podklad si odniesla na\u0161\u0165astie \u201clen\u201d jeho panva. Rovnako ako Jakobsen, aj on sa zotavuje.\n<lite-youtube videoid=5gPJ3r_BXL8 params=\"enablejsapi=1\" style=\"background-image: url('https:\/\/i.ytimg.com\/vi_webp\/5gPJ3r_BXL8\/maxresdefault.webp');\"><\/lite-youtube>\n<h2><strong>Peter Sagan e\u0161te st\u00e1le \u010dak\u00e1 na prv\u00fd triumf &#8211; bude to na Tour de France?<\/strong><\/h2>\n<p>Mnoh\u00ed z\u00a0pretek\u00e1rov, ako napr\u00edklad Wout van Aert, si po znovuotvoren\u00ed sez\u00f3ny n\u00e1le\u017eite pozdvihli sebavedomie nieko\u013ek\u00fdmi v\u00fdhrami. \u017dia\u013e, u\u00a0Petra Sagana je sez\u00f3na 2020 e\u0161te st\u00e1le v\u00a0tieni jeho minul\u00fdch rokov. Od za\u010diatku augusta sa z\u00fa\u010dastnil na Strade Bianche, ktor\u00fa nedokon\u010dil, nesk\u00f4r na Mil\u00e1no-Tur\u00edn, kde skon\u010dil \u0161tvrt\u00fd a\u00a0rovnak\u00fd v\u00fdsledok zaznamenal aj na Mil\u00e1no-Sanremo. Po\u010das Crit\u00e9rium du Dauphin\u00e9 <strong>figuroval v\u00a0\u00favodn\u00fdch \u0161tyroch etap\u00e1ch v\u00a0druhej polovici \u0161tartov\u00e9ho po\u013ea<\/strong>, za \u010d\u00edm nasledovalo odst\u00fapenie z\u00a0pretekov. Av\u0161ak teraz ho \u010dak\u00e1 vrchol sez\u00f3ny &#8211; Tour de France. Podar\u00ed sa mu obh\u00e1ji\u0165 zelen\u00fd dres a\u00a0nav\u00fd\u0161i\u0165 rekordn\u00fd po\u010det?<\/p>\n<div class=\"shortcode-ys-post-pinup\"><article class=\"loop-simple post-10422 post type-post status-publish format-standard has-post-thumbnail hentry category-grand-tour tag-adam-rojcek tag-bicykel tag-bicyklovanie tag-cestna-cyklistika tag-cestny-bicykel tag-etapa tag-horska-cyklistika tag-jazdenie tag-majstrovstva-slovenska tag-mesacna-desiatka tag-muzi tag-nemecko tag-peter-sagan tag-preteky tag-sezona tag-stupanie tag-tour-de-france tag-uci tag-uci-worldtour tag-vitaz tag-xc tag-zeny tag-zlty-dres global-categories-cycling\" data-postid=\"10422\" role=\"article\" data-post-id=\"10422\" data-word-count=\"609\" data-headline-length=\"72\" data-category=\"Profesion\u00e1li\" data-global-category=\"Cycling\" data-author=\"WeLoveCycling\" data-published=\"2020-07-31T10:00:07+02:00\" data-published-day=\"Friday\">\n    <div class=\"entry-thumbnail article-thumbnail\" content=\"https:\/\/d2p6e6u75xmxt8.cloudfront.net\/4\/2020\/07\/Mesacna_desiatka_00-150x150.webp\"><a href=\"https:\/\/www.welovecycling.com\/sk\/2020\/07\/31\/mesacna-desiatka-posledny-mesiac-pred-znovuotvorenim-sezony\/\" class=\"image-holder\" target=\"_self\"><img decoding=\"async\" loading=\"lazy\" class=\"\" src=\"https:\/\/d2p6e6u75xmxt8.cloudfront.net\/4\/2020\/07\/Mesacna_desiatka_00-1024x445.webp\" srcset=\"https:\/\/d2p6e6u75xmxt8.cloudfront.net\/4\/2020\/07\/Mesacna_desiatka_00.webp 1380w, https:\/\/d2p6e6u75xmxt8.cloudfront.net\/4\/2020\/07\/Mesacna_desiatka_00-300x130.webp 300w, https:\/\/d2p6e6u75xmxt8.cloudfront.net\/4\/2020\/07\/Mesacna_desiatka_00-1024x445.webp 1024w, https:\/\/d2p6e6u75xmxt8.cloudfront.net\/4\/2020\/07\/Mesacna_desiatka_00-768x334.webp 768w\" width=\"1024\" height=\"445\" sizes=\"auto, (min-width: 1200px) 460px, (min-width: 768px) 38vw, 100vw\" alt=\"mesacna-desiatka-posledny-mesiac-pred-znovuotvorenim-sezony\"\/><\/a><\/div>    <div class=\"entry-meta\">\n        <a class=\"label label-secondary post-category\" href=\"https:\/\/www.welovecycling.com\/sk\/category\/grand-tour\/\" title=\"Profesion\u00e1li\">Profesion\u00e1li<\/a>\n    <\/div>\n    <div class=\"entry-details\">\n        <a href=\"https:\/\/www.welovecycling.com\/sk\/2020\/07\/31\/mesacna-desiatka-posledny-mesiac-pred-znovuotvorenim-sezony\/\" class='entry-title-wrapper'>\n            <h3 class=\"entry-title\"><span>Mesa\u010dn\u00e1 desiatka &#8211; posledn\u00fd mesiac pred znovuotvoren\u00edm sez\u00f3ny<\/span><\/h3>\n        <\/a>\n    <\/div>\n    <\/article>\n<\/div>\n<h2><strong>Ako vyzer\u00e1 \u017eivot Jacksona, ktor\u00fd u\u017e ako die\u0165a jazdieval traily v Squamishi?<\/strong><\/h2>\n<p>Meno Jackson Goldstone nepozn\u00e1 mnoho cyklistov. Ale to je mo\u017eno len do\u010dasn\u00e9. Tento st\u00e1le mlad\u00edk dok\u00e1zal pred nieko\u013ek\u00fdmi rokmi <strong>uchv\u00e1ti\u0165 verejnos\u0165 videom, v\u00a0ktorom si pred\u013a\u017eil cestu do \u0161k\u00f4lky<\/strong> cez ne\u013eahk\u00e9 traily a\u00a0zauj\u00edmav\u00e9 z\u00e1kutia okolia jeho domova. To v\u0161etko na odr\u00e1\u017eadle. Dnes, po desiatich rokoch, sa ni\u010d nezmenilo &#8211; jedine skuto\u010dnos\u0165, \u017ee odr\u00e1\u017eadlo vymenil za \u201edospel\u00e1cky\u201c bicykel. V\u00e1\u0161e\u0148 ostala rovnak\u00e1, \u010doho d\u00f4kazom je aj video z\u00a0jeho \u017eivota.\n<lite-youtube videoid=wFbYY1zoxC8 params=\"enablejsapi=1\" style=\"background-image: url('https:\/\/i.ytimg.com\/vi_webp\/wFbYY1zoxC8\/maxresdefault.webp');\"><\/lite-youtube>\n<h2><strong>Aj v\u00a0meste sa dok\u00e1\u017eete vybl\u00e1zni\u0165 &#8211; sta\u010d\u00ed h\u013eada\u0165<\/strong><\/h2>\n<p>Niekto by povedal, \u017ee to spr\u00e1vne horsk\u00e9 jazdenie je len v\u00a0lesoch. To m\u00e1 do ur\u010ditej miery s\u00edce pravdu, ale nie stopercentn\u00fa. D\u00f4kazom, \u017ee aj v\u00a0meste si dok\u00e1\u017eete n\u00e1js\u0165 miesta pre tr\u00e9novanie (nielen) va\u0161ej technickej zru\u010dnosti je aj video od Wyn-a Mastersa. Jeho sl\u00e1vne \u201ewheelie-Wednesdays\u201c tentokr\u00e1t doplnil o\u00a0Berlin Gap edit, v\u00a0ktorom <strong>objavuje kr\u00e1sy hlavn\u00e9ho mesta Nemecka<\/strong>.<br \/>\nhttps:\/\/www.instagram.com\/p\/CEPn-csh8B_\/<\/p>\n<h2><strong>Crit\u00e9rium du Dauphin\u00e9 uk\u00e1zalo pripravenos\u0165 jazdcov pred Tour de France<\/strong><\/h2>\n<p>Crit\u00e9rium du Dauphin\u00e9 je st\u00e1licou, najm\u00e4 ak ide o\u00a0posledn\u00e9 etapov\u00e9 preteky pred Starou d\u00e1mou. T\u00fd\u017ede\u0148 pov\u00e4\u010d\u0161ine v\u00a0kopcovitom ter\u00e9ne je ako stvoren\u00fd pre overenie si kond\u00edcie s\u00a0najv\u00e4\u010d\u0161\u00edmi s\u00fapermi tesne pred za\u010diatkom Tour. Aj po zmene kalend\u00e1ra ostalo Crit\u00e9rium v\u00a0rovnakej poz\u00edcii. Po\u010das neho sme pr\u00e1ve mohli <strong>sledova\u0165 siln\u00e9 v\u00fdkony<\/strong> predov\u0161etk\u00fdm Primo\u017ea Rogli\u010da pred Thibautom Pinotom a\u00a0in\u00fdmi. Favorizovan\u00fd v\u00ed\u0165az minulej Tour, Egan Bernal, mal v\u00a0st\u00fapaniach zrete\u013en\u00e9 slabiny, rovnako ako aj napr\u00edklad Alejandro Valverde \u010di Gerraint Thomas alebo\u00a0Chris Froome. Naopak v\u00a0dobrej forme sa predstavil mlad\u00fd Tadej Poga\u010dar. Prekvapen\u00edm bolo celkov\u00e9 v\u00ed\u0165azstvo len 24-ro\u010dn\u00e9ho Felipe Daniela Mart\u00edneza.\n<lite-youtube videoid=4ac6AQWSpBI params=\"enablejsapi=1\" style=\"background-image: url('https:\/\/i.ytimg.com\/vi_webp\/4ac6AQWSpBI\/maxresdefault.webp');\"><\/lite-youtube>\n<h2><strong>Aj na Slovensku \u017eije enduro v\u00a0podobe Slovensk\u00e9ho poh\u00e1ra &#8211; tentokr\u00e1t v\u00a0\u017diline<\/strong><\/h2>\n<p>Na za\u010diatku augusta sa v\u00a0\u017diline konali ofici\u00e1lne Majstrovstv\u00e1 Slovenska v\u00a0endure. Tentokr\u00e1t sa tu zi\u0161la po\u010detn\u00e1 slovensk\u00e1 elita s\u00a0pr\u00eddavkom viacer\u00fdch zahrani\u010dn\u00fdch jazdcov. Na celkovo piatich r\u00fdchlostn\u00fdch sk\u00fa\u0161kach sa <strong>rozhodovalo o\u00a0nov\u00fdch majstroch<\/strong>. Medzi mu\u017emi zv\u00ed\u0165azil 19-ro\u010dn\u00fd \u0160imon Rus len o\u00a08 sek\u00fand pred Denisom Koh\u00fatom. U\u00a0\u017eien to bola iba 16-ro\u010dn\u00e1 Simona Kuchynkova.\n<lite-youtube videoid=GOtPRX8Z_5M params=\"enablejsapi=1\" style=\"background-image: url('https:\/\/i.ytimg.com\/vi_webp\/GOtPRX8Z_5M\/maxresdefault.webp');\"><\/lite-youtube>\n<h2><strong>Tour de France sa za\u010dala &#8211; nepreme\u0161kajte ani sekundu!<\/strong><\/h2>\n<p>Je to tu! Vrchol sez\u00f3ny v\u00a0podobe Tour de France sa pr\u00e1ve za\u010dal. Prv\u00e9 etapy v\u00a0Nice s\u00edce priniesli fam\u00f3zne divadlo, av\u0161ak o\u00a0mo\u017en\u00fdch favoritoch \u010do do celkovej klasifik\u00e1cie e\u0161te ve\u013ea nepovedali. Bezpe\u010dnostn\u00e9 opatrenia v\u0161ak div\u00e1kov neodradili pred u\u017e tradi\u010dn\u00fdm obklopovan\u00edm trate. V\u00a0tomto t\u00fd\u017edni n\u00e1s \u010dak\u00e1 hne\u010f <strong>nieko\u013eko n\u00e1ro\u010dn\u00fdch et\u00e1p<\/strong>, preto sa pohodlne usa\u010fte a\u00a0vychutnajte si kone\u010dne jedine\u010dn\u00fa atmosf\u00e9ru svetovej cyklistiky!<\/p>\n<p>Zdroj titulnej fotografie: pixabay.com<\/p>\n","protected":false},"excerpt":{"rendered":"<p>Do\u010dkali sme sa. Po takmer polro\u010dnej odmlke od pretekov pri\u0161iel \u010das na dobehnutie v\u0161etk\u00e9ho toho, \u010do sme zame\u0161kali. A\u00a0\u017ee to [&hellip;]<\/p>\n","protected":false},"author":81,"featured_media":10577,"comment_status":"open","ping_status":"open","sticky":false,"template":"","format":"standard","meta":{"footnotes":""},"categories":[63],"tags":[619,275,115,487,546,896,331,306,180,532,158,704,254,699,1005,46,179,20,55,269,821,332],"global-categories":[1074],"class_list":["post-10566","post","type-post","status-publish","format-standard","has-post-thumbnail","hentry","category-grand-tour","tag-bicyklovanie","tag-cesta","tag-cestna-cyklistika","tag-cestny-bicykel","tag-cyklistika","tag-enduro","tag-etapove-preteky","tag-francuzsko","tag-horska-cyklistika","tag-jazdenie","tag-juraj-sagan","tag-mathieu-van-der-poel","tag-nemecko","tag-nino-schurter","tag-pad","tag-peter-sagan","tag-preteky","tag-tour-de-france","tag-trening","tag-vitaz","tag-zilina","tag-zranenia","global-categories-cycling"],"yoast_head":"<!-- This site is optimized with the Yoast SEO Premium plugin v25.3 (Yoast SEO v25.9) - https:\/\/yoast.com\/wordpress\/plugins\/seo\/ -->\n<title>Mesa\u010dn\u00e1 desiatka - plnou parou vpred za vrcholom sez\u00f3ny - \u0160koda We Love Cycling Slovensko<\/title>\n<meta name=\"robots\" content=\"index, follow, max-snippet:-1, max-image-preview:large, max-video-preview:-1\" \/>\n<link rel=\"canonical\" href=\"https:\/\/www.welovecycling.com\/sk\/2020\/08\/31\/mesacna-desiatka-plnou-parou-vpred-za-vrcholom-sezony\/\" \/>\n<meta property=\"og:locale\" content=\"sk_SK\" \/>\n<meta property=\"og:type\" content=\"article\" \/>\n<meta property=\"og:title\" content=\"Mesa\u010dn\u00e1 desiatka - plnou parou vpred za vrcholom sez\u00f3ny\" \/>\n<meta property=\"og:description\" content=\"Do\u010dkali sme sa. Po takmer polro\u010dnej odmlke od pretekov pri\u0161iel \u010das na dobehnutie v\u0161etk\u00e9ho toho, \u010do sme zame\u0161kali. A\u00a0\u017ee to [&hellip;]\" \/>\n<meta property=\"og:url\" content=\"https:\/\/www.welovecycling.com\/sk\/2020\/08\/31\/mesacna-desiatka-plnou-parou-vpred-za-vrcholom-sezony\/\" \/>\n<meta property=\"og:site_name\" content=\"\u0160koda We Love Cycling Slovensko\" \/>\n<meta property=\"article:published_time\" content=\"2020-08-31T08:00:30+00:00\" \/>\n<meta property=\"og:image\" content=\"https:\/\/d2p6e6u75xmxt8.cloudfront.net\/4\/2020\/08\/MD_august_00.webp\" \/>\n\t<meta property=\"og:image:width\" content=\"1380\" \/>\n\t<meta property=\"og:image:height\" content=\"600\" \/>\n\t<meta property=\"og:image:type\" content=\"image\/webp\" \/>\n<meta name=\"twitter:card\" content=\"summary_large_image\" \/>\n<meta name=\"twitter:label1\" content=\"Written by\" \/>\n\t<meta name=\"twitter:data1\" content=\"WeLoveCycling\" \/>\n\t<meta name=\"twitter:label2\" content=\"Est. reading time\" \/>\n\t<meta name=\"twitter:data2\" content=\"4\" \/>\n<script type=\"application\/ld+json\" class=\"yoast-schema-graph\">{\"@context\":\"https:\/\/schema.org\",\"@graph\":[{\"@type\":\"WebPage\",\"@id\":\"https:\/\/www.welovecycling.com\/sk\/2020\/08\/31\/mesacna-desiatka-plnou-parou-vpred-za-vrcholom-sezony\/\",\"url\":\"https:\/\/www.welovecycling.com\/sk\/2020\/08\/31\/mesacna-desiatka-plnou-parou-vpred-za-vrcholom-sezony\/\",\"name\":\"Mesa\u010dn\u00e1 desiatka - plnou parou vpred za vrcholom sez\u00f3ny - \u0160koda We Love Cycling Slovensko\",\"isPartOf\":{\"@id\":\"https:\/\/www.welovecycling.com\/sk\/#website\"},\"primaryImageOfPage\":{\"@id\":\"https:\/\/www.welovecycling.com\/sk\/2020\/08\/31\/mesacna-desiatka-plnou-parou-vpred-za-vrcholom-sezony\/#primaryimage\"},\"image\":{\"@id\":\"https:\/\/www.welovecycling.com\/sk\/2020\/08\/31\/mesacna-desiatka-plnou-parou-vpred-za-vrcholom-sezony\/#primaryimage\"},\"thumbnailUrl\":\"https:\/\/d2p6e6u75xmxt8.cloudfront.net\/4\/2020\/08\/MD_august_00.webp\",\"datePublished\":\"2020-08-31T08:00:30+00:00\",\"author\":{\"@id\":\"\"},\"breadcrumb\":{\"@id\":\"https:\/\/www.welovecycling.com\/sk\/2020\/08\/31\/mesacna-desiatka-plnou-parou-vpred-za-vrcholom-sezony\/#breadcrumb\"},\"inLanguage\":\"sk-SK\",\"potentialAction\":[{\"@type\":\"ReadAction\",\"target\":[\"https:\/\/www.welovecycling.com\/sk\/2020\/08\/31\/mesacna-desiatka-plnou-parou-vpred-za-vrcholom-sezony\/\"]}]},{\"@type\":\"ImageObject\",\"inLanguage\":\"sk-SK\",\"@id\":\"https:\/\/www.welovecycling.com\/sk\/2020\/08\/31\/mesacna-desiatka-plnou-parou-vpred-za-vrcholom-sezony\/#primaryimage\",\"url\":\"https:\/\/d2p6e6u75xmxt8.cloudfront.net\/4\/2020\/08\/MD_august_00.webp\",\"contentUrl\":\"https:\/\/d2p6e6u75xmxt8.cloudfront.net\/4\/2020\/08\/MD_august_00.webp\",\"width\":1380,\"height\":600},{\"@type\":\"BreadcrumbList\",\"@id\":\"https:\/\/www.welovecycling.com\/sk\/2020\/08\/31\/mesacna-desiatka-plnou-parou-vpred-za-vrcholom-sezony\/#breadcrumb\",\"itemListElement\":[{\"@type\":\"ListItem\",\"position\":1,\"name\":\"Home\",\"item\":\"https:\/\/www.welovecycling.com\/sk\/\"},{\"@type\":\"ListItem\",\"position\":2,\"name\":\"Mesa\u010dn\u00e1 desiatka &#8211; plnou parou vpred za vrcholom sez\u00f3ny\"}]},{\"@type\":\"WebSite\",\"@id\":\"https:\/\/www.welovecycling.com\/sk\/#website\",\"url\":\"https:\/\/www.welovecycling.com\/sk\/\",\"name\":\"\u0160koda We Love Cycling Slovensko\",\"description\":\"\u0160koda We Love Cycling Slovensko je v\u00e1\u0161 ka\u017edodenn\u00fd zdroj noviniek a in\u0161pir\u00e1cie z sveta cyklistiky\",\"potentialAction\":[{\"@type\":\"SearchAction\",\"target\":{\"@type\":\"EntryPoint\",\"urlTemplate\":\"https:\/\/www.welovecycling.com\/sk\/?s={search_term_string}\"},\"query-input\":{\"@type\":\"PropertyValueSpecification\",\"valueRequired\":true,\"valueName\":\"search_term_string\"}}],\"inLanguage\":\"sk-SK\"},{\"@type\":\"Person\",\"@id\":\"\",\"url\":\"https:\/\/www.welovecycling.com\/sk\/author\/\"}]}<\/script>\n<!-- \/ Yoast SEO Premium plugin. -->","yoast_head_json":{"title":"Mesa\u010dn\u00e1 desiatka - plnou parou vpred za vrcholom sez\u00f3ny - \u0160koda We Love Cycling Slovensko","robots":{"index":"index","follow":"follow","max-snippet":"max-snippet:-1","max-image-preview":"max-image-preview:large","max-video-preview":"max-video-preview:-1"},"canonical":"https:\/\/www.welovecycling.com\/sk\/2020\/08\/31\/mesacna-desiatka-plnou-parou-vpred-za-vrcholom-sezony\/","og_locale":"sk_SK","og_type":"article","og_title":"Mesa\u010dn\u00e1 desiatka - plnou parou vpred za vrcholom sez\u00f3ny","og_description":"Do\u010dkali sme sa. Po takmer polro\u010dnej odmlke od pretekov pri\u0161iel \u010das na dobehnutie v\u0161etk\u00e9ho toho, \u010do sme zame\u0161kali. A\u00a0\u017ee to [&hellip;]","og_url":"https:\/\/www.welovecycling.com\/sk\/2020\/08\/31\/mesacna-desiatka-plnou-parou-vpred-za-vrcholom-sezony\/","og_site_name":"\u0160koda We Love Cycling Slovensko","article_published_time":"2020-08-31T08:00:30+00:00","og_image":[{"width":1380,"height":600,"url":"https:\/\/d2p6e6u75xmxt8.cloudfront.net\/4\/2020\/08\/MD_august_00.webp","type":"image\/webp"}],"twitter_card":"summary_large_image","twitter_misc":{"Written by":"WeLoveCycling","Est. reading time":"4"},"schema":{"@context":"https:\/\/schema.org","@graph":[{"@type":"WebPage","@id":"https:\/\/www.welovecycling.com\/sk\/2020\/08\/31\/mesacna-desiatka-plnou-parou-vpred-za-vrcholom-sezony\/","url":"https:\/\/www.welovecycling.com\/sk\/2020\/08\/31\/mesacna-desiatka-plnou-parou-vpred-za-vrcholom-sezony\/","name":"Mesa\u010dn\u00e1 desiatka - plnou parou vpred za vrcholom sez\u00f3ny - \u0160koda We Love Cycling Slovensko","isPartOf":{"@id":"https:\/\/www.welovecycling.com\/sk\/#website"},"primaryImageOfPage":{"@id":"https:\/\/www.welovecycling.com\/sk\/2020\/08\/31\/mesacna-desiatka-plnou-parou-vpred-za-vrcholom-sezony\/#primaryimage"},"image":{"@id":"https:\/\/www.welovecycling.com\/sk\/2020\/08\/31\/mesacna-desiatka-plnou-parou-vpred-za-vrcholom-sezony\/#primaryimage"},"thumbnailUrl":"https:\/\/d2p6e6u75xmxt8.cloudfront.net\/4\/2020\/08\/MD_august_00.webp","datePublished":"2020-08-31T08:00:30+00:00","author":{"@id":""},"breadcrumb":{"@id":"https:\/\/www.welovecycling.com\/sk\/2020\/08\/31\/mesacna-desiatka-plnou-parou-vpred-za-vrcholom-sezony\/#breadcrumb"},"inLanguage":"sk-SK","potentialAction":[{"@type":"ReadAction","target":["https:\/\/www.welovecycling.com\/sk\/2020\/08\/31\/mesacna-desiatka-plnou-parou-vpred-za-vrcholom-sezony\/"]}]},{"@type":"ImageObject","inLanguage":"sk-SK","@id":"https:\/\/www.welovecycling.com\/sk\/2020\/08\/31\/mesacna-desiatka-plnou-parou-vpred-za-vrcholom-sezony\/#primaryimage","url":"https:\/\/d2p6e6u75xmxt8.cloudfront.net\/4\/2020\/08\/MD_august_00.webp","contentUrl":"https:\/\/d2p6e6u75xmxt8.cloudfront.net\/4\/2020\/08\/MD_august_00.webp","width":1380,"height":600},{"@type":"BreadcrumbList","@id":"https:\/\/www.welovecycling.com\/sk\/2020\/08\/31\/mesacna-desiatka-plnou-parou-vpred-za-vrcholom-sezony\/#breadcrumb","itemListElement":[{"@type":"ListItem","position":1,"name":"Home","item":"https:\/\/www.welovecycling.com\/sk\/"},{"@type":"ListItem","position":2,"name":"Mesa\u010dn\u00e1 desiatka &#8211; plnou parou vpred za vrcholom sez\u00f3ny"}]},{"@type":"WebSite","@id":"https:\/\/www.welovecycling.com\/sk\/#website","url":"https:\/\/www.welovecycling.com\/sk\/","name":"\u0160koda We Love Cycling Slovensko","description":"\u0160koda We Love Cycling Slovensko je v\u00e1\u0161 ka\u017edodenn\u00fd zdroj noviniek a in\u0161pir\u00e1cie z sveta cyklistiky","potentialAction":[{"@type":"SearchAction","target":{"@type":"EntryPoint","urlTemplate":"https:\/\/www.welovecycling.com\/sk\/?s={search_term_string}"},"query-input":{"@type":"PropertyValueSpecification","valueRequired":true,"valueName":"search_term_string"}}],"inLanguage":"sk-SK"},{"@type":"Person","@id":"","url":"https:\/\/www.welovecycling.com\/sk\/author\/"}]}},"_links":{"self":[{"href":"https:\/\/www.welovecycling.com\/sk\/wp-json\/wp\/v2\/posts\/10566","targetHints":{"allow":["GET"]}}],"collection":[{"href":"https:\/\/www.welovecycling.com\/sk\/wp-json\/wp\/v2\/posts"}],"about":[{"href":"https:\/\/www.welovecycling.com\/sk\/wp-json\/wp\/v2\/types\/post"}],"author":[{"embeddable":true,"href":"https:\/\/www.welovecycling.com\/sk\/wp-json\/wp\/v2\/users\/81"}],"replies":[{"embeddable":true,"href":"https:\/\/www.welovecycling.com\/sk\/wp-json\/wp\/v2\/comments?post=10566"}],"version-history":[{"count":2,"href":"https:\/\/www.welovecycling.com\/sk\/wp-json\/wp\/v2\/posts\/10566\/revisions"}],"predecessor-version":[{"id":10579,"href":"https:\/\/www.welovecycling.com\/sk\/wp-json\/wp\/v2\/posts\/10566\/revisions\/10579"}],"wp:featuredmedia":[{"embeddable":true,"href":"https:\/\/www.welovecycling.com\/sk\/wp-json\/wp\/v2\/media\/10577"}],"wp:attachment":[{"href":"https:\/\/www.welovecycling.com\/sk\/wp-json\/wp\/v2\/media?parent=10566"}],"wp:term":[{"taxonomy":"category","embeddable":true,"href":"https:\/\/www.welovecycling.com\/sk\/wp-json\/wp\/v2\/categories?post=10566"},{"taxonomy":"post_tag","embeddable":true,"href":"https:\/\/www.welovecycling.com\/sk\/wp-json\/wp\/v2\/tags?post=10566"},{"taxonomy":"global-categories","embeddable":true,"href":"https:\/\/www.welovecycling.com\/sk\/wp-json\/wp\/v2\/global-categories?post=10566"}],"curies":[{"name":"wp","href":"https:\/\/api.w.org\/{rel}","templated":true}]}}