{"id":10545,"date":"2020-08-24T11:00:59","date_gmt":"2020-08-24T09:00:59","guid":{"rendered":"https:\/\/www.welovecycling.com\/sk\/?p=10545"},"modified":"2023-04-18T12:52:43","modified_gmt":"2023-04-18T10:52:43","slug":"uz-o-niekolko-dni-zacina-tour-de-france-na-co-sa-tesit","status":"publish","type":"post","link":"https:\/\/www.welovecycling.com\/sk\/2020\/08\/24\/uz-o-niekolko-dni-zacina-tour-de-france-na-co-sa-tesit\/","title":{"rendered":"Za\u010d\u00edna Tour de France &#8211; na \u010do sa te\u0161i\u0165?"},"content":{"rendered":"<p>&nbsp;<\/p>\n<p>&nbsp;<\/p>\n<p><strong>Dva mesiace dozadu, teda 27. j\u00fana, mala Star\u00e1 d\u00e1ma za\u010da\u0165 svoj 107. ro\u010dn\u00edk. Av\u0161ak, svetov\u00e1 pand\u00e9mia preru\u0161ila tieto pl\u00e1ny, ale aj pl\u00e1ny in\u00fdch (teda v\u0161etk\u00fdch) pretekov a\u00a0my sme sa museli uspokoji\u0165 s\u00a0n\u00e1hradn\u00fdm term\u00ednom a\u00a0z\u00e1znamami z\u00a0uplynul\u00fdch ro\u010dn\u00edkov. Nakoniec ale v\u0161etko dobre dopadlo a\u00a0cyklistika na najvy\u0161\u0161ej \u00farovni sa op\u00e4\u0165 vracia &#8211; a\u00a0to v\u00a0nesmierne nabitom kalend\u00e1ri. Ako prv\u00e1 prich\u00e1dza na rad Tour de France. Ako bude vyzera\u0165? Kto v\u0161etko tam bude? To sa dozviete v\u00a0nasleduj\u00facich riadkoch.<\/strong><!--more--><\/p>\n<h2><strong>Tento rok bez \u00favodn\u00fdch et\u00e1p v\u00a0inom \u0161t\u00e1te<\/strong><\/h2>\n<p>Nebola by to Tour, ak by nesp\u013a\u0148ala \u201ez\u00e1kladn\u00e9 pravidl\u00e1\u201c, ktor\u00e9 s\u00fa ur\u010den\u00e9 dlhoro\u010dnou trad\u00edciou. Medzi ne patr\u00ed aj absolvovanie 21 dn\u00ed, ktor\u00e9 obsahuj\u00fa 2 vo\u013en\u00e9 a\u00a019 \u201erace days\u201c. Rovnako zau\u017e\u00edvan\u00fdm zvykom b\u00fdva presun\u00fa\u0165 \u00favodn\u00e9 3 etapy do inej krajiny. Tak ako Giro eliminovalo prv\u00e9 etapy, ktor\u00e9 sa mali kona\u0165 v\u00a0Ma\u010farsku, alebo Vuelta, ktor\u00e1 mala za\u010d\u00edna\u0165 v\u00a0Holandsku, tak aj <strong>Tour nebude za\u010d\u00edna\u0165 nikde inde, ako vo Franc\u00fazsku, konkr\u00e9tne v\u00a0Nice<\/strong>.<\/p>\n<p>https:\/\/www.instagram.com\/p\/CEHBBkdoAOR\/<\/p>\n<p>Pr\u00e1ve toto sl\u00e1vne mesto z\u00edska Tour pre seba na cel\u00e9 tri dni &#8211; prv\u00e9 dve etapy bud\u00fa nielen za\u010d\u00edna\u0165, ale aj fini\u0161ova\u0165 v\u00a0Nice, tretia odprevad\u00ed cyklistov z\u00a0tohto kraja do Sisteron. Okrem toho je zauj\u00edmav\u00e9 aj zlo\u017eenie jednotliv\u00fdch et\u00e1p. Ak by niekto o\u010dak\u00e1val harmonick\u00e9 rozlo\u017eenie kopcovit\u00fdch\/horsk\u00fdch a\u00a0rovinat\u00fdch dn\u00ed, mus\u00edme ho sklama\u0165. Organiz\u00e1tori sa v\u00a0tomto roku rozhodli pritvrdi\u0165 a\u00a0e\u0161te o\u00a0\u010dosi s\u0165a\u017ei\u0165 \u00falohu \u0161print\u00e9rov, ktor\u00ed bud\u00fa m\u00f4c\u0165 <strong>bojova\u0165 o\u00a0etapov\u00e9 prvenstvo predov\u0161etk\u00fdm v\u00a04 etap\u00e1ch<\/strong> &#8211; 5., 10., 11. a\u00a021. Ostatn\u00e9 s\u00fa preva\u017ene kopcovit\u00e9 a\u00a0horsk\u00e9, \u010do do istej miery pom\u00e1ha Petrovi Saganovi k\u00a0zisku \u010fal\u0161ieho zelen\u00e9ho dresu.<\/p>\n<p><a href=\"https:\/\/d2p6e6u75xmxt8.cloudfront.net\/4\/2020\/08\/WLC_Tour-de-France-caka_02.jpg\"><img loading=\"lazy\" decoding=\"async\" class=\"alignnone size-full wp-image-10551\" src=\"https:\/\/d2p6e6u75xmxt8.cloudfront.net\/4\/2020\/08\/WLC_Tour-de-France-caka_02.jpg\" alt=\"\" width=\"1249\" height=\"800\" \/><\/a><br \/>\nZauj\u00edmavos\u0165ou je aj ukon\u010denie Tour &#8211; teda posledn\u00e9 etapy. V\u00a0nich sa dozaista rozhodne o\u00a0v\u00ed\u0165azovi celkovej klasifik\u00e1cie. D\u00f4vodom je pr\u00e1ve 20. etapa, ktor\u00e1 svoj\u00edm profilom a\u00a0d\u013a\u017ekou nie je v\u00fdslovne neprekonate\u013enou, av\u0161ak ke\u010f\u017ee ide o\u00a0\u010dasovku jednotlivcov na 36,2 km so z\u00e1vere\u010dn\u00fdm dojazdom na La\u00a0Planche des Belles Filles, ktor\u00e1 je takmer <strong>6 km st\u00fapan\u00edm s\u00a0priemern\u00fdm sklonom 8,3 %<\/strong>, niet pochybnosti o\u00a0tom, \u017ee ka\u017ed\u00fd z\u00a0popredn\u00fdch jazdcov si hrabne do posledn\u00fdch rezerv. Po tejto etape prich\u00e1dza u\u017e len \u201esymbolick\u00fd\u201c dojazd do Par\u00ed\u017ea.<\/p>\n<p>&nbsp;<\/p>\n<p>Samozrejme, je tu e\u0161te etapa \u010d. 18 s\u00a0d\u013a\u017ekou 168 km a\u00a04 n\u00e1ro\u010dn\u00fdmi st\u00fapaniami &#8211; predov\u0161etk\u00fdm t\u00fdm posledn\u00fdm s\u00a0vrcholom 30 km pred cie\u013eom &#8211; jeho parametrami s\u00fa d\u013a\u017eka \u201elen\u201c <strong>6 km s\u00a0priemern\u00fdm sklonom a\u017e 11,2 %<\/strong>! No z\u00e1ver je v\u00a0klesan\u00ed, \u010do zni\u017euje pravdepodobnos\u0165 z\u00e1sadn\u00fdch \u00fatokov. Ale, ako sa hovor\u00ed, Tour de France sa rozhoduje v\u00a0ka\u017edom okamihu &#8211; nielen v\u00a0z\u00e1vere\u010dn\u00fdch st\u00fapaniach, ale aj na rovin\u00e1ch, pri zmene vetra alebo aj malej neopatrnosti.<\/p>\n<lite-youtube videoid=LdgBc18R5y8 params=\"enablejsapi=1\" style=\"background-image: url('https:\/\/i.ytimg.com\/vi_webp\/LdgBc18R5y8\/maxresdefault.webp');\"><\/lite-youtube>\n<h2><strong>V\u0161etky hviezdy v\u00a0plnej par\u00e1de<\/strong><\/h2>\n<p>\u010eal\u0161\u00edm z\u00a0ve\u013ek\u00fdch l\u00e1kadiel Tour de France je skuto\u010dnos\u0165, \u017ee pr\u00e1ve na tomto podujat\u00ed sa v\u017edy <strong>z\u00edde najpo\u010detnej\u0161ia elita svetovej cyklistiky<\/strong>. Inak tomu nebude ani teraz. Na \u0161tarte tak bude aj minuloro\u010dn\u00fd v\u00ed\u0165az, Egan Bernal spolu s\u00a0podporou cel\u00e9ho t\u00edmu Ineos, nevyn\u00edmaj\u00fac Pavla Sivakova, Andreya Amadora, v\u00ed\u0165aza Gira 2019, Richarda Carapaza, Michala Kwiatkovsk\u00e9ho a\u00a0in\u00fdch. Obdobne je na tom aj t\u00edm Jumbo-Visma s\u00a0Primo\u017eom Rogli\u010dom, Tomom Dumoulinom, Georgom Bennettom a\u00a0Stevenom Kruijswijkom. Z\u00a0in\u00fdch t\u00edmov je potrebn\u00e9 vyzdvihn\u00fa\u0165 hviezdy ako Naira Quintanu, Alejandra Valverdeho, minuloro\u010dn\u00e9ho ne\u0161\u0165astn\u00edka Thibaulta Pinota, Adama Yatesa \u010di Mikela Landu a\u00a0Romaina Bardeta. V\u00a0tomto zozname by sme mohli pokra\u010dova\u0165 e\u0161te ve\u013emi dlh\u00fa dobu, ke\u010f\u017ee v\u00e4\u010d\u0161ina t\u00edmov sa pripravovala predov\u0161etk\u00fdm na Tour de France a\u00a0preto tu posiela najkvalitnej\u0161iu zostavu.<\/p>\n<p>https:\/\/www.instagram.com\/p\/CEExGcWITcJ\/<\/p>\n<p>\u010co sa t\u00fdka boja o zelen\u00fd dres, minul\u00fd rok patril s\u00edce Petrovi Saganovi, av\u0161ak na vzostupe bol o \u010dosi mlad\u0161\u00ed Austr\u00e1l\u010dan, Caleb Ewan. Ten pr\u00e1ve v \u00favode tohto roka z\u00edskal bodovaciu klasifik\u00e1ciu na UAE Tour a bol tret\u00ed na Santos Tour Down Under. Naopak, do kariet mu hr\u00e1 skuto\u010dnos\u0165, \u017ee na Tour sa neobjav\u00ed Michael Matthews. Ten predv\u00e1dzal stato\u010dn\u00e9 v\u00fdkony aj v horsk\u00fdch etap\u00e1ch. Napriek tomu sa v pelot\u00f3ne objav\u00ed aj Elia Viviani \u010di Wout van Aert a in\u00ed schopn\u00ed jazdci &#8211; \u010di u\u017e v \u0161print\u00e9rskych etap\u00e1ch alebo ako klasik\u00e1ri. V pelot\u00f3ne bude ch\u00fdba\u0165 hviezda Mathieu van der Poel alebo ned\u00e1vno \u0165a\u017eko zranen\u00fd Remco Evenepoel.<\/p>\n<p>https:\/\/www.instagram.com\/p\/CEHRFeJHGMl\/<\/p>\n<p>Tour tak prin\u00e1\u0161a op\u00e4\u0165 nov\u00fa kombin\u00e1ciu et\u00e1p a ich profilov, ktor\u00e9 m\u00f4\u017eu napom\u00f4c\u0165 k div\u00e1cky zauj\u00edmavej\u0161ej forme cyklistiky. S\u00fa\u010dasne je potrebn\u00e9 uvies\u0165, \u017ee apel je kladen\u00fd aj na bezpe\u010dnos\u0165 pretek\u00e1rov z poz\u00edcie boja proti ochoreniu Covid-19. O skuto\u010dnosti, \u017ee krajnice jednotliv\u00fdch et\u00e1p bud\u00fa lemovan\u00e9 desa\u0165tis\u00edcmi div\u00e1kov nebude poch\u00fdb. Ot\u00e1zne je u\u017e len to, \u010di sa niektor\u00fd z pretek\u00e1rov nenakaz\u00ed a ak\u00fd bude n\u00e1sledn\u00fd postup.<\/p>\n<p>My v\u0161ak d\u00fafame, \u017ee <strong>Star\u00e1 d\u00e1ma op\u00e4\u0165 raz predvedie skvostn\u00e9 a\u00a0legend\u00e1rne divadlo<\/strong> nielen pre fan\u00fa\u0161ikov pri trati, ale aj n\u00e1m. T\u00fdm, ktor\u00ed sedia za telev\u00edznymi prij\u00edma\u010dmi.<\/p>\n<p>Zdroj titulnej fotografie: A.S.O.\/A.Broadway<\/p>\n","protected":false},"excerpt":{"rendered":"<p>&nbsp; &nbsp; Dva mesiace dozadu, teda 27. j\u00fana, mala Star\u00e1 d\u00e1ma za\u010da\u0165 svoj 107. ro\u010dn\u00edk. Av\u0161ak, svetov\u00e1 pand\u00e9mia preru\u0161ila tieto [&hellip;]<\/p>\n","protected":false},"author":172,"featured_media":10550,"comment_status":"open","ping_status":"open","sticky":false,"template":"","format":"standard","meta":{"footnotes":""},"categories":[63],"tags":[619,160,275,115,487,961,331,306,1028,941,154,176,46,1092,307,20,1249,907,183],"global-categories":[1074],"class_list":["post-10545","post","type-post","status-publish","format-standard","has-post-thumbnail","hentry","category-grand-tour","tag-bicyklovanie","tag-bora-hansgrohe","tag-cesta","tag-cestna-cyklistika","tag-cestny-bicykel","tag-etapa","tag-etapove-preteky","tag-francuzsko","tag-ineos","tag-jazda-v-pelotone","tag-michael-matthews","tag-peloton","tag-peter-sagan","tag-team-jumbo-visma","tag-tom-dumoulin","tag-tour-de-france","tag-tour-de-france-2020","tag-wout-van-aert","tag-zabava","global-categories-cycling"],"yoast_head":"<!-- This site is optimized with the Yoast SEO Premium plugin v25.3 (Yoast SEO v25.9) - https:\/\/yoast.com\/wordpress\/plugins\/seo\/ -->\n<title>Za\u010d\u00edna Tour de France - na \u010do sa te\u0161i\u0165?<\/title>\n<meta name=\"description\" content=\"Ako prv\u00e1 prich\u00e1dza na rad Tour de France. Ako bude vyzera\u0165? Kto v\u0161etko tam bude? To sa dozviete v\u00a0nasleduj\u00facich riadkoch.\" \/>\n<meta name=\"robots\" content=\"index, follow, max-snippet:-1, max-image-preview:large, max-video-preview:-1\" \/>\n<link rel=\"canonical\" href=\"https:\/\/www.welovecycling.com\/sk\/2020\/08\/24\/uz-o-niekolko-dni-zacina-tour-de-france-na-co-sa-tesit\/\" \/>\n<meta property=\"og:locale\" content=\"sk_SK\" \/>\n<meta property=\"og:type\" content=\"article\" \/>\n<meta property=\"og:title\" content=\"Za\u010d\u00edna Tour de France - na \u010do sa te\u0161i\u0165?\" \/>\n<meta property=\"og:description\" content=\"Ako prv\u00e1 prich\u00e1dza na rad Tour de France. Ako bude vyzera\u0165? Kto v\u0161etko tam bude? To sa dozviete v\u00a0nasleduj\u00facich riadkoch.\" \/>\n<meta property=\"og:url\" content=\"https:\/\/www.welovecycling.com\/sk\/2020\/08\/24\/uz-o-niekolko-dni-zacina-tour-de-france-na-co-sa-tesit\/\" \/>\n<meta property=\"og:site_name\" content=\"\u0160koda We Love Cycling Slovensko\" \/>\n<meta property=\"article:published_time\" content=\"2020-08-24T09:00:59+00:00\" \/>\n<meta property=\"article:modified_time\" content=\"2023-04-18T10:52:43+00:00\" \/>\n<meta property=\"og:image\" content=\"https:\/\/d2p6e6u75xmxt8.cloudfront.net\/4\/2020\/08\/WLC_Tour-de-France-caka_00.webp\" \/>\n\t<meta property=\"og:image:width\" content=\"1380\" \/>\n\t<meta property=\"og:image:height\" content=\"600\" \/>\n\t<meta property=\"og:image:type\" content=\"image\/webp\" \/>\n<meta name=\"author\" content=\"dominika\" \/>\n<meta name=\"twitter:card\" content=\"summary_large_image\" \/>\n<meta name=\"twitter:label1\" content=\"Written by\" \/>\n\t<meta name=\"twitter:data1\" content=\"WeLoveCycling\" \/>\n\t<meta name=\"twitter:label2\" content=\"Est. reading time\" \/>\n\t<meta name=\"twitter:data2\" content=\"4\" \/>\n<script type=\"application\/ld+json\" class=\"yoast-schema-graph\">{\"@context\":\"https:\/\/schema.org\",\"@graph\":[{\"@type\":\"WebPage\",\"@id\":\"https:\/\/www.welovecycling.com\/sk\/2020\/08\/24\/uz-o-niekolko-dni-zacina-tour-de-france-na-co-sa-tesit\/\",\"url\":\"https:\/\/www.welovecycling.com\/sk\/2020\/08\/24\/uz-o-niekolko-dni-zacina-tour-de-france-na-co-sa-tesit\/\",\"name\":\"Za\u010d\u00edna Tour de France - na \u010do sa te\u0161i\u0165?\",\"isPartOf\":{\"@id\":\"https:\/\/www.welovecycling.com\/sk\/#website\"},\"primaryImageOfPage\":{\"@id\":\"https:\/\/www.welovecycling.com\/sk\/2020\/08\/24\/uz-o-niekolko-dni-zacina-tour-de-france-na-co-sa-tesit\/#primaryimage\"},\"image\":{\"@id\":\"https:\/\/www.welovecycling.com\/sk\/2020\/08\/24\/uz-o-niekolko-dni-zacina-tour-de-france-na-co-sa-tesit\/#primaryimage\"},\"thumbnailUrl\":\"https:\/\/d2p6e6u75xmxt8.cloudfront.net\/4\/2020\/08\/WLC_Tour-de-France-caka_00.webp\",\"datePublished\":\"2020-08-24T09:00:59+00:00\",\"dateModified\":\"2023-04-18T10:52:43+00:00\",\"author\":{\"@id\":\"https:\/\/www.welovecycling.com\/sk\/#\/schema\/person\/533b62b98b6c41bd5135ebfb1f742624\"},\"description\":\"Ako prv\u00e1 prich\u00e1dza na rad Tour de France. Ako bude vyzera\u0165? Kto v\u0161etko tam bude? To sa dozviete v\u00a0nasleduj\u00facich riadkoch.\",\"breadcrumb\":{\"@id\":\"https:\/\/www.welovecycling.com\/sk\/2020\/08\/24\/uz-o-niekolko-dni-zacina-tour-de-france-na-co-sa-tesit\/#breadcrumb\"},\"inLanguage\":\"sk-SK\",\"potentialAction\":[{\"@type\":\"ReadAction\",\"target\":[\"https:\/\/www.welovecycling.com\/sk\/2020\/08\/24\/uz-o-niekolko-dni-zacina-tour-de-france-na-co-sa-tesit\/\"]}]},{\"@type\":\"ImageObject\",\"inLanguage\":\"sk-SK\",\"@id\":\"https:\/\/www.welovecycling.com\/sk\/2020\/08\/24\/uz-o-niekolko-dni-zacina-tour-de-france-na-co-sa-tesit\/#primaryimage\",\"url\":\"https:\/\/d2p6e6u75xmxt8.cloudfront.net\/4\/2020\/08\/WLC_Tour-de-France-caka_00.webp\",\"contentUrl\":\"https:\/\/d2p6e6u75xmxt8.cloudfront.net\/4\/2020\/08\/WLC_Tour-de-France-caka_00.webp\",\"width\":1380,\"height\":600},{\"@type\":\"BreadcrumbList\",\"@id\":\"https:\/\/www.welovecycling.com\/sk\/2020\/08\/24\/uz-o-niekolko-dni-zacina-tour-de-france-na-co-sa-tesit\/#breadcrumb\",\"itemListElement\":[{\"@type\":\"ListItem\",\"position\":1,\"name\":\"Home\",\"item\":\"https:\/\/www.welovecycling.com\/sk\/\"},{\"@type\":\"ListItem\",\"position\":2,\"name\":\"Za\u010d\u00edna Tour de France &#8211; na \u010do sa te\u0161i\u0165?\"}]},{\"@type\":\"WebSite\",\"@id\":\"https:\/\/www.welovecycling.com\/sk\/#website\",\"url\":\"https:\/\/www.welovecycling.com\/sk\/\",\"name\":\"\u0160koda We Love Cycling Slovensko\",\"description\":\"\u0160koda We Love Cycling Slovensko je v\u00e1\u0161 ka\u017edodenn\u00fd zdroj noviniek a in\u0161pir\u00e1cie z sveta cyklistiky\",\"potentialAction\":[{\"@type\":\"SearchAction\",\"target\":{\"@type\":\"EntryPoint\",\"urlTemplate\":\"https:\/\/www.welovecycling.com\/sk\/?s={search_term_string}\"},\"query-input\":{\"@type\":\"PropertyValueSpecification\",\"valueRequired\":true,\"valueName\":\"search_term_string\"}}],\"inLanguage\":\"sk-SK\"},{\"@type\":\"Person\",\"@id\":\"https:\/\/www.welovecycling.com\/sk\/#\/schema\/person\/533b62b98b6c41bd5135ebfb1f742624\",\"name\":\"dominika\",\"image\":{\"@type\":\"ImageObject\",\"inLanguage\":\"sk-SK\",\"@id\":\"https:\/\/www.welovecycling.com\/sk\/#\/schema\/person\/image\/\",\"url\":\"https:\/\/secure.gravatar.com\/avatar\/ded6f274ba2ec3e17fff153f7d9d96a4b33c2cb63907f75d9a5309c599a7f3e6?s=96&d=mm&r=g\",\"contentUrl\":\"https:\/\/secure.gravatar.com\/avatar\/ded6f274ba2ec3e17fff153f7d9d96a4b33c2cb63907f75d9a5309c599a7f3e6?s=96&d=mm&r=g\",\"caption\":\"dominika\"},\"url\":\"https:\/\/www.welovecycling.com\/sk\/author\/dominika\/\"}]}<\/script>\n<!-- \/ Yoast SEO Premium plugin. -->","yoast_head_json":{"title":"Za\u010d\u00edna Tour de France - na \u010do sa te\u0161i\u0165?","description":"Ako prv\u00e1 prich\u00e1dza na rad Tour de France. Ako bude vyzera\u0165? Kto v\u0161etko tam bude? To sa dozviete v\u00a0nasleduj\u00facich riadkoch.","robots":{"index":"index","follow":"follow","max-snippet":"max-snippet:-1","max-image-preview":"max-image-preview:large","max-video-preview":"max-video-preview:-1"},"canonical":"https:\/\/www.welovecycling.com\/sk\/2020\/08\/24\/uz-o-niekolko-dni-zacina-tour-de-france-na-co-sa-tesit\/","og_locale":"sk_SK","og_type":"article","og_title":"Za\u010d\u00edna Tour de France - na \u010do sa te\u0161i\u0165?","og_description":"Ako prv\u00e1 prich\u00e1dza na rad Tour de France. Ako bude vyzera\u0165? Kto v\u0161etko tam bude? To sa dozviete v\u00a0nasleduj\u00facich riadkoch.","og_url":"https:\/\/www.welovecycling.com\/sk\/2020\/08\/24\/uz-o-niekolko-dni-zacina-tour-de-france-na-co-sa-tesit\/","og_site_name":"\u0160koda We Love Cycling Slovensko","article_published_time":"2020-08-24T09:00:59+00:00","article_modified_time":"2023-04-18T10:52:43+00:00","og_image":[{"width":1380,"height":600,"url":"https:\/\/d2p6e6u75xmxt8.cloudfront.net\/4\/2020\/08\/WLC_Tour-de-France-caka_00.webp","type":"image\/webp"}],"author":"dominika","twitter_card":"summary_large_image","twitter_misc":{"Written by":"WeLoveCycling","Est. reading time":"4"},"schema":{"@context":"https:\/\/schema.org","@graph":[{"@type":"WebPage","@id":"https:\/\/www.welovecycling.com\/sk\/2020\/08\/24\/uz-o-niekolko-dni-zacina-tour-de-france-na-co-sa-tesit\/","url":"https:\/\/www.welovecycling.com\/sk\/2020\/08\/24\/uz-o-niekolko-dni-zacina-tour-de-france-na-co-sa-tesit\/","name":"Za\u010d\u00edna Tour de France - na \u010do sa te\u0161i\u0165?","isPartOf":{"@id":"https:\/\/www.welovecycling.com\/sk\/#website"},"primaryImageOfPage":{"@id":"https:\/\/www.welovecycling.com\/sk\/2020\/08\/24\/uz-o-niekolko-dni-zacina-tour-de-france-na-co-sa-tesit\/#primaryimage"},"image":{"@id":"https:\/\/www.welovecycling.com\/sk\/2020\/08\/24\/uz-o-niekolko-dni-zacina-tour-de-france-na-co-sa-tesit\/#primaryimage"},"thumbnailUrl":"https:\/\/d2p6e6u75xmxt8.cloudfront.net\/4\/2020\/08\/WLC_Tour-de-France-caka_00.webp","datePublished":"2020-08-24T09:00:59+00:00","dateModified":"2023-04-18T10:52:43+00:00","author":{"@id":"https:\/\/www.welovecycling.com\/sk\/#\/schema\/person\/533b62b98b6c41bd5135ebfb1f742624"},"description":"Ako prv\u00e1 prich\u00e1dza na rad Tour de France. Ako bude vyzera\u0165? Kto v\u0161etko tam bude? To sa dozviete v\u00a0nasleduj\u00facich riadkoch.","breadcrumb":{"@id":"https:\/\/www.welovecycling.com\/sk\/2020\/08\/24\/uz-o-niekolko-dni-zacina-tour-de-france-na-co-sa-tesit\/#breadcrumb"},"inLanguage":"sk-SK","potentialAction":[{"@type":"ReadAction","target":["https:\/\/www.welovecycling.com\/sk\/2020\/08\/24\/uz-o-niekolko-dni-zacina-tour-de-france-na-co-sa-tesit\/"]}]},{"@type":"ImageObject","inLanguage":"sk-SK","@id":"https:\/\/www.welovecycling.com\/sk\/2020\/08\/24\/uz-o-niekolko-dni-zacina-tour-de-france-na-co-sa-tesit\/#primaryimage","url":"https:\/\/d2p6e6u75xmxt8.cloudfront.net\/4\/2020\/08\/WLC_Tour-de-France-caka_00.webp","contentUrl":"https:\/\/d2p6e6u75xmxt8.cloudfront.net\/4\/2020\/08\/WLC_Tour-de-France-caka_00.webp","width":1380,"height":600},{"@type":"BreadcrumbList","@id":"https:\/\/www.welovecycling.com\/sk\/2020\/08\/24\/uz-o-niekolko-dni-zacina-tour-de-france-na-co-sa-tesit\/#breadcrumb","itemListElement":[{"@type":"ListItem","position":1,"name":"Home","item":"https:\/\/www.welovecycling.com\/sk\/"},{"@type":"ListItem","position":2,"name":"Za\u010d\u00edna Tour de France &#8211; na \u010do sa te\u0161i\u0165?"}]},{"@type":"WebSite","@id":"https:\/\/www.welovecycling.com\/sk\/#website","url":"https:\/\/www.welovecycling.com\/sk\/","name":"\u0160koda We Love Cycling Slovensko","description":"\u0160koda We Love Cycling Slovensko je v\u00e1\u0161 ka\u017edodenn\u00fd zdroj noviniek a in\u0161pir\u00e1cie z sveta cyklistiky","potentialAction":[{"@type":"SearchAction","target":{"@type":"EntryPoint","urlTemplate":"https:\/\/www.welovecycling.com\/sk\/?s={search_term_string}"},"query-input":{"@type":"PropertyValueSpecification","valueRequired":true,"valueName":"search_term_string"}}],"inLanguage":"sk-SK"},{"@type":"Person","@id":"https:\/\/www.welovecycling.com\/sk\/#\/schema\/person\/533b62b98b6c41bd5135ebfb1f742624","name":"dominika","image":{"@type":"ImageObject","inLanguage":"sk-SK","@id":"https:\/\/www.welovecycling.com\/sk\/#\/schema\/person\/image\/","url":"https:\/\/secure.gravatar.com\/avatar\/ded6f274ba2ec3e17fff153f7d9d96a4b33c2cb63907f75d9a5309c599a7f3e6?s=96&d=mm&r=g","contentUrl":"https:\/\/secure.gravatar.com\/avatar\/ded6f274ba2ec3e17fff153f7d9d96a4b33c2cb63907f75d9a5309c599a7f3e6?s=96&d=mm&r=g","caption":"dominika"},"url":"https:\/\/www.welovecycling.com\/sk\/author\/dominika\/"}]}},"_links":{"self":[{"href":"https:\/\/www.welovecycling.com\/sk\/wp-json\/wp\/v2\/posts\/10545","targetHints":{"allow":["GET"]}}],"collection":[{"href":"https:\/\/www.welovecycling.com\/sk\/wp-json\/wp\/v2\/posts"}],"about":[{"href":"https:\/\/www.welovecycling.com\/sk\/wp-json\/wp\/v2\/types\/post"}],"author":[{"embeddable":true,"href":"https:\/\/www.welovecycling.com\/sk\/wp-json\/wp\/v2\/users\/172"}],"replies":[{"embeddable":true,"href":"https:\/\/www.welovecycling.com\/sk\/wp-json\/wp\/v2\/comments?post=10545"}],"version-history":[{"count":2,"href":"https:\/\/www.welovecycling.com\/sk\/wp-json\/wp\/v2\/posts\/10545\/revisions"}],"predecessor-version":[{"id":17175,"href":"https:\/\/www.welovecycling.com\/sk\/wp-json\/wp\/v2\/posts\/10545\/revisions\/17175"}],"wp:featuredmedia":[{"embeddable":true,"href":"https:\/\/www.welovecycling.com\/sk\/wp-json\/wp\/v2\/media\/10550"}],"wp:attachment":[{"href":"https:\/\/www.welovecycling.com\/sk\/wp-json\/wp\/v2\/media?parent=10545"}],"wp:term":[{"taxonomy":"category","embeddable":true,"href":"https:\/\/www.welovecycling.com\/sk\/wp-json\/wp\/v2\/categories?post=10545"},{"taxonomy":"post_tag","embeddable":true,"href":"https:\/\/www.welovecycling.com\/sk\/wp-json\/wp\/v2\/tags?post=10545"},{"taxonomy":"global-categories","embeddable":true,"href":"https:\/\/www.welovecycling.com\/sk\/wp-json\/wp\/v2\/global-categories?post=10545"}],"curies":[{"name":"wp","href":"https:\/\/api.w.org\/{rel}","templated":true}]}}