{"id":10536,"date":"2020-08-28T10:00:13","date_gmt":"2020-08-28T08:00:13","guid":{"rendered":"https:\/\/www.welovecycling.com\/sk\/?p=10536"},"modified":"2020-08-21T10:05:35","modified_gmt":"2020-08-21T08:05:35","slug":"pozvanka-skoda-mtb-maraton-rajecke-teplice-ukoncenie-nasej-serie-ako-sa-patri","status":"publish","type":"post","link":"https:\/\/www.welovecycling.com\/sk\/2020\/08\/28\/pozvanka-skoda-mtb-maraton-rajecke-teplice-ukoncenie-nasej-serie-ako-sa-patri\/","title":{"rendered":"Pozv\u00e1nka: \u0160koda MTB Marat\u00f3n Rajeck\u00e9 Teplice &#8211; ukon\u010denie na\u0161ej s\u00e9rie ako sa patr\u00ed"},"content":{"rendered":"<p><strong>V\u00a0malebnom prostred\u00ed Rajeckej doliny a\u00a0L\u00fa\u010danskej Malej Fatry sa onedlho uskuto\u010dn\u00ed u\u017e 4. ro\u010dn\u00edk marat\u00f3nu \u0160koda MTB Marat\u00f3n Rajeck\u00e9 Teplice. \u010co v\u0161etko pon\u00faka, na ak\u00e9 trate sa m\u00f4\u017eete te\u0161i\u0165 a\u00a0ako sa na\u0148 dosta\u0165 &#8211; to v\u0161etko v\u00e1m pon\u00fakneme v\u00a0nasleduj\u00facich riadkoch.<\/strong><!--more--><\/p>\n<p>Aj ke\u010f \u0161tvrt\u00fd ro\u010dn\u00edk nie je e\u0161te obdobne legend\u00e1rny ako napr\u00edklad marat\u00f3n Horal alebo Slovensk\u00fd raj, za t\u00fato dobu si tento marat\u00f3n <strong>z\u00edskal mno\u017estvo priaznivcov<\/strong>. D\u00f4vodov je hne\u010f nieko\u013eko &#8211; dolina, v\u00a0ktorej sa nach\u00e1dzaj\u00fa Rajeck\u00e9 Teplice pon\u00faka \u00fachvatn\u00e9 v\u00fdh\u013eady na z\u00e1padn\u00fa stranu Malej Fatry, rovnako ako aj skuto\u010dne horsk\u00e9 ter\u00e9ny. K\u00a0tomu sa prid\u00e1va kvalitn\u00e1 organiz\u00e1cia a\u00a0samozrejme sprievodn\u00fd program, ktor\u00fd je zabezpe\u010den\u00fd aj s\u00a0podporou \u0160koda AUTO Slovensko. Navy\u0161e ide o\u00a0<strong>posledn\u00e9 kolo \u0160koda BIKE OPEN TOUR<\/strong>, ktor\u00e9 uzavrie tohtoro\u010dn\u00fa skr\u00e1ten\u00fa s\u00e9riu s\u00a0pr\u00edvlastkom 2020. <\/p>\n<lite-youtube videoid=VwJcnHVa-w8 params=\"enablejsapi=1\" style=\"background-image: url('https:\/\/i.ytimg.com\/vi_webp\/VwJcnHVa-w8\/maxresdefault.webp');\"><\/lite-youtube>\n<p>Miesto \u0161tartu, ale aj prezent\u00e1cie bude na <strong>k\u00fapalisku Laura v\u00a0Rajeck\u00fdch Tepliciach<\/strong>. Tak\u00fdto krok organiz\u00e1torov umo\u017en\u00ed pretek\u00e1rom \u010di ich rodin\u00e1m schladi\u0165 a\u00a0zabavi\u0165 sa aj po\u010das alebo po marat\u00f3ne. \u010co sa t\u00fdka harmonogramu, prezent\u00e1cia bude otvoren\u00e1 u\u017e 25. septembra (piatok) medzi 18:00 a\u00a021:00. Samotn\u00e9 preteky prebehn\u00fa v\u00a0<strong>sobotu 26. septembra<\/strong>, kedy prv\u00e1 tra\u0165, teda najdlh\u0161\u00ed variant 80-tka, od\u0161tartuje o\u00a009:00. Po nej bud\u00fa v\u00a0\u010dasov\u00fdch rozostupoch \u0161tartova\u0165 aj ostatn\u00e9.  <\/p>\n<p><a href=\"https:\/\/d2p6e6u75xmxt8.cloudfront.net\/4\/2020\/08\/WLC_Pozv\u00e1nka-Rajeck\u00e9-Teplice_01.jpg\"><img loading=\"lazy\" decoding=\"async\" src=\"https:\/\/d2p6e6u75xmxt8.cloudfront.net\/4\/2020\/08\/WLC_Pozv\u00e1nka-Rajeck\u00e9-Teplice_01.jpg\" alt=\"\" width=\"1200\" height=\"800\" class=\"alignnone size-full wp-image-10539\" \/><\/a><br \/>\nNa v\u00fdber je z\u00a0trojice trat\u00ed. Najkrat\u0161ia meria adekv\u00e1tnych <strong>18,5 km<\/strong> a\u00a0prevedie v\u00e1s bl\u00edzkymi l\u00fakami a\u00a0\u010diasto\u010dne aj lesmi v\u00a0okol\u00ed Rajeck\u00fdch Tepl\u00edc. Prev\u00fd\u0161enie je dan\u00e9 na hodnote 422 m. Strednou verziou je <strong>50 km<\/strong> s\u00a0dvomi v\u00fd\u017eivnej\u0161\u00edmi st\u00fapaniami. Pr\u00e1ve prv\u00e9 z\u00a0nich za\u010dne bezprostredne po \u0161tarte a\u00a0povedie v\u00e1s a\u017e na hrebe\u0148 L\u00fa\u010danskej Malej Fatry do v\u00fd\u0161ky vy\u0161e 1 000 m n. m. Tomu zodpoved\u00e1 aj prev\u00fd\u0161enie 1\u00a0390 m. Poslednou je klasick\u00e1 marat\u00f3nska tra\u0165 v d\u013a\u017eke <strong>80 km<\/strong>. V\u00a0r\u00e1mci jej absolvovania budete musie\u0165 prejs\u0165 spom\u00ednan\u00e9 dve st\u00fapania a\u017e dvakr\u00e1t. Celkovo sa nast\u00fapan\u00e9 metre zastavia a\u017e na hodnote 2\u00a0300 m. <\/p>\n<p><a href=\"https:\/\/d2p6e6u75xmxt8.cloudfront.net\/4\/2020\/08\/WLC_Pozv\u00e1nka-Rajeck\u00e9-Teplice_02.jpg\"><img loading=\"lazy\" decoding=\"async\" src=\"https:\/\/d2p6e6u75xmxt8.cloudfront.net\/4\/2020\/08\/WLC_Pozv\u00e1nka-Rajeck\u00e9-Teplice_02.jpg\" alt=\"\" width=\"1200\" height=\"800\" class=\"alignnone size-full wp-image-10540\" \/><\/a><br \/>\nPrihl\u00e1si\u0165 sa je mo\u017en\u00e9 cez online syst\u00e9m SAO Tatry na <a href=\"https:\/\/cyklo.sao-tatry.sk\/index.php?menu=103&#038;l=sk&#038;arok=2020&#038;cisl_preteku=117\" rel=\"noopener noreferrer\" target=\"_blank\">tomto odkaze<\/a>. Po\u010det \u00fa\u010dastn\u00edkov je v\u0161ak <strong>obmedzen\u00fd na 800<\/strong>, preto nev\u00e1hajte. Koniec prihlasovania je stanoven\u00fd na 23. septembra &#8211; potom to ide u\u017e len v\u00a0de\u0148 \u0161tartu priamo v\u00a0dejisku. Poplatok za \u0161tart s\u00a0bl\u00ed\u017eiacim sa konan\u00edm marat\u00f3nu narast\u00e1, preto je lep\u0161ie v\u0161etko vybavi\u0165 vopred. V\u00a0r\u00e1mci neho je zahrnut\u00e9 ob\u010derstvenie, \u0161tartovac\u00ed bal\u00ed\u010dek alebo aj l\u00edstok do tomboly. Viac inform\u00e1cii o\u00a0prihlasovan\u00ed n\u00e1jdete na <a href=\"https:\/\/www.bikepoint.sk\/maraton\/startovne\/\" rel=\"noopener noreferrer\" target=\"_blank\">tomto odkaze<\/a>.<\/p>\n<p><a href=\"https:\/\/d2p6e6u75xmxt8.cloudfront.net\/4\/2020\/08\/WLC_Pozv\u00e1nka-Rajeck\u00e9-Teplice_03.jpg\"><img loading=\"lazy\" decoding=\"async\" src=\"https:\/\/d2p6e6u75xmxt8.cloudfront.net\/4\/2020\/08\/WLC_Pozv\u00e1nka-Rajeck\u00e9-Teplice_03.jpg\" alt=\"\" width=\"1200\" height=\"800\" class=\"alignnone size-full wp-image-10541\" \/><\/a><br \/>\nSamozrejmos\u0165ou je vyhl\u00e1senie v\u00fdsledkom po pretekoch, ako aj samotn\u00e9 rozdelenie pretek\u00e1rov nielen pod\u013ea ich zvolenej trate, ale aj vekovej kateg\u00f3rie a\u00a0pohlavia. Ak sa v\u00e1m nepodar\u00ed dosta\u0165 medzi najlep\u0161\u00edch troch ocenen\u00fdch, \u0161ancou je spom\u00ednan\u00e1 tombola, v\u00a0ktorej sa nazbieralo pekn\u00e9 mno\u017estvo vecn\u00fdch cien.<\/p>\n<p>\u010co viac doda\u0165? Jedine to, \u017ee <strong>sez\u00f3na sa bl\u00ed\u017ei ku koncu<\/strong>, a\u00a0preto nehodno ot\u00e1\u013ea\u0165 a\u00a0doplni\u0165 si m\u00f4\u017eete z\u00e1\u017eitky z\u00a0tohto roku aspo\u0148 nejak\u00fdm marat\u00f3nom &#8211; mo\u017eno pr\u00e1ve t\u00fdmto!<\/p>\n<p>Viac inform\u00e1cii o\u00a0pretekoch n\u00e1jdete na <a href=\"https:\/\/www.bikepoint.sk\/maraton\/\" rel=\"noopener noreferrer\" target=\"_blank\">tomto odkaze<\/a> alebo na <a href=\"https:\/\/www.welovecycling.com\/sk\/sbot2020\/\">na\u0161ej str\u00e1nke \u0160BOT 2020<\/a>.<\/p>\n","protected":false},"excerpt":{"rendered":"<p>V\u00a0malebnom prostred\u00ed Rajeckej doliny a\u00a0L\u00fa\u010danskej Malej Fatry sa onedlho uskuto\u010dn\u00ed u\u017e 4. ro\u010dn\u00edk marat\u00f3nu \u0160koda MTB Marat\u00f3n Rajeck\u00e9 Teplice. \u010co [&hellip;]<\/p>\n","protected":false},"author":81,"featured_media":10538,"comment_status":"open","ping_status":"open","sticky":false,"template":"","format":"standard","meta":{"footnotes":""},"categories":[33],"tags":[180,902,532,178,91,1009,562,35,860,523,1244,1072],"global-categories":[1074],"class_list":["post-10536","post","type-post","status-publish","format-standard","has-post-thumbnail","hentry","category-sbot","tag-horska-cyklistika","tag-horsky-bicykel","tag-jazdenie","tag-maraton","tag-pozvanka","tag-skoda-auto","tag-skoda-bicykel","tag-sbot","tag-skoda-mtb-maraton-rajecke-teplice","tag-slovensko","tag-tombola","tag-trat","global-categories-cycling"],"yoast_head":"<!-- This site is optimized with the Yoast SEO Premium plugin v25.3 (Yoast SEO v25.9) - https:\/\/yoast.com\/wordpress\/plugins\/seo\/ -->\n<title>Pozv\u00e1nka: \u0160koda MTB Marat\u00f3n Rajeck\u00e9 Teplice - ukon\u010denie na\u0161ej s\u00e9rie ako sa patr\u00ed - \u0160koda We Love Cycling Slovensko<\/title>\n<meta name=\"robots\" content=\"index, follow, max-snippet:-1, max-image-preview:large, max-video-preview:-1\" \/>\n<link rel=\"canonical\" href=\"https:\/\/www.welovecycling.com\/sk\/2020\/08\/28\/pozvanka-skoda-mtb-maraton-rajecke-teplice-ukoncenie-nasej-serie-ako-sa-patri\/\" \/>\n<meta property=\"og:locale\" content=\"sk_SK\" \/>\n<meta property=\"og:type\" content=\"article\" \/>\n<meta property=\"og:title\" content=\"Pozv\u00e1nka: \u0160koda MTB Marat\u00f3n Rajeck\u00e9 Teplice - ukon\u010denie na\u0161ej s\u00e9rie ako sa patr\u00ed\" \/>\n<meta property=\"og:description\" content=\"V\u00a0malebnom prostred\u00ed Rajeckej doliny a\u00a0L\u00fa\u010danskej Malej Fatry sa onedlho uskuto\u010dn\u00ed u\u017e 4. ro\u010dn\u00edk marat\u00f3nu \u0160koda MTB Marat\u00f3n Rajeck\u00e9 Teplice. \u010co [&hellip;]\" \/>\n<meta property=\"og:url\" content=\"https:\/\/www.welovecycling.com\/sk\/2020\/08\/28\/pozvanka-skoda-mtb-maraton-rajecke-teplice-ukoncenie-nasej-serie-ako-sa-patri\/\" \/>\n<meta property=\"og:site_name\" content=\"\u0160koda We Love Cycling Slovensko\" \/>\n<meta property=\"article:published_time\" content=\"2020-08-28T08:00:13+00:00\" \/>\n<meta property=\"og:image\" content=\"https:\/\/d2p6e6u75xmxt8.cloudfront.net\/4\/2020\/08\/WLC_Pozv\u00e1nka-Rajeck\u00e9-Teplice_00.webp\" \/>\n\t<meta property=\"og:image:width\" content=\"1380\" \/>\n\t<meta property=\"og:image:height\" content=\"600\" \/>\n\t<meta property=\"og:image:type\" content=\"image\/webp\" \/>\n<meta name=\"twitter:card\" content=\"summary_large_image\" \/>\n<meta name=\"twitter:label1\" content=\"Written by\" \/>\n\t<meta name=\"twitter:data1\" content=\"WeLoveCycling\" \/>\n\t<meta name=\"twitter:label2\" content=\"Est. reading time\" \/>\n\t<meta name=\"twitter:data2\" content=\"3\" \/>\n<script type=\"application\/ld+json\" class=\"yoast-schema-graph\">{\"@context\":\"https:\/\/schema.org\",\"@graph\":[{\"@type\":\"WebPage\",\"@id\":\"https:\/\/www.welovecycling.com\/sk\/2020\/08\/28\/pozvanka-skoda-mtb-maraton-rajecke-teplice-ukoncenie-nasej-serie-ako-sa-patri\/\",\"url\":\"https:\/\/www.welovecycling.com\/sk\/2020\/08\/28\/pozvanka-skoda-mtb-maraton-rajecke-teplice-ukoncenie-nasej-serie-ako-sa-patri\/\",\"name\":\"Pozv\u00e1nka: \u0160koda MTB Marat\u00f3n Rajeck\u00e9 Teplice - ukon\u010denie na\u0161ej s\u00e9rie ako sa patr\u00ed - \u0160koda We Love Cycling Slovensko\",\"isPartOf\":{\"@id\":\"https:\/\/www.welovecycling.com\/sk\/#website\"},\"primaryImageOfPage\":{\"@id\":\"https:\/\/www.welovecycling.com\/sk\/2020\/08\/28\/pozvanka-skoda-mtb-maraton-rajecke-teplice-ukoncenie-nasej-serie-ako-sa-patri\/#primaryimage\"},\"image\":{\"@id\":\"https:\/\/www.welovecycling.com\/sk\/2020\/08\/28\/pozvanka-skoda-mtb-maraton-rajecke-teplice-ukoncenie-nasej-serie-ako-sa-patri\/#primaryimage\"},\"thumbnailUrl\":\"https:\/\/d2p6e6u75xmxt8.cloudfront.net\/4\/2020\/08\/WLC_Pozv\u00e1nka-Rajeck\u00e9-Teplice_00.webp\",\"datePublished\":\"2020-08-28T08:00:13+00:00\",\"author\":{\"@id\":\"\"},\"breadcrumb\":{\"@id\":\"https:\/\/www.welovecycling.com\/sk\/2020\/08\/28\/pozvanka-skoda-mtb-maraton-rajecke-teplice-ukoncenie-nasej-serie-ako-sa-patri\/#breadcrumb\"},\"inLanguage\":\"sk-SK\",\"potentialAction\":[{\"@type\":\"ReadAction\",\"target\":[\"https:\/\/www.welovecycling.com\/sk\/2020\/08\/28\/pozvanka-skoda-mtb-maraton-rajecke-teplice-ukoncenie-nasej-serie-ako-sa-patri\/\"]}]},{\"@type\":\"ImageObject\",\"inLanguage\":\"sk-SK\",\"@id\":\"https:\/\/www.welovecycling.com\/sk\/2020\/08\/28\/pozvanka-skoda-mtb-maraton-rajecke-teplice-ukoncenie-nasej-serie-ako-sa-patri\/#primaryimage\",\"url\":\"https:\/\/d2p6e6u75xmxt8.cloudfront.net\/4\/2020\/08\/WLC_Pozv\u00e1nka-Rajeck\u00e9-Teplice_00.webp\",\"contentUrl\":\"https:\/\/d2p6e6u75xmxt8.cloudfront.net\/4\/2020\/08\/WLC_Pozv\u00e1nka-Rajeck\u00e9-Teplice_00.webp\",\"width\":1380,\"height\":600},{\"@type\":\"BreadcrumbList\",\"@id\":\"https:\/\/www.welovecycling.com\/sk\/2020\/08\/28\/pozvanka-skoda-mtb-maraton-rajecke-teplice-ukoncenie-nasej-serie-ako-sa-patri\/#breadcrumb\",\"itemListElement\":[{\"@type\":\"ListItem\",\"position\":1,\"name\":\"Home\",\"item\":\"https:\/\/www.welovecycling.com\/sk\/\"},{\"@type\":\"ListItem\",\"position\":2,\"name\":\"Pozv\u00e1nka: \u0160koda MTB Marat\u00f3n Rajeck\u00e9 Teplice &#8211; ukon\u010denie na\u0161ej s\u00e9rie ako sa patr\u00ed\"}]},{\"@type\":\"WebSite\",\"@id\":\"https:\/\/www.welovecycling.com\/sk\/#website\",\"url\":\"https:\/\/www.welovecycling.com\/sk\/\",\"name\":\"\u0160koda We Love Cycling Slovensko\",\"description\":\"\u0160koda We Love Cycling Slovensko je v\u00e1\u0161 ka\u017edodenn\u00fd zdroj noviniek a in\u0161pir\u00e1cie z sveta cyklistiky\",\"potentialAction\":[{\"@type\":\"SearchAction\",\"target\":{\"@type\":\"EntryPoint\",\"urlTemplate\":\"https:\/\/www.welovecycling.com\/sk\/?s={search_term_string}\"},\"query-input\":{\"@type\":\"PropertyValueSpecification\",\"valueRequired\":true,\"valueName\":\"search_term_string\"}}],\"inLanguage\":\"sk-SK\"},{\"@type\":\"Person\",\"@id\":\"\",\"url\":\"https:\/\/www.welovecycling.com\/sk\/author\/\"}]}<\/script>\n<!-- \/ Yoast SEO Premium plugin. -->","yoast_head_json":{"title":"Pozv\u00e1nka: \u0160koda MTB Marat\u00f3n Rajeck\u00e9 Teplice - ukon\u010denie na\u0161ej s\u00e9rie ako sa patr\u00ed - \u0160koda We Love Cycling Slovensko","robots":{"index":"index","follow":"follow","max-snippet":"max-snippet:-1","max-image-preview":"max-image-preview:large","max-video-preview":"max-video-preview:-1"},"canonical":"https:\/\/www.welovecycling.com\/sk\/2020\/08\/28\/pozvanka-skoda-mtb-maraton-rajecke-teplice-ukoncenie-nasej-serie-ako-sa-patri\/","og_locale":"sk_SK","og_type":"article","og_title":"Pozv\u00e1nka: \u0160koda MTB Marat\u00f3n Rajeck\u00e9 Teplice - ukon\u010denie na\u0161ej s\u00e9rie ako sa patr\u00ed","og_description":"V\u00a0malebnom prostred\u00ed Rajeckej doliny a\u00a0L\u00fa\u010danskej Malej Fatry sa onedlho uskuto\u010dn\u00ed u\u017e 4. ro\u010dn\u00edk marat\u00f3nu \u0160koda MTB Marat\u00f3n Rajeck\u00e9 Teplice. \u010co [&hellip;]","og_url":"https:\/\/www.welovecycling.com\/sk\/2020\/08\/28\/pozvanka-skoda-mtb-maraton-rajecke-teplice-ukoncenie-nasej-serie-ako-sa-patri\/","og_site_name":"\u0160koda We Love Cycling Slovensko","article_published_time":"2020-08-28T08:00:13+00:00","og_image":[{"width":1380,"height":600,"url":"https:\/\/d2p6e6u75xmxt8.cloudfront.net\/4\/2020\/08\/WLC_Pozv\u00e1nka-Rajeck\u00e9-Teplice_00.webp","type":"image\/webp"}],"twitter_card":"summary_large_image","twitter_misc":{"Written by":"WeLoveCycling","Est. reading time":"3"},"schema":{"@context":"https:\/\/schema.org","@graph":[{"@type":"WebPage","@id":"https:\/\/www.welovecycling.com\/sk\/2020\/08\/28\/pozvanka-skoda-mtb-maraton-rajecke-teplice-ukoncenie-nasej-serie-ako-sa-patri\/","url":"https:\/\/www.welovecycling.com\/sk\/2020\/08\/28\/pozvanka-skoda-mtb-maraton-rajecke-teplice-ukoncenie-nasej-serie-ako-sa-patri\/","name":"Pozv\u00e1nka: \u0160koda MTB Marat\u00f3n Rajeck\u00e9 Teplice - ukon\u010denie na\u0161ej s\u00e9rie ako sa patr\u00ed - \u0160koda We Love Cycling Slovensko","isPartOf":{"@id":"https:\/\/www.welovecycling.com\/sk\/#website"},"primaryImageOfPage":{"@id":"https:\/\/www.welovecycling.com\/sk\/2020\/08\/28\/pozvanka-skoda-mtb-maraton-rajecke-teplice-ukoncenie-nasej-serie-ako-sa-patri\/#primaryimage"},"image":{"@id":"https:\/\/www.welovecycling.com\/sk\/2020\/08\/28\/pozvanka-skoda-mtb-maraton-rajecke-teplice-ukoncenie-nasej-serie-ako-sa-patri\/#primaryimage"},"thumbnailUrl":"https:\/\/d2p6e6u75xmxt8.cloudfront.net\/4\/2020\/08\/WLC_Pozv\u00e1nka-Rajeck\u00e9-Teplice_00.webp","datePublished":"2020-08-28T08:00:13+00:00","author":{"@id":""},"breadcrumb":{"@id":"https:\/\/www.welovecycling.com\/sk\/2020\/08\/28\/pozvanka-skoda-mtb-maraton-rajecke-teplice-ukoncenie-nasej-serie-ako-sa-patri\/#breadcrumb"},"inLanguage":"sk-SK","potentialAction":[{"@type":"ReadAction","target":["https:\/\/www.welovecycling.com\/sk\/2020\/08\/28\/pozvanka-skoda-mtb-maraton-rajecke-teplice-ukoncenie-nasej-serie-ako-sa-patri\/"]}]},{"@type":"ImageObject","inLanguage":"sk-SK","@id":"https:\/\/www.welovecycling.com\/sk\/2020\/08\/28\/pozvanka-skoda-mtb-maraton-rajecke-teplice-ukoncenie-nasej-serie-ako-sa-patri\/#primaryimage","url":"https:\/\/d2p6e6u75xmxt8.cloudfront.net\/4\/2020\/08\/WLC_Pozv\u00e1nka-Rajeck\u00e9-Teplice_00.webp","contentUrl":"https:\/\/d2p6e6u75xmxt8.cloudfront.net\/4\/2020\/08\/WLC_Pozv\u00e1nka-Rajeck\u00e9-Teplice_00.webp","width":1380,"height":600},{"@type":"BreadcrumbList","@id":"https:\/\/www.welovecycling.com\/sk\/2020\/08\/28\/pozvanka-skoda-mtb-maraton-rajecke-teplice-ukoncenie-nasej-serie-ako-sa-patri\/#breadcrumb","itemListElement":[{"@type":"ListItem","position":1,"name":"Home","item":"https:\/\/www.welovecycling.com\/sk\/"},{"@type":"ListItem","position":2,"name":"Pozv\u00e1nka: \u0160koda MTB Marat\u00f3n Rajeck\u00e9 Teplice &#8211; ukon\u010denie na\u0161ej s\u00e9rie ako sa patr\u00ed"}]},{"@type":"WebSite","@id":"https:\/\/www.welovecycling.com\/sk\/#website","url":"https:\/\/www.welovecycling.com\/sk\/","name":"\u0160koda We Love Cycling Slovensko","description":"\u0160koda We Love Cycling Slovensko je v\u00e1\u0161 ka\u017edodenn\u00fd zdroj noviniek a in\u0161pir\u00e1cie z sveta cyklistiky","potentialAction":[{"@type":"SearchAction","target":{"@type":"EntryPoint","urlTemplate":"https:\/\/www.welovecycling.com\/sk\/?s={search_term_string}"},"query-input":{"@type":"PropertyValueSpecification","valueRequired":true,"valueName":"search_term_string"}}],"inLanguage":"sk-SK"},{"@type":"Person","@id":"","url":"https:\/\/www.welovecycling.com\/sk\/author\/"}]}},"_links":{"self":[{"href":"https:\/\/www.welovecycling.com\/sk\/wp-json\/wp\/v2\/posts\/10536","targetHints":{"allow":["GET"]}}],"collection":[{"href":"https:\/\/www.welovecycling.com\/sk\/wp-json\/wp\/v2\/posts"}],"about":[{"href":"https:\/\/www.welovecycling.com\/sk\/wp-json\/wp\/v2\/types\/post"}],"author":[{"embeddable":true,"href":"https:\/\/www.welovecycling.com\/sk\/wp-json\/wp\/v2\/users\/81"}],"replies":[{"embeddable":true,"href":"https:\/\/www.welovecycling.com\/sk\/wp-json\/wp\/v2\/comments?post=10536"}],"version-history":[{"count":2,"href":"https:\/\/www.welovecycling.com\/sk\/wp-json\/wp\/v2\/posts\/10536\/revisions"}],"predecessor-version":[{"id":10544,"href":"https:\/\/www.welovecycling.com\/sk\/wp-json\/wp\/v2\/posts\/10536\/revisions\/10544"}],"wp:featuredmedia":[{"embeddable":true,"href":"https:\/\/www.welovecycling.com\/sk\/wp-json\/wp\/v2\/media\/10538"}],"wp:attachment":[{"href":"https:\/\/www.welovecycling.com\/sk\/wp-json\/wp\/v2\/media?parent=10536"}],"wp:term":[{"taxonomy":"category","embeddable":true,"href":"https:\/\/www.welovecycling.com\/sk\/wp-json\/wp\/v2\/categories?post=10536"},{"taxonomy":"post_tag","embeddable":true,"href":"https:\/\/www.welovecycling.com\/sk\/wp-json\/wp\/v2\/tags?post=10536"},{"taxonomy":"global-categories","embeddable":true,"href":"https:\/\/www.welovecycling.com\/sk\/wp-json\/wp\/v2\/global-categories?post=10536"}],"curies":[{"name":"wp","href":"https:\/\/api.w.org\/{rel}","templated":true}]}}