{"id":10515,"date":"2020-08-21T11:00:34","date_gmt":"2020-08-21T09:00:34","guid":{"rendered":"https:\/\/www.welovecycling.com\/sk\/?p=10515"},"modified":"2020-08-18T11:02:57","modified_gmt":"2020-08-18T09:02:57","slug":"pozvanka-4-kolo-detskej-tour-petra-sagana-tentoraz-v-stupave","status":"publish","type":"post","link":"https:\/\/www.welovecycling.com\/sk\/2020\/08\/21\/pozvanka-4-kolo-detskej-tour-petra-sagana-tentoraz-v-stupave\/","title":{"rendered":"Pozv\u00e1nka: 4. kolo Detskej Tour Petra Sagana &#8211; tentoraz v\u00a0Stupave"},"content":{"rendered":"<p><strong>Po troch \u00faspe\u0161n\u00fdch podujatiach v\u00a0Rajeckej Lesnej, Rimavskej Sobote a \u0160amor\u00edne prich\u00e1dza Detsk\u00e1 Tour do Stupavy. Aj tu budeme svedkami ve\u013ek\u00fdch v\u00fdkonov mlad\u00fdch pretek\u00e1rov. \u010co v\u0161etko potrebujete vedie\u0165?<\/strong><!--more--><\/p>\n<p>D\u00e1tum je stanoven\u00fd na <strong>30. augusta 2020<\/strong>, teda na nede\u013eu. Po\u010das cel\u00e9ho d\u0148a bud\u00fa postupne preteka\u0165 jednotliv\u00e9 kateg\u00f3rie, ktor\u00e9 bud\u00fa ma\u0165 ur\u010den\u00e9 presn\u00e9 a\u00a0adekv\u00e1tne d\u013a\u017eky trat\u00ed. Stupava a jej \u0161irok\u00e9 okolie je ako stvoren\u00e9 pre z\u00e1bavn\u00e9 pretekanie, a\u00a0to najm\u00e4 v\u010faka striedaniu sa r\u00f4znych povrchov (tr\u00e1va, \u0161otolina,&#8230;). Navy\u0161e, po\u010das cel\u00e9ho podujatia bude pripraven\u00fd pre \u00fa\u010dastn\u00edkov aj <strong>bohat\u00fd sprievodn\u00fd program<\/strong>, ktor\u00fd zabezpe\u010duje organiz\u00e1tor a spoluorganiz\u00e1tor podujatia. <\/p>\n<p><a href=\"https:\/\/d2p6e6u75xmxt8.cloudfront.net\/4\/2020\/08\/WLC_Pozv\u00e1nka-DTPS-3.kolo_01.jpg\"><img loading=\"lazy\" decoding=\"async\" src=\"https:\/\/d2p6e6u75xmxt8.cloudfront.net\/4\/2020\/08\/WLC_Pozv\u00e1nka-DTPS-3.kolo_01.jpg\" alt=\"\" width=\"1200\" height=\"800\" class=\"size-full wp-image-10522\" \/><\/a><br \/>\nPrihl\u00e1si\u0165 sa je mo\u017en\u00e9 v\u00a0<strong>dvoch form\u00e1ch<\/strong>. Prvou je pohodlnej\u0161ia a\u00a0\u010dasovo efekt\u00edvnej\u0161ia mo\u017enos\u0165 registr\u00e1cie, a\u00a0to online cez prihlasovac\u00ed syst\u00e9m, ktor\u00fd n\u00e1jdete na <a href=\"https:\/\/stupava-detskatour-petrasagana.mtbiker.sk\" rel=\"noopener noreferrer\" target=\"_blank\">tomto odkaze<\/a>. V\u00a0pr\u00edpade, ak to nest\u00edhate, nebojte sa &#8211; sta\u010d\u00ed pr\u00eds\u0165 s\u00a0dostato\u010dn\u00fdm predstihom na miesto pretekov a\u00a0registrova\u0165 sa tam. <\/p>\n<p><a href=\"https:\/\/d2p6e6u75xmxt8.cloudfront.net\/4\/2020\/08\/WLC_Pozv\u00e1nka-DTPS-3.kolo_02.jpg\"><img loading=\"lazy\" decoding=\"async\" src=\"https:\/\/d2p6e6u75xmxt8.cloudfront.net\/4\/2020\/08\/WLC_Pozv\u00e1nka-DTPS-3.kolo_02.jpg\" alt=\"\" width=\"1200\" height=\"800\" class=\"alignnone size-full wp-image-10519\" \/><\/a><br \/>\nKateg\u00f3rie s\u00fa rozdelen\u00e9 tak pod\u013ea pohlav\u00ed, ako aj veku:<\/p>\n<ul>\n<li>Baby &#8211; 2016 &#8211; viac<\/li>\n<li>Mikro &#8211; 2014 &#8211; 2015<\/li>\n<li>Mili &#8211; 2012 &#8211; 2013<\/li>\n<li>Mini &#8211; 2010 &#8211; 2011<\/li>\n<li>Mlad\u0161\u00ed \u017eiaci\/\u017eia\u010dky &#8211; 2008 &#8211; 2009<\/li>\n<li>Star\u0161\u00ed \u017eiaci\/\u017eia\u010dky &#8211; 2006 &#8211; 2007<\/li>\n<\/ul>\n<p>Vyhlasovan\u00e1 je ka\u017ed\u00e1 kateg\u00f3ria zvl\u00e1\u0161\u0165. Vyhlasova\u0165 a\u00a0oce\u0148ova\u0165 budeme <strong>3 najlep\u0161\u00edch<\/strong> vo v\u0161etk\u00fdch s\u00fa\u0165a\u017en\u00fdch kateg\u00f3ri\u00e1ch v celkovom porad\u00ed s\u00fa\u0165a\u017ee 2020.<\/p>\n<p><a href=\"https:\/\/d2p6e6u75xmxt8.cloudfront.net\/4\/2020\/08\/WLC_Pozv\u00e1nka-DTPS-3.kolo_03.jpg\"><img loading=\"lazy\" decoding=\"async\" src=\"https:\/\/d2p6e6u75xmxt8.cloudfront.net\/4\/2020\/08\/WLC_Pozv\u00e1nka-DTPS-3.kolo_03.jpg\" alt=\"\" width=\"1200\" height=\"800\" class=\"size-full wp-image-10520\" \/><\/a><br \/>\nKoniec leta sa pre va\u0161e deti\u010dky nemus\u00ed nies\u0165 v smutnom duchu. Sta\u010d\u00ed pr\u00eds\u0165 30. augusta 2020 do <strong>okolia Stupavy<\/strong>, pre\u017ei\u0165 tam s\u00fa\u0165a\u017en\u00fd de\u0148 na bicykli, na ktor\u00fd bud\u00fa va\u0161e ratolesti dlho spom\u00edna\u0165 a pln\u00e9 s\u00edl a z\u00e1\u017eitkov vykro\u010dia po t\u00fdchto pretekoch do nov\u00e9ho \u0161kolsk\u00e9ho roka. \u010eal\u0161ie kol\u00e1 Detskej Tour Petra Sagana sa <strong>uskuto\u010dnia aj v septembri<\/strong>.<\/p>\n<p>Viac <strong>inform\u00e1ci\u00ed o\u00a0podujat\u00ed<\/strong> z\u00edskate na <a href=\"https:\/\/detskatour.sk\/category\/propozicie\/\" rel=\"noopener noreferrer\" target=\"_blank\">tomto odkaze<\/a>. <\/p>\n","protected":false},"excerpt":{"rendered":"<p>Po troch \u00faspe\u0161n\u00fdch podujatiach v\u00a0Rajeckej Lesnej, Rimavskej Sobote a \u0160amor\u00edne prich\u00e1dza Detsk\u00e1 Tour do Stupavy. Aj tu budeme svedkami ve\u013ek\u00fdch [&hellip;]<\/p>\n","protected":false},"author":81,"featured_media":10518,"comment_status":"open","ping_status":"open","sticky":false,"template":"","format":"standard","meta":{"footnotes":""},"categories":[51],"tags":[62,619,53,764,54,902,767,46,91,264,523,181,1072,161],"global-categories":[1074],"class_list":["post-10515","post","type-post","status-publish","format-standard","has-post-thumbnail","hentry","category-deti-na-bicykloch","tag-bezpecnost","tag-bicyklovanie","tag-deti","tag-detska-tour-petra-sagana","tag-detske-bicykle","tag-horsky-bicykel","tag-motivacia","tag-peter-sagan","tag-pozvanka","tag-prilba","tag-slovensko","tag-stupava","tag-trat","tag-zdravie","global-categories-cycling"],"yoast_head":"<!-- This site is optimized with the Yoast SEO Premium plugin v25.3 (Yoast SEO v25.9) - https:\/\/yoast.com\/wordpress\/plugins\/seo\/ -->\n<title>Pozv\u00e1nka: 4. kolo Detskej Tour Petra Sagana - tentoraz v\u00a0Stupave - \u0160koda We Love Cycling Slovensko<\/title>\n<meta name=\"robots\" content=\"index, follow, max-snippet:-1, max-image-preview:large, max-video-preview:-1\" \/>\n<link rel=\"canonical\" href=\"https:\/\/www.welovecycling.com\/sk\/2020\/08\/21\/pozvanka-4-kolo-detskej-tour-petra-sagana-tentoraz-v-stupave\/\" \/>\n<meta property=\"og:locale\" content=\"sk_SK\" \/>\n<meta property=\"og:type\" content=\"article\" \/>\n<meta property=\"og:title\" content=\"Pozv\u00e1nka: 4. kolo Detskej Tour Petra Sagana - tentoraz v\u00a0Stupave\" \/>\n<meta property=\"og:description\" content=\"Po troch \u00faspe\u0161n\u00fdch podujatiach v\u00a0Rajeckej Lesnej, Rimavskej Sobote a \u0160amor\u00edne prich\u00e1dza Detsk\u00e1 Tour do Stupavy. Aj tu budeme svedkami ve\u013ek\u00fdch [&hellip;]\" \/>\n<meta property=\"og:url\" content=\"https:\/\/www.welovecycling.com\/sk\/2020\/08\/21\/pozvanka-4-kolo-detskej-tour-petra-sagana-tentoraz-v-stupave\/\" \/>\n<meta property=\"og:site_name\" content=\"\u0160koda We Love Cycling Slovensko\" \/>\n<meta property=\"article:published_time\" content=\"2020-08-21T09:00:34+00:00\" \/>\n<meta property=\"og:image\" content=\"https:\/\/d2p6e6u75xmxt8.cloudfront.net\/4\/2020\/08\/WLC_Pozv\u00e1nka-DTPS-3.kolo_00.webp\" \/>\n\t<meta property=\"og:image:width\" content=\"1380\" \/>\n\t<meta property=\"og:image:height\" content=\"600\" \/>\n\t<meta property=\"og:image:type\" content=\"image\/webp\" \/>\n<meta name=\"twitter:card\" content=\"summary_large_image\" \/>\n<meta name=\"twitter:label1\" content=\"Written by\" \/>\n\t<meta name=\"twitter:data1\" content=\"WeLoveCycling\" \/>\n\t<meta name=\"twitter:label2\" content=\"Est. reading time\" \/>\n\t<meta name=\"twitter:data2\" content=\"2\" \/>\n<script type=\"application\/ld+json\" class=\"yoast-schema-graph\">{\"@context\":\"https:\/\/schema.org\",\"@graph\":[{\"@type\":\"WebPage\",\"@id\":\"https:\/\/www.welovecycling.com\/sk\/2020\/08\/21\/pozvanka-4-kolo-detskej-tour-petra-sagana-tentoraz-v-stupave\/\",\"url\":\"https:\/\/www.welovecycling.com\/sk\/2020\/08\/21\/pozvanka-4-kolo-detskej-tour-petra-sagana-tentoraz-v-stupave\/\",\"name\":\"Pozv\u00e1nka: 4. kolo Detskej Tour Petra Sagana - tentoraz v\u00a0Stupave - \u0160koda We Love Cycling Slovensko\",\"isPartOf\":{\"@id\":\"https:\/\/www.welovecycling.com\/sk\/#website\"},\"primaryImageOfPage\":{\"@id\":\"https:\/\/www.welovecycling.com\/sk\/2020\/08\/21\/pozvanka-4-kolo-detskej-tour-petra-sagana-tentoraz-v-stupave\/#primaryimage\"},\"image\":{\"@id\":\"https:\/\/www.welovecycling.com\/sk\/2020\/08\/21\/pozvanka-4-kolo-detskej-tour-petra-sagana-tentoraz-v-stupave\/#primaryimage\"},\"thumbnailUrl\":\"https:\/\/d2p6e6u75xmxt8.cloudfront.net\/4\/2020\/08\/WLC_Pozv\u00e1nka-DTPS-3.kolo_00.webp\",\"datePublished\":\"2020-08-21T09:00:34+00:00\",\"author\":{\"@id\":\"\"},\"breadcrumb\":{\"@id\":\"https:\/\/www.welovecycling.com\/sk\/2020\/08\/21\/pozvanka-4-kolo-detskej-tour-petra-sagana-tentoraz-v-stupave\/#breadcrumb\"},\"inLanguage\":\"sk-SK\",\"potentialAction\":[{\"@type\":\"ReadAction\",\"target\":[\"https:\/\/www.welovecycling.com\/sk\/2020\/08\/21\/pozvanka-4-kolo-detskej-tour-petra-sagana-tentoraz-v-stupave\/\"]}]},{\"@type\":\"ImageObject\",\"inLanguage\":\"sk-SK\",\"@id\":\"https:\/\/www.welovecycling.com\/sk\/2020\/08\/21\/pozvanka-4-kolo-detskej-tour-petra-sagana-tentoraz-v-stupave\/#primaryimage\",\"url\":\"https:\/\/d2p6e6u75xmxt8.cloudfront.net\/4\/2020\/08\/WLC_Pozv\u00e1nka-DTPS-3.kolo_00.webp\",\"contentUrl\":\"https:\/\/d2p6e6u75xmxt8.cloudfront.net\/4\/2020\/08\/WLC_Pozv\u00e1nka-DTPS-3.kolo_00.webp\",\"width\":1380,\"height\":600},{\"@type\":\"BreadcrumbList\",\"@id\":\"https:\/\/www.welovecycling.com\/sk\/2020\/08\/21\/pozvanka-4-kolo-detskej-tour-petra-sagana-tentoraz-v-stupave\/#breadcrumb\",\"itemListElement\":[{\"@type\":\"ListItem\",\"position\":1,\"name\":\"Home\",\"item\":\"https:\/\/www.welovecycling.com\/sk\/\"},{\"@type\":\"ListItem\",\"position\":2,\"name\":\"Pozv\u00e1nka: 4. kolo Detskej Tour Petra Sagana &#8211; tentoraz v\u00a0Stupave\"}]},{\"@type\":\"WebSite\",\"@id\":\"https:\/\/www.welovecycling.com\/sk\/#website\",\"url\":\"https:\/\/www.welovecycling.com\/sk\/\",\"name\":\"\u0160koda We Love Cycling Slovensko\",\"description\":\"\u0160koda We Love Cycling Slovensko je v\u00e1\u0161 ka\u017edodenn\u00fd zdroj noviniek a in\u0161pir\u00e1cie z sveta cyklistiky\",\"potentialAction\":[{\"@type\":\"SearchAction\",\"target\":{\"@type\":\"EntryPoint\",\"urlTemplate\":\"https:\/\/www.welovecycling.com\/sk\/?s={search_term_string}\"},\"query-input\":{\"@type\":\"PropertyValueSpecification\",\"valueRequired\":true,\"valueName\":\"search_term_string\"}}],\"inLanguage\":\"sk-SK\"},{\"@type\":\"Person\",\"@id\":\"\",\"url\":\"https:\/\/www.welovecycling.com\/sk\/author\/\"}]}<\/script>\n<!-- \/ Yoast SEO Premium plugin. -->","yoast_head_json":{"title":"Pozv\u00e1nka: 4. kolo Detskej Tour Petra Sagana - tentoraz v\u00a0Stupave - \u0160koda We Love Cycling Slovensko","robots":{"index":"index","follow":"follow","max-snippet":"max-snippet:-1","max-image-preview":"max-image-preview:large","max-video-preview":"max-video-preview:-1"},"canonical":"https:\/\/www.welovecycling.com\/sk\/2020\/08\/21\/pozvanka-4-kolo-detskej-tour-petra-sagana-tentoraz-v-stupave\/","og_locale":"sk_SK","og_type":"article","og_title":"Pozv\u00e1nka: 4. kolo Detskej Tour Petra Sagana - tentoraz v\u00a0Stupave","og_description":"Po troch \u00faspe\u0161n\u00fdch podujatiach v\u00a0Rajeckej Lesnej, Rimavskej Sobote a \u0160amor\u00edne prich\u00e1dza Detsk\u00e1 Tour do Stupavy. Aj tu budeme svedkami ve\u013ek\u00fdch [&hellip;]","og_url":"https:\/\/www.welovecycling.com\/sk\/2020\/08\/21\/pozvanka-4-kolo-detskej-tour-petra-sagana-tentoraz-v-stupave\/","og_site_name":"\u0160koda We Love Cycling Slovensko","article_published_time":"2020-08-21T09:00:34+00:00","og_image":[{"width":1380,"height":600,"url":"https:\/\/d2p6e6u75xmxt8.cloudfront.net\/4\/2020\/08\/WLC_Pozv\u00e1nka-DTPS-3.kolo_00.webp","type":"image\/webp"}],"twitter_card":"summary_large_image","twitter_misc":{"Written by":"WeLoveCycling","Est. reading time":"2"},"schema":{"@context":"https:\/\/schema.org","@graph":[{"@type":"WebPage","@id":"https:\/\/www.welovecycling.com\/sk\/2020\/08\/21\/pozvanka-4-kolo-detskej-tour-petra-sagana-tentoraz-v-stupave\/","url":"https:\/\/www.welovecycling.com\/sk\/2020\/08\/21\/pozvanka-4-kolo-detskej-tour-petra-sagana-tentoraz-v-stupave\/","name":"Pozv\u00e1nka: 4. kolo Detskej Tour Petra Sagana - tentoraz v\u00a0Stupave - \u0160koda We Love Cycling Slovensko","isPartOf":{"@id":"https:\/\/www.welovecycling.com\/sk\/#website"},"primaryImageOfPage":{"@id":"https:\/\/www.welovecycling.com\/sk\/2020\/08\/21\/pozvanka-4-kolo-detskej-tour-petra-sagana-tentoraz-v-stupave\/#primaryimage"},"image":{"@id":"https:\/\/www.welovecycling.com\/sk\/2020\/08\/21\/pozvanka-4-kolo-detskej-tour-petra-sagana-tentoraz-v-stupave\/#primaryimage"},"thumbnailUrl":"https:\/\/d2p6e6u75xmxt8.cloudfront.net\/4\/2020\/08\/WLC_Pozv\u00e1nka-DTPS-3.kolo_00.webp","datePublished":"2020-08-21T09:00:34+00:00","author":{"@id":""},"breadcrumb":{"@id":"https:\/\/www.welovecycling.com\/sk\/2020\/08\/21\/pozvanka-4-kolo-detskej-tour-petra-sagana-tentoraz-v-stupave\/#breadcrumb"},"inLanguage":"sk-SK","potentialAction":[{"@type":"ReadAction","target":["https:\/\/www.welovecycling.com\/sk\/2020\/08\/21\/pozvanka-4-kolo-detskej-tour-petra-sagana-tentoraz-v-stupave\/"]}]},{"@type":"ImageObject","inLanguage":"sk-SK","@id":"https:\/\/www.welovecycling.com\/sk\/2020\/08\/21\/pozvanka-4-kolo-detskej-tour-petra-sagana-tentoraz-v-stupave\/#primaryimage","url":"https:\/\/d2p6e6u75xmxt8.cloudfront.net\/4\/2020\/08\/WLC_Pozv\u00e1nka-DTPS-3.kolo_00.webp","contentUrl":"https:\/\/d2p6e6u75xmxt8.cloudfront.net\/4\/2020\/08\/WLC_Pozv\u00e1nka-DTPS-3.kolo_00.webp","width":1380,"height":600},{"@type":"BreadcrumbList","@id":"https:\/\/www.welovecycling.com\/sk\/2020\/08\/21\/pozvanka-4-kolo-detskej-tour-petra-sagana-tentoraz-v-stupave\/#breadcrumb","itemListElement":[{"@type":"ListItem","position":1,"name":"Home","item":"https:\/\/www.welovecycling.com\/sk\/"},{"@type":"ListItem","position":2,"name":"Pozv\u00e1nka: 4. kolo Detskej Tour Petra Sagana &#8211; tentoraz v\u00a0Stupave"}]},{"@type":"WebSite","@id":"https:\/\/www.welovecycling.com\/sk\/#website","url":"https:\/\/www.welovecycling.com\/sk\/","name":"\u0160koda We Love Cycling Slovensko","description":"\u0160koda We Love Cycling Slovensko je v\u00e1\u0161 ka\u017edodenn\u00fd zdroj noviniek a in\u0161pir\u00e1cie z sveta cyklistiky","potentialAction":[{"@type":"SearchAction","target":{"@type":"EntryPoint","urlTemplate":"https:\/\/www.welovecycling.com\/sk\/?s={search_term_string}"},"query-input":{"@type":"PropertyValueSpecification","valueRequired":true,"valueName":"search_term_string"}}],"inLanguage":"sk-SK"},{"@type":"Person","@id":"","url":"https:\/\/www.welovecycling.com\/sk\/author\/"}]}},"_links":{"self":[{"href":"https:\/\/www.welovecycling.com\/sk\/wp-json\/wp\/v2\/posts\/10515","targetHints":{"allow":["GET"]}}],"collection":[{"href":"https:\/\/www.welovecycling.com\/sk\/wp-json\/wp\/v2\/posts"}],"about":[{"href":"https:\/\/www.welovecycling.com\/sk\/wp-json\/wp\/v2\/types\/post"}],"author":[{"embeddable":true,"href":"https:\/\/www.welovecycling.com\/sk\/wp-json\/wp\/v2\/users\/81"}],"replies":[{"embeddable":true,"href":"https:\/\/www.welovecycling.com\/sk\/wp-json\/wp\/v2\/comments?post=10515"}],"version-history":[{"count":2,"href":"https:\/\/www.welovecycling.com\/sk\/wp-json\/wp\/v2\/posts\/10515\/revisions"}],"predecessor-version":[{"id":10525,"href":"https:\/\/www.welovecycling.com\/sk\/wp-json\/wp\/v2\/posts\/10515\/revisions\/10525"}],"wp:featuredmedia":[{"embeddable":true,"href":"https:\/\/www.welovecycling.com\/sk\/wp-json\/wp\/v2\/media\/10518"}],"wp:attachment":[{"href":"https:\/\/www.welovecycling.com\/sk\/wp-json\/wp\/v2\/media?parent=10515"}],"wp:term":[{"taxonomy":"category","embeddable":true,"href":"https:\/\/www.welovecycling.com\/sk\/wp-json\/wp\/v2\/categories?post=10515"},{"taxonomy":"post_tag","embeddable":true,"href":"https:\/\/www.welovecycling.com\/sk\/wp-json\/wp\/v2\/tags?post=10515"},{"taxonomy":"global-categories","embeddable":true,"href":"https:\/\/www.welovecycling.com\/sk\/wp-json\/wp\/v2\/global-categories?post=10515"}],"curies":[{"name":"wp","href":"https:\/\/api.w.org\/{rel}","templated":true}]}}