{"id":10505,"date":"2020-09-03T10:00:44","date_gmt":"2020-09-03T08:00:44","guid":{"rendered":"https:\/\/www.welovecycling.com\/sk\/?p=10505"},"modified":"2023-04-13T11:23:15","modified_gmt":"2023-04-13T09:23:15","slug":"ako-jazdit-s-tromi-detmi-na-pumptracku","status":"publish","type":"post","link":"https:\/\/www.welovecycling.com\/sk\/2020\/09\/03\/ako-jazdit-s-tromi-detmi-na-pumptracku\/","title":{"rendered":"Ako jazdi\u0165 s tromi de\u0165mi na pumptracku"},"content":{"rendered":"<p><strong>Pre niekoho znamen\u00e1 narodenie die\u0165a\u0165a koniec cyklistiky. To v\u0161ak nie je pr\u00edpad Katar\u00edny T\u00f3thovej. B\u00fdval\u00e1 profesion\u00e1lna downhill cyklistka a matka troch det\u00ed pravidelne berie svoje ratolesti na pumptrack. Najmlad\u0161\u00ed Simon m\u00e1 iba \u0161es\u0165 mesiacov a sp\u00ed v autoseda\u010dke hne\u010f ved\u013ea trate, tak\u017ee jeho mama je bl\u00edzko ak sa prebud\u00ed a potrebuje pomazna\u0165. Medzit\u00fdm sa v\u0161ak \u010fal\u0161ie dve deti, Zby\u0161ek (4) a Katar\u00edna (2), te\u0161ia zo svojich bicyklov, u\u010dia sa udr\u017eiava\u0165 rovnov\u00e1hu a zvl\u00e1da\u0165 jazdu na nerovnom ter\u00e9ne.<\/strong><!--more--><\/p>\n<p>Katar\u00edna sa narodila na Slovensku a pres\u0165ahovala sa do \u010ceskej republiky, ke\u010f mala \u0161tyri roky, preto\u017ee jej otec sl\u00fa\u017eil v b\u00fdvalej \u010ceskoslovenskej arm\u00e1de a bol spolu s celou rodinou premiestnen\u00fd do inej jednotky. Do cyklistiky sa Katar\u00edna, ktor\u00e1 m\u00e1 teraz 33 rokov, zamilovala hne\u010f v detstve. Z\u00e1kladn\u00e9 zru\u010dnosti sa nau\u010dila na BMX trati a mnoh\u00e9 z nich vyu\u017eila po\u010das svojej prvej downhill jazdy na celoodpru\u017eenom bicykli v de\u0148 svojich premi\u00e9rov\u00fdch pretekov v roku 2004. <em>\u201eV noci pr\u0161alo a voda zmenila tra\u0165 na zablaten\u00fa \u0161myk\u013eavku. Viac som padala ako jazdila,\u201c<\/em>spom\u00edna si Katar\u00edna.<\/p>\n<figure id=\"attachment_10506\" aria-describedby=\"caption-attachment-10506\" style=\"width: 1440px\" class=\"wp-caption alignnone\"><img loading=\"lazy\" decoding=\"async\" class=\"wp-image-10506 size-full\" src=\"https:\/\/d2p6e6u75xmxt8.cloudfront.net\/4\/2020\/08\/Katarina-Cycling-with-Kids.jpg\" alt=\"Pump Track with Kids\" width=\"1440\" height=\"960\" \/><figcaption id=\"caption-attachment-10506\" class=\"wp-caption-text\">Katarina so svojimi de\u0165mi na trati<\/figcaption><\/figure>\n<p>U\u017e o tri roky nesk\u00f4r sa pripojila k \u010desk\u00e9mu n\u00e1rodn\u00e9mu DH t\u00edmu a zamierila na \u0161vaj\u010diarsky Swiss World Cup v Champ\u00e9ry, ktor\u00fd sa \u010doskoro stal nesl\u00e1vne zn\u00e1mym pre svoju desiv\u00fa tra\u0165. Iba p\u00e1r jazdcov ju zvl\u00e1dlo bez toho, aby nespadlo na neuverite\u013ene strmej ceste plnej bahna a kame\u0148ov a tento z\u00e1\u017eitok poskytol Katar\u00edne lekciu pokory. Nasledovalo viac pretekov svetov\u00e9ho poh\u00e1ra v Eur\u00f3pe, ale bez v\u00e4\u010d\u0161ieho \u00faspechu.<\/p>\n<h2><strong>Od downhill a\u017e po pumptracky s de\u0165mi<\/strong><\/h2>\n<p>Poranenie ramena v roku 2009 prin\u00fatilo Katar\u00ednu, aby na chv\u00ed\u013eu prestala preteka\u0165, a \u010fal\u0161ia dislok\u00e1cia ramena a natrhnutie okolit\u00fdch v\u00e4zov a svalov, ju prin\u00fatili prehodnoti\u0165 svoju kari\u00e9ru. <em>&#8222;Aj ke\u010f cyklistika pre m\u0148a ve\u013ea znamenala, videla som, \u017ee m\u00f4j \u010das uplynul a rozhodla som sa z n\u00e1rodn\u00e9ho t\u00edmu od\u00eds\u0165,&#8220;<\/em> hovor\u00ed Katar\u00edna. Za\u010dala sa zameriava\u0165 na miestne preteky a pl\u00e1novanie rodiny. Bolo to v \u010dase, ke\u010f sa stretla so svoj\u00edm s\u00fa\u010dasn\u00fdm partnerom Radekom a \u010doskoro sa jej narodili tri deti. Zaka\u017ed\u00fdm, ke\u010f sa chce zabavi\u0165, mus\u00ed ich vzia\u0165 spolu s dvoma bicyklami, jedn\u00fdm odr\u00e1\u017eadlom, troma prilbami a mno\u017estvom ob\u010derstvenia. Zabal\u00ed v\u0161etko do auta a vyd\u00e1 sa na najbli\u017e\u0161\u00ed pumptrack, ku ktor\u00e9mu sa dostane autom za 15 min\u00fat.<\/p>\n<figure id=\"attachment_10507\" aria-describedby=\"caption-attachment-10507\" style=\"width: 1413px\" class=\"wp-caption alignnone\"><img loading=\"lazy\" decoding=\"async\" class=\"wp-image-10507 size-full\" src=\"https:\/\/d2p6e6u75xmxt8.cloudfront.net\/4\/2020\/08\/Katarina-Cycling-with-Kids-3.jpg\" alt=\"Pump Track with Kids\" width=\"1413\" height=\"942\" \/><figcaption id=\"caption-attachment-10507\" class=\"wp-caption-text\">Tvrd\u00e1 jazda<\/figcaption><\/figure>\n<div id='gallery-1' class='gallery galleryid-10505 gallery-columns-2 gallery-size-large'><figure class='gallery-item'>\n\t\t\t<div class='gallery-icon landscape'>\n\t\t\t\t<a href='https:\/\/d2p6e6u75xmxt8.cloudfront.net\/4\/2020\/08\/Katarina-Cycling-with-Kids-2.webp'><img loading=\"lazy\" decoding=\"async\" width=\"1024\" height=\"683\" src=\"https:\/\/d2p6e6u75xmxt8.cloudfront.net\/4\/2020\/08\/Katarina-Cycling-with-Kids-2-1024x683.webp\" class=\"attachment-large size-large\" alt=\"Pump Track with Kids\" srcset=\"https:\/\/d2p6e6u75xmxt8.cloudfront.net\/4\/2020\/08\/Katarina-Cycling-with-Kids-2-1024x683.webp 1024w, https:\/\/d2p6e6u75xmxt8.cloudfront.net\/4\/2020\/08\/Katarina-Cycling-with-Kids-2-300x200.webp 300w, https:\/\/d2p6e6u75xmxt8.cloudfront.net\/4\/2020\/08\/Katarina-Cycling-with-Kids-2-768x513.webp 768w, https:\/\/d2p6e6u75xmxt8.cloudfront.net\/4\/2020\/08\/Katarina-Cycling-with-Kids-2-272x182.webp 272w, https:\/\/d2p6e6u75xmxt8.cloudfront.net\/4\/2020\/08\/Katarina-Cycling-with-Kids-2.webp 1254w\" sizes=\"auto, (max-width: 1024px) 100vw, 1024px\" \/><\/a>\n\t\t\t<\/div><\/figure><figure class='gallery-item'>\n\t\t\t<div class='gallery-icon landscape'>\n\t\t\t\t<a href='https:\/\/d2p6e6u75xmxt8.cloudfront.net\/4\/2020\/08\/Katarina-Cycling-with-Kids-1.webp'><img loading=\"lazy\" decoding=\"async\" width=\"1024\" height=\"683\" src=\"https:\/\/d2p6e6u75xmxt8.cloudfront.net\/4\/2020\/08\/Katarina-Cycling-with-Kids-1-1024x683.webp\" class=\"attachment-large size-large\" alt=\"\" srcset=\"https:\/\/d2p6e6u75xmxt8.cloudfront.net\/4\/2020\/08\/Katarina-Cycling-with-Kids-1-1024x683.webp 1024w, https:\/\/d2p6e6u75xmxt8.cloudfront.net\/4\/2020\/08\/Katarina-Cycling-with-Kids-1-300x200.webp 300w, https:\/\/d2p6e6u75xmxt8.cloudfront.net\/4\/2020\/08\/Katarina-Cycling-with-Kids-1-768x512.webp 768w, https:\/\/d2p6e6u75xmxt8.cloudfront.net\/4\/2020\/08\/Katarina-Cycling-with-Kids-1-272x182.webp 272w, https:\/\/d2p6e6u75xmxt8.cloudfront.net\/4\/2020\/08\/Katarina-Cycling-with-Kids-1.webp 1440w\" sizes=\"auto, (max-width: 1024px) 100vw, 1024px\" \/><\/a>\n\t\t\t<\/div><\/figure>\n\t\t<\/div>\n\n<p>Na parkovisku vylo\u017e\u00ed auto a svoje najmlad\u0161ie die\u0165a vlo\u017e\u00ed do prenosnej autoseda\u010dky. Aby ho mala \u010do najbli\u017e\u0161ie, zatia\u013e \u010do star\u0161ie deti jazdia na trati.<em> \u201eZa\u010dali sme spolu jazdi\u0165 t\u00fato jar a na za\u010diatku som musela ma\u0165 o\u010di v\u0161ade. Ve\u013emi som sa b\u00e1la, \u017ee by sa niekto mohol zrani\u0165. Teraz viem, \u017ee Zby\u0161ek a Katar\u00edna m\u00f4\u017eu bezpe\u010dne jazdi\u0165 so mnou. Niekedy sa n\u00e1m podar\u00ed spravi\u0165 a\u017e tri kol\u00e1, ne\u017e sa Simon prebud\u00ed a vol\u00e1 svoju mamu,&#8220;<\/em> hovor\u00ed Katar\u00edna. Aj ke\u010f tr\u00e1vi viac \u010dasu staran\u00edm sa o svoje deti ako na bicykli, je s t\u00fdmto pomerom spokojn\u00e1. Ver\u00ed, \u017ee to je sp\u00f4sob, ako vies\u0165 svoje deti, aby sa radi bavili na bicykli a spolo\u010dne si u\u017e\u00edvali \u0161port.<\/p>\n","protected":false},"excerpt":{"rendered":"<p>Pre niekoho znamen\u00e1 narodenie die\u0165a\u0165a koniec cyklistiky. To v\u0161ak nie je pr\u00edpad Katar\u00edny T\u00f3thovej. B\u00fdval\u00e1 profesion\u00e1lna downhill cyklistka a matka [&hellip;]<\/p>\n","protected":false},"author":172,"featured_media":10509,"comment_status":"open","ping_status":"open","sticky":false,"template":"","format":"standard","meta":{"footnotes":""},"categories":[51,191],"tags":[319,62,626,780,287,53,54,303,180,532,688,885,968,55,475],"global-categories":[],"class_list":["post-10505","post","type-post","status-publish","format-standard","has-post-thumbnail","hentry","category-deti-na-bicykloch","category-odporucame","tag-adrenalin","tag-bezpecnost","tag-bmx","tag-bmx-bicykel","tag-celoodpruzeny-bicykel","tag-deti","tag-detske-bicykle","tag-down-hill","tag-horska-cyklistika","tag-jazdenie","tag-odrazadlo","tag-profesional","tag-pumptrack","tag-trening","tag-zeny"],"yoast_head":"<!-- This site is optimized with the Yoast SEO Premium plugin v25.3 (Yoast SEO v25.9) - https:\/\/yoast.com\/wordpress\/plugins\/seo\/ -->\n<title>Ako jazdi\u0165 s tromi de\u0165mi na pumptracku<\/title>\n<meta name=\"description\" content=\"Pre niekoho znamen\u00e1 narodenie die\u0165a\u0165a koniec cyklistiky. To v\u0161ak nie je pr\u00edpad Katar\u00edny T\u00f3thovej, b\u00fdvalej profesion\u00e1lnej downhill cyklistky.\" \/>\n<meta name=\"robots\" content=\"index, follow, max-snippet:-1, max-image-preview:large, max-video-preview:-1\" \/>\n<link rel=\"canonical\" href=\"https:\/\/www.welovecycling.com\/sk\/2020\/09\/03\/ako-jazdit-s-tromi-detmi-na-pumptracku\/\" \/>\n<meta property=\"og:locale\" content=\"sk_SK\" \/>\n<meta property=\"og:type\" content=\"article\" \/>\n<meta property=\"og:title\" content=\"Ako jazdi\u0165 s tromi de\u0165mi na pumptracku\" \/>\n<meta property=\"og:description\" content=\"Pre niekoho znamen\u00e1 narodenie die\u0165a\u0165a koniec cyklistiky. To v\u0161ak nie je pr\u00edpad Katar\u00edny T\u00f3thovej, b\u00fdvalej profesion\u00e1lnej downhill cyklistky.\" \/>\n<meta property=\"og:url\" content=\"https:\/\/www.welovecycling.com\/sk\/2020\/09\/03\/ako-jazdit-s-tromi-detmi-na-pumptracku\/\" \/>\n<meta property=\"og:site_name\" content=\"\u0160koda We Love Cycling Slovensko\" \/>\n<meta property=\"article:published_time\" content=\"2020-09-03T08:00:44+00:00\" \/>\n<meta property=\"article:modified_time\" content=\"2023-04-13T09:23:15+00:00\" \/>\n<meta property=\"og:image\" content=\"https:\/\/d2p6e6u75xmxt8.cloudfront.net\/4\/2020\/08\/Katarina-Pump-Track-CVR.webp\" \/>\n\t<meta property=\"og:image:width\" content=\"1366\" \/>\n\t<meta property=\"og:image:height\" content=\"600\" \/>\n\t<meta property=\"og:image:type\" content=\"image\/webp\" \/>\n<meta name=\"author\" content=\"dominika\" \/>\n<meta name=\"twitter:card\" content=\"summary_large_image\" \/>\n<meta name=\"twitter:label1\" content=\"Written by\" \/>\n\t<meta name=\"twitter:data1\" content=\"Adam Marsal\" \/>\n\t<meta name=\"twitter:label2\" content=\"Est. reading time\" \/>\n\t<meta name=\"twitter:data2\" content=\"5\" \/>\n<script type=\"application\/ld+json\" class=\"yoast-schema-graph\">{\"@context\":\"https:\/\/schema.org\",\"@graph\":[{\"@type\":\"WebPage\",\"@id\":\"https:\/\/www.welovecycling.com\/sk\/2020\/09\/03\/ako-jazdit-s-tromi-detmi-na-pumptracku\/\",\"url\":\"https:\/\/www.welovecycling.com\/sk\/2020\/09\/03\/ako-jazdit-s-tromi-detmi-na-pumptracku\/\",\"name\":\"Ako jazdi\u0165 s tromi de\u0165mi na pumptracku\",\"isPartOf\":{\"@id\":\"https:\/\/www.welovecycling.com\/sk\/#website\"},\"primaryImageOfPage\":{\"@id\":\"https:\/\/www.welovecycling.com\/sk\/2020\/09\/03\/ako-jazdit-s-tromi-detmi-na-pumptracku\/#primaryimage\"},\"image\":{\"@id\":\"https:\/\/www.welovecycling.com\/sk\/2020\/09\/03\/ako-jazdit-s-tromi-detmi-na-pumptracku\/#primaryimage\"},\"thumbnailUrl\":\"https:\/\/d2p6e6u75xmxt8.cloudfront.net\/4\/2020\/08\/Katarina-Pump-Track-CVR.webp\",\"datePublished\":\"2020-09-03T08:00:44+00:00\",\"dateModified\":\"2023-04-13T09:23:15+00:00\",\"author\":{\"@id\":\"https:\/\/www.welovecycling.com\/sk\/#\/schema\/person\/533b62b98b6c41bd5135ebfb1f742624\"},\"description\":\"Pre niekoho znamen\u00e1 narodenie die\u0165a\u0165a koniec cyklistiky. To v\u0161ak nie je pr\u00edpad Katar\u00edny T\u00f3thovej, b\u00fdvalej profesion\u00e1lnej downhill cyklistky.\",\"breadcrumb\":{\"@id\":\"https:\/\/www.welovecycling.com\/sk\/2020\/09\/03\/ako-jazdit-s-tromi-detmi-na-pumptracku\/#breadcrumb\"},\"inLanguage\":\"sk-SK\",\"potentialAction\":[{\"@type\":\"ReadAction\",\"target\":[\"https:\/\/www.welovecycling.com\/sk\/2020\/09\/03\/ako-jazdit-s-tromi-detmi-na-pumptracku\/\"]}]},{\"@type\":\"ImageObject\",\"inLanguage\":\"sk-SK\",\"@id\":\"https:\/\/www.welovecycling.com\/sk\/2020\/09\/03\/ako-jazdit-s-tromi-detmi-na-pumptracku\/#primaryimage\",\"url\":\"https:\/\/d2p6e6u75xmxt8.cloudfront.net\/4\/2020\/08\/Katarina-Pump-Track-CVR.webp\",\"contentUrl\":\"https:\/\/d2p6e6u75xmxt8.cloudfront.net\/4\/2020\/08\/Katarina-Pump-Track-CVR.webp\",\"width\":1366,\"height\":600,\"caption\":\"Pump Track with Kids\"},{\"@type\":\"BreadcrumbList\",\"@id\":\"https:\/\/www.welovecycling.com\/sk\/2020\/09\/03\/ako-jazdit-s-tromi-detmi-na-pumptracku\/#breadcrumb\",\"itemListElement\":[{\"@type\":\"ListItem\",\"position\":1,\"name\":\"Home\",\"item\":\"https:\/\/www.welovecycling.com\/sk\/\"},{\"@type\":\"ListItem\",\"position\":2,\"name\":\"Ako jazdi\u0165 s tromi de\u0165mi na pumptracku\"}]},{\"@type\":\"WebSite\",\"@id\":\"https:\/\/www.welovecycling.com\/sk\/#website\",\"url\":\"https:\/\/www.welovecycling.com\/sk\/\",\"name\":\"\u0160koda We Love Cycling Slovensko\",\"description\":\"\u0160koda We Love Cycling Slovensko je v\u00e1\u0161 ka\u017edodenn\u00fd zdroj noviniek a in\u0161pir\u00e1cie z sveta cyklistiky\",\"potentialAction\":[{\"@type\":\"SearchAction\",\"target\":{\"@type\":\"EntryPoint\",\"urlTemplate\":\"https:\/\/www.welovecycling.com\/sk\/?s={search_term_string}\"},\"query-input\":{\"@type\":\"PropertyValueSpecification\",\"valueRequired\":true,\"valueName\":\"search_term_string\"}}],\"inLanguage\":\"sk-SK\"},{\"@type\":\"Person\",\"@id\":\"https:\/\/www.welovecycling.com\/sk\/#\/schema\/person\/533b62b98b6c41bd5135ebfb1f742624\",\"name\":\"dominika\",\"image\":{\"@type\":\"ImageObject\",\"inLanguage\":\"sk-SK\",\"@id\":\"https:\/\/www.welovecycling.com\/sk\/#\/schema\/person\/image\/\",\"url\":\"https:\/\/secure.gravatar.com\/avatar\/ded6f274ba2ec3e17fff153f7d9d96a4b33c2cb63907f75d9a5309c599a7f3e6?s=96&d=mm&r=g\",\"contentUrl\":\"https:\/\/secure.gravatar.com\/avatar\/ded6f274ba2ec3e17fff153f7d9d96a4b33c2cb63907f75d9a5309c599a7f3e6?s=96&d=mm&r=g\",\"caption\":\"dominika\"},\"url\":\"https:\/\/www.welovecycling.com\/sk\/author\/dominika\/\"}]}<\/script>\n<!-- \/ Yoast SEO Premium plugin. -->","yoast_head_json":{"title":"Ako jazdi\u0165 s tromi de\u0165mi na pumptracku","description":"Pre niekoho znamen\u00e1 narodenie die\u0165a\u0165a koniec cyklistiky. To v\u0161ak nie je pr\u00edpad Katar\u00edny T\u00f3thovej, b\u00fdvalej profesion\u00e1lnej downhill cyklistky.","robots":{"index":"index","follow":"follow","max-snippet":"max-snippet:-1","max-image-preview":"max-image-preview:large","max-video-preview":"max-video-preview:-1"},"canonical":"https:\/\/www.welovecycling.com\/sk\/2020\/09\/03\/ako-jazdit-s-tromi-detmi-na-pumptracku\/","og_locale":"sk_SK","og_type":"article","og_title":"Ako jazdi\u0165 s tromi de\u0165mi na pumptracku","og_description":"Pre niekoho znamen\u00e1 narodenie die\u0165a\u0165a koniec cyklistiky. To v\u0161ak nie je pr\u00edpad Katar\u00edny T\u00f3thovej, b\u00fdvalej profesion\u00e1lnej downhill cyklistky.","og_url":"https:\/\/www.welovecycling.com\/sk\/2020\/09\/03\/ako-jazdit-s-tromi-detmi-na-pumptracku\/","og_site_name":"\u0160koda We Love Cycling Slovensko","article_published_time":"2020-09-03T08:00:44+00:00","article_modified_time":"2023-04-13T09:23:15+00:00","og_image":[{"width":1366,"height":600,"url":"https:\/\/d2p6e6u75xmxt8.cloudfront.net\/4\/2020\/08\/Katarina-Pump-Track-CVR.webp","type":"image\/webp"}],"author":"dominika","twitter_card":"summary_large_image","twitter_misc":{"Written by":"Adam Marsal","Est. reading time":"5"},"schema":{"@context":"https:\/\/schema.org","@graph":[{"@type":"WebPage","@id":"https:\/\/www.welovecycling.com\/sk\/2020\/09\/03\/ako-jazdit-s-tromi-detmi-na-pumptracku\/","url":"https:\/\/www.welovecycling.com\/sk\/2020\/09\/03\/ako-jazdit-s-tromi-detmi-na-pumptracku\/","name":"Ako jazdi\u0165 s tromi de\u0165mi na pumptracku","isPartOf":{"@id":"https:\/\/www.welovecycling.com\/sk\/#website"},"primaryImageOfPage":{"@id":"https:\/\/www.welovecycling.com\/sk\/2020\/09\/03\/ako-jazdit-s-tromi-detmi-na-pumptracku\/#primaryimage"},"image":{"@id":"https:\/\/www.welovecycling.com\/sk\/2020\/09\/03\/ako-jazdit-s-tromi-detmi-na-pumptracku\/#primaryimage"},"thumbnailUrl":"https:\/\/d2p6e6u75xmxt8.cloudfront.net\/4\/2020\/08\/Katarina-Pump-Track-CVR.webp","datePublished":"2020-09-03T08:00:44+00:00","dateModified":"2023-04-13T09:23:15+00:00","author":{"@id":"https:\/\/www.welovecycling.com\/sk\/#\/schema\/person\/533b62b98b6c41bd5135ebfb1f742624"},"description":"Pre niekoho znamen\u00e1 narodenie die\u0165a\u0165a koniec cyklistiky. To v\u0161ak nie je pr\u00edpad Katar\u00edny T\u00f3thovej, b\u00fdvalej profesion\u00e1lnej downhill cyklistky.","breadcrumb":{"@id":"https:\/\/www.welovecycling.com\/sk\/2020\/09\/03\/ako-jazdit-s-tromi-detmi-na-pumptracku\/#breadcrumb"},"inLanguage":"sk-SK","potentialAction":[{"@type":"ReadAction","target":["https:\/\/www.welovecycling.com\/sk\/2020\/09\/03\/ako-jazdit-s-tromi-detmi-na-pumptracku\/"]}]},{"@type":"ImageObject","inLanguage":"sk-SK","@id":"https:\/\/www.welovecycling.com\/sk\/2020\/09\/03\/ako-jazdit-s-tromi-detmi-na-pumptracku\/#primaryimage","url":"https:\/\/d2p6e6u75xmxt8.cloudfront.net\/4\/2020\/08\/Katarina-Pump-Track-CVR.webp","contentUrl":"https:\/\/d2p6e6u75xmxt8.cloudfront.net\/4\/2020\/08\/Katarina-Pump-Track-CVR.webp","width":1366,"height":600,"caption":"Pump Track with Kids"},{"@type":"BreadcrumbList","@id":"https:\/\/www.welovecycling.com\/sk\/2020\/09\/03\/ako-jazdit-s-tromi-detmi-na-pumptracku\/#breadcrumb","itemListElement":[{"@type":"ListItem","position":1,"name":"Home","item":"https:\/\/www.welovecycling.com\/sk\/"},{"@type":"ListItem","position":2,"name":"Ako jazdi\u0165 s tromi de\u0165mi na pumptracku"}]},{"@type":"WebSite","@id":"https:\/\/www.welovecycling.com\/sk\/#website","url":"https:\/\/www.welovecycling.com\/sk\/","name":"\u0160koda We Love Cycling Slovensko","description":"\u0160koda We Love Cycling Slovensko je v\u00e1\u0161 ka\u017edodenn\u00fd zdroj noviniek a in\u0161pir\u00e1cie z sveta cyklistiky","potentialAction":[{"@type":"SearchAction","target":{"@type":"EntryPoint","urlTemplate":"https:\/\/www.welovecycling.com\/sk\/?s={search_term_string}"},"query-input":{"@type":"PropertyValueSpecification","valueRequired":true,"valueName":"search_term_string"}}],"inLanguage":"sk-SK"},{"@type":"Person","@id":"https:\/\/www.welovecycling.com\/sk\/#\/schema\/person\/533b62b98b6c41bd5135ebfb1f742624","name":"dominika","image":{"@type":"ImageObject","inLanguage":"sk-SK","@id":"https:\/\/www.welovecycling.com\/sk\/#\/schema\/person\/image\/","url":"https:\/\/secure.gravatar.com\/avatar\/ded6f274ba2ec3e17fff153f7d9d96a4b33c2cb63907f75d9a5309c599a7f3e6?s=96&d=mm&r=g","contentUrl":"https:\/\/secure.gravatar.com\/avatar\/ded6f274ba2ec3e17fff153f7d9d96a4b33c2cb63907f75d9a5309c599a7f3e6?s=96&d=mm&r=g","caption":"dominika"},"url":"https:\/\/www.welovecycling.com\/sk\/author\/dominika\/"}]}},"_links":{"self":[{"href":"https:\/\/www.welovecycling.com\/sk\/wp-json\/wp\/v2\/posts\/10505","targetHints":{"allow":["GET"]}}],"collection":[{"href":"https:\/\/www.welovecycling.com\/sk\/wp-json\/wp\/v2\/posts"}],"about":[{"href":"https:\/\/www.welovecycling.com\/sk\/wp-json\/wp\/v2\/types\/post"}],"author":[{"embeddable":true,"href":"https:\/\/www.welovecycling.com\/sk\/wp-json\/wp\/v2\/users\/172"}],"replies":[{"embeddable":true,"href":"https:\/\/www.welovecycling.com\/sk\/wp-json\/wp\/v2\/comments?post=10505"}],"version-history":[{"count":2,"href":"https:\/\/www.welovecycling.com\/sk\/wp-json\/wp\/v2\/posts\/10505\/revisions"}],"predecessor-version":[{"id":17124,"href":"https:\/\/www.welovecycling.com\/sk\/wp-json\/wp\/v2\/posts\/10505\/revisions\/17124"}],"wp:featuredmedia":[{"embeddable":true,"href":"https:\/\/www.welovecycling.com\/sk\/wp-json\/wp\/v2\/media\/10509"}],"wp:attachment":[{"href":"https:\/\/www.welovecycling.com\/sk\/wp-json\/wp\/v2\/media?parent=10505"}],"wp:term":[{"taxonomy":"category","embeddable":true,"href":"https:\/\/www.welovecycling.com\/sk\/wp-json\/wp\/v2\/categories?post=10505"},{"taxonomy":"post_tag","embeddable":true,"href":"https:\/\/www.welovecycling.com\/sk\/wp-json\/wp\/v2\/tags?post=10505"},{"taxonomy":"global-categories","embeddable":true,"href":"https:\/\/www.welovecycling.com\/sk\/wp-json\/wp\/v2\/global-categories?post=10505"}],"curies":[{"name":"wp","href":"https:\/\/api.w.org\/{rel}","templated":true}]}}