{"id":10473,"date":"2020-08-14T11:00:12","date_gmt":"2020-08-14T09:00:12","guid":{"rendered":"https:\/\/www.welovecycling.com\/sk\/?p=10473"},"modified":"2020-08-12T11:14:26","modified_gmt":"2020-08-12T09:14:26","slug":"reportaz-skoda-horal-mtb-maraton-2020-poriadne-horuci-den","status":"publish","type":"post","link":"https:\/\/www.welovecycling.com\/sk\/2020\/08\/14\/reportaz-skoda-horal-mtb-maraton-2020-poriadne-horuci-den\/","title":{"rendered":"Report\u00e1\u017e: \u0160koda HORAL MTB marat\u00f3n 2020 &#8211; poriadne hor\u00faci de\u0148"},"content":{"rendered":"<p><strong>V\u00a0sobotu 8. 8. 2020 sa konalo tradi\u010dn\u00e9 marat\u00f3nske podujatie v\u00a0oblasti Kr\u00e1\u013eovoho\u013esk\u00fdch N\u00edzkych Tatier. Tentoraz to bolo za mierne in\u00fdch podmienok oproti minul\u00fdm ro\u010dn\u00edkom. Najv\u00e4\u010d\u0161ou zmenou bolo \u201ezru\u0161enie\u201c ikonickej a\u00a0najdlh\u0161ej  trate Krejzi. Ale v\u0161etci sme radi, \u017ee sme sa nakoniec mohli stretn\u00fa\u0165 a zapreteka\u0165 si.<\/strong><!--more--><\/p>\n<div id='gallery-1' class='gallery galleryid-10473 gallery-columns-2 gallery-size-full'><figure class='gallery-item'>\n\t\t\t<div class='gallery-icon landscape'>\n\t\t\t\t<a href='https:\/\/d2p6e6u75xmxt8.cloudfront.net\/4\/2020\/08\/WLC_Horal_2020_01.webp'><img loading=\"lazy\" decoding=\"async\" width=\"1200\" height=\"800\" src=\"https:\/\/d2p6e6u75xmxt8.cloudfront.net\/4\/2020\/08\/WLC_Horal_2020_01.webp\" class=\"attachment-full size-full\" alt=\"\" srcset=\"https:\/\/d2p6e6u75xmxt8.cloudfront.net\/4\/2020\/08\/WLC_Horal_2020_01.webp 1200w, https:\/\/d2p6e6u75xmxt8.cloudfront.net\/4\/2020\/08\/WLC_Horal_2020_01-300x200.webp 300w, https:\/\/d2p6e6u75xmxt8.cloudfront.net\/4\/2020\/08\/WLC_Horal_2020_01-1024x683.webp 1024w, https:\/\/d2p6e6u75xmxt8.cloudfront.net\/4\/2020\/08\/WLC_Horal_2020_01-768x512.webp 768w, https:\/\/d2p6e6u75xmxt8.cloudfront.net\/4\/2020\/08\/WLC_Horal_2020_01-272x182.webp 272w\" sizes=\"auto, (max-width: 1200px) 100vw, 1200px\" \/><\/a>\n\t\t\t<\/div><\/figure><figure class='gallery-item'>\n\t\t\t<div class='gallery-icon landscape'>\n\t\t\t\t<a href='https:\/\/d2p6e6u75xmxt8.cloudfront.net\/4\/2020\/08\/WLC_Horal_2020_03.webp'><img loading=\"lazy\" decoding=\"async\" width=\"1200\" height=\"800\" src=\"https:\/\/d2p6e6u75xmxt8.cloudfront.net\/4\/2020\/08\/WLC_Horal_2020_03.webp\" class=\"attachment-full size-full\" alt=\"\" srcset=\"https:\/\/d2p6e6u75xmxt8.cloudfront.net\/4\/2020\/08\/WLC_Horal_2020_03.webp 1200w, https:\/\/d2p6e6u75xmxt8.cloudfront.net\/4\/2020\/08\/WLC_Horal_2020_03-300x200.webp 300w, https:\/\/d2p6e6u75xmxt8.cloudfront.net\/4\/2020\/08\/WLC_Horal_2020_03-1024x683.webp 1024w, https:\/\/d2p6e6u75xmxt8.cloudfront.net\/4\/2020\/08\/WLC_Horal_2020_03-768x512.webp 768w, https:\/\/d2p6e6u75xmxt8.cloudfront.net\/4\/2020\/08\/WLC_Horal_2020_03-272x182.webp 272w\" sizes=\"auto, (max-width: 1200px) 100vw, 1200px\" \/><\/a>\n\t\t\t<\/div><\/figure>\n\t\t<\/div>\n\n<p>Rosni\u010dky v predpovedi po\u010dasia dopredu <strong>hl\u00e1sila ve\u013emi hor\u00face po\u010dasie<\/strong>, ktor\u00e9 nakoniec aj pri\u0161lo. Jazdci si z\u00a0minul\u00fdch ro\u010dn\u00edkov ur\u010dite pam\u00e4taj\u00fa r\u00f4zne extr\u00e9my po\u010dasia. Tak\u00e9to podmienky s\u00edce neboli extra pr\u00edjemn\u00e9, najm\u00e4 pre jazdcov z\u00a0dlh\u0161\u00edch trat\u00ed. Mo\u017eno si aj \u017eelali, aby aspo\u0148 trochu sp\u0155chlo. No nedo\u010dkali sa. \ud83d\ude0a<\/p>\n<p><a href=\"https:\/\/d2p6e6u75xmxt8.cloudfront.net\/4\/2020\/08\/WLC_Horal_2020_02.jpg\"><img loading=\"lazy\" decoding=\"async\" src=\"https:\/\/d2p6e6u75xmxt8.cloudfront.net\/4\/2020\/08\/WLC_Horal_2020_02.jpg\" alt=\"\" width=\"1200\" height=\"800\" class=\"alignnone size-full wp-image-10476\" \/><\/a><br \/>\nV\u00a0sobotu r\u00e1no o\u00a08:30 od\u0161tartovala prv\u00e1 vlna, najdlh\u0161ia tra\u0165 s\u00a0n\u00e1zvom <strong>LEJZI<\/strong> &#8211; d\u013a\u017eka 80 km a\u00a0prev\u00fd\u0161enie 2 500 m. N\u00e1sledne o\u00a0hodinu tra\u0165 <strong>SENZI<\/strong> s\u00a0d\u013a\u017ekou 48 km a\u00a0prev\u00fd\u0161en\u00edm 1 500 m. O\u00a010:00 \u0161tartovala tra\u0165 s\u00a0n\u00e1zvom <strong>\u00cdZI<\/strong> a\u00a0d\u013a\u017ekou 33 km. A\u00a0nakoniec to bola rodinn\u00e1 tra\u0165 <strong>DEJZI<\/strong> s\u00a0d\u013a\u017ekou 17 km. Vybra\u0165 si teda mohol ka\u017ed\u00fd.<\/p>\n<div id='gallery-2' class='gallery galleryid-10473 gallery-columns-2 gallery-size-full'><figure class='gallery-item'>\n\t\t\t<div class='gallery-icon landscape'>\n\t\t\t\t<a href='https:\/\/d2p6e6u75xmxt8.cloudfront.net\/4\/2020\/08\/WLC_Horal_2020_04.webp'><img loading=\"lazy\" decoding=\"async\" width=\"1200\" height=\"800\" src=\"https:\/\/d2p6e6u75xmxt8.cloudfront.net\/4\/2020\/08\/WLC_Horal_2020_04.webp\" class=\"attachment-full size-full\" alt=\"\" srcset=\"https:\/\/d2p6e6u75xmxt8.cloudfront.net\/4\/2020\/08\/WLC_Horal_2020_04.webp 1200w, https:\/\/d2p6e6u75xmxt8.cloudfront.net\/4\/2020\/08\/WLC_Horal_2020_04-300x200.webp 300w, https:\/\/d2p6e6u75xmxt8.cloudfront.net\/4\/2020\/08\/WLC_Horal_2020_04-1024x683.webp 1024w, https:\/\/d2p6e6u75xmxt8.cloudfront.net\/4\/2020\/08\/WLC_Horal_2020_04-768x512.webp 768w, https:\/\/d2p6e6u75xmxt8.cloudfront.net\/4\/2020\/08\/WLC_Horal_2020_04-272x182.webp 272w\" sizes=\"auto, (max-width: 1200px) 100vw, 1200px\" \/><\/a>\n\t\t\t<\/div><\/figure><figure class='gallery-item'>\n\t\t\t<div class='gallery-icon landscape'>\n\t\t\t\t<a href='https:\/\/d2p6e6u75xmxt8.cloudfront.net\/4\/2020\/08\/WLC_Horal_2020_05.webp'><img loading=\"lazy\" decoding=\"async\" width=\"1200\" height=\"800\" src=\"https:\/\/d2p6e6u75xmxt8.cloudfront.net\/4\/2020\/08\/WLC_Horal_2020_05.webp\" class=\"attachment-full size-full\" alt=\"\" srcset=\"https:\/\/d2p6e6u75xmxt8.cloudfront.net\/4\/2020\/08\/WLC_Horal_2020_05.webp 1200w, https:\/\/d2p6e6u75xmxt8.cloudfront.net\/4\/2020\/08\/WLC_Horal_2020_05-300x200.webp 300w, https:\/\/d2p6e6u75xmxt8.cloudfront.net\/4\/2020\/08\/WLC_Horal_2020_05-1024x683.webp 1024w, https:\/\/d2p6e6u75xmxt8.cloudfront.net\/4\/2020\/08\/WLC_Horal_2020_05-768x512.webp 768w, https:\/\/d2p6e6u75xmxt8.cloudfront.net\/4\/2020\/08\/WLC_Horal_2020_05-272x182.webp 272w\" sizes=\"auto, (max-width: 1200px) 100vw, 1200px\" \/><\/a>\n\t\t\t<\/div><\/figure>\n\t\t<\/div>\n\n<h2><strong>Hor\u00fa\u010dava a\u00a0super tra\u0165<\/strong><\/h2>\n<p>Podmienky na trati boli ve\u013emi such\u00e9 a\u00a0r\u00fdchle, preto jazdci prich\u00e1dzali do cie\u013ea takmer \u010dist\u00ed. Kv\u00f4li vysok\u00fdm teplot\u00e1m bolo potrebn\u00e9 <strong>dodr\u017eiava\u0165 pitn\u00fd re\u017eim, na ktor\u00fd upozor\u0148ovali aj organiz\u00e1tori<\/strong>. O\u00a0t\u00fato z\u00e1kladn\u00fa potrebu sa starali aj ob\u010derstvova\u010dky rozmiestnen\u00e9 na trase.  Tra\u0165 bola dobre zna\u010den\u00e1 a na takmer ka\u017edej odbo\u010dke alebo kri\u017eovatke sa nach\u00e1dzali regulov\u010d\u00edkovia, ktor\u00ed usmer\u0148ovali cyklistov. <\/p>\n<p>Po pr\u00edchode do cie\u013ea na v\u0161etk\u00fdch \u010dakala <strong>pr\u00edjemn\u00e1 atmosf\u00e9ra, vynikaj\u00faci gul\u00e1\u0161 a\u00a0studen\u00e9 osvie\u017eenie<\/strong> v\u00a0podobe piva \u010di nealko n\u00e1poja. V\u00a0depe sa taktie\u017e nach\u00e1dzali wapky, ktor\u00e9 s\u00edce tento rok ve\u013emi potrebn\u00e9 neboli, ale organiz\u00e1tori po\u010d\u00edtali so v\u0161etk\u00fdm.<\/p>\n<div id='gallery-3' class='gallery galleryid-10473 gallery-columns-2 gallery-size-full'><figure class='gallery-item'>\n\t\t\t<div class='gallery-icon landscape'>\n\t\t\t\t<a href='https:\/\/d2p6e6u75xmxt8.cloudfront.net\/4\/2020\/08\/WLC_Horal_2020_06.webp'><img loading=\"lazy\" decoding=\"async\" width=\"1200\" height=\"800\" src=\"https:\/\/d2p6e6u75xmxt8.cloudfront.net\/4\/2020\/08\/WLC_Horal_2020_06.webp\" class=\"attachment-full size-full\" alt=\"\" srcset=\"https:\/\/d2p6e6u75xmxt8.cloudfront.net\/4\/2020\/08\/WLC_Horal_2020_06.webp 1200w, https:\/\/d2p6e6u75xmxt8.cloudfront.net\/4\/2020\/08\/WLC_Horal_2020_06-300x200.webp 300w, https:\/\/d2p6e6u75xmxt8.cloudfront.net\/4\/2020\/08\/WLC_Horal_2020_06-1024x683.webp 1024w, https:\/\/d2p6e6u75xmxt8.cloudfront.net\/4\/2020\/08\/WLC_Horal_2020_06-768x512.webp 768w, https:\/\/d2p6e6u75xmxt8.cloudfront.net\/4\/2020\/08\/WLC_Horal_2020_06-272x182.webp 272w\" sizes=\"auto, (max-width: 1200px) 100vw, 1200px\" \/><\/a>\n\t\t\t<\/div><\/figure><figure class='gallery-item'>\n\t\t\t<div class='gallery-icon landscape'>\n\t\t\t\t<a href='https:\/\/d2p6e6u75xmxt8.cloudfront.net\/4\/2020\/08\/WLC_Horal_2020_07.webp'><img loading=\"lazy\" decoding=\"async\" width=\"1200\" height=\"800\" src=\"https:\/\/d2p6e6u75xmxt8.cloudfront.net\/4\/2020\/08\/WLC_Horal_2020_07.webp\" class=\"attachment-full size-full\" alt=\"\" srcset=\"https:\/\/d2p6e6u75xmxt8.cloudfront.net\/4\/2020\/08\/WLC_Horal_2020_07.webp 1200w, https:\/\/d2p6e6u75xmxt8.cloudfront.net\/4\/2020\/08\/WLC_Horal_2020_07-300x200.webp 300w, https:\/\/d2p6e6u75xmxt8.cloudfront.net\/4\/2020\/08\/WLC_Horal_2020_07-1024x683.webp 1024w, https:\/\/d2p6e6u75xmxt8.cloudfront.net\/4\/2020\/08\/WLC_Horal_2020_07-768x512.webp 768w, https:\/\/d2p6e6u75xmxt8.cloudfront.net\/4\/2020\/08\/WLC_Horal_2020_07-272x182.webp 272w\" sizes=\"auto, (max-width: 1200px) 100vw, 1200px\" \/><\/a>\n\t\t\t<\/div><\/figure>\n\t\t<\/div>\n\n<h2><strong>Kto vyhral? No predsa v\u0161etci!<\/strong><\/h2>\n<p>Najdlh\u0161iu tohtoro\u010dn\u00fa tra\u0165 Lejzi zdolal v\u00a0najlep\u0161om \u010dase <strong>J\u00e1n Hal\u00edk<\/strong> s\u00a0\u010dasom 3:28:40. Tra\u0165 Senzi vyhral <strong>Radovan B\u00edro\u0161<\/strong> s\u00a0\u010dasom 2:02:14 a\u00a0zo \u017eien vyhrala <strong>Zuzana Juhasov\u00e1<\/strong> s\u00a0\u010dasom 2:31:42. Tra\u0165 \u00cdzi ovl\u00e1dol <strong>Mat\u00fa\u0161 Mikulec<\/strong> s\u00a0\u010dasom 1:30:23, ktor\u00fd patr\u00ed do kateg\u00f3rie kadetov vo veku 15-16 rokov. Rastie n\u00e1m tu nov\u00fd talent slovenskej cyklistiky? \ud83d\ude0a <\/p>\n<p><a href=\"https:\/\/d2p6e6u75xmxt8.cloudfront.net\/4\/2020\/08\/WLC_Horal_2020_08.jpg\"><img loading=\"lazy\" decoding=\"async\" src=\"https:\/\/d2p6e6u75xmxt8.cloudfront.net\/4\/2020\/08\/WLC_Horal_2020_08.jpg\" alt=\"\" width=\"1200\" height=\"800\" class=\"alignnone size-full wp-image-10482\" \/><\/a><br \/>\nV\u00ed\u0165azmi sa v\u0161ak stali v\u0161etci z\u00fa\u010dastnen\u00ed, ktor\u00ed sa prekonali, sadli v\u00a0tento de\u0148 na bicykel a\u00a0<strong>u\u017eili si jednu pekn\u00fa sobotu na podujat\u00ed \u0160koda HORAL MTB marat\u00f3n 2020<\/strong>.<\/p>\n<p><a href=\"https:\/\/d2p6e6u75xmxt8.cloudfront.net\/4\/2020\/08\/WLC_Horal_2020_09.jpg\"><img loading=\"lazy\" decoding=\"async\" src=\"https:\/\/d2p6e6u75xmxt8.cloudfront.net\/4\/2020\/08\/WLC_Horal_2020_09.jpg\" alt=\"\" width=\"1200\" height=\"800\" class=\"alignnone size-full wp-image-10483\" \/><\/a><br \/>\nV\u0161etky fotografie z\u00a0t\u00fdchto pretekov n\u00e1jdete na <a href=\"https:\/\/www.welovecycling.com\/sk\/?p=10490&#038;preview=true\" rel=\"noopener noreferrer\" target=\"_blank\">tomto odkaze<\/a>. <\/p>\n<p>\u010eal\u0161ie podujatie zo s\u00e9rie \u0160koda BIKE OPEN TOUR sa uskuto\u010dni <strong>05. septembra v\u00a0Slovenskom raji<\/strong>. V\u0161etci organiz\u00e1tori sa na v\u00e1s u\u017e te\u0161ia a my z WeLoveCycling tam budeme tie\u017e.<\/p>\n","protected":false},"excerpt":{"rendered":"<p>V\u00a0sobotu 8. 8. 2020 sa konalo tradi\u010dn\u00e9 marat\u00f3nske podujatie v\u00a0oblasti Kr\u00e1\u013eovoho\u013esk\u00fdch N\u00edzkych Tatier. Tentoraz to bolo za mierne in\u00fdch podmienok [&hellip;]<\/p>\n","protected":false},"author":81,"featured_media":10474,"comment_status":"open","ping_status":"open","sticky":false,"template":"","format":"standard","meta":{"footnotes":""},"categories":[38,33],"tags":[559,53,180,532,412,600,474,542,1009,35,214,271,92,1244,269,880,183,623,475],"global-categories":[1074],"class_list":["post-10473","post","type-post","status-publish","format-standard","has-post-thumbnail","hentry","category-reportaz","category-sbot","tag-bicykel","tag-deti","tag-horska-cyklistika","tag-jazdenie","tag-mtb","tag-muzi","tag-rodinny-maraton","tag-skoda","tag-skoda-auto","tag-sbot","tag-skoda-horal-mtb-maraton","tag-skoda-slovensky-raj","tag-skoda-tim","tag-tombola","tag-vitaz","tag-welovecycling","tag-zabava","tag-zdravy-zivotny-styl","tag-zeny","global-categories-cycling"],"yoast_head":"<!-- This site is optimized with the Yoast SEO Premium plugin v25.3 (Yoast SEO v25.9) - https:\/\/yoast.com\/wordpress\/plugins\/seo\/ -->\n<title>Report\u00e1\u017e: \u0160koda HORAL MTB marat\u00f3n 2020 - poriadne hor\u00faci de\u0148 - \u0160koda We Love Cycling Slovensko<\/title>\n<meta name=\"robots\" content=\"index, follow, max-snippet:-1, max-image-preview:large, max-video-preview:-1\" \/>\n<link rel=\"canonical\" href=\"https:\/\/www.welovecycling.com\/sk\/2020\/08\/14\/reportaz-skoda-horal-mtb-maraton-2020-poriadne-horuci-den\/\" \/>\n<meta property=\"og:locale\" content=\"sk_SK\" \/>\n<meta property=\"og:type\" content=\"article\" \/>\n<meta property=\"og:title\" content=\"Report\u00e1\u017e: \u0160koda HORAL MTB marat\u00f3n 2020 - poriadne hor\u00faci de\u0148\" \/>\n<meta property=\"og:description\" content=\"V\u00a0sobotu 8. 8. 2020 sa konalo tradi\u010dn\u00e9 marat\u00f3nske podujatie v\u00a0oblasti Kr\u00e1\u013eovoho\u013esk\u00fdch N\u00edzkych Tatier. Tentoraz to bolo za mierne in\u00fdch podmienok [&hellip;]\" \/>\n<meta property=\"og:url\" content=\"https:\/\/www.welovecycling.com\/sk\/2020\/08\/14\/reportaz-skoda-horal-mtb-maraton-2020-poriadne-horuci-den\/\" \/>\n<meta property=\"og:site_name\" content=\"\u0160koda We Love Cycling Slovensko\" \/>\n<meta property=\"article:published_time\" content=\"2020-08-14T09:00:12+00:00\" \/>\n<meta property=\"og:image\" content=\"https:\/\/d2p6e6u75xmxt8.cloudfront.net\/4\/2020\/08\/WLC_Horal_2020_00.webp\" \/>\n\t<meta property=\"og:image:width\" content=\"1380\" \/>\n\t<meta property=\"og:image:height\" content=\"600\" \/>\n\t<meta property=\"og:image:type\" content=\"image\/webp\" \/>\n<meta name=\"twitter:card\" content=\"summary_large_image\" \/>\n<meta name=\"twitter:label1\" content=\"Written by\" \/>\n\t<meta name=\"twitter:data1\" content=\"WeLoveCycling\" \/>\n\t<meta name=\"twitter:label2\" content=\"Est. reading time\" \/>\n\t<meta name=\"twitter:data2\" content=\"2\" \/>\n<script type=\"application\/ld+json\" class=\"yoast-schema-graph\">{\"@context\":\"https:\/\/schema.org\",\"@graph\":[{\"@type\":\"WebPage\",\"@id\":\"https:\/\/www.welovecycling.com\/sk\/2020\/08\/14\/reportaz-skoda-horal-mtb-maraton-2020-poriadne-horuci-den\/\",\"url\":\"https:\/\/www.welovecycling.com\/sk\/2020\/08\/14\/reportaz-skoda-horal-mtb-maraton-2020-poriadne-horuci-den\/\",\"name\":\"Report\u00e1\u017e: \u0160koda HORAL MTB marat\u00f3n 2020 - poriadne hor\u00faci de\u0148 - \u0160koda We Love Cycling Slovensko\",\"isPartOf\":{\"@id\":\"https:\/\/www.welovecycling.com\/sk\/#website\"},\"primaryImageOfPage\":{\"@id\":\"https:\/\/www.welovecycling.com\/sk\/2020\/08\/14\/reportaz-skoda-horal-mtb-maraton-2020-poriadne-horuci-den\/#primaryimage\"},\"image\":{\"@id\":\"https:\/\/www.welovecycling.com\/sk\/2020\/08\/14\/reportaz-skoda-horal-mtb-maraton-2020-poriadne-horuci-den\/#primaryimage\"},\"thumbnailUrl\":\"https:\/\/d2p6e6u75xmxt8.cloudfront.net\/4\/2020\/08\/WLC_Horal_2020_00.webp\",\"datePublished\":\"2020-08-14T09:00:12+00:00\",\"author\":{\"@id\":\"\"},\"breadcrumb\":{\"@id\":\"https:\/\/www.welovecycling.com\/sk\/2020\/08\/14\/reportaz-skoda-horal-mtb-maraton-2020-poriadne-horuci-den\/#breadcrumb\"},\"inLanguage\":\"sk-SK\",\"potentialAction\":[{\"@type\":\"ReadAction\",\"target\":[\"https:\/\/www.welovecycling.com\/sk\/2020\/08\/14\/reportaz-skoda-horal-mtb-maraton-2020-poriadne-horuci-den\/\"]}]},{\"@type\":\"ImageObject\",\"inLanguage\":\"sk-SK\",\"@id\":\"https:\/\/www.welovecycling.com\/sk\/2020\/08\/14\/reportaz-skoda-horal-mtb-maraton-2020-poriadne-horuci-den\/#primaryimage\",\"url\":\"https:\/\/d2p6e6u75xmxt8.cloudfront.net\/4\/2020\/08\/WLC_Horal_2020_00.webp\",\"contentUrl\":\"https:\/\/d2p6e6u75xmxt8.cloudfront.net\/4\/2020\/08\/WLC_Horal_2020_00.webp\",\"width\":1380,\"height\":600},{\"@type\":\"BreadcrumbList\",\"@id\":\"https:\/\/www.welovecycling.com\/sk\/2020\/08\/14\/reportaz-skoda-horal-mtb-maraton-2020-poriadne-horuci-den\/#breadcrumb\",\"itemListElement\":[{\"@type\":\"ListItem\",\"position\":1,\"name\":\"Home\",\"item\":\"https:\/\/www.welovecycling.com\/sk\/\"},{\"@type\":\"ListItem\",\"position\":2,\"name\":\"Report\u00e1\u017e: \u0160koda HORAL MTB marat\u00f3n 2020 &#8211; poriadne hor\u00faci de\u0148\"}]},{\"@type\":\"WebSite\",\"@id\":\"https:\/\/www.welovecycling.com\/sk\/#website\",\"url\":\"https:\/\/www.welovecycling.com\/sk\/\",\"name\":\"\u0160koda We Love Cycling Slovensko\",\"description\":\"\u0160koda We Love Cycling Slovensko je v\u00e1\u0161 ka\u017edodenn\u00fd zdroj noviniek a in\u0161pir\u00e1cie z sveta cyklistiky\",\"potentialAction\":[{\"@type\":\"SearchAction\",\"target\":{\"@type\":\"EntryPoint\",\"urlTemplate\":\"https:\/\/www.welovecycling.com\/sk\/?s={search_term_string}\"},\"query-input\":{\"@type\":\"PropertyValueSpecification\",\"valueRequired\":true,\"valueName\":\"search_term_string\"}}],\"inLanguage\":\"sk-SK\"},{\"@type\":\"Person\",\"@id\":\"\",\"url\":\"https:\/\/www.welovecycling.com\/sk\/author\/\"}]}<\/script>\n<!-- \/ Yoast SEO Premium plugin. -->","yoast_head_json":{"title":"Report\u00e1\u017e: \u0160koda HORAL MTB marat\u00f3n 2020 - poriadne hor\u00faci de\u0148 - \u0160koda We Love Cycling Slovensko","robots":{"index":"index","follow":"follow","max-snippet":"max-snippet:-1","max-image-preview":"max-image-preview:large","max-video-preview":"max-video-preview:-1"},"canonical":"https:\/\/www.welovecycling.com\/sk\/2020\/08\/14\/reportaz-skoda-horal-mtb-maraton-2020-poriadne-horuci-den\/","og_locale":"sk_SK","og_type":"article","og_title":"Report\u00e1\u017e: \u0160koda HORAL MTB marat\u00f3n 2020 - poriadne hor\u00faci de\u0148","og_description":"V\u00a0sobotu 8. 8. 2020 sa konalo tradi\u010dn\u00e9 marat\u00f3nske podujatie v\u00a0oblasti Kr\u00e1\u013eovoho\u013esk\u00fdch N\u00edzkych Tatier. Tentoraz to bolo za mierne in\u00fdch podmienok [&hellip;]","og_url":"https:\/\/www.welovecycling.com\/sk\/2020\/08\/14\/reportaz-skoda-horal-mtb-maraton-2020-poriadne-horuci-den\/","og_site_name":"\u0160koda We Love Cycling Slovensko","article_published_time":"2020-08-14T09:00:12+00:00","og_image":[{"width":1380,"height":600,"url":"https:\/\/d2p6e6u75xmxt8.cloudfront.net\/4\/2020\/08\/WLC_Horal_2020_00.webp","type":"image\/webp"}],"twitter_card":"summary_large_image","twitter_misc":{"Written by":"WeLoveCycling","Est. reading time":"2"},"schema":{"@context":"https:\/\/schema.org","@graph":[{"@type":"WebPage","@id":"https:\/\/www.welovecycling.com\/sk\/2020\/08\/14\/reportaz-skoda-horal-mtb-maraton-2020-poriadne-horuci-den\/","url":"https:\/\/www.welovecycling.com\/sk\/2020\/08\/14\/reportaz-skoda-horal-mtb-maraton-2020-poriadne-horuci-den\/","name":"Report\u00e1\u017e: \u0160koda HORAL MTB marat\u00f3n 2020 - poriadne hor\u00faci de\u0148 - \u0160koda We Love Cycling Slovensko","isPartOf":{"@id":"https:\/\/www.welovecycling.com\/sk\/#website"},"primaryImageOfPage":{"@id":"https:\/\/www.welovecycling.com\/sk\/2020\/08\/14\/reportaz-skoda-horal-mtb-maraton-2020-poriadne-horuci-den\/#primaryimage"},"image":{"@id":"https:\/\/www.welovecycling.com\/sk\/2020\/08\/14\/reportaz-skoda-horal-mtb-maraton-2020-poriadne-horuci-den\/#primaryimage"},"thumbnailUrl":"https:\/\/d2p6e6u75xmxt8.cloudfront.net\/4\/2020\/08\/WLC_Horal_2020_00.webp","datePublished":"2020-08-14T09:00:12+00:00","author":{"@id":""},"breadcrumb":{"@id":"https:\/\/www.welovecycling.com\/sk\/2020\/08\/14\/reportaz-skoda-horal-mtb-maraton-2020-poriadne-horuci-den\/#breadcrumb"},"inLanguage":"sk-SK","potentialAction":[{"@type":"ReadAction","target":["https:\/\/www.welovecycling.com\/sk\/2020\/08\/14\/reportaz-skoda-horal-mtb-maraton-2020-poriadne-horuci-den\/"]}]},{"@type":"ImageObject","inLanguage":"sk-SK","@id":"https:\/\/www.welovecycling.com\/sk\/2020\/08\/14\/reportaz-skoda-horal-mtb-maraton-2020-poriadne-horuci-den\/#primaryimage","url":"https:\/\/d2p6e6u75xmxt8.cloudfront.net\/4\/2020\/08\/WLC_Horal_2020_00.webp","contentUrl":"https:\/\/d2p6e6u75xmxt8.cloudfront.net\/4\/2020\/08\/WLC_Horal_2020_00.webp","width":1380,"height":600},{"@type":"BreadcrumbList","@id":"https:\/\/www.welovecycling.com\/sk\/2020\/08\/14\/reportaz-skoda-horal-mtb-maraton-2020-poriadne-horuci-den\/#breadcrumb","itemListElement":[{"@type":"ListItem","position":1,"name":"Home","item":"https:\/\/www.welovecycling.com\/sk\/"},{"@type":"ListItem","position":2,"name":"Report\u00e1\u017e: \u0160koda HORAL MTB marat\u00f3n 2020 &#8211; poriadne hor\u00faci de\u0148"}]},{"@type":"WebSite","@id":"https:\/\/www.welovecycling.com\/sk\/#website","url":"https:\/\/www.welovecycling.com\/sk\/","name":"\u0160koda We Love Cycling Slovensko","description":"\u0160koda We Love Cycling Slovensko je v\u00e1\u0161 ka\u017edodenn\u00fd zdroj noviniek a in\u0161pir\u00e1cie z sveta cyklistiky","potentialAction":[{"@type":"SearchAction","target":{"@type":"EntryPoint","urlTemplate":"https:\/\/www.welovecycling.com\/sk\/?s={search_term_string}"},"query-input":{"@type":"PropertyValueSpecification","valueRequired":true,"valueName":"search_term_string"}}],"inLanguage":"sk-SK"},{"@type":"Person","@id":"","url":"https:\/\/www.welovecycling.com\/sk\/author\/"}]}},"_links":{"self":[{"href":"https:\/\/www.welovecycling.com\/sk\/wp-json\/wp\/v2\/posts\/10473","targetHints":{"allow":["GET"]}}],"collection":[{"href":"https:\/\/www.welovecycling.com\/sk\/wp-json\/wp\/v2\/posts"}],"about":[{"href":"https:\/\/www.welovecycling.com\/sk\/wp-json\/wp\/v2\/types\/post"}],"author":[{"embeddable":true,"href":"https:\/\/www.welovecycling.com\/sk\/wp-json\/wp\/v2\/users\/81"}],"replies":[{"embeddable":true,"href":"https:\/\/www.welovecycling.com\/sk\/wp-json\/wp\/v2\/comments?post=10473"}],"version-history":[{"count":2,"href":"https:\/\/www.welovecycling.com\/sk\/wp-json\/wp\/v2\/posts\/10473\/revisions"}],"predecessor-version":[{"id":10497,"href":"https:\/\/www.welovecycling.com\/sk\/wp-json\/wp\/v2\/posts\/10473\/revisions\/10497"}],"wp:featuredmedia":[{"embeddable":true,"href":"https:\/\/www.welovecycling.com\/sk\/wp-json\/wp\/v2\/media\/10474"}],"wp:attachment":[{"href":"https:\/\/www.welovecycling.com\/sk\/wp-json\/wp\/v2\/media?parent=10473"}],"wp:term":[{"taxonomy":"category","embeddable":true,"href":"https:\/\/www.welovecycling.com\/sk\/wp-json\/wp\/v2\/categories?post=10473"},{"taxonomy":"post_tag","embeddable":true,"href":"https:\/\/www.welovecycling.com\/sk\/wp-json\/wp\/v2\/tags?post=10473"},{"taxonomy":"global-categories","embeddable":true,"href":"https:\/\/www.welovecycling.com\/sk\/wp-json\/wp\/v2\/global-categories?post=10473"}],"curies":[{"name":"wp","href":"https:\/\/api.w.org\/{rel}","templated":true}]}}