{"id":10445,"date":"2020-08-17T11:00:47","date_gmt":"2020-08-17T09:00:47","guid":{"rendered":"https:\/\/www.welovecycling.com\/sk\/?p=10445"},"modified":"2020-08-11T11:21:15","modified_gmt":"2020-08-11T09:21:15","slug":"pozvanka-nenechajte-si-ujst-maraton-skoda-slovensky-raj","status":"publish","type":"post","link":"https:\/\/www.welovecycling.com\/sk\/2020\/08\/17\/pozvanka-nenechajte-si-ujst-maraton-skoda-slovensky-raj\/","title":{"rendered":"Pozv\u00e1nka: \u0160koda Slovensk\u00fd raj &#8211; st\u00e1lica na\u0161ej marat\u00f3nskej s\u00e9rie"},"content":{"rendered":"<p><strong>Za\u010diatkom septembra sa m\u00f4\u017eeme okrem in\u00e9ho te\u0161i\u0165 aj na st\u00e1licu marat\u00f3nskej s\u00e9rie \u0160koda BIKE OPEN TOUR, a to \u0160koda Slovensk\u00fd raj. Pr\u00e1ve tu za\u017eijete dobrodru\u017estvo v podobe \u010dasti trate prech\u00e1dzaj\u00facej cez horizont\u00e1lne ulo\u017een\u00e9 rebr\u00edky jednej z ties\u0148av.<\/strong><!--more--><\/p>\n<p>Stretneme sa <strong>5. septembra 2020<\/strong>, \u010do, ako je trad\u00edciou, pripad\u00e1 na sobotu. Miestom \u0161tartu s\u00fa Hrabu\u0161ice, konkr\u00e9tne ich \u010das\u0165 Podlesok, ktor\u00e1 je zn\u00e1ma pre mnoh\u00fdch z v\u00e1s aj ako v\u00fdchodiskov\u00fd bod pre t\u00fary pr\u00e1ve ties\u0148avami Slovensk\u00e9ho raja. Pripraven\u00e9 bude aj rozsiahle parkovisko, prezent\u00e1cia v Spi\u0161skej kolibe alebo viacero miest na stravovanie sa. Viac inform\u00e1ci\u00ed na webe marat\u00f3nu <a href=\"http:\/\/www.maratonslovenskyraj.sk\" rel=\"noopener noreferrer\" target=\"_blank\">\u0160koda Slovensk\u00fd raj<\/a>.\n<lite-youtube videoid=8v2PoZTfKrA params=\"enablejsapi=1\" style=\"background-image: url('https:\/\/i.ytimg.com\/vi_webp\/8v2PoZTfKrA\/maxresdefault.webp');\"><\/lite-youtube>\n<h2><strong>Trate a kateg\u00f3rie<\/strong><\/h2>\n<p>Ro\u010dn\u00edk 2020 bude pre tento marat\u00f3n op\u00e4\u0165 nie\u010d\u00edm v\u00fdnimo\u010dn\u00fdm. Samozrejmos\u0165ou je pr\u00edtomnos\u0165 trojice trat\u00ed, ktor\u00e9 s\u00fa rozdelen\u00e9 pod\u013ea v\u00fdkonnostn\u00fdch schopnost\u00ed jazdcov. Z\u00e1kladn\u00fa vzdialenos\u0165 pon\u00faka <strong>trasa 19 km<\/strong>, ozna\u010den\u00e1 pr\u00edvlastkom Kr\u00e1tka. Na nej v\u00e1s \u010dak\u00e1 <strong>jedno tiahle st\u00fapanie u\u017e od \u00favodu<\/strong>. N\u00e1sledne si v\u0161ak budete m\u00f4c\u0165 odd\u00fdchnu\u0165 a u\u017ei\u0165 si druh\u00fa polovicu trasy v pr\u00edjemnom klesan\u00ed.<\/p>\n<p><a href=\"https:\/\/d2p6e6u75xmxt8.cloudfront.net\/4\/2020\/07\/WLC_Pozvanka-SKODA-Slovensky-raj_01.jpg\"><img loading=\"lazy\" decoding=\"async\" src=\"https:\/\/d2p6e6u75xmxt8.cloudfront.net\/4\/2020\/07\/WLC_Pozvanka-SKODA-Slovensky-raj_01.jpg\" alt=\"\" width=\"1200\" height=\"800\" class=\"alignnone size-full wp-image-10448\" \/><\/a><br \/>\nStredn\u00e1 <strong>trasa s 52 km<\/strong> v\u00e1s prevedie v\u00fdchodnou \u010das\u0165ou Slovensk\u00e9ho raja, v r\u00e1mci ktorej sa dostanete takmer a\u017e k Dedink\u00e1m. Odtia\u013e bude pretek\u00e1rov \u010daka\u0165 r\u00fdchlej\u0161ia druh\u00e1 polovica sp\u00e4\u0165 do miesta cie\u013ea. Pre n\u00e1ro\u010dn\u00fdch cyklistov je pripraven\u00e1 <strong>trasa so 73 km<\/strong>, ozna\u010den\u00e1 aj ako Dlh\u00e1. T\u00e1 je oproti Strednej trati doplnen\u00e1 aj o jednu slu\u010dku a pred\u013a\u017eenie okolo Palcmanskej Ma\u0161e. Mapy a gpx s\u00fabory n\u00e1jdete na <a href=\"http:\/\/www.maratonslovenskyraj.sk\/trasy-2019-2\/\" rel=\"noopener noreferrer\" target=\"_blank\">tomto odkaze<\/a>.<\/p>\n<p><a href=\"https:\/\/d2p6e6u75xmxt8.cloudfront.net\/4\/2020\/07\/WLC_Pozvanka-SKODA-Slovensky-raj_02.jpg\"><img loading=\"lazy\" decoding=\"async\" src=\"https:\/\/d2p6e6u75xmxt8.cloudfront.net\/4\/2020\/07\/WLC_Pozvanka-SKODA-Slovensky-raj_02.jpg\" alt=\"\" width=\"1200\" height=\"800\" class=\"alignnone size-full wp-image-10449\" \/><\/a><br \/>\nKa\u017ed\u00e1 z tr\u00e1s je rozdelen\u00e1 do viacer\u00fdch vekov\u00fdch kateg\u00f3ri\u00ed. Navy\u0161e sa od tohto roku stretneme aj s \u00fa\u010dastn\u00edckou kateg\u00f3riou s n\u00e1zvom Gravel, ktor\u00e1 je <strong>vyp\u00edsan\u00e1 pre stredn\u00fa tra\u0165 a pretek\u00e1rov<\/strong>, ktor\u00ed disponuj\u00fa pr\u00e1ve bicyklom gravel. K nej sa prid\u00e1va aj u\u017e existuj\u00faca kateg\u00f3ria Ebike, rovnako pripadaj\u00faca na Stredn\u00fa tra\u0165. Podmienkou je nemo\u017enos\u0165 v\u00fdmeny bat\u00e9rie po\u010das pretekov.<\/p>\n<p><a href=\"https:\/\/d2p6e6u75xmxt8.cloudfront.net\/4\/2020\/08\/Slovensky_raj_03.jpg\"><img loading=\"lazy\" decoding=\"async\" src=\"https:\/\/d2p6e6u75xmxt8.cloudfront.net\/4\/2020\/08\/Slovensky_raj_03.jpg\" alt=\"\" width=\"1200\" height=\"800\" class=\"alignnone size-full wp-image-10457\" \/><\/a><\/p>\n<h2><strong>Registr\u00e1cia a \u0161tartovn\u00e9<\/strong><\/h2>\n<p>Mo\u017enos\u0165 prihl\u00e1si\u0165 sa je st\u00e1le dostupn\u00e1. Sta\u010d\u00ed pritom len vyplni\u0165 <a href=\"http:\/\/www.maratonslovenskyraj.sk\/prihlasenia\/\" rel=\"noopener noreferrer\" target=\"_blank\">online formul\u00e1r<\/a>, a po tomto kroku zaplati\u0165 \u00fa\u010dastn\u00edcky poplatok, ktor\u00fd sa odv\u00edja od d\u00e1tumu uhradenia. Ak chcete ma\u0165 meno na \u0161tartovnom \u010d\u00edsle, alebo z\u00edska\u0165 \u00fa\u010dastn\u00edcke tri\u010dko, popon\u00e1h\u013eajte sa &#8211; <strong>kone\u010dn\u00fdm term\u00ednom je v tomto pr\u00edpade zaplatenie \u0161tartovn\u00e9ho do 15. augusta<\/strong>. V cene \u0161tartovn\u00e9ho je aj ob\u010derstvenie na trati, zabezpe\u010denie trate, ob\u010derstvenie po pretekoch, um\u00fdvanie bicyklov, sprchy, fotografie, a pri prihl\u00e1sen\u00ed sa do 26. augusta aj \u0161tartovac\u00ed bal\u00ed\u010dek. <\/p>\n<p><a href=\"https:\/\/d2p6e6u75xmxt8.cloudfront.net\/4\/2020\/07\/WLC_Pozvanka-SKODA-Slovensky-raj_04.jpg\"><img loading=\"lazy\" decoding=\"async\" src=\"https:\/\/d2p6e6u75xmxt8.cloudfront.net\/4\/2020\/07\/WLC_Pozvanka-SKODA-Slovensky-raj_04.jpg\" alt=\"\" width=\"1200\" height=\"800\" class=\"alignnone size-full wp-image-10451\" \/><\/a><\/p>\n<h2><strong>Vyhra\u0165 m\u00f4\u017ee ka\u017ed\u00fd<\/strong><\/h2>\n<p>V\u0161etci pozn\u00e1me to star\u00e9 zn\u00e1me: <strong>nie je d\u00f4le\u017eit\u00e9 zv\u00ed\u0165azi\u0165, ale z\u00fa\u010dastni\u0165 sa<\/strong>. Av\u0161ak nejak\u00e1 t\u00e1 cena dok\u00e1\u017ee pote\u0161i\u0165. Okrem hodnotn\u00fdch vecn\u00fdch cien, ktor\u00e9 z\u00edska trojica najlep\u0161\u00edch v ka\u017edej kateg\u00f3rii na ka\u017edej trati, sa m\u00f4\u017eete te\u0161i\u0165 aj na bohat\u00fa tombolu. T\u00e1 prebehne po vyhl\u00e1sen\u00ed v\u00fdsledkov v poobedn\u00fdch hodin\u00e1ch, kedy u\u017e bud\u00fa v cieli takmer v\u0161etci pretek\u00e1ri. Predbe\u017en\u00fd \u010das vyhl\u00e1senia v\u00fdsledkov je stanoven\u00fd na 16:00, pre tombolu je to 17:00.<\/p>\n<p><strong>Tak nev\u00e1hajte a prihl\u00e1ste sa!<\/strong> Vid\u00edme sa v Slovenskom raji. V pr\u00edpade ot\u00e1zok, alebo potreby informova\u0165 sa o samotn\u00fdch pretekoch, nav\u0161t\u00edvte <a href=\"http:\/\/www.maratonslovenskyraj.sk\" rel=\"noopener noreferrer\" target=\"_blank\">webov\u00e9 str\u00e1nky akcie<\/a>. V\u0161etky inform\u00e1cie o s\u00e9rii \u0160koda BIKE OPEN TOUR n\u00e1jdete na <a href=\"https:\/\/www.welovecycling.com\/sk\/sbot2020\/\" rel=\"noopener noreferrer\" target=\"_blank\">tomto odkaze<\/a>.<\/p>\n","protected":false},"excerpt":{"rendered":"<p>Za\u010diatkom septembra sa m\u00f4\u017eeme okrem in\u00e9ho te\u0161i\u0165 aj na st\u00e1licu marat\u00f3nskej s\u00e9rie \u0160koda BIKE OPEN TOUR, a to \u0160koda Slovensk\u00fd [&hellip;]<\/p>\n","protected":false},"author":81,"featured_media":10447,"comment_status":"open","ping_status":"open","sticky":false,"template":"","format":"standard","meta":{"footnotes":""},"categories":[33],"tags":[559,261,180,532,41,178,179,542,1009,562,35,271,545,1072],"global-categories":[1074],"class_list":["post-10445","post","type-post","status-publish","format-standard","has-post-thumbnail","hentry","category-sbot","tag-bicykel","tag-ebike","tag-horska-cyklistika","tag-jazdenie","tag-kratka-trat","tag-maraton","tag-preteky","tag-skoda","tag-skoda-auto","tag-skoda-bicykel","tag-sbot","tag-skoda-slovensky-raj","tag-trasa","tag-trat","global-categories-cycling"],"yoast_head":"<!-- This site is optimized with the Yoast SEO Premium plugin v25.3 (Yoast SEO v25.9) - https:\/\/yoast.com\/wordpress\/plugins\/seo\/ -->\n<title>Pozv\u00e1nka: \u0160koda Slovensk\u00fd raj - st\u00e1lica na\u0161ej marat\u00f3nskej s\u00e9rie - \u0160koda We Love Cycling Slovensko<\/title>\n<meta name=\"robots\" content=\"index, follow, max-snippet:-1, max-image-preview:large, max-video-preview:-1\" \/>\n<link rel=\"canonical\" href=\"https:\/\/www.welovecycling.com\/sk\/2020\/08\/17\/pozvanka-nenechajte-si-ujst-maraton-skoda-slovensky-raj\/\" \/>\n<meta property=\"og:locale\" content=\"sk_SK\" \/>\n<meta property=\"og:type\" content=\"article\" \/>\n<meta property=\"og:title\" content=\"Pozv\u00e1nka: \u0160koda Slovensk\u00fd raj - st\u00e1lica na\u0161ej marat\u00f3nskej s\u00e9rie\" \/>\n<meta property=\"og:description\" content=\"Za\u010diatkom septembra sa m\u00f4\u017eeme okrem in\u00e9ho te\u0161i\u0165 aj na st\u00e1licu marat\u00f3nskej s\u00e9rie \u0160koda BIKE OPEN TOUR, a to \u0160koda Slovensk\u00fd [&hellip;]\" \/>\n<meta property=\"og:url\" content=\"https:\/\/www.welovecycling.com\/sk\/2020\/08\/17\/pozvanka-nenechajte-si-ujst-maraton-skoda-slovensky-raj\/\" \/>\n<meta property=\"og:site_name\" content=\"\u0160koda We Love Cycling Slovensko\" \/>\n<meta property=\"article:published_time\" content=\"2020-08-17T09:00:47+00:00\" \/>\n<meta property=\"og:image\" content=\"https:\/\/d2p6e6u75xmxt8.cloudfront.net\/4\/2020\/07\/WLC_Pozvanka-SKODA-Slovensky-raj_00.webp\" \/>\n\t<meta property=\"og:image:width\" content=\"1380\" \/>\n\t<meta property=\"og:image:height\" content=\"600\" \/>\n\t<meta property=\"og:image:type\" content=\"image\/webp\" \/>\n<meta name=\"twitter:card\" content=\"summary_large_image\" \/>\n<meta name=\"twitter:label1\" content=\"Written by\" \/>\n\t<meta name=\"twitter:data1\" content=\"WeLoveCycling\" \/>\n\t<meta name=\"twitter:label2\" content=\"Est. reading time\" \/>\n\t<meta name=\"twitter:data2\" content=\"3\" \/>\n<script type=\"application\/ld+json\" class=\"yoast-schema-graph\">{\"@context\":\"https:\/\/schema.org\",\"@graph\":[{\"@type\":\"WebPage\",\"@id\":\"https:\/\/www.welovecycling.com\/sk\/2020\/08\/17\/pozvanka-nenechajte-si-ujst-maraton-skoda-slovensky-raj\/\",\"url\":\"https:\/\/www.welovecycling.com\/sk\/2020\/08\/17\/pozvanka-nenechajte-si-ujst-maraton-skoda-slovensky-raj\/\",\"name\":\"Pozv\u00e1nka: \u0160koda Slovensk\u00fd raj - st\u00e1lica na\u0161ej marat\u00f3nskej s\u00e9rie - \u0160koda We Love Cycling Slovensko\",\"isPartOf\":{\"@id\":\"https:\/\/www.welovecycling.com\/sk\/#website\"},\"primaryImageOfPage\":{\"@id\":\"https:\/\/www.welovecycling.com\/sk\/2020\/08\/17\/pozvanka-nenechajte-si-ujst-maraton-skoda-slovensky-raj\/#primaryimage\"},\"image\":{\"@id\":\"https:\/\/www.welovecycling.com\/sk\/2020\/08\/17\/pozvanka-nenechajte-si-ujst-maraton-skoda-slovensky-raj\/#primaryimage\"},\"thumbnailUrl\":\"https:\/\/d2p6e6u75xmxt8.cloudfront.net\/4\/2020\/07\/WLC_Pozvanka-SKODA-Slovensky-raj_00.webp\",\"datePublished\":\"2020-08-17T09:00:47+00:00\",\"author\":{\"@id\":\"\"},\"breadcrumb\":{\"@id\":\"https:\/\/www.welovecycling.com\/sk\/2020\/08\/17\/pozvanka-nenechajte-si-ujst-maraton-skoda-slovensky-raj\/#breadcrumb\"},\"inLanguage\":\"sk-SK\",\"potentialAction\":[{\"@type\":\"ReadAction\",\"target\":[\"https:\/\/www.welovecycling.com\/sk\/2020\/08\/17\/pozvanka-nenechajte-si-ujst-maraton-skoda-slovensky-raj\/\"]}]},{\"@type\":\"ImageObject\",\"inLanguage\":\"sk-SK\",\"@id\":\"https:\/\/www.welovecycling.com\/sk\/2020\/08\/17\/pozvanka-nenechajte-si-ujst-maraton-skoda-slovensky-raj\/#primaryimage\",\"url\":\"https:\/\/d2p6e6u75xmxt8.cloudfront.net\/4\/2020\/07\/WLC_Pozvanka-SKODA-Slovensky-raj_00.webp\",\"contentUrl\":\"https:\/\/d2p6e6u75xmxt8.cloudfront.net\/4\/2020\/07\/WLC_Pozvanka-SKODA-Slovensky-raj_00.webp\",\"width\":1380,\"height\":600},{\"@type\":\"BreadcrumbList\",\"@id\":\"https:\/\/www.welovecycling.com\/sk\/2020\/08\/17\/pozvanka-nenechajte-si-ujst-maraton-skoda-slovensky-raj\/#breadcrumb\",\"itemListElement\":[{\"@type\":\"ListItem\",\"position\":1,\"name\":\"Home\",\"item\":\"https:\/\/www.welovecycling.com\/sk\/\"},{\"@type\":\"ListItem\",\"position\":2,\"name\":\"Pozv\u00e1nka: \u0160koda Slovensk\u00fd raj &#8211; st\u00e1lica na\u0161ej marat\u00f3nskej s\u00e9rie\"}]},{\"@type\":\"WebSite\",\"@id\":\"https:\/\/www.welovecycling.com\/sk\/#website\",\"url\":\"https:\/\/www.welovecycling.com\/sk\/\",\"name\":\"\u0160koda We Love Cycling Slovensko\",\"description\":\"\u0160koda We Love Cycling Slovensko je v\u00e1\u0161 ka\u017edodenn\u00fd zdroj noviniek a in\u0161pir\u00e1cie z sveta cyklistiky\",\"potentialAction\":[{\"@type\":\"SearchAction\",\"target\":{\"@type\":\"EntryPoint\",\"urlTemplate\":\"https:\/\/www.welovecycling.com\/sk\/?s={search_term_string}\"},\"query-input\":{\"@type\":\"PropertyValueSpecification\",\"valueRequired\":true,\"valueName\":\"search_term_string\"}}],\"inLanguage\":\"sk-SK\"},{\"@type\":\"Person\",\"@id\":\"\",\"url\":\"https:\/\/www.welovecycling.com\/sk\/author\/\"}]}<\/script>\n<!-- \/ Yoast SEO Premium plugin. -->","yoast_head_json":{"title":"Pozv\u00e1nka: \u0160koda Slovensk\u00fd raj - st\u00e1lica na\u0161ej marat\u00f3nskej s\u00e9rie - \u0160koda We Love Cycling Slovensko","robots":{"index":"index","follow":"follow","max-snippet":"max-snippet:-1","max-image-preview":"max-image-preview:large","max-video-preview":"max-video-preview:-1"},"canonical":"https:\/\/www.welovecycling.com\/sk\/2020\/08\/17\/pozvanka-nenechajte-si-ujst-maraton-skoda-slovensky-raj\/","og_locale":"sk_SK","og_type":"article","og_title":"Pozv\u00e1nka: \u0160koda Slovensk\u00fd raj - st\u00e1lica na\u0161ej marat\u00f3nskej s\u00e9rie","og_description":"Za\u010diatkom septembra sa m\u00f4\u017eeme okrem in\u00e9ho te\u0161i\u0165 aj na st\u00e1licu marat\u00f3nskej s\u00e9rie \u0160koda BIKE OPEN TOUR, a to \u0160koda Slovensk\u00fd [&hellip;]","og_url":"https:\/\/www.welovecycling.com\/sk\/2020\/08\/17\/pozvanka-nenechajte-si-ujst-maraton-skoda-slovensky-raj\/","og_site_name":"\u0160koda We Love Cycling Slovensko","article_published_time":"2020-08-17T09:00:47+00:00","og_image":[{"width":1380,"height":600,"url":"https:\/\/d2p6e6u75xmxt8.cloudfront.net\/4\/2020\/07\/WLC_Pozvanka-SKODA-Slovensky-raj_00.webp","type":"image\/webp"}],"twitter_card":"summary_large_image","twitter_misc":{"Written by":"WeLoveCycling","Est. reading time":"3"},"schema":{"@context":"https:\/\/schema.org","@graph":[{"@type":"WebPage","@id":"https:\/\/www.welovecycling.com\/sk\/2020\/08\/17\/pozvanka-nenechajte-si-ujst-maraton-skoda-slovensky-raj\/","url":"https:\/\/www.welovecycling.com\/sk\/2020\/08\/17\/pozvanka-nenechajte-si-ujst-maraton-skoda-slovensky-raj\/","name":"Pozv\u00e1nka: \u0160koda Slovensk\u00fd raj - st\u00e1lica na\u0161ej marat\u00f3nskej s\u00e9rie - \u0160koda We Love Cycling Slovensko","isPartOf":{"@id":"https:\/\/www.welovecycling.com\/sk\/#website"},"primaryImageOfPage":{"@id":"https:\/\/www.welovecycling.com\/sk\/2020\/08\/17\/pozvanka-nenechajte-si-ujst-maraton-skoda-slovensky-raj\/#primaryimage"},"image":{"@id":"https:\/\/www.welovecycling.com\/sk\/2020\/08\/17\/pozvanka-nenechajte-si-ujst-maraton-skoda-slovensky-raj\/#primaryimage"},"thumbnailUrl":"https:\/\/d2p6e6u75xmxt8.cloudfront.net\/4\/2020\/07\/WLC_Pozvanka-SKODA-Slovensky-raj_00.webp","datePublished":"2020-08-17T09:00:47+00:00","author":{"@id":""},"breadcrumb":{"@id":"https:\/\/www.welovecycling.com\/sk\/2020\/08\/17\/pozvanka-nenechajte-si-ujst-maraton-skoda-slovensky-raj\/#breadcrumb"},"inLanguage":"sk-SK","potentialAction":[{"@type":"ReadAction","target":["https:\/\/www.welovecycling.com\/sk\/2020\/08\/17\/pozvanka-nenechajte-si-ujst-maraton-skoda-slovensky-raj\/"]}]},{"@type":"ImageObject","inLanguage":"sk-SK","@id":"https:\/\/www.welovecycling.com\/sk\/2020\/08\/17\/pozvanka-nenechajte-si-ujst-maraton-skoda-slovensky-raj\/#primaryimage","url":"https:\/\/d2p6e6u75xmxt8.cloudfront.net\/4\/2020\/07\/WLC_Pozvanka-SKODA-Slovensky-raj_00.webp","contentUrl":"https:\/\/d2p6e6u75xmxt8.cloudfront.net\/4\/2020\/07\/WLC_Pozvanka-SKODA-Slovensky-raj_00.webp","width":1380,"height":600},{"@type":"BreadcrumbList","@id":"https:\/\/www.welovecycling.com\/sk\/2020\/08\/17\/pozvanka-nenechajte-si-ujst-maraton-skoda-slovensky-raj\/#breadcrumb","itemListElement":[{"@type":"ListItem","position":1,"name":"Home","item":"https:\/\/www.welovecycling.com\/sk\/"},{"@type":"ListItem","position":2,"name":"Pozv\u00e1nka: \u0160koda Slovensk\u00fd raj &#8211; st\u00e1lica na\u0161ej marat\u00f3nskej s\u00e9rie"}]},{"@type":"WebSite","@id":"https:\/\/www.welovecycling.com\/sk\/#website","url":"https:\/\/www.welovecycling.com\/sk\/","name":"\u0160koda We Love Cycling Slovensko","description":"\u0160koda We Love Cycling Slovensko je v\u00e1\u0161 ka\u017edodenn\u00fd zdroj noviniek a in\u0161pir\u00e1cie z sveta cyklistiky","potentialAction":[{"@type":"SearchAction","target":{"@type":"EntryPoint","urlTemplate":"https:\/\/www.welovecycling.com\/sk\/?s={search_term_string}"},"query-input":{"@type":"PropertyValueSpecification","valueRequired":true,"valueName":"search_term_string"}}],"inLanguage":"sk-SK"},{"@type":"Person","@id":"","url":"https:\/\/www.welovecycling.com\/sk\/author\/"}]}},"_links":{"self":[{"href":"https:\/\/www.welovecycling.com\/sk\/wp-json\/wp\/v2\/posts\/10445","targetHints":{"allow":["GET"]}}],"collection":[{"href":"https:\/\/www.welovecycling.com\/sk\/wp-json\/wp\/v2\/posts"}],"about":[{"href":"https:\/\/www.welovecycling.com\/sk\/wp-json\/wp\/v2\/types\/post"}],"author":[{"embeddable":true,"href":"https:\/\/www.welovecycling.com\/sk\/wp-json\/wp\/v2\/users\/81"}],"replies":[{"embeddable":true,"href":"https:\/\/www.welovecycling.com\/sk\/wp-json\/wp\/v2\/comments?post=10445"}],"version-history":[{"count":2,"href":"https:\/\/www.welovecycling.com\/sk\/wp-json\/wp\/v2\/posts\/10445\/revisions"}],"predecessor-version":[{"id":10459,"href":"https:\/\/www.welovecycling.com\/sk\/wp-json\/wp\/v2\/posts\/10445\/revisions\/10459"}],"wp:featuredmedia":[{"embeddable":true,"href":"https:\/\/www.welovecycling.com\/sk\/wp-json\/wp\/v2\/media\/10447"}],"wp:attachment":[{"href":"https:\/\/www.welovecycling.com\/sk\/wp-json\/wp\/v2\/media?parent=10445"}],"wp:term":[{"taxonomy":"category","embeddable":true,"href":"https:\/\/www.welovecycling.com\/sk\/wp-json\/wp\/v2\/categories?post=10445"},{"taxonomy":"post_tag","embeddable":true,"href":"https:\/\/www.welovecycling.com\/sk\/wp-json\/wp\/v2\/tags?post=10445"},{"taxonomy":"global-categories","embeddable":true,"href":"https:\/\/www.welovecycling.com\/sk\/wp-json\/wp\/v2\/global-categories?post=10445"}],"curies":[{"name":"wp","href":"https:\/\/api.w.org\/{rel}","templated":true}]}}