{"id":10422,"date":"2020-07-31T10:00:07","date_gmt":"2020-07-31T08:00:07","guid":{"rendered":"https:\/\/www.welovecycling.com\/sk\/?p=10422"},"modified":"2020-07-30T08:49:29","modified_gmt":"2020-07-30T06:49:29","slug":"mesacna-desiatka-posledny-mesiac-pred-znovuotvorenim-sezony","status":"publish","type":"post","link":"https:\/\/www.welovecycling.com\/sk\/2020\/07\/31\/mesacna-desiatka-posledny-mesiac-pred-znovuotvorenim-sezony\/","title":{"rendered":"Mesa\u010dn\u00e1 desiatka &#8211; posledn\u00fd mesiac pred znovuotvoren\u00edm sez\u00f3ny"},"content":{"rendered":"<p><strong>Asi sa u\u017e te\u0161\u00edte rovnako ako aj my na chv\u00ed\u013eu, kedy na telev\u00edznych obrazovk\u00e1ch op\u00e4\u0165 uvid\u00edme hviezdy svetov\u00e9ho pelot\u00f3nu &#8211; navy\u0161e v\u00a0najprest\u00ed\u017enej\u0161\u00edch podujatiach roka. Av\u0161ak e\u0161te predt\u00fdm sme si museli \u201epre\u017ei\u0165\u201c posledn\u00fd mesiac tohto n\u00faten\u00e9ho oddychu &#8211; j\u00fal. \u010co sa po\u010das neho udialo? Pozrime sa na to zbl\u00edzka.<\/strong><!--more--><\/p>\n<h2><strong>Slovensk\u00fd poh\u00e1r v\u00a0zjazde pokra\u010doval aj Majstrovstvami Slovenska<\/strong><\/h2>\n<p>Po\u010das j\u00falov\u00e9ho mesiaca sa na Slovensku konali dve kol\u00e1 v\u00a0zjazde. Navy\u0161e na druhom, v\u00a0M\u00fdte pod \u010eumbierom, sa bojovalo aj o\u00a0dresy s\u00a0trikol\u00f3rou. Po da\u017ediv\u00fdch d\u0148och vo fin\u00e1lovej jazde na pretek\u00e1rov \u010dakali bahenn\u00e9 podmienky, ktor\u00e9 dozaista potvrdili opr\u00e1vnenos\u0165 Majstrovstiev Slovenska. Bojovalo sa a\u017e do posledn\u00fdch metrov, \u010doho d\u00f4kazom je v\u00ed\u0165azstvo <strong>Adama Roj\u010deka<\/strong> pred Ras\u0165om Bar\u00e1nkom len o\u00a00,12 s. V\u00a0\u017een\u00e1ch dominovala <strong>Simona Kuchynkov\u00e1<\/strong> o\u00a0vy\u0161e min\u00fatu pred Vilmou Gomb\u00e1lovou.<\/p>\n<lite-youtube videoid=YflcP1iwzLc params=\"enablejsapi=1\" style=\"background-image: url('https:\/\/i.ytimg.com\/vi_webp\/YflcP1iwzLc\/maxresdefault.webp');\"><\/lite-youtube>\n<h2><strong>UCI predstavila kalend\u00e1r na rok 2021<\/strong><\/h2>\n<p>Aj napriek tomu, \u017ee tohtoro\u010dn\u00e1 sez\u00f3na poriadne e\u0161te \u201eneod\u0161tartovala\u201c, UCI u\u017e <strong>publikovala kalend\u00e1r pre kateg\u00f3riu WorldTour a\u00a0\u017eensk\u00fa WorldTour<\/strong>. V\u00a0\u0148om samozrejme nech\u00fdbaj\u00fa jarn\u00e9 klasiky, etap\u00e1ky na bl\u00edzkom v\u00fdchode alebo trojica trojt\u00fd\u017ed\u0148ov\u00fdch GrandTours, av\u0161ak oproti s\u00fa\u010dasn\u00e9mu roku u\u017e v\u00a0klasick\u00fdch term\u00ednoch. Zauj\u00edmavos\u0165ou s\u00fa nemeck\u00e9 preteky Eschborn-Frankfurt alebo EuroEyes Cyclassics Hamburg taktie\u017e v\u00a0Nemecku. Viac inform\u00e1ci\u00ed sa dozviete na <a href=\"https:\/\/www.uci.org\/road\/news\/2020\/the-uci-reveals-the-2021-calendars-for-the-uci-worldtour-and-uci-women-s-worldtour\" rel=\"noopener noreferrer\" target=\"_blank\">tomto odkaze<\/a>.<\/p>\n<h2><strong>Wyn Masters sa op\u00e4\u0165 raz prekonal &#8211; na zjazdovom bicykli na Galibier<\/strong><\/h2>\n<p>Sl\u00e1vne st\u00fapanie z\u00a0Tour de France je v\u00fdzvou pre ka\u017ed\u00e9ho, kto sa na\u0148 vyd\u00e1. Samozrejmos\u0165ou je <strong>vyu\u017eitie cestn\u00e9ho bicykla<\/strong> &#8211; niektor\u00ed dokonca volia svoje XC horsk\u00e9 modely alebo gravel. To v\u0161ak nie je ni\u010d v\u00a0porovnan\u00ed s\u00a0Novoz\u00e9lan\u010fanom, Wynom Mastersom, zn\u00e1mym pretek\u00e1rom zo Svetov\u00e9ho poh\u00e1ra v\u00a0zjazde a\u00a0endure. Ten si toto 15 kilometrov\u00e9 st\u00fapanie s\u00a0vy\u0161e 1 000 metrami prev\u00fd\u0161enia dal na svojom zjazdovom \u0161peci\u00e1li. Navy\u0161e s\u00a0tradi\u010dne zasunutou sedlovkou&#8230;. Nu\u017e \u010do doda\u0165, asi in\u00e1 liga.<\/p>\n<lite-youtube videoid=5ClpOUvv5H8 params=\"enablejsapi=1\" style=\"background-image: url('https:\/\/i.ytimg.com\/vi_webp\/5ClpOUvv5H8\/maxresdefault.webp');\"><\/lite-youtube>\n<h2><strong>Horsk\u00e1 cyklistika zl\u00e1kala aj Petra Sagana &#8211; mesiac pred Tour de France<\/strong><\/h2>\n<p>Nebojte sa, nejde o\u00a0prestup roka. Sagan sa e\u0161te nevzdal 28\u201c kolies nadobro a\u00a0asi tak ani neurob\u00ed. Av\u0161ak jedno je nepopierate\u013en\u00e9 &#8211; jeho juniorsk\u00fd <strong>titul Majstra sveta v\u00a0XCO z\u00a0roku 2008 je st\u00e1le pr\u00edtomn\u00fd<\/strong>, aj ke\u010f v\u00a0tro\u0161ku z\u00e1bavnej\u0161ej forme. In\u00fdmi slovami, Peter Sagan sa po\u010das svojej \u201edovolenky\u201c odviazal na tratiach bikeparku. O\u00a0tom, \u017ee to m\u00e1 pod kontrolou, niet poch\u00fdb.<\/p>\n<p>https:\/\/www.instagram.com\/p\/CDEuM84I48-\/<\/p>\n<h2><strong>T\u00edm Alpecin-Fenix ni\u010d nenech\u00e1va na n\u00e1hodu<\/strong><\/h2>\n<p>Ako u\u017e bolo spomenut\u00e9, najv\u00e4\u010d\u0161ie preteky roka sa bl\u00ed\u017eia. To vedia nielen fan\u00fa\u0161ikovia, ale predov\u0161etk\u00fdm jazdci a\u00a0t\u00edmy WorldTour. V\u00a0Alpecin-Fenix je v\u0161etko vypo\u010d\u00edtan\u00e9 do posledn\u00e9ho detailu. D\u00f4kazom toho je <strong>na\u010dasovanie vysokohorsk\u00e9ho kempu vo\u00a0Franc\u00fazsku<\/strong>, ktor\u00fd m\u00e1 pripravi\u0165 jazdcov na jazdenie vo vy\u0161\u0161\u00edch nadmorsk\u00fdch v\u00fd\u0161kach.<\/p>\n<p>https:\/\/www.instagram.com\/p\/CCxrVdWHcB2\/<\/p>\n<h2><strong>M\u00e1te pocit, \u017ee ste technicky zdatn\u00ed v\u00a0st\u00fapaniach? Premyslite si to e\u0161te raz.<\/strong><\/h2>\n<p>Braydon Bringhurst v\u00e1m v\u00a0kr\u00e1tkom videu predvedie, \u010do to znamen\u00e1 zdol\u00e1va\u0165 prek\u00e1\u017eky na horskom bicykli. V\u00a0tomto pr\u00edpade smerom nahor. Niekedy nie je podstatn\u00fd ani tak sklon, ako \u0161trukt\u00fara ter\u00e9nu. Braydonova technika jazdenia len zd\u00f4raz\u0148uje \u010dasto opom\u00ednan\u00fa s\u00fa\u010das\u0165 jazdy na bicykli &#8211; <strong>a\u00a0to rovnov\u00e1hu a\u00a0cit pre pren\u00e1\u0161anie \u0165a\u017eiska na bicykli<\/strong>. Nie v\u0161etko je len o\u00a0sile &#8211; niekedy mus\u00edte zapoji\u0165 aj hlavu.<\/p>\n<lite-youtube videoid=L3ZMLzzOK4M params=\"enablejsapi=1\" style=\"background-image: url('https:\/\/i.ytimg.com\/vi_webp\/L3ZMLzzOK4M\/maxresdefault.webp');\"><\/lite-youtube>\n<h2><strong>Aj majster sa niekedy utne<\/strong><\/h2>\n<p>Zn\u00e1my trialov\u00fd jazdec, Vittorio Brumotti, ktor\u00fd ist\u00fd \u010das p\u00f4sobil aj po boku Petra Sagana, pri svojich k\u00faskoch <strong>predv\u00e1dza triky z\u00a0in\u00e9ho sveta<\/strong>. Mnohokr\u00e1t je a\u017e nepredstavite\u013en\u00e9, \u017ee nie\u010do podobn\u00e9 je v\u00a0\u013eudsk\u00fdch schopnostiach. Av\u0161ak video neukazuje \u010dasto aj mno\u017estvo pokusov a\u00a0p\u00e1dov, ktor\u00e9 v\u00fdsledn\u00e9mu dokonal\u00e9mu z\u00e1veru predch\u00e1dzali. Napr\u00edklad pri nasleduj\u00facom triku zradila Vittoria jeho prehadzova\u010dka a\u00a0re\u0165az, ktor\u00e1 nevydr\u017eala nap\u00e4tie na ped\u00e1l a\u00a0povolila v\u00a0najmenej vhodnej chv\u00edli.<\/p>\n<p>https:\/\/www.instagram.com\/p\/CC32jgYKNr_\/<\/p>\n<h2><strong>Haring a\u00a0\u0160tevkov\u00e1 obh\u00e1jili tituly Majstrov Slovenska v\u00a0XCO<\/strong><\/h2>\n<p>V\u00a0menej z\u00e1videniahodnom po\u010das\u00ed vyrazili v\u00a0polovici j\u00fala pretek\u00e1ri na trate XCO s\u00a0jedin\u00fdm cie\u013eom, <strong>vybojova\u0165 si \u010do najlep\u0161ie umiestnenie<\/strong> a\u00a0mo\u017eno, \u017ee aj cenn\u00e9 kovy na Majstrovstv\u00e1ch Slovenska v\u00a0Selciach. V\u00a0kateg\u00f3rii mu\u017eov Elite dominoval <strong>Martin Haring<\/strong>, ktor\u00fd pri\u0161iel do cie\u013ea s\u00a0n\u00e1skokom takmer 8 min\u00fat na M. Ul\u00edka. V\u00a0\u017eenskej kateg\u00f3rii to u\u017e po 20. kr\u00e1t bola <strong>J. Keseg \u0160tevkov\u00e1<\/strong>. V\u00edkend bol upr\u0161an\u00fd a\u00a0rovnako tak vyzerala aj samotn\u00e1 tra\u0165. Na\u0161\u0165astie v\u0161etko prebehlo tak, ako malo.<\/p>\n<h2><strong>Vychutnajte si alpsk\u00fa atmosf\u00e9ru s\u00a0Ninom Schurterom<\/strong><\/h2>\n<p>Aj ke\u010f tohto Majstra sveta v\u00a0XCO v\u00eddavame sk\u00f4r na horsk\u00fdch bicykloch, podstatn\u00fa \u010das\u0165 jeho tr\u00e9ningu dop\u013a\u0148a jazdenie na ceste. V\u010faka Ninovmu domovu, ktor\u00fd je situovan\u00fd vo\u00a0\u0161vaj\u010diarskych ve\u013ehor\u00e1ch, <strong>nie je probl\u00e9m vyrazi\u0165 na monument\u00e1lny v\u00fdjazd<\/strong> mo\u017eno aj ka\u017ed\u00fd de\u0148. Pozrite sa spolu s\u00a0nami na to, ako m\u00f4\u017ee vyzera\u0165 aj v\u00e1\u0161 de\u0148 \u010di dovolenka v\u00a0nie tak ve\u013emi vzdialenom kr\u00e1\u013eovstve h\u00f4r a\u00a0st\u00fapan\u00ed.\n<lite-youtube videoid=h9G_6qvU-Kc params=\"enablejsapi=1\" style=\"background-image: url('https:\/\/i.ytimg.com\/vi_webp\/h9G_6qvU-Kc\/maxresdefault.webp');\"><\/lite-youtube>\n<h2><strong>Ve\u013ek\u00e9 znovuotvorenie sez\u00f3ny je u\u017e na dosah!<\/strong><\/h2>\n<p>E\u0161te jedna spr\u00e1va, ktor\u00e1 je sk\u00f4r oznamom &#8211; prv\u00e9ho augusta od\u0161tartuje WorldTour sez\u00f3na op\u00e4\u0165 naplno a\u00a0to s\u00a0tradi\u010dnou a\u00a0jedine\u010dnou klasikou Strade Bianche. U\u017e 5. augusta sa z\u00a0na\u0161ich severn\u00fdch susedov m\u00f4\u017eeme te\u0161i\u0165 aj na t\u00fd\u017ed\u0148ov\u00fd etap\u00e1k Tour de Pologne. A\u00a0na konci mesiaca sa za\u010dne <strong>bojova\u0165 o\u00a0\u017elt\u00fd dres<\/strong>.<\/p>\n<lite-youtube videoid=6XnfAypEnFM params=\"enablejsapi=1\" style=\"background-image: url('https:\/\/i.ytimg.com\/vi_webp\/6XnfAypEnFM\/maxresdefault.webp');\"><\/lite-youtube>\n<p>Nap\u00e4tie a\u00a0atmosf\u00e9ra ka\u017ed\u00fdm d\u0148om st\u00fapa &#8211; preto <strong>nezame\u0161kajte ani jeden telev\u00edzny prenos<\/strong>! A na konci augusta sme tu s Mesa\u010dnou desiatkou op\u00e4\u0165.<\/p>\n<p>Zdroj titulnej fotografie: pixabay.com<\/p>\n","protected":false},"excerpt":{"rendered":"<p>Asi sa u\u017e te\u0161\u00edte rovnako ako aj my na chv\u00ed\u013eu, kedy na telev\u00edznych obrazovk\u00e1ch op\u00e4\u0165 uvid\u00edme hviezdy svetov\u00e9ho pelot\u00f3nu &#8211; [&hellip;]<\/p>\n","protected":false},"author":81,"featured_media":10432,"comment_status":"open","ping_status":"open","sticky":false,"template":"","format":"standard","meta":{"footnotes":""},"categories":[63],"tags":[756,559,619,115,487,961,180,532,1152,1040,600,254,46,179,256,1109,20,355,106,269,641,475,174],"global-categories":[1074],"class_list":["post-10422","post","type-post","status-publish","format-standard","has-post-thumbnail","hentry","category-grand-tour","tag-adam-rojcek","tag-bicykel","tag-bicyklovanie","tag-cestna-cyklistika","tag-cestny-bicykel","tag-etapa","tag-horska-cyklistika","tag-jazdenie","tag-majstrovstva-slovenska","tag-mesacna-desiatka","tag-muzi","tag-nemecko","tag-peter-sagan","tag-preteky","tag-sezona","tag-stupanie","tag-tour-de-france","tag-uci","tag-uci-worldtour","tag-vitaz","tag-xc","tag-zeny","tag-zlty-dres","global-categories-cycling"],"yoast_head":"<!-- This site is optimized with the Yoast SEO Premium plugin v25.3 (Yoast SEO v25.9) - https:\/\/yoast.com\/wordpress\/plugins\/seo\/ -->\n<title>Mesa\u010dn\u00e1 desiatka - posledn\u00fd mesiac pred znovuotvoren\u00edm sez\u00f3ny - \u0160koda We Love Cycling Slovensko<\/title>\n<meta name=\"robots\" content=\"index, follow, max-snippet:-1, max-image-preview:large, max-video-preview:-1\" \/>\n<link rel=\"canonical\" href=\"https:\/\/www.welovecycling.com\/sk\/2020\/07\/31\/mesacna-desiatka-posledny-mesiac-pred-znovuotvorenim-sezony\/\" \/>\n<meta property=\"og:locale\" content=\"sk_SK\" \/>\n<meta property=\"og:type\" content=\"article\" \/>\n<meta property=\"og:title\" content=\"Mesa\u010dn\u00e1 desiatka - posledn\u00fd mesiac pred znovuotvoren\u00edm sez\u00f3ny\" \/>\n<meta property=\"og:description\" content=\"Asi sa u\u017e te\u0161\u00edte rovnako ako aj my na chv\u00ed\u013eu, kedy na telev\u00edznych obrazovk\u00e1ch op\u00e4\u0165 uvid\u00edme hviezdy svetov\u00e9ho pelot\u00f3nu &#8211; [&hellip;]\" \/>\n<meta property=\"og:url\" content=\"https:\/\/www.welovecycling.com\/sk\/2020\/07\/31\/mesacna-desiatka-posledny-mesiac-pred-znovuotvorenim-sezony\/\" \/>\n<meta property=\"og:site_name\" content=\"\u0160koda We Love Cycling Slovensko\" \/>\n<meta property=\"article:published_time\" content=\"2020-07-31T08:00:07+00:00\" \/>\n<meta property=\"og:image\" content=\"https:\/\/d2p6e6u75xmxt8.cloudfront.net\/4\/2020\/07\/Mesacna_desiatka_00.webp\" \/>\n\t<meta property=\"og:image:width\" content=\"1380\" \/>\n\t<meta property=\"og:image:height\" content=\"600\" \/>\n\t<meta property=\"og:image:type\" content=\"image\/webp\" \/>\n<meta name=\"twitter:card\" content=\"summary_large_image\" \/>\n<meta name=\"twitter:label1\" content=\"Written by\" \/>\n\t<meta name=\"twitter:data1\" content=\"WeLoveCycling\" \/>\n\t<meta name=\"twitter:label2\" content=\"Est. reading time\" \/>\n\t<meta name=\"twitter:data2\" content=\"4\" \/>\n<script type=\"application\/ld+json\" class=\"yoast-schema-graph\">{\"@context\":\"https:\/\/schema.org\",\"@graph\":[{\"@type\":\"WebPage\",\"@id\":\"https:\/\/www.welovecycling.com\/sk\/2020\/07\/31\/mesacna-desiatka-posledny-mesiac-pred-znovuotvorenim-sezony\/\",\"url\":\"https:\/\/www.welovecycling.com\/sk\/2020\/07\/31\/mesacna-desiatka-posledny-mesiac-pred-znovuotvorenim-sezony\/\",\"name\":\"Mesa\u010dn\u00e1 desiatka - posledn\u00fd mesiac pred znovuotvoren\u00edm sez\u00f3ny - \u0160koda We Love Cycling Slovensko\",\"isPartOf\":{\"@id\":\"https:\/\/www.welovecycling.com\/sk\/#website\"},\"primaryImageOfPage\":{\"@id\":\"https:\/\/www.welovecycling.com\/sk\/2020\/07\/31\/mesacna-desiatka-posledny-mesiac-pred-znovuotvorenim-sezony\/#primaryimage\"},\"image\":{\"@id\":\"https:\/\/www.welovecycling.com\/sk\/2020\/07\/31\/mesacna-desiatka-posledny-mesiac-pred-znovuotvorenim-sezony\/#primaryimage\"},\"thumbnailUrl\":\"https:\/\/d2p6e6u75xmxt8.cloudfront.net\/4\/2020\/07\/Mesacna_desiatka_00.webp\",\"datePublished\":\"2020-07-31T08:00:07+00:00\",\"author\":{\"@id\":\"\"},\"breadcrumb\":{\"@id\":\"https:\/\/www.welovecycling.com\/sk\/2020\/07\/31\/mesacna-desiatka-posledny-mesiac-pred-znovuotvorenim-sezony\/#breadcrumb\"},\"inLanguage\":\"sk-SK\",\"potentialAction\":[{\"@type\":\"ReadAction\",\"target\":[\"https:\/\/www.welovecycling.com\/sk\/2020\/07\/31\/mesacna-desiatka-posledny-mesiac-pred-znovuotvorenim-sezony\/\"]}]},{\"@type\":\"ImageObject\",\"inLanguage\":\"sk-SK\",\"@id\":\"https:\/\/www.welovecycling.com\/sk\/2020\/07\/31\/mesacna-desiatka-posledny-mesiac-pred-znovuotvorenim-sezony\/#primaryimage\",\"url\":\"https:\/\/d2p6e6u75xmxt8.cloudfront.net\/4\/2020\/07\/Mesacna_desiatka_00.webp\",\"contentUrl\":\"https:\/\/d2p6e6u75xmxt8.cloudfront.net\/4\/2020\/07\/Mesacna_desiatka_00.webp\",\"width\":1380,\"height\":600},{\"@type\":\"BreadcrumbList\",\"@id\":\"https:\/\/www.welovecycling.com\/sk\/2020\/07\/31\/mesacna-desiatka-posledny-mesiac-pred-znovuotvorenim-sezony\/#breadcrumb\",\"itemListElement\":[{\"@type\":\"ListItem\",\"position\":1,\"name\":\"Home\",\"item\":\"https:\/\/www.welovecycling.com\/sk\/\"},{\"@type\":\"ListItem\",\"position\":2,\"name\":\"Mesa\u010dn\u00e1 desiatka &#8211; posledn\u00fd mesiac pred znovuotvoren\u00edm sez\u00f3ny\"}]},{\"@type\":\"WebSite\",\"@id\":\"https:\/\/www.welovecycling.com\/sk\/#website\",\"url\":\"https:\/\/www.welovecycling.com\/sk\/\",\"name\":\"\u0160koda We Love Cycling Slovensko\",\"description\":\"\u0160koda We Love Cycling Slovensko je v\u00e1\u0161 ka\u017edodenn\u00fd zdroj noviniek a in\u0161pir\u00e1cie z sveta cyklistiky\",\"potentialAction\":[{\"@type\":\"SearchAction\",\"target\":{\"@type\":\"EntryPoint\",\"urlTemplate\":\"https:\/\/www.welovecycling.com\/sk\/?s={search_term_string}\"},\"query-input\":{\"@type\":\"PropertyValueSpecification\",\"valueRequired\":true,\"valueName\":\"search_term_string\"}}],\"inLanguage\":\"sk-SK\"},{\"@type\":\"Person\",\"@id\":\"\",\"url\":\"https:\/\/www.welovecycling.com\/sk\/author\/\"}]}<\/script>\n<!-- \/ Yoast SEO Premium plugin. -->","yoast_head_json":{"title":"Mesa\u010dn\u00e1 desiatka - posledn\u00fd mesiac pred znovuotvoren\u00edm sez\u00f3ny - \u0160koda We Love Cycling Slovensko","robots":{"index":"index","follow":"follow","max-snippet":"max-snippet:-1","max-image-preview":"max-image-preview:large","max-video-preview":"max-video-preview:-1"},"canonical":"https:\/\/www.welovecycling.com\/sk\/2020\/07\/31\/mesacna-desiatka-posledny-mesiac-pred-znovuotvorenim-sezony\/","og_locale":"sk_SK","og_type":"article","og_title":"Mesa\u010dn\u00e1 desiatka - posledn\u00fd mesiac pred znovuotvoren\u00edm sez\u00f3ny","og_description":"Asi sa u\u017e te\u0161\u00edte rovnako ako aj my na chv\u00ed\u013eu, kedy na telev\u00edznych obrazovk\u00e1ch op\u00e4\u0165 uvid\u00edme hviezdy svetov\u00e9ho pelot\u00f3nu &#8211; [&hellip;]","og_url":"https:\/\/www.welovecycling.com\/sk\/2020\/07\/31\/mesacna-desiatka-posledny-mesiac-pred-znovuotvorenim-sezony\/","og_site_name":"\u0160koda We Love Cycling Slovensko","article_published_time":"2020-07-31T08:00:07+00:00","og_image":[{"width":1380,"height":600,"url":"https:\/\/d2p6e6u75xmxt8.cloudfront.net\/4\/2020\/07\/Mesacna_desiatka_00.webp","type":"image\/webp"}],"twitter_card":"summary_large_image","twitter_misc":{"Written by":"WeLoveCycling","Est. reading time":"4"},"schema":{"@context":"https:\/\/schema.org","@graph":[{"@type":"WebPage","@id":"https:\/\/www.welovecycling.com\/sk\/2020\/07\/31\/mesacna-desiatka-posledny-mesiac-pred-znovuotvorenim-sezony\/","url":"https:\/\/www.welovecycling.com\/sk\/2020\/07\/31\/mesacna-desiatka-posledny-mesiac-pred-znovuotvorenim-sezony\/","name":"Mesa\u010dn\u00e1 desiatka - posledn\u00fd mesiac pred znovuotvoren\u00edm sez\u00f3ny - \u0160koda We Love Cycling Slovensko","isPartOf":{"@id":"https:\/\/www.welovecycling.com\/sk\/#website"},"primaryImageOfPage":{"@id":"https:\/\/www.welovecycling.com\/sk\/2020\/07\/31\/mesacna-desiatka-posledny-mesiac-pred-znovuotvorenim-sezony\/#primaryimage"},"image":{"@id":"https:\/\/www.welovecycling.com\/sk\/2020\/07\/31\/mesacna-desiatka-posledny-mesiac-pred-znovuotvorenim-sezony\/#primaryimage"},"thumbnailUrl":"https:\/\/d2p6e6u75xmxt8.cloudfront.net\/4\/2020\/07\/Mesacna_desiatka_00.webp","datePublished":"2020-07-31T08:00:07+00:00","author":{"@id":""},"breadcrumb":{"@id":"https:\/\/www.welovecycling.com\/sk\/2020\/07\/31\/mesacna-desiatka-posledny-mesiac-pred-znovuotvorenim-sezony\/#breadcrumb"},"inLanguage":"sk-SK","potentialAction":[{"@type":"ReadAction","target":["https:\/\/www.welovecycling.com\/sk\/2020\/07\/31\/mesacna-desiatka-posledny-mesiac-pred-znovuotvorenim-sezony\/"]}]},{"@type":"ImageObject","inLanguage":"sk-SK","@id":"https:\/\/www.welovecycling.com\/sk\/2020\/07\/31\/mesacna-desiatka-posledny-mesiac-pred-znovuotvorenim-sezony\/#primaryimage","url":"https:\/\/d2p6e6u75xmxt8.cloudfront.net\/4\/2020\/07\/Mesacna_desiatka_00.webp","contentUrl":"https:\/\/d2p6e6u75xmxt8.cloudfront.net\/4\/2020\/07\/Mesacna_desiatka_00.webp","width":1380,"height":600},{"@type":"BreadcrumbList","@id":"https:\/\/www.welovecycling.com\/sk\/2020\/07\/31\/mesacna-desiatka-posledny-mesiac-pred-znovuotvorenim-sezony\/#breadcrumb","itemListElement":[{"@type":"ListItem","position":1,"name":"Home","item":"https:\/\/www.welovecycling.com\/sk\/"},{"@type":"ListItem","position":2,"name":"Mesa\u010dn\u00e1 desiatka &#8211; posledn\u00fd mesiac pred znovuotvoren\u00edm sez\u00f3ny"}]},{"@type":"WebSite","@id":"https:\/\/www.welovecycling.com\/sk\/#website","url":"https:\/\/www.welovecycling.com\/sk\/","name":"\u0160koda We Love Cycling Slovensko","description":"\u0160koda We Love Cycling Slovensko je v\u00e1\u0161 ka\u017edodenn\u00fd zdroj noviniek a in\u0161pir\u00e1cie z sveta cyklistiky","potentialAction":[{"@type":"SearchAction","target":{"@type":"EntryPoint","urlTemplate":"https:\/\/www.welovecycling.com\/sk\/?s={search_term_string}"},"query-input":{"@type":"PropertyValueSpecification","valueRequired":true,"valueName":"search_term_string"}}],"inLanguage":"sk-SK"},{"@type":"Person","@id":"","url":"https:\/\/www.welovecycling.com\/sk\/author\/"}]}},"_links":{"self":[{"href":"https:\/\/www.welovecycling.com\/sk\/wp-json\/wp\/v2\/posts\/10422","targetHints":{"allow":["GET"]}}],"collection":[{"href":"https:\/\/www.welovecycling.com\/sk\/wp-json\/wp\/v2\/posts"}],"about":[{"href":"https:\/\/www.welovecycling.com\/sk\/wp-json\/wp\/v2\/types\/post"}],"author":[{"embeddable":true,"href":"https:\/\/www.welovecycling.com\/sk\/wp-json\/wp\/v2\/users\/81"}],"replies":[{"embeddable":true,"href":"https:\/\/www.welovecycling.com\/sk\/wp-json\/wp\/v2\/comments?post=10422"}],"version-history":[{"count":2,"href":"https:\/\/www.welovecycling.com\/sk\/wp-json\/wp\/v2\/posts\/10422\/revisions"}],"predecessor-version":[{"id":10434,"href":"https:\/\/www.welovecycling.com\/sk\/wp-json\/wp\/v2\/posts\/10422\/revisions\/10434"}],"wp:featuredmedia":[{"embeddable":true,"href":"https:\/\/www.welovecycling.com\/sk\/wp-json\/wp\/v2\/media\/10432"}],"wp:attachment":[{"href":"https:\/\/www.welovecycling.com\/sk\/wp-json\/wp\/v2\/media?parent=10422"}],"wp:term":[{"taxonomy":"category","embeddable":true,"href":"https:\/\/www.welovecycling.com\/sk\/wp-json\/wp\/v2\/categories?post=10422"},{"taxonomy":"post_tag","embeddable":true,"href":"https:\/\/www.welovecycling.com\/sk\/wp-json\/wp\/v2\/tags?post=10422"},{"taxonomy":"global-categories","embeddable":true,"href":"https:\/\/www.welovecycling.com\/sk\/wp-json\/wp\/v2\/global-categories?post=10422"}],"curies":[{"name":"wp","href":"https:\/\/api.w.org\/{rel}","templated":true}]}}