{"id":10376,"date":"2020-07-27T10:00:05","date_gmt":"2020-07-27T08:00:05","guid":{"rendered":"https:\/\/www.welovecycling.com\/sk\/?p=10376"},"modified":"2020-07-24T14:54:02","modified_gmt":"2020-07-24T12:54:02","slug":"pozvanka-skoda-horal-mtb-maraton-predsa-sme-sa-len-dockali","status":"publish","type":"post","link":"https:\/\/www.welovecycling.com\/sk\/2020\/07\/27\/pozvanka-skoda-horal-mtb-maraton-predsa-sme-sa-len-dockali\/","title":{"rendered":"Pozv\u00e1nka: \u0160koda HORAL MTB marat\u00f3n &#8211; predsa sme sa len do\u010dkali"},"content":{"rendered":"<p><strong>Po nepriaznivom obdob\u00ed, kedy museli by\u0165 viacer\u00e9 podujatia zru\u0161en\u00e9 \u010di prelo\u017een\u00e9, dost\u00e1va sa zados\u0165u\u010dinenia aj \u0160koda BIKE OPEN TOUR 2020, ktor\u00e1 m\u00f4\u017ee zapo\u010da\u0165 svoju s\u00e9riu s\u00edce skr\u00e1tenou, ale st\u00e1le hodnotnou trojicou podujat\u00ed. Najbli\u017e\u0161\u00edm je augustov\u00fd HORAL MTB Marat\u00f3n, povestn\u00fd svojou n\u00e1ro\u010dnos\u0165ou a\u00a0nefal\u0161ovanou horskou atmosf\u00e9rou.<\/strong><!--more--><\/p>\n<p>Ve\u010f pozrite sa sami:<\/p>\n<lite-youtube videoid=0vdulJiYpK4 params=\"enablejsapi=1\" style=\"background-image: url('https:\/\/i.ytimg.com\/vi_webp\/0vdulJiYpK4\/maxresdefault.webp');\"><\/lite-youtube>\n<p>O\u00a0hist\u00f3rii tohto marat\u00f3nu sved\u010d\u00ed aj jeho p\u00f4sobenie na slovenskej MTB sc\u00e9ne &#8211; <strong>cel\u00fdch 21 rokov pon\u00faka pretek\u00e1rom to, \u010do na in\u00fdch pretekoch neza\u017eijete<\/strong>. Medzi tieto jedine\u010dn\u00e9 momenty sa okrem \u0161tartu spod Tatier rad\u00ed aj prejazd Kr\u00e1\u013eovou ho\u013eou vo v\u00fd\u0161ke takmer 2 000 m n.m.<\/p>\n<p><a href=\"https:\/\/d2p6e6u75xmxt8.cloudfront.net\/4\/2020\/07\/WLC_Pozv\u00e1nka-Horal_01.jpg\"><img loading=\"lazy\" decoding=\"async\" src=\"https:\/\/d2p6e6u75xmxt8.cloudfront.net\/4\/2020\/07\/WLC_Pozv\u00e1nka-Horal_01.jpg\" alt=\"\" width=\"1200\" height=\"800\" class=\"alignnone size-full wp-image-10381\" \/><\/a><\/p>\n<h2><strong>Stretneme sa vo Svite <\/strong><\/h2>\n<p>Ak by niekto e\u0161te nevedel, kde tento legend\u00e1rny marat\u00f3n \u0161tartuje, tak je to <strong>Svit, z\u00e1padne od Popradu<\/strong>. Z\u00a0tohto meste\u010dka pretek\u00e1ri vstupuj\u00fa do lesov pohoria Kozie chrbty, okolia Kr\u00e1\u013eovej hole a\u00a0N\u00edzkych Tatier. D\u00e1tum je stanoven\u00fd na <strong>8. augusta 2020<\/strong>. \u0160tartuje sa u\u017e od 8:30 (Lejzi), nasledovan\u00fd v\u00a0hodinov\u00fdch rozostupoch ostatn\u00fdmi tromi tra\u0165ami. Celkov\u00fd harmonogram vyzer\u00e1 takto: <\/p>\n<p><strong>piatok 7. augusta<\/strong><\/p>\n<ul>\n<li>15:00 &#8211; 19:00 &#8211; Prezent\u00e1cia<\/li>\n<\/ul>\n<p><strong>sobota 8. augusta<\/strong><\/p>\n<ul>\n<li>07:00 &#8211; 10:00 &#8211; Prezent\u00e1cia<\/li>\n<li>08:30 &#8211; \u0160tart Lejzi<\/li>\n<li>09:30 &#8211; \u0160tart Senzi<\/li>\n<li>10:00 &#8211; \u0160tart Dejzi<\/li>\n<li>10:30 &#8211; \u0160tart \u00cdzi<\/li>\n<li>14:00 &#8211; 16:00 &#8211; Vyhlasovanie v\u00fdsledkov<\/li>\n<li>16:30 &#8211; Tombola<\/li>\n<\/ul>\n<p><a href=\"https:\/\/d2p6e6u75xmxt8.cloudfront.net\/4\/2020\/07\/WLC_Pozv\u00e1nka-Horal_02.jpg\"><img loading=\"lazy\" decoding=\"async\" src=\"https:\/\/d2p6e6u75xmxt8.cloudfront.net\/4\/2020\/07\/WLC_Pozv\u00e1nka-Horal_02.jpg\" alt=\"\" width=\"1200\" height=\"800\" class=\"alignnone size-full wp-image-10382\" \/><\/a><\/p>\n<h2><strong>Zo \u0161tvorice trat\u00ed si ka\u017ed\u00fd vyberie t\u00fa svoju<\/strong><\/h2>\n<p>Tento ro\u010dn\u00edk pozna\u010dila smutn\u00e1 spr\u00e1va, ke\u010f organiz\u00e1tori vyhl\u00e1sili <strong>zru\u0161enie povestnej trate Horal Krejzi<\/strong>, ktor\u00e1 bola najdlh\u0161ou trasou a\u00a0previerkou aj Majstrovstiev Slovenska. Ost\u00e1va v\u0161ak \u0161tvorica odli\u0161n\u00fdch variantov, ktor\u00fdmi s\u00fa <strong>Horal Lejzi, meraj\u00faca 80 km s\u00a0prev\u00fd\u0161en\u00edm 2\u00a0500 m<\/strong>. Je s\u00fa\u010dasne tra\u0165ou Slovensk\u00e9ho poh\u00e1ra v\u00a0marat\u00f3ne. Po\u010das nej sa dostanete aj do v\u00fd\u0161ky nad 1\u00a0400 metrov.<\/p>\n<p><a href=\"https:\/\/d2p6e6u75xmxt8.cloudfront.net\/4\/2020\/07\/WLC_Pozv\u00e1nka-Horal_03.jpg\"><img loading=\"lazy\" decoding=\"async\" src=\"https:\/\/d2p6e6u75xmxt8.cloudfront.net\/4\/2020\/07\/WLC_Pozv\u00e1nka-Horal_03.jpg\" alt=\"\" width=\"1200\" height=\"800\" class=\"alignnone size-full wp-image-10383\" \/><\/a><\/p>\n<p>Nasledovan\u00e1 je Horal <strong>Senzi, teda polovi\u010dnou marat\u00f3nskou vzdialenos\u0165ou so 48 km a\u00a01\u00a0500 m<\/strong>. Ak sa na tieto d\u013a\u017eky a\u00a0stupne n\u00e1ro\u010dnosti e\u0161te nec\u00edtite, je pre v\u00e1s pripraven\u00e1 <strong>Horal \u00cdzi s\u00a033 km a\u00a0950 m prev\u00fd\u0161enia<\/strong>. Aj ona pon\u00fakne lesn\u00e9 scen\u00e9rie a\u00a0v\u00fd\u017eivn\u00e9 st\u00fapania, av\u0161ak s\u00a0mierou. Pre rodiny je pripraven\u00e1 <strong>Horal Dejzi s\u00a0d\u013a\u017ekou 17 km a\u00a0350 m<\/strong>. Jej druh\u00fdm menom je <strong>\u0160koda FAMILY<\/strong> &#8211; vedie po asfaltov\u00fdch lesn\u00fdch cest\u00e1ch, \u010do znamen\u00e1, \u017ee ju m\u00f4\u017eete absolvova\u0165 aj s\u00a0cyklovoz\u00edkom.<\/p>\n<lite-youtube videoid=aMP64fSZ7-w params=\"enablejsapi=1\" style=\"background-image: url('https:\/\/i.ytimg.com\/vi_webp\/aMP64fSZ7-w\/maxresdefault.webp');\"><\/lite-youtube>\n<h2><strong>Nezabudnite sa registrova\u0165!<\/strong><\/h2>\n<p>Samozrejmos\u0165ou pred \u00fa\u010das\u0165ou na pretekoch je <strong>ofici\u00e1lna registr\u00e1cia<\/strong>, ktor\u00e1 v\u00a0tomto pr\u00edpade pozost\u00e1va z\u00a0vyplnenia online formul\u00e1ra cez port\u00e1l SAO na <a href=\"https:\/\/www.horal.sk\/?p=1160\" rel=\"noopener noreferrer\" target=\"_blank\">tomto odkaze<\/a>. Ke\u010f\u017ee marat\u00f3n je u\u017e za dverami, \u00fahrada \u0161tartovn\u00e9ho je od 25. j\u00fala mo\u017en\u00e1 len na mieste v\u00a0de\u0148 pretekov. Viac inform\u00e1ci\u00ed z\u00edskate na <a href=\"https:\/\/www.horal.sk\/?p=3191\" rel=\"noopener noreferrer\" target=\"_blank\">tomto odkaze<\/a>.<\/p>\n<p><a href=\"https:\/\/d2p6e6u75xmxt8.cloudfront.net\/4\/2020\/07\/WLC_Pozv\u00e1nka-Horal_04.jpg\"><img loading=\"lazy\" decoding=\"async\" src=\"https:\/\/d2p6e6u75xmxt8.cloudfront.net\/4\/2020\/07\/WLC_Pozv\u00e1nka-Horal_04.jpg\" alt=\"\" width=\"1200\" height=\"800\" class=\"alignnone size-full wp-image-10384\" \/><\/a><\/p>\n<h2><strong>Ak nevyhr\u00e1te, st\u00e1le je tu tombola<\/strong><\/h2>\n<p>Tak ako na ka\u017edom cyklistickom s\u00fa\u0165a\u017enom podujat\u00ed, aj tu z\u00edskavaj\u00fa prv\u00ed traja vo svojej kateg\u00f3rii vecn\u00e9 ceny. Nie ka\u017ed\u00fd sa m\u00f4\u017ee sta\u0165 v\u00ed\u0165azom svojej kateg\u00f3rie alebo celkov\u00e9ho poradia na konkr\u00e9tnej trase. To v\u0161ak neznamen\u00e1, \u017ee si z\u00a0podujatia okrem dobr\u00e9ho pocitu nem\u00f4\u017ee odnies\u0165 nie\u010do hodnotn\u00e9. Aj v\u00a0tomto roku je toti\u017e pre ka\u017ed\u00e9ho \u00fa\u010dastn\u00edka <strong>pripraven\u00e1 tombola<\/strong>, v\u00a0ktorej s\u00fa zahrnut\u00e9 vecn\u00e9 ceny v\u00a0hodnote a\u017e 3\u00a0300 \u20ac. Hlavnou cenou bude bicykel \u0160koda v\u00a0hodnote 700 \u20ac. Pre\u010do teda z\u00fafa\u0165, ak sa domov m\u00f4\u017eete vr\u00e1ti\u0165 s\u00a0takouto dvojkolesovou cenou? <\/p>\n<p>V\u00a0pr\u00edpade <strong>ot\u00e1zok, alebo potreby informova\u0165 sa o\u00a0samotn\u00fdch pretekoch<\/strong>, nav\u0161t\u00edvte webov\u00e9 <a href=\"http:\/\/www.horal.sk\" rel=\"noopener noreferrer\" target=\"_blank\">str\u00e1nky Horal<\/a>, alebo osta\u0148te v\u00a0kontakte s\u00a0aktu\u00e1lnou <a href=\"https:\/\/www.facebook.com\/mtbhoral\/\" rel=\"noopener noreferrer\" target=\"_blank\">facebookovou str\u00e1nkou Horal<\/a>. V\u0161etky inform\u00e1cie o s\u00e9rii \u0160koda BIKE OPEN TOUR n\u00e1jdete na <a href=\"https:\/\/www.welovecycling.com\/sk\/sbot2020\/\" rel=\"noopener noreferrer\" target=\"_blank\">tomto odkaze<\/a>.<\/p>\n","protected":false},"excerpt":{"rendered":"<p>Po nepriaznivom obdob\u00ed, kedy museli by\u0165 viacer\u00e9 podujatia zru\u0161en\u00e9 \u010di prelo\u017een\u00e9, dost\u00e1va sa zados\u0165u\u010dinenia aj \u0160koda BIKE OPEN TOUR 2020, [&hellip;]<\/p>\n","protected":false},"author":81,"featured_media":10380,"comment_status":"open","ping_status":"open","sticky":false,"template":"","format":"standard","meta":{"footnotes":""},"categories":[3],"tags":[507,180,532,571,178,412,179,509,474,256,542,562,35,77,214,92,72,213,1244,1072,269,183],"global-categories":[1074],"class_list":["post-10376","post","type-post","status-publish","format-standard","has-post-thumbnail","hentry","category-mtb","tag-cyklorodinka","tag-horska-cyklistika","tag-jazdenie","tag-kralova-hola","tag-maraton","tag-mtb","tag-preteky","tag-rodina","tag-rodinny-maraton","tag-sezona","tag-skoda","tag-skoda-bicykel","tag-sbot","tag-skoda-dedina","tag-skoda-horal-mtb-maraton","tag-skoda-tim","tag-sutaz","tag-svit","tag-tombola","tag-trat","tag-vitaz","tag-zabava","global-categories-cycling"],"yoast_head":"<!-- This site is optimized with the Yoast SEO Premium plugin v25.3 (Yoast SEO v25.9) - https:\/\/yoast.com\/wordpress\/plugins\/seo\/ -->\n<title>Pozv\u00e1nka: \u0160koda HORAL MTB marat\u00f3n - predsa sme sa len do\u010dkali - \u0160koda We Love Cycling Slovensko<\/title>\n<meta name=\"robots\" content=\"index, follow, max-snippet:-1, max-image-preview:large, max-video-preview:-1\" \/>\n<link rel=\"canonical\" href=\"https:\/\/www.welovecycling.com\/sk\/2020\/07\/27\/pozvanka-skoda-horal-mtb-maraton-predsa-sme-sa-len-dockali\/\" \/>\n<meta property=\"og:locale\" content=\"sk_SK\" \/>\n<meta property=\"og:type\" content=\"article\" \/>\n<meta property=\"og:title\" content=\"Pozv\u00e1nka: \u0160koda HORAL MTB marat\u00f3n - predsa sme sa len do\u010dkali\" \/>\n<meta property=\"og:description\" content=\"Po nepriaznivom obdob\u00ed, kedy museli by\u0165 viacer\u00e9 podujatia zru\u0161en\u00e9 \u010di prelo\u017een\u00e9, dost\u00e1va sa zados\u0165u\u010dinenia aj \u0160koda BIKE OPEN TOUR 2020, [&hellip;]\" \/>\n<meta property=\"og:url\" content=\"https:\/\/www.welovecycling.com\/sk\/2020\/07\/27\/pozvanka-skoda-horal-mtb-maraton-predsa-sme-sa-len-dockali\/\" \/>\n<meta property=\"og:site_name\" content=\"\u0160koda We Love Cycling Slovensko\" \/>\n<meta property=\"article:published_time\" content=\"2020-07-27T08:00:05+00:00\" \/>\n<meta property=\"og:image\" content=\"https:\/\/d2p6e6u75xmxt8.cloudfront.net\/4\/2020\/07\/WLC_Pozv\u00e1nka-Horal_00.webp\" \/>\n\t<meta property=\"og:image:width\" content=\"1380\" \/>\n\t<meta property=\"og:image:height\" content=\"600\" \/>\n\t<meta property=\"og:image:type\" content=\"image\/webp\" \/>\n<meta name=\"twitter:card\" content=\"summary_large_image\" \/>\n<meta name=\"twitter:label1\" content=\"Written by\" \/>\n\t<meta name=\"twitter:data1\" content=\"WeLoveCycling\" \/>\n\t<meta name=\"twitter:label2\" content=\"Est. reading time\" \/>\n\t<meta name=\"twitter:data2\" content=\"4\" \/>\n<script type=\"application\/ld+json\" class=\"yoast-schema-graph\">{\"@context\":\"https:\/\/schema.org\",\"@graph\":[{\"@type\":\"WebPage\",\"@id\":\"https:\/\/www.welovecycling.com\/sk\/2020\/07\/27\/pozvanka-skoda-horal-mtb-maraton-predsa-sme-sa-len-dockali\/\",\"url\":\"https:\/\/www.welovecycling.com\/sk\/2020\/07\/27\/pozvanka-skoda-horal-mtb-maraton-predsa-sme-sa-len-dockali\/\",\"name\":\"Pozv\u00e1nka: \u0160koda HORAL MTB marat\u00f3n - predsa sme sa len do\u010dkali - \u0160koda We Love Cycling Slovensko\",\"isPartOf\":{\"@id\":\"https:\/\/www.welovecycling.com\/sk\/#website\"},\"primaryImageOfPage\":{\"@id\":\"https:\/\/www.welovecycling.com\/sk\/2020\/07\/27\/pozvanka-skoda-horal-mtb-maraton-predsa-sme-sa-len-dockali\/#primaryimage\"},\"image\":{\"@id\":\"https:\/\/www.welovecycling.com\/sk\/2020\/07\/27\/pozvanka-skoda-horal-mtb-maraton-predsa-sme-sa-len-dockali\/#primaryimage\"},\"thumbnailUrl\":\"https:\/\/d2p6e6u75xmxt8.cloudfront.net\/4\/2020\/07\/WLC_Pozv\u00e1nka-Horal_00.webp\",\"datePublished\":\"2020-07-27T08:00:05+00:00\",\"author\":{\"@id\":\"\"},\"breadcrumb\":{\"@id\":\"https:\/\/www.welovecycling.com\/sk\/2020\/07\/27\/pozvanka-skoda-horal-mtb-maraton-predsa-sme-sa-len-dockali\/#breadcrumb\"},\"inLanguage\":\"sk-SK\",\"potentialAction\":[{\"@type\":\"ReadAction\",\"target\":[\"https:\/\/www.welovecycling.com\/sk\/2020\/07\/27\/pozvanka-skoda-horal-mtb-maraton-predsa-sme-sa-len-dockali\/\"]}]},{\"@type\":\"ImageObject\",\"inLanguage\":\"sk-SK\",\"@id\":\"https:\/\/www.welovecycling.com\/sk\/2020\/07\/27\/pozvanka-skoda-horal-mtb-maraton-predsa-sme-sa-len-dockali\/#primaryimage\",\"url\":\"https:\/\/d2p6e6u75xmxt8.cloudfront.net\/4\/2020\/07\/WLC_Pozv\u00e1nka-Horal_00.webp\",\"contentUrl\":\"https:\/\/d2p6e6u75xmxt8.cloudfront.net\/4\/2020\/07\/WLC_Pozv\u00e1nka-Horal_00.webp\",\"width\":1380,\"height\":600},{\"@type\":\"BreadcrumbList\",\"@id\":\"https:\/\/www.welovecycling.com\/sk\/2020\/07\/27\/pozvanka-skoda-horal-mtb-maraton-predsa-sme-sa-len-dockali\/#breadcrumb\",\"itemListElement\":[{\"@type\":\"ListItem\",\"position\":1,\"name\":\"Home\",\"item\":\"https:\/\/www.welovecycling.com\/sk\/\"},{\"@type\":\"ListItem\",\"position\":2,\"name\":\"Pozv\u00e1nka: \u0160koda HORAL MTB marat\u00f3n &#8211; predsa sme sa len do\u010dkali\"}]},{\"@type\":\"WebSite\",\"@id\":\"https:\/\/www.welovecycling.com\/sk\/#website\",\"url\":\"https:\/\/www.welovecycling.com\/sk\/\",\"name\":\"\u0160koda We Love Cycling Slovensko\",\"description\":\"\u0160koda We Love Cycling Slovensko je v\u00e1\u0161 ka\u017edodenn\u00fd zdroj noviniek a in\u0161pir\u00e1cie z sveta cyklistiky\",\"potentialAction\":[{\"@type\":\"SearchAction\",\"target\":{\"@type\":\"EntryPoint\",\"urlTemplate\":\"https:\/\/www.welovecycling.com\/sk\/?s={search_term_string}\"},\"query-input\":{\"@type\":\"PropertyValueSpecification\",\"valueRequired\":true,\"valueName\":\"search_term_string\"}}],\"inLanguage\":\"sk-SK\"},{\"@type\":\"Person\",\"@id\":\"\",\"url\":\"https:\/\/www.welovecycling.com\/sk\/author\/\"}]}<\/script>\n<!-- \/ Yoast SEO Premium plugin. -->","yoast_head_json":{"title":"Pozv\u00e1nka: \u0160koda HORAL MTB marat\u00f3n - predsa sme sa len do\u010dkali - \u0160koda We Love Cycling Slovensko","robots":{"index":"index","follow":"follow","max-snippet":"max-snippet:-1","max-image-preview":"max-image-preview:large","max-video-preview":"max-video-preview:-1"},"canonical":"https:\/\/www.welovecycling.com\/sk\/2020\/07\/27\/pozvanka-skoda-horal-mtb-maraton-predsa-sme-sa-len-dockali\/","og_locale":"sk_SK","og_type":"article","og_title":"Pozv\u00e1nka: \u0160koda HORAL MTB marat\u00f3n - predsa sme sa len do\u010dkali","og_description":"Po nepriaznivom obdob\u00ed, kedy museli by\u0165 viacer\u00e9 podujatia zru\u0161en\u00e9 \u010di prelo\u017een\u00e9, dost\u00e1va sa zados\u0165u\u010dinenia aj \u0160koda BIKE OPEN TOUR 2020, [&hellip;]","og_url":"https:\/\/www.welovecycling.com\/sk\/2020\/07\/27\/pozvanka-skoda-horal-mtb-maraton-predsa-sme-sa-len-dockali\/","og_site_name":"\u0160koda We Love Cycling Slovensko","article_published_time":"2020-07-27T08:00:05+00:00","og_image":[{"width":1380,"height":600,"url":"https:\/\/d2p6e6u75xmxt8.cloudfront.net\/4\/2020\/07\/WLC_Pozv\u00e1nka-Horal_00.webp","type":"image\/webp"}],"twitter_card":"summary_large_image","twitter_misc":{"Written by":"WeLoveCycling","Est. reading time":"4"},"schema":{"@context":"https:\/\/schema.org","@graph":[{"@type":"WebPage","@id":"https:\/\/www.welovecycling.com\/sk\/2020\/07\/27\/pozvanka-skoda-horal-mtb-maraton-predsa-sme-sa-len-dockali\/","url":"https:\/\/www.welovecycling.com\/sk\/2020\/07\/27\/pozvanka-skoda-horal-mtb-maraton-predsa-sme-sa-len-dockali\/","name":"Pozv\u00e1nka: \u0160koda HORAL MTB marat\u00f3n - predsa sme sa len do\u010dkali - \u0160koda We Love Cycling Slovensko","isPartOf":{"@id":"https:\/\/www.welovecycling.com\/sk\/#website"},"primaryImageOfPage":{"@id":"https:\/\/www.welovecycling.com\/sk\/2020\/07\/27\/pozvanka-skoda-horal-mtb-maraton-predsa-sme-sa-len-dockali\/#primaryimage"},"image":{"@id":"https:\/\/www.welovecycling.com\/sk\/2020\/07\/27\/pozvanka-skoda-horal-mtb-maraton-predsa-sme-sa-len-dockali\/#primaryimage"},"thumbnailUrl":"https:\/\/d2p6e6u75xmxt8.cloudfront.net\/4\/2020\/07\/WLC_Pozv\u00e1nka-Horal_00.webp","datePublished":"2020-07-27T08:00:05+00:00","author":{"@id":""},"breadcrumb":{"@id":"https:\/\/www.welovecycling.com\/sk\/2020\/07\/27\/pozvanka-skoda-horal-mtb-maraton-predsa-sme-sa-len-dockali\/#breadcrumb"},"inLanguage":"sk-SK","potentialAction":[{"@type":"ReadAction","target":["https:\/\/www.welovecycling.com\/sk\/2020\/07\/27\/pozvanka-skoda-horal-mtb-maraton-predsa-sme-sa-len-dockali\/"]}]},{"@type":"ImageObject","inLanguage":"sk-SK","@id":"https:\/\/www.welovecycling.com\/sk\/2020\/07\/27\/pozvanka-skoda-horal-mtb-maraton-predsa-sme-sa-len-dockali\/#primaryimage","url":"https:\/\/d2p6e6u75xmxt8.cloudfront.net\/4\/2020\/07\/WLC_Pozv\u00e1nka-Horal_00.webp","contentUrl":"https:\/\/d2p6e6u75xmxt8.cloudfront.net\/4\/2020\/07\/WLC_Pozv\u00e1nka-Horal_00.webp","width":1380,"height":600},{"@type":"BreadcrumbList","@id":"https:\/\/www.welovecycling.com\/sk\/2020\/07\/27\/pozvanka-skoda-horal-mtb-maraton-predsa-sme-sa-len-dockali\/#breadcrumb","itemListElement":[{"@type":"ListItem","position":1,"name":"Home","item":"https:\/\/www.welovecycling.com\/sk\/"},{"@type":"ListItem","position":2,"name":"Pozv\u00e1nka: \u0160koda HORAL MTB marat\u00f3n &#8211; predsa sme sa len do\u010dkali"}]},{"@type":"WebSite","@id":"https:\/\/www.welovecycling.com\/sk\/#website","url":"https:\/\/www.welovecycling.com\/sk\/","name":"\u0160koda We Love Cycling Slovensko","description":"\u0160koda We Love Cycling Slovensko je v\u00e1\u0161 ka\u017edodenn\u00fd zdroj noviniek a in\u0161pir\u00e1cie z sveta cyklistiky","potentialAction":[{"@type":"SearchAction","target":{"@type":"EntryPoint","urlTemplate":"https:\/\/www.welovecycling.com\/sk\/?s={search_term_string}"},"query-input":{"@type":"PropertyValueSpecification","valueRequired":true,"valueName":"search_term_string"}}],"inLanguage":"sk-SK"},{"@type":"Person","@id":"","url":"https:\/\/www.welovecycling.com\/sk\/author\/"}]}},"_links":{"self":[{"href":"https:\/\/www.welovecycling.com\/sk\/wp-json\/wp\/v2\/posts\/10376","targetHints":{"allow":["GET"]}}],"collection":[{"href":"https:\/\/www.welovecycling.com\/sk\/wp-json\/wp\/v2\/posts"}],"about":[{"href":"https:\/\/www.welovecycling.com\/sk\/wp-json\/wp\/v2\/types\/post"}],"author":[{"embeddable":true,"href":"https:\/\/www.welovecycling.com\/sk\/wp-json\/wp\/v2\/users\/81"}],"replies":[{"embeddable":true,"href":"https:\/\/www.welovecycling.com\/sk\/wp-json\/wp\/v2\/comments?post=10376"}],"version-history":[{"count":2,"href":"https:\/\/www.welovecycling.com\/sk\/wp-json\/wp\/v2\/posts\/10376\/revisions"}],"predecessor-version":[{"id":10390,"href":"https:\/\/www.welovecycling.com\/sk\/wp-json\/wp\/v2\/posts\/10376\/revisions\/10390"}],"wp:featuredmedia":[{"embeddable":true,"href":"https:\/\/www.welovecycling.com\/sk\/wp-json\/wp\/v2\/media\/10380"}],"wp:attachment":[{"href":"https:\/\/www.welovecycling.com\/sk\/wp-json\/wp\/v2\/media?parent=10376"}],"wp:term":[{"taxonomy":"category","embeddable":true,"href":"https:\/\/www.welovecycling.com\/sk\/wp-json\/wp\/v2\/categories?post=10376"},{"taxonomy":"post_tag","embeddable":true,"href":"https:\/\/www.welovecycling.com\/sk\/wp-json\/wp\/v2\/tags?post=10376"},{"taxonomy":"global-categories","embeddable":true,"href":"https:\/\/www.welovecycling.com\/sk\/wp-json\/wp\/v2\/global-categories?post=10376"}],"curies":[{"name":"wp","href":"https:\/\/api.w.org\/{rel}","templated":true}]}}