{"id":10367,"date":"2020-07-29T10:00:51","date_gmt":"2020-07-29T08:00:51","guid":{"rendered":"https:\/\/www.welovecycling.com\/sk\/?p=10367"},"modified":"2020-07-27T17:12:55","modified_gmt":"2020-07-27T15:12:55","slug":"co-si-nezabudnut-vziat-na-vyjazd-poradime-vam","status":"publish","type":"post","link":"https:\/\/www.welovecycling.com\/sk\/2020\/07\/29\/co-si-nezabudnut-vziat-na-vyjazd-poradime-vam\/","title":{"rendered":"\u010co si nezabudn\u00fa\u0165 vzia\u0165 na v\u00fdjazd? Porad\u00edme v\u00e1m."},"content":{"rendered":"<p><strong>Chyst\u00e1te sa na celodenn\u00fd v\u00fdlet na bicykli? Alebo idete si len po pr\u00e1ci na chv\u00ed\u013eu vyvetra\u0165 hlavu? Pozreli sme sa na to, \u010do by ste si ur\u010dite mali vzia\u0165 so sebou. Mo\u017eno to u\u017e v\u0161etko so sebou nos\u00edte. A\u00a0mo\u017eno ste \u00fapln\u00fd za\u010diato\u010dn\u00edk a\u00a0na\u0161e rady v\u00e1m pr\u00eddu vhod. Ka\u017edop\u00e1dne nikdy nie je zl\u00e9 si vz\u00e1jomne pripomen\u00fa\u0165 z\u00e1kladn\u00e9 veci a\u00a0potreby.<\/strong><!--more--><\/p>\n<h2><strong>Voda<\/strong><\/h2>\n<p>Voda je z\u00e1klad \u017eivota a\u00a0plat\u00ed to aj na bicykli. Po\u010das v\u00fdjazdu a\u00a0najm\u00e4 v\u00a0letn\u00fdch hor\u00fa\u010dav\u00e1ch <strong>vypot\u00edte ve\u013ek\u00e9 mno\u017estvo tekut\u00edn, ktor\u00e9 je potrebn\u00e9 dop\u013a\u0148a\u0165<\/strong>. Niekedy je to a\u017e neuverite\u013en\u00e9, ko\u013eko toho vypijete. Samozrejme z\u00e1le\u017e\u00ed od d\u013a\u017eky v\u00fdjazdu a aj od intenzity. Ak idete na \u013eahk\u00fa hodinov\u00fa jazdu po rovinke, ur\u010dite v\u00e1m bude sta\u010di\u0165 jedna f\u013ea\u0161a. Ak v\u0161ak pl\u00e1nujete poriadny tr\u00e9ning v\u00a0kopcoch \u010di r\u00fdchlu jazdu po okol\u00ed, z\u00e1sobte sa dostato\u010dn\u00fdm mno\u017estvom tekut\u00edn. V\u00fdhodou je, ak m\u00e1te mo\u017enos\u0165 na r\u00e1m bicykla umiestni\u0165 dve f\u013ea\u0161e. Na nieko\u013eko hodinov\u00e9 v\u00fdlety \u010di celodenn\u00e9 jazdy, je u\u017e v\u0161ak potrebn\u00e9 vozi\u0165 so sebou vodu aj v\u00a0batohu, preto\u017ee spolieha\u0165 sa na to, \u017ee niekde naraz\u00edte v\u00a0lese na studni\u010dku sa nemus\u00ed vyplati\u0165.<\/p>\n<h2><strong>Jedlo<\/strong><\/h2>\n<p>Druhou d\u00f4le\u017eitou vecou je jedlo. Op\u00e4\u0165 aj tu plat\u00ed, \u017ee mno\u017estvo jedla z\u00e1vis\u00ed od po\u010dtu hod\u00edn str\u00e1ven\u00fdch v\u00a0sedle. Ani na tie dlh\u0161ie v\u00fdjazdy v\u0161ak nie je potrebn\u00e9 si vzia\u0165 so sebou rezne \u010di klob\u00e1sky. Pri tak\u00fdchto dlh\u0161\u00edch tras\u00e1ch plat\u00ed pravidlo, <strong>dop\u013a\u0148a\u0165 energiu v men\u0161\u00edch d\u00e1vkach a hlavne pravidelne<\/strong>. Ke\u010f si ka\u017ed\u00fa hodinku d\u00e1te nie\u010do mal\u00e9, nebudete ma\u0165 pocit hladu. A\u00a0na druh\u00fa stranu, keby ste sa v\u00a0polovici v\u00fdletu ve\u013emi najedli, asi len \u0165a\u017eko by sa v\u00e1m pokra\u010dovalo s\u00a0pln\u00fdm bruchom. Po\u010das intenz\u00edvnych v\u00fdjazdov sa mnoh\u00fdm osved\u010dili energetick\u00e9 ty\u010dinky a\u00a0g\u00e9ly, ktor\u00e9 v\u00e1m doplnia miner\u00e1ly a\u00a0vitam\u00edny, ktor\u00e9 ste vypotili. Niekedy v\u0161ak celkom dobre posl\u00fa\u017eia aj oby\u010dajn\u00e9 Horalky \u010di s\u00f3jov\u00e9 ty\u010dinky. Vysk\u00fa\u0161ajte jedno aj druh\u00e9 a\u00a0<strong>sami sa rozhodnite, \u010do v\u00e1m viac vyhovuje<\/strong>.<\/p>\n<p><a href=\"https:\/\/d2p6e6u75xmxt8.cloudfront.net\/4\/2020\/07\/vyjazd_01.jpg\"><img loading=\"lazy\" decoding=\"async\" src=\"https:\/\/d2p6e6u75xmxt8.cloudfront.net\/4\/2020\/07\/vyjazd_01.jpg\" alt=\"\" width=\"1200\" height=\"800\" class=\"alignnone size-full wp-image-10370\" \/><\/a><\/p>\n<h2><strong>Oble\u010denie<\/strong><\/h2>\n<p>Ke\u010f u\u017e zodpovedne dop\u013a\u0148ame tekutiny aj energiu, \u010fal\u0161ou vecou, ktor\u00e1 by n\u00e1m mohla ch\u00fdba\u0165 a\u00a0sp\u00f4sobi\u0165 nepohodu, je nevhodne zvolen\u00e9 oble\u010denie. Treba myslie\u0165 na to, \u017ee <strong>po\u010dasie sa m\u00f4\u017ee zmeni\u0165 a\u00a0obzvl\u00e1\u0161\u0165 to plat\u00ed v\u00a0hor\u00e1ch<\/strong>. Aj ke\u010f je r\u00e1no kr\u00e1sne bezobla\u010dn\u00e9 nebo, nikto v\u00e1m nezaru\u010d\u00ed, \u017ee okolo obeda poriadne sp\u0155chne. Preto je dobr\u00e9 si nabali\u0165 aspo\u0148 nepremokav\u00fa bundu, ktor\u00e1 udr\u017e\u00ed stred tela v\u00a0suchu. Proti chladu je dobr\u00e9 si zaobstara\u0165 n\u00e1vleky na ruky a\u00a0nohy, ktor\u00e9 s\u00fa mal\u00e9 a\u00a0skladn\u00e9, no s\u00fa to naozaj u\u017eito\u010dn\u00ed pomocn\u00edci.<\/p>\n<h2><strong>N\u00e1radie<\/strong><\/h2>\n<p>Pre niektor\u00fdch cyklistov je nosenie n\u00e1radia zbyto\u010dnou z\u00e1\u0165a\u017eou a\u00a0o\u00a0n\u00e1hradnej du\u0161i u\u017e ani nehovor\u00edme. Ale to, \u017ee ste u\u017e dlho defekt nedostali neznamen\u00e1, \u017ee pr\u00e1ve v\u00a0momente, ke\u010f budete naj\u010falej od domu, sa v\u00e1m to nem\u00f4\u017ee sta\u0165. A\u00a0to ani nehovor\u00edm o\u00a0pretrhnutej re\u0165azi. Dne\u0161n\u00e9 n\u00e1radia a\u00a0multik\u013e\u00fa\u010de s\u00fa u\u017e naozaj v\u00a0praktickom balen\u00ed a dokonca aj vyzeraj\u00fa dobre. Ani MacGyver by sa za ne nemusel hanbi\u0165. V\u00a0ka\u017edej dobrej predajni ich n\u00e1jdete nieko\u013eko druhov, ktor\u00e9 \u013eahko zmest\u00edte do podsedlovej ta\u0161ky. A\u00a0n\u00e1hradn\u00fa du\u0161u si m\u00f4\u017eete p\u00e1skou prilepi\u0165 niekde na r\u00e1m a <strong>ani neviete, kedy sa v\u00e1m m\u00f4\u017ee hodi\u0165<\/strong>.<\/p>\n<p><a href=\"https:\/\/d2p6e6u75xmxt8.cloudfront.net\/4\/2020\/07\/vyjazd_02.jpg\"><img loading=\"lazy\" decoding=\"async\" src=\"https:\/\/d2p6e6u75xmxt8.cloudfront.net\/4\/2020\/07\/vyjazd_02.jpg\" alt=\"\" width=\"1200\" height=\"800\" class=\"alignnone size-full wp-image-10371\" \/><\/a><\/p>\n<h2><strong>Doklady a peniaze<\/strong><\/h2>\n<p>Niekto si na cestu berie cel\u00fa pe\u0148a\u017eenku so v\u0161etk\u00fdmi dokladmi, in\u00ed si vezm\u00fa len z\u00e1kladn\u00e9 doklady, karti\u010dku poistenca a\u00a0nejak\u00fa \u201cdvacku\u201d pre istotu. Samozrejme je to na v\u00e1s, ale ur\u010dite je dobr\u00e9 si vzia\u0165 <strong>minim\u00e1lne ob\u010diansky preukaz a\u00a0karti\u010dku poistenca<\/strong>. Keby sa nie\u010do stalo, u\u0161etr\u00edte si zbyto\u010dn\u00e9 starosti. O\u00a0tom, \u010di si vzia\u0165 aj kreditku, alebo sta\u010d\u00ed nejak\u00e1 mal\u00e1 hotovos\u0165, netreba diskutova\u0165. Ka\u017edop\u00e1dne nejak\u00e9 peniaze si ur\u010dite vezmite, nikdy neviete, kedy ich budete potrebova\u0165. Ak u\u017e na ni\u010d in\u00e9 nie, mo\u017eno p\u00f4jdete okolo l\u00e1kavo vyzeraj\u00facej kr\u010dmi\u010dky a\u00a0nie je ni\u010d hor\u0161ie, ako fakt, \u017ee ste si peniaze nevzali, a\u00a0to jedno pivko by v\u00e1m v\u00a0tejto hor\u00fa\u010dave tak dobre padlo.<\/p>\n<h2><strong>Dobr\u00e1 n\u00e1lada<\/strong><\/h2>\n<p>\u0160\u0165astie sa k\u00fapi\u0165 ned\u00e1, ale v\u017edy si m\u00f4\u017eete k\u00fapi\u0165 aspo\u0148 bicykel. A\u00a0skuto\u010dne to plat\u00ed, lebo jazdou na bicykli si kr\u00e1sne pre\u010dist\u00edte hlavu. Pr\u00e1ve preto mnoh\u00ed po n\u00e1vrate z\u00a0pr\u00e1ce ihne\u010f sadn\u00fa na bicykel a\u00a0aspo\u0148 na hodinku sa id\u00fa previez\u0165. O\u00a0v\u00edkendov\u00fdch v\u00fdjazdoch s\u00a0kamar\u00e1tmi \u010di rodinou netreba ani p\u00edsa\u0165. V\u00a0\u017eiadnom pr\u00edpade tam <strong>dobr\u00e1 n\u00e1lada nech\u00fdba a\u00a0nemala by ch\u00fdba\u0165<\/strong>. <\/p>\n<p>A\u00a0mimochodom vedci zistili, \u017ee u\u017e len ten samotn\u00fd opakovan\u00fd rytmus po\u010das \u0161liapania do ped\u00e1lov m\u00e1 upokojuj\u00faci \u00fa\u010dinok na na\u0161u psychiku. Tak zoberte si v\u0161etko potrebn\u00e9 a <strong>vid\u00edme sa v sedle bicykla<\/strong>.<\/p>\n","protected":false},"excerpt":{"rendered":"<p>Chyst\u00e1te sa na celodenn\u00fd v\u00fdlet na bicykli? Alebo idete si len po pr\u00e1ci na chv\u00ed\u013eu vyvetra\u0165 hlavu? Pozreli sme sa [&hellip;]<\/p>\n","protected":false},"author":81,"featured_media":10369,"comment_status":"open","ping_status":"open","sticky":false,"template":"","format":"standard","meta":{"footnotes":""},"categories":[191],"tags":[619,115,43,507,904,514,180,622,565,285,888,551,953,318,508,44,161],"global-categories":[1074],"class_list":["post-10367","post","type-post","status-publish","format-standard","has-post-thumbnail","hentry","category-odporucame","tag-bicyklovanie","tag-cestna-cyklistika","tag-cyklo-jedlo","tag-cyklorodinka","tag-defekt","tag-energia","tag-horska-cyklistika","tag-jedlo","tag-naradie","tag-oblecenie","tag-peniaze","tag-pitny-rezim","tag-voda","tag-vyjazd","tag-vylet","tag-vyziva","tag-zdravie","global-categories-cycling"],"yoast_head":"<!-- This site is optimized with the Yoast SEO Premium plugin v25.3 (Yoast SEO v25.9) - https:\/\/yoast.com\/wordpress\/plugins\/seo\/ -->\n<title>\u010co si nezabudn\u00fa\u0165 vzia\u0165 na v\u00fdjazd? Porad\u00edme v\u00e1m. - \u0160koda We Love Cycling Slovensko<\/title>\n<meta name=\"robots\" content=\"index, follow, max-snippet:-1, max-image-preview:large, max-video-preview:-1\" \/>\n<link rel=\"canonical\" href=\"https:\/\/www.welovecycling.com\/sk\/2020\/07\/29\/co-si-nezabudnut-vziat-na-vyjazd-poradime-vam\/\" \/>\n<meta property=\"og:locale\" content=\"sk_SK\" \/>\n<meta property=\"og:type\" content=\"article\" \/>\n<meta property=\"og:title\" content=\"\u010co si nezabudn\u00fa\u0165 vzia\u0165 na v\u00fdjazd? Porad\u00edme v\u00e1m.\" \/>\n<meta property=\"og:description\" content=\"Chyst\u00e1te sa na celodenn\u00fd v\u00fdlet na bicykli? Alebo idete si len po pr\u00e1ci na chv\u00ed\u013eu vyvetra\u0165 hlavu? Pozreli sme sa [&hellip;]\" \/>\n<meta property=\"og:url\" content=\"https:\/\/www.welovecycling.com\/sk\/2020\/07\/29\/co-si-nezabudnut-vziat-na-vyjazd-poradime-vam\/\" \/>\n<meta property=\"og:site_name\" content=\"\u0160koda We Love Cycling Slovensko\" \/>\n<meta property=\"article:published_time\" content=\"2020-07-29T08:00:51+00:00\" \/>\n<meta property=\"og:image\" content=\"https:\/\/d2p6e6u75xmxt8.cloudfront.net\/4\/2020\/07\/vyjazd_00.webp\" \/>\n\t<meta property=\"og:image:width\" content=\"1380\" \/>\n\t<meta property=\"og:image:height\" content=\"600\" \/>\n\t<meta property=\"og:image:type\" content=\"image\/webp\" \/>\n<meta name=\"twitter:card\" content=\"summary_large_image\" \/>\n<meta name=\"twitter:label1\" content=\"Written by\" \/>\n\t<meta name=\"twitter:data1\" content=\"Radovan Vr\u0161ka\" \/>\n\t<meta name=\"twitter:label2\" content=\"Est. reading time\" \/>\n\t<meta name=\"twitter:data2\" content=\"4\" \/>\n<script type=\"application\/ld+json\" class=\"yoast-schema-graph\">{\"@context\":\"https:\/\/schema.org\",\"@graph\":[{\"@type\":\"WebPage\",\"@id\":\"https:\/\/www.welovecycling.com\/sk\/2020\/07\/29\/co-si-nezabudnut-vziat-na-vyjazd-poradime-vam\/\",\"url\":\"https:\/\/www.welovecycling.com\/sk\/2020\/07\/29\/co-si-nezabudnut-vziat-na-vyjazd-poradime-vam\/\",\"name\":\"\u010co si nezabudn\u00fa\u0165 vzia\u0165 na v\u00fdjazd? Porad\u00edme v\u00e1m. - \u0160koda We Love Cycling Slovensko\",\"isPartOf\":{\"@id\":\"https:\/\/www.welovecycling.com\/sk\/#website\"},\"primaryImageOfPage\":{\"@id\":\"https:\/\/www.welovecycling.com\/sk\/2020\/07\/29\/co-si-nezabudnut-vziat-na-vyjazd-poradime-vam\/#primaryimage\"},\"image\":{\"@id\":\"https:\/\/www.welovecycling.com\/sk\/2020\/07\/29\/co-si-nezabudnut-vziat-na-vyjazd-poradime-vam\/#primaryimage\"},\"thumbnailUrl\":\"https:\/\/d2p6e6u75xmxt8.cloudfront.net\/4\/2020\/07\/vyjazd_00.webp\",\"datePublished\":\"2020-07-29T08:00:51+00:00\",\"author\":{\"@id\":\"\"},\"breadcrumb\":{\"@id\":\"https:\/\/www.welovecycling.com\/sk\/2020\/07\/29\/co-si-nezabudnut-vziat-na-vyjazd-poradime-vam\/#breadcrumb\"},\"inLanguage\":\"sk-SK\",\"potentialAction\":[{\"@type\":\"ReadAction\",\"target\":[\"https:\/\/www.welovecycling.com\/sk\/2020\/07\/29\/co-si-nezabudnut-vziat-na-vyjazd-poradime-vam\/\"]}]},{\"@type\":\"ImageObject\",\"inLanguage\":\"sk-SK\",\"@id\":\"https:\/\/www.welovecycling.com\/sk\/2020\/07\/29\/co-si-nezabudnut-vziat-na-vyjazd-poradime-vam\/#primaryimage\",\"url\":\"https:\/\/d2p6e6u75xmxt8.cloudfront.net\/4\/2020\/07\/vyjazd_00.webp\",\"contentUrl\":\"https:\/\/d2p6e6u75xmxt8.cloudfront.net\/4\/2020\/07\/vyjazd_00.webp\",\"width\":1380,\"height\":600},{\"@type\":\"BreadcrumbList\",\"@id\":\"https:\/\/www.welovecycling.com\/sk\/2020\/07\/29\/co-si-nezabudnut-vziat-na-vyjazd-poradime-vam\/#breadcrumb\",\"itemListElement\":[{\"@type\":\"ListItem\",\"position\":1,\"name\":\"Home\",\"item\":\"https:\/\/www.welovecycling.com\/sk\/\"},{\"@type\":\"ListItem\",\"position\":2,\"name\":\"\u010co si nezabudn\u00fa\u0165 vzia\u0165 na v\u00fdjazd? Porad\u00edme v\u00e1m.\"}]},{\"@type\":\"WebSite\",\"@id\":\"https:\/\/www.welovecycling.com\/sk\/#website\",\"url\":\"https:\/\/www.welovecycling.com\/sk\/\",\"name\":\"\u0160koda We Love Cycling Slovensko\",\"description\":\"\u0160koda We Love Cycling Slovensko je v\u00e1\u0161 ka\u017edodenn\u00fd zdroj noviniek a in\u0161pir\u00e1cie z sveta cyklistiky\",\"potentialAction\":[{\"@type\":\"SearchAction\",\"target\":{\"@type\":\"EntryPoint\",\"urlTemplate\":\"https:\/\/www.welovecycling.com\/sk\/?s={search_term_string}\"},\"query-input\":{\"@type\":\"PropertyValueSpecification\",\"valueRequired\":true,\"valueName\":\"search_term_string\"}}],\"inLanguage\":\"sk-SK\"},{\"@type\":\"Person\",\"@id\":\"\",\"url\":\"https:\/\/www.welovecycling.com\/sk\/author\/\"}]}<\/script>\n<!-- \/ Yoast SEO Premium plugin. -->","yoast_head_json":{"title":"\u010co si nezabudn\u00fa\u0165 vzia\u0165 na v\u00fdjazd? Porad\u00edme v\u00e1m. - \u0160koda We Love Cycling Slovensko","robots":{"index":"index","follow":"follow","max-snippet":"max-snippet:-1","max-image-preview":"max-image-preview:large","max-video-preview":"max-video-preview:-1"},"canonical":"https:\/\/www.welovecycling.com\/sk\/2020\/07\/29\/co-si-nezabudnut-vziat-na-vyjazd-poradime-vam\/","og_locale":"sk_SK","og_type":"article","og_title":"\u010co si nezabudn\u00fa\u0165 vzia\u0165 na v\u00fdjazd? Porad\u00edme v\u00e1m.","og_description":"Chyst\u00e1te sa na celodenn\u00fd v\u00fdlet na bicykli? Alebo idete si len po pr\u00e1ci na chv\u00ed\u013eu vyvetra\u0165 hlavu? Pozreli sme sa [&hellip;]","og_url":"https:\/\/www.welovecycling.com\/sk\/2020\/07\/29\/co-si-nezabudnut-vziat-na-vyjazd-poradime-vam\/","og_site_name":"\u0160koda We Love Cycling Slovensko","article_published_time":"2020-07-29T08:00:51+00:00","og_image":[{"width":1380,"height":600,"url":"https:\/\/d2p6e6u75xmxt8.cloudfront.net\/4\/2020\/07\/vyjazd_00.webp","type":"image\/webp"}],"twitter_card":"summary_large_image","twitter_misc":{"Written by":"Radovan Vr\u0161ka","Est. reading time":"4"},"schema":{"@context":"https:\/\/schema.org","@graph":[{"@type":"WebPage","@id":"https:\/\/www.welovecycling.com\/sk\/2020\/07\/29\/co-si-nezabudnut-vziat-na-vyjazd-poradime-vam\/","url":"https:\/\/www.welovecycling.com\/sk\/2020\/07\/29\/co-si-nezabudnut-vziat-na-vyjazd-poradime-vam\/","name":"\u010co si nezabudn\u00fa\u0165 vzia\u0165 na v\u00fdjazd? Porad\u00edme v\u00e1m. - \u0160koda We Love Cycling Slovensko","isPartOf":{"@id":"https:\/\/www.welovecycling.com\/sk\/#website"},"primaryImageOfPage":{"@id":"https:\/\/www.welovecycling.com\/sk\/2020\/07\/29\/co-si-nezabudnut-vziat-na-vyjazd-poradime-vam\/#primaryimage"},"image":{"@id":"https:\/\/www.welovecycling.com\/sk\/2020\/07\/29\/co-si-nezabudnut-vziat-na-vyjazd-poradime-vam\/#primaryimage"},"thumbnailUrl":"https:\/\/d2p6e6u75xmxt8.cloudfront.net\/4\/2020\/07\/vyjazd_00.webp","datePublished":"2020-07-29T08:00:51+00:00","author":{"@id":""},"breadcrumb":{"@id":"https:\/\/www.welovecycling.com\/sk\/2020\/07\/29\/co-si-nezabudnut-vziat-na-vyjazd-poradime-vam\/#breadcrumb"},"inLanguage":"sk-SK","potentialAction":[{"@type":"ReadAction","target":["https:\/\/www.welovecycling.com\/sk\/2020\/07\/29\/co-si-nezabudnut-vziat-na-vyjazd-poradime-vam\/"]}]},{"@type":"ImageObject","inLanguage":"sk-SK","@id":"https:\/\/www.welovecycling.com\/sk\/2020\/07\/29\/co-si-nezabudnut-vziat-na-vyjazd-poradime-vam\/#primaryimage","url":"https:\/\/d2p6e6u75xmxt8.cloudfront.net\/4\/2020\/07\/vyjazd_00.webp","contentUrl":"https:\/\/d2p6e6u75xmxt8.cloudfront.net\/4\/2020\/07\/vyjazd_00.webp","width":1380,"height":600},{"@type":"BreadcrumbList","@id":"https:\/\/www.welovecycling.com\/sk\/2020\/07\/29\/co-si-nezabudnut-vziat-na-vyjazd-poradime-vam\/#breadcrumb","itemListElement":[{"@type":"ListItem","position":1,"name":"Home","item":"https:\/\/www.welovecycling.com\/sk\/"},{"@type":"ListItem","position":2,"name":"\u010co si nezabudn\u00fa\u0165 vzia\u0165 na v\u00fdjazd? Porad\u00edme v\u00e1m."}]},{"@type":"WebSite","@id":"https:\/\/www.welovecycling.com\/sk\/#website","url":"https:\/\/www.welovecycling.com\/sk\/","name":"\u0160koda We Love Cycling Slovensko","description":"\u0160koda We Love Cycling Slovensko je v\u00e1\u0161 ka\u017edodenn\u00fd zdroj noviniek a in\u0161pir\u00e1cie z sveta cyklistiky","potentialAction":[{"@type":"SearchAction","target":{"@type":"EntryPoint","urlTemplate":"https:\/\/www.welovecycling.com\/sk\/?s={search_term_string}"},"query-input":{"@type":"PropertyValueSpecification","valueRequired":true,"valueName":"search_term_string"}}],"inLanguage":"sk-SK"},{"@type":"Person","@id":"","url":"https:\/\/www.welovecycling.com\/sk\/author\/"}]}},"_links":{"self":[{"href":"https:\/\/www.welovecycling.com\/sk\/wp-json\/wp\/v2\/posts\/10367","targetHints":{"allow":["GET"]}}],"collection":[{"href":"https:\/\/www.welovecycling.com\/sk\/wp-json\/wp\/v2\/posts"}],"about":[{"href":"https:\/\/www.welovecycling.com\/sk\/wp-json\/wp\/v2\/types\/post"}],"author":[{"embeddable":true,"href":"https:\/\/www.welovecycling.com\/sk\/wp-json\/wp\/v2\/users\/81"}],"replies":[{"embeddable":true,"href":"https:\/\/www.welovecycling.com\/sk\/wp-json\/wp\/v2\/comments?post=10367"}],"version-history":[{"count":2,"href":"https:\/\/www.welovecycling.com\/sk\/wp-json\/wp\/v2\/posts\/10367\/revisions"}],"predecessor-version":[{"id":10374,"href":"https:\/\/www.welovecycling.com\/sk\/wp-json\/wp\/v2\/posts\/10367\/revisions\/10374"}],"wp:featuredmedia":[{"embeddable":true,"href":"https:\/\/www.welovecycling.com\/sk\/wp-json\/wp\/v2\/media\/10369"}],"wp:attachment":[{"href":"https:\/\/www.welovecycling.com\/sk\/wp-json\/wp\/v2\/media?parent=10367"}],"wp:term":[{"taxonomy":"category","embeddable":true,"href":"https:\/\/www.welovecycling.com\/sk\/wp-json\/wp\/v2\/categories?post=10367"},{"taxonomy":"post_tag","embeddable":true,"href":"https:\/\/www.welovecycling.com\/sk\/wp-json\/wp\/v2\/tags?post=10367"},{"taxonomy":"global-categories","embeddable":true,"href":"https:\/\/www.welovecycling.com\/sk\/wp-json\/wp\/v2\/global-categories?post=10367"}],"curies":[{"name":"wp","href":"https:\/\/api.w.org\/{rel}","templated":true}]}}