{"id":10344,"date":"2020-07-17T09:00:54","date_gmt":"2020-07-17T07:00:54","guid":{"rendered":"https:\/\/www.welovecycling.com\/sk\/?p=10344"},"modified":"2020-07-20T12:47:19","modified_gmt":"2020-07-20T10:47:19","slug":"pozvanka-2-kolo-detskej-tour-petra-sagana-tentoraz-v-rimavskej-sobote","status":"publish","type":"post","link":"https:\/\/www.welovecycling.com\/sk\/2020\/07\/17\/pozvanka-2-kolo-detskej-tour-petra-sagana-tentoraz-v-rimavskej-sobote\/","title":{"rendered":"Pozv\u00e1nka: 2. kolo Detskej Tour Petra Sagana tentoraz v\u00a0Rimavskej Sobote"},"content":{"rendered":"<p><strong>Leto je v\u00a0plnom pr\u00fade a\u00a0ak sa va\u0161e ratolesti nudia, tak ich m\u00f4\u017eete vzia\u0165 na najbli\u017e\u0161ie kolo Detskej Tour Petra Sagana, ktor\u00e9 sa odohr\u00e1 u\u017e 26. j\u00fala v\u00a0Rimavskej Sobote.<\/strong><!--more--><\/p>\n<p>Detsk\u00e1 Tour Petra Sagana je koncept pretekov, ktor\u00e9 s\u00fa <strong>zameran\u00e9 na ml\u00e1de\u017e od naj\u00fatlej\u0161\u00edch pretek\u00e1rov a\u017e po pomaly dospievaj\u00face hviezdy<\/strong>. Z\u00e1mer organiz\u00e1torov je jasn\u00fd &#8211; motivova\u0165 na\u0161e ratolesti k\u00a0tomu, aby brali cyklistiku ako s\u00fa\u010das\u0165 \u017eivota. Navy\u0161e, okrem nov\u00fdch sk\u00fasenost\u00ed m\u00f4\u017eu z\u00edska\u0165 aj priate\u013eov a\u00a0\u0161portov\u00e9 ocenenie. Samozrejme, s\u00a0dodr\u017ean\u00edm s\u00fa\u010dasn\u00fdch obmedzen\u00ed a\u00a0hygienick\u00fdch odpor\u00fa\u010dan\u00ed.<\/p>\n<p><a href=\"https:\/\/d2p6e6u75xmxt8.cloudfront.net\/4\/2020\/07\/WLC_Pozvanka-Tour-Petra-Sagana-2.-kolo_01.jpg\"><img loading=\"lazy\" decoding=\"async\" class=\"alignnone size-full wp-image-10346\" src=\"https:\/\/d2p6e6u75xmxt8.cloudfront.net\/4\/2020\/07\/WLC_Pozvanka-Tour-Petra-Sagana-2.-kolo_01.jpg\" alt=\"\" width=\"1200\" height=\"800\" \/><\/a><\/p>\n<h2><strong>Kde a\u00a0kedy?<\/strong><\/h2>\n<p>Prv\u00e9 kolo u\u017e m\u00e1me za sebou. Teraz je \u010das pre to druh\u00e9, ktor\u00e9 sa bude odohr\u00e1va\u0165 v\u00a0<strong>Rimavskej Sobote po\u010das nedele, 26. j\u00fala 2020<\/strong>. Miesto \u0161tartu a\u00a0aj cie\u013ea bude v\u00a0Mestskom parku, kde sa zhroma\u017edia v\u0161etky kateg\u00f3rie s\u00fa\u0165a\u017eiacich. Po\u010das uplynul\u00e9ho ro\u010dn\u00edka sa tu stretlo a\u017e vy\u0161e 500 jazdcov, \u010do je hodenou rukavicou pre tohtoro\u010dn\u00fa akciu.<\/p>\n<p><a href=\"https:\/\/d2p6e6u75xmxt8.cloudfront.net\/4\/2020\/07\/WLC_Pozvanka-Tour-Petra-Sagana-2.-kolo_02.jpg\"><img loading=\"lazy\" decoding=\"async\" class=\"alignnone size-full wp-image-10347\" src=\"https:\/\/d2p6e6u75xmxt8.cloudfront.net\/4\/2020\/07\/WLC_Pozvanka-Tour-Petra-Sagana-2.-kolo_02.jpg\" alt=\"\" width=\"1200\" height=\"800\" \/><\/a><\/p>\n<p>Te\u0161i\u0165 sa m\u00f4\u017eete na <strong>rozdelenie pod\u013ea kateg\u00f3ri\u00ed, ale aj pod\u013ea pohlavia<\/strong>. V\u00a0kone\u010dnom d\u00f4sledku bude delenie nasledovn\u00e9:<\/p>\n<ul>\n<li>Star\u0161\u00ed \u017eiaci a \u017eia\u010dky 2006 \u2013 2007<\/li>\n<li>Mlad\u0161\u00ed \u017eiaci a \u017eia\u010dky 2008 \u2013 2009<\/li>\n<li>Mini 2010 \u2013 2011<\/li>\n<li>Mili 2012 \u2013 2013<\/li>\n<li>Mikro 2014 \u2013 2015<\/li>\n<li>Baby 2016 &#8211; 2019<\/li>\n<\/ul>\n<p><a href=\"https:\/\/d2p6e6u75xmxt8.cloudfront.net\/4\/2020\/07\/WLC_Pozvanka-Tour-Petra-Sagana-2.-kolo_03.jpg\"><img loading=\"lazy\" decoding=\"async\" class=\"alignnone size-full wp-image-10348\" src=\"https:\/\/d2p6e6u75xmxt8.cloudfront.net\/4\/2020\/07\/WLC_Pozvanka-Tour-Petra-Sagana-2.-kolo_03.jpg\" alt=\"\" width=\"1200\" height=\"800\" \/><\/a><\/p>\n<p>Po prvom kole vedie v\u00a0bodovacej s\u00fa\u0165a\u017ei Mikro diev\u010dat <strong>Marta Dvo\u0159\u00e1kov\u00e1<\/strong>, u\u00a0chlapcov je to <strong>Matias \u010eurco<\/strong>. Kateg\u00f3riu Mili chlapcov vedie <strong>Luk\u00e1\u0161 Ma\u0161ura<\/strong>, zatia\u013e \u010do v\u00a0rovnakej, av\u0161ak diev\u010denskej kateg\u00f3rii je to <strong>Anetka P\u0161enkov\u00e1<\/strong>. Ve\u013emi po\u010detn\u00fa skupinu Mini chlapcov s\u00a0preh\u013eadom ovl\u00e1dol <strong>Sebasti\u00e1n Trnka<\/strong>, ktor\u00fd zdolal vy\u0161e 60 svojich konkurentov. Mini diev\u010dat\u00e1 opanovala <strong>Nina Raffajov\u00e1<\/strong> z\u00a0CK M\u0160K Ke\u017emarok. U\u00a0mlad\u0161\u00edch \u017eiakov sa darilo <strong>Michalovi \u0160ichtovi<\/strong>, zatia\u013e \u010do Mlad\u0161ie \u017eia\u010dky vyhrala <strong>Alexandra Kadlecov\u00e1<\/strong>. Star\u0161\u00edch \u017eiakov vedie <strong>Luk\u00e1\u0161 Pan\u00e1\u010dek<\/strong> &#8211; v\u00a0pr\u00edpade Star\u0161\u00edch \u017eia\u010dok je to <strong>Hana Ferejov\u00e1<\/strong>.<\/p>\n<p><a href=\"https:\/\/d2p6e6u75xmxt8.cloudfront.net\/4\/2020\/07\/WLC_Pozvanka-Tour-Petra-Sagana-2.-kolo_04.jpg\"><img loading=\"lazy\" decoding=\"async\" class=\"alignnone size-full wp-image-10349\" src=\"https:\/\/d2p6e6u75xmxt8.cloudfront.net\/4\/2020\/07\/WLC_Pozvanka-Tour-Petra-Sagana-2.-kolo_04.jpg\" alt=\"\" width=\"1200\" height=\"800\" \/><\/a><\/p>\n<p>Okrem samotn\u00fdch pretekov je pripraven\u00e1 aj <strong>spr\u00e1vna cyklistick\u00e1 atmosf\u00e9ra<\/strong>, nieko\u013eko zauj\u00edmav\u00fdch atrakci\u00ed a\u00a0z\u00e1zemie, ktor\u00e9 dopln\u00ed nielen psychick\u00e9, ale aj fyzick\u00e9 sily po n\u00e1ro\u010dnom boji na trati.<\/p>\n<p>Viac inform\u00e1ci\u00ed z\u00edskate na str\u00e1nke <a href=\"http:\/\/www.detskatour.sk\" target=\"_blank\" rel=\"noopener noreferrer\">Detskej Tour<\/a> alebo na ich <a href=\"https:\/\/www.facebook.com\/pages\/category\/Sports-Event\/Detsk\u00e1-tour-Petra-Sagana-669898986384837\/\" target=\"_blank\" rel=\"noopener noreferrer\">Facebook str\u00e1nke<\/a>. <strong>Organiz\u00e1tori sa na v\u00e1s u\u017e te\u0161ia.<\/strong><\/p>\n","protected":false},"excerpt":{"rendered":"<p>Leto je v\u00a0plnom pr\u00fade a\u00a0ak sa va\u0161e ratolesti nudia, tak ich m\u00f4\u017eete vzia\u0165 na najbli\u017e\u0161ie kolo Detskej Tour Petra Sagana, [&hellip;]<\/p>\n","protected":false},"author":81,"featured_media":10345,"comment_status":"open","ping_status":"open","sticky":false,"template":"","format":"standard","meta":{"footnotes":""},"categories":[51],"tags":[619,115,53,764,54,532,767,46,91,256,523,1072,623],"global-categories":[1074],"class_list":["post-10344","post","type-post","status-publish","format-standard","has-post-thumbnail","hentry","category-deti-na-bicykloch","tag-bicyklovanie","tag-cestna-cyklistika","tag-deti","tag-detska-tour-petra-sagana","tag-detske-bicykle","tag-jazdenie","tag-motivacia","tag-peter-sagan","tag-pozvanka","tag-sezona","tag-slovensko","tag-trat","tag-zdravy-zivotny-styl","global-categories-cycling"],"yoast_head":"<!-- This site is optimized with the Yoast SEO Premium plugin v25.3 (Yoast SEO v25.9) - https:\/\/yoast.com\/wordpress\/plugins\/seo\/ -->\n<title>Pozv\u00e1nka: 2. kolo Detskej Tour Petra Sagana tentoraz v\u00a0Rimavskej Sobote - \u0160koda We Love Cycling Slovensko<\/title>\n<meta name=\"robots\" content=\"index, follow, max-snippet:-1, max-image-preview:large, max-video-preview:-1\" \/>\n<link rel=\"canonical\" href=\"https:\/\/www.welovecycling.com\/sk\/2020\/07\/17\/pozvanka-2-kolo-detskej-tour-petra-sagana-tentoraz-v-rimavskej-sobote\/\" \/>\n<meta property=\"og:locale\" content=\"sk_SK\" \/>\n<meta property=\"og:type\" content=\"article\" \/>\n<meta property=\"og:title\" content=\"Pozv\u00e1nka: 2. kolo Detskej Tour Petra Sagana tentoraz v\u00a0Rimavskej Sobote\" \/>\n<meta property=\"og:description\" content=\"Leto je v\u00a0plnom pr\u00fade a\u00a0ak sa va\u0161e ratolesti nudia, tak ich m\u00f4\u017eete vzia\u0165 na najbli\u017e\u0161ie kolo Detskej Tour Petra Sagana, [&hellip;]\" \/>\n<meta property=\"og:url\" content=\"https:\/\/www.welovecycling.com\/sk\/2020\/07\/17\/pozvanka-2-kolo-detskej-tour-petra-sagana-tentoraz-v-rimavskej-sobote\/\" \/>\n<meta property=\"og:site_name\" content=\"\u0160koda We Love Cycling Slovensko\" \/>\n<meta property=\"article:published_time\" content=\"2020-07-17T07:00:54+00:00\" \/>\n<meta property=\"article:modified_time\" content=\"2020-07-20T10:47:19+00:00\" \/>\n<meta property=\"og:image\" content=\"https:\/\/d2p6e6u75xmxt8.cloudfront.net\/4\/2020\/07\/WLC_Pozvanka-Tour-Petra-Sagana-2.-kolo_00.webp\" \/>\n\t<meta property=\"og:image:width\" content=\"1380\" \/>\n\t<meta property=\"og:image:height\" content=\"600\" \/>\n\t<meta property=\"og:image:type\" content=\"image\/webp\" \/>\n<meta name=\"twitter:card\" content=\"summary_large_image\" \/>\n<meta name=\"twitter:label1\" content=\"Written by\" \/>\n\t<meta name=\"twitter:data1\" content=\"WeLoveCycling\" \/>\n\t<meta name=\"twitter:label2\" content=\"Est. reading time\" \/>\n\t<meta name=\"twitter:data2\" content=\"2\" \/>\n<script type=\"application\/ld+json\" class=\"yoast-schema-graph\">{\"@context\":\"https:\/\/schema.org\",\"@graph\":[{\"@type\":\"WebPage\",\"@id\":\"https:\/\/www.welovecycling.com\/sk\/2020\/07\/17\/pozvanka-2-kolo-detskej-tour-petra-sagana-tentoraz-v-rimavskej-sobote\/\",\"url\":\"https:\/\/www.welovecycling.com\/sk\/2020\/07\/17\/pozvanka-2-kolo-detskej-tour-petra-sagana-tentoraz-v-rimavskej-sobote\/\",\"name\":\"Pozv\u00e1nka: 2. kolo Detskej Tour Petra Sagana tentoraz v\u00a0Rimavskej Sobote - \u0160koda We Love Cycling Slovensko\",\"isPartOf\":{\"@id\":\"https:\/\/www.welovecycling.com\/sk\/#website\"},\"primaryImageOfPage\":{\"@id\":\"https:\/\/www.welovecycling.com\/sk\/2020\/07\/17\/pozvanka-2-kolo-detskej-tour-petra-sagana-tentoraz-v-rimavskej-sobote\/#primaryimage\"},\"image\":{\"@id\":\"https:\/\/www.welovecycling.com\/sk\/2020\/07\/17\/pozvanka-2-kolo-detskej-tour-petra-sagana-tentoraz-v-rimavskej-sobote\/#primaryimage\"},\"thumbnailUrl\":\"https:\/\/d2p6e6u75xmxt8.cloudfront.net\/4\/2020\/07\/WLC_Pozvanka-Tour-Petra-Sagana-2.-kolo_00.webp\",\"datePublished\":\"2020-07-17T07:00:54+00:00\",\"dateModified\":\"2020-07-20T10:47:19+00:00\",\"author\":{\"@id\":\"\"},\"breadcrumb\":{\"@id\":\"https:\/\/www.welovecycling.com\/sk\/2020\/07\/17\/pozvanka-2-kolo-detskej-tour-petra-sagana-tentoraz-v-rimavskej-sobote\/#breadcrumb\"},\"inLanguage\":\"sk-SK\",\"potentialAction\":[{\"@type\":\"ReadAction\",\"target\":[\"https:\/\/www.welovecycling.com\/sk\/2020\/07\/17\/pozvanka-2-kolo-detskej-tour-petra-sagana-tentoraz-v-rimavskej-sobote\/\"]}]},{\"@type\":\"ImageObject\",\"inLanguage\":\"sk-SK\",\"@id\":\"https:\/\/www.welovecycling.com\/sk\/2020\/07\/17\/pozvanka-2-kolo-detskej-tour-petra-sagana-tentoraz-v-rimavskej-sobote\/#primaryimage\",\"url\":\"https:\/\/d2p6e6u75xmxt8.cloudfront.net\/4\/2020\/07\/WLC_Pozvanka-Tour-Petra-Sagana-2.-kolo_00.webp\",\"contentUrl\":\"https:\/\/d2p6e6u75xmxt8.cloudfront.net\/4\/2020\/07\/WLC_Pozvanka-Tour-Petra-Sagana-2.-kolo_00.webp\",\"width\":1380,\"height\":600},{\"@type\":\"BreadcrumbList\",\"@id\":\"https:\/\/www.welovecycling.com\/sk\/2020\/07\/17\/pozvanka-2-kolo-detskej-tour-petra-sagana-tentoraz-v-rimavskej-sobote\/#breadcrumb\",\"itemListElement\":[{\"@type\":\"ListItem\",\"position\":1,\"name\":\"Home\",\"item\":\"https:\/\/www.welovecycling.com\/sk\/\"},{\"@type\":\"ListItem\",\"position\":2,\"name\":\"Pozv\u00e1nka: 2. kolo Detskej Tour Petra Sagana tentoraz v\u00a0Rimavskej Sobote\"}]},{\"@type\":\"WebSite\",\"@id\":\"https:\/\/www.welovecycling.com\/sk\/#website\",\"url\":\"https:\/\/www.welovecycling.com\/sk\/\",\"name\":\"\u0160koda We Love Cycling Slovensko\",\"description\":\"\u0160koda We Love Cycling Slovensko je v\u00e1\u0161 ka\u017edodenn\u00fd zdroj noviniek a in\u0161pir\u00e1cie z sveta cyklistiky\",\"potentialAction\":[{\"@type\":\"SearchAction\",\"target\":{\"@type\":\"EntryPoint\",\"urlTemplate\":\"https:\/\/www.welovecycling.com\/sk\/?s={search_term_string}\"},\"query-input\":{\"@type\":\"PropertyValueSpecification\",\"valueRequired\":true,\"valueName\":\"search_term_string\"}}],\"inLanguage\":\"sk-SK\"},{\"@type\":\"Person\",\"@id\":\"\",\"url\":\"https:\/\/www.welovecycling.com\/sk\/author\/\"}]}<\/script>\n<!-- \/ Yoast SEO Premium plugin. -->","yoast_head_json":{"title":"Pozv\u00e1nka: 2. kolo Detskej Tour Petra Sagana tentoraz v\u00a0Rimavskej Sobote - \u0160koda We Love Cycling Slovensko","robots":{"index":"index","follow":"follow","max-snippet":"max-snippet:-1","max-image-preview":"max-image-preview:large","max-video-preview":"max-video-preview:-1"},"canonical":"https:\/\/www.welovecycling.com\/sk\/2020\/07\/17\/pozvanka-2-kolo-detskej-tour-petra-sagana-tentoraz-v-rimavskej-sobote\/","og_locale":"sk_SK","og_type":"article","og_title":"Pozv\u00e1nka: 2. kolo Detskej Tour Petra Sagana tentoraz v\u00a0Rimavskej Sobote","og_description":"Leto je v\u00a0plnom pr\u00fade a\u00a0ak sa va\u0161e ratolesti nudia, tak ich m\u00f4\u017eete vzia\u0165 na najbli\u017e\u0161ie kolo Detskej Tour Petra Sagana, [&hellip;]","og_url":"https:\/\/www.welovecycling.com\/sk\/2020\/07\/17\/pozvanka-2-kolo-detskej-tour-petra-sagana-tentoraz-v-rimavskej-sobote\/","og_site_name":"\u0160koda We Love Cycling Slovensko","article_published_time":"2020-07-17T07:00:54+00:00","article_modified_time":"2020-07-20T10:47:19+00:00","og_image":[{"width":1380,"height":600,"url":"https:\/\/d2p6e6u75xmxt8.cloudfront.net\/4\/2020\/07\/WLC_Pozvanka-Tour-Petra-Sagana-2.-kolo_00.webp","type":"image\/webp"}],"twitter_card":"summary_large_image","twitter_misc":{"Written by":"WeLoveCycling","Est. reading time":"2"},"schema":{"@context":"https:\/\/schema.org","@graph":[{"@type":"WebPage","@id":"https:\/\/www.welovecycling.com\/sk\/2020\/07\/17\/pozvanka-2-kolo-detskej-tour-petra-sagana-tentoraz-v-rimavskej-sobote\/","url":"https:\/\/www.welovecycling.com\/sk\/2020\/07\/17\/pozvanka-2-kolo-detskej-tour-petra-sagana-tentoraz-v-rimavskej-sobote\/","name":"Pozv\u00e1nka: 2. kolo Detskej Tour Petra Sagana tentoraz v\u00a0Rimavskej Sobote - \u0160koda We Love Cycling Slovensko","isPartOf":{"@id":"https:\/\/www.welovecycling.com\/sk\/#website"},"primaryImageOfPage":{"@id":"https:\/\/www.welovecycling.com\/sk\/2020\/07\/17\/pozvanka-2-kolo-detskej-tour-petra-sagana-tentoraz-v-rimavskej-sobote\/#primaryimage"},"image":{"@id":"https:\/\/www.welovecycling.com\/sk\/2020\/07\/17\/pozvanka-2-kolo-detskej-tour-petra-sagana-tentoraz-v-rimavskej-sobote\/#primaryimage"},"thumbnailUrl":"https:\/\/d2p6e6u75xmxt8.cloudfront.net\/4\/2020\/07\/WLC_Pozvanka-Tour-Petra-Sagana-2.-kolo_00.webp","datePublished":"2020-07-17T07:00:54+00:00","dateModified":"2020-07-20T10:47:19+00:00","author":{"@id":""},"breadcrumb":{"@id":"https:\/\/www.welovecycling.com\/sk\/2020\/07\/17\/pozvanka-2-kolo-detskej-tour-petra-sagana-tentoraz-v-rimavskej-sobote\/#breadcrumb"},"inLanguage":"sk-SK","potentialAction":[{"@type":"ReadAction","target":["https:\/\/www.welovecycling.com\/sk\/2020\/07\/17\/pozvanka-2-kolo-detskej-tour-petra-sagana-tentoraz-v-rimavskej-sobote\/"]}]},{"@type":"ImageObject","inLanguage":"sk-SK","@id":"https:\/\/www.welovecycling.com\/sk\/2020\/07\/17\/pozvanka-2-kolo-detskej-tour-petra-sagana-tentoraz-v-rimavskej-sobote\/#primaryimage","url":"https:\/\/d2p6e6u75xmxt8.cloudfront.net\/4\/2020\/07\/WLC_Pozvanka-Tour-Petra-Sagana-2.-kolo_00.webp","contentUrl":"https:\/\/d2p6e6u75xmxt8.cloudfront.net\/4\/2020\/07\/WLC_Pozvanka-Tour-Petra-Sagana-2.-kolo_00.webp","width":1380,"height":600},{"@type":"BreadcrumbList","@id":"https:\/\/www.welovecycling.com\/sk\/2020\/07\/17\/pozvanka-2-kolo-detskej-tour-petra-sagana-tentoraz-v-rimavskej-sobote\/#breadcrumb","itemListElement":[{"@type":"ListItem","position":1,"name":"Home","item":"https:\/\/www.welovecycling.com\/sk\/"},{"@type":"ListItem","position":2,"name":"Pozv\u00e1nka: 2. kolo Detskej Tour Petra Sagana tentoraz v\u00a0Rimavskej Sobote"}]},{"@type":"WebSite","@id":"https:\/\/www.welovecycling.com\/sk\/#website","url":"https:\/\/www.welovecycling.com\/sk\/","name":"\u0160koda We Love Cycling Slovensko","description":"\u0160koda We Love Cycling Slovensko je v\u00e1\u0161 ka\u017edodenn\u00fd zdroj noviniek a in\u0161pir\u00e1cie z sveta cyklistiky","potentialAction":[{"@type":"SearchAction","target":{"@type":"EntryPoint","urlTemplate":"https:\/\/www.welovecycling.com\/sk\/?s={search_term_string}"},"query-input":{"@type":"PropertyValueSpecification","valueRequired":true,"valueName":"search_term_string"}}],"inLanguage":"sk-SK"},{"@type":"Person","@id":"","url":"https:\/\/www.welovecycling.com\/sk\/author\/"}]}},"_links":{"self":[{"href":"https:\/\/www.welovecycling.com\/sk\/wp-json\/wp\/v2\/posts\/10344","targetHints":{"allow":["GET"]}}],"collection":[{"href":"https:\/\/www.welovecycling.com\/sk\/wp-json\/wp\/v2\/posts"}],"about":[{"href":"https:\/\/www.welovecycling.com\/sk\/wp-json\/wp\/v2\/types\/post"}],"author":[{"embeddable":true,"href":"https:\/\/www.welovecycling.com\/sk\/wp-json\/wp\/v2\/users\/81"}],"replies":[{"embeddable":true,"href":"https:\/\/www.welovecycling.com\/sk\/wp-json\/wp\/v2\/comments?post=10344"}],"version-history":[{"count":2,"href":"https:\/\/www.welovecycling.com\/sk\/wp-json\/wp\/v2\/posts\/10344\/revisions"}],"predecessor-version":[{"id":10358,"href":"https:\/\/www.welovecycling.com\/sk\/wp-json\/wp\/v2\/posts\/10344\/revisions\/10358"}],"wp:featuredmedia":[{"embeddable":true,"href":"https:\/\/www.welovecycling.com\/sk\/wp-json\/wp\/v2\/media\/10345"}],"wp:attachment":[{"href":"https:\/\/www.welovecycling.com\/sk\/wp-json\/wp\/v2\/media?parent=10344"}],"wp:term":[{"taxonomy":"category","embeddable":true,"href":"https:\/\/www.welovecycling.com\/sk\/wp-json\/wp\/v2\/categories?post=10344"},{"taxonomy":"post_tag","embeddable":true,"href":"https:\/\/www.welovecycling.com\/sk\/wp-json\/wp\/v2\/tags?post=10344"},{"taxonomy":"global-categories","embeddable":true,"href":"https:\/\/www.welovecycling.com\/sk\/wp-json\/wp\/v2\/global-categories?post=10344"}],"curies":[{"name":"wp","href":"https:\/\/api.w.org\/{rel}","templated":true}]}}