{"id":10335,"date":"2020-07-24T10:00:21","date_gmt":"2020-07-24T08:00:21","guid":{"rendered":"https:\/\/www.welovecycling.com\/sk\/?p=10335"},"modified":"2023-05-05T12:22:59","modified_gmt":"2023-05-05T10:22:59","slug":"gino-bartali-hrdina-na-bicykli","status":"publish","type":"post","link":"https:\/\/www.welovecycling.com\/sk\/2020\/07\/24\/gino-bartali-hrdina-na-bicykli\/","title":{"rendered":"Gino Bartali &#8211; hrdina na bicykli"},"content":{"rendered":"<p><strong>Udalosti, ktor\u00e9 sa stali v posledn\u00fdch t\u00fd\u017ed\u0148och v Spojen\u00fdch \u0161t\u00e1toch n\u00e1m pripom\u00ednaj\u00fa mu\u017ea, ktor\u00fd takmer denne riskoval svoj \u017eivot, aby bojoval proti jednej z najbrut\u00e1lnej\u0161\u00edch perzek\u00faci\u00ed v modernej hist\u00f3rii &#8211; prenasledovanie \u017didov zo strany nemeck\u00e9ho nacistick\u00e9ho re\u017eimu. A to, \u017ee tento mu\u017e, Gino Bartali, bol \u0161ampi\u00f3nom v cestnej cyklistike, rob\u00ed cel\u00fa vec o trochu \u0161peci\u00e1lnej\u0161ou.<\/strong><!--more--><\/p>\n<p>Skuto\u010dnos\u0165, \u017ee nacisti tie\u017e prenasledovali a vra\u017edili aj R\u00f3mov, Slovanov a homosexu\u00e1lov iba ilustruje \u0161ialenstvo ich vodcov, pomocn\u00edkov a chorobu rasizmu a nacionalizmu v\u0161eobecne. Pre Bartaliho, oddan\u00e9ho r\u00edmskeho katol\u00edka (jeho prez\u00fdvka bola \u201eGino Zbo\u017en\u00fd\u201c), <strong>boli v\u0161etky formy nespravodlivosti neprijate\u013en\u00e9<\/strong>. To je jeden z d\u00f4vodov, pre\u010do vystupoval proti talianskemu fa\u0161istick\u00e9mu re\u017eimu Benita Mussoliniho.<\/p>\n<p>Bartali sa narodil <strong>18. j\u00fala 1914 v dedine ne\u010faleko Florencie<\/strong>. Jeho otec bol robotn\u00edkom, zatia\u013e \u010do sa jeho matka starala o \u0161es\u0165\u010dlenn\u00fa rodinu tak, \u017ee pracovala na poliach a vy\u0161\u00edvala \u010dipky. Svoj prv\u00fd bicykel si k\u00fapil vo veku 11 rokov, aby mohol doch\u00e1dza\u0165 do \u0161koly a z\u00e1rove\u0148 si rozv\u00edjal svoje jazdeck\u00e9 schopnosti na kopcovit\u00fdch cest\u00e1ch v regi\u00f3ne. Svoje prv\u00e9 cyklistick\u00e9 preteky vyhral v roku 1931 vo veku 17 rokov.<\/p>\n<figure id=\"attachment_10336\" aria-describedby=\"caption-attachment-10336\" style=\"width: 1800px\" class=\"wp-caption alignnone\"><img loading=\"lazy\" decoding=\"async\" class=\"size-full wp-image-10336\" src=\"https:\/\/d2p6e6u75xmxt8.cloudfront.net\/4\/2020\/07\/profimedia-0067995633.jpg\" alt=\"\" width=\"1800\" height=\"1300\" \/><figcaption id=\"caption-attachment-10336\" class=\"wp-caption-text\">Ginovi Bartalimu blaho\u017eel\u00e1 \u0161portov\u00fd riadite\u013e t\u00edmu Costante Girardengo po tom, \u010do 18. j\u00fala 1938 vyhral 11. etapu Tour de France. Bartali nakoniec vyhral svoju prv\u00fa Tour de France v Par\u00ed\u017ei. \u00a9 AFP PHOTO<\/figcaption><\/figure>\n<p>To bol za\u010diatok ve\u013ekej kari\u00e9ry. V roku 1935, vo veku 20 rokov, <strong>vyhral etapu Giro d&#8217;Italia<\/strong> a bol korunovan\u00fd za kr\u00e1\u013ea h\u00f4r. O rok nesk\u00f4r vyhral klasifik\u00e1ciu Gira a st\u00e1va sa op\u00e4\u0165 v\u00ed\u0165azom s\u00fa\u0165a\u017ee o najlep\u0161ieho vrch\u00e1ra. Tento dvojit\u00fd v\u00fdkon zopakoval aj nasleduj\u00faci rok.<\/p>\n<p>V roku 1938 vyhral Tour de France (a \u00e1no, op\u00e4\u0165 vyhr\u00e1va aj s\u00fa\u0165a\u017e o najlep\u0161ieho vrch\u00e1ra), ale svoje v\u00ed\u0165azstvo nevenoval Mussolinimu, ako to vy\u017eaduje trad\u00edcia. V d\u00f4sledku toho nez\u00edskal vyznamenanie po svojom n\u00e1vrate do Talianska. Po druhej svetovej vojne Bartali op\u00e4\u0165 vyhral Giro (v roku 1946) a Tour (1948). Inak bol to <strong>jedin\u00fd pretek\u00e1r, ktor\u00fd vyhral Grand Tours pred a aj po vojne<\/strong>.<\/p>\n<p>Franc\u00fazsko-americk\u00fd \u0161portov\u00fd novin\u00e1r Ren\u00e9 de Latour op\u00edsal Bartaliho v\u00ed\u0165azstvo na Tour v roku 1948 takto: <em>&#8222;V\u00ed\u0165azstvo bolo pre neho jednoduchou formalitou. Nielen\u017ee bol najlep\u0161\u00edm vrch\u00e1rom vo veku 34\u00a0rokov, ale bol aj najr\u00fdchlej\u0161\u00edm mu\u017eom na pretekoch. Gino sa mohol c\u00edti\u0165 skuto\u010dne hrd\u00fd, preto\u017ee vyhral sedem et\u00e1p. A vyhral ich hrdinsk\u00fdm sp\u00f4sobom legend\u00e1rnych gigantov z minulosti. Vyhral \u00favodn\u00fa etapu, potom dve po sebe pred vstupom do Pyrenej\u00ed a nakoniec dosiahol na tri vrcholy po sebe v alpsk\u00fdch etap\u00e1ch. Bartali vyhral t\u00fato Tour nie o p\u00e1r sek\u00fand, ale s rozdielom viac ako 26 min\u00fat v porovnan\u00ed s \u010dasom Brieka Schotteho, ktor\u00fd sa umiestnil na druhom mieste.&#8220;<\/em><\/p>\n<figure id=\"attachment_10337\" aria-describedby=\"caption-attachment-10337\" style=\"width: 1250px\" class=\"wp-caption alignnone\"><img loading=\"lazy\" decoding=\"async\" class=\"size-full wp-image-10337\" src=\"https:\/\/d2p6e6u75xmxt8.cloudfront.net\/4\/2020\/07\/Gino-Bartali-profimedia-0017382743.jpg\" alt=\"\" width=\"1250\" height=\"844\" \/><figcaption id=\"caption-attachment-10337\" class=\"wp-caption-text\">Gino Bartali v roku 1952 \u00a9 AFP PHOTO<\/figcaption><\/figure>\n<p>Dokopy vyhral Bartali p\u00e4\u0165 Grand Tours, dev\u00e4\u0165 vrch\u00e1rskych titulov na Grand Tour, \u0161tyri \u010fal\u0161ie p\u00f3diov\u00e9 preteky a viac ako tucet jednod\u0148ov\u00fdch pretekov a klas\u00edk. Keby vojna nepreru\u0161ila jeho medzin\u00e1rodn\u00fa kari\u00e9ru, mo\u017eno o \u0148om hovor\u00edme ako o jednom z najv\u00e4\u010d\u0161\u00edch cestn\u00fdch pretek\u00e1rov v\u0161etk\u00fdch \u010dias. Ale jeho \u0161portov\u00e9 \u00faspechy s\u00fa <strong>zatienen\u00e9 pre jeho aktivity po\u010das vojny<\/strong>. V roku 1943, po zvrhnut\u00ed Mussoliniho, Nemecko napadlo severn\u00e9 oblasti Talianska, vr\u00e1tane Tosk\u00e1nska, kde \u017eil Bartali. V d\u00f4sledku toho sa prenasledovanie \u017didov v krajine zhor\u0161ilo.<\/p>\n<p>V tom \u010dase taliansky kardin\u00e1l Ellia Dalla Costa, ktor\u00fd tajne pom\u00e1hal \u017didom h\u013eadaj\u00facim \u00fato\u010disko z in\u00fdch eur\u00f3pskych kraj\u00edn, po\u017eiadal o stretnutie s Bartalim. Ute\u010denci potrebovali falo\u0161n\u00e9 identifika\u010dn\u00e9 preukazy. Bartali s\u00fahlasil, \u017ee tieto falo\u0161n\u00e9 doklady a fotografie bude ma\u0165 v dutom r\u00e1me svojho bicykla po\u010das svojich tr\u00e9ningov\u00fdch j\u00e1zd. Ke\u010f bol zastaven\u00fd na kontroln\u00fdch stanovi\u0161tiach, <strong>po\u017eiadal str\u00e1\u017enikov, aby sa nedot\u00fdkali jeho bicykla<\/strong>, preto\u017ee bol \u0161peci\u00e1lne upraven\u00fd tak, aby vyhovoval jeho \u0161t\u00fdlu jazdy.<\/p>\n<p>Bartali z\u00e1rove\u0148 <strong>s\u00fahlasil so skr\u00fdvan\u00edm \u017eidovskej rodiny<\/strong>, ktor\u00fa dobre poznal. Troj\u010dlenn\u00e1 rodina \u017eila v jeho pivnici, a\u017e pok\u00fdm spojenci oslobodili Florenciu. Ak\u00e1ko\u013evek z t\u00fdchto aktiv\u00edt mohla vies\u0165 k Bartaliho smrti, ak by bol nacistami odhalen\u00fd alebo chyten\u00fd. V j\u00fali 1944 bol vypo\u010d\u00favan\u00fd vo vile Triste vo Florencii, kde miestni fa\u0161istick\u00ed predstavitelia uv\u00e4znili a mu\u010dili politick\u00fdch oponentov. Na\u0161\u0165astie jedn\u00fdm z jeho vy\u0161etrovate\u013eov bol jeho b\u00fdval\u00fd velite\u013e z arm\u00e1dy, ktor\u00fd presved\u010dil ostatn\u00fdch \u00faradn\u00edkov, aby ho pustili.<\/p>\n<p><img loading=\"lazy\" decoding=\"async\" class=\"size-full wp-image-10338\" src=\"https:\/\/d2p6e6u75xmxt8.cloudfront.net\/4\/2020\/07\/Gino-Bartali-profimedia-0067995198-1.jpg\" alt=\"\" width=\"1250\" height=\"1233\" \/><\/p>\n<p>Bartali vy\u0161etrovate\u013eom ni\u010d neprezradil o svojej \u010dinnosti a nikdy o nej nehovoril nikomu in\u00e9mu, dokonca ani svojmu synovi. R\u00e1d hovoril: <em>\u201eDobro sa stalo, ale to sa nehovor\u00ed. A niektor\u00e9 medaily visia na du\u0161i, nie na bunde.\u201c<\/em> 13 rokov po jeho smrti, v roku 2013, bolo jeho meno vytesan\u00e9 do M\u00faru cti na pam\u00e4tn\u00edku holokaustu Jad Va-\u0161em a bol uznan\u00fd za <strong>\u201eSpravodliv\u00e9ho medzi n\u00e1rodmi\u201c<\/strong> za jeho \u00fasilie chr\u00e1ni\u0165 talianskych \u017didov pred prenasledovan\u00edm po\u010das vojny.<\/p>\n<p>V na\u0161ich \u010dasoch, ke\u010f st\u00e1le existuj\u00fa obete systematick\u00e9ho rasistick\u00e9ho \u00fatlaku, je dobr\u00e9 <strong>pam\u00e4ta\u0165 na \u013eud\u00ed, ktor\u00ed v boji proti \u00fatlaku riskovali v\u0161etko<\/strong>, ako napr\u00edklad Gino Bartali.<\/p>\n","protected":false},"excerpt":{"rendered":"<p>Udalosti, ktor\u00e9 sa stali v posledn\u00fdch t\u00fd\u017ed\u0148och v Spojen\u00fdch \u0161t\u00e1toch n\u00e1m pripom\u00ednaj\u00fa mu\u017ea, ktor\u00fd takmer denne riskoval svoj \u017eivot, aby [&hellip;]<\/p>\n","protected":false},"author":172,"featured_media":10340,"comment_status":"open","ping_status":"open","sticky":false,"template":"","format":"standard","meta":{"footnotes":""},"categories":[4],"tags":[559,619,275,115,487,306,82,65,876,1027,600,1012,179,419,20],"global-categories":[],"class_list":["post-10335","post","type-post","status-publish","format-standard","has-post-thumbnail","hentry","category-cestna-cyklisitika","tag-bicykel","tag-bicyklovanie","tag-cesta","tag-cestna-cyklistika","tag-cestny-bicykel","tag-francuzsko","tag-gino-bartali","tag-giro-d-italia","tag-historia","tag-legendy","tag-muzi","tag-pretekar","tag-preteky","tag-taliansko","tag-tour-de-france"],"yoast_head":"<!-- This site is optimized with the Yoast SEO Premium plugin v25.3 (Yoast SEO v25.9) - https:\/\/yoast.com\/wordpress\/plugins\/seo\/ -->\n<title>Gino Bartali - hrdina na bicykli - \u0160koda We Love Cycling Slovensko<\/title>\n<meta name=\"description\" content=\"Mu\u017e, ktor\u00fd riskoval svoj \u017eivot, aby bojoval proti jednej z najbrut\u00e1lnej\u0161\u00edch perzek\u00faci\u00ed v modernej hist\u00f3rii - prenasledovania \u017didov.\" \/>\n<meta name=\"robots\" content=\"index, follow, max-snippet:-1, max-image-preview:large, max-video-preview:-1\" \/>\n<link rel=\"canonical\" href=\"https:\/\/www.welovecycling.com\/sk\/2020\/07\/24\/gino-bartali-hrdina-na-bicykli\/\" \/>\n<meta property=\"og:locale\" content=\"sk_SK\" \/>\n<meta property=\"og:type\" content=\"article\" \/>\n<meta property=\"og:title\" content=\"Gino Bartali - hrdina na bicykli\" \/>\n<meta property=\"og:description\" content=\"Mu\u017e, ktor\u00fd riskoval svoj \u017eivot, aby bojoval proti jednej z najbrut\u00e1lnej\u0161\u00edch perzek\u00faci\u00ed v modernej hist\u00f3rii - prenasledovania \u017didov.\" \/>\n<meta property=\"og:url\" content=\"https:\/\/www.welovecycling.com\/sk\/2020\/07\/24\/gino-bartali-hrdina-na-bicykli\/\" \/>\n<meta property=\"og:site_name\" content=\"\u0160koda We Love Cycling Slovensko\" \/>\n<meta property=\"article:published_time\" content=\"2020-07-24T08:00:21+00:00\" \/>\n<meta property=\"article:modified_time\" content=\"2023-05-05T10:22:59+00:00\" \/>\n<meta property=\"og:image\" content=\"https:\/\/d2p6e6u75xmxt8.cloudfront.net\/4\/2020\/07\/Gino-Bartali-CVR-profimedia-0017382744.webp\" \/>\n\t<meta property=\"og:image:width\" content=\"1366\" \/>\n\t<meta property=\"og:image:height\" content=\"600\" \/>\n\t<meta property=\"og:image:type\" content=\"image\/webp\" \/>\n<meta name=\"author\" content=\"dominika\" \/>\n<meta name=\"twitter:card\" content=\"summary_large_image\" \/>\n<meta name=\"twitter:label1\" content=\"Written by\" \/>\n\t<meta name=\"twitter:data1\" content=\"Siegfried Mortkowitz\" \/>\n\t<meta name=\"twitter:label2\" content=\"Est. reading time\" \/>\n\t<meta name=\"twitter:data2\" content=\"7\" \/>\n<script type=\"application\/ld+json\" class=\"yoast-schema-graph\">{\"@context\":\"https:\/\/schema.org\",\"@graph\":[{\"@type\":\"WebPage\",\"@id\":\"https:\/\/www.welovecycling.com\/sk\/2020\/07\/24\/gino-bartali-hrdina-na-bicykli\/\",\"url\":\"https:\/\/www.welovecycling.com\/sk\/2020\/07\/24\/gino-bartali-hrdina-na-bicykli\/\",\"name\":\"Gino Bartali - hrdina na bicykli - \u0160koda We Love Cycling Slovensko\",\"isPartOf\":{\"@id\":\"https:\/\/www.welovecycling.com\/sk\/#website\"},\"primaryImageOfPage\":{\"@id\":\"https:\/\/www.welovecycling.com\/sk\/2020\/07\/24\/gino-bartali-hrdina-na-bicykli\/#primaryimage\"},\"image\":{\"@id\":\"https:\/\/www.welovecycling.com\/sk\/2020\/07\/24\/gino-bartali-hrdina-na-bicykli\/#primaryimage\"},\"thumbnailUrl\":\"https:\/\/d2p6e6u75xmxt8.cloudfront.net\/4\/2020\/07\/Gino-Bartali-CVR-profimedia-0017382744.webp\",\"datePublished\":\"2020-07-24T08:00:21+00:00\",\"dateModified\":\"2023-05-05T10:22:59+00:00\",\"author\":{\"@id\":\"https:\/\/www.welovecycling.com\/sk\/#\/schema\/person\/533b62b98b6c41bd5135ebfb1f742624\"},\"description\":\"Mu\u017e, ktor\u00fd riskoval svoj \u017eivot, aby bojoval proti jednej z najbrut\u00e1lnej\u0161\u00edch perzek\u00faci\u00ed v modernej hist\u00f3rii - prenasledovania \u017didov.\",\"breadcrumb\":{\"@id\":\"https:\/\/www.welovecycling.com\/sk\/2020\/07\/24\/gino-bartali-hrdina-na-bicykli\/#breadcrumb\"},\"inLanguage\":\"sk-SK\",\"potentialAction\":[{\"@type\":\"ReadAction\",\"target\":[\"https:\/\/www.welovecycling.com\/sk\/2020\/07\/24\/gino-bartali-hrdina-na-bicykli\/\"]}]},{\"@type\":\"ImageObject\",\"inLanguage\":\"sk-SK\",\"@id\":\"https:\/\/www.welovecycling.com\/sk\/2020\/07\/24\/gino-bartali-hrdina-na-bicykli\/#primaryimage\",\"url\":\"https:\/\/d2p6e6u75xmxt8.cloudfront.net\/4\/2020\/07\/Gino-Bartali-CVR-profimedia-0017382744.webp\",\"contentUrl\":\"https:\/\/d2p6e6u75xmxt8.cloudfront.net\/4\/2020\/07\/Gino-Bartali-CVR-profimedia-0017382744.webp\",\"width\":1366,\"height\":600},{\"@type\":\"BreadcrumbList\",\"@id\":\"https:\/\/www.welovecycling.com\/sk\/2020\/07\/24\/gino-bartali-hrdina-na-bicykli\/#breadcrumb\",\"itemListElement\":[{\"@type\":\"ListItem\",\"position\":1,\"name\":\"Home\",\"item\":\"https:\/\/www.welovecycling.com\/sk\/\"},{\"@type\":\"ListItem\",\"position\":2,\"name\":\"Gino Bartali &#8211; hrdina na bicykli\"}]},{\"@type\":\"WebSite\",\"@id\":\"https:\/\/www.welovecycling.com\/sk\/#website\",\"url\":\"https:\/\/www.welovecycling.com\/sk\/\",\"name\":\"\u0160koda We Love Cycling Slovensko\",\"description\":\"\u0160koda We Love Cycling Slovensko je v\u00e1\u0161 ka\u017edodenn\u00fd zdroj noviniek a in\u0161pir\u00e1cie z sveta cyklistiky\",\"potentialAction\":[{\"@type\":\"SearchAction\",\"target\":{\"@type\":\"EntryPoint\",\"urlTemplate\":\"https:\/\/www.welovecycling.com\/sk\/?s={search_term_string}\"},\"query-input\":{\"@type\":\"PropertyValueSpecification\",\"valueRequired\":true,\"valueName\":\"search_term_string\"}}],\"inLanguage\":\"sk-SK\"},{\"@type\":\"Person\",\"@id\":\"https:\/\/www.welovecycling.com\/sk\/#\/schema\/person\/533b62b98b6c41bd5135ebfb1f742624\",\"name\":\"dominika\",\"image\":{\"@type\":\"ImageObject\",\"inLanguage\":\"sk-SK\",\"@id\":\"https:\/\/www.welovecycling.com\/sk\/#\/schema\/person\/image\/\",\"url\":\"https:\/\/secure.gravatar.com\/avatar\/ded6f274ba2ec3e17fff153f7d9d96a4b33c2cb63907f75d9a5309c599a7f3e6?s=96&d=mm&r=g\",\"contentUrl\":\"https:\/\/secure.gravatar.com\/avatar\/ded6f274ba2ec3e17fff153f7d9d96a4b33c2cb63907f75d9a5309c599a7f3e6?s=96&d=mm&r=g\",\"caption\":\"dominika\"},\"url\":\"https:\/\/www.welovecycling.com\/sk\/author\/dominika\/\"}]}<\/script>\n<!-- \/ Yoast SEO Premium plugin. -->","yoast_head_json":{"title":"Gino Bartali - hrdina na bicykli - \u0160koda We Love Cycling Slovensko","description":"Mu\u017e, ktor\u00fd riskoval svoj \u017eivot, aby bojoval proti jednej z najbrut\u00e1lnej\u0161\u00edch perzek\u00faci\u00ed v modernej hist\u00f3rii - prenasledovania \u017didov.","robots":{"index":"index","follow":"follow","max-snippet":"max-snippet:-1","max-image-preview":"max-image-preview:large","max-video-preview":"max-video-preview:-1"},"canonical":"https:\/\/www.welovecycling.com\/sk\/2020\/07\/24\/gino-bartali-hrdina-na-bicykli\/","og_locale":"sk_SK","og_type":"article","og_title":"Gino Bartali - hrdina na bicykli","og_description":"Mu\u017e, ktor\u00fd riskoval svoj \u017eivot, aby bojoval proti jednej z najbrut\u00e1lnej\u0161\u00edch perzek\u00faci\u00ed v modernej hist\u00f3rii - prenasledovania \u017didov.","og_url":"https:\/\/www.welovecycling.com\/sk\/2020\/07\/24\/gino-bartali-hrdina-na-bicykli\/","og_site_name":"\u0160koda We Love Cycling Slovensko","article_published_time":"2020-07-24T08:00:21+00:00","article_modified_time":"2023-05-05T10:22:59+00:00","og_image":[{"width":1366,"height":600,"url":"https:\/\/d2p6e6u75xmxt8.cloudfront.net\/4\/2020\/07\/Gino-Bartali-CVR-profimedia-0017382744.webp","type":"image\/webp"}],"author":"dominika","twitter_card":"summary_large_image","twitter_misc":{"Written by":"Siegfried Mortkowitz","Est. reading time":"7"},"schema":{"@context":"https:\/\/schema.org","@graph":[{"@type":"WebPage","@id":"https:\/\/www.welovecycling.com\/sk\/2020\/07\/24\/gino-bartali-hrdina-na-bicykli\/","url":"https:\/\/www.welovecycling.com\/sk\/2020\/07\/24\/gino-bartali-hrdina-na-bicykli\/","name":"Gino Bartali - hrdina na bicykli - \u0160koda We Love Cycling Slovensko","isPartOf":{"@id":"https:\/\/www.welovecycling.com\/sk\/#website"},"primaryImageOfPage":{"@id":"https:\/\/www.welovecycling.com\/sk\/2020\/07\/24\/gino-bartali-hrdina-na-bicykli\/#primaryimage"},"image":{"@id":"https:\/\/www.welovecycling.com\/sk\/2020\/07\/24\/gino-bartali-hrdina-na-bicykli\/#primaryimage"},"thumbnailUrl":"https:\/\/d2p6e6u75xmxt8.cloudfront.net\/4\/2020\/07\/Gino-Bartali-CVR-profimedia-0017382744.webp","datePublished":"2020-07-24T08:00:21+00:00","dateModified":"2023-05-05T10:22:59+00:00","author":{"@id":"https:\/\/www.welovecycling.com\/sk\/#\/schema\/person\/533b62b98b6c41bd5135ebfb1f742624"},"description":"Mu\u017e, ktor\u00fd riskoval svoj \u017eivot, aby bojoval proti jednej z najbrut\u00e1lnej\u0161\u00edch perzek\u00faci\u00ed v modernej hist\u00f3rii - prenasledovania \u017didov.","breadcrumb":{"@id":"https:\/\/www.welovecycling.com\/sk\/2020\/07\/24\/gino-bartali-hrdina-na-bicykli\/#breadcrumb"},"inLanguage":"sk-SK","potentialAction":[{"@type":"ReadAction","target":["https:\/\/www.welovecycling.com\/sk\/2020\/07\/24\/gino-bartali-hrdina-na-bicykli\/"]}]},{"@type":"ImageObject","inLanguage":"sk-SK","@id":"https:\/\/www.welovecycling.com\/sk\/2020\/07\/24\/gino-bartali-hrdina-na-bicykli\/#primaryimage","url":"https:\/\/d2p6e6u75xmxt8.cloudfront.net\/4\/2020\/07\/Gino-Bartali-CVR-profimedia-0017382744.webp","contentUrl":"https:\/\/d2p6e6u75xmxt8.cloudfront.net\/4\/2020\/07\/Gino-Bartali-CVR-profimedia-0017382744.webp","width":1366,"height":600},{"@type":"BreadcrumbList","@id":"https:\/\/www.welovecycling.com\/sk\/2020\/07\/24\/gino-bartali-hrdina-na-bicykli\/#breadcrumb","itemListElement":[{"@type":"ListItem","position":1,"name":"Home","item":"https:\/\/www.welovecycling.com\/sk\/"},{"@type":"ListItem","position":2,"name":"Gino Bartali &#8211; hrdina na bicykli"}]},{"@type":"WebSite","@id":"https:\/\/www.welovecycling.com\/sk\/#website","url":"https:\/\/www.welovecycling.com\/sk\/","name":"\u0160koda We Love Cycling Slovensko","description":"\u0160koda We Love Cycling Slovensko je v\u00e1\u0161 ka\u017edodenn\u00fd zdroj noviniek a in\u0161pir\u00e1cie z sveta cyklistiky","potentialAction":[{"@type":"SearchAction","target":{"@type":"EntryPoint","urlTemplate":"https:\/\/www.welovecycling.com\/sk\/?s={search_term_string}"},"query-input":{"@type":"PropertyValueSpecification","valueRequired":true,"valueName":"search_term_string"}}],"inLanguage":"sk-SK"},{"@type":"Person","@id":"https:\/\/www.welovecycling.com\/sk\/#\/schema\/person\/533b62b98b6c41bd5135ebfb1f742624","name":"dominika","image":{"@type":"ImageObject","inLanguage":"sk-SK","@id":"https:\/\/www.welovecycling.com\/sk\/#\/schema\/person\/image\/","url":"https:\/\/secure.gravatar.com\/avatar\/ded6f274ba2ec3e17fff153f7d9d96a4b33c2cb63907f75d9a5309c599a7f3e6?s=96&d=mm&r=g","contentUrl":"https:\/\/secure.gravatar.com\/avatar\/ded6f274ba2ec3e17fff153f7d9d96a4b33c2cb63907f75d9a5309c599a7f3e6?s=96&d=mm&r=g","caption":"dominika"},"url":"https:\/\/www.welovecycling.com\/sk\/author\/dominika\/"}]}},"_links":{"self":[{"href":"https:\/\/www.welovecycling.com\/sk\/wp-json\/wp\/v2\/posts\/10335","targetHints":{"allow":["GET"]}}],"collection":[{"href":"https:\/\/www.welovecycling.com\/sk\/wp-json\/wp\/v2\/posts"}],"about":[{"href":"https:\/\/www.welovecycling.com\/sk\/wp-json\/wp\/v2\/types\/post"}],"author":[{"embeddable":true,"href":"https:\/\/www.welovecycling.com\/sk\/wp-json\/wp\/v2\/users\/172"}],"replies":[{"embeddable":true,"href":"https:\/\/www.welovecycling.com\/sk\/wp-json\/wp\/v2\/comments?post=10335"}],"version-history":[{"count":2,"href":"https:\/\/www.welovecycling.com\/sk\/wp-json\/wp\/v2\/posts\/10335\/revisions"}],"predecessor-version":[{"id":17393,"href":"https:\/\/www.welovecycling.com\/sk\/wp-json\/wp\/v2\/posts\/10335\/revisions\/17393"}],"wp:featuredmedia":[{"embeddable":true,"href":"https:\/\/www.welovecycling.com\/sk\/wp-json\/wp\/v2\/media\/10340"}],"wp:attachment":[{"href":"https:\/\/www.welovecycling.com\/sk\/wp-json\/wp\/v2\/media?parent=10335"}],"wp:term":[{"taxonomy":"category","embeddable":true,"href":"https:\/\/www.welovecycling.com\/sk\/wp-json\/wp\/v2\/categories?post=10335"},{"taxonomy":"post_tag","embeddable":true,"href":"https:\/\/www.welovecycling.com\/sk\/wp-json\/wp\/v2\/tags?post=10335"},{"taxonomy":"global-categories","embeddable":true,"href":"https:\/\/www.welovecycling.com\/sk\/wp-json\/wp\/v2\/global-categories?post=10335"}],"curies":[{"name":"wp","href":"https:\/\/api.w.org\/{rel}","templated":true}]}}