{"id":10319,"date":"2020-07-15T10:00:51","date_gmt":"2020-07-15T08:00:51","guid":{"rendered":"https:\/\/www.welovecycling.com\/sk\/?p=10319"},"modified":"2020-07-13T16:39:49","modified_gmt":"2020-07-13T14:39:49","slug":"kalendar-petra-sagana-v-sezone-2020-kde-ho-uz-snad-uvidime","status":"publish","type":"post","link":"https:\/\/www.welovecycling.com\/sk\/2020\/07\/15\/kalendar-petra-sagana-v-sezone-2020-kde-ho-uz-snad-uvidime\/","title":{"rendered":"Kalend\u00e1r Petra Sagana v\u00a0sez\u00f3ne 2020 &#8211; kde ho u\u017e sn\u00e1\u010f uvid\u00edme?"},"content":{"rendered":"<p><strong>Na nie\u010do tak\u00e9, ako za\u017e\u00edvame posledn\u00e9 mesiace, si nepam\u00e4t\u00e1 nielen cyklistick\u00e1 verejnos\u0165 a\u00a0profesion\u00e1li, ale aj svet ako tak\u00fd. Pand\u00e9mia zru\u0161ila v\u0161etky podujatia, po\u010d\u00ednaj\u00fac marcom a\u00a0tiahnuc sa a\u017e k t\u00fdmto d\u0148om. Av\u0161ak, na konci tunela svieti povestn\u00e9 svetielko n\u00e1deje &#8211; je n\u00edm prelo\u017eenie hlavn\u00fdch pretekov na neskor\u0161\u00ed term\u00edn. Ovplyvnen\u00fd touto skuto\u010dnos\u0165ou bol aj Peter Sagan, ktor\u00fd sa musel chtiac-nechtiac uch\u00fdli\u0165 k\u00a0dom\u00e1cemu a\u00a0\u201eindividu\u00e1lnemu\u201c tr\u00e9ningu bez presnej\u0161ej predstavy o\u00a0konkr\u00e9tnom op\u00e4tovnom znovuotvoren\u00ed sez\u00f3ny.<\/strong><!--more--><\/p>\n<p><a href=\"https:\/\/d2p6e6u75xmxt8.cloudfront.net\/4\/2020\/07\/WLC_Kalendar-Sagana_01.jpg\"><img loading=\"lazy\" decoding=\"async\" src=\"https:\/\/d2p6e6u75xmxt8.cloudfront.net\/4\/2020\/07\/WLC_Kalendar-Sagana_01.jpg\" alt=\"\" width=\"1200\" height=\"800\" class=\"alignnone size-full wp-image-10323\" \/><\/a><\/p>\n<h2><strong>August bude nov\u00fdm janu\u00e1rom. Aj pre Sagana<\/strong><\/h2>\n<p>S\u00a0ustupuj\u00facimi po\u010dtami chor\u00fdch a\u00a0klesaj\u00facou tendenciou nov\u00fdch pr\u00edpadov (aspo\u0148 v\u00a0Eur\u00f3pe), UCI a\u00a0jednotliv\u00ed organiz\u00e1tori u\u017e informovali fan\u00fa\u0161ikov, \u017ee <strong>pred\u010dasn\u00fd koniec sez\u00f3ny nepl\u00e1nuj\u00fa<\/strong>. K\u013e\u00fa\u010dov\u00e9 akcie, ktor\u00e9 boli zru\u0161en\u00e9 z\u00a0tohto d\u00f4vodu &#8211; jarn\u00e9 klasiky, t\u00fd\u017ed\u0148ov\u00e9 etapov\u00e9 preteky ako Crit\u00e9rium du Dauphin\u00e9 alebo Okolo Po\u013eska, \u010di trojica Grand Tour, si na\u0161li svoje nov\u00e9 miesto v\u00a0kalend\u00e1ri. <\/p>\n<p>Kalend\u00e1ru UCI Worldtour sa mus\u00ed prisp\u00f4sobi\u0165 aj Peter Sagan. Preteky, na ktor\u00fdch ho ur\u010dite neuvid\u00edme, s\u00fa napr\u00edklad sedemd\u0148ov\u00e9 Tirreno-Adriatico v\u00a0Taliansku, klasiky ako E3 BinckBank, Gent-Wevelgem, Dwars door Vlaanderen a\u00a0Ronde van Vlaanderen, okrem nich Par\u00ed\u017e-Roubaix alebo Okolo Slovenska. Na\u0161\u0165astie, st\u00e1le je z\u00a0\u010doho vybera\u0165 a\u00a0ak v\u0161etko p\u00f4jde pod\u013ea pl\u00e1nov, <strong>uvid\u00edme ho na zauj\u00edmav\u00fdch pretekoch<\/strong>. Po\u010fme sa na ne pozrie\u0165 bli\u017e\u0161ie.<\/p>\n<p><a href=\"https:\/\/d2p6e6u75xmxt8.cloudfront.net\/4\/2020\/07\/WLC_Kalendar-Sagana_02.jpg\"><img loading=\"lazy\" decoding=\"async\" src=\"https:\/\/d2p6e6u75xmxt8.cloudfront.net\/4\/2020\/07\/WLC_Kalendar-Sagana_02.jpg\" alt=\"\" width=\"1200\" height=\"800\" class=\"alignnone size-full wp-image-10324\" \/><\/a><\/p>\n<h2><strong>Strade Bianche &#8211; klasika &#8211; 1. augusta<\/strong><\/h2>\n<p>Mnoh\u00ed jazdci si \u010dasto pred vstupom do \u201eostrej\u201c pretek\u00e1rskej sez\u00f3ny vyberaj\u00fa preteky takpovediac s\u00a0citom &#8211; s\u00a0v\u00e4\u010d\u0161\u00edmi \u010dasov\u00fdmi odstupmi a\u00a0men\u0161ou intenzitou. U\u00a0Sagana je to v\u0161ak asi inak. Ten sa predstav\u00ed u\u017e na prvej klasike znovuotvorenej sez\u00f3ny, Strade Bianche. Svojou d\u013a\u017ekou trate nepatr\u00ed pr\u00e1ve k\u00a0najdlh\u0161\u00edm, av\u0161ak to, \u010do z\u00a0nej rob\u00ed n\u00e1ro\u010dn\u00e9 podujatie, je ter\u00e9n. Napriek zaradeniu do cestn\u00fdch pretekov by ju mo\u017eno bolo lep\u0161ie \u010diasto\u010dne preklasifikova\u0165 do gravel sekcie. D\u00f4vodom s\u00fa <strong>pra\u0161n\u00e9 cesty s\u00a0mno\u017estvom \u0161trku a\u00a0in\u00fdch ne\u010dist\u00f4t<\/strong>, ktor\u00e9 pri nadmernom suchu vytv\u00e1raj\u00fa nepriechodn\u00fa clonu pre pretek\u00e1rov v\u00a0zadn\u00fdch radoch a\u00a0pri da\u017edi ide o\u00a0cyklokrosov\u00e9 preteky.<\/p>\n<p>Sagan sa na tomto podujat\u00ed z\u00fa\u010dastnil u\u017e celkovo sedemkr\u00e1t &#8211; <strong>od roku 2012 pretrhol \u0161n\u00faru a\u017e v\u00a0roku 2018<\/strong>, \u010do znamen\u00e1, \u017ee vynechal len minuloro\u010dn\u00fa \u00fa\u010das\u0165. Aj napriek tomu, \u017ee nikdy nevyhral, 2x skon\u010dil druh\u00fd a\u00a0raz \u0161tvrt\u00fd. Pod\u013ea e\u0161te ne\u00faplnej \u0161tartovej listiny proti sebe bude ma\u0165 men\u00e1 ako van der Poel, Naesen, Bettiol alebo Fuglsang \u010di van Aert.<\/p>\n<p><a href=\"https:\/\/d2p6e6u75xmxt8.cloudfront.net\/4\/2020\/07\/WLC_Kalendar-Sagana_03.jpg\"><img loading=\"lazy\" decoding=\"async\" src=\"https:\/\/d2p6e6u75xmxt8.cloudfront.net\/4\/2020\/07\/WLC_Kalendar-Sagana_03.jpg\" alt=\"\" width=\"1200\" height=\"800\" class=\"alignnone size-full wp-image-10325\" \/><\/a><\/p>\n<h2><strong>Mil\u00e1no &#8211; Tur\u00edn &#8211; klasika &#8211; 5. augusta<\/strong><\/h2>\n<p>Nev\u0161edn\u00fdm bodom v\u00a0Saganovej sez\u00f3ne bude aj neo\u010dak\u00e1van\u00e1 klasika, ktor\u00e1 je hodnoten\u00e1 ni\u017e\u0161ou klasifik\u00e1ciou ako 1. Pro (nie WorldTour). Napriek tomu si Mil\u00e1no &#8211; Tur\u00edn so sebou nesie okrem nabit\u00e9ho \u0161tartov\u00e9ho po\u013ea aj bohat\u00fa hist\u00f3riu, ktorou sa m\u00f4\u017ee porovn\u00e1va\u0165 s\u00a0najstar\u0161\u00edmi klasikami. Celkovo ide o\u00a0<strong>189 kilometrov, ktor\u00e9 s\u00fa takmer dokonale rovn\u00e9<\/strong>. V\u00a0uplynul\u00fdch ro\u010dn\u00edkoch bol koniec situovan\u00fd na vrchole 5 km st\u00fapania. V\u00a0z\u00e1vere sa bude rozhodova\u0165 v\u00a0\u0161printe.<\/p>\n<p>Ke\u010f\u017ee ide u\u017e o\u00a0101. ro\u010dn\u00edk, na svojom konte m\u00e1 desiatky sl\u00e1vnych v\u00ed\u0165azov. Aj teraz k\u00a0nim m\u00f4\u017ee pribudn\u00fa\u0165 Peter Sagan, ktor\u00fd bude v\u00a0tomto roku debutova\u0165. Proti nemu bud\u00fa st\u00e1\u0165 r\u00fdchlici ako Evan, D\u00e9mare, Jungels, van der Poel a\u00a0in\u00ed. <\/p>\n<h2><strong>Mil\u00e1no &#8211; San Remo &#8211; klasika &#8211; 8. augusta<\/strong><\/h2>\n<p>Nabit\u00fd \u00favodn\u00fd t\u00fd\u017ede\u0148 uzavrie tretia talianska klasika s\u00a0ve\u013eavravn\u00fdm n\u00e1zvom &#8211; Mil\u00e1no &#8211; San Remo. Oproti predch\u00e1dzaj\u00facim dvom m\u00e1 jednu charakteristick\u00fa \u010drtu &#8211; <strong>meria takmer 300 kilometrov (presnej\u0161ie 291 km)<\/strong> a\u00a0v\u010faka posledn\u00fdm kr\u00e1tkym dvom st\u00fapaniam tesne pred cie\u013eom, dok\u00e1\u017ee vytvori\u0165 nev\u00eddan\u00fa atmosf\u00e9ru. Cipressa a\u00a0Pogio &#8211; tieto presl\u00e1ven\u00e9 \u201ekop\u010deky\u201c \u010dasto rozhoduj\u00fa o celom priebehu pretekov. Tak\u017ee pozor &#8211; aj ke\u010f sa v\u00e1\u0161 favorit dostal na m\u00e9tu 10 km pred koncom, nem\u00e1 ni\u010d ist\u00e9.<\/p>\n<lite-youtube videoid=XOmN91xfX0E params=\"enablejsapi=1\" style=\"background-image: url('https:\/\/i.ytimg.com\/vi_webp\/XOmN91xfX0E\/maxresdefault.webp');\"><\/lite-youtube>\n<p>Je a\u017e neuverite\u013en\u00e9, \u017ee pr\u00e1ve Peter Sagan sa na t\u00fdchto pretekov objavil celkovo dev\u00e4\u0165kr\u00e1t (v\u017edy od roku 2011) a\u00a0tento ro\u010dn\u00edk bude jeho jubilejn\u00fdm, desiatym pokusom, kone\u010dne ovl\u00e1dnu\u0165 tento n\u00e1ro\u010dn\u00fd Monument. <strong>Proti nemu bude st\u00e1\u0165 cel\u00e1 plej\u00e1da rivalov<\/strong>, na \u010dele s\u00a0minuloro\u010dn\u00fdm v\u00ed\u0165azom Alaphilippom. <\/p>\n<h2><strong>Crit\u00e9rium du Dauphin\u00e9 &#8211; t\u00fd\u017ed\u0148ov\u00e9 etapov\u00e9 preteky &#8211; 12. &#8211; 16. augusta<\/strong><\/h2>\n<p>Dauphin\u00e9 sa pov\u00e4\u010d\u0161ine ozna\u010duje za pr\u00edpravu na Tour de France, ke\u010f\u017ee jej term\u00edn je len nieko\u013eko t\u00fd\u017ed\u0148ov pred \u0161tartom Starej d\u00e1my. Aj s\u00a0posunut\u00edm kalend\u00e1ra ost\u00e1va t\u00e1to trad\u00edcia zachovan\u00e1. <strong>V\u00a0roku 2020 \u010dak\u00e1 na pretek\u00e1rov 5 et\u00e1p s\u00a0preva\u017ene kopcovit\u00fdm charakterom.<\/strong> Pre Sagana je najprijate\u013enej\u0161ou 3., respekt\u00edve 4. etapa. Prv\u00e1 z\u00a0nich pripom\u00edna ardensk\u00e9 klasiky, druh\u00e1 by sa mohla ozna\u010di\u0165 za \u0161print\u00e9rsku, av\u0161ak s\u00a0dvoma st\u00fapaniami tretej kateg\u00f3rie.<\/p>\n<p><a href=\"https:\/\/d2p6e6u75xmxt8.cloudfront.net\/4\/2020\/07\/WLC_Kalendar-Sagana_04.jpg\"><img loading=\"lazy\" decoding=\"async\" src=\"https:\/\/d2p6e6u75xmxt8.cloudfront.net\/4\/2020\/07\/WLC_Kalendar-Sagana_04.jpg\" alt=\"\" width=\"1200\" height=\"800\" class=\"alignnone size-full wp-image-10326\" \/><\/a><br \/>\nPeter Sagan sa po\u010das svojej vy\u0161e 10 ro\u010dnej kari\u00e9ry nez\u00fa\u010dastnil Dauphin\u00e9 ani raz &#8211; a\u00a0je to z\u00a0\u010dasti aj pochopite\u013en\u00e9. Ako u\u017e bolo povedan\u00e9, o\u00a0celkov\u00e9 v\u00ed\u0165azstvo sa usilova\u0165 nebude, jedin\u00e9, \u010do bude pre\u0148 pr\u00edhodn\u00e9, je mo\u017enos\u0165 vyhra\u0165 jednu z\u00a0et\u00e1p a\u00a0potr\u00e9nova\u0165 kopcovit\u00e9 etapy pred Tour.<\/p>\n<h2><strong>Tour de France &#8211; trojt\u00fd\u017ed\u0148ov\u00e9 etapov\u00e9 preteky &#8211; 29.&nbsp;augusta &#8211; 20. septembra<\/strong><\/h2>\n<p>Tour v\u00a0septembri? Pre\u010do nie. Za\u010d\u00edna sa tromi d\u0148ami v\u00a0Nice. Ako ka\u017edoro\u010dne, aj teraz s\u00fa v\u00a0hre okrem \u017elt\u00e9ho, aj zelen\u00fd, biely \u010di bodkovan\u00fd dres a\u00a0t\u00edmov\u00e1 klasifik\u00e1cia. <strong>Te\u0161\u00edte sa?<\/strong><\/p>\n<p>Prioritou Sagana bude op\u00e4\u0165 nadviaza\u0165 na uplynul\u00e9 etapov\u00e9 v\u00ed\u0165azstv\u00e1 a\u00a0<strong>nav\u00fd\u0161i\u0165 po\u010det zelen\u00fdch dresov na nov\u00fa rekordn\u00fa hodnotu<\/strong>. Aj v\u00a0tomto roku bude k\u00a0dispoz\u00edcii nieko\u013eko vhodn\u00fdch et\u00e1p, ktor\u00e9 bu\u010fto bud\u00fa zvlnen\u00e9, alebo ich z\u00e1ver bude st\u00fapav\u00e9ho charakteru. <\/p>\n<h2><strong>Giro d\u02b9Italia &#8211; trojt\u00fd\u017ed\u0148ov\u00e9 etapov\u00e9 preteky &#8211; 3. &#8211; 25.&nbsp;okt\u00f3bra<\/strong><\/h2>\n<p>Je zauj\u00edmav\u00e9 u\u017e len si predstavi\u0165, ako bud\u00fa vyzera\u0165 jednotliv\u00e9 horsk\u00e9 etapy v\u00a0okt\u00f3brovom term\u00edne. Budeme svedkami sne\u017en\u00fdch prekvapen\u00ed, n\u00edzkych tepl\u00f4t alebo naopak, po\u010dasie zahr\u00e1 do kar\u00e1t pretek\u00e1rom? Tak \u010di onak, <strong>Giro nesmie v\u00a0kalend\u00e1ri ch\u00fdba\u0165<\/strong> a\u00a0\u010do je e\u0161te radostnej\u0161ia spr\u00e1va, nebude na \u0148om ch\u00fdba\u0165 ani Peter Sagan.<\/p>\n<lite-youtube videoid=maZgWQlkdPs params=\"enablejsapi=1\" style=\"background-image: url('https:\/\/i.ytimg.com\/vi_webp\/maZgWQlkdPs\/maxresdefault.webp');\"><\/lite-youtube>\n<p>Pre Slov\u00e1ka je tento ro\u010dn\u00edk jeho debutov\u00fdm. \u010c\u00edtate spr\u00e1vne, po 12 rokoch v\u00a0profipelot\u00f3ne, p\u00f4soben\u00ed v\u00a0talianskom celku, je rok 2020 prvou <strong>pr\u00edle\u017eitos\u0165ou uk\u00e1za\u0165, ako sa dok\u00e1\u017ee Sagan popasova\u0165 s\u00a0itiner\u00e1rom Gira<\/strong>. Medzi Saganov\u00fdch vyz\u00fdvate\u013eov o\u00a0etapov\u00fd vavr\u00edn bude ur\u010dite patri\u0165 Matthews, D\u00e9mare, Fuglsang alebo jeho b\u00fdval\u00fd par\u0165\u00e1k Nibali. \u0160tartov\u00e1 listina v\u0161ak e\u0161te nie je ani z\u010faleka naplnen\u00e1.<\/p>\n<p>Toto je aktu\u00e1lny pl\u00e1n Saganovej sez\u00f3ny na nasleduj\u00facich nieko\u013eko mesiacov, ktor\u00e9 ost\u00e1vaj\u00fa do uzavretia tejto smutnej kapitoly cyklistiky. Av\u0161ak, hlavu hore &#8211; u\u017e o\u00a0nieko\u013eko t\u00fd\u017ed\u0148ov tu m\u00e1me prv\u00e9 preteky a\u00a0s\u00a0nimi h\u00e1dam aj <strong>poriadnu d\u00e1vku nap\u00e4tia a\u00a0skvel\u00fdch v\u00ed\u0165azstiev<\/strong>!<\/p>\n<p>Zdroj fotografi\u00ed: pixabay.com<\/p>\n","protected":false},"excerpt":{"rendered":"<p>Na nie\u010do tak\u00e9, ako za\u017e\u00edvame posledn\u00e9 mesiace, si nepam\u00e4t\u00e1 nielen cyklistick\u00e1 verejnos\u0165 a\u00a0profesion\u00e1li, ale aj svet ako tak\u00fd. Pand\u00e9mia zru\u0161ila [&hellip;]<\/p>\n","protected":false},"author":81,"featured_media":10322,"comment_status":"open","ping_status":"open","sticky":false,"template":"","format":"standard","meta":{"footnotes":""},"categories":[63],"tags":[619,115,487,546,331,65,876,418,532,178,704,423,46,179,256,422,20,55,355,269,907],"global-categories":[1074],"class_list":["post-10319","post","type-post","status-publish","format-standard","has-post-thumbnail","hentry","category-grand-tour","tag-bicyklovanie","tag-cestna-cyklistika","tag-cestny-bicykel","tag-cyklistika","tag-etapove-preteky","tag-giro-d-italia","tag-historia","tag-jarne-klasiky","tag-jazdenie","tag-maraton","tag-mathieu-van-der-poel","tag-milano-san-remo","tag-peter-sagan","tag-preteky","tag-sezona","tag-strade-bianche","tag-tour-de-france","tag-trening","tag-uci","tag-vitaz","tag-wout-van-aert","global-categories-cycling"],"yoast_head":"<!-- This site is optimized with the Yoast SEO Premium plugin v25.3 (Yoast SEO v25.9) - https:\/\/yoast.com\/wordpress\/plugins\/seo\/ -->\n<title>Kalend\u00e1r Petra Sagana v\u00a0sez\u00f3ne 2020 - kde ho u\u017e sn\u00e1\u010f uvid\u00edme? - \u0160koda We Love Cycling Slovensko<\/title>\n<meta name=\"robots\" content=\"index, follow, max-snippet:-1, max-image-preview:large, max-video-preview:-1\" \/>\n<link rel=\"canonical\" href=\"https:\/\/www.welovecycling.com\/sk\/2020\/07\/15\/kalendar-petra-sagana-v-sezone-2020-kde-ho-uz-snad-uvidime\/\" \/>\n<meta property=\"og:locale\" content=\"sk_SK\" \/>\n<meta property=\"og:type\" content=\"article\" \/>\n<meta property=\"og:title\" content=\"Kalend\u00e1r Petra Sagana v\u00a0sez\u00f3ne 2020 - kde ho u\u017e sn\u00e1\u010f uvid\u00edme?\" \/>\n<meta property=\"og:description\" content=\"Na nie\u010do tak\u00e9, ako za\u017e\u00edvame posledn\u00e9 mesiace, si nepam\u00e4t\u00e1 nielen cyklistick\u00e1 verejnos\u0165 a\u00a0profesion\u00e1li, ale aj svet ako tak\u00fd. Pand\u00e9mia zru\u0161ila [&hellip;]\" \/>\n<meta property=\"og:url\" content=\"https:\/\/www.welovecycling.com\/sk\/2020\/07\/15\/kalendar-petra-sagana-v-sezone-2020-kde-ho-uz-snad-uvidime\/\" \/>\n<meta property=\"og:site_name\" content=\"\u0160koda We Love Cycling Slovensko\" \/>\n<meta property=\"article:published_time\" content=\"2020-07-15T08:00:51+00:00\" \/>\n<meta property=\"og:image\" content=\"https:\/\/d2p6e6u75xmxt8.cloudfront.net\/4\/2020\/07\/WLC_Kalendar-Sagana_00.webp\" \/>\n\t<meta property=\"og:image:width\" content=\"1380\" \/>\n\t<meta property=\"og:image:height\" content=\"600\" \/>\n\t<meta property=\"og:image:type\" content=\"image\/webp\" \/>\n<meta name=\"twitter:card\" content=\"summary_large_image\" \/>\n<meta name=\"twitter:label1\" content=\"Written by\" \/>\n\t<meta name=\"twitter:data1\" content=\"WeLoveCycling\" \/>\n\t<meta name=\"twitter:label2\" content=\"Est. reading time\" \/>\n\t<meta name=\"twitter:data2\" content=\"5\" \/>\n<script type=\"application\/ld+json\" class=\"yoast-schema-graph\">{\"@context\":\"https:\/\/schema.org\",\"@graph\":[{\"@type\":\"WebPage\",\"@id\":\"https:\/\/www.welovecycling.com\/sk\/2020\/07\/15\/kalendar-petra-sagana-v-sezone-2020-kde-ho-uz-snad-uvidime\/\",\"url\":\"https:\/\/www.welovecycling.com\/sk\/2020\/07\/15\/kalendar-petra-sagana-v-sezone-2020-kde-ho-uz-snad-uvidime\/\",\"name\":\"Kalend\u00e1r Petra Sagana v\u00a0sez\u00f3ne 2020 - kde ho u\u017e sn\u00e1\u010f uvid\u00edme? - \u0160koda We Love Cycling Slovensko\",\"isPartOf\":{\"@id\":\"https:\/\/www.welovecycling.com\/sk\/#website\"},\"primaryImageOfPage\":{\"@id\":\"https:\/\/www.welovecycling.com\/sk\/2020\/07\/15\/kalendar-petra-sagana-v-sezone-2020-kde-ho-uz-snad-uvidime\/#primaryimage\"},\"image\":{\"@id\":\"https:\/\/www.welovecycling.com\/sk\/2020\/07\/15\/kalendar-petra-sagana-v-sezone-2020-kde-ho-uz-snad-uvidime\/#primaryimage\"},\"thumbnailUrl\":\"https:\/\/d2p6e6u75xmxt8.cloudfront.net\/4\/2020\/07\/WLC_Kalendar-Sagana_00.webp\",\"datePublished\":\"2020-07-15T08:00:51+00:00\",\"author\":{\"@id\":\"\"},\"breadcrumb\":{\"@id\":\"https:\/\/www.welovecycling.com\/sk\/2020\/07\/15\/kalendar-petra-sagana-v-sezone-2020-kde-ho-uz-snad-uvidime\/#breadcrumb\"},\"inLanguage\":\"sk-SK\",\"potentialAction\":[{\"@type\":\"ReadAction\",\"target\":[\"https:\/\/www.welovecycling.com\/sk\/2020\/07\/15\/kalendar-petra-sagana-v-sezone-2020-kde-ho-uz-snad-uvidime\/\"]}]},{\"@type\":\"ImageObject\",\"inLanguage\":\"sk-SK\",\"@id\":\"https:\/\/www.welovecycling.com\/sk\/2020\/07\/15\/kalendar-petra-sagana-v-sezone-2020-kde-ho-uz-snad-uvidime\/#primaryimage\",\"url\":\"https:\/\/d2p6e6u75xmxt8.cloudfront.net\/4\/2020\/07\/WLC_Kalendar-Sagana_00.webp\",\"contentUrl\":\"https:\/\/d2p6e6u75xmxt8.cloudfront.net\/4\/2020\/07\/WLC_Kalendar-Sagana_00.webp\",\"width\":1380,\"height\":600},{\"@type\":\"BreadcrumbList\",\"@id\":\"https:\/\/www.welovecycling.com\/sk\/2020\/07\/15\/kalendar-petra-sagana-v-sezone-2020-kde-ho-uz-snad-uvidime\/#breadcrumb\",\"itemListElement\":[{\"@type\":\"ListItem\",\"position\":1,\"name\":\"Home\",\"item\":\"https:\/\/www.welovecycling.com\/sk\/\"},{\"@type\":\"ListItem\",\"position\":2,\"name\":\"Kalend\u00e1r Petra Sagana v\u00a0sez\u00f3ne 2020 &#8211; kde ho u\u017e sn\u00e1\u010f uvid\u00edme?\"}]},{\"@type\":\"WebSite\",\"@id\":\"https:\/\/www.welovecycling.com\/sk\/#website\",\"url\":\"https:\/\/www.welovecycling.com\/sk\/\",\"name\":\"\u0160koda We Love Cycling Slovensko\",\"description\":\"\u0160koda We Love Cycling Slovensko je v\u00e1\u0161 ka\u017edodenn\u00fd zdroj noviniek a in\u0161pir\u00e1cie z sveta cyklistiky\",\"potentialAction\":[{\"@type\":\"SearchAction\",\"target\":{\"@type\":\"EntryPoint\",\"urlTemplate\":\"https:\/\/www.welovecycling.com\/sk\/?s={search_term_string}\"},\"query-input\":{\"@type\":\"PropertyValueSpecification\",\"valueRequired\":true,\"valueName\":\"search_term_string\"}}],\"inLanguage\":\"sk-SK\"},{\"@type\":\"Person\",\"@id\":\"\",\"url\":\"https:\/\/www.welovecycling.com\/sk\/author\/\"}]}<\/script>\n<!-- \/ Yoast SEO Premium plugin. -->","yoast_head_json":{"title":"Kalend\u00e1r Petra Sagana v\u00a0sez\u00f3ne 2020 - kde ho u\u017e sn\u00e1\u010f uvid\u00edme? - \u0160koda We Love Cycling Slovensko","robots":{"index":"index","follow":"follow","max-snippet":"max-snippet:-1","max-image-preview":"max-image-preview:large","max-video-preview":"max-video-preview:-1"},"canonical":"https:\/\/www.welovecycling.com\/sk\/2020\/07\/15\/kalendar-petra-sagana-v-sezone-2020-kde-ho-uz-snad-uvidime\/","og_locale":"sk_SK","og_type":"article","og_title":"Kalend\u00e1r Petra Sagana v\u00a0sez\u00f3ne 2020 - kde ho u\u017e sn\u00e1\u010f uvid\u00edme?","og_description":"Na nie\u010do tak\u00e9, ako za\u017e\u00edvame posledn\u00e9 mesiace, si nepam\u00e4t\u00e1 nielen cyklistick\u00e1 verejnos\u0165 a\u00a0profesion\u00e1li, ale aj svet ako tak\u00fd. Pand\u00e9mia zru\u0161ila [&hellip;]","og_url":"https:\/\/www.welovecycling.com\/sk\/2020\/07\/15\/kalendar-petra-sagana-v-sezone-2020-kde-ho-uz-snad-uvidime\/","og_site_name":"\u0160koda We Love Cycling Slovensko","article_published_time":"2020-07-15T08:00:51+00:00","og_image":[{"width":1380,"height":600,"url":"https:\/\/d2p6e6u75xmxt8.cloudfront.net\/4\/2020\/07\/WLC_Kalendar-Sagana_00.webp","type":"image\/webp"}],"twitter_card":"summary_large_image","twitter_misc":{"Written by":"WeLoveCycling","Est. reading time":"5"},"schema":{"@context":"https:\/\/schema.org","@graph":[{"@type":"WebPage","@id":"https:\/\/www.welovecycling.com\/sk\/2020\/07\/15\/kalendar-petra-sagana-v-sezone-2020-kde-ho-uz-snad-uvidime\/","url":"https:\/\/www.welovecycling.com\/sk\/2020\/07\/15\/kalendar-petra-sagana-v-sezone-2020-kde-ho-uz-snad-uvidime\/","name":"Kalend\u00e1r Petra Sagana v\u00a0sez\u00f3ne 2020 - kde ho u\u017e sn\u00e1\u010f uvid\u00edme? - \u0160koda We Love Cycling Slovensko","isPartOf":{"@id":"https:\/\/www.welovecycling.com\/sk\/#website"},"primaryImageOfPage":{"@id":"https:\/\/www.welovecycling.com\/sk\/2020\/07\/15\/kalendar-petra-sagana-v-sezone-2020-kde-ho-uz-snad-uvidime\/#primaryimage"},"image":{"@id":"https:\/\/www.welovecycling.com\/sk\/2020\/07\/15\/kalendar-petra-sagana-v-sezone-2020-kde-ho-uz-snad-uvidime\/#primaryimage"},"thumbnailUrl":"https:\/\/d2p6e6u75xmxt8.cloudfront.net\/4\/2020\/07\/WLC_Kalendar-Sagana_00.webp","datePublished":"2020-07-15T08:00:51+00:00","author":{"@id":""},"breadcrumb":{"@id":"https:\/\/www.welovecycling.com\/sk\/2020\/07\/15\/kalendar-petra-sagana-v-sezone-2020-kde-ho-uz-snad-uvidime\/#breadcrumb"},"inLanguage":"sk-SK","potentialAction":[{"@type":"ReadAction","target":["https:\/\/www.welovecycling.com\/sk\/2020\/07\/15\/kalendar-petra-sagana-v-sezone-2020-kde-ho-uz-snad-uvidime\/"]}]},{"@type":"ImageObject","inLanguage":"sk-SK","@id":"https:\/\/www.welovecycling.com\/sk\/2020\/07\/15\/kalendar-petra-sagana-v-sezone-2020-kde-ho-uz-snad-uvidime\/#primaryimage","url":"https:\/\/d2p6e6u75xmxt8.cloudfront.net\/4\/2020\/07\/WLC_Kalendar-Sagana_00.webp","contentUrl":"https:\/\/d2p6e6u75xmxt8.cloudfront.net\/4\/2020\/07\/WLC_Kalendar-Sagana_00.webp","width":1380,"height":600},{"@type":"BreadcrumbList","@id":"https:\/\/www.welovecycling.com\/sk\/2020\/07\/15\/kalendar-petra-sagana-v-sezone-2020-kde-ho-uz-snad-uvidime\/#breadcrumb","itemListElement":[{"@type":"ListItem","position":1,"name":"Home","item":"https:\/\/www.welovecycling.com\/sk\/"},{"@type":"ListItem","position":2,"name":"Kalend\u00e1r Petra Sagana v\u00a0sez\u00f3ne 2020 &#8211; kde ho u\u017e sn\u00e1\u010f uvid\u00edme?"}]},{"@type":"WebSite","@id":"https:\/\/www.welovecycling.com\/sk\/#website","url":"https:\/\/www.welovecycling.com\/sk\/","name":"\u0160koda We Love Cycling Slovensko","description":"\u0160koda We Love Cycling Slovensko je v\u00e1\u0161 ka\u017edodenn\u00fd zdroj noviniek a in\u0161pir\u00e1cie z sveta cyklistiky","potentialAction":[{"@type":"SearchAction","target":{"@type":"EntryPoint","urlTemplate":"https:\/\/www.welovecycling.com\/sk\/?s={search_term_string}"},"query-input":{"@type":"PropertyValueSpecification","valueRequired":true,"valueName":"search_term_string"}}],"inLanguage":"sk-SK"},{"@type":"Person","@id":"","url":"https:\/\/www.welovecycling.com\/sk\/author\/"}]}},"_links":{"self":[{"href":"https:\/\/www.welovecycling.com\/sk\/wp-json\/wp\/v2\/posts\/10319","targetHints":{"allow":["GET"]}}],"collection":[{"href":"https:\/\/www.welovecycling.com\/sk\/wp-json\/wp\/v2\/posts"}],"about":[{"href":"https:\/\/www.welovecycling.com\/sk\/wp-json\/wp\/v2\/types\/post"}],"author":[{"embeddable":true,"href":"https:\/\/www.welovecycling.com\/sk\/wp-json\/wp\/v2\/users\/81"}],"replies":[{"embeddable":true,"href":"https:\/\/www.welovecycling.com\/sk\/wp-json\/wp\/v2\/comments?post=10319"}],"version-history":[{"count":2,"href":"https:\/\/www.welovecycling.com\/sk\/wp-json\/wp\/v2\/posts\/10319\/revisions"}],"predecessor-version":[{"id":10334,"href":"https:\/\/www.welovecycling.com\/sk\/wp-json\/wp\/v2\/posts\/10319\/revisions\/10334"}],"wp:featuredmedia":[{"embeddable":true,"href":"https:\/\/www.welovecycling.com\/sk\/wp-json\/wp\/v2\/media\/10322"}],"wp:attachment":[{"href":"https:\/\/www.welovecycling.com\/sk\/wp-json\/wp\/v2\/media?parent=10319"}],"wp:term":[{"taxonomy":"category","embeddable":true,"href":"https:\/\/www.welovecycling.com\/sk\/wp-json\/wp\/v2\/categories?post=10319"},{"taxonomy":"post_tag","embeddable":true,"href":"https:\/\/www.welovecycling.com\/sk\/wp-json\/wp\/v2\/tags?post=10319"},{"taxonomy":"global-categories","embeddable":true,"href":"https:\/\/www.welovecycling.com\/sk\/wp-json\/wp\/v2\/global-categories?post=10319"}],"curies":[{"name":"wp","href":"https:\/\/api.w.org\/{rel}","templated":true}]}}