{"id":10309,"date":"2020-07-13T10:00:56","date_gmt":"2020-07-13T08:00:56","guid":{"rendered":"https:\/\/www.welovecycling.com\/sk\/?p=10309"},"modified":"2023-04-24T11:50:33","modified_gmt":"2023-04-24T09:50:33","slug":"v-zakulisi-drahovej-discipliny-zvanej-keirin","status":"publish","type":"post","link":"https:\/\/www.welovecycling.com\/sk\/2020\/07\/13\/v-zakulisi-drahovej-discipliny-zvanej-keirin\/","title":{"rendered":"V\u00a0z\u00e1kulis\u00ed dr\u00e1hovej discipl\u00edny zvanej Keirin"},"content":{"rendered":"<p><strong>Japonsk\u00e9 slovo keirin znamen\u00e1 \u201ecyklistick\u00e9 preteky\u201c. Av\u0161ak v Japonsku slovn\u00e9 spojenie cyklistick\u00e9 preteky znamen\u00e1 nie\u010do \u00faplne in\u00e9, ne\u017e \u010do ch\u00e1peme v slovenskom v\u00fdzname. <em>\u201eKeirin pretekanie je zna\u010dne odli\u0161n\u00e9 od ktor\u00fdchko\u013evek cyklistick\u00fdch pretekov, ktor\u00e9 som kedy videl alebo za\u017eil,\u201c<\/em> povedal fotograf Narayan Mahon pre <a href=\"https:\/\/www.bicycling.co.za\/training\/i-was-a-keirin-school-dropout\/\" target=\"_blank\" rel=\"noopener noreferrer\">Bicycle magazine<\/a>. <em>\u201ePretek\u00e1ri s\u00fa nesmierne s\u00fastreden\u00ed a pravidl\u00e1 s\u00fa tvrd\u00e9. Je to jednoducho povedan\u00e9, \u010dist\u00e9 a \u010destn\u00e9 pretekanie.\u201c<\/em><\/strong><!--more--><\/p>\n<p>Japonsk\u00fd \u0161t\u00fdl keirin vznikol okolo roku 1948. V mnoh\u00fdch aspektoch <strong>pripom\u00edna konsk\u00e9 preteky v z\u00e1padnom \u0161t\u00fdle<\/strong>. Div\u00e1ci si m\u00f4\u017eu stavi\u0165 na jedn\u00e9ho z jazdcov &#8211; tak ako na kone, samozrejme, pod\u013ea stanoven\u00fdch kurzov. Predpoklad\u00e1 sa, \u017ee ka\u017edoro\u010dne sa cez tento st\u00e1vkov\u00fd syst\u00e9m v keirine preto\u010d\u00ed a\u017e 14 mili\u00e1rd dol\u00e1rov. To v\u0161etko v r\u00e1mci 50 velodr\u00f3mov pre pretekanie keirin v Japonsku.<\/p>\n<figure id=\"attachment_10310\" aria-describedby=\"caption-attachment-10310\" style=\"width: 1000px\" class=\"wp-caption alignnone\"><img loading=\"lazy\" decoding=\"async\" class=\"size-full wp-image-10310\" src=\"https:\/\/d2p6e6u75xmxt8.cloudfront.net\/4\/2020\/07\/k2.jpg\" alt=\"\" width=\"1000\" height=\"667\" \/><figcaption id=\"caption-attachment-10310\" class=\"wp-caption-text\">\u00a9 Narayan Mahon for Bicycling.com<\/figcaption><\/figure>\n<p>Tak ako mno\u017estvo in\u00fdch aktiv\u00edt v Japonsku, aj keirin je do zna\u010dnej miery <strong>o\u0161etren\u00fd pravidlami<\/strong>. Ka\u017ed\u00fd z deviatich pretek\u00e1rov po\u010das jednej rozjazdy mus\u00ed ma\u0165 \u010d\u00edslo a farebne zladen\u00e9 oble\u010denie s prilbou. Tradi\u010dne s\u00fa \u010d\u00edsla 1, 2 a 3 biele, \u010dierne a \u010derven\u00e9, respekt\u00edve, s\u00fa rezervovan\u00e9 pre favoritov. Ostatn\u00e9 \u010d\u00edsla a farebn\u00e9 kombin\u00e1cie u\u017e z dia\u013eky signalizuj\u00fa div\u00e1kom, \u017ee ide o nov\u00fdch alebo menej hodnotn\u00fdch pretek\u00e1rov.<\/p>\n<p>Dev\u00e4\u0165 pretek\u00e1rov, ktor\u00ed jazdia na bicyklov s fixn\u00fdm prevodom a bez b\u0155zd, sa zhroma\u017ed\u00ed pod\u013ea \u010d\u00edseln\u00e9ho poradia pred zahrievacou miestnos\u0165ou, poklonia sa in\u0161truktorovi, nasadn\u00fa na bicykle a kr\u00fa\u017eia okolo stredu \u0161tadi\u00f3na v presne dan\u00fdch rozostupoch &#8211; <strong>2 d\u013a\u017eky bicykla<\/strong>. T\u00fdm umo\u017enia st\u00e1vkarom starostlivo si prehliadnu\u0165 ich jazdeck\u00e9 schopnosti a fyziologick\u00fd obraz. Potom sa pretek\u00e1ri op\u00e4\u0165 poklonia, tentokr\u00e1t \u0161tart\u00e9rovi, a \u010dakaj\u00fa, pokia\u013e tzv. pacer (udava\u010d tempa na \u010dele) &#8211; jazdec bez \u010d\u00edsla s ru\u017eov\u00fdm dresom a prilbou, pokryt\u00fd oran\u017eov\u00fdmi p\u00e1sikmi, nasadne na bicykel.<\/p>\n<p>Ke\u010f zaznie v\u00fdstrel elektrickej pi\u0161tole, bicykle s\u00fa vypusten\u00e9 z \u010de\u013eust\u00ed \u0161tartovac\u00edch zariaden\u00ed a pacer sa vyd\u00e1 spolu s nimi na tra\u0165. Po\u010das prv\u00e9ho kola s\u00fa v\u0161etci pretek\u00e1ri doslovne <strong>prilepen\u00ed na zadnom kolese pacer-a, bojuj\u00fac o \u010do najlep\u0161iu poz\u00edciu<\/strong>. Samotn\u00e9 preteky s\u00fa dlh\u00e9 vy\u0161e <strong>2 000 metrov<\/strong> (teda 5 k\u00f4l na 400 metrovom ov\u00e1le). Po\u010das polovice z tejto vzdialenosti musia pretek\u00e1ri zotrva\u0165 za zadn\u00fdm kolesom pacer-a. Cie\u013eom je udr\u017ea\u0165 si dobr\u00fa poz\u00edciu pred t\u00fdm, ako sa pustia do posledn\u00e9ho 2\u00a0a pol kola. Dovtedy sa sna\u017eia u\u0161etri\u0165 \u010do najviac energie za chrbtami svojich protivn\u00edkov a s\u00fa\u010dasne neby\u0165 a\u017e pr\u00edli\u0161 vzadu, ke\u010f nastane chv\u00ed\u013ea l\u00e1mania chleba.<\/p>\n<figure id=\"attachment_10311\" aria-describedby=\"caption-attachment-10311\" style=\"width: 1250px\" class=\"wp-caption alignnone\"><img loading=\"lazy\" decoding=\"async\" class=\"size-full wp-image-10311\" src=\"https:\/\/d2p6e6u75xmxt8.cloudfront.net\/4\/2020\/07\/Keirin-profimedia-0069485992.jpg\" alt=\"\" width=\"1250\" height=\"916\" \/><figcaption id=\"caption-attachment-10311\" class=\"wp-caption-text\">Japonsk\u00fd Shinchi Ota (C) vedie n\u00e1stup k cie\u013eovej p\u00e1ske, zatia\u013e \u010do v tesnom z\u00e1vese sa mu vezie Hyun Byung (R) z Ju\u017enej K\u00f3rei, po\u010das mu\u017esk\u00e9ho fin\u00e1le keirinu na 14. \u00c1zijsk\u00fdch hr\u00e1ch v Busan. (Okt\u00f3ber 2002) Ota vyhral zlat\u00fa medailu, jeho t\u00edmov\u00fd kolega Yuji Yamada striebro, a Hyun z Ju\u017enej K\u00f3rei bronz. \u00a9 Profimedia<\/figcaption><\/figure>\n<p>Tento druh pretekania <strong>vy\u017eaduje discipl\u00ednu a vytrvalos\u0165<\/strong>. To je d\u00f4vod, pre\u010do jazdci, ke\u010f netr\u00e9nuj\u00fa, \u017eij\u00fa v odl\u00fa\u010den\u00ed od ostatn\u00fdch a pre\u010do uch\u00e1dza\u010di na pretek\u00e1rov keirinu musia podst\u00fapi\u0165 striktn\u00e9 a nam\u00e1hav\u00e9 (a povinn\u00e9) 10-mesa\u010dn\u00e9 \u201ezasv\u00e4covanie\u201c a tr\u00e9ningov\u00fd program \u0161koly keirinu pred t\u00fdm, ne\u017e je im umo\u017enen\u00e9 preteka\u0165.<\/p>\n<p>Jedna zo \u0161k\u00f4l, <strong>Japonsk\u00e1 \u0161kola Keirinu<\/strong>, je situovan\u00e1 na vrchu strmej hory ne\u010faleko Shuzenji (nie\u010do ako kl\u00e1\u0161tor), vzdialen\u00e1 od Tokia dve hodiny jazdy r\u00fdchlovlakom. Navy\u0161e, jej br\u00e1ny s\u00fa str\u00e1\u017een\u00e9. \u0160kola pozost\u00e1va z intern\u00e1tov, u\u010debn\u00ed a telocvi\u010dne &#8211; budovy, vybavenej valcami pre zimn\u00fd tr\u00e9ning, dvomi n\u00e1ro\u010dn\u00fdmi kopcovit\u00fdmi okruhmi, testovac\u00edm laborat\u00f3riom, cyklistick\u00fdm obchodom a tromi velodr\u00f3mami na svetovej \u00farovni.<\/p>\n<p>Najlep\u0161\u00ed japonsk\u00ed pretek\u00e1ri v keirine si m\u00f4\u017eu ro\u010dne zarobi\u0165 a\u017e 90 000 dol\u00e1rov, \u010do je pekn\u00e1 suma pe\u0148az\u00ed v cyklistickom svete a taktie\u017e v \u0148om m\u00f4\u017eu s\u00fa\u0165a\u017ei\u0165 a\u017e po dobu 20 rokov. Existuj\u00fa <strong>3 druhy jazdeck\u00e9ho \u0161t\u00fdlu v keirine<\/strong>. Najre\u0161pektovanej\u0161\u00edm je <strong>senko<\/strong> &#8211; jazdec, dostato\u010dne siln\u00fd, aby viedol cel\u00e9 kolo a s\u00fa\u010dasne vyhral. Potom je tu <strong>makuri<\/strong>, ktor\u00fd dok\u00e1\u017ee predvies\u0165 razantn\u00fd \u00fatok v poslednej z\u00e1krute a vyhra\u0165. A nakoniec, <strong>oikomi<\/strong>, ktor\u00fd dok\u00e1\u017ee na cie\u013eovej rovinke e\u0161te obehn\u00fa\u0165 jazdca pred n\u00edm, a tak ho obra\u0165 o v\u00ed\u0165azstvo.<\/p>\n<figure id=\"attachment_10312\" aria-describedby=\"caption-attachment-10312\" style=\"width: 1250px\" class=\"wp-caption alignnone\"><img loading=\"lazy\" decoding=\"async\" class=\"size-full wp-image-10312\" src=\"https:\/\/d2p6e6u75xmxt8.cloudfront.net\/4\/2020\/07\/Keirin-profimedia-0501603113.jpg\" alt=\"\" width=\"1250\" height=\"833\" \/><figcaption id=\"caption-attachment-10312\" class=\"wp-caption-text\">Yuta Wakimoto z Japonska na Majstrovstv\u00e1ch sveta v Berl\u00edne, 27. febru\u00e1ra 2020. \u00a9 Profimedia<\/figcaption><\/figure>\n<p>Keirin sa stal <strong>re\u0161pektovan\u00fdm medzin\u00e1rodn\u00fdm \u0161portom v 70. a 80. rokoch 20. storo\u010dia. <\/strong>Vtedy\u00a0pretek\u00e1r Koichi Nakano vyhral 10 profesion\u00e1lnych svetov\u00fdch \u0161print\u00e9rskych majstrovstiev po sebe. Ako d\u00f4sledok bola predstaven\u00e1 ist\u00e1 forma keirinu &#8211; kedy pacer vyu\u017e\u00edva motocykel sk\u00f4r ne\u017e bicykel &#8211; na Majstrovstv\u00e1ch sveta na dr\u00e1he v roku 1980. Keirin sa stal ofici\u00e1lnym podujat\u00edm na Olympijsk\u00fdch hr\u00e1ch 2000 v Sydney.<\/p>\n<p>V tejto (medzin\u00e1rodnej) verzii pacer za\u010d\u00edna na r\u00fdchlosti 30 km\/h. Po\u010das nasleduj\u00facich k\u00f4l zr\u00fdch\u013euje a\u017e na 50 km\/h pred posledn\u00fdm okruhom. R\u00fdchlos\u0165 v\u00ed\u0165aza m\u00f4\u017ee dosiahnu\u0165 a\u017e 70 km\/h alebo dokonca viac &#8211; <strong>to je dostato\u010dne r\u00fdchlo na ak\u00fako\u013evek formu \u0161portu<\/strong>.<\/p>\n","protected":false},"excerpt":{"rendered":"<p>Japonsk\u00e9 slovo keirin znamen\u00e1 \u201ecyklistick\u00e9 preteky\u201c. Av\u0161ak v Japonsku slovn\u00e9 spojenie cyklistick\u00e9 preteky znamen\u00e1 nie\u010do \u00faplne in\u00e9, ne\u017e \u010do ch\u00e1peme [&hellip;]<\/p>\n","protected":false},"author":172,"featured_media":10314,"comment_status":"open","ping_status":"open","sticky":false,"template":"","format":"standard","meta":{"footnotes":""},"categories":[191],"tags":[745,806,1243,281,1012,179,796,55],"global-categories":[],"class_list":["post-10309","post","type-post","status-publish","format-standard","has-post-thumbnail","hentry","category-odporucame","tag-drahova-cyklistika","tag-japonsko","tag-keirin","tag-majstrovstva-sveta","tag-pretekar","tag-preteky","tag-rychlost","tag-trening"],"yoast_head":"<!-- This site is optimized with the Yoast SEO Premium plugin v25.3 (Yoast SEO v25.9) - https:\/\/yoast.com\/wordpress\/plugins\/seo\/ -->\n<title>V\u00a0z\u00e1kulis\u00ed dr\u00e1hovej discipl\u00edny zvanej Keirin<\/title>\n<meta name=\"description\" content=\"Japonsk\u00e9 slovo keirin znamen\u00e1 \u201ecyklistick\u00e9 preteky\u201c. Av\u0161ak v Japonsku slovn\u00e9 spojenie cyklistick\u00e9 preteky znamen\u00e1 nie\u010do \u00faplne in\u00e9.\" \/>\n<meta name=\"robots\" content=\"index, follow, max-snippet:-1, max-image-preview:large, max-video-preview:-1\" \/>\n<link rel=\"canonical\" href=\"https:\/\/www.welovecycling.com\/sk\/2020\/07\/13\/v-zakulisi-drahovej-discipliny-zvanej-keirin\/\" \/>\n<meta property=\"og:locale\" content=\"sk_SK\" \/>\n<meta property=\"og:type\" content=\"article\" \/>\n<meta property=\"og:title\" content=\"V\u00a0z\u00e1kulis\u00ed dr\u00e1hovej discipl\u00edny zvanej Keirin\" \/>\n<meta property=\"og:description\" content=\"Japonsk\u00e9 slovo keirin znamen\u00e1 \u201ecyklistick\u00e9 preteky\u201c. Av\u0161ak v Japonsku slovn\u00e9 spojenie cyklistick\u00e9 preteky znamen\u00e1 nie\u010do \u00faplne in\u00e9.\" \/>\n<meta property=\"og:url\" content=\"https:\/\/www.welovecycling.com\/sk\/2020\/07\/13\/v-zakulisi-drahovej-discipliny-zvanej-keirin\/\" \/>\n<meta property=\"og:site_name\" content=\"\u0160koda We Love Cycling Slovensko\" \/>\n<meta property=\"article:published_time\" content=\"2020-07-13T08:00:56+00:00\" \/>\n<meta property=\"article:modified_time\" content=\"2023-04-24T09:50:33+00:00\" \/>\n<meta property=\"og:image\" content=\"https:\/\/d2p6e6u75xmxt8.cloudfront.net\/4\/2020\/07\/Keirin-CVR-profimedia-0119040717.webp\" \/>\n\t<meta property=\"og:image:width\" content=\"1366\" \/>\n\t<meta property=\"og:image:height\" content=\"600\" \/>\n\t<meta property=\"og:image:type\" content=\"image\/webp\" \/>\n<meta name=\"author\" content=\"dominika\" \/>\n<meta name=\"twitter:card\" content=\"summary_large_image\" \/>\n<meta name=\"twitter:label1\" content=\"Written by\" \/>\n\t<meta name=\"twitter:data1\" content=\"Siegfried Mortkowitz\" \/>\n\t<meta name=\"twitter:label2\" content=\"Est. reading time\" \/>\n\t<meta name=\"twitter:data2\" content=\"7\" \/>\n<script type=\"application\/ld+json\" class=\"yoast-schema-graph\">{\"@context\":\"https:\/\/schema.org\",\"@graph\":[{\"@type\":\"WebPage\",\"@id\":\"https:\/\/www.welovecycling.com\/sk\/2020\/07\/13\/v-zakulisi-drahovej-discipliny-zvanej-keirin\/\",\"url\":\"https:\/\/www.welovecycling.com\/sk\/2020\/07\/13\/v-zakulisi-drahovej-discipliny-zvanej-keirin\/\",\"name\":\"V\u00a0z\u00e1kulis\u00ed dr\u00e1hovej discipl\u00edny zvanej Keirin\",\"isPartOf\":{\"@id\":\"https:\/\/www.welovecycling.com\/sk\/#website\"},\"primaryImageOfPage\":{\"@id\":\"https:\/\/www.welovecycling.com\/sk\/2020\/07\/13\/v-zakulisi-drahovej-discipliny-zvanej-keirin\/#primaryimage\"},\"image\":{\"@id\":\"https:\/\/www.welovecycling.com\/sk\/2020\/07\/13\/v-zakulisi-drahovej-discipliny-zvanej-keirin\/#primaryimage\"},\"thumbnailUrl\":\"https:\/\/d2p6e6u75xmxt8.cloudfront.net\/4\/2020\/07\/Keirin-CVR-profimedia-0119040717.webp\",\"datePublished\":\"2020-07-13T08:00:56+00:00\",\"dateModified\":\"2023-04-24T09:50:33+00:00\",\"author\":{\"@id\":\"https:\/\/www.welovecycling.com\/sk\/#\/schema\/person\/533b62b98b6c41bd5135ebfb1f742624\"},\"description\":\"Japonsk\u00e9 slovo keirin znamen\u00e1 \u201ecyklistick\u00e9 preteky\u201c. Av\u0161ak v Japonsku slovn\u00e9 spojenie cyklistick\u00e9 preteky znamen\u00e1 nie\u010do \u00faplne in\u00e9.\",\"breadcrumb\":{\"@id\":\"https:\/\/www.welovecycling.com\/sk\/2020\/07\/13\/v-zakulisi-drahovej-discipliny-zvanej-keirin\/#breadcrumb\"},\"inLanguage\":\"sk-SK\",\"potentialAction\":[{\"@type\":\"ReadAction\",\"target\":[\"https:\/\/www.welovecycling.com\/sk\/2020\/07\/13\/v-zakulisi-drahovej-discipliny-zvanej-keirin\/\"]}]},{\"@type\":\"ImageObject\",\"inLanguage\":\"sk-SK\",\"@id\":\"https:\/\/www.welovecycling.com\/sk\/2020\/07\/13\/v-zakulisi-drahovej-discipliny-zvanej-keirin\/#primaryimage\",\"url\":\"https:\/\/d2p6e6u75xmxt8.cloudfront.net\/4\/2020\/07\/Keirin-CVR-profimedia-0119040717.webp\",\"contentUrl\":\"https:\/\/d2p6e6u75xmxt8.cloudfront.net\/4\/2020\/07\/Keirin-CVR-profimedia-0119040717.webp\",\"width\":1366,\"height\":600},{\"@type\":\"BreadcrumbList\",\"@id\":\"https:\/\/www.welovecycling.com\/sk\/2020\/07\/13\/v-zakulisi-drahovej-discipliny-zvanej-keirin\/#breadcrumb\",\"itemListElement\":[{\"@type\":\"ListItem\",\"position\":1,\"name\":\"Home\",\"item\":\"https:\/\/www.welovecycling.com\/sk\/\"},{\"@type\":\"ListItem\",\"position\":2,\"name\":\"V\u00a0z\u00e1kulis\u00ed dr\u00e1hovej discipl\u00edny zvanej Keirin\"}]},{\"@type\":\"WebSite\",\"@id\":\"https:\/\/www.welovecycling.com\/sk\/#website\",\"url\":\"https:\/\/www.welovecycling.com\/sk\/\",\"name\":\"\u0160koda We Love Cycling Slovensko\",\"description\":\"\u0160koda We Love Cycling Slovensko je v\u00e1\u0161 ka\u017edodenn\u00fd zdroj noviniek a in\u0161pir\u00e1cie z sveta cyklistiky\",\"potentialAction\":[{\"@type\":\"SearchAction\",\"target\":{\"@type\":\"EntryPoint\",\"urlTemplate\":\"https:\/\/www.welovecycling.com\/sk\/?s={search_term_string}\"},\"query-input\":{\"@type\":\"PropertyValueSpecification\",\"valueRequired\":true,\"valueName\":\"search_term_string\"}}],\"inLanguage\":\"sk-SK\"},{\"@type\":\"Person\",\"@id\":\"https:\/\/www.welovecycling.com\/sk\/#\/schema\/person\/533b62b98b6c41bd5135ebfb1f742624\",\"name\":\"dominika\",\"image\":{\"@type\":\"ImageObject\",\"inLanguage\":\"sk-SK\",\"@id\":\"https:\/\/www.welovecycling.com\/sk\/#\/schema\/person\/image\/\",\"url\":\"https:\/\/secure.gravatar.com\/avatar\/ded6f274ba2ec3e17fff153f7d9d96a4b33c2cb63907f75d9a5309c599a7f3e6?s=96&d=mm&r=g\",\"contentUrl\":\"https:\/\/secure.gravatar.com\/avatar\/ded6f274ba2ec3e17fff153f7d9d96a4b33c2cb63907f75d9a5309c599a7f3e6?s=96&d=mm&r=g\",\"caption\":\"dominika\"},\"url\":\"https:\/\/www.welovecycling.com\/sk\/author\/dominika\/\"}]}<\/script>\n<!-- \/ Yoast SEO Premium plugin. -->","yoast_head_json":{"title":"V\u00a0z\u00e1kulis\u00ed dr\u00e1hovej discipl\u00edny zvanej Keirin","description":"Japonsk\u00e9 slovo keirin znamen\u00e1 \u201ecyklistick\u00e9 preteky\u201c. Av\u0161ak v Japonsku slovn\u00e9 spojenie cyklistick\u00e9 preteky znamen\u00e1 nie\u010do \u00faplne in\u00e9.","robots":{"index":"index","follow":"follow","max-snippet":"max-snippet:-1","max-image-preview":"max-image-preview:large","max-video-preview":"max-video-preview:-1"},"canonical":"https:\/\/www.welovecycling.com\/sk\/2020\/07\/13\/v-zakulisi-drahovej-discipliny-zvanej-keirin\/","og_locale":"sk_SK","og_type":"article","og_title":"V\u00a0z\u00e1kulis\u00ed dr\u00e1hovej discipl\u00edny zvanej Keirin","og_description":"Japonsk\u00e9 slovo keirin znamen\u00e1 \u201ecyklistick\u00e9 preteky\u201c. Av\u0161ak v Japonsku slovn\u00e9 spojenie cyklistick\u00e9 preteky znamen\u00e1 nie\u010do \u00faplne in\u00e9.","og_url":"https:\/\/www.welovecycling.com\/sk\/2020\/07\/13\/v-zakulisi-drahovej-discipliny-zvanej-keirin\/","og_site_name":"\u0160koda We Love Cycling Slovensko","article_published_time":"2020-07-13T08:00:56+00:00","article_modified_time":"2023-04-24T09:50:33+00:00","og_image":[{"width":1366,"height":600,"url":"https:\/\/d2p6e6u75xmxt8.cloudfront.net\/4\/2020\/07\/Keirin-CVR-profimedia-0119040717.webp","type":"image\/webp"}],"author":"dominika","twitter_card":"summary_large_image","twitter_misc":{"Written by":"Siegfried Mortkowitz","Est. reading time":"7"},"schema":{"@context":"https:\/\/schema.org","@graph":[{"@type":"WebPage","@id":"https:\/\/www.welovecycling.com\/sk\/2020\/07\/13\/v-zakulisi-drahovej-discipliny-zvanej-keirin\/","url":"https:\/\/www.welovecycling.com\/sk\/2020\/07\/13\/v-zakulisi-drahovej-discipliny-zvanej-keirin\/","name":"V\u00a0z\u00e1kulis\u00ed dr\u00e1hovej discipl\u00edny zvanej Keirin","isPartOf":{"@id":"https:\/\/www.welovecycling.com\/sk\/#website"},"primaryImageOfPage":{"@id":"https:\/\/www.welovecycling.com\/sk\/2020\/07\/13\/v-zakulisi-drahovej-discipliny-zvanej-keirin\/#primaryimage"},"image":{"@id":"https:\/\/www.welovecycling.com\/sk\/2020\/07\/13\/v-zakulisi-drahovej-discipliny-zvanej-keirin\/#primaryimage"},"thumbnailUrl":"https:\/\/d2p6e6u75xmxt8.cloudfront.net\/4\/2020\/07\/Keirin-CVR-profimedia-0119040717.webp","datePublished":"2020-07-13T08:00:56+00:00","dateModified":"2023-04-24T09:50:33+00:00","author":{"@id":"https:\/\/www.welovecycling.com\/sk\/#\/schema\/person\/533b62b98b6c41bd5135ebfb1f742624"},"description":"Japonsk\u00e9 slovo keirin znamen\u00e1 \u201ecyklistick\u00e9 preteky\u201c. Av\u0161ak v Japonsku slovn\u00e9 spojenie cyklistick\u00e9 preteky znamen\u00e1 nie\u010do \u00faplne in\u00e9.","breadcrumb":{"@id":"https:\/\/www.welovecycling.com\/sk\/2020\/07\/13\/v-zakulisi-drahovej-discipliny-zvanej-keirin\/#breadcrumb"},"inLanguage":"sk-SK","potentialAction":[{"@type":"ReadAction","target":["https:\/\/www.welovecycling.com\/sk\/2020\/07\/13\/v-zakulisi-drahovej-discipliny-zvanej-keirin\/"]}]},{"@type":"ImageObject","inLanguage":"sk-SK","@id":"https:\/\/www.welovecycling.com\/sk\/2020\/07\/13\/v-zakulisi-drahovej-discipliny-zvanej-keirin\/#primaryimage","url":"https:\/\/d2p6e6u75xmxt8.cloudfront.net\/4\/2020\/07\/Keirin-CVR-profimedia-0119040717.webp","contentUrl":"https:\/\/d2p6e6u75xmxt8.cloudfront.net\/4\/2020\/07\/Keirin-CVR-profimedia-0119040717.webp","width":1366,"height":600},{"@type":"BreadcrumbList","@id":"https:\/\/www.welovecycling.com\/sk\/2020\/07\/13\/v-zakulisi-drahovej-discipliny-zvanej-keirin\/#breadcrumb","itemListElement":[{"@type":"ListItem","position":1,"name":"Home","item":"https:\/\/www.welovecycling.com\/sk\/"},{"@type":"ListItem","position":2,"name":"V\u00a0z\u00e1kulis\u00ed dr\u00e1hovej discipl\u00edny zvanej Keirin"}]},{"@type":"WebSite","@id":"https:\/\/www.welovecycling.com\/sk\/#website","url":"https:\/\/www.welovecycling.com\/sk\/","name":"\u0160koda We Love Cycling Slovensko","description":"\u0160koda We Love Cycling Slovensko je v\u00e1\u0161 ka\u017edodenn\u00fd zdroj noviniek a in\u0161pir\u00e1cie z sveta cyklistiky","potentialAction":[{"@type":"SearchAction","target":{"@type":"EntryPoint","urlTemplate":"https:\/\/www.welovecycling.com\/sk\/?s={search_term_string}"},"query-input":{"@type":"PropertyValueSpecification","valueRequired":true,"valueName":"search_term_string"}}],"inLanguage":"sk-SK"},{"@type":"Person","@id":"https:\/\/www.welovecycling.com\/sk\/#\/schema\/person\/533b62b98b6c41bd5135ebfb1f742624","name":"dominika","image":{"@type":"ImageObject","inLanguage":"sk-SK","@id":"https:\/\/www.welovecycling.com\/sk\/#\/schema\/person\/image\/","url":"https:\/\/secure.gravatar.com\/avatar\/ded6f274ba2ec3e17fff153f7d9d96a4b33c2cb63907f75d9a5309c599a7f3e6?s=96&d=mm&r=g","contentUrl":"https:\/\/secure.gravatar.com\/avatar\/ded6f274ba2ec3e17fff153f7d9d96a4b33c2cb63907f75d9a5309c599a7f3e6?s=96&d=mm&r=g","caption":"dominika"},"url":"https:\/\/www.welovecycling.com\/sk\/author\/dominika\/"}]}},"_links":{"self":[{"href":"https:\/\/www.welovecycling.com\/sk\/wp-json\/wp\/v2\/posts\/10309","targetHints":{"allow":["GET"]}}],"collection":[{"href":"https:\/\/www.welovecycling.com\/sk\/wp-json\/wp\/v2\/posts"}],"about":[{"href":"https:\/\/www.welovecycling.com\/sk\/wp-json\/wp\/v2\/types\/post"}],"author":[{"embeddable":true,"href":"https:\/\/www.welovecycling.com\/sk\/wp-json\/wp\/v2\/users\/172"}],"replies":[{"embeddable":true,"href":"https:\/\/www.welovecycling.com\/sk\/wp-json\/wp\/v2\/comments?post=10309"}],"version-history":[{"count":2,"href":"https:\/\/www.welovecycling.com\/sk\/wp-json\/wp\/v2\/posts\/10309\/revisions"}],"predecessor-version":[{"id":17224,"href":"https:\/\/www.welovecycling.com\/sk\/wp-json\/wp\/v2\/posts\/10309\/revisions\/17224"}],"wp:featuredmedia":[{"embeddable":true,"href":"https:\/\/www.welovecycling.com\/sk\/wp-json\/wp\/v2\/media\/10314"}],"wp:attachment":[{"href":"https:\/\/www.welovecycling.com\/sk\/wp-json\/wp\/v2\/media?parent=10309"}],"wp:term":[{"taxonomy":"category","embeddable":true,"href":"https:\/\/www.welovecycling.com\/sk\/wp-json\/wp\/v2\/categories?post=10309"},{"taxonomy":"post_tag","embeddable":true,"href":"https:\/\/www.welovecycling.com\/sk\/wp-json\/wp\/v2\/tags?post=10309"},{"taxonomy":"global-categories","embeddable":true,"href":"https:\/\/www.welovecycling.com\/sk\/wp-json\/wp\/v2\/global-categories?post=10309"}],"curies":[{"name":"wp","href":"https:\/\/api.w.org\/{rel}","templated":true}]}}