{"id":10291,"date":"2020-08-12T11:00:35","date_gmt":"2020-08-12T09:00:35","guid":{"rendered":"https:\/\/www.welovecycling.com\/sk\/?p=10291"},"modified":"2020-08-11T11:23:50","modified_gmt":"2020-08-11T09:23:50","slug":"ako-som-zvladol-gerlaching-2-655-vyskovych-metrov-pokorenych","status":"publish","type":"post","link":"https:\/\/www.welovecycling.com\/sk\/2020\/08\/12\/ako-som-zvladol-gerlaching-2-655-vyskovych-metrov-pokorenych\/","title":{"rendered":"Ako som zvl\u00e1dol Gerlaching &#8211; 2 655 v\u00fd\u0161kov\u00fdch metrov pokoren\u00fdch"},"content":{"rendered":"<p><strong>Mo\u017eno sa teraz niektor\u00ed \u010duduj\u00fa nad t\u00fdmto slovn\u00fdm novotvarom. Ak ste v\u0161ak u\u017e po\u010duli o\u00a0Everestingu, tak asi tu\u0161\u00edte o\u00a0\u010do ide. Everesting je v\u00fdzva pre cyklistov, kedy potrebuje nast\u00fapa\u0165 po\u010das jedn\u00e9ho v\u00fdjazdu 8 848 v\u00fd\u0161kov\u00fdch metrov.<\/strong><!--more--><\/p>\n<p>Ke\u010f\u017ee tak\u00e9to nie\u010do zvl\u00e1dne len m\u00e1lokto, vymysleli nad\u0161enci zo str\u00e1nky <a href=\"https:\/\/www.mtbiker.sk\/clanky\/123502\/vyzva-gerlaching-podte-sa-stat-gerlacherom.html\" rel=\"noopener noreferrer\" target=\"_blank\">MTBIKER.sk<\/a> <strong>slovensk\u00fa verziu, ktor\u00fa nazvali Gerlaching<\/strong>. V\u00a0tomto pr\u00edpade sta\u010d\u00ed zvl\u00e1dnu\u0165 <strong>2 655 v\u00fd\u0161kov\u00fdch metrov<\/strong>, a\u00a0to u\u017e je dosiahnute\u013en\u00e9 aj pre be\u017en\u00fdch hobby jazdcov. <\/p>\n<p>Vzh\u013eadom na to, \u017ee aj ja patr\u00edm do tejto skupiny a\u00a0na nejak\u00e9 skupinov\u00e9 preteky sa nec\u00edtim, <strong>t\u00e1to v\u00fdzva mi pri\u0161la vhod<\/strong>. Nemus\u00edm sa str\u00e1p\u0148ova\u0165 medzi desiatkami skvel\u00fdch pretek\u00e1rov, asi by som tam len zavadzal a\u00a0ostatn\u00fdch brzdil. A\u00a0vlastne ani neviem, \u010di by som do\u0161iel do cie\u013ea. Takto pri Gerlachingu som si pomaly a\u00a0nen\u00e1padne jazdil a\u00a0mohol som to ukon\u010di\u0165 a\u00a0odst\u00fapi\u0165 kedyko\u013evek bez hanby.<\/p>\n<p><a href=\"https:\/\/d2p6e6u75xmxt8.cloudfront.net\/4\/2020\/07\/Ako-som-zvladol-Gerlaching_01.JPG.jpg\"><img loading=\"lazy\" decoding=\"async\" src=\"https:\/\/d2p6e6u75xmxt8.cloudfront.net\/4\/2020\/07\/Ako-som-zvladol-Gerlaching_01.JPG.jpg\" alt=\"\" width=\"1200\" height=\"800\" class=\"alignnone size-full wp-image-10294\" \/><\/a><\/p>\n<h2><strong>Ako na to?<\/strong><\/h2>\n<p>Na za\u010diatok si treba vybra\u0165 kopec, na ktorom sa o\u00a0t\u00fato v\u00fdzvu pok\u00fasite. Zva\u017eoval som kopec Kremnica \u2013 Skalka, ktor\u00fd by sta\u010dilo vy\u0161liapa\u0165 len p\u00e1rkr\u00e1t, ale nakoniec som si pre istotu vybral ne\u010falek\u00e9 st\u00fapanie. Je to kopec, ktor\u00fd zvyknem jazdieva\u0165, ke\u010f je upr\u0161an\u00e9 po\u010dasie a\u00a0ak by za\u010dalo pr\u0161a\u0165, som doma za chv\u00ed\u013eu. Vyr\u00e1tal som si, \u017ee na to, aby som splnil podmienky, budem musie\u0165 <strong>vy\u0161liapa\u0165 hore trin\u00e1s\u0165kr\u00e1t<\/strong>. Kopec m\u00e1 <strong>d\u013a\u017eku asi 5 km a\u00a0prev\u00fd\u0161enie nie\u010do cez 200 metrov<\/strong>.<\/p>\n<p>V\u00e4\u010d\u0161ina jazdcov, ktor\u00ed Gerlaching v\u00a0poslednom \u010dase robili, jazdili dlh\u0161ie trasy a\u00a0menej opakovan\u00ed. S\u00fa v\u0161ak aj cyklisti, ktor\u00ed b\u00fdvaj\u00fa v\u00a0tak\u00fdch \u010dastiach Slovenska, kde poriadnych kopcov v\u00a0okol\u00ed ve\u013ea nie je. Ja som si povedal, \u017ee pr\u00e1ve toto vysk\u00fa\u0161am a\u00a0vybral som si toto kr\u00e1tke st\u00fapanie. Bude to aj <strong>sk\u00fa\u0161ka psychiky<\/strong>, \u010di zvl\u00e1dnem jazdi\u0165 dookola t\u00fa ist\u00fa trasu cel\u00fd de\u0148.<\/p>\n<p><a href=\"https:\/\/d2p6e6u75xmxt8.cloudfront.net\/4\/2020\/07\/Ako-som-zvladol-Gerlaching_02.JPG.jpg\"><img loading=\"lazy\" decoding=\"async\" src=\"https:\/\/d2p6e6u75xmxt8.cloudfront.net\/4\/2020\/07\/Ako-som-zvladol-Gerlaching_02.JPG.jpg\" alt=\"\" width=\"1200\" height=\"800\" class=\"alignnone size-full wp-image-10295\" \/><\/a><\/p>\n<h2><strong>Za\u010d\u00edname<\/strong><\/h2>\n<p>Za\u010dal som o\u00a0\u0161iestej r\u00e1no s\u00a0t\u00fdm, \u017ee to bude len tak\u00e1 pr\u00edprava a\u00a0vysk\u00fa\u0161am, \u010do to so mnou sprav\u00ed, ke\u010f to d\u00e1m p\u00e1rkr\u00e1t za sebou. Po dvoch hodin\u00e1ch som sa c\u00edtil skvele, a\u00a0tak som si v\u00a0pr\u00e1ci vzal dovolenku a\u00a0pokra\u010doval. Po\u010dasie bolo skoro r\u00e1no dos\u0165 chladn\u00e9 a\u00a0hlavne dole bola hmla. Ke\u010f som v\u0161ak vy\u0161iel do polovice kopca, kr\u00e1sne svietilo slnko. Tak som si toto <strong>striedanie u\u017eil nieko\u013ekokr\u00e1t<\/strong>. Prv\u00fd, kto si v\u0161imol toho bl\u00e1zna, ktor\u00fd u\u017e nieko\u013ek\u00fdkr\u00e1t ide hore, bol \u0161of\u00e9r smetiarskeho auta, ktor\u00e9 som po\u010das toho, ako v\u00a0dedine vys\u00fdpali popolnice, nieko\u013ekokr\u00e1t obehol. Asi \u0161tvrt\u00fdkr\u00e1t mi uk\u00e1zal uznanlivo palec hore. Prizn\u00e1m sa, pote\u0161ilo ma to a\u00a0povzbudilo a\u00a0pokra\u010doval som v\u00a0st\u00fapaniach a\u00a0zjazdoch.<\/p>\n<h2><strong>Ve\u013ek\u00e1 kr\u00edza<\/strong><\/h2>\n<p>Ke\u010f som i\u0161iel hore \u00f4smykr\u00e1t, pri\u0161la dos\u0165 ve\u013ek\u00e1 kr\u00edza, ale bolo to aj preto, \u017ee u\u017e bol \u010das obeda a\u00a0moje <strong>telo potrebovalo doplni\u0165 energiu<\/strong>. Nie, \u017ee by som od r\u00e1na ni\u010d nejedol, ale predsa len hroznov\u00fd cukor, s\u00f3jov\u00e9 ty\u010dinky a\u00a0litre vody nie s\u00fa t\u00e1 prav\u00e1 v\u00fd\u017eiva. Na obed som si dal cestoviny, zapil kolou a\u00a0e\u0161te si na cestu dal \u0161\u00e1lku k\u00e1vy. Takto nabuden\u00fd som i\u0161iel dokon\u010di\u0165 tento <strong>m\u00f4j \u017eivotn\u00fd v\u00fdkon<\/strong>.<\/p>\n<p><a href=\"https:\/\/d2p6e6u75xmxt8.cloudfront.net\/4\/2020\/07\/Ako-som-zvladol-Gerlaching_03.JPG.jpg\"><img loading=\"lazy\" decoding=\"async\" src=\"https:\/\/d2p6e6u75xmxt8.cloudfront.net\/4\/2020\/07\/Ako-som-zvladol-Gerlaching_03.JPG.jpg\" alt=\"\" width=\"1200\" height=\"800\" class=\"alignnone size-full wp-image-10296\" \/><\/a><\/p>\n<p>Poobede sa pokra\u010dovalo dobre, len po\u010dasie sa za\u010dalo trochu zhor\u0161ova\u0165. Za\u010d\u00ednal chv\u00ed\u013eami f\u00faka\u0165 celkom siln\u00fd bo\u010dn\u00fd vietor a\u00a0hovoril som si v\u00a0duchu, \u017ee ak zosilnie, nebude to a\u017e tak\u00e1 sranda. Na\u0161\u0165astie sa vietor ust\u00e1lil, ale prif\u00fakal mraky a\u00a0mal som obavy, \u010di neza\u010dne pr\u0161a\u0165. Na\u0161\u0165astie <strong>po\u010dasie vydr\u017ealo<\/strong> a\u00a0ja som mohol pokra\u010dova\u0165. K\u00a0z\u00e1veru ma v\u0161ak za\u010dalo tr\u00e1pi\u0165 koleno \u013eavej nohy, a\u00a0to u\u017e sranda nie je. Hovor\u00edm si, \u017ee ak ma to koleno zrad\u00ed a\u00a0ja to budem musie\u0165 vzda\u0165 v\u00a0posledn\u00fdch st\u00fapaniach, <strong>tak to asi vy\u0161liapem aj po ruk\u00e1ch<\/strong>. Zvolil som pre istou \u013eahk\u00e9 prevody a\u00a0asi aj preto som si v\u00fdrazne zhor\u0161il \u010das. Aj ke\u010f teda o\u00a0\u010das v\u00f4bec nejde, ale len zvl\u00e1dnu\u0165 cel\u00e9 st\u00fapanie.<\/p>\n<p><a href=\"https:\/\/d2p6e6u75xmxt8.cloudfront.net\/4\/2020\/07\/Ako-som-zvladol-Gerlaching_04.JPG.jpg\"><img loading=\"lazy\" decoding=\"async\" src=\"https:\/\/d2p6e6u75xmxt8.cloudfront.net\/4\/2020\/07\/Ako-som-zvladol-Gerlaching_04.JPG.jpg\" alt=\"\" width=\"1200\" height=\"800\" class=\"alignnone size-full wp-image-10297\" \/><\/a><\/p>\n<h2><strong>Je to tam!<\/strong><\/h2>\n<p>Nakoniec som sa predsa len <strong>do\u010dkal posledn\u00e9ho st\u00fapania<\/strong> a\u00a0t\u00e1 rados\u0165, ktor\u00fa som mal po zvl\u00e1dnut\u00ed v\u00fd\u0161ky Gerlachu, bola neop\u00edsate\u013en\u00e1. Pre istotu som dal aj p\u00e1r metrov navy\u0161e, tak\u017ee nakoniec som <strong>nast\u00fapal 2 821 metrov a\u00a0pre\u0161iel 132 km za jedin\u00fd de\u0148<\/strong>. Teda mus\u00edm kon\u0161tatova\u0165, \u017ee to bol m\u00f4j \u017eivotn\u00fd \u0161portov\u00fd v\u00fdkon. Ob\u00e1val som sa, \u017ee sa na druh\u00fd de\u0148 ani na nohy nepostav\u00edm, ale na moje prekvapenie som mal len miernu svalovicu.<\/p>\n<p><a href=\"https:\/\/d2p6e6u75xmxt8.cloudfront.net\/4\/2020\/07\/Ako-som-zvladol-Gerlaching_05a.jpg\"><img loading=\"lazy\" decoding=\"async\" src=\"https:\/\/d2p6e6u75xmxt8.cloudfront.net\/4\/2020\/07\/Ako-som-zvladol-Gerlaching_05a.jpg\" alt=\"\" width=\"1200\" height=\"1490\" class=\"alignnone size-full wp-image-10302\" \/><\/a><\/p>\n<p>E\u0161te dod\u00e1m, \u017ee ku koncu si na m\u0148a zvykli aj psy v\u00a0z\u00e1hrad\u00e1ch domov, okolo ktor\u00fdch som jazdil a ktor\u00ed zo za\u010diatku z\u00farivo \u0161tekali, ale \u010dasom to vzdali. Tie\u017e by som chcel pozdravi\u0165 tety, ktor\u00e9 v\u00a0predz\u00e1hradk\u00e1ch okop\u00e1vali burinu a\u00a0museli sa \u010dudova\u0165, pre\u010do tu tento bl\u00e1zon jazd\u00ed cel\u00e9 dopoludnie hore a\u00a0dolu. Je to skvel\u00fd pocit, \u017ee sa m\u00f4\u017eem ozna\u010di\u0165 titulom Gerlacher. Ur\u010dite odpor\u00fa\u010dam t\u00fato sk\u00fasenos\u0165 v\u0161etk\u00fdm, aby sa o\u00a0to aspo\u0148 pok\u00fasili. <strong>Idete do toho?<\/strong><\/p>\n","protected":false},"excerpt":{"rendered":"<p>Mo\u017eno sa teraz niektor\u00ed \u010duduj\u00fa nad t\u00fdmto slovn\u00fdm novotvarom. Ak ste v\u0161ak u\u017e po\u010duli o\u00a0Everestingu, tak asi tu\u0161\u00edte o\u00a0\u010do ide. [&hellip;]<\/p>\n","protected":false},"author":81,"featured_media":10293,"comment_status":"open","ping_status":"open","sticky":false,"template":"","format":"standard","meta":{"footnotes":""},"categories":[191],"tags":[319,619,1231,1242,180,532,1102,767,954,1109,55,183,161,623],"global-categories":[1074],"class_list":["post-10291","post","type-post","status-publish","format-standard","has-post-thumbnail","hentry","category-odporucame","tag-adrenalin","tag-bicyklovanie","tag-everesting","tag-gerlaching","tag-horska-cyklistika","tag-jazdenie","tag-kopec","tag-motivacia","tag-pocasie","tag-stupanie","tag-trening","tag-zabava","tag-zdravie","tag-zdravy-zivotny-styl","global-categories-cycling"],"yoast_head":"<!-- This site is optimized with the Yoast SEO Premium plugin v25.3 (Yoast SEO v25.9) - https:\/\/yoast.com\/wordpress\/plugins\/seo\/ -->\n<title>Ako som zvl\u00e1dol Gerlaching - 2 655 v\u00fd\u0161kov\u00fdch metrov pokoren\u00fdch - \u0160koda We Love Cycling Slovensko<\/title>\n<meta name=\"robots\" content=\"index, follow, max-snippet:-1, max-image-preview:large, max-video-preview:-1\" \/>\n<link rel=\"canonical\" href=\"https:\/\/www.welovecycling.com\/sk\/2020\/08\/12\/ako-som-zvladol-gerlaching-2-655-vyskovych-metrov-pokorenych\/\" \/>\n<meta property=\"og:locale\" content=\"sk_SK\" \/>\n<meta property=\"og:type\" content=\"article\" \/>\n<meta property=\"og:title\" content=\"Ako som zvl\u00e1dol Gerlaching - 2 655 v\u00fd\u0161kov\u00fdch metrov pokoren\u00fdch\" \/>\n<meta property=\"og:description\" content=\"Mo\u017eno sa teraz niektor\u00ed \u010duduj\u00fa nad t\u00fdmto slovn\u00fdm novotvarom. Ak ste v\u0161ak u\u017e po\u010duli o\u00a0Everestingu, tak asi tu\u0161\u00edte o\u00a0\u010do ide. [&hellip;]\" \/>\n<meta property=\"og:url\" content=\"https:\/\/www.welovecycling.com\/sk\/2020\/08\/12\/ako-som-zvladol-gerlaching-2-655-vyskovych-metrov-pokorenych\/\" \/>\n<meta property=\"og:site_name\" content=\"\u0160koda We Love Cycling Slovensko\" \/>\n<meta property=\"article:published_time\" content=\"2020-08-12T09:00:35+00:00\" \/>\n<meta property=\"og:image\" content=\"https:\/\/d2p6e6u75xmxt8.cloudfront.net\/4\/2020\/07\/Ako-som-zvladol-Gerlaching_00.JPG.webp\" \/>\n\t<meta property=\"og:image:width\" content=\"1380\" \/>\n\t<meta property=\"og:image:height\" content=\"600\" \/>\n\t<meta property=\"og:image:type\" content=\"image\/webp\" \/>\n<meta name=\"twitter:card\" content=\"summary_large_image\" \/>\n<meta name=\"twitter:label1\" content=\"Written by\" \/>\n\t<meta name=\"twitter:data1\" content=\"Radovan Vr\u0161ka\" \/>\n\t<meta name=\"twitter:label2\" content=\"Est. reading time\" \/>\n\t<meta name=\"twitter:data2\" content=\"5\" \/>\n<script type=\"application\/ld+json\" class=\"yoast-schema-graph\">{\"@context\":\"https:\/\/schema.org\",\"@graph\":[{\"@type\":\"WebPage\",\"@id\":\"https:\/\/www.welovecycling.com\/sk\/2020\/08\/12\/ako-som-zvladol-gerlaching-2-655-vyskovych-metrov-pokorenych\/\",\"url\":\"https:\/\/www.welovecycling.com\/sk\/2020\/08\/12\/ako-som-zvladol-gerlaching-2-655-vyskovych-metrov-pokorenych\/\",\"name\":\"Ako som zvl\u00e1dol Gerlaching - 2 655 v\u00fd\u0161kov\u00fdch metrov pokoren\u00fdch - \u0160koda We Love Cycling Slovensko\",\"isPartOf\":{\"@id\":\"https:\/\/www.welovecycling.com\/sk\/#website\"},\"primaryImageOfPage\":{\"@id\":\"https:\/\/www.welovecycling.com\/sk\/2020\/08\/12\/ako-som-zvladol-gerlaching-2-655-vyskovych-metrov-pokorenych\/#primaryimage\"},\"image\":{\"@id\":\"https:\/\/www.welovecycling.com\/sk\/2020\/08\/12\/ako-som-zvladol-gerlaching-2-655-vyskovych-metrov-pokorenych\/#primaryimage\"},\"thumbnailUrl\":\"https:\/\/d2p6e6u75xmxt8.cloudfront.net\/4\/2020\/07\/Ako-som-zvladol-Gerlaching_00.JPG.webp\",\"datePublished\":\"2020-08-12T09:00:35+00:00\",\"author\":{\"@id\":\"\"},\"breadcrumb\":{\"@id\":\"https:\/\/www.welovecycling.com\/sk\/2020\/08\/12\/ako-som-zvladol-gerlaching-2-655-vyskovych-metrov-pokorenych\/#breadcrumb\"},\"inLanguage\":\"sk-SK\",\"potentialAction\":[{\"@type\":\"ReadAction\",\"target\":[\"https:\/\/www.welovecycling.com\/sk\/2020\/08\/12\/ako-som-zvladol-gerlaching-2-655-vyskovych-metrov-pokorenych\/\"]}]},{\"@type\":\"ImageObject\",\"inLanguage\":\"sk-SK\",\"@id\":\"https:\/\/www.welovecycling.com\/sk\/2020\/08\/12\/ako-som-zvladol-gerlaching-2-655-vyskovych-metrov-pokorenych\/#primaryimage\",\"url\":\"https:\/\/d2p6e6u75xmxt8.cloudfront.net\/4\/2020\/07\/Ako-som-zvladol-Gerlaching_00.JPG.webp\",\"contentUrl\":\"https:\/\/d2p6e6u75xmxt8.cloudfront.net\/4\/2020\/07\/Ako-som-zvladol-Gerlaching_00.JPG.webp\",\"width\":1380,\"height\":600},{\"@type\":\"BreadcrumbList\",\"@id\":\"https:\/\/www.welovecycling.com\/sk\/2020\/08\/12\/ako-som-zvladol-gerlaching-2-655-vyskovych-metrov-pokorenych\/#breadcrumb\",\"itemListElement\":[{\"@type\":\"ListItem\",\"position\":1,\"name\":\"Home\",\"item\":\"https:\/\/www.welovecycling.com\/sk\/\"},{\"@type\":\"ListItem\",\"position\":2,\"name\":\"Ako som zvl\u00e1dol Gerlaching &#8211; 2 655 v\u00fd\u0161kov\u00fdch metrov pokoren\u00fdch\"}]},{\"@type\":\"WebSite\",\"@id\":\"https:\/\/www.welovecycling.com\/sk\/#website\",\"url\":\"https:\/\/www.welovecycling.com\/sk\/\",\"name\":\"\u0160koda We Love Cycling Slovensko\",\"description\":\"\u0160koda We Love Cycling Slovensko je v\u00e1\u0161 ka\u017edodenn\u00fd zdroj noviniek a in\u0161pir\u00e1cie z sveta cyklistiky\",\"potentialAction\":[{\"@type\":\"SearchAction\",\"target\":{\"@type\":\"EntryPoint\",\"urlTemplate\":\"https:\/\/www.welovecycling.com\/sk\/?s={search_term_string}\"},\"query-input\":{\"@type\":\"PropertyValueSpecification\",\"valueRequired\":true,\"valueName\":\"search_term_string\"}}],\"inLanguage\":\"sk-SK\"},{\"@type\":\"Person\",\"@id\":\"\",\"url\":\"https:\/\/www.welovecycling.com\/sk\/author\/\"}]}<\/script>\n<!-- \/ Yoast SEO Premium plugin. -->","yoast_head_json":{"title":"Ako som zvl\u00e1dol Gerlaching - 2 655 v\u00fd\u0161kov\u00fdch metrov pokoren\u00fdch - \u0160koda We Love Cycling Slovensko","robots":{"index":"index","follow":"follow","max-snippet":"max-snippet:-1","max-image-preview":"max-image-preview:large","max-video-preview":"max-video-preview:-1"},"canonical":"https:\/\/www.welovecycling.com\/sk\/2020\/08\/12\/ako-som-zvladol-gerlaching-2-655-vyskovych-metrov-pokorenych\/","og_locale":"sk_SK","og_type":"article","og_title":"Ako som zvl\u00e1dol Gerlaching - 2 655 v\u00fd\u0161kov\u00fdch metrov pokoren\u00fdch","og_description":"Mo\u017eno sa teraz niektor\u00ed \u010duduj\u00fa nad t\u00fdmto slovn\u00fdm novotvarom. Ak ste v\u0161ak u\u017e po\u010duli o\u00a0Everestingu, tak asi tu\u0161\u00edte o\u00a0\u010do ide. [&hellip;]","og_url":"https:\/\/www.welovecycling.com\/sk\/2020\/08\/12\/ako-som-zvladol-gerlaching-2-655-vyskovych-metrov-pokorenych\/","og_site_name":"\u0160koda We Love Cycling Slovensko","article_published_time":"2020-08-12T09:00:35+00:00","og_image":[{"width":1380,"height":600,"url":"https:\/\/d2p6e6u75xmxt8.cloudfront.net\/4\/2020\/07\/Ako-som-zvladol-Gerlaching_00.JPG.webp","type":"image\/webp"}],"twitter_card":"summary_large_image","twitter_misc":{"Written by":"Radovan Vr\u0161ka","Est. reading time":"5"},"schema":{"@context":"https:\/\/schema.org","@graph":[{"@type":"WebPage","@id":"https:\/\/www.welovecycling.com\/sk\/2020\/08\/12\/ako-som-zvladol-gerlaching-2-655-vyskovych-metrov-pokorenych\/","url":"https:\/\/www.welovecycling.com\/sk\/2020\/08\/12\/ako-som-zvladol-gerlaching-2-655-vyskovych-metrov-pokorenych\/","name":"Ako som zvl\u00e1dol Gerlaching - 2 655 v\u00fd\u0161kov\u00fdch metrov pokoren\u00fdch - \u0160koda We Love Cycling Slovensko","isPartOf":{"@id":"https:\/\/www.welovecycling.com\/sk\/#website"},"primaryImageOfPage":{"@id":"https:\/\/www.welovecycling.com\/sk\/2020\/08\/12\/ako-som-zvladol-gerlaching-2-655-vyskovych-metrov-pokorenych\/#primaryimage"},"image":{"@id":"https:\/\/www.welovecycling.com\/sk\/2020\/08\/12\/ako-som-zvladol-gerlaching-2-655-vyskovych-metrov-pokorenych\/#primaryimage"},"thumbnailUrl":"https:\/\/d2p6e6u75xmxt8.cloudfront.net\/4\/2020\/07\/Ako-som-zvladol-Gerlaching_00.JPG.webp","datePublished":"2020-08-12T09:00:35+00:00","author":{"@id":""},"breadcrumb":{"@id":"https:\/\/www.welovecycling.com\/sk\/2020\/08\/12\/ako-som-zvladol-gerlaching-2-655-vyskovych-metrov-pokorenych\/#breadcrumb"},"inLanguage":"sk-SK","potentialAction":[{"@type":"ReadAction","target":["https:\/\/www.welovecycling.com\/sk\/2020\/08\/12\/ako-som-zvladol-gerlaching-2-655-vyskovych-metrov-pokorenych\/"]}]},{"@type":"ImageObject","inLanguage":"sk-SK","@id":"https:\/\/www.welovecycling.com\/sk\/2020\/08\/12\/ako-som-zvladol-gerlaching-2-655-vyskovych-metrov-pokorenych\/#primaryimage","url":"https:\/\/d2p6e6u75xmxt8.cloudfront.net\/4\/2020\/07\/Ako-som-zvladol-Gerlaching_00.JPG.webp","contentUrl":"https:\/\/d2p6e6u75xmxt8.cloudfront.net\/4\/2020\/07\/Ako-som-zvladol-Gerlaching_00.JPG.webp","width":1380,"height":600},{"@type":"BreadcrumbList","@id":"https:\/\/www.welovecycling.com\/sk\/2020\/08\/12\/ako-som-zvladol-gerlaching-2-655-vyskovych-metrov-pokorenych\/#breadcrumb","itemListElement":[{"@type":"ListItem","position":1,"name":"Home","item":"https:\/\/www.welovecycling.com\/sk\/"},{"@type":"ListItem","position":2,"name":"Ako som zvl\u00e1dol Gerlaching &#8211; 2 655 v\u00fd\u0161kov\u00fdch metrov pokoren\u00fdch"}]},{"@type":"WebSite","@id":"https:\/\/www.welovecycling.com\/sk\/#website","url":"https:\/\/www.welovecycling.com\/sk\/","name":"\u0160koda We Love Cycling Slovensko","description":"\u0160koda We Love Cycling Slovensko je v\u00e1\u0161 ka\u017edodenn\u00fd zdroj noviniek a in\u0161pir\u00e1cie z sveta cyklistiky","potentialAction":[{"@type":"SearchAction","target":{"@type":"EntryPoint","urlTemplate":"https:\/\/www.welovecycling.com\/sk\/?s={search_term_string}"},"query-input":{"@type":"PropertyValueSpecification","valueRequired":true,"valueName":"search_term_string"}}],"inLanguage":"sk-SK"},{"@type":"Person","@id":"","url":"https:\/\/www.welovecycling.com\/sk\/author\/"}]}},"_links":{"self":[{"href":"https:\/\/www.welovecycling.com\/sk\/wp-json\/wp\/v2\/posts\/10291","targetHints":{"allow":["GET"]}}],"collection":[{"href":"https:\/\/www.welovecycling.com\/sk\/wp-json\/wp\/v2\/posts"}],"about":[{"href":"https:\/\/www.welovecycling.com\/sk\/wp-json\/wp\/v2\/types\/post"}],"author":[{"embeddable":true,"href":"https:\/\/www.welovecycling.com\/sk\/wp-json\/wp\/v2\/users\/81"}],"replies":[{"embeddable":true,"href":"https:\/\/www.welovecycling.com\/sk\/wp-json\/wp\/v2\/comments?post=10291"}],"version-history":[{"count":2,"href":"https:\/\/www.welovecycling.com\/sk\/wp-json\/wp\/v2\/posts\/10291\/revisions"}],"predecessor-version":[{"id":10391,"href":"https:\/\/www.welovecycling.com\/sk\/wp-json\/wp\/v2\/posts\/10291\/revisions\/10391"}],"wp:featuredmedia":[{"embeddable":true,"href":"https:\/\/www.welovecycling.com\/sk\/wp-json\/wp\/v2\/media\/10293"}],"wp:attachment":[{"href":"https:\/\/www.welovecycling.com\/sk\/wp-json\/wp\/v2\/media?parent=10291"}],"wp:term":[{"taxonomy":"category","embeddable":true,"href":"https:\/\/www.welovecycling.com\/sk\/wp-json\/wp\/v2\/categories?post=10291"},{"taxonomy":"post_tag","embeddable":true,"href":"https:\/\/www.welovecycling.com\/sk\/wp-json\/wp\/v2\/tags?post=10291"},{"taxonomy":"global-categories","embeddable":true,"href":"https:\/\/www.welovecycling.com\/sk\/wp-json\/wp\/v2\/global-categories?post=10291"}],"curies":[{"name":"wp","href":"https:\/\/api.w.org\/{rel}","templated":true}]}}