{"id":10281,"date":"2020-07-08T09:00:50","date_gmt":"2020-07-08T07:00:50","guid":{"rendered":"https:\/\/www.welovecycling.com\/sk\/?p=10281"},"modified":"2020-07-08T10:25:41","modified_gmt":"2020-07-08T08:25:41","slug":"vyhrajte-jedinecny-zazitok-s-tour-de-france-zapojte-sa-do-virtualneho-podujatia-letape-du-tour","status":"publish","type":"post","link":"https:\/\/www.welovecycling.com\/sk\/2020\/07\/08\/vyhrajte-jedinecny-zazitok-s-tour-de-france-zapojte-sa-do-virtualneho-podujatia-letape-du-tour\/","title":{"rendered":"Vyhrajte jedine\u010dn\u00fd z\u00e1\u017eitok s Tour de France! Zapojte sa do virtu\u00e1lneho podujatia l\u2019\u00c9tape du Tour"},"content":{"rendered":"<p><strong>Skuto\u010dn\u00fd Grand D\u00e9part bol s\u00edce posunut\u00fd a\u017e na 29. augusta, ale aj napriek tomu si st\u00e1le m\u00f4\u017eete u\u017ei\u0165 nefal\u0161ovan\u00fa j\u00falov\u00fa z\u00e1bavu s Tour de France. Po\u010das troch v\u00edkendov, od 4. do 19. j\u00fala, bude prebieha\u0165 virtu\u00e1lna Tour de France, pozost\u00e1vaj\u00faca zo \u0161iestich et\u00e1p. Svetov\u00e9 top t\u00edmy s\u00fa u\u017e pripraven\u00e9 rozbali\u0165 to spoza monitorov. Nemus\u00edte sa v\u0161ak ob\u00e1va\u0165, toto podujatie nebude v ni\u010dom odli\u0161n\u00e9 od re\u00e1lneho pretekania. St\u00e1le sa bude bojova\u0165 o \u0161tyri ikonick\u00e9 dresy, vr\u00e1tane \u0160koda Zelen\u00e9ho dresu pre najlep\u0161ieho \u0161print\u00e9ra. Nov\u00e9 trasy od Zwift, ktor\u00e9 s\u00fa situovan\u00e9 vo Franc\u00fazsku, s\u00fa z\u00e1rukou, \u017ee sa bude na \u010do pozera\u0165. In\u00fdmi slovami, nebud\u00fa ch\u00fdba\u0165 povestn\u00e9 fam\u00f3zne scen\u00e9rie. Pretek\u00e1ri v\u0161ak na konci nez\u00edskaj\u00fa \u201eprize money\u201c, ke\u010f\u017ee cel\u00e1 akcia je zameran\u00e1 na <a href=\"https:\/\/www.letour.fr\/en\/news\/2020\/tour-de-france-united-cycling-in-the-summer\/1283448\" rel=\"noopener noreferrer\" target=\"_blank\">pomoc charite<\/a>.<\/strong><br \/>\n<!--more--><\/p>\n<p>V\u010faka <a href=\"https:\/\/zwift.com\/events\/series\/virtual_letape_du_tour_de_france?__znl=en-gb\" rel=\"noopener noreferrer\" target=\"_blank\">virtu\u00e1lnej l\u2019\u00c9tape du Tour de France<\/a> sa m\u00f4\u017eete podujatia z\u00fa\u010dastni\u0165 aj vy! Pre fan\u00fa\u0161ikov bud\u00fa dostupn\u00e9 3 etapy.<\/p>\n<div id='gallery-1' class='gallery galleryid-10281 gallery-columns-2 gallery-size-large'><figure class='gallery-item'>\n\t\t\t<div class='gallery-icon landscape'>\n\t\t\t\t<a href='https:\/\/d2p6e6u75xmxt8.cloudfront.net\/4\/2020\/07\/1-4.webp'><img loading=\"lazy\" decoding=\"async\" width=\"1024\" height=\"574\" src=\"https:\/\/d2p6e6u75xmxt8.cloudfront.net\/4\/2020\/07\/1-4-1024x574.webp\" class=\"attachment-large size-large\" alt=\"\" srcset=\"https:\/\/d2p6e6u75xmxt8.cloudfront.net\/4\/2020\/07\/1-4-1024x574.webp 1024w, https:\/\/d2p6e6u75xmxt8.cloudfront.net\/4\/2020\/07\/1-4-300x168.webp 300w, https:\/\/d2p6e6u75xmxt8.cloudfront.net\/4\/2020\/07\/1-4-768x431.webp 768w, https:\/\/d2p6e6u75xmxt8.cloudfront.net\/4\/2020\/07\/1-4-1536x861.webp 1536w, https:\/\/d2p6e6u75xmxt8.cloudfront.net\/4\/2020\/07\/1-4.webp 1712w\" sizes=\"auto, (max-width: 1024px) 100vw, 1024px\" \/><\/a>\n\t\t\t<\/div><\/figure><figure class='gallery-item'>\n\t\t\t<div class='gallery-icon landscape'>\n\t\t\t\t<a href='https:\/\/d2p6e6u75xmxt8.cloudfront.net\/4\/2020\/07\/vtdf-PR-image-letape-1.webp'><img loading=\"lazy\" decoding=\"async\" width=\"1024\" height=\"576\" src=\"https:\/\/d2p6e6u75xmxt8.cloudfront.net\/4\/2020\/07\/vtdf-PR-image-letape-1-1024x576.webp\" class=\"attachment-large size-large\" alt=\"\" aria-describedby=\"gallery-1-10278\" srcset=\"https:\/\/d2p6e6u75xmxt8.cloudfront.net\/4\/2020\/07\/vtdf-PR-image-letape-1-1024x576.webp 1024w, https:\/\/d2p6e6u75xmxt8.cloudfront.net\/4\/2020\/07\/vtdf-PR-image-letape-1-300x169.webp 300w, https:\/\/d2p6e6u75xmxt8.cloudfront.net\/4\/2020\/07\/vtdf-PR-image-letape-1-768x432.webp 768w, https:\/\/d2p6e6u75xmxt8.cloudfront.net\/4\/2020\/07\/vtdf-PR-image-letape-1-1536x864.webp 1536w, https:\/\/d2p6e6u75xmxt8.cloudfront.net\/4\/2020\/07\/vtdf-PR-image-letape-1.webp 1920w\" sizes=\"auto, (max-width: 1024px) 100vw, 1024px\" \/><\/a>\n\t\t\t<\/div>\n\t\t\t\t<figcaption class='wp-caption-text gallery-caption' id='gallery-1-10278'>\n\t\t\t\tJoin us on Mount Ventoux!\n\t\t\t\t<\/figcaption><\/figure>\n\t\t<\/div>\n\n<figure id=\"attachment_10282\" aria-describedby=\"caption-attachment-10282\" style=\"width: 1712px\" class=\"wp-caption alignnone\"><img loading=\"lazy\" decoding=\"async\" class=\"size-full wp-image-10282\" src=\"https:\/\/d2p6e6u75xmxt8.cloudfront.net\/4\/2020\/07\/1-6.jpg\" alt=\"\" width=\"1712\" height=\"960\" \/><figcaption id=\"caption-attachment-10282\" class=\"wp-caption-text\">Pridajte sa k n\u00e1m cez Zwift!<\/figcaption><\/figure>\n<p><strong>4. a 5. j\u00fala, Etapa \u010d. 1:<\/strong> Nice &#8211; 29,5 km (682 m prev\u00fd\u0161enia, horsk\u00e1 etapa) &#8211; Watopia Mountain Route<\/p>\n<p><strong>11. a 12. j\u00fala, Etapa \u010d. 2:<\/strong> Juhoz\u00e1padn\u00e9 Franc\u00fazsko &#8211;  45,8 km (2 x 22,9 km okruhy, kopcovit\u00e1 etapa) &#8211; France Casse &#8211; Pattes Route<\/p>\n<p><strong>18. a 19. j\u00fala, Etapa \u010d. 3:<\/strong> Mont Ventoux &#8211; (22,9 km, so z\u00e1verom pri observat\u00f3riu) &#8211; France Ven &#8211; Top Route<\/p>\n<p>M\u00f4\u017eete to zobra\u0165 ako z\u00e1bavn\u00fa v\u00fdzvu alebo ako tr\u00e9ning na skuto\u010dn\u00e9 L\u2019\u00c9tape, ktor\u00e1 sa uskuto\u010dn\u00ed 6.&nbsp;septembra.<\/p>\n<p><strong>Urobte si screenshot v\u00e1\u0161ho v\u00fdkonu na Strave alebo Zwifte, pridajte si ho na Instagrame s hashtagom #Ride2Unite a ozna\u010dte <a href=\"https:\/\/www.instagram.com\/wlcmagazine\/\" rel=\"noopener noreferrer\" target=\"_blank\">WeLoveCycling<\/a>.<\/strong> Op\u00ed\u0161te svoj virtu\u00e1lny z\u00e1\u017eitok a ste zaraden\u00ed do s\u00fa\u0165a\u017ee. V\u00fdhercovia z\u00edskaj\u00fa pre seba a jedn\u00e9ho priate\u013ea exkluz\u00edvne bal\u00ed\u010dky VIP Tour de France Hospitality Programme od \u0160koda. <\/p>\n<p>Tak\u017ee, ur\u010dite sa p\u00fdtate, \u010do to je ten bal\u00ed\u010dek <strong>VIP Tour de France Hospitality Programme<\/strong>? Ide o jeden z najunik\u00e1tnej\u0161\u00edch sp\u00f4sobov, ako si vychutna\u0165 Tour de France z poz\u00edcie div\u00e1ka. Nach\u00e1dzate sa v \u0160koda SUPERB iV prer\u00e1\u017eaj\u00fac cestu pred pelot\u00f3nom. Potom sa presuniete do helikopt\u00e9ry, s ktorou sa po\u010das jednej z et\u00e1p prenesiete nad hlavami samotn\u00fdch cyklistick\u00fdch hviezd. Pristanete v bl\u00edzkosti cie\u013ea s dostatkom \u010dasu na to, aby ste stihli nap\u00ednav\u00fd fini\u0161. Tento plne preplaten\u00fd v\u00fdlet do Franc\u00fazska je skuto\u010dne neopakovate\u013en\u00fdm z\u00e1\u017eitkom.<\/p>\n<figure id=\"attachment_10283\" aria-describedby=\"caption-attachment-10283\" style=\"width: 1375px\" class=\"wp-caption alignnone\"><img loading=\"lazy\" decoding=\"async\" class=\"wp-image-10283 size-full\" src=\"https:\/\/d2p6e6u75xmxt8.cloudfront.net\/4\/2020\/07\/FotorCreated.jpg\" alt=\"\" width=\"1375\" height=\"600\" \/><figcaption id=\"caption-attachment-10283\" class=\"wp-caption-text\">Minul\u00ed v\u00ed\u0165azi, te\u0161iaci sa na ich prelet nad pelot\u00f3nom.<\/figcaption><\/figure>\n<div id='gallery-2' class='gallery galleryid-10281 gallery-columns-2 gallery-size-large'><figure class='gallery-item'>\n\t\t\t<div class='gallery-icon landscape'>\n\t\t\t\t<a href='https:\/\/d2p6e6u75xmxt8.cloudfront.net\/4\/2020\/07\/Hospitality-Program-1.JPG.webp'><img loading=\"lazy\" decoding=\"async\" width=\"600\" height=\"428\" src=\"https:\/\/d2p6e6u75xmxt8.cloudfront.net\/4\/2020\/07\/Hospitality-Program-1.JPG.webp\" class=\"attachment-large size-large\" alt=\"\" srcset=\"https:\/\/d2p6e6u75xmxt8.cloudfront.net\/4\/2020\/07\/Hospitality-Program-1.JPG.webp 600w, https:\/\/d2p6e6u75xmxt8.cloudfront.net\/4\/2020\/07\/Hospitality-Program-1.JPG-300x214.webp 300w\" sizes=\"auto, (max-width: 600px) 100vw, 600px\" \/><\/a>\n\t\t\t<\/div><\/figure><figure class='gallery-item'>\n\t\t\t<div class='gallery-icon landscape'>\n\t\t\t\t<a href='https:\/\/d2p6e6u75xmxt8.cloudfront.net\/4\/2020\/07\/10-2.webp'><img loading=\"lazy\" decoding=\"async\" width=\"900\" height=\"600\" src=\"https:\/\/d2p6e6u75xmxt8.cloudfront.net\/4\/2020\/07\/10-2.webp\" class=\"attachment-large size-large\" alt=\"\" srcset=\"https:\/\/d2p6e6u75xmxt8.cloudfront.net\/4\/2020\/07\/10-2.webp 900w, https:\/\/d2p6e6u75xmxt8.cloudfront.net\/4\/2020\/07\/10-2-300x200.webp 300w, https:\/\/d2p6e6u75xmxt8.cloudfront.net\/4\/2020\/07\/10-2-768x512.webp 768w, https:\/\/d2p6e6u75xmxt8.cloudfront.net\/4\/2020\/07\/10-2-272x182.webp 272w\" sizes=\"auto, (max-width: 900px) 100vw, 900px\" \/><\/a>\n\t\t\t<\/div><\/figure>\n\t\t<\/div>\n\n<p>Neznie to vzru\u0161uj\u00faco? Z\u00fa\u010dastnite sa aj vy virtu\u00e1lnej l\u2019\u00c9tape? U\u017e sa v\u00e1s nem\u00f4\u017eeme do\u010dka\u0165!<\/p>\n<p>Pre\u010d\u00edtajte si aj pravidl\u00e1 a podmienky akcie na <a href=\"https:\/\/www.welovecycling.com\/wide\/letape-du-tour-2020-contest-terms-and-conditions\/\" rel=\"noopener noreferrer\" target=\"_blank\">tomto odkaze<\/a>.<\/p>\n","protected":false},"excerpt":{"rendered":"<p>Skuto\u010dn\u00fd Grand D\u00e9part bol s\u00edce posunut\u00fd a\u017e na 29. augusta, ale aj napriek tomu si st\u00e1le m\u00f4\u017eete u\u017ei\u0165 nefal\u0161ovan\u00fa j\u00falov\u00fa [&hellip;]<\/p>\n","protected":false},"author":81,"featured_media":10285,"comment_status":"open","ping_status":"open","sticky":false,"template":"","format":"standard","meta":{"footnotes":""},"categories":[191],"tags":[726,115,961,306,580,176,1234,542,1241,1008,163,20,880,1226],"global-categories":[],"class_list":["post-10281","post","type-post","status-publish","format-standard","has-post-thumbnail","hentry","category-odporucame","tag-726","tag-cestna-cyklistika","tag-etapa","tag-francuzsko","tag-instagram","tag-peloton","tag-ride2unite","tag-skoda","tag-skoda-hospitality-programme","tag-skoda-superb","tag-strava","tag-tour-de-france","tag-welovecycling","tag-zwift"],"yoast_head":"<!-- This site is optimized with the Yoast SEO Premium plugin v25.3 (Yoast SEO v25.9) - https:\/\/yoast.com\/wordpress\/plugins\/seo\/ -->\n<title>Vyhrajte jedine\u010dn\u00fd z\u00e1\u017eitok s Tour de France! Zapojte sa do virtu\u00e1lneho podujatia l\u2019\u00c9tape du Tour - \u0160koda We Love Cycling Slovensko<\/title>\n<meta name=\"robots\" content=\"index, follow, max-snippet:-1, max-image-preview:large, max-video-preview:-1\" \/>\n<link rel=\"canonical\" href=\"https:\/\/www.welovecycling.com\/sk\/2020\/07\/08\/vyhrajte-jedinecny-zazitok-s-tour-de-france-zapojte-sa-do-virtualneho-podujatia-letape-du-tour\/\" \/>\n<meta property=\"og:locale\" content=\"sk_SK\" \/>\n<meta property=\"og:type\" content=\"article\" \/>\n<meta property=\"og:title\" content=\"Vyhrajte jedine\u010dn\u00fd z\u00e1\u017eitok s Tour de France! Zapojte sa do virtu\u00e1lneho podujatia l\u2019\u00c9tape du Tour\" \/>\n<meta property=\"og:description\" content=\"Skuto\u010dn\u00fd Grand D\u00e9part bol s\u00edce posunut\u00fd a\u017e na 29. augusta, ale aj napriek tomu si st\u00e1le m\u00f4\u017eete u\u017ei\u0165 nefal\u0161ovan\u00fa j\u00falov\u00fa [&hellip;]\" \/>\n<meta property=\"og:url\" content=\"https:\/\/www.welovecycling.com\/sk\/2020\/07\/08\/vyhrajte-jedinecny-zazitok-s-tour-de-france-zapojte-sa-do-virtualneho-podujatia-letape-du-tour\/\" \/>\n<meta property=\"og:site_name\" content=\"\u0160koda We Love Cycling Slovensko\" \/>\n<meta property=\"article:published_time\" content=\"2020-07-08T07:00:50+00:00\" \/>\n<meta property=\"article:modified_time\" content=\"2020-07-08T08:25:41+00:00\" \/>\n<meta property=\"og:image\" content=\"https:\/\/d2p6e6u75xmxt8.cloudfront.net\/4\/2020\/07\/WLC_R2U_VIP_Cover_v3.webp\" \/>\n\t<meta property=\"og:image:width\" content=\"1366\" \/>\n\t<meta property=\"og:image:height\" content=\"600\" \/>\n\t<meta property=\"og:image:type\" content=\"image\/webp\" \/>\n<meta name=\"twitter:card\" content=\"summary_large_image\" \/>\n<meta name=\"twitter:label1\" content=\"Written by\" \/>\n\t<meta name=\"twitter:data1\" content=\"WeLoveCycling\" \/>\n\t<meta name=\"twitter:label2\" content=\"Est. reading time\" \/>\n\t<meta name=\"twitter:data2\" content=\"4\" \/>\n<script type=\"application\/ld+json\" class=\"yoast-schema-graph\">{\"@context\":\"https:\/\/schema.org\",\"@graph\":[{\"@type\":\"WebPage\",\"@id\":\"https:\/\/www.welovecycling.com\/sk\/2020\/07\/08\/vyhrajte-jedinecny-zazitok-s-tour-de-france-zapojte-sa-do-virtualneho-podujatia-letape-du-tour\/\",\"url\":\"https:\/\/www.welovecycling.com\/sk\/2020\/07\/08\/vyhrajte-jedinecny-zazitok-s-tour-de-france-zapojte-sa-do-virtualneho-podujatia-letape-du-tour\/\",\"name\":\"Vyhrajte jedine\u010dn\u00fd z\u00e1\u017eitok s Tour de France! Zapojte sa do virtu\u00e1lneho podujatia l\u2019\u00c9tape du Tour - \u0160koda We Love Cycling Slovensko\",\"isPartOf\":{\"@id\":\"https:\/\/www.welovecycling.com\/sk\/#website\"},\"primaryImageOfPage\":{\"@id\":\"https:\/\/www.welovecycling.com\/sk\/2020\/07\/08\/vyhrajte-jedinecny-zazitok-s-tour-de-france-zapojte-sa-do-virtualneho-podujatia-letape-du-tour\/#primaryimage\"},\"image\":{\"@id\":\"https:\/\/www.welovecycling.com\/sk\/2020\/07\/08\/vyhrajte-jedinecny-zazitok-s-tour-de-france-zapojte-sa-do-virtualneho-podujatia-letape-du-tour\/#primaryimage\"},\"thumbnailUrl\":\"https:\/\/d2p6e6u75xmxt8.cloudfront.net\/4\/2020\/07\/WLC_R2U_VIP_Cover_v3.webp\",\"datePublished\":\"2020-07-08T07:00:50+00:00\",\"dateModified\":\"2020-07-08T08:25:41+00:00\",\"author\":{\"@id\":\"\"},\"breadcrumb\":{\"@id\":\"https:\/\/www.welovecycling.com\/sk\/2020\/07\/08\/vyhrajte-jedinecny-zazitok-s-tour-de-france-zapojte-sa-do-virtualneho-podujatia-letape-du-tour\/#breadcrumb\"},\"inLanguage\":\"sk-SK\",\"potentialAction\":[{\"@type\":\"ReadAction\",\"target\":[\"https:\/\/www.welovecycling.com\/sk\/2020\/07\/08\/vyhrajte-jedinecny-zazitok-s-tour-de-france-zapojte-sa-do-virtualneho-podujatia-letape-du-tour\/\"]}]},{\"@type\":\"ImageObject\",\"inLanguage\":\"sk-SK\",\"@id\":\"https:\/\/www.welovecycling.com\/sk\/2020\/07\/08\/vyhrajte-jedinecny-zazitok-s-tour-de-france-zapojte-sa-do-virtualneho-podujatia-letape-du-tour\/#primaryimage\",\"url\":\"https:\/\/d2p6e6u75xmxt8.cloudfront.net\/4\/2020\/07\/WLC_R2U_VIP_Cover_v3.webp\",\"contentUrl\":\"https:\/\/d2p6e6u75xmxt8.cloudfront.net\/4\/2020\/07\/WLC_R2U_VIP_Cover_v3.webp\",\"width\":1366,\"height\":600},{\"@type\":\"BreadcrumbList\",\"@id\":\"https:\/\/www.welovecycling.com\/sk\/2020\/07\/08\/vyhrajte-jedinecny-zazitok-s-tour-de-france-zapojte-sa-do-virtualneho-podujatia-letape-du-tour\/#breadcrumb\",\"itemListElement\":[{\"@type\":\"ListItem\",\"position\":1,\"name\":\"Home\",\"item\":\"https:\/\/www.welovecycling.com\/sk\/\"},{\"@type\":\"ListItem\",\"position\":2,\"name\":\"Vyhrajte jedine\u010dn\u00fd z\u00e1\u017eitok s Tour de France! Zapojte sa do virtu\u00e1lneho podujatia l\u2019\u00c9tape du Tour\"}]},{\"@type\":\"WebSite\",\"@id\":\"https:\/\/www.welovecycling.com\/sk\/#website\",\"url\":\"https:\/\/www.welovecycling.com\/sk\/\",\"name\":\"\u0160koda We Love Cycling Slovensko\",\"description\":\"\u0160koda We Love Cycling Slovensko je v\u00e1\u0161 ka\u017edodenn\u00fd zdroj noviniek a in\u0161pir\u00e1cie z sveta cyklistiky\",\"potentialAction\":[{\"@type\":\"SearchAction\",\"target\":{\"@type\":\"EntryPoint\",\"urlTemplate\":\"https:\/\/www.welovecycling.com\/sk\/?s={search_term_string}\"},\"query-input\":{\"@type\":\"PropertyValueSpecification\",\"valueRequired\":true,\"valueName\":\"search_term_string\"}}],\"inLanguage\":\"sk-SK\"},{\"@type\":\"Person\",\"@id\":\"\",\"url\":\"https:\/\/www.welovecycling.com\/sk\/author\/\"}]}<\/script>\n<!-- \/ Yoast SEO Premium plugin. -->","yoast_head_json":{"title":"Vyhrajte jedine\u010dn\u00fd z\u00e1\u017eitok s Tour de France! Zapojte sa do virtu\u00e1lneho podujatia l\u2019\u00c9tape du Tour - \u0160koda We Love Cycling Slovensko","robots":{"index":"index","follow":"follow","max-snippet":"max-snippet:-1","max-image-preview":"max-image-preview:large","max-video-preview":"max-video-preview:-1"},"canonical":"https:\/\/www.welovecycling.com\/sk\/2020\/07\/08\/vyhrajte-jedinecny-zazitok-s-tour-de-france-zapojte-sa-do-virtualneho-podujatia-letape-du-tour\/","og_locale":"sk_SK","og_type":"article","og_title":"Vyhrajte jedine\u010dn\u00fd z\u00e1\u017eitok s Tour de France! Zapojte sa do virtu\u00e1lneho podujatia l\u2019\u00c9tape du Tour","og_description":"Skuto\u010dn\u00fd Grand D\u00e9part bol s\u00edce posunut\u00fd a\u017e na 29. augusta, ale aj napriek tomu si st\u00e1le m\u00f4\u017eete u\u017ei\u0165 nefal\u0161ovan\u00fa j\u00falov\u00fa [&hellip;]","og_url":"https:\/\/www.welovecycling.com\/sk\/2020\/07\/08\/vyhrajte-jedinecny-zazitok-s-tour-de-france-zapojte-sa-do-virtualneho-podujatia-letape-du-tour\/","og_site_name":"\u0160koda We Love Cycling Slovensko","article_published_time":"2020-07-08T07:00:50+00:00","article_modified_time":"2020-07-08T08:25:41+00:00","og_image":[{"width":1366,"height":600,"url":"https:\/\/d2p6e6u75xmxt8.cloudfront.net\/4\/2020\/07\/WLC_R2U_VIP_Cover_v3.webp","type":"image\/webp"}],"twitter_card":"summary_large_image","twitter_misc":{"Written by":"WeLoveCycling","Est. reading time":"4"},"schema":{"@context":"https:\/\/schema.org","@graph":[{"@type":"WebPage","@id":"https:\/\/www.welovecycling.com\/sk\/2020\/07\/08\/vyhrajte-jedinecny-zazitok-s-tour-de-france-zapojte-sa-do-virtualneho-podujatia-letape-du-tour\/","url":"https:\/\/www.welovecycling.com\/sk\/2020\/07\/08\/vyhrajte-jedinecny-zazitok-s-tour-de-france-zapojte-sa-do-virtualneho-podujatia-letape-du-tour\/","name":"Vyhrajte jedine\u010dn\u00fd z\u00e1\u017eitok s Tour de France! Zapojte sa do virtu\u00e1lneho podujatia l\u2019\u00c9tape du Tour - \u0160koda We Love Cycling Slovensko","isPartOf":{"@id":"https:\/\/www.welovecycling.com\/sk\/#website"},"primaryImageOfPage":{"@id":"https:\/\/www.welovecycling.com\/sk\/2020\/07\/08\/vyhrajte-jedinecny-zazitok-s-tour-de-france-zapojte-sa-do-virtualneho-podujatia-letape-du-tour\/#primaryimage"},"image":{"@id":"https:\/\/www.welovecycling.com\/sk\/2020\/07\/08\/vyhrajte-jedinecny-zazitok-s-tour-de-france-zapojte-sa-do-virtualneho-podujatia-letape-du-tour\/#primaryimage"},"thumbnailUrl":"https:\/\/d2p6e6u75xmxt8.cloudfront.net\/4\/2020\/07\/WLC_R2U_VIP_Cover_v3.webp","datePublished":"2020-07-08T07:00:50+00:00","dateModified":"2020-07-08T08:25:41+00:00","author":{"@id":""},"breadcrumb":{"@id":"https:\/\/www.welovecycling.com\/sk\/2020\/07\/08\/vyhrajte-jedinecny-zazitok-s-tour-de-france-zapojte-sa-do-virtualneho-podujatia-letape-du-tour\/#breadcrumb"},"inLanguage":"sk-SK","potentialAction":[{"@type":"ReadAction","target":["https:\/\/www.welovecycling.com\/sk\/2020\/07\/08\/vyhrajte-jedinecny-zazitok-s-tour-de-france-zapojte-sa-do-virtualneho-podujatia-letape-du-tour\/"]}]},{"@type":"ImageObject","inLanguage":"sk-SK","@id":"https:\/\/www.welovecycling.com\/sk\/2020\/07\/08\/vyhrajte-jedinecny-zazitok-s-tour-de-france-zapojte-sa-do-virtualneho-podujatia-letape-du-tour\/#primaryimage","url":"https:\/\/d2p6e6u75xmxt8.cloudfront.net\/4\/2020\/07\/WLC_R2U_VIP_Cover_v3.webp","contentUrl":"https:\/\/d2p6e6u75xmxt8.cloudfront.net\/4\/2020\/07\/WLC_R2U_VIP_Cover_v3.webp","width":1366,"height":600},{"@type":"BreadcrumbList","@id":"https:\/\/www.welovecycling.com\/sk\/2020\/07\/08\/vyhrajte-jedinecny-zazitok-s-tour-de-france-zapojte-sa-do-virtualneho-podujatia-letape-du-tour\/#breadcrumb","itemListElement":[{"@type":"ListItem","position":1,"name":"Home","item":"https:\/\/www.welovecycling.com\/sk\/"},{"@type":"ListItem","position":2,"name":"Vyhrajte jedine\u010dn\u00fd z\u00e1\u017eitok s Tour de France! Zapojte sa do virtu\u00e1lneho podujatia l\u2019\u00c9tape du Tour"}]},{"@type":"WebSite","@id":"https:\/\/www.welovecycling.com\/sk\/#website","url":"https:\/\/www.welovecycling.com\/sk\/","name":"\u0160koda We Love Cycling Slovensko","description":"\u0160koda We Love Cycling Slovensko je v\u00e1\u0161 ka\u017edodenn\u00fd zdroj noviniek a in\u0161pir\u00e1cie z sveta cyklistiky","potentialAction":[{"@type":"SearchAction","target":{"@type":"EntryPoint","urlTemplate":"https:\/\/www.welovecycling.com\/sk\/?s={search_term_string}"},"query-input":{"@type":"PropertyValueSpecification","valueRequired":true,"valueName":"search_term_string"}}],"inLanguage":"sk-SK"},{"@type":"Person","@id":"","url":"https:\/\/www.welovecycling.com\/sk\/author\/"}]}},"_links":{"self":[{"href":"https:\/\/www.welovecycling.com\/sk\/wp-json\/wp\/v2\/posts\/10281","targetHints":{"allow":["GET"]}}],"collection":[{"href":"https:\/\/www.welovecycling.com\/sk\/wp-json\/wp\/v2\/posts"}],"about":[{"href":"https:\/\/www.welovecycling.com\/sk\/wp-json\/wp\/v2\/types\/post"}],"author":[{"embeddable":true,"href":"https:\/\/www.welovecycling.com\/sk\/wp-json\/wp\/v2\/users\/81"}],"replies":[{"embeddable":true,"href":"https:\/\/www.welovecycling.com\/sk\/wp-json\/wp\/v2\/comments?post=10281"}],"version-history":[{"count":2,"href":"https:\/\/www.welovecycling.com\/sk\/wp-json\/wp\/v2\/posts\/10281\/revisions"}],"predecessor-version":[{"id":10308,"href":"https:\/\/www.welovecycling.com\/sk\/wp-json\/wp\/v2\/posts\/10281\/revisions\/10308"}],"wp:featuredmedia":[{"embeddable":true,"href":"https:\/\/www.welovecycling.com\/sk\/wp-json\/wp\/v2\/media\/10285"}],"wp:attachment":[{"href":"https:\/\/www.welovecycling.com\/sk\/wp-json\/wp\/v2\/media?parent=10281"}],"wp:term":[{"taxonomy":"category","embeddable":true,"href":"https:\/\/www.welovecycling.com\/sk\/wp-json\/wp\/v2\/categories?post=10281"},{"taxonomy":"post_tag","embeddable":true,"href":"https:\/\/www.welovecycling.com\/sk\/wp-json\/wp\/v2\/tags?post=10281"},{"taxonomy":"global-categories","embeddable":true,"href":"https:\/\/www.welovecycling.com\/sk\/wp-json\/wp\/v2\/global-categories?post=10281"}],"curies":[{"name":"wp","href":"https:\/\/api.w.org\/{rel}","templated":true}]}}