{"id":10270,"date":"2020-08-07T10:00:19","date_gmt":"2020-08-07T08:00:19","guid":{"rendered":"https:\/\/www.welovecycling.com\/sk\/?p=10270"},"modified":"2023-04-17T13:50:24","modified_gmt":"2023-04-17T11:50:24","slug":"recyklovanie-bicyklov-preco-je-to-dolezite","status":"publish","type":"post","link":"https:\/\/www.welovecycling.com\/sk\/2020\/08\/07\/recyklovanie-bicyklov-preco-je-to-dolezite\/","title":{"rendered":"Recyklovanie bicyklov: Pre\u010do je to d\u00f4le\u017eit\u00e9?"},"content":{"rendered":"<p><strong>Spotrebovanie ovocia a zeleniny, ktor\u00e9 aj napriek svojej bezchybnej kvalite nesp\u013a\u0148a estetick\u00e9 krit\u00e9ria supermarketov, sa stalo s\u00fa\u010dasn\u00fdm ob\u013e\u00faben\u00fdm trendom re\u0161taur\u00e1ci\u00ed. To znamen\u00e1, \u017ee v t\u00fdchto \u010dasoch, kedy sa sna\u017e\u00edme o obmedzenie zbyto\u010dn\u00e9ho vyhadzovania potrav\u00edn, sa podnikatelia uch\u00fdlili k efekt\u00edvnej\u0161iemu nakladaniu so zdrojmi. Napr. spotrebovan\u00edm ban\u00e1nov s \u010diernymi bodkami alebo menej dokonal\u00fdch jab\u013ak, \u010di mo\u017enos\u0165ou vzia\u0165 si so sebou nedojeden\u00e9 jedlo v rozlo\u017eite\u013en\u00fdch boxoch.<\/strong><!--more--><\/p>\n<p>My\u0161lienkou je <strong>redukcia odpadu<\/strong>, ke\u010f\u017ee ka\u017edodenn\u00e1 produkcia prebyto\u010dn\u00fdch materi\u00e1lov prevy\u0161uje dlhodobo zvl\u00e1dnute\u013en\u00fa hranicu. Na\u0161e oce\u00e1ny sa topia v\u00a0odpadkoch a\u00a0okolia miest zap\u013a\u0148aj\u00fa hory vytvoren\u00e9 odpadkami a\u00a0zasypan\u00e9 hlinou.<\/p>\n<p>Preto je zmyslupln\u00e9, \u017ee vznikaj\u00fa hnutia zameran\u00e9 na z\u00e1chranu sveta od star\u00fdch, opusten\u00fdch bicyklov. In\u00fdmi slovami, recykl\u00e1cia bicyklov, ak\u00e1 existuje aj v New York City:<strong> Recycle-A-Bicycle (RAB)<\/strong>. Nielen\u017ee t\u00e1to organiz\u00e1cia opravuje bicykle, ktor\u00e9 by inak skon\u010dili na vrakovisku, ale taktie\u017e pom\u00e1ha zap\u00e1ja\u0165 mlad\u00fdch \u013eud\u00ed do obnovy dvojkolesov\u00fdch par\u0165\u00e1kov pre ich vlastn\u00e9 pote\u0161enie alebo na predaj.<\/p>\n<p>https:\/\/www.instagram.com\/p\/B8jqykVpels\/<\/p>\n<p>RAB je neziskov\u00e1 organiz\u00e1cia. V\u0161etky bicykle s\u00fa darovan\u00e9 a\u00a0<strong>zisk z\u00a0ich predaja sa vyu\u017e\u00edva k\u00a0vzdel\u00e1vaniu mlad\u00fdch \u013eud\u00ed<\/strong>, ktor\u00e9 je zastre\u0161ovan\u00e9 rodi\u010dovskou organiz\u00e1ciou, Bike New York.<\/p>\n<p>Tak, ako hovor\u00ed t\u00e1to skupina na ich <a href=\"https:\/\/www.bike.nyc\/recycleabicycle\/\" target=\"_blank\" rel=\"noopener noreferrer\">webovej str\u00e1nke<\/a>, <em>\u201eV priemere RAB zachr\u00e1ni pred zatraten\u00edm 1 800 bicyklov ka\u017edoro\u010dne, \u010do znamen\u00e1 u\u0161etrenie takmer 20 500 kg zo skl\u00e1dky New Yorku\u201c.<\/em> V\u00a0tejto perspekt\u00edve ide o\u00a0ve\u013ek\u00e9 mno\u017estvo potenci\u00e1lneho odpadu.<\/p>\n<p>Anglick\u00fd model s\u00a0n\u00e1zvom <strong>Re-Cycle<\/strong> je obdobn\u00fdm &#8211; ale s\u00fa\u010dasne odli\u0161n\u00fdm. Prij\u00edma pou\u017e\u00edvan\u00e9 bicykle a\u00a0odosiela ich \u0161tyrom partnersk\u00fdm organiz\u00e1ci\u00e1m v\u00a0Afrike, do \u0161tyroch r\u00f4znych kraj\u00edn, ktor\u00e9 ich opravuj\u00fa, distribuuj\u00fa a\u00a0udr\u017eiavaj\u00fa. Rovnako zasielaj\u00fa aj n\u00e1hradn\u00e9 diely a\u00a0n\u00e1radie &#8211; zadarmo. Tie s\u00fa n\u00e1sledne pred\u00e1van\u00e9 (spolu s\u00a0bicyklami) za zlomok trhovej ceny.<\/p>\n<p>https:\/\/www.instagram.com\/p\/ByVJEUrFfxZ\/<\/p>\n<p>Tento pr\u00edstup vedie k mnoh\u00fdm pozit\u00edvnym n\u00e1sledkom. Dostupn\u00e1 preprava pre region\u00e1lne komunity, vyu\u017eitie pr\u00edjmov z predaja bicyklov k podpore miestnych podnikov, zamestnanosti a zlep\u0161ovaniu technick\u00fdch zru\u010dnost\u00ed obyvate\u013eov. Samozrejme, v neposlednom rade ide aj o <strong>zn\u00ed\u017eenie po\u010dtu bicyklov, ktor\u00e9 skon\u010dia na skl\u00e1dke<\/strong>.<\/p>\n<p>Tak ako deklaruje Re-Cycles na svojej str\u00e1nke, <em>\u201eIdea na\u0161ej pr\u00e1ce je udr\u017eate\u013enos\u0165.\u201c<\/em><\/p>\n<p>Tak\u00fdto princ\u00edp mus\u00ed by\u0165 pr\u00edhodn\u00fd aj pre Al Schroadera, taktie\u017e zn\u00e1meho ako \u201eBike Man\u201c. D\u00f4chodca z Illinois <strong>zachr\u00e1nil u\u017e vy\u0161e 3\u00a0000 bicyklov<\/strong> pred ich kone\u010dnou zast\u00e1vkou v zbern\u00fdch surovin\u00e1ch. Z in\u00e9ho uhla poh\u013eadu to znamen\u00e1, prinavr\u00e1tenie 3 000 kusov bicyklov k \u017eivotu. Po ich oprave sa op\u00e4\u0165 navr\u00e1tili k \u013eu\u010fom, ktor\u00ed ich potrebuj\u00fa.<\/p>\n<p><em>\u201eKe\u010f prijmem bicykel,\u201c<\/em> hovor\u00ed, <em>\u201emnohokr\u00e1t na \u0148om ch\u00fdba nieko\u013eko s\u00fa\u010diastok, alebo je potrebn\u00e9 vyrie\u0161i\u0165 in\u00e9 probl\u00e9my, ak\u00fdmi s\u00fa pl\u00e1\u0161te a\u00a0pod. Mus\u00edm teda rozhodn\u00fa\u0165, \u010di ho je e\u0161te mo\u017en\u00e9 zachr\u00e1ni\u0165, alebo nie. Ka\u017ed\u00fd bicykel m\u00e1 za sebou pr\u00edbeh.\u201c<\/em><\/p>\n<p><iframe loading=\"lazy\" src=\"https:\/\/abc7chicago.com\/video\/embed\/?pid=5686431\" width=\"476\" height=\"267\" frameborder=\"0\" allowfullscreen=\"allowfullscreen\"><\/iframe><\/p>\n<p>Aj napriek tomu, \u017ee sa objavil na telev\u00edznych obrazovk\u00e1ch v\u00a0ABC News, Schroader sa nepoklad\u00e1 za niekoho \u0161peci\u00e1lneho. <em>\u201eSme jednoducho v\u010fa\u010dn\u00ed za to, \u017ee m\u00f4\u017eeme pom\u00e1ha\u0165 \u013eu\u010fom,\u201c<\/em> povedal.<\/p>\n<p>Na svete je mnoho cyklistick\u00fdch obchodov a\u00a0organiz\u00e1ci\u00ed, ktor\u00e9 sa <strong>sna\u017eia recyklova\u0165 star\u0161ie bicykle<\/strong>. \u010castokr\u00e1t si m\u00f4\u017eete v\u0161imn\u00fa\u0165 aj slovo \u201erescue (z\u00e1chrana)\u201c v ich n\u00e1zve. Napr\u00edklad Electric City Bike Rescue v Schenectady, New Yorku, \u010do je dobrovo\u013en\u00edcky program, ktor\u00fd opravuje a op\u00e4tovne distribuuje bicykle. Tie by inak boli zo\u0161rotovan\u00e9.<\/p>\n<p>To znamen\u00e1, \u017ee je ve\u013ek\u00e1 pravdepodobnos\u0165, \u017ee sa vo va\u0161om okol\u00ed nach\u00e1dza jeden z nich. Tak\u017ee, ak v pivnici st\u00e1le m\u00e1te nejak\u00fd star\u0161\u00ed bicykel, ktor\u00fd v\u00e1m len zaber\u00e1 miesto a vy si s n\u00edm neviete da\u0165 rady, sk\u00faste sa nad t\u00fdm zamyslie\u0165. Vyhod\u00edte ho alebo v kone\u010dnom d\u00f4sledku <strong>pom\u00f4\u017eete niekomu v n\u00fadzi?<\/strong> Ni\u010d samozrejme nie je zadarmo. Ako od\u0161kodnenie dostanete bohat\u00fa odmenu &#8211; pocit, \u017ee ste niekomu nezi\u0161tne pomohli a navy\u0161e prispeli k zn\u00ed\u017eeniu za\u0165a\u017eenia zeme v podobe odpadkov.<\/p>\n<p><strong>V\u00e1\u0161 star\u00fd bicykel m\u00f4\u017ee ma\u0165 svetl\u00fa bud\u00facnos\u0165.<\/strong><\/p>\n","protected":false},"excerpt":{"rendered":"<p>Spotrebovanie ovocia a zeleniny, ktor\u00e9 aj napriek svojej bezchybnej kvalite nesp\u013a\u0148a estetick\u00e9 krit\u00e9ria supermarketov, sa stalo s\u00fa\u010dasn\u00fdm ob\u013e\u00faben\u00fdm trendom re\u0161taur\u00e1ci\u00ed. [&hellip;]<\/p>\n","protected":false},"author":172,"featured_media":10273,"comment_status":"open","ping_status":"open","sticky":false,"template":"","format":"standard","meta":{"footnotes":""},"categories":[191],"tags":[559,476,115,1239,180,931,477,1240,1190,871],"global-categories":[],"class_list":["post-10270","post","type-post","status-publish","format-standard","has-post-thumbnail","hentry","category-odporucame","tag-bicykel","tag-bicykel-z-druhej-ruky","tag-cestna-cyklistika","tag-electric-city-bike-rescue","tag-horska-cyklistika","tag-odporucame","tag-pouzity-bicykel","tag-recycle-a-bicycle","tag-recyklacia","tag-stary-bicykel"],"yoast_head":"<!-- This site is optimized with the Yoast SEO Premium plugin v25.3 (Yoast SEO v25.9) - https:\/\/yoast.com\/wordpress\/plugins\/seo\/ -->\n<title>Recyklovanie bicyklov: Pre\u010do je to d\u00f4le\u017eit\u00e9?<\/title>\n<meta name=\"description\" content=\"V \u010dasoch, kedy sa sna\u017e\u00edme o\u00a0obmedzenie zbyto\u010dn\u00e9ho vyhadzovania potrav\u00edn, sa podnikatelia uch\u00fdlili k\u00a0efekt\u00edvnej\u0161iemu nakladaniu so zdrojmi.\" \/>\n<meta name=\"robots\" content=\"index, follow, max-snippet:-1, max-image-preview:large, max-video-preview:-1\" \/>\n<link rel=\"canonical\" href=\"https:\/\/www.welovecycling.com\/sk\/2020\/08\/07\/recyklovanie-bicyklov-preco-je-to-dolezite\/\" \/>\n<meta property=\"og:locale\" content=\"sk_SK\" \/>\n<meta property=\"og:type\" content=\"article\" \/>\n<meta property=\"og:title\" content=\"Recyklovanie bicyklov: Pre\u010do je to d\u00f4le\u017eit\u00e9?\" \/>\n<meta property=\"og:description\" content=\"V \u010dasoch, kedy sa sna\u017e\u00edme o\u00a0obmedzenie zbyto\u010dn\u00e9ho vyhadzovania potrav\u00edn, sa podnikatelia uch\u00fdlili k\u00a0efekt\u00edvnej\u0161iemu nakladaniu so zdrojmi.\" \/>\n<meta property=\"og:url\" content=\"https:\/\/www.welovecycling.com\/sk\/2020\/08\/07\/recyklovanie-bicyklov-preco-je-to-dolezite\/\" \/>\n<meta property=\"og:site_name\" content=\"\u0160koda We Love Cycling Slovensko\" \/>\n<meta property=\"article:published_time\" content=\"2020-08-07T08:00:19+00:00\" \/>\n<meta property=\"article:modified_time\" content=\"2023-04-17T11:50:24+00:00\" \/>\n<meta property=\"og:image\" content=\"https:\/\/d2p6e6u75xmxt8.cloudfront.net\/4\/2020\/07\/Recycle-A-Bicycle-CVR.webp\" \/>\n\t<meta property=\"og:image:width\" content=\"1366\" \/>\n\t<meta property=\"og:image:height\" content=\"600\" \/>\n\t<meta property=\"og:image:type\" content=\"image\/webp\" \/>\n<meta name=\"author\" content=\"dominika\" \/>\n<meta name=\"twitter:card\" content=\"summary_large_image\" \/>\n<meta name=\"twitter:label1\" content=\"Written by\" \/>\n\t<meta name=\"twitter:data1\" content=\"Siegfried Mortkowitz\" \/>\n\t<meta name=\"twitter:label2\" content=\"Est. reading time\" \/>\n\t<meta name=\"twitter:data2\" content=\"7\" \/>\n<script type=\"application\/ld+json\" class=\"yoast-schema-graph\">{\"@context\":\"https:\/\/schema.org\",\"@graph\":[{\"@type\":\"WebPage\",\"@id\":\"https:\/\/www.welovecycling.com\/sk\/2020\/08\/07\/recyklovanie-bicyklov-preco-je-to-dolezite\/\",\"url\":\"https:\/\/www.welovecycling.com\/sk\/2020\/08\/07\/recyklovanie-bicyklov-preco-je-to-dolezite\/\",\"name\":\"Recyklovanie bicyklov: Pre\u010do je to d\u00f4le\u017eit\u00e9?\",\"isPartOf\":{\"@id\":\"https:\/\/www.welovecycling.com\/sk\/#website\"},\"primaryImageOfPage\":{\"@id\":\"https:\/\/www.welovecycling.com\/sk\/2020\/08\/07\/recyklovanie-bicyklov-preco-je-to-dolezite\/#primaryimage\"},\"image\":{\"@id\":\"https:\/\/www.welovecycling.com\/sk\/2020\/08\/07\/recyklovanie-bicyklov-preco-je-to-dolezite\/#primaryimage\"},\"thumbnailUrl\":\"https:\/\/d2p6e6u75xmxt8.cloudfront.net\/4\/2020\/07\/Recycle-A-Bicycle-CVR.webp\",\"datePublished\":\"2020-08-07T08:00:19+00:00\",\"dateModified\":\"2023-04-17T11:50:24+00:00\",\"author\":{\"@id\":\"https:\/\/www.welovecycling.com\/sk\/#\/schema\/person\/533b62b98b6c41bd5135ebfb1f742624\"},\"description\":\"V \u010dasoch, kedy sa sna\u017e\u00edme o\u00a0obmedzenie zbyto\u010dn\u00e9ho vyhadzovania potrav\u00edn, sa podnikatelia uch\u00fdlili k\u00a0efekt\u00edvnej\u0161iemu nakladaniu so zdrojmi.\",\"breadcrumb\":{\"@id\":\"https:\/\/www.welovecycling.com\/sk\/2020\/08\/07\/recyklovanie-bicyklov-preco-je-to-dolezite\/#breadcrumb\"},\"inLanguage\":\"sk-SK\",\"potentialAction\":[{\"@type\":\"ReadAction\",\"target\":[\"https:\/\/www.welovecycling.com\/sk\/2020\/08\/07\/recyklovanie-bicyklov-preco-je-to-dolezite\/\"]}]},{\"@type\":\"ImageObject\",\"inLanguage\":\"sk-SK\",\"@id\":\"https:\/\/www.welovecycling.com\/sk\/2020\/08\/07\/recyklovanie-bicyklov-preco-je-to-dolezite\/#primaryimage\",\"url\":\"https:\/\/d2p6e6u75xmxt8.cloudfront.net\/4\/2020\/07\/Recycle-A-Bicycle-CVR.webp\",\"contentUrl\":\"https:\/\/d2p6e6u75xmxt8.cloudfront.net\/4\/2020\/07\/Recycle-A-Bicycle-CVR.webp\",\"width\":1366,\"height\":600},{\"@type\":\"BreadcrumbList\",\"@id\":\"https:\/\/www.welovecycling.com\/sk\/2020\/08\/07\/recyklovanie-bicyklov-preco-je-to-dolezite\/#breadcrumb\",\"itemListElement\":[{\"@type\":\"ListItem\",\"position\":1,\"name\":\"Home\",\"item\":\"https:\/\/www.welovecycling.com\/sk\/\"},{\"@type\":\"ListItem\",\"position\":2,\"name\":\"Recyklovanie bicyklov: Pre\u010do je to d\u00f4le\u017eit\u00e9?\"}]},{\"@type\":\"WebSite\",\"@id\":\"https:\/\/www.welovecycling.com\/sk\/#website\",\"url\":\"https:\/\/www.welovecycling.com\/sk\/\",\"name\":\"\u0160koda We Love Cycling Slovensko\",\"description\":\"\u0160koda We Love Cycling Slovensko je v\u00e1\u0161 ka\u017edodenn\u00fd zdroj noviniek a in\u0161pir\u00e1cie z sveta cyklistiky\",\"potentialAction\":[{\"@type\":\"SearchAction\",\"target\":{\"@type\":\"EntryPoint\",\"urlTemplate\":\"https:\/\/www.welovecycling.com\/sk\/?s={search_term_string}\"},\"query-input\":{\"@type\":\"PropertyValueSpecification\",\"valueRequired\":true,\"valueName\":\"search_term_string\"}}],\"inLanguage\":\"sk-SK\"},{\"@type\":\"Person\",\"@id\":\"https:\/\/www.welovecycling.com\/sk\/#\/schema\/person\/533b62b98b6c41bd5135ebfb1f742624\",\"name\":\"dominika\",\"image\":{\"@type\":\"ImageObject\",\"inLanguage\":\"sk-SK\",\"@id\":\"https:\/\/www.welovecycling.com\/sk\/#\/schema\/person\/image\/\",\"url\":\"https:\/\/secure.gravatar.com\/avatar\/ded6f274ba2ec3e17fff153f7d9d96a4b33c2cb63907f75d9a5309c599a7f3e6?s=96&d=mm&r=g\",\"contentUrl\":\"https:\/\/secure.gravatar.com\/avatar\/ded6f274ba2ec3e17fff153f7d9d96a4b33c2cb63907f75d9a5309c599a7f3e6?s=96&d=mm&r=g\",\"caption\":\"dominika\"},\"url\":\"https:\/\/www.welovecycling.com\/sk\/author\/dominika\/\"}]}<\/script>\n<!-- \/ Yoast SEO Premium plugin. -->","yoast_head_json":{"title":"Recyklovanie bicyklov: Pre\u010do je to d\u00f4le\u017eit\u00e9?","description":"V \u010dasoch, kedy sa sna\u017e\u00edme o\u00a0obmedzenie zbyto\u010dn\u00e9ho vyhadzovania potrav\u00edn, sa podnikatelia uch\u00fdlili k\u00a0efekt\u00edvnej\u0161iemu nakladaniu so zdrojmi.","robots":{"index":"index","follow":"follow","max-snippet":"max-snippet:-1","max-image-preview":"max-image-preview:large","max-video-preview":"max-video-preview:-1"},"canonical":"https:\/\/www.welovecycling.com\/sk\/2020\/08\/07\/recyklovanie-bicyklov-preco-je-to-dolezite\/","og_locale":"sk_SK","og_type":"article","og_title":"Recyklovanie bicyklov: Pre\u010do je to d\u00f4le\u017eit\u00e9?","og_description":"V \u010dasoch, kedy sa sna\u017e\u00edme o\u00a0obmedzenie zbyto\u010dn\u00e9ho vyhadzovania potrav\u00edn, sa podnikatelia uch\u00fdlili k\u00a0efekt\u00edvnej\u0161iemu nakladaniu so zdrojmi.","og_url":"https:\/\/www.welovecycling.com\/sk\/2020\/08\/07\/recyklovanie-bicyklov-preco-je-to-dolezite\/","og_site_name":"\u0160koda We Love Cycling Slovensko","article_published_time":"2020-08-07T08:00:19+00:00","article_modified_time":"2023-04-17T11:50:24+00:00","og_image":[{"width":1366,"height":600,"url":"https:\/\/d2p6e6u75xmxt8.cloudfront.net\/4\/2020\/07\/Recycle-A-Bicycle-CVR.webp","type":"image\/webp"}],"author":"dominika","twitter_card":"summary_large_image","twitter_misc":{"Written by":"Siegfried Mortkowitz","Est. reading time":"7"},"schema":{"@context":"https:\/\/schema.org","@graph":[{"@type":"WebPage","@id":"https:\/\/www.welovecycling.com\/sk\/2020\/08\/07\/recyklovanie-bicyklov-preco-je-to-dolezite\/","url":"https:\/\/www.welovecycling.com\/sk\/2020\/08\/07\/recyklovanie-bicyklov-preco-je-to-dolezite\/","name":"Recyklovanie bicyklov: Pre\u010do je to d\u00f4le\u017eit\u00e9?","isPartOf":{"@id":"https:\/\/www.welovecycling.com\/sk\/#website"},"primaryImageOfPage":{"@id":"https:\/\/www.welovecycling.com\/sk\/2020\/08\/07\/recyklovanie-bicyklov-preco-je-to-dolezite\/#primaryimage"},"image":{"@id":"https:\/\/www.welovecycling.com\/sk\/2020\/08\/07\/recyklovanie-bicyklov-preco-je-to-dolezite\/#primaryimage"},"thumbnailUrl":"https:\/\/d2p6e6u75xmxt8.cloudfront.net\/4\/2020\/07\/Recycle-A-Bicycle-CVR.webp","datePublished":"2020-08-07T08:00:19+00:00","dateModified":"2023-04-17T11:50:24+00:00","author":{"@id":"https:\/\/www.welovecycling.com\/sk\/#\/schema\/person\/533b62b98b6c41bd5135ebfb1f742624"},"description":"V \u010dasoch, kedy sa sna\u017e\u00edme o\u00a0obmedzenie zbyto\u010dn\u00e9ho vyhadzovania potrav\u00edn, sa podnikatelia uch\u00fdlili k\u00a0efekt\u00edvnej\u0161iemu nakladaniu so zdrojmi.","breadcrumb":{"@id":"https:\/\/www.welovecycling.com\/sk\/2020\/08\/07\/recyklovanie-bicyklov-preco-je-to-dolezite\/#breadcrumb"},"inLanguage":"sk-SK","potentialAction":[{"@type":"ReadAction","target":["https:\/\/www.welovecycling.com\/sk\/2020\/08\/07\/recyklovanie-bicyklov-preco-je-to-dolezite\/"]}]},{"@type":"ImageObject","inLanguage":"sk-SK","@id":"https:\/\/www.welovecycling.com\/sk\/2020\/08\/07\/recyklovanie-bicyklov-preco-je-to-dolezite\/#primaryimage","url":"https:\/\/d2p6e6u75xmxt8.cloudfront.net\/4\/2020\/07\/Recycle-A-Bicycle-CVR.webp","contentUrl":"https:\/\/d2p6e6u75xmxt8.cloudfront.net\/4\/2020\/07\/Recycle-A-Bicycle-CVR.webp","width":1366,"height":600},{"@type":"BreadcrumbList","@id":"https:\/\/www.welovecycling.com\/sk\/2020\/08\/07\/recyklovanie-bicyklov-preco-je-to-dolezite\/#breadcrumb","itemListElement":[{"@type":"ListItem","position":1,"name":"Home","item":"https:\/\/www.welovecycling.com\/sk\/"},{"@type":"ListItem","position":2,"name":"Recyklovanie bicyklov: Pre\u010do je to d\u00f4le\u017eit\u00e9?"}]},{"@type":"WebSite","@id":"https:\/\/www.welovecycling.com\/sk\/#website","url":"https:\/\/www.welovecycling.com\/sk\/","name":"\u0160koda We Love Cycling Slovensko","description":"\u0160koda We Love Cycling Slovensko je v\u00e1\u0161 ka\u017edodenn\u00fd zdroj noviniek a in\u0161pir\u00e1cie z sveta cyklistiky","potentialAction":[{"@type":"SearchAction","target":{"@type":"EntryPoint","urlTemplate":"https:\/\/www.welovecycling.com\/sk\/?s={search_term_string}"},"query-input":{"@type":"PropertyValueSpecification","valueRequired":true,"valueName":"search_term_string"}}],"inLanguage":"sk-SK"},{"@type":"Person","@id":"https:\/\/www.welovecycling.com\/sk\/#\/schema\/person\/533b62b98b6c41bd5135ebfb1f742624","name":"dominika","image":{"@type":"ImageObject","inLanguage":"sk-SK","@id":"https:\/\/www.welovecycling.com\/sk\/#\/schema\/person\/image\/","url":"https:\/\/secure.gravatar.com\/avatar\/ded6f274ba2ec3e17fff153f7d9d96a4b33c2cb63907f75d9a5309c599a7f3e6?s=96&d=mm&r=g","contentUrl":"https:\/\/secure.gravatar.com\/avatar\/ded6f274ba2ec3e17fff153f7d9d96a4b33c2cb63907f75d9a5309c599a7f3e6?s=96&d=mm&r=g","caption":"dominika"},"url":"https:\/\/www.welovecycling.com\/sk\/author\/dominika\/"}]}},"_links":{"self":[{"href":"https:\/\/www.welovecycling.com\/sk\/wp-json\/wp\/v2\/posts\/10270","targetHints":{"allow":["GET"]}}],"collection":[{"href":"https:\/\/www.welovecycling.com\/sk\/wp-json\/wp\/v2\/posts"}],"about":[{"href":"https:\/\/www.welovecycling.com\/sk\/wp-json\/wp\/v2\/types\/post"}],"author":[{"embeddable":true,"href":"https:\/\/www.welovecycling.com\/sk\/wp-json\/wp\/v2\/users\/172"}],"replies":[{"embeddable":true,"href":"https:\/\/www.welovecycling.com\/sk\/wp-json\/wp\/v2\/comments?post=10270"}],"version-history":[{"count":2,"href":"https:\/\/www.welovecycling.com\/sk\/wp-json\/wp\/v2\/posts\/10270\/revisions"}],"predecessor-version":[{"id":17163,"href":"https:\/\/www.welovecycling.com\/sk\/wp-json\/wp\/v2\/posts\/10270\/revisions\/17163"}],"wp:featuredmedia":[{"embeddable":true,"href":"https:\/\/www.welovecycling.com\/sk\/wp-json\/wp\/v2\/media\/10273"}],"wp:attachment":[{"href":"https:\/\/www.welovecycling.com\/sk\/wp-json\/wp\/v2\/media?parent=10270"}],"wp:term":[{"taxonomy":"category","embeddable":true,"href":"https:\/\/www.welovecycling.com\/sk\/wp-json\/wp\/v2\/categories?post=10270"},{"taxonomy":"post_tag","embeddable":true,"href":"https:\/\/www.welovecycling.com\/sk\/wp-json\/wp\/v2\/tags?post=10270"},{"taxonomy":"global-categories","embeddable":true,"href":"https:\/\/www.welovecycling.com\/sk\/wp-json\/wp\/v2\/global-categories?post=10270"}],"curies":[{"name":"wp","href":"https:\/\/api.w.org\/{rel}","templated":true}]}}