{"id":10257,"date":"2020-07-01T10:00:16","date_gmt":"2020-07-01T08:00:16","guid":{"rendered":"https:\/\/www.welovecycling.com\/sk\/?p=10257"},"modified":"2020-06-30T12:59:56","modified_gmt":"2020-06-30T10:59:56","slug":"the-ride2unite-livestream-8-jiri-jezek","status":"publish","type":"post","link":"https:\/\/www.welovecycling.com\/sk\/2020\/07\/01\/the-ride2unite-livestream-8-jiri-jezek\/","title":{"rendered":"#Ride2Unite Livestream 8:  Ji\u0159\u00ed Je\u017eek"},"content":{"rendered":"<p><strong>S\u00e9ria # Ride2Unite pokra\u010duje livestreamom s \u010fal\u0161ou cyklistickou osobnos\u0165ou. Tentokr\u00e1t je to b\u00fdval\u00fd cestn\u00fd pretek\u00e1r a dr\u00e1har \u010deskej reprezent\u00e1cie Ji\u0159\u00ed Je\u017eek. Je jedn\u00fdm z naj\u00faspe\u0161nej\u0161\u00edch paracyklistov v hist\u00f3rii, ktor\u00fd bol ned\u00e1vno ocenen\u00fd ako jeden z najv\u00e4\u010d\u0161\u00edch \u0161portovcov 21.&nbsp;storo\u010dia. Hostite\u013eka livestreamu Laura Meseguer v\u00e1s prevedie in\u0161pirat\u00edvnymi \u010das\u0165ami jeho \u017eivota a kari\u00e9ry.<\/strong><!--more--><\/p>\n<p>Ke\u010f mal Ji\u0159\u00ed Je\u017eek 11 rokov, pri\u0161iel o prav\u00fa nohu. Pri prechode cez ulicu ho zrazilo n\u00e1kladn\u00e9 auto. Pod\u013ea jeho vlastn\u00fdch slov bola pre\u0148ho nehoda prebuden\u00edm a odvtedy sa sna\u017eil dosiahnu\u0165 svoj sen, sta\u0165 sa profesion\u00e1lnym \u0161portovcom &#8211; tvrd\u00ed, \u017ee t\u00e1to sk\u00fasenos\u0165 ho posilnila a formovala ako osobnos\u0165. <\/p>\n<p>Za\u010dal tla\u010di\u0165 na svoje limity a do 20 rokov s\u00fa\u0165a\u017eil na bicykli ako hobby jazdec. Po piatich rokoch tvrd\u00e9ho tr\u00e9ningu sa Je\u017eek stal jedn\u00fdm z najlep\u0161\u00edch svetov\u00fdch paracyklistov jazdiacich v kateg\u00f3rii LC2. Prv\u00fdm ve\u013ek\u00fdm \u00faspechom boli dve zlat\u00e9 medaily na paralympijsk\u00fdch hr\u00e1ch v Sydney. <\/p>\n<p><a href=\"https:\/\/d2p6e6u75xmxt8.cloudfront.net\/4\/2020\/06\/Jiri_Jezek_01.jpg\"><img loading=\"lazy\" decoding=\"async\" src=\"https:\/\/d2p6e6u75xmxt8.cloudfront.net\/4\/2020\/06\/Jiri_Jezek_01.jpg\" alt=\"\" width=\"1200\" height=\"1427\" class=\"alignnone size-full wp-image-10259\" \/><\/a><\/p>\n<p>V roku 2004 potom vyhral prest\u00ed\u017ene paralympijsk\u00e9 preteky v At\u00e9nach, zlato na paralympijsk\u00fdch hr\u00e1ch v Pekingu 2008 a Rio 2016 a nieko\u013eko titulov majstra sveta. D\u0148a 14. okt\u00f3bra 2017, vo veku 43 rokov, Je\u017eek ozn\u00e1mil svoj odchod \u201cdo d\u00f4chodku\u201d z profesion\u00e1lnej cyklistiky. Je v\u0161ak st\u00e1le akt\u00edvnym jazdcom, cyklistick\u00fdm tr\u00e9nerom a pravidelne sa venuje podpore charitat\u00edvnych organiz\u00e1ci\u00ed, organizovaniu detsk\u00fdch cyklistick\u00fdch pretekov a poradenstvu pri v\u00fdvoji protetick\u00fdch kon\u010dat\u00edn.<\/p>\n<p>O\u010dak\u00e1vajte osvie\u017euj\u00face n\u00e1zory, ve\u013ek\u00fa d\u00e1vku motiv\u00e1cie, tvrdej pr\u00e1ce a poctivosti, nahliadnutie do paracyklistickej sc\u00e9ny a mnoho \u010fal\u0161ieho. Livestream sa uskuto\u010dn\u00ed na <a href=\"https:\/\/www.instagram.com\/wlcmagazine\/\" rel=\"noopener noreferrer\" target=\"_blank\">Instagrame WeLoveCycling<\/a> <strong>v&nbsp;stredu 1. j\u00fala o 18:00<\/strong>. <\/p>\n<p>Te\u0161\u00edme sa na v\u00e1s.<\/p>\n","protected":false},"excerpt":{"rendered":"<p>S\u00e9ria # Ride2Unite pokra\u010duje livestreamom s \u010fal\u0161ou cyklistickou osobnos\u0165ou. Tentokr\u00e1t je to b\u00fdval\u00fd cestn\u00fd pretek\u00e1r a dr\u00e1har \u010deskej reprezent\u00e1cie Ji\u0159\u00ed [&hellip;]<\/p>\n","protected":false},"author":81,"featured_media":10266,"comment_status":"open","ping_status":"open","sticky":false,"template":"","format":"standard","meta":{"footnotes":""},"categories":[118],"tags":[115,745,134,1235,1234],"global-categories":[1074],"class_list":["post-10257","post","type-post","status-publish","format-standard","has-post-thumbnail","hentry","category-zabava","tag-cestna-cyklistika","tag-drahova-cyklistika","tag-jiri-jezek","tag-livestream","tag-ride2unite","global-categories-cycling"],"yoast_head":"<!-- This site is optimized with the Yoast SEO Premium plugin v25.3 (Yoast SEO v25.9) - https:\/\/yoast.com\/wordpress\/plugins\/seo\/ -->\n<title>#Ride2Unite Livestream 8: Ji\u0159\u00ed Je\u017eek - \u0160koda We Love Cycling Slovensko<\/title>\n<meta name=\"robots\" content=\"index, follow, max-snippet:-1, max-image-preview:large, max-video-preview:-1\" \/>\n<link rel=\"canonical\" href=\"https:\/\/www.welovecycling.com\/sk\/2020\/07\/01\/the-ride2unite-livestream-8-jiri-jezek\/\" \/>\n<meta property=\"og:locale\" content=\"sk_SK\" \/>\n<meta property=\"og:type\" content=\"article\" \/>\n<meta property=\"og:title\" content=\"#Ride2Unite Livestream 8: Ji\u0159\u00ed Je\u017eek\" \/>\n<meta property=\"og:description\" content=\"S\u00e9ria # Ride2Unite pokra\u010duje livestreamom s \u010fal\u0161ou cyklistickou osobnos\u0165ou. Tentokr\u00e1t je to b\u00fdval\u00fd cestn\u00fd pretek\u00e1r a dr\u00e1har \u010deskej reprezent\u00e1cie Ji\u0159\u00ed [&hellip;]\" \/>\n<meta property=\"og:url\" content=\"https:\/\/www.welovecycling.com\/sk\/2020\/07\/01\/the-ride2unite-livestream-8-jiri-jezek\/\" \/>\n<meta property=\"og:site_name\" content=\"\u0160koda We Love Cycling Slovensko\" \/>\n<meta property=\"article:published_time\" content=\"2020-07-01T08:00:16+00:00\" \/>\n<meta property=\"og:image\" content=\"https:\/\/d2p6e6u75xmxt8.cloudfront.net\/4\/2020\/06\/Jiri\u00b4-Jezek_00-2.webp\" \/>\n\t<meta property=\"og:image:width\" content=\"1380\" \/>\n\t<meta property=\"og:image:height\" content=\"600\" \/>\n\t<meta property=\"og:image:type\" content=\"image\/webp\" \/>\n<meta name=\"twitter:card\" content=\"summary_large_image\" \/>\n<meta name=\"twitter:label1\" content=\"Written by\" \/>\n\t<meta name=\"twitter:data1\" content=\"WeLoveCycling\" \/>\n\t<meta name=\"twitter:label2\" content=\"Est. reading time\" \/>\n\t<meta name=\"twitter:data2\" content=\"3\" \/>\n<script type=\"application\/ld+json\" class=\"yoast-schema-graph\">{\"@context\":\"https:\/\/schema.org\",\"@graph\":[{\"@type\":\"WebPage\",\"@id\":\"https:\/\/www.welovecycling.com\/sk\/2020\/07\/01\/the-ride2unite-livestream-8-jiri-jezek\/\",\"url\":\"https:\/\/www.welovecycling.com\/sk\/2020\/07\/01\/the-ride2unite-livestream-8-jiri-jezek\/\",\"name\":\"#Ride2Unite Livestream 8: Ji\u0159\u00ed Je\u017eek - \u0160koda We Love Cycling Slovensko\",\"isPartOf\":{\"@id\":\"https:\/\/www.welovecycling.com\/sk\/#website\"},\"primaryImageOfPage\":{\"@id\":\"https:\/\/www.welovecycling.com\/sk\/2020\/07\/01\/the-ride2unite-livestream-8-jiri-jezek\/#primaryimage\"},\"image\":{\"@id\":\"https:\/\/www.welovecycling.com\/sk\/2020\/07\/01\/the-ride2unite-livestream-8-jiri-jezek\/#primaryimage\"},\"thumbnailUrl\":\"https:\/\/d2p6e6u75xmxt8.cloudfront.net\/4\/2020\/06\/Jiri\u00b4-Jezek_00-2.webp\",\"datePublished\":\"2020-07-01T08:00:16+00:00\",\"author\":{\"@id\":\"\"},\"breadcrumb\":{\"@id\":\"https:\/\/www.welovecycling.com\/sk\/2020\/07\/01\/the-ride2unite-livestream-8-jiri-jezek\/#breadcrumb\"},\"inLanguage\":\"sk-SK\",\"potentialAction\":[{\"@type\":\"ReadAction\",\"target\":[\"https:\/\/www.welovecycling.com\/sk\/2020\/07\/01\/the-ride2unite-livestream-8-jiri-jezek\/\"]}]},{\"@type\":\"ImageObject\",\"inLanguage\":\"sk-SK\",\"@id\":\"https:\/\/www.welovecycling.com\/sk\/2020\/07\/01\/the-ride2unite-livestream-8-jiri-jezek\/#primaryimage\",\"url\":\"https:\/\/d2p6e6u75xmxt8.cloudfront.net\/4\/2020\/06\/Jiri\u00b4-Jezek_00-2.webp\",\"contentUrl\":\"https:\/\/d2p6e6u75xmxt8.cloudfront.net\/4\/2020\/06\/Jiri\u00b4-Jezek_00-2.webp\",\"width\":1380,\"height\":600},{\"@type\":\"BreadcrumbList\",\"@id\":\"https:\/\/www.welovecycling.com\/sk\/2020\/07\/01\/the-ride2unite-livestream-8-jiri-jezek\/#breadcrumb\",\"itemListElement\":[{\"@type\":\"ListItem\",\"position\":1,\"name\":\"Home\",\"item\":\"https:\/\/www.welovecycling.com\/sk\/\"},{\"@type\":\"ListItem\",\"position\":2,\"name\":\"#Ride2Unite Livestream 8: Ji\u0159\u00ed Je\u017eek\"}]},{\"@type\":\"WebSite\",\"@id\":\"https:\/\/www.welovecycling.com\/sk\/#website\",\"url\":\"https:\/\/www.welovecycling.com\/sk\/\",\"name\":\"\u0160koda We Love Cycling Slovensko\",\"description\":\"\u0160koda We Love Cycling Slovensko je v\u00e1\u0161 ka\u017edodenn\u00fd zdroj noviniek a in\u0161pir\u00e1cie z sveta cyklistiky\",\"potentialAction\":[{\"@type\":\"SearchAction\",\"target\":{\"@type\":\"EntryPoint\",\"urlTemplate\":\"https:\/\/www.welovecycling.com\/sk\/?s={search_term_string}\"},\"query-input\":{\"@type\":\"PropertyValueSpecification\",\"valueRequired\":true,\"valueName\":\"search_term_string\"}}],\"inLanguage\":\"sk-SK\"},{\"@type\":\"Person\",\"@id\":\"\",\"url\":\"https:\/\/www.welovecycling.com\/sk\/author\/\"}]}<\/script>\n<!-- \/ Yoast SEO Premium plugin. -->","yoast_head_json":{"title":"#Ride2Unite Livestream 8: Ji\u0159\u00ed Je\u017eek - \u0160koda We Love Cycling Slovensko","robots":{"index":"index","follow":"follow","max-snippet":"max-snippet:-1","max-image-preview":"max-image-preview:large","max-video-preview":"max-video-preview:-1"},"canonical":"https:\/\/www.welovecycling.com\/sk\/2020\/07\/01\/the-ride2unite-livestream-8-jiri-jezek\/","og_locale":"sk_SK","og_type":"article","og_title":"#Ride2Unite Livestream 8: Ji\u0159\u00ed Je\u017eek","og_description":"S\u00e9ria # Ride2Unite pokra\u010duje livestreamom s \u010fal\u0161ou cyklistickou osobnos\u0165ou. Tentokr\u00e1t je to b\u00fdval\u00fd cestn\u00fd pretek\u00e1r a dr\u00e1har \u010deskej reprezent\u00e1cie Ji\u0159\u00ed [&hellip;]","og_url":"https:\/\/www.welovecycling.com\/sk\/2020\/07\/01\/the-ride2unite-livestream-8-jiri-jezek\/","og_site_name":"\u0160koda We Love Cycling Slovensko","article_published_time":"2020-07-01T08:00:16+00:00","og_image":[{"width":1380,"height":600,"url":"https:\/\/d2p6e6u75xmxt8.cloudfront.net\/4\/2020\/06\/Jiri\u00b4-Jezek_00-2.webp","type":"image\/webp"}],"twitter_card":"summary_large_image","twitter_misc":{"Written by":"WeLoveCycling","Est. reading time":"3"},"schema":{"@context":"https:\/\/schema.org","@graph":[{"@type":"WebPage","@id":"https:\/\/www.welovecycling.com\/sk\/2020\/07\/01\/the-ride2unite-livestream-8-jiri-jezek\/","url":"https:\/\/www.welovecycling.com\/sk\/2020\/07\/01\/the-ride2unite-livestream-8-jiri-jezek\/","name":"#Ride2Unite Livestream 8: Ji\u0159\u00ed Je\u017eek - \u0160koda We Love Cycling Slovensko","isPartOf":{"@id":"https:\/\/www.welovecycling.com\/sk\/#website"},"primaryImageOfPage":{"@id":"https:\/\/www.welovecycling.com\/sk\/2020\/07\/01\/the-ride2unite-livestream-8-jiri-jezek\/#primaryimage"},"image":{"@id":"https:\/\/www.welovecycling.com\/sk\/2020\/07\/01\/the-ride2unite-livestream-8-jiri-jezek\/#primaryimage"},"thumbnailUrl":"https:\/\/d2p6e6u75xmxt8.cloudfront.net\/4\/2020\/06\/Jiri\u00b4-Jezek_00-2.webp","datePublished":"2020-07-01T08:00:16+00:00","author":{"@id":""},"breadcrumb":{"@id":"https:\/\/www.welovecycling.com\/sk\/2020\/07\/01\/the-ride2unite-livestream-8-jiri-jezek\/#breadcrumb"},"inLanguage":"sk-SK","potentialAction":[{"@type":"ReadAction","target":["https:\/\/www.welovecycling.com\/sk\/2020\/07\/01\/the-ride2unite-livestream-8-jiri-jezek\/"]}]},{"@type":"ImageObject","inLanguage":"sk-SK","@id":"https:\/\/www.welovecycling.com\/sk\/2020\/07\/01\/the-ride2unite-livestream-8-jiri-jezek\/#primaryimage","url":"https:\/\/d2p6e6u75xmxt8.cloudfront.net\/4\/2020\/06\/Jiri\u00b4-Jezek_00-2.webp","contentUrl":"https:\/\/d2p6e6u75xmxt8.cloudfront.net\/4\/2020\/06\/Jiri\u00b4-Jezek_00-2.webp","width":1380,"height":600},{"@type":"BreadcrumbList","@id":"https:\/\/www.welovecycling.com\/sk\/2020\/07\/01\/the-ride2unite-livestream-8-jiri-jezek\/#breadcrumb","itemListElement":[{"@type":"ListItem","position":1,"name":"Home","item":"https:\/\/www.welovecycling.com\/sk\/"},{"@type":"ListItem","position":2,"name":"#Ride2Unite Livestream 8: Ji\u0159\u00ed Je\u017eek"}]},{"@type":"WebSite","@id":"https:\/\/www.welovecycling.com\/sk\/#website","url":"https:\/\/www.welovecycling.com\/sk\/","name":"\u0160koda We Love Cycling Slovensko","description":"\u0160koda We Love Cycling Slovensko je v\u00e1\u0161 ka\u017edodenn\u00fd zdroj noviniek a in\u0161pir\u00e1cie z sveta cyklistiky","potentialAction":[{"@type":"SearchAction","target":{"@type":"EntryPoint","urlTemplate":"https:\/\/www.welovecycling.com\/sk\/?s={search_term_string}"},"query-input":{"@type":"PropertyValueSpecification","valueRequired":true,"valueName":"search_term_string"}}],"inLanguage":"sk-SK"},{"@type":"Person","@id":"","url":"https:\/\/www.welovecycling.com\/sk\/author\/"}]}},"_links":{"self":[{"href":"https:\/\/www.welovecycling.com\/sk\/wp-json\/wp\/v2\/posts\/10257","targetHints":{"allow":["GET"]}}],"collection":[{"href":"https:\/\/www.welovecycling.com\/sk\/wp-json\/wp\/v2\/posts"}],"about":[{"href":"https:\/\/www.welovecycling.com\/sk\/wp-json\/wp\/v2\/types\/post"}],"author":[{"embeddable":true,"href":"https:\/\/www.welovecycling.com\/sk\/wp-json\/wp\/v2\/users\/81"}],"replies":[{"embeddable":true,"href":"https:\/\/www.welovecycling.com\/sk\/wp-json\/wp\/v2\/comments?post=10257"}],"version-history":[{"count":2,"href":"https:\/\/www.welovecycling.com\/sk\/wp-json\/wp\/v2\/posts\/10257\/revisions"}],"predecessor-version":[{"id":10267,"href":"https:\/\/www.welovecycling.com\/sk\/wp-json\/wp\/v2\/posts\/10257\/revisions\/10267"}],"wp:featuredmedia":[{"embeddable":true,"href":"https:\/\/www.welovecycling.com\/sk\/wp-json\/wp\/v2\/media\/10266"}],"wp:attachment":[{"href":"https:\/\/www.welovecycling.com\/sk\/wp-json\/wp\/v2\/media?parent=10257"}],"wp:term":[{"taxonomy":"category","embeddable":true,"href":"https:\/\/www.welovecycling.com\/sk\/wp-json\/wp\/v2\/categories?post=10257"},{"taxonomy":"post_tag","embeddable":true,"href":"https:\/\/www.welovecycling.com\/sk\/wp-json\/wp\/v2\/tags?post=10257"},{"taxonomy":"global-categories","embeddable":true,"href":"https:\/\/www.welovecycling.com\/sk\/wp-json\/wp\/v2\/global-categories?post=10257"}],"curies":[{"name":"wp","href":"https:\/\/api.w.org\/{rel}","templated":true}]}}