{"id":10248,"date":"2020-07-06T10:00:42","date_gmt":"2020-07-06T08:00:42","guid":{"rendered":"https:\/\/www.welovecycling.com\/sk\/?p=10248"},"modified":"2020-07-06T10:00:42","modified_gmt":"2020-07-06T08:00:42","slug":"nadmerne-pitie-kavy-moze-sposobovat-zdravotne-problemy","status":"publish","type":"post","link":"https:\/\/www.welovecycling.com\/sk\/2020\/07\/06\/nadmerne-pitie-kavy-moze-sposobovat-zdravotne-problemy\/","title":{"rendered":"Nadmern\u00e9 pitie k\u00e1vy m\u00f4\u017ee sp\u00f4sobova\u0165 zdravotn\u00e9 probl\u00e9my"},"content":{"rendered":"<p><strong>Pili by ste menej k\u00e1vy, ak by ste zistili, \u017ee je to pre v\u00e1s \u0161kodliv\u00e9? Nov\u00e1 \u0161t\u00fadia ukazuje, \u017ee pitie pr\u00edli\u0161 ve\u013ek\u00e9ho mno\u017estva tohto n\u00e1poja m\u00f4\u017ee by\u0165 problematick\u00e9 pri stavoch, ako je osteoartr\u00f3za \u010di obezita. Je to zl\u00e1 spr\u00e1va pre cyklistov miluj\u00facich k\u00e1vu? Ko\u013eko k\u00e1v si m\u00f4\u017eete vychutna\u0165, aby ste neboli ohrozen\u00ed? Pozrime sa na to.<\/strong><br \/>\n<!--more--><\/p>\n<h2><strong>Unik\u00e1tny poh\u013ead na pitie k\u00e1vy pomocou genetiky<\/strong><\/h2>\n<p>Pou\u017eit\u00edm \u00fadajov od 333 214 \u00fa\u010dastn\u00edkov v UK Biobank vedci z University of South Australia <strong>sk\u00famali s\u00favislosti medzi obvyklou konzum\u00e1ciou k\u00e1vy a r\u00f4znymi chorobami<\/strong>.<\/p>\n<p><em>\u201e\u00da\u010dinky konzum\u00e1cie k\u00e1vy sa obvykle sk\u00famaj\u00fa pomocou observa\u010dnej \u0161t\u00fadie, pri ktorej sa v\u00fdsledky porovn\u00e1vaj\u00fa s osobami, ktor\u00e9 k\u00e1vu nepij\u00fa. To v\u0161ak m\u00f4\u017ee prinies\u0165 zav\u00e1dzaj\u00face v\u00fdsledky. V tejto \u0161t\u00fadii sme pou\u017eili genetick\u00fd pr\u00edstup &#8211; naz\u00fdvan\u00fd anal\u00fdza MR-PheWAS &#8211; na zistenie skuto\u010dn\u00fdch \u00fa\u010dinkov konzum\u00e1cie k\u00e1vy v porovnan\u00ed s 1 117 klinick\u00fdmi stavmi,\u201c<\/em> uviedla ved\u00faca v\u00fdskumn\u00ed\u010dka, profesorka Elina Hypp\u00f6nen.<\/p>\n<figure id=\"attachment_10249\" aria-describedby=\"caption-attachment-10249\" style=\"width: 1000px\" class=\"wp-caption alignnone\"><img loading=\"lazy\" decoding=\"async\" class=\"wp-image-10249 size-full\" src=\"https:\/\/d2p6e6u75xmxt8.cloudfront.net\/4\/2020\/06\/profimedia-0402604158.jpg\" alt=\"\" width=\"1000\" height=\"679\" \/><figcaption id=\"caption-attachment-10249\" class=\"wp-caption-text\">Je zn\u00e1my fakt, \u017ee \u013eudia ktor\u00ed pij\u00fa k\u00e1vu, m\u00f4\u017eu ma\u0165 a\u017e o 4,1 % menej telesn\u00e9ho tuku. Celkovo bolo u \u017eien v\u0161etk\u00fdch vekov\u00fdch skup\u00edn, ktor\u00e9 pili 2-3 \u0161\u00e1lky denne, priemern\u00e9 percento celkov\u00e9ho telesn\u00e9ho tuku o 2,8 % ni\u017e\u0161ie v porovnan\u00ed s t\u00fdmi, ktor\u00e9 k\u00e1vu nepili. \u00a9 Profimedia<\/figcaption><\/figure>\n<h2><strong>Mierne pitie k\u00e1vy je bezpe\u010dn\u00e9!<\/strong><\/h2>\n<p>Profesorka Elina Hypp\u00f6nen je genetick\u00e1 epidemiologi\u010dka, ktor\u00e1 u\u017e nejak\u00fd \u010das sk\u00fama \u00fa\u010dinky k\u00e1vy. V jej predch\u00e1dzaj\u00facej \u0161t\u00fadii bol stanoven\u00fd bezpe\u010dn\u00fd <strong>limit na \u0161es\u0165 \u0161\u00e1lok k\u00e1vy denne<\/strong>. Dobrou spr\u00e1vou je, \u017ee jej nov\u00e1 \u0161t\u00fadia potvrdzuje, \u017ee mierna konzum\u00e1cia k\u00e1vy je vo v\u00e4\u010d\u0161ine pr\u00edpadov bezpe\u010dn\u00e1.<\/p>\n<p><em>\u201eCelosvetovo pijeme ka\u017ed\u00fd de\u0148 pribli\u017ene tri miliardy \u0161\u00e1lok k\u00e1vy, tak\u017ee m\u00e1 zmysel presk\u00fama\u0165 v\u00fdhody a nev\u00fdhody tohto zvyku na na\u0161e zdravie. Na\u0161e v\u00fdsledky nazna\u010duj\u00fa, \u017ee mierne pitie k\u00e1vy je v\u00e4\u010d\u0161inou bezpe\u010dn\u00e9,\u201c<\/em> hovor\u00ed profesor Hypp\u00f6nen.<\/p>\n<figure id=\"attachment_10250\" aria-describedby=\"caption-attachment-10250\" style=\"width: 999px\" class=\"wp-caption alignnone\"><img loading=\"lazy\" decoding=\"async\" class=\"wp-image-10250 size-full\" src=\"https:\/\/d2p6e6u75xmxt8.cloudfront.net\/4\/2020\/06\/profimedia-0402604156.jpg\" alt=\"\" width=\"999\" height=\"696\" \/><figcaption id=\"caption-attachment-10250\" class=\"wp-caption-text\">\u00a0\u00a9 Profimedia<\/figcaption><\/figure>\n<h2><strong>Opatrne, ak m\u00e1te osteoartrit\u00eddu \u010di obezitu<\/strong><\/h2>\n<p>\u0160t\u00fadia nepriniesla iba dobr\u00e9 spr\u00e1vy. Dok\u00e1zala \u0161kodliv\u00e9 \u00fa\u010dinky pitia k\u00e1vy v s\u00favislosti s osteoartr\u00f3zou, artropatiou a obezitou. Toto je obzvl\u00e1\u0161\u0165 znepokojuj\u00face vzh\u013eadom na to, ak\u00e9 roz\u0161\u00edren\u00e9 s\u00fa tieto tri choroby.<\/p>\n<p><em>\u201eNadmern\u00e1 konzum\u00e1cia k\u00e1vy m\u00f4\u017ee vies\u0165 k zv\u00fd\u0161en\u00e9mu riziku ur\u010dit\u00fdch chor\u00f4b. Pre \u013eud\u00ed s rodinnou anamn\u00e9zou osteoartrit\u00eddy, artrit\u00eddy alebo pre t\u00fdch, ktor\u00ed sa ob\u00e1vaj\u00fa zhor\u0161enia pr\u00edznakov t\u00fdchto chor\u00f4b, by tieto v\u00fdsledky mali p\u00f4sobi\u0165 ako varovn\u00fd sign\u00e1l. Spr\u00e1va, ktor\u00fa by sme si mali v\u017edy pam\u00e4ta\u0165, je, \u017ee m\u00e1me konzumova\u0165 k\u00e1vu s mierou. To je najlep\u0161\u00ed sp\u00f4sob, ako ma\u0165 pote\u0161enie z tohto n\u00e1poja a z\u00e1rove\u0148 si udr\u017ea\u0165 dobr\u00e9 zdravie,\u201c<\/em> uzatv\u00e1ra Hypp\u00f6nen.<\/p>\n","protected":false},"excerpt":{"rendered":"<p>Pili by ste menej k\u00e1vy, ak by ste zistili, \u017ee je to pre v\u00e1s \u0161kodliv\u00e9? Nov\u00e1 \u0161t\u00fadia ukazuje, \u017ee pitie [&hellip;]<\/p>\n","protected":false},"author":81,"featured_media":10252,"comment_status":"open","ping_status":"open","sticky":false,"template":"","format":"standard","meta":{"footnotes":""},"categories":[2],"tags":[115,1166,180,572,665,1238,1208,163,1219,1097,1095,44,161,623],"global-categories":[],"class_list":["post-10248","post","type-post","status-publish","format-standard","has-post-thumbnail","hentry","category-zdravie-trening","tag-cestna-cyklistika","tag-choroba","tag-horska-cyklistika","tag-kava","tag-napoj","tag-obezita","tag-riziko","tag-strava","tag-studia","tag-vykon","tag-vyskum","tag-vyziva","tag-zdravie","tag-zdravy-zivotny-styl"],"yoast_head":"<!-- This site is optimized with the Yoast SEO Premium plugin v25.3 (Yoast SEO v25.9) - https:\/\/yoast.com\/wordpress\/plugins\/seo\/ -->\n<title>Nadmern\u00e9 pitie k\u00e1vy m\u00f4\u017ee sp\u00f4sobova\u0165 zdravotn\u00e9 probl\u00e9my - \u0160koda We Love Cycling Slovensko<\/title>\n<meta name=\"robots\" content=\"index, follow, max-snippet:-1, max-image-preview:large, max-video-preview:-1\" \/>\n<link rel=\"canonical\" href=\"https:\/\/www.welovecycling.com\/sk\/2020\/07\/06\/nadmerne-pitie-kavy-moze-sposobovat-zdravotne-problemy\/\" \/>\n<meta property=\"og:locale\" content=\"sk_SK\" \/>\n<meta property=\"og:type\" content=\"article\" \/>\n<meta property=\"og:title\" content=\"Nadmern\u00e9 pitie k\u00e1vy m\u00f4\u017ee sp\u00f4sobova\u0165 zdravotn\u00e9 probl\u00e9my\" \/>\n<meta property=\"og:description\" content=\"Pili by ste menej k\u00e1vy, ak by ste zistili, \u017ee je to pre v\u00e1s \u0161kodliv\u00e9? Nov\u00e1 \u0161t\u00fadia ukazuje, \u017ee pitie [&hellip;]\" \/>\n<meta property=\"og:url\" content=\"https:\/\/www.welovecycling.com\/sk\/2020\/07\/06\/nadmerne-pitie-kavy-moze-sposobovat-zdravotne-problemy\/\" \/>\n<meta property=\"og:site_name\" content=\"\u0160koda We Love Cycling Slovensko\" \/>\n<meta property=\"article:published_time\" content=\"2020-07-06T08:00:42+00:00\" \/>\n<meta property=\"og:image\" content=\"https:\/\/d2p6e6u75xmxt8.cloudfront.net\/4\/2020\/06\/Coffee-CVR-profimedia-0335973447.webp\" \/>\n\t<meta property=\"og:image:width\" content=\"1366\" \/>\n\t<meta property=\"og:image:height\" content=\"600\" \/>\n\t<meta property=\"og:image:type\" content=\"image\/webp\" \/>\n<meta name=\"twitter:card\" content=\"summary_large_image\" \/>\n<meta name=\"twitter:label1\" content=\"Written by\" \/>\n\t<meta name=\"twitter:data1\" content=\"Ji\u0159\u00ed Kalo\u010d\" \/>\n\t<meta name=\"twitter:label2\" content=\"Est. reading time\" \/>\n\t<meta name=\"twitter:data2\" content=\"5\" \/>\n<script type=\"application\/ld+json\" class=\"yoast-schema-graph\">{\"@context\":\"https:\/\/schema.org\",\"@graph\":[{\"@type\":\"WebPage\",\"@id\":\"https:\/\/www.welovecycling.com\/sk\/2020\/07\/06\/nadmerne-pitie-kavy-moze-sposobovat-zdravotne-problemy\/\",\"url\":\"https:\/\/www.welovecycling.com\/sk\/2020\/07\/06\/nadmerne-pitie-kavy-moze-sposobovat-zdravotne-problemy\/\",\"name\":\"Nadmern\u00e9 pitie k\u00e1vy m\u00f4\u017ee sp\u00f4sobova\u0165 zdravotn\u00e9 probl\u00e9my - \u0160koda We Love Cycling Slovensko\",\"isPartOf\":{\"@id\":\"https:\/\/www.welovecycling.com\/sk\/#website\"},\"primaryImageOfPage\":{\"@id\":\"https:\/\/www.welovecycling.com\/sk\/2020\/07\/06\/nadmerne-pitie-kavy-moze-sposobovat-zdravotne-problemy\/#primaryimage\"},\"image\":{\"@id\":\"https:\/\/www.welovecycling.com\/sk\/2020\/07\/06\/nadmerne-pitie-kavy-moze-sposobovat-zdravotne-problemy\/#primaryimage\"},\"thumbnailUrl\":\"https:\/\/d2p6e6u75xmxt8.cloudfront.net\/4\/2020\/06\/Coffee-CVR-profimedia-0335973447.webp\",\"datePublished\":\"2020-07-06T08:00:42+00:00\",\"author\":{\"@id\":\"\"},\"breadcrumb\":{\"@id\":\"https:\/\/www.welovecycling.com\/sk\/2020\/07\/06\/nadmerne-pitie-kavy-moze-sposobovat-zdravotne-problemy\/#breadcrumb\"},\"inLanguage\":\"sk-SK\",\"potentialAction\":[{\"@type\":\"ReadAction\",\"target\":[\"https:\/\/www.welovecycling.com\/sk\/2020\/07\/06\/nadmerne-pitie-kavy-moze-sposobovat-zdravotne-problemy\/\"]}]},{\"@type\":\"ImageObject\",\"inLanguage\":\"sk-SK\",\"@id\":\"https:\/\/www.welovecycling.com\/sk\/2020\/07\/06\/nadmerne-pitie-kavy-moze-sposobovat-zdravotne-problemy\/#primaryimage\",\"url\":\"https:\/\/d2p6e6u75xmxt8.cloudfront.net\/4\/2020\/06\/Coffee-CVR-profimedia-0335973447.webp\",\"contentUrl\":\"https:\/\/d2p6e6u75xmxt8.cloudfront.net\/4\/2020\/06\/Coffee-CVR-profimedia-0335973447.webp\",\"width\":1366,\"height\":600},{\"@type\":\"BreadcrumbList\",\"@id\":\"https:\/\/www.welovecycling.com\/sk\/2020\/07\/06\/nadmerne-pitie-kavy-moze-sposobovat-zdravotne-problemy\/#breadcrumb\",\"itemListElement\":[{\"@type\":\"ListItem\",\"position\":1,\"name\":\"Home\",\"item\":\"https:\/\/www.welovecycling.com\/sk\/\"},{\"@type\":\"ListItem\",\"position\":2,\"name\":\"Nadmern\u00e9 pitie k\u00e1vy m\u00f4\u017ee sp\u00f4sobova\u0165 zdravotn\u00e9 probl\u00e9my\"}]},{\"@type\":\"WebSite\",\"@id\":\"https:\/\/www.welovecycling.com\/sk\/#website\",\"url\":\"https:\/\/www.welovecycling.com\/sk\/\",\"name\":\"\u0160koda We Love Cycling Slovensko\",\"description\":\"\u0160koda We Love Cycling Slovensko je v\u00e1\u0161 ka\u017edodenn\u00fd zdroj noviniek a in\u0161pir\u00e1cie z sveta cyklistiky\",\"potentialAction\":[{\"@type\":\"SearchAction\",\"target\":{\"@type\":\"EntryPoint\",\"urlTemplate\":\"https:\/\/www.welovecycling.com\/sk\/?s={search_term_string}\"},\"query-input\":{\"@type\":\"PropertyValueSpecification\",\"valueRequired\":true,\"valueName\":\"search_term_string\"}}],\"inLanguage\":\"sk-SK\"},{\"@type\":\"Person\",\"@id\":\"\",\"url\":\"https:\/\/www.welovecycling.com\/sk\/author\/\"}]}<\/script>\n<!-- \/ Yoast SEO Premium plugin. -->","yoast_head_json":{"title":"Nadmern\u00e9 pitie k\u00e1vy m\u00f4\u017ee sp\u00f4sobova\u0165 zdravotn\u00e9 probl\u00e9my - \u0160koda We Love Cycling Slovensko","robots":{"index":"index","follow":"follow","max-snippet":"max-snippet:-1","max-image-preview":"max-image-preview:large","max-video-preview":"max-video-preview:-1"},"canonical":"https:\/\/www.welovecycling.com\/sk\/2020\/07\/06\/nadmerne-pitie-kavy-moze-sposobovat-zdravotne-problemy\/","og_locale":"sk_SK","og_type":"article","og_title":"Nadmern\u00e9 pitie k\u00e1vy m\u00f4\u017ee sp\u00f4sobova\u0165 zdravotn\u00e9 probl\u00e9my","og_description":"Pili by ste menej k\u00e1vy, ak by ste zistili, \u017ee je to pre v\u00e1s \u0161kodliv\u00e9? Nov\u00e1 \u0161t\u00fadia ukazuje, \u017ee pitie [&hellip;]","og_url":"https:\/\/www.welovecycling.com\/sk\/2020\/07\/06\/nadmerne-pitie-kavy-moze-sposobovat-zdravotne-problemy\/","og_site_name":"\u0160koda We Love Cycling Slovensko","article_published_time":"2020-07-06T08:00:42+00:00","og_image":[{"width":1366,"height":600,"url":"https:\/\/d2p6e6u75xmxt8.cloudfront.net\/4\/2020\/06\/Coffee-CVR-profimedia-0335973447.webp","type":"image\/webp"}],"twitter_card":"summary_large_image","twitter_misc":{"Written by":"Ji\u0159\u00ed Kalo\u010d","Est. reading time":"5"},"schema":{"@context":"https:\/\/schema.org","@graph":[{"@type":"WebPage","@id":"https:\/\/www.welovecycling.com\/sk\/2020\/07\/06\/nadmerne-pitie-kavy-moze-sposobovat-zdravotne-problemy\/","url":"https:\/\/www.welovecycling.com\/sk\/2020\/07\/06\/nadmerne-pitie-kavy-moze-sposobovat-zdravotne-problemy\/","name":"Nadmern\u00e9 pitie k\u00e1vy m\u00f4\u017ee sp\u00f4sobova\u0165 zdravotn\u00e9 probl\u00e9my - \u0160koda We Love Cycling Slovensko","isPartOf":{"@id":"https:\/\/www.welovecycling.com\/sk\/#website"},"primaryImageOfPage":{"@id":"https:\/\/www.welovecycling.com\/sk\/2020\/07\/06\/nadmerne-pitie-kavy-moze-sposobovat-zdravotne-problemy\/#primaryimage"},"image":{"@id":"https:\/\/www.welovecycling.com\/sk\/2020\/07\/06\/nadmerne-pitie-kavy-moze-sposobovat-zdravotne-problemy\/#primaryimage"},"thumbnailUrl":"https:\/\/d2p6e6u75xmxt8.cloudfront.net\/4\/2020\/06\/Coffee-CVR-profimedia-0335973447.webp","datePublished":"2020-07-06T08:00:42+00:00","author":{"@id":""},"breadcrumb":{"@id":"https:\/\/www.welovecycling.com\/sk\/2020\/07\/06\/nadmerne-pitie-kavy-moze-sposobovat-zdravotne-problemy\/#breadcrumb"},"inLanguage":"sk-SK","potentialAction":[{"@type":"ReadAction","target":["https:\/\/www.welovecycling.com\/sk\/2020\/07\/06\/nadmerne-pitie-kavy-moze-sposobovat-zdravotne-problemy\/"]}]},{"@type":"ImageObject","inLanguage":"sk-SK","@id":"https:\/\/www.welovecycling.com\/sk\/2020\/07\/06\/nadmerne-pitie-kavy-moze-sposobovat-zdravotne-problemy\/#primaryimage","url":"https:\/\/d2p6e6u75xmxt8.cloudfront.net\/4\/2020\/06\/Coffee-CVR-profimedia-0335973447.webp","contentUrl":"https:\/\/d2p6e6u75xmxt8.cloudfront.net\/4\/2020\/06\/Coffee-CVR-profimedia-0335973447.webp","width":1366,"height":600},{"@type":"BreadcrumbList","@id":"https:\/\/www.welovecycling.com\/sk\/2020\/07\/06\/nadmerne-pitie-kavy-moze-sposobovat-zdravotne-problemy\/#breadcrumb","itemListElement":[{"@type":"ListItem","position":1,"name":"Home","item":"https:\/\/www.welovecycling.com\/sk\/"},{"@type":"ListItem","position":2,"name":"Nadmern\u00e9 pitie k\u00e1vy m\u00f4\u017ee sp\u00f4sobova\u0165 zdravotn\u00e9 probl\u00e9my"}]},{"@type":"WebSite","@id":"https:\/\/www.welovecycling.com\/sk\/#website","url":"https:\/\/www.welovecycling.com\/sk\/","name":"\u0160koda We Love Cycling Slovensko","description":"\u0160koda We Love Cycling Slovensko je v\u00e1\u0161 ka\u017edodenn\u00fd zdroj noviniek a in\u0161pir\u00e1cie z sveta cyklistiky","potentialAction":[{"@type":"SearchAction","target":{"@type":"EntryPoint","urlTemplate":"https:\/\/www.welovecycling.com\/sk\/?s={search_term_string}"},"query-input":{"@type":"PropertyValueSpecification","valueRequired":true,"valueName":"search_term_string"}}],"inLanguage":"sk-SK"},{"@type":"Person","@id":"","url":"https:\/\/www.welovecycling.com\/sk\/author\/"}]}},"_links":{"self":[{"href":"https:\/\/www.welovecycling.com\/sk\/wp-json\/wp\/v2\/posts\/10248","targetHints":{"allow":["GET"]}}],"collection":[{"href":"https:\/\/www.welovecycling.com\/sk\/wp-json\/wp\/v2\/posts"}],"about":[{"href":"https:\/\/www.welovecycling.com\/sk\/wp-json\/wp\/v2\/types\/post"}],"author":[{"embeddable":true,"href":"https:\/\/www.welovecycling.com\/sk\/wp-json\/wp\/v2\/users\/81"}],"replies":[{"embeddable":true,"href":"https:\/\/www.welovecycling.com\/sk\/wp-json\/wp\/v2\/comments?post=10248"}],"version-history":[{"count":2,"href":"https:\/\/www.welovecycling.com\/sk\/wp-json\/wp\/v2\/posts\/10248\/revisions"}],"predecessor-version":[{"id":10256,"href":"https:\/\/www.welovecycling.com\/sk\/wp-json\/wp\/v2\/posts\/10248\/revisions\/10256"}],"wp:featuredmedia":[{"embeddable":true,"href":"https:\/\/www.welovecycling.com\/sk\/wp-json\/wp\/v2\/media\/10252"}],"wp:attachment":[{"href":"https:\/\/www.welovecycling.com\/sk\/wp-json\/wp\/v2\/media?parent=10248"}],"wp:term":[{"taxonomy":"category","embeddable":true,"href":"https:\/\/www.welovecycling.com\/sk\/wp-json\/wp\/v2\/categories?post=10248"},{"taxonomy":"post_tag","embeddable":true,"href":"https:\/\/www.welovecycling.com\/sk\/wp-json\/wp\/v2\/tags?post=10248"},{"taxonomy":"global-categories","embeddable":true,"href":"https:\/\/www.welovecycling.com\/sk\/wp-json\/wp\/v2\/global-categories?post=10248"}],"curies":[{"name":"wp","href":"https:\/\/api.w.org\/{rel}","templated":true}]}}