{"id":10235,"date":"2020-06-29T11:00:31","date_gmt":"2020-06-29T09:00:31","guid":{"rendered":"https:\/\/www.welovecycling.com\/sk\/?p=10235"},"modified":"2020-06-29T09:59:15","modified_gmt":"2020-06-29T07:59:15","slug":"mesacna-desiatka-v-juni-sa-uvolnovali-lady","status":"publish","type":"post","link":"https:\/\/www.welovecycling.com\/sk\/2020\/06\/29\/mesacna-desiatka-v-juni-sa-uvolnovali-lady\/","title":{"rendered":"Mesa\u010dn\u00e1 desiatka &#8211; v\u00a0j\u00fani sa uvo\u013e\u0148ovali \u013eady"},"content":{"rendered":"<p><strong>Aj ke\u010f sme sa e\u0161te pred p\u00e1r mesiacmi te\u0161ili na da\u017ede, ktor\u00e9 o\u017eivia pr\u00edrodu a\u00a0zvl\u00e1\u010dnia horsk\u00e9 traily, j\u00fanov\u00e9 preh\u00e1nky boli predsa len pr\u00edli\u0161. Na druhej strane, samotn\u00e1 cyklistika sa ani po vy\u0161e troch mesiacoch \u00faplne nespam\u00e4tala a\u00a0pl\u00e1novan\u00e9 preteky a\u00a0podujatia n\u00e1s bud\u00fa \u010daka\u0165 a\u017e o\u00a0nieko\u013eko mesiacov. Preto sa v\u00a0dne\u0161nej desiatke pozrieme nielen na to, ako to v\u00a0uplynul\u00fdch rokoch v tomto mesiaci vyzeralo, ale s\u00fa\u010dasne nahliadneme do s\u00fa\u010dasn\u00e9ho stavu pro-t\u00edmov a\u00a0st\u00e1le \u017eij\u00faceho cyklistick\u00e9ho \u017eivota.<\/strong><!--more--><\/p>\n<h2><strong>Sagan je pripraven\u00fd na Giro &#8211; doslovne!<\/strong><\/h2>\n<p>Slovensk\u00fd r\u00fdchlik mal v\u00a0m\u00e1ji prezentova\u0165 slovensk\u00e9 farby na talianskej <strong>Grand Tour po prv\u00fdkr\u00e1t v\u00a0\u017eivote<\/strong>. \u017dia\u013e, nestalo sa tak. Av\u0161ak po presune term\u00ednu na okt\u00f3ber op\u00e4\u0165 vzb\u013akla rados\u0165 v\u00a0srdciach fan\u00fa\u0161ikov. Navy\u0161e, v\u00a0nasleduj\u00facom videu aj napriek sofistikovan\u00e9mu maskovaniu v\u00a0podobe baretky, ko\u0161ele a nohav\u00edc v\u00a0talianskom \u0161t\u00fdle, neprehliadnete Saganov \u0161t\u00fdl a\u00a0humor.\n<lite-youtube videoid=maZgWQlkdPs params=\"enablejsapi=1\" style=\"background-image: url('https:\/\/i.ytimg.com\/vi_webp\/maZgWQlkdPs\/maxresdefault.webp');\"><\/lite-youtube>\n<h2><strong>Robia v\u00e1m z\u00e1kruty probl\u00e9my? \u010co tak mal\u00fd trik?<\/strong><\/h2>\n<p>S\u00fa\u010dasn\u00fd Majster sveta v\u00a0horskej cyklistike XCO sa veru doma nenud\u00ed. Vo \u0161vaj\u010diarskych hor\u00e1ch nielen\u017ee tr\u00e9nuje, pre udr\u017eanie top formy pre bl\u00ed\u017eiace sa podujatia, ale navy\u0161e <strong>nezab\u00fada ani na techniku<\/strong>, ktor\u00e1 je v\u00a0tejto discipl\u00edne \u010dasto opom\u00ednan\u00e1 a\u00a0predsa rozhoduje o\u00a0v\u00ed\u0165azovi. \u010co sa t\u00fdka samotn\u00e9ho prejazdu z\u00e1krut &#8211; nel\u00e1mte si hlavu s\u00a0uhlom n\u00e1jazdu, alebo pren\u00e1\u0161an\u00edm \u0165a\u017eiska &#8211; jednoducho ju vyc\u00favajte!<br \/>\nhttps:\/\/www.instagram.com\/p\/CBtL2r3BFj0\/<\/p>\n<h2><strong>Greg Minnaar spom\u00edna na bahenn\u00e9 k\u00fapele<\/strong><\/h2>\n<p>Jedn\u00fdm z\u00a0relevantn\u00fdch obr\u00e1zkov k\u00a0tohtomesa\u010dnej situ\u00e1cii v\u00a0na\u0161ich lesoch je aj pr\u00edspevok od nieko\u013ekon\u00e1sobn\u00e9ho Majstra sveta v\u00a0zjazde, Grega Minnaara, ktor\u00fd si <strong>zaspom\u00ednal na svoje 7.&nbsp;v\u00ed\u0165azstvo vo FortWilliame<\/strong> so slovami: <em>\u201eU\u017e sa nikdy nebudem s\u0165a\u017eova\u0165 na horizont\u00e1lny d\u00e1\u017e\u010f a\u00a0mu\u0161ky ?.\u201c<\/em> Pr\u00e1ve upr\u0161an\u00e9 po\u010dasie a\u00a0siln\u00fd vietor v\u00a0spojen\u00ed s\u00a0kamenistou a\u00a0blatistou tra\u0165ou robia z\u00a0\u201eFortBill\u201c jednu z\u00a0naj\u0165a\u017e\u0161\u00edch trat\u00ed poh\u00e1ra. Vyzer\u00e1 to ako v na\u0161ich lesoch po\u010das j\u00fana, v\u0161ak?<br \/>\nhttps:\/\/www.instagram.com\/p\/CBH_IcYjbg6\/<\/p>\n<h2><strong>Slovinci sa nevedeli do\u010dka\u0165, a\u00a0tak zorganizovali Majstrovstv\u00e1 Slovinska<\/strong><\/h2>\n<p>Zatia\u013e \u010do mnoh\u00e9 n\u00e1rody prekladali svoje n\u00e1rodn\u00e9 \u0161ampion\u00e1ty na neskor\u0161ie term\u00edny, Slovinsko si s\u00a0t\u00fdm ve\u013ek\u00fa hlavu nerobilo. Po\u010das predposledn\u00e9ho j\u00fanov\u00e9ho t\u00fd\u017ed\u0148a sa tak ne\u010faleko sl\u00e1vnej Pokljuky <strong>stretli zvu\u010dn\u00e9 men\u00e1<\/strong>. Individu\u00e1lnu \u010dasovku ovl\u00e1dol len 21 ro\u010dn\u00fd talent, Tadej Poga\u010dar, ktor\u00fd porazil tak\u00e9ho \u010dasovk\u00e1ra, ak\u00fdm je Primo\u017e Rogli\u010d (v sez\u00f3ne 2019 vyhral a\u017e 4 \u010dasovky) o\u00a0cel\u00fdch 9 sek\u00fand. Medzi \u017eenami suver\u00e9nne zv\u00ed\u0165azila Ur\u0161ka \u017digart. V\u00a0pretekoch s\u00a0hromadn\u00fdm \u0161tartom v\u00a0\u017eenskej kateg\u00f3rii dominovala Ur\u0161a Pintar. V\u00a0mu\u017eskej si to spom\u00ednan\u00ed pretek\u00e1ri vymenili &#8211; Rogli\u010d o\u00a010 sek\u00fand triumfoval pred Poga\u010darom.<br \/>\n<figure id=\"attachment_10242\" aria-describedby=\"caption-attachment-10242\" style=\"width: 1200px\" class=\"wp-caption alignnone\"><a href=\"https:\/\/d2p6e6u75xmxt8.cloudfront.net\/4\/2020\/06\/WLC_Mesa\u010dna_desiatka-jun_01.jpg\"><img loading=\"lazy\" decoding=\"async\" src=\"https:\/\/d2p6e6u75xmxt8.cloudfront.net\/4\/2020\/06\/WLC_Mesa\u010dna_desiatka-jun_01.jpg\" alt=\"\" width=\"1200\" height=\"800\" class=\"size-full wp-image-10242\" \/><\/a><figcaption id=\"caption-attachment-10242\" class=\"wp-caption-text\">@titkosir FB\/Primo\u017eRogli\u010d<\/figcaption><\/figure><\/p>\n<h2><strong>Zranenia sa nevyh\u00fdbaj\u00fa pretek\u00e1rom ani po\u010das \u201evo\u013ena\u201c<\/strong><\/h2>\n<p>Jeden z\u00a0najsl\u00e1vnej\u0161\u00edch s\u00fa\u010dasn\u00fdch klasik\u00e1rov, Niki Terpstra, sa v\u00a0uplynulom mesiaci dok\u00e1zal uk\u00e1\u017ekovo dokali\u010di\u0165. Pri tr\u00e9ningu ne\u010faleko domova spadol a\u00a0<strong>privodil si viacer\u00e9 zranenia<\/strong>, medzi ktor\u00fdmi najmenej pr\u00edjemne znie pneumotorax, zlomen\u00e9 rebr\u00e1, zlomen\u00e1 k\u013e\u00fa\u010dna kos\u0165 a\u00a0otras mozgu. Na\u0161\u0165astie sa v\u010faka r\u00fdchlej pomoci lek\u00e1rov a\u00a0\u00fa\u010dastn\u00edkov, ni\u010d v\u00e1\u017ene nestalo a\u00a0jeho n\u00e1vrat budeme mo\u017eno pozorova\u0165 e\u0161te tento rok &#8211; predpokladan\u00e1 doba lie\u010dby je vy\u0161e 12 t\u00fd\u017ed\u0148ov. <\/p>\n<h2><strong>\u017deby Slovensko st\u00e1lo na prahu novej \u00e9ry v\u00a0kateg\u00f3rii U23?<\/strong><\/h2>\n<p>Port\u00e1l cycling-info.sk uverejnil predned\u00e1vnom rozhovor s\u00a0aktu\u00e1lnym \u0161portov\u00fdm riadite\u013eom slovenskej reprezent\u00e1cie do 23 rokov, Jakubom Van\u010dom, ktor\u00fd je s\u00e1m takmer rovesn\u00edkom svojich zverencov. Uplynul\u00e9 roky boli pre t\u00fato kateg\u00f3riu v\u00fdsledkovo slab\u00e9 a\u00a0pr\u00e1ve v\u00a0tomto duchu sa nesie aj Van\u010dova <strong>motiv\u00e1cia k\u00a0zlep\u0161eniu tejto situ\u00e1cie<\/strong> &#8211; t\u00edmovos\u0165, dru\u017en\u00e1 atmosf\u00e9ra \u010di \u0161tipendi\u00e1 pre pretek\u00e1rov, maj\u00fa by\u0165 receptom pre mo\u017en\u00e9 body a\u00a0v\u00ed\u0165azstv\u00e1. D\u00fafame v\u00a0to a\u00a0dr\u017e\u00edme palce. <\/p>\n<h2><strong>Slovensk\u00fd poh\u00e1r pokra\u010doval tret\u00edm kolom na letisku v Pie\u0161\u0165a\u0148och<\/strong><\/h2>\n<p>Vzh\u013eadom na pand\u00e9miu sa pl\u00e1novan\u00e9 akcie nielen\u017ee ru\u0161ili, ale s\u00fa\u010dasne sa museli prisp\u00f4sobi\u0165 nov\u00fdm okolnostiam. Na\u0161\u0165astie sa na tieto ne\u013eahk\u00e9 podmienky dok\u00e1zal pripravi\u0165 aj Slovensk\u00fd zv\u00e4z cyklistiky, ktor\u00fd po\u010das poslednej j\u00fanovej soboty pokra\u010doval u\u017e tret\u00edm kolom na \u010fal\u0161om nezvyklom mieste &#8211; po Slovakiaringu a\u00a0letisku v Hri\u010dove nasledovalo letisko v\u00a0Pie\u0161\u0165anoch. Tu sa <strong>predstavilo vy\u0161e 300&nbsp;mlad\u00fdch pretek\u00e1rov<\/strong>. V\u00a0najpo\u010detnej\u0161ej kateg\u00f3rii Mu\u017ei dominoval J. A. Cully s\u00a027 bodmi pred M.&nbsp;\u010caneck\u00fdm a\u00a0S. Nagym. (Celkovo sa v\u00a0Mu\u017eoch predstavilo a\u017e 67 pretek\u00e1rov).<\/p>\n<h2><strong>UCI predstavila nov\u00fd kalend\u00e1r \u017eenskej WorldTour<\/strong><\/h2>\n<p>Pri uvo\u013e\u0148ovan\u00ed opatren\u00ed pand\u00e9mie sa muselo po\u010d\u00edta\u0165 nielen s\u00a0pres\u00favan\u00edm mu\u017esk\u00fdch podujat\u00ed, ale samozrejme aj t\u00fdch \u017eensk\u00fdch. Aj preto predstavila UCI <strong>koncom j\u00fana nov\u00fd kalend\u00e1r pre zvy\u0161ok roka 2020<\/strong>. A\u00a0\u010do na to samotn\u00e9 pretek\u00e1rky? Tak napr\u00edklad R. Winder sa k\u00a0nemu vyjadrila nasledovne: <em>\u201eMysl\u00edm si, \u017ee ho ka\u017ed\u00fd o\u010dak\u00e1val. Je v\u0161ak ur\u010dite &#8230; zhusten\u00fd. Je tro\u0161ku zvl\u00e1\u0161tne pom\u00fd\u0161\u013ea\u0165 na pretekanie na prv\u00fdch jarn\u00fdch klasik\u00e1ch na konci sez\u00f3ny, ale je to to, na \u010do sa teraz upriamujem.\u201c<\/em>\n<lite-youtube videoid=CQgyZu8BmL0 params=\"enablejsapi=1\" style=\"background-image: url('https:\/\/i.ytimg.com\/vi_webp\/CQgyZu8BmL0\/maxresdefault.webp');\"><\/lite-youtube>\n<h2><strong>Nechajte sa deti hra\u0165!<\/strong><\/h2>\n<p>Mo\u017eno pr\u00e1ve teraz je t\u00e1 spr\u00e1vna chv\u00ed\u013ea zv\u00fdrazni\u0165 d\u00f4le\u017eitos\u0165 toho, \u010do znamen\u00e1 pre deti vo\u013enos\u0165 pohybu a\u00a0objavovanie svojich schopnost\u00ed \u010di nadob\u00fadanie nov\u00fdch z\u00e1\u017eitkov. V\u00a0momentoch, kedy sa nach\u00e1dzate uzavret\u00ed medzi \u0161tyrmi stenami je <strong>spomienka na bezstarostn\u00e9 jazdenie nie\u010d\u00edm nenahradite\u013en\u00fdm<\/strong>. Preto dovo\u013ete svojim ratolestiam \u201erobi\u0165 si \u010do chc\u00fa\u201c (samozrejme v\u00a0rozumnej miere) a\u00a0n\u00e1js\u0165 si svoju vlastn\u00fa cestu toho, ako robi\u0165 to, \u010do ich bav\u00ed.\n<lite-youtube videoid=D_kRYa-zZDI params=\"enablejsapi=1\" style=\"background-image: url('https:\/\/i.ytimg.com\/vi_webp\/D_kRYa-zZDI\/maxresdefault.webp');\"><\/lite-youtube>\n<p>V\u0161etci si \u017eel\u00e1me, aby zmizli v\u0161etky obavy a\u00a0hrozby z nev\u00edtan\u00e9ho hos\u0165a sez\u00f3ny 2020. D\u00fafame rovnako aj v\u00a0to, \u017ee sa o\u00a0mesiac op\u00e4\u0165 stretneme u\u017e so skuto\u010dne \u201epretek\u00e1rskymi\u201c spr\u00e1vami zo sveta elitnej cyklistiky &#8211; <strong>a\u00a0nielen z\u00a0nej<\/strong>!<\/p>\n<p>(zdroj tituln\u00e1 fotografia: pixabay.com)<\/p>\n","protected":false},"excerpt":{"rendered":"<p>Aj ke\u010f sme sa e\u0161te pred p\u00e1r mesiacmi te\u0161ili na da\u017ede, ktor\u00e9 o\u017eivia pr\u00edrodu a\u00a0zvl\u00e1\u010dnia horsk\u00e9 traily, j\u00fanov\u00e9 preh\u00e1nky boli [&hellip;]<\/p>\n","protected":false},"author":81,"featured_media":10241,"comment_status":"open","ping_status":"open","sticky":false,"template":"","format":"standard","meta":{"footnotes":""},"categories":[63],"tags":[559,115,53,65,180,1040,767,600,46,1012,179,523,367,469,608,556,355,106,659,475,332],"global-categories":[1074],"class_list":["post-10235","post","type-post","status-publish","format-standard","has-post-thumbnail","hentry","category-grand-tour","tag-bicykel","tag-cestna-cyklistika","tag-deti","tag-giro-d-italia","tag-horska-cyklistika","tag-mesacna-desiatka","tag-motivacia","tag-muzi","tag-peter-sagan","tag-pretekar","tag-preteky","tag-slovensko","tag-slovensky-zvaz-cyklistiky","tag-slovinsko","tag-technika","tag-tim","tag-uci","tag-uci-worldtour","tag-zenska-cyklistika","tag-zeny","tag-zranenia","global-categories-cycling"],"yoast_head":"<!-- This site is optimized with the Yoast SEO Premium plugin v25.3 (Yoast SEO v25.9) - https:\/\/yoast.com\/wordpress\/plugins\/seo\/ -->\n<title>Mesa\u010dn\u00e1 desiatka - v\u00a0j\u00fani sa uvo\u013e\u0148ovali \u013eady - \u0160koda We Love Cycling Slovensko<\/title>\n<meta name=\"robots\" content=\"index, follow, max-snippet:-1, max-image-preview:large, max-video-preview:-1\" \/>\n<link rel=\"canonical\" href=\"https:\/\/www.welovecycling.com\/sk\/2020\/06\/29\/mesacna-desiatka-v-juni-sa-uvolnovali-lady\/\" \/>\n<meta property=\"og:locale\" content=\"sk_SK\" \/>\n<meta property=\"og:type\" content=\"article\" \/>\n<meta property=\"og:title\" content=\"Mesa\u010dn\u00e1 desiatka - v\u00a0j\u00fani sa uvo\u013e\u0148ovali \u013eady\" \/>\n<meta property=\"og:description\" content=\"Aj ke\u010f sme sa e\u0161te pred p\u00e1r mesiacmi te\u0161ili na da\u017ede, ktor\u00e9 o\u017eivia pr\u00edrodu a\u00a0zvl\u00e1\u010dnia horsk\u00e9 traily, j\u00fanov\u00e9 preh\u00e1nky boli [&hellip;]\" \/>\n<meta property=\"og:url\" content=\"https:\/\/www.welovecycling.com\/sk\/2020\/06\/29\/mesacna-desiatka-v-juni-sa-uvolnovali-lady\/\" \/>\n<meta property=\"og:site_name\" content=\"\u0160koda We Love Cycling Slovensko\" \/>\n<meta property=\"article:published_time\" content=\"2020-06-29T09:00:31+00:00\" \/>\n<meta property=\"og:image\" content=\"https:\/\/d2p6e6u75xmxt8.cloudfront.net\/4\/2020\/06\/WLC_Mesa\u010dna_desiatka-jun_00.webp\" \/>\n\t<meta property=\"og:image:width\" content=\"1380\" \/>\n\t<meta property=\"og:image:height\" content=\"600\" \/>\n\t<meta property=\"og:image:type\" content=\"image\/webp\" \/>\n<meta name=\"twitter:card\" content=\"summary_large_image\" \/>\n<meta name=\"twitter:label1\" content=\"Written by\" \/>\n\t<meta name=\"twitter:data1\" content=\"WeLoveCycling\" \/>\n\t<meta name=\"twitter:label2\" content=\"Est. reading time\" \/>\n\t<meta name=\"twitter:data2\" content=\"5\" \/>\n<script type=\"application\/ld+json\" class=\"yoast-schema-graph\">{\"@context\":\"https:\/\/schema.org\",\"@graph\":[{\"@type\":\"WebPage\",\"@id\":\"https:\/\/www.welovecycling.com\/sk\/2020\/06\/29\/mesacna-desiatka-v-juni-sa-uvolnovali-lady\/\",\"url\":\"https:\/\/www.welovecycling.com\/sk\/2020\/06\/29\/mesacna-desiatka-v-juni-sa-uvolnovali-lady\/\",\"name\":\"Mesa\u010dn\u00e1 desiatka - v\u00a0j\u00fani sa uvo\u013e\u0148ovali \u013eady - \u0160koda We Love Cycling Slovensko\",\"isPartOf\":{\"@id\":\"https:\/\/www.welovecycling.com\/sk\/#website\"},\"primaryImageOfPage\":{\"@id\":\"https:\/\/www.welovecycling.com\/sk\/2020\/06\/29\/mesacna-desiatka-v-juni-sa-uvolnovali-lady\/#primaryimage\"},\"image\":{\"@id\":\"https:\/\/www.welovecycling.com\/sk\/2020\/06\/29\/mesacna-desiatka-v-juni-sa-uvolnovali-lady\/#primaryimage\"},\"thumbnailUrl\":\"https:\/\/d2p6e6u75xmxt8.cloudfront.net\/4\/2020\/06\/WLC_Mesa\u010dna_desiatka-jun_00.webp\",\"datePublished\":\"2020-06-29T09:00:31+00:00\",\"author\":{\"@id\":\"\"},\"breadcrumb\":{\"@id\":\"https:\/\/www.welovecycling.com\/sk\/2020\/06\/29\/mesacna-desiatka-v-juni-sa-uvolnovali-lady\/#breadcrumb\"},\"inLanguage\":\"sk-SK\",\"potentialAction\":[{\"@type\":\"ReadAction\",\"target\":[\"https:\/\/www.welovecycling.com\/sk\/2020\/06\/29\/mesacna-desiatka-v-juni-sa-uvolnovali-lady\/\"]}]},{\"@type\":\"ImageObject\",\"inLanguage\":\"sk-SK\",\"@id\":\"https:\/\/www.welovecycling.com\/sk\/2020\/06\/29\/mesacna-desiatka-v-juni-sa-uvolnovali-lady\/#primaryimage\",\"url\":\"https:\/\/d2p6e6u75xmxt8.cloudfront.net\/4\/2020\/06\/WLC_Mesa\u010dna_desiatka-jun_00.webp\",\"contentUrl\":\"https:\/\/d2p6e6u75xmxt8.cloudfront.net\/4\/2020\/06\/WLC_Mesa\u010dna_desiatka-jun_00.webp\",\"width\":1380,\"height\":600,\"caption\":\"Zdroj fotografie: pixabay.com\"},{\"@type\":\"BreadcrumbList\",\"@id\":\"https:\/\/www.welovecycling.com\/sk\/2020\/06\/29\/mesacna-desiatka-v-juni-sa-uvolnovali-lady\/#breadcrumb\",\"itemListElement\":[{\"@type\":\"ListItem\",\"position\":1,\"name\":\"Home\",\"item\":\"https:\/\/www.welovecycling.com\/sk\/\"},{\"@type\":\"ListItem\",\"position\":2,\"name\":\"Mesa\u010dn\u00e1 desiatka &#8211; v\u00a0j\u00fani sa uvo\u013e\u0148ovali \u013eady\"}]},{\"@type\":\"WebSite\",\"@id\":\"https:\/\/www.welovecycling.com\/sk\/#website\",\"url\":\"https:\/\/www.welovecycling.com\/sk\/\",\"name\":\"\u0160koda We Love Cycling Slovensko\",\"description\":\"\u0160koda We Love Cycling Slovensko je v\u00e1\u0161 ka\u017edodenn\u00fd zdroj noviniek a in\u0161pir\u00e1cie z sveta cyklistiky\",\"potentialAction\":[{\"@type\":\"SearchAction\",\"target\":{\"@type\":\"EntryPoint\",\"urlTemplate\":\"https:\/\/www.welovecycling.com\/sk\/?s={search_term_string}\"},\"query-input\":{\"@type\":\"PropertyValueSpecification\",\"valueRequired\":true,\"valueName\":\"search_term_string\"}}],\"inLanguage\":\"sk-SK\"},{\"@type\":\"Person\",\"@id\":\"\",\"url\":\"https:\/\/www.welovecycling.com\/sk\/author\/\"}]}<\/script>\n<!-- \/ Yoast SEO Premium plugin. -->","yoast_head_json":{"title":"Mesa\u010dn\u00e1 desiatka - v\u00a0j\u00fani sa uvo\u013e\u0148ovali \u013eady - \u0160koda We Love Cycling Slovensko","robots":{"index":"index","follow":"follow","max-snippet":"max-snippet:-1","max-image-preview":"max-image-preview:large","max-video-preview":"max-video-preview:-1"},"canonical":"https:\/\/www.welovecycling.com\/sk\/2020\/06\/29\/mesacna-desiatka-v-juni-sa-uvolnovali-lady\/","og_locale":"sk_SK","og_type":"article","og_title":"Mesa\u010dn\u00e1 desiatka - v\u00a0j\u00fani sa uvo\u013e\u0148ovali \u013eady","og_description":"Aj ke\u010f sme sa e\u0161te pred p\u00e1r mesiacmi te\u0161ili na da\u017ede, ktor\u00e9 o\u017eivia pr\u00edrodu a\u00a0zvl\u00e1\u010dnia horsk\u00e9 traily, j\u00fanov\u00e9 preh\u00e1nky boli [&hellip;]","og_url":"https:\/\/www.welovecycling.com\/sk\/2020\/06\/29\/mesacna-desiatka-v-juni-sa-uvolnovali-lady\/","og_site_name":"\u0160koda We Love Cycling Slovensko","article_published_time":"2020-06-29T09:00:31+00:00","og_image":[{"width":1380,"height":600,"url":"https:\/\/d2p6e6u75xmxt8.cloudfront.net\/4\/2020\/06\/WLC_Mesa\u010dna_desiatka-jun_00.webp","type":"image\/webp"}],"twitter_card":"summary_large_image","twitter_misc":{"Written by":"WeLoveCycling","Est. reading time":"5"},"schema":{"@context":"https:\/\/schema.org","@graph":[{"@type":"WebPage","@id":"https:\/\/www.welovecycling.com\/sk\/2020\/06\/29\/mesacna-desiatka-v-juni-sa-uvolnovali-lady\/","url":"https:\/\/www.welovecycling.com\/sk\/2020\/06\/29\/mesacna-desiatka-v-juni-sa-uvolnovali-lady\/","name":"Mesa\u010dn\u00e1 desiatka - v\u00a0j\u00fani sa uvo\u013e\u0148ovali \u013eady - \u0160koda We Love Cycling Slovensko","isPartOf":{"@id":"https:\/\/www.welovecycling.com\/sk\/#website"},"primaryImageOfPage":{"@id":"https:\/\/www.welovecycling.com\/sk\/2020\/06\/29\/mesacna-desiatka-v-juni-sa-uvolnovali-lady\/#primaryimage"},"image":{"@id":"https:\/\/www.welovecycling.com\/sk\/2020\/06\/29\/mesacna-desiatka-v-juni-sa-uvolnovali-lady\/#primaryimage"},"thumbnailUrl":"https:\/\/d2p6e6u75xmxt8.cloudfront.net\/4\/2020\/06\/WLC_Mesa\u010dna_desiatka-jun_00.webp","datePublished":"2020-06-29T09:00:31+00:00","author":{"@id":""},"breadcrumb":{"@id":"https:\/\/www.welovecycling.com\/sk\/2020\/06\/29\/mesacna-desiatka-v-juni-sa-uvolnovali-lady\/#breadcrumb"},"inLanguage":"sk-SK","potentialAction":[{"@type":"ReadAction","target":["https:\/\/www.welovecycling.com\/sk\/2020\/06\/29\/mesacna-desiatka-v-juni-sa-uvolnovali-lady\/"]}]},{"@type":"ImageObject","inLanguage":"sk-SK","@id":"https:\/\/www.welovecycling.com\/sk\/2020\/06\/29\/mesacna-desiatka-v-juni-sa-uvolnovali-lady\/#primaryimage","url":"https:\/\/d2p6e6u75xmxt8.cloudfront.net\/4\/2020\/06\/WLC_Mesa\u010dna_desiatka-jun_00.webp","contentUrl":"https:\/\/d2p6e6u75xmxt8.cloudfront.net\/4\/2020\/06\/WLC_Mesa\u010dna_desiatka-jun_00.webp","width":1380,"height":600,"caption":"Zdroj fotografie: pixabay.com"},{"@type":"BreadcrumbList","@id":"https:\/\/www.welovecycling.com\/sk\/2020\/06\/29\/mesacna-desiatka-v-juni-sa-uvolnovali-lady\/#breadcrumb","itemListElement":[{"@type":"ListItem","position":1,"name":"Home","item":"https:\/\/www.welovecycling.com\/sk\/"},{"@type":"ListItem","position":2,"name":"Mesa\u010dn\u00e1 desiatka &#8211; v\u00a0j\u00fani sa uvo\u013e\u0148ovali \u013eady"}]},{"@type":"WebSite","@id":"https:\/\/www.welovecycling.com\/sk\/#website","url":"https:\/\/www.welovecycling.com\/sk\/","name":"\u0160koda We Love Cycling Slovensko","description":"\u0160koda We Love Cycling Slovensko je v\u00e1\u0161 ka\u017edodenn\u00fd zdroj noviniek a in\u0161pir\u00e1cie z sveta cyklistiky","potentialAction":[{"@type":"SearchAction","target":{"@type":"EntryPoint","urlTemplate":"https:\/\/www.welovecycling.com\/sk\/?s={search_term_string}"},"query-input":{"@type":"PropertyValueSpecification","valueRequired":true,"valueName":"search_term_string"}}],"inLanguage":"sk-SK"},{"@type":"Person","@id":"","url":"https:\/\/www.welovecycling.com\/sk\/author\/"}]}},"_links":{"self":[{"href":"https:\/\/www.welovecycling.com\/sk\/wp-json\/wp\/v2\/posts\/10235","targetHints":{"allow":["GET"]}}],"collection":[{"href":"https:\/\/www.welovecycling.com\/sk\/wp-json\/wp\/v2\/posts"}],"about":[{"href":"https:\/\/www.welovecycling.com\/sk\/wp-json\/wp\/v2\/types\/post"}],"author":[{"embeddable":true,"href":"https:\/\/www.welovecycling.com\/sk\/wp-json\/wp\/v2\/users\/81"}],"replies":[{"embeddable":true,"href":"https:\/\/www.welovecycling.com\/sk\/wp-json\/wp\/v2\/comments?post=10235"}],"version-history":[{"count":2,"href":"https:\/\/www.welovecycling.com\/sk\/wp-json\/wp\/v2\/posts\/10235\/revisions"}],"predecessor-version":[{"id":10245,"href":"https:\/\/www.welovecycling.com\/sk\/wp-json\/wp\/v2\/posts\/10235\/revisions\/10245"}],"wp:featuredmedia":[{"embeddable":true,"href":"https:\/\/www.welovecycling.com\/sk\/wp-json\/wp\/v2\/media\/10241"}],"wp:attachment":[{"href":"https:\/\/www.welovecycling.com\/sk\/wp-json\/wp\/v2\/media?parent=10235"}],"wp:term":[{"taxonomy":"category","embeddable":true,"href":"https:\/\/www.welovecycling.com\/sk\/wp-json\/wp\/v2\/categories?post=10235"},{"taxonomy":"post_tag","embeddable":true,"href":"https:\/\/www.welovecycling.com\/sk\/wp-json\/wp\/v2\/tags?post=10235"},{"taxonomy":"global-categories","embeddable":true,"href":"https:\/\/www.welovecycling.com\/sk\/wp-json\/wp\/v2\/global-categories?post=10235"}],"curies":[{"name":"wp","href":"https:\/\/api.w.org\/{rel}","templated":true}]}}