{"id":10213,"date":"2020-07-10T10:00:27","date_gmt":"2020-07-10T08:00:27","guid":{"rendered":"https:\/\/www.welovecycling.com\/sk\/?p=10213"},"modified":"2020-07-06T11:32:48","modified_gmt":"2020-07-06T09:32:48","slug":"tip-na-vylet-slovensko-cesko-a-rakusko-na-jednej-kope","status":"publish","type":"post","link":"https:\/\/www.welovecycling.com\/sk\/2020\/07\/10\/tip-na-vylet-slovensko-cesko-a-rakusko-na-jednej-kope\/","title":{"rendered":"Tip na v\u00fdlet: Slovensko, \u010cesko a Rak\u00fasko na jednej kope"},"content":{"rendered":"<p><strong>Boli ste u\u017e niekedy na mieste, kde sa stret\u00e1vaj\u00fa tri \u0161t\u00e1ty? Jedno tak\u00e9 miesto je na Z\u00e1hor\u00ed &#8211; troj\u0161t\u00e1tie SK-CZ-AT. Jedn\u00fdm slovom super! V\u0161etky tri \u0161t\u00e1ty na &#8222;jednom mieste&#8220;. Nem\u00f4\u017eete s\u00edce preskakova\u0165 z jedn\u00e9ho do druh\u00e9ho, ale za to tam m\u00f4\u017eete pr\u00eds\u0165 na bicykloch.<\/strong><!--more--><\/p>\n<p>U\u017e dlho som tu chcela pr\u00eds\u0165, tu kde sa <strong>stret\u00e1va Dyje a Morava<\/strong> a je to miesto stretnutia troch \u0161t\u00e1tov, Slovenska &#8211; \u010ceska &#8211; Rak\u00faska. Tak som sa nakoniec rozhodla, \u017ee idem, aj s deckami a na bikoch, ako inak. <\/p>\n<p><a href=\"https:\/\/d2p6e6u75xmxt8.cloudfront.net\/4\/2020\/06\/Tip-na-vylet_01.jpg\"><img loading=\"lazy\" decoding=\"async\" src=\"https:\/\/d2p6e6u75xmxt8.cloudfront.net\/4\/2020\/06\/Tip-na-vylet_01.jpg\" alt=\"\" width=\"1200\" height=\"800\" class=\"alignnone size-full wp-image-10216\" \/><\/a><\/p>\n<p>Vyr\u00e1\u017eali sme z Mal\u00fdch Lev\u00e1rov, priamo pri cykloceste, pred policajn\u00fdm prez\u00eddiom sme zaparkovali a nemuseli sme sa b\u00e1\u0165, \u017ee by n\u00e1m vylopkovali auto, k\u00fdm ste na v\u00fdlete. Po cykloceste, okolo vodn\u00fdch stavidiel a vojensk\u00fdch bunkrov, a\u017e k cie\u013eu na\u0161ej cesty. Cestou tam som sa trochu potr\u00e1pila, ke\u010f sa mi do voz\u00edka <strong>opieral protivietor<\/strong> (a ja to tak nem\u00e1m rada ) a s kolenom 2 mesiace po oper\u00e1cii mal miestami m\u00f4j syn v\u00e4\u010d\u0161ie odhodlanie bikovat ako ja. Ale zasa sp\u00e4\u0165 som \u0161la s vetrom v chrbte ako kami\u00f3n. <\/p>\n<div id='gallery-1' class='gallery galleryid-10213 gallery-columns-2 gallery-size-full'><figure class='gallery-item'>\n\t\t\t<div class='gallery-icon landscape'>\n\t\t\t\t<a href='https:\/\/d2p6e6u75xmxt8.cloudfront.net\/4\/2020\/06\/Tip-na-vylet_02.webp'><img loading=\"lazy\" decoding=\"async\" width=\"1200\" height=\"800\" src=\"https:\/\/d2p6e6u75xmxt8.cloudfront.net\/4\/2020\/06\/Tip-na-vylet_02.webp\" class=\"attachment-full size-full\" alt=\"\" srcset=\"https:\/\/d2p6e6u75xmxt8.cloudfront.net\/4\/2020\/06\/Tip-na-vylet_02.webp 1200w, https:\/\/d2p6e6u75xmxt8.cloudfront.net\/4\/2020\/06\/Tip-na-vylet_02-300x200.webp 300w, https:\/\/d2p6e6u75xmxt8.cloudfront.net\/4\/2020\/06\/Tip-na-vylet_02-1024x683.webp 1024w, https:\/\/d2p6e6u75xmxt8.cloudfront.net\/4\/2020\/06\/Tip-na-vylet_02-768x512.webp 768w, https:\/\/d2p6e6u75xmxt8.cloudfront.net\/4\/2020\/06\/Tip-na-vylet_02-272x182.webp 272w\" sizes=\"auto, (max-width: 1200px) 100vw, 1200px\" \/><\/a>\n\t\t\t<\/div><\/figure><figure class='gallery-item'>\n\t\t\t<div class='gallery-icon landscape'>\n\t\t\t\t<a href='https:\/\/d2p6e6u75xmxt8.cloudfront.net\/4\/2020\/06\/Tip-na-vylet_03.webp'><img loading=\"lazy\" decoding=\"async\" width=\"1200\" height=\"800\" src=\"https:\/\/d2p6e6u75xmxt8.cloudfront.net\/4\/2020\/06\/Tip-na-vylet_03.webp\" class=\"attachment-full size-full\" alt=\"\" srcset=\"https:\/\/d2p6e6u75xmxt8.cloudfront.net\/4\/2020\/06\/Tip-na-vylet_03.webp 1200w, https:\/\/d2p6e6u75xmxt8.cloudfront.net\/4\/2020\/06\/Tip-na-vylet_03-300x200.webp 300w, https:\/\/d2p6e6u75xmxt8.cloudfront.net\/4\/2020\/06\/Tip-na-vylet_03-1024x683.webp 1024w, https:\/\/d2p6e6u75xmxt8.cloudfront.net\/4\/2020\/06\/Tip-na-vylet_03-768x512.webp 768w, https:\/\/d2p6e6u75xmxt8.cloudfront.net\/4\/2020\/06\/Tip-na-vylet_03-272x182.webp 272w\" sizes=\"auto, (max-width: 1200px) 100vw, 1200px\" \/><\/a>\n\t\t\t<\/div><\/figure>\n\t\t<\/div>\n\n<p>Trasa je kr\u00e1sna, nen\u00e1ro\u010dn\u00e1, <strong>30 km spolu, 15 m prev\u00fd\u0161enie<\/strong> (to m\u00e1m na z\u00e1hrade viac ?). Ak m\u00e1te z\u00e1ujem o vymetanie bunkrov, vrelo odpor\u00fa\u010dam. S\u00fa vo ve\u013emi dobrom stave, niektor\u00e9 dokonca ako keby boli pr\u00edle\u017eitostne pou\u017e\u00edvan\u00e9 &#8211; na\u0161li sme v jednom kachle a hor\u010dicu.<\/p>\n<div id='gallery-2' class='gallery galleryid-10213 gallery-columns-2 gallery-size-full'><figure class='gallery-item'>\n\t\t\t<div class='gallery-icon landscape'>\n\t\t\t\t<a href='https:\/\/d2p6e6u75xmxt8.cloudfront.net\/4\/2020\/06\/Tip-na-vylet_222.webp'><img loading=\"lazy\" decoding=\"async\" width=\"1200\" height=\"800\" src=\"https:\/\/d2p6e6u75xmxt8.cloudfront.net\/4\/2020\/06\/Tip-na-vylet_222.webp\" class=\"attachment-full size-full\" alt=\"\" srcset=\"https:\/\/d2p6e6u75xmxt8.cloudfront.net\/4\/2020\/06\/Tip-na-vylet_222.webp 1200w, https:\/\/d2p6e6u75xmxt8.cloudfront.net\/4\/2020\/06\/Tip-na-vylet_222-300x200.webp 300w, https:\/\/d2p6e6u75xmxt8.cloudfront.net\/4\/2020\/06\/Tip-na-vylet_222-1024x683.webp 1024w, https:\/\/d2p6e6u75xmxt8.cloudfront.net\/4\/2020\/06\/Tip-na-vylet_222-768x512.webp 768w, https:\/\/d2p6e6u75xmxt8.cloudfront.net\/4\/2020\/06\/Tip-na-vylet_222-272x182.webp 272w\" sizes=\"auto, (max-width: 1200px) 100vw, 1200px\" \/><\/a>\n\t\t\t<\/div><\/figure><figure class='gallery-item'>\n\t\t\t<div class='gallery-icon landscape'>\n\t\t\t\t<a href='https:\/\/d2p6e6u75xmxt8.cloudfront.net\/4\/2020\/06\/Tip-na-vylet_10.webp'><img loading=\"lazy\" decoding=\"async\" width=\"1200\" height=\"800\" src=\"https:\/\/d2p6e6u75xmxt8.cloudfront.net\/4\/2020\/06\/Tip-na-vylet_10.webp\" class=\"attachment-full size-full\" alt=\"\" srcset=\"https:\/\/d2p6e6u75xmxt8.cloudfront.net\/4\/2020\/06\/Tip-na-vylet_10.webp 1200w, https:\/\/d2p6e6u75xmxt8.cloudfront.net\/4\/2020\/06\/Tip-na-vylet_10-300x200.webp 300w, https:\/\/d2p6e6u75xmxt8.cloudfront.net\/4\/2020\/06\/Tip-na-vylet_10-1024x683.webp 1024w, https:\/\/d2p6e6u75xmxt8.cloudfront.net\/4\/2020\/06\/Tip-na-vylet_10-768x512.webp 768w, https:\/\/d2p6e6u75xmxt8.cloudfront.net\/4\/2020\/06\/Tip-na-vylet_10-272x182.webp 272w\" sizes=\"auto, (max-width: 1200px) 100vw, 1200px\" \/><\/a>\n\t\t\t<\/div><\/figure>\n\t\t<\/div>\n\n<p>Po trase nie je \u017eiadne ob\u010derstvenie, ale na kri\u017eovatke asfaltky od Sek\u00fal je tabu\u013ea, \u017ee &#8222;bufet tam&#8220;, tak sk\u00faste pozrie\u0165. My sme mali v\u0161etko napakovan\u00e9 v cyklovoz\u00edku. <\/p>\n<div id='gallery-3' class='gallery galleryid-10213 gallery-columns-2 gallery-size-full'><figure class='gallery-item'>\n\t\t\t<div class='gallery-icon landscape'>\n\t\t\t\t<a href='https:\/\/d2p6e6u75xmxt8.cloudfront.net\/4\/2020\/06\/Tip-na-vylet_04.webp'><img loading=\"lazy\" decoding=\"async\" width=\"1200\" height=\"800\" src=\"https:\/\/d2p6e6u75xmxt8.cloudfront.net\/4\/2020\/06\/Tip-na-vylet_04.webp\" class=\"attachment-full size-full\" alt=\"\" srcset=\"https:\/\/d2p6e6u75xmxt8.cloudfront.net\/4\/2020\/06\/Tip-na-vylet_04.webp 1200w, https:\/\/d2p6e6u75xmxt8.cloudfront.net\/4\/2020\/06\/Tip-na-vylet_04-300x200.webp 300w, https:\/\/d2p6e6u75xmxt8.cloudfront.net\/4\/2020\/06\/Tip-na-vylet_04-1024x683.webp 1024w, https:\/\/d2p6e6u75xmxt8.cloudfront.net\/4\/2020\/06\/Tip-na-vylet_04-768x512.webp 768w, https:\/\/d2p6e6u75xmxt8.cloudfront.net\/4\/2020\/06\/Tip-na-vylet_04-272x182.webp 272w\" sizes=\"auto, (max-width: 1200px) 100vw, 1200px\" \/><\/a>\n\t\t\t<\/div><\/figure><figure class='gallery-item'>\n\t\t\t<div class='gallery-icon landscape'>\n\t\t\t\t<a href='https:\/\/d2p6e6u75xmxt8.cloudfront.net\/4\/2020\/06\/Tip-na-vylet_05.webp'><img loading=\"lazy\" decoding=\"async\" width=\"1200\" height=\"800\" src=\"https:\/\/d2p6e6u75xmxt8.cloudfront.net\/4\/2020\/06\/Tip-na-vylet_05.webp\" class=\"attachment-full size-full\" alt=\"\" srcset=\"https:\/\/d2p6e6u75xmxt8.cloudfront.net\/4\/2020\/06\/Tip-na-vylet_05.webp 1200w, https:\/\/d2p6e6u75xmxt8.cloudfront.net\/4\/2020\/06\/Tip-na-vylet_05-300x200.webp 300w, https:\/\/d2p6e6u75xmxt8.cloudfront.net\/4\/2020\/06\/Tip-na-vylet_05-1024x683.webp 1024w, https:\/\/d2p6e6u75xmxt8.cloudfront.net\/4\/2020\/06\/Tip-na-vylet_05-768x512.webp 768w, https:\/\/d2p6e6u75xmxt8.cloudfront.net\/4\/2020\/06\/Tip-na-vylet_05-272x182.webp 272w\" sizes=\"auto, (max-width: 1200px) 100vw, 1200px\" \/><\/a>\n\t\t\t<\/div><\/figure>\n\t\t<\/div>\n\n<p>Je tam aj cedu\u013eka \u201ccykloservis\u201d. Na trojmedz\u00ed je pekn\u00e9 miesto, lavi\u010dka, tabu\u013ea a divotvorn\u00e1 socha. Vrelo odpor\u00fa\u010dam. Trasa je dostupn\u00e1 na <a href=\"https:\/\/sk.mapy.cz\/s\/nuvonafuso\" rel=\"noopener noreferrer\" target=\"_blank\">tomto odkaze<\/a>.<\/p>\n<div id='gallery-4' class='gallery galleryid-10213 gallery-columns-2 gallery-size-full'><figure class='gallery-item'>\n\t\t\t<div class='gallery-icon landscape'>\n\t\t\t\t<a href='https:\/\/d2p6e6u75xmxt8.cloudfront.net\/4\/2020\/06\/Tip-na-vylet_06.webp'><img loading=\"lazy\" decoding=\"async\" width=\"1200\" height=\"800\" src=\"https:\/\/d2p6e6u75xmxt8.cloudfront.net\/4\/2020\/06\/Tip-na-vylet_06.webp\" class=\"attachment-full size-full\" alt=\"\" srcset=\"https:\/\/d2p6e6u75xmxt8.cloudfront.net\/4\/2020\/06\/Tip-na-vylet_06.webp 1200w, https:\/\/d2p6e6u75xmxt8.cloudfront.net\/4\/2020\/06\/Tip-na-vylet_06-300x200.webp 300w, https:\/\/d2p6e6u75xmxt8.cloudfront.net\/4\/2020\/06\/Tip-na-vylet_06-1024x683.webp 1024w, https:\/\/d2p6e6u75xmxt8.cloudfront.net\/4\/2020\/06\/Tip-na-vylet_06-768x512.webp 768w, https:\/\/d2p6e6u75xmxt8.cloudfront.net\/4\/2020\/06\/Tip-na-vylet_06-272x182.webp 272w\" sizes=\"auto, (max-width: 1200px) 100vw, 1200px\" \/><\/a>\n\t\t\t<\/div><\/figure><figure class='gallery-item'>\n\t\t\t<div class='gallery-icon landscape'>\n\t\t\t\t<a href='https:\/\/d2p6e6u75xmxt8.cloudfront.net\/4\/2020\/06\/Tip-na-vylet_07.webp'><img loading=\"lazy\" decoding=\"async\" width=\"1200\" height=\"800\" src=\"https:\/\/d2p6e6u75xmxt8.cloudfront.net\/4\/2020\/06\/Tip-na-vylet_07.webp\" class=\"attachment-full size-full\" alt=\"\" srcset=\"https:\/\/d2p6e6u75xmxt8.cloudfront.net\/4\/2020\/06\/Tip-na-vylet_07.webp 1200w, https:\/\/d2p6e6u75xmxt8.cloudfront.net\/4\/2020\/06\/Tip-na-vylet_07-300x200.webp 300w, https:\/\/d2p6e6u75xmxt8.cloudfront.net\/4\/2020\/06\/Tip-na-vylet_07-1024x683.webp 1024w, https:\/\/d2p6e6u75xmxt8.cloudfront.net\/4\/2020\/06\/Tip-na-vylet_07-768x512.webp 768w, https:\/\/d2p6e6u75xmxt8.cloudfront.net\/4\/2020\/06\/Tip-na-vylet_07-272x182.webp 272w\" sizes=\"auto, (max-width: 1200px) 100vw, 1200px\" \/><\/a>\n\t\t\t<\/div><\/figure>\n\t\t<\/div>\n\n<p>Ak idete na ces\u0165\u00e1ku, \u00fasek trasy medzi bodmi 2 a 4 na prilo\u017eenej mape, m\u00f4\u017eete \u00eds\u0165 po ceste a okolo bunkrov k bodu 5. Ja som cestu vyl\u00fa\u010dila, ke\u010f\u017ee bol so mnou p\u00e4\u0165ro\u010dn\u00fd syn na svojom biku. <strong>Je tam celkom prem\u00e1vka.<\/strong>\u00a0<\/p>\n<div id='gallery-5' class='gallery galleryid-10213 gallery-columns-2 gallery-size-full'><figure class='gallery-item'>\n\t\t\t<div class='gallery-icon landscape'>\n\t\t\t\t<a href='https:\/\/d2p6e6u75xmxt8.cloudfront.net\/4\/2020\/06\/Tip-na-vylet_08.webp'><img loading=\"lazy\" decoding=\"async\" width=\"1200\" height=\"800\" src=\"https:\/\/d2p6e6u75xmxt8.cloudfront.net\/4\/2020\/06\/Tip-na-vylet_08.webp\" class=\"attachment-full size-full\" alt=\"\" srcset=\"https:\/\/d2p6e6u75xmxt8.cloudfront.net\/4\/2020\/06\/Tip-na-vylet_08.webp 1200w, https:\/\/d2p6e6u75xmxt8.cloudfront.net\/4\/2020\/06\/Tip-na-vylet_08-300x200.webp 300w, https:\/\/d2p6e6u75xmxt8.cloudfront.net\/4\/2020\/06\/Tip-na-vylet_08-1024x683.webp 1024w, https:\/\/d2p6e6u75xmxt8.cloudfront.net\/4\/2020\/06\/Tip-na-vylet_08-768x512.webp 768w, https:\/\/d2p6e6u75xmxt8.cloudfront.net\/4\/2020\/06\/Tip-na-vylet_08-272x182.webp 272w\" sizes=\"auto, (max-width: 1200px) 100vw, 1200px\" \/><\/a>\n\t\t\t<\/div><\/figure><figure class='gallery-item'>\n\t\t\t<div class='gallery-icon landscape'>\n\t\t\t\t<a href='https:\/\/d2p6e6u75xmxt8.cloudfront.net\/4\/2020\/06\/Tip-na-vylet_15.webp'><img loading=\"lazy\" decoding=\"async\" width=\"1200\" height=\"800\" src=\"https:\/\/d2p6e6u75xmxt8.cloudfront.net\/4\/2020\/06\/Tip-na-vylet_15.webp\" class=\"attachment-full size-full\" alt=\"\" srcset=\"https:\/\/d2p6e6u75xmxt8.cloudfront.net\/4\/2020\/06\/Tip-na-vylet_15.webp 1200w, https:\/\/d2p6e6u75xmxt8.cloudfront.net\/4\/2020\/06\/Tip-na-vylet_15-300x200.webp 300w, https:\/\/d2p6e6u75xmxt8.cloudfront.net\/4\/2020\/06\/Tip-na-vylet_15-1024x683.webp 1024w, https:\/\/d2p6e6u75xmxt8.cloudfront.net\/4\/2020\/06\/Tip-na-vylet_15-768x512.webp 768w, https:\/\/d2p6e6u75xmxt8.cloudfront.net\/4\/2020\/06\/Tip-na-vylet_15-272x182.webp 272w\" sizes=\"auto, (max-width: 1200px) 100vw, 1200px\" \/><\/a>\n\t\t\t<\/div><\/figure>\n\t\t<\/div>\n\n<p>Cestu sp\u00e4\u0165 m\u00f4\u017eete zvoli\u0165 in\u00fa, ako cestu tam. Nasp\u00e4\u0165 m\u00f4\u017eete \u00eds\u0165 po lesnej (hr\u00e1dzovej) asfaltke &#8211; od bodu 5 na mape dolu &#8211; a napoj\u00edte sa bu\u010f v polovi\u010dke cyklocesty do Mal\u00fdch Lev\u00e1rov, alebo a\u017e v nich. T\u00fato trasu sme s\u00edce ne\u0161li, ale pokra\u010dovali sme cestou ju\u017ene od Mal\u00fdch Lev\u00e1rov. Tipujem, \u017ee to bude rovnak\u00e9 &#8211; kr\u00e1sne. <strong>Vid\u00edme sa v sedle bicykla.<\/strong><\/p>\n<p>Dana z <a href=\"https:\/\/outdoormamas.sk\" rel=\"noopener noreferrer\" target=\"_blank\">Outdoormamas<\/a><\/p>\n","protected":false},"excerpt":{"rendered":"<p>Boli ste u\u017e niekedy na mieste, kde sa stret\u00e1vaj\u00fa tri \u0161t\u00e1ty? Jedno tak\u00e9 miesto je na Z\u00e1hor\u00ed &#8211; troj\u0161t\u00e1tie SK-CZ-AT. [&hellip;]<\/p>\n","protected":false},"author":81,"featured_media":10215,"comment_status":"open","ping_status":"open","sticky":false,"template":"","format":"standard","meta":{"footnotes":""},"categories":[191],"tags":[559,619,540,115,448,518,53,54,598,509,523,741,508,183,475],"global-categories":[1074],"class_list":["post-10213","post","type-post","status-publish","format-standard","has-post-thumbnail","hentry","category-odporucame","tag-bicykel","tag-bicyklovanie","tag-ceska-republika","tag-cestna-cyklistika","tag-cyklotrasy","tag-cyklovozik","tag-deti","tag-detske-bicykle","tag-rakusko","tag-rodina","tag-slovensko","tag-tip-na-vylet","tag-vylet","tag-zabava","tag-zeny","global-categories-cycling"],"yoast_head":"<!-- This site is optimized with the Yoast SEO Premium plugin v25.3 (Yoast SEO v25.9) - https:\/\/yoast.com\/wordpress\/plugins\/seo\/ -->\n<title>Tip na v\u00fdlet: Slovensko, \u010cesko a Rak\u00fasko na jednej kope - \u0160koda We Love Cycling Slovensko<\/title>\n<meta name=\"robots\" content=\"index, follow, max-snippet:-1, max-image-preview:large, max-video-preview:-1\" \/>\n<link rel=\"canonical\" href=\"https:\/\/www.welovecycling.com\/sk\/2020\/07\/10\/tip-na-vylet-slovensko-cesko-a-rakusko-na-jednej-kope\/\" \/>\n<meta property=\"og:locale\" content=\"sk_SK\" \/>\n<meta property=\"og:type\" content=\"article\" \/>\n<meta property=\"og:title\" content=\"Tip na v\u00fdlet: Slovensko, \u010cesko a Rak\u00fasko na jednej kope\" \/>\n<meta property=\"og:description\" content=\"Boli ste u\u017e niekedy na mieste, kde sa stret\u00e1vaj\u00fa tri \u0161t\u00e1ty? Jedno tak\u00e9 miesto je na Z\u00e1hor\u00ed &#8211; troj\u0161t\u00e1tie SK-CZ-AT. [&hellip;]\" \/>\n<meta property=\"og:url\" content=\"https:\/\/www.welovecycling.com\/sk\/2020\/07\/10\/tip-na-vylet-slovensko-cesko-a-rakusko-na-jednej-kope\/\" \/>\n<meta property=\"og:site_name\" content=\"\u0160koda We Love Cycling Slovensko\" \/>\n<meta property=\"article:published_time\" content=\"2020-07-10T08:00:27+00:00\" \/>\n<meta property=\"og:image\" content=\"https:\/\/d2p6e6u75xmxt8.cloudfront.net\/4\/2020\/06\/Tip-na-vylet_00.webp\" \/>\n\t<meta property=\"og:image:width\" content=\"1380\" \/>\n\t<meta property=\"og:image:height\" content=\"600\" \/>\n\t<meta property=\"og:image:type\" content=\"image\/webp\" \/>\n<meta name=\"twitter:card\" content=\"summary_large_image\" \/>\n<meta name=\"twitter:label1\" content=\"Written by\" \/>\n\t<meta name=\"twitter:data1\" content=\"Dana Arvay\" \/>\n\t<meta name=\"twitter:label2\" content=\"Est. reading time\" \/>\n\t<meta name=\"twitter:data2\" content=\"2\" \/>\n<script type=\"application\/ld+json\" class=\"yoast-schema-graph\">{\"@context\":\"https:\/\/schema.org\",\"@graph\":[{\"@type\":\"WebPage\",\"@id\":\"https:\/\/www.welovecycling.com\/sk\/2020\/07\/10\/tip-na-vylet-slovensko-cesko-a-rakusko-na-jednej-kope\/\",\"url\":\"https:\/\/www.welovecycling.com\/sk\/2020\/07\/10\/tip-na-vylet-slovensko-cesko-a-rakusko-na-jednej-kope\/\",\"name\":\"Tip na v\u00fdlet: Slovensko, \u010cesko a Rak\u00fasko na jednej kope - \u0160koda We Love Cycling Slovensko\",\"isPartOf\":{\"@id\":\"https:\/\/www.welovecycling.com\/sk\/#website\"},\"primaryImageOfPage\":{\"@id\":\"https:\/\/www.welovecycling.com\/sk\/2020\/07\/10\/tip-na-vylet-slovensko-cesko-a-rakusko-na-jednej-kope\/#primaryimage\"},\"image\":{\"@id\":\"https:\/\/www.welovecycling.com\/sk\/2020\/07\/10\/tip-na-vylet-slovensko-cesko-a-rakusko-na-jednej-kope\/#primaryimage\"},\"thumbnailUrl\":\"https:\/\/d2p6e6u75xmxt8.cloudfront.net\/4\/2020\/06\/Tip-na-vylet_00.webp\",\"datePublished\":\"2020-07-10T08:00:27+00:00\",\"author\":{\"@id\":\"\"},\"breadcrumb\":{\"@id\":\"https:\/\/www.welovecycling.com\/sk\/2020\/07\/10\/tip-na-vylet-slovensko-cesko-a-rakusko-na-jednej-kope\/#breadcrumb\"},\"inLanguage\":\"sk-SK\",\"potentialAction\":[{\"@type\":\"ReadAction\",\"target\":[\"https:\/\/www.welovecycling.com\/sk\/2020\/07\/10\/tip-na-vylet-slovensko-cesko-a-rakusko-na-jednej-kope\/\"]}]},{\"@type\":\"ImageObject\",\"inLanguage\":\"sk-SK\",\"@id\":\"https:\/\/www.welovecycling.com\/sk\/2020\/07\/10\/tip-na-vylet-slovensko-cesko-a-rakusko-na-jednej-kope\/#primaryimage\",\"url\":\"https:\/\/d2p6e6u75xmxt8.cloudfront.net\/4\/2020\/06\/Tip-na-vylet_00.webp\",\"contentUrl\":\"https:\/\/d2p6e6u75xmxt8.cloudfront.net\/4\/2020\/06\/Tip-na-vylet_00.webp\",\"width\":1380,\"height\":600},{\"@type\":\"BreadcrumbList\",\"@id\":\"https:\/\/www.welovecycling.com\/sk\/2020\/07\/10\/tip-na-vylet-slovensko-cesko-a-rakusko-na-jednej-kope\/#breadcrumb\",\"itemListElement\":[{\"@type\":\"ListItem\",\"position\":1,\"name\":\"Home\",\"item\":\"https:\/\/www.welovecycling.com\/sk\/\"},{\"@type\":\"ListItem\",\"position\":2,\"name\":\"Tip na v\u00fdlet: Slovensko, \u010cesko a Rak\u00fasko na jednej kope\"}]},{\"@type\":\"WebSite\",\"@id\":\"https:\/\/www.welovecycling.com\/sk\/#website\",\"url\":\"https:\/\/www.welovecycling.com\/sk\/\",\"name\":\"\u0160koda We Love Cycling Slovensko\",\"description\":\"\u0160koda We Love Cycling Slovensko je v\u00e1\u0161 ka\u017edodenn\u00fd zdroj noviniek a in\u0161pir\u00e1cie z sveta cyklistiky\",\"potentialAction\":[{\"@type\":\"SearchAction\",\"target\":{\"@type\":\"EntryPoint\",\"urlTemplate\":\"https:\/\/www.welovecycling.com\/sk\/?s={search_term_string}\"},\"query-input\":{\"@type\":\"PropertyValueSpecification\",\"valueRequired\":true,\"valueName\":\"search_term_string\"}}],\"inLanguage\":\"sk-SK\"},{\"@type\":\"Person\",\"@id\":\"\",\"url\":\"https:\/\/www.welovecycling.com\/sk\/author\/\"}]}<\/script>\n<!-- \/ Yoast SEO Premium plugin. -->","yoast_head_json":{"title":"Tip na v\u00fdlet: Slovensko, \u010cesko a Rak\u00fasko na jednej kope - \u0160koda We Love Cycling Slovensko","robots":{"index":"index","follow":"follow","max-snippet":"max-snippet:-1","max-image-preview":"max-image-preview:large","max-video-preview":"max-video-preview:-1"},"canonical":"https:\/\/www.welovecycling.com\/sk\/2020\/07\/10\/tip-na-vylet-slovensko-cesko-a-rakusko-na-jednej-kope\/","og_locale":"sk_SK","og_type":"article","og_title":"Tip na v\u00fdlet: Slovensko, \u010cesko a Rak\u00fasko na jednej kope","og_description":"Boli ste u\u017e niekedy na mieste, kde sa stret\u00e1vaj\u00fa tri \u0161t\u00e1ty? Jedno tak\u00e9 miesto je na Z\u00e1hor\u00ed &#8211; troj\u0161t\u00e1tie SK-CZ-AT. [&hellip;]","og_url":"https:\/\/www.welovecycling.com\/sk\/2020\/07\/10\/tip-na-vylet-slovensko-cesko-a-rakusko-na-jednej-kope\/","og_site_name":"\u0160koda We Love Cycling Slovensko","article_published_time":"2020-07-10T08:00:27+00:00","og_image":[{"width":1380,"height":600,"url":"https:\/\/d2p6e6u75xmxt8.cloudfront.net\/4\/2020\/06\/Tip-na-vylet_00.webp","type":"image\/webp"}],"twitter_card":"summary_large_image","twitter_misc":{"Written by":"Dana Arvay","Est. reading time":"2"},"schema":{"@context":"https:\/\/schema.org","@graph":[{"@type":"WebPage","@id":"https:\/\/www.welovecycling.com\/sk\/2020\/07\/10\/tip-na-vylet-slovensko-cesko-a-rakusko-na-jednej-kope\/","url":"https:\/\/www.welovecycling.com\/sk\/2020\/07\/10\/tip-na-vylet-slovensko-cesko-a-rakusko-na-jednej-kope\/","name":"Tip na v\u00fdlet: Slovensko, \u010cesko a Rak\u00fasko na jednej kope - \u0160koda We Love Cycling Slovensko","isPartOf":{"@id":"https:\/\/www.welovecycling.com\/sk\/#website"},"primaryImageOfPage":{"@id":"https:\/\/www.welovecycling.com\/sk\/2020\/07\/10\/tip-na-vylet-slovensko-cesko-a-rakusko-na-jednej-kope\/#primaryimage"},"image":{"@id":"https:\/\/www.welovecycling.com\/sk\/2020\/07\/10\/tip-na-vylet-slovensko-cesko-a-rakusko-na-jednej-kope\/#primaryimage"},"thumbnailUrl":"https:\/\/d2p6e6u75xmxt8.cloudfront.net\/4\/2020\/06\/Tip-na-vylet_00.webp","datePublished":"2020-07-10T08:00:27+00:00","author":{"@id":""},"breadcrumb":{"@id":"https:\/\/www.welovecycling.com\/sk\/2020\/07\/10\/tip-na-vylet-slovensko-cesko-a-rakusko-na-jednej-kope\/#breadcrumb"},"inLanguage":"sk-SK","potentialAction":[{"@type":"ReadAction","target":["https:\/\/www.welovecycling.com\/sk\/2020\/07\/10\/tip-na-vylet-slovensko-cesko-a-rakusko-na-jednej-kope\/"]}]},{"@type":"ImageObject","inLanguage":"sk-SK","@id":"https:\/\/www.welovecycling.com\/sk\/2020\/07\/10\/tip-na-vylet-slovensko-cesko-a-rakusko-na-jednej-kope\/#primaryimage","url":"https:\/\/d2p6e6u75xmxt8.cloudfront.net\/4\/2020\/06\/Tip-na-vylet_00.webp","contentUrl":"https:\/\/d2p6e6u75xmxt8.cloudfront.net\/4\/2020\/06\/Tip-na-vylet_00.webp","width":1380,"height":600},{"@type":"BreadcrumbList","@id":"https:\/\/www.welovecycling.com\/sk\/2020\/07\/10\/tip-na-vylet-slovensko-cesko-a-rakusko-na-jednej-kope\/#breadcrumb","itemListElement":[{"@type":"ListItem","position":1,"name":"Home","item":"https:\/\/www.welovecycling.com\/sk\/"},{"@type":"ListItem","position":2,"name":"Tip na v\u00fdlet: Slovensko, \u010cesko a Rak\u00fasko na jednej kope"}]},{"@type":"WebSite","@id":"https:\/\/www.welovecycling.com\/sk\/#website","url":"https:\/\/www.welovecycling.com\/sk\/","name":"\u0160koda We Love Cycling Slovensko","description":"\u0160koda We Love Cycling Slovensko je v\u00e1\u0161 ka\u017edodenn\u00fd zdroj noviniek a in\u0161pir\u00e1cie z sveta cyklistiky","potentialAction":[{"@type":"SearchAction","target":{"@type":"EntryPoint","urlTemplate":"https:\/\/www.welovecycling.com\/sk\/?s={search_term_string}"},"query-input":{"@type":"PropertyValueSpecification","valueRequired":true,"valueName":"search_term_string"}}],"inLanguage":"sk-SK"},{"@type":"Person","@id":"","url":"https:\/\/www.welovecycling.com\/sk\/author\/"}]}},"_links":{"self":[{"href":"https:\/\/www.welovecycling.com\/sk\/wp-json\/wp\/v2\/posts\/10213","targetHints":{"allow":["GET"]}}],"collection":[{"href":"https:\/\/www.welovecycling.com\/sk\/wp-json\/wp\/v2\/posts"}],"about":[{"href":"https:\/\/www.welovecycling.com\/sk\/wp-json\/wp\/v2\/types\/post"}],"author":[{"embeddable":true,"href":"https:\/\/www.welovecycling.com\/sk\/wp-json\/wp\/v2\/users\/81"}],"replies":[{"embeddable":true,"href":"https:\/\/www.welovecycling.com\/sk\/wp-json\/wp\/v2\/comments?post=10213"}],"version-history":[{"count":2,"href":"https:\/\/www.welovecycling.com\/sk\/wp-json\/wp\/v2\/posts\/10213\/revisions"}],"predecessor-version":[{"id":10289,"href":"https:\/\/www.welovecycling.com\/sk\/wp-json\/wp\/v2\/posts\/10213\/revisions\/10289"}],"wp:featuredmedia":[{"embeddable":true,"href":"https:\/\/www.welovecycling.com\/sk\/wp-json\/wp\/v2\/media\/10215"}],"wp:attachment":[{"href":"https:\/\/www.welovecycling.com\/sk\/wp-json\/wp\/v2\/media?parent=10213"}],"wp:term":[{"taxonomy":"category","embeddable":true,"href":"https:\/\/www.welovecycling.com\/sk\/wp-json\/wp\/v2\/categories?post=10213"},{"taxonomy":"post_tag","embeddable":true,"href":"https:\/\/www.welovecycling.com\/sk\/wp-json\/wp\/v2\/tags?post=10213"},{"taxonomy":"global-categories","embeddable":true,"href":"https:\/\/www.welovecycling.com\/sk\/wp-json\/wp\/v2\/global-categories?post=10213"}],"curies":[{"name":"wp","href":"https:\/\/api.w.org\/{rel}","templated":true}]}}