{"id":10188,"date":"2020-07-20T08:00:58","date_gmt":"2020-07-20T06:00:58","guid":{"rendered":"https:\/\/www.welovecycling.com\/sk\/?p=10188"},"modified":"2020-07-16T11:14:19","modified_gmt":"2020-07-16T09:14:19","slug":"rozhovor-martin-svrcek-mlady-cestny-pretekar","status":"publish","type":"post","link":"https:\/\/www.welovecycling.com\/sk\/2020\/07\/20\/rozhovor-martin-svrcek-mlady-cestny-pretekar\/","title":{"rendered":"Rozhovor: Martin Svr\u010dek &#8211; mlad\u00fd cestn\u00fd pretek\u00e1r"},"content":{"rendered":"<p><strong>V\u00a0dne\u0161nom rozhovore si predstav\u00edme jednu zo slovensk\u00fdch n\u00e1dej\u00ed cestnej cyklistiky, Martina Svr\u010deka, ktor\u00fd po\u010das svojej kr\u00e1tkej kari\u00e9ry dok\u00e1zal triumfova\u0165 na nieko\u013ek\u00fdch prest\u00ed\u017enych podujatiach. I\u00a0ke\u010f Martin v\u00a0tomto roku osl\u00e1vil e\u0161te len 17. narodeniny, o\u00a0\u00faspechy nielen na dom\u00e1cich, ale predov\u0161etk\u00fdm na zahrani\u010dn\u00fdch pretekoch, nem\u00e1 n\u00fadzu.<\/strong><!--more--><\/p>\n<p><strong>Ahoj Martin, vedel by si sa n\u00e1m predstavi\u0165 &#8211; \u010do \u0165a charakterizuje a\u00a0\u010do m\u00e1\u0161 r\u00e1d?<\/strong><br \/>\n<em>Dobr\u00fd de\u0148, vol\u00e1m sa Martin Svr\u010dek, m\u00e1m 17 rokov a\u00a0pretek\u00e1m za Cys-akad\u00e9miu Petra Sagana. Jednozna\u010dne ma charakterizuje slovo ,,lenivos\u0165&#8220;. M\u00e1m r\u00e1d, ke\u010f m\u00f4\u017eem neru\u0161ene odpo\u010d\u00edva\u0165 a\u00a0ni\u010d nerobi\u0165, preto\u017ee pri \u0161porte, ak\u00fdm je cyklistika, je \u010dasu na odpo\u010dinok ve\u013emi m\u00e1lo, a\u00a0tak si u\u017e\u00edvam ka\u017ed\u00fa sekundu ni\u010dnerobenia.<\/em> <\/p>\n<figure id=\"attachment_10191\" aria-describedby=\"caption-attachment-10191\" style=\"width: 1200px\" class=\"wp-caption alignnone\"><a href=\"https:\/\/d2p6e6u75xmxt8.cloudfront.net\/4\/2020\/06\/WLC_Svrcek-rozhovor_01.jpg\"><img loading=\"lazy\" decoding=\"async\" src=\"https:\/\/d2p6e6u75xmxt8.cloudfront.net\/4\/2020\/06\/WLC_Svrcek-rozhovor_01.jpg\" alt=\"jmphoto\" width=\"1200\" height=\"800\" class=\"size-full wp-image-10191\" \/><\/a><figcaption id=\"caption-attachment-10191\" class=\"wp-caption-text\">Zdroj fotografie: jmphoto<\/figcaption><\/figure>\n<p><strong>Pam\u00e4t\u00e1\u0161 si e\u0161te na to, ako si sa vlastne k\u00a0tomuto \u0161portu dostal? Bola to jednozna\u010dn\u00e1 vo\u013eba, alebo si si musel vybra\u0165 medzi viacer\u00fdmi discipl\u00ednami?<\/strong><br \/>\n<em>Prv\u00fd \u0161port, ktor\u00e9mu som sa za\u010dal venova\u0165 naplno, bol hokej. Nesk\u00f4r za\u010dal bicyklova\u0165 m\u00f4j kamar\u00e1t z\u00a0hokeja a\u00a0ja som sa v\u010faka nemu za\u010dal tie\u017e pomaly viac a viac zauj\u00edma\u0165 o\u00a0cyklistiku. Onedlho na to som sa rozpr\u00e1val s\u00a0ocinom, ktor\u00fd s\u00e1m bicykloval, ke\u010f bol mlad\u00fd. Povedal mi, \u017ee to m\u00f4\u017eem sk\u00fasi\u0165. Popri hokeji som teda za\u010dal aj bicyklova\u0165 a\u00a0ke\u010f pri\u0161li prv\u00e9 v\u00fdsledky, tak som si vybral cyklistiku. No a\u00a0odvtedy sa naplno venujem neust\u00e1lemu \u0161liapaniu do ped\u00e1lov. \u263a<\/em><\/p>\n<p><strong>Po\u010das uplynul\u00fdch rokov si bol s\u00fa\u010das\u0165ou viacer\u00fdch klubov &#8211; Cys \u017dilina alebo neskor\u0161ia Akad\u00e9mia Petra Sagana. Ako vn\u00edma\u0161 p\u00f4sobenie v\u00a0nich &#8211; je lep\u0161ie by\u0165 s\u00fa\u010das\u0165ou klubu, ne\u017e tr\u00e9nova\u0165 s\u00e1m? Ako vieme, dostal si ponuku aj z\u00a0Holandska &#8211; kam by si sa chcel posun\u00fa\u0165 \u010falej?<\/strong><br \/>\n<em>Ja s\u00e1m sa riadim pravidlom, \u017ee ka\u017ed\u00fd by mal robi\u0165 to, \u010do mu sed\u00ed. U\u00a0m\u0148a samotn\u00e9ho sa to dos\u0165 \u010dasto men\u00ed: napr\u00edklad teraz &#8211; po\u010das pand\u00e9mie som si celkom za\u010dal vychutn\u00e1va\u0165 tr\u00e9novanie osamote. Av\u0161ak u\u017e som sa vr\u00e1til sp\u00e4\u0165 k\u00a0spolo\u010dn\u00e9mu tr\u00e9novaniu. V\u00a0na\u0161om klube m\u00e1me v\u00fdborn\u00e9 podmienky, za ktor\u00e9 som ve\u013emi v\u010fa\u010dn\u00fd. Len nie som \u00faplne stoto\u017enen\u00fd s\u00a0tr\u00e9ningov\u00fdm procesom. Mysl\u00edm si sk\u00f4r, \u017ee by sme sa u\u017e mali posun\u00fa\u0165 \u010falej a\u00a0nie zost\u00e1va\u0165 pri star\u00fdch tr\u00e9ningov\u00fdch met\u00f3dach, preto\u017ee ani vo svete nikto nesp\u00ed a\u00a0v\u0161etko st\u00e1le napreduje. \u00c1no, do Holandska som mal \u00eds\u0165, no dos\u0165 ma sklamalo, \u017ee by sa tam o\u00a0n\u00e1s nevedeli postara\u0165 &#8211; v\u0161etko sa muselo hradi\u0165 na vlastn\u00e9 n\u00e1klady, a\u00a0tak som sa rozhodol zosta\u0165 na Slovensku. Ur\u010dite by som sa nesk\u00f4r chcel dosta\u0165 niekam do zahrani\u010dia, aby som sa posunul, lebo na Slovensku to z\u00a0m\u00f4jho poh\u013eadu s\u00a0mu\u017eskou cyklistikou ve\u013emi ru\u017eovo nevyzer\u00e1.<\/em><\/p>\n<p><a href=\"https:\/\/d2p6e6u75xmxt8.cloudfront.net\/4\/2020\/06\/WLC_Svrcek-rozhovor_02.jpg\"><img loading=\"lazy\" decoding=\"async\" src=\"https:\/\/d2p6e6u75xmxt8.cloudfront.net\/4\/2020\/06\/WLC_Svrcek-rozhovor_02.jpg\" alt=\"\" width=\"1200\" height=\"800\" class=\"alignnone size-full wp-image-10194\" \/><\/a><br \/>\n<strong>Po\u010das nieko\u013ek\u00fdch rokov, ktor\u00e9 si str\u00e1vil na podujatiach svetovej \u00farovne, si u\u017e dok\u00e1zal z\u00edska\u0165 aj bronzov\u00fa medailu na Letnom eur\u00f3pskom olympijskom festivale ml\u00e1de\u017ee v\u00a0Baku v\u00a0roku 2019. Vedel by si n\u00e1m pribl\u00ed\u017ei\u0165 pr\u00edbeh, ktor\u00fd sa za t\u00fdmto \u00faspechom skr\u00fdva?<\/strong><br \/>\n<em>Cel\u00fd mesiac pred t\u00fdm sa mi jazdilo \u00fapln\u00e9 stra\u0161ne, naozaj, nevedel som \u00eds\u0165 ani v\u00a0pomalom tempe. Preteky by sa dali op\u00edsa\u0165 jedn\u00fdm slovom, a\u00a0to utrpenie. V\u00a0poslednom kole po 50 km som videl, \u017ee si nastupuj\u00fa Belgi\u010dan, Rus a\u00a0Talian. Tak som do tohto \u00faniku hne\u010f sko\u010dil, preto\u017ee som vedel, \u017ee to m\u00f4\u017ee by\u0165 ve\u013ek\u00e1 \u0161anca ako od\u00eds\u0165 &#8211; predsa len s\u00fa to siln\u00e9 cyklistick\u00e9 t\u00edmy. Napokon sa tak aj stalo a\u00a0tento \u00fanik vydr\u017eal a\u017e dokonca, kde to vyvrcholilo z\u00e1vere\u010dn\u00fdm \u0161printom 6-\u010dlennej skupiny. Mohol som za\u0161printova\u0165 aj lep\u0161ie, to je pravda, ale teraz to u\u017e nezmen\u00edm a\u00a0je to len tak\u00e9 ponau\u010denie pre sam\u00e9ho seba, \u017ee v\u017edy je potrebn\u00e9 da\u0165 zo seba v\u0161etko, aby som ni\u010d nesk\u00f4r nemusel \u013eutova\u0165. No s\u00a0t\u00fdm, ako to napokon dopadlo, som ve\u013emi spokojn\u00fd.<\/em><\/p>\n<p><strong>Ke\u010f\u017ee na svojom konte nem\u00e1\u0161 len \u00faspech z\u00a0Baku, ale ja viacero in\u00fdch (okrem in\u00e9ho aj ocenenie Zlat\u00fd ped\u00e1l v\u00a0kateg\u00f3rii Talent roka 2019). Ktor\u00e9 s\u00fa pre teba tie \u201enaj\u201c a\u00a0pre\u010do?<\/strong><br \/>\n<em>Pre m\u0148a je naj jednozna\u010dne Radjugentour v\u00a0Rak\u00fasku z\u00a0roku 2018, kde som vyhral 2 etapy a\u00a0skon\u010dil na 4. mieste v\u00a0celkovej klasifik\u00e1cii, aj napriek tomu, \u017ee som bol kadetom prv\u00fdm rokom. Najcennej\u0161ie s\u00fa preto, lebo pretek\u00e1r, ktor\u00fd vyhral celkov\u00fa klasifik\u00e1ciu, ned\u00e1vno podp\u00edsal zmluvu s\u00a0WorldTour t\u00edmom Sunweb.\u00a0Motivuje ma to k\u00a0tomu, \u017ee ak som ho dok\u00e1zal porazi\u0165, tak aj ja m\u00e1m \u0161ancu sa niekam dosta\u0165. Aspo\u0148 d\u00fafam.<\/em><\/p>\n<p><strong>S\u00fa\u010dasn\u00fd stav cyklistiky nie je povzbudiv\u00fd, ale po nieko\u013ek\u00fdch mesiacoch sa pomaly vracia do norm\u00e1lu &#8211; ako si tr\u00e1vil toto obdobie ty? Stalo sa po\u010das neho nie\u010do nepredv\u00eddan\u00e9, alebo \u0161lo v\u0161etko pod\u013ea pl\u00e1nu?<\/strong><br \/>\n<em>Tr\u00e9noval som cel\u00fd \u010das, v\u00f4bec som to nefl\u00e1kal, pr\u00e1ve naopak. Ve\u013emi ma bavilo jazdi\u0165 a motivovalo ma, \u017ee sa st\u00e1le r\u00fdchlej\u0161ie bl\u00ed\u017eia prv\u00e9 preteky. No a\u00a0dnes m\u00e1m u\u017e za sebou 2. kolo Slovensk\u00e9ho poh\u00e1ra, av\u0161ak v\u00f4bec to nedopadlo pod\u013ea mojich predst\u00e1v. Cel\u00fd \u010das po\u010das karant\u00e9ny sa mi jazdilo v\u00fdborne, i\u0161iel som aj nieko\u013ekokr\u00e1t \u010dasovku, ktor\u00fa chodievam ako formu testu. Dosiahol som o 1:34 min\u00faty lep\u0161\u00ed \u010das ako inokedy. Hovoril som si, \u017ee je to na dobrej ceste, ale v de\u0148 pretekov ma za\u010dali bolie\u0165 nohy, trochu som c\u00edtil hrdlo, tak\u017ee som nepodal ani svoj 50% v\u00fdkon. Nedokon\u010dil som teda Slovensk\u00fd poh\u00e1r, \u010do je ve\u013emi smutn\u00e9. Beriem to ako tak\u00e9 nakopnutie a\u00a0najv\u00e4\u010d\u0161ie podujatia s\u00fa e\u0161te v\u00a0nedoh\u013eadne.\u00a0Dovtedy svoju formu priprav\u00edm u\u017e d\u00fafam na 100 % v\u00fdsledok.<\/em><\/p>\n<p><strong>Sn\u00e1\u010f ka\u017ed\u00fd z\u00a0cyklistov m\u00e1 svoj vzor, ku ktor\u00e9mu vzhliadal a\u00a0motivoval sa n\u00edm. Kto je tvoj idol? <\/strong><br \/>\n<em>M\u00f4j idol je Pe\u0165o Sagan a\u00a0Remco Evenepoel. S\u00fa to ve\u013emi ve\u013ek\u00e9 osobnosti a\u00a0z\u00a0poh\u013eadu cyklistov &#8211; to u\u017e ani nehovor\u00edm.<\/em><\/p>\n<p><a href=\"https:\/\/d2p6e6u75xmxt8.cloudfront.net\/4\/2020\/06\/WLC_Svrcek-rozhovor_03.jpg\"><img loading=\"lazy\" decoding=\"async\" src=\"https:\/\/d2p6e6u75xmxt8.cloudfront.net\/4\/2020\/06\/WLC_Svrcek-rozhovor_03.jpg\" alt=\"\" width=\"1200\" height=\"800\" class=\"alignnone size-full wp-image-10195\" \/><\/a><\/p>\n<p><strong>\u010casto sa hovor\u00ed, \u017ee cyklistika je len jedna. Na Slovensku m\u00e1me podmienky a\u00a0aj z\u00e1zemie okrem cestnej, aj pre horsk\u00fa, cyklokros alebo dr\u00e1hov\u00fa cyklistiku. M\u00e1\u0161 s\u00a0nimi aj osobn\u00e9 sk\u00fasenosti?<\/strong><br \/>\n<em>Jasn\u00e9, vysk\u00fa\u0161al som v\u0161etko \u010di u\u017e horsk\u00e9 alebo dr\u00e1hu (dr\u00e1he sa st\u00e1le venujem ako doplnku), no aj pre m\u0148a je cyklistika len jedna a\u00a0to t\u00e1 cestn\u00e1. Horsk\u00e1 cyklistka mi i\u0161la najm\u00e4, ke\u010f som bol mlad\u0161\u00ed &#8211; to som sa aj nieko\u013ekokr\u00e1t z\u00fa\u010dastnil Majstrovstiev Eur\u00f3py, no dnes ma na tom u\u017e ni\u010d nel\u00e1ka.<\/em><\/p>\n<p><strong>Mnoh\u00ed z\u00a0n\u00e1s si nevedia predstavi\u0165, ako vyzer\u00e1 de\u0148 cyklistu, ktor\u00fd tento \u0161port rob\u00ed naplno. Vedel by si n\u00e1m pop\u00edsa\u0165 svoj harmonogram po\u010das be\u017en\u00e9ho d\u0148a?<\/strong><br \/>\n<em>M\u00e1m r\u00e1d syst\u00e9m vo veciach, a\u00a0tak m\u00e1m aj skoro presn\u00fd harmonogram. R\u00e1no sa zobud\u00edm, d\u00e1m si ra\u0148ajky, k\u00e1vu a\u00a0o\u00a010:00 idem na tr\u00e9ning. Z\u00a0tr\u00e9ningu pr\u00eddem tak okolo 14:00-14:30, d\u00e1m si sprchu BCAA (v\u00fd\u017eivov\u00e9 doplnky, pozn. red.) a\u00a0Reboots nohavice, kv\u00f4li regener\u00e1cii. Ke\u010f sa zregenerujem, idem sa najes\u0165. Rodi\u010dia u\u017e vedia, \u017ee ke\u010f chc\u00fa, aby som im s\u00a0nie\u010d\u00edm pomohol, musia po\u010dka\u0165 do 17:00. Naj\u010dastej\u0161ie kos\u00edm tr\u00e1vnik, alebo celej rodine opravujem bicykle a\u00a0to vedzte, \u017ee na\u0161a rodina je naozaj ve\u013ek\u00e1. \u010ci\u017ee u\u017e som zru\u010dn\u00fd takmer ako mechanik. Potom je na rade ve\u010dera, stre\u010ding a\u00a0idem spa\u0165.<\/em><\/p>\n<p><strong>Ako sa hovor\u00ed, nie len \u0161portom je \u010dlovek \u017eiv\u00fd. S\u00e1m si \u0161tudentom strednej \u0161koly a\u00a0pomaly sa bude\u0161 musie\u0165 rozhodn\u00fa\u0165, \u010do \u010falej. Stav\u00ed\u0161 to na profesion\u00e1lnu cyklistiku, alebo m\u00e1\u0161 aj nejak\u00e9 in\u00e9 pl\u00e1ny?<\/strong><br \/>\n<em>Jednozna\u010dne by som sa chcel venova\u0165 cyklistike. No m\u00e1m aj zadn\u00e9 dvierka, keby mi to nevy\u0161lo, chcel by som \u00eds\u0165 \u010falej \u0161tudova\u0165 na vysok\u00fa \u0161kolu.<\/em><\/p>\n<p><strong>\u010co \u0165a pri ka\u017edodennom vysadan\u00ed do sedla motivuje k\u00a0tomu, aby si to \u201enezabalil\u201c?<\/strong><br \/>\n<em>V\u00fdsledky a\u00a0dos\u0165 aj to, \u017ee by sa mi ove\u013ea viac p\u00e1\u010dil \u017eivot, v\u00a0ktorom by som len bicykloval a\u00a0tr\u00e9noval, ne\u017e sedel v\u00a0pr\u00e1ci 8 hod\u00edn a\u00a0m\u00e1val stereotypn\u00fd \u017eivot.<\/em><\/p>\n<p><strong>Ktor\u00e9 \u010dasti tvojho tr\u00e9ningu s\u00fa ob\u013e\u00faben\u00e9, a\u00a0ktor\u00e9 naopak nie?<\/strong><br \/>\n<em>Ve\u013emi r\u00e1d tr\u00e9nujem \u010dasovku a\u00a0posil\u0148ovanie &#8211; to ma bav\u00ed. Naopak, nem\u00e1m pr\u00edli\u0161 r\u00e1d \u0161printy do kopca, preto\u017ee potom ma v\u0161etko bol\u00ed &#8211; som v\u00a0kysl\u00edkovom dlhu a\u00a0dlho sa z\u00a0toho spam\u00e4t\u00e1vam.<\/em><\/p>\n<p><strong>Cyklisti sa pod\u013ea svojich fyziologick\u00fdch predispoz\u00edci\u00ed a\u00a0osobn\u00fdch schopnost\u00ed \u0161katu\u013ekuj\u00fa na \u0161print\u00e9rov, klasik\u00e1rov, vrch\u00e1rov \u010di ak\u00fdchsi univerz\u00e1lov a\u00a0mnoho in\u00fdch. Vedel by si sa s\u00e1m \u201eza\u0161katu\u013ekova\u0165\u201c ? ?<\/strong><br \/>\n<em>No u\u00a0m\u0148a je to ve\u013emi \u0165a\u017ek\u00e9, ke\u010f\u017ee postavu m\u00e1m na \u0161print\u00e9ra, ale \u0161print nie je moja najsilnej\u0161ia str\u00e1nka. Sk\u00f4r mi id\u00fa kopce a\u00a0\u010dasovky, tak\u017ee by som to zhrnul asi tak, \u017ee asi tak\u00fd univerz\u00e1lny jazdec.<\/em><\/p>\n<p><a href=\"https:\/\/d2p6e6u75xmxt8.cloudfront.net\/4\/2020\/06\/WLC_Svrcek-rozhovor_04.JPG.jpg\"><img loading=\"lazy\" decoding=\"async\" src=\"https:\/\/d2p6e6u75xmxt8.cloudfront.net\/4\/2020\/06\/WLC_Svrcek-rozhovor_04.JPG.jpg\" alt=\"\" width=\"1200\" height=\"800\" class=\"alignnone size-full wp-image-10196\" \/><\/a><\/p>\n<p><strong>Modern\u00e9 technol\u00f3gie sa nevyh\u00fdbaj\u00fa ani \u0161portom. V cestnej\u00a0cyklistike v\u00a0posledn\u00fdch rokoch pribudli kot\u00fa\u010dov\u00e9 brzdy, elektronick\u00e9 radenie, dokonca \u00edrsky t\u00edm Aqua Blue Sport pou\u017e\u00edval jednoprevodn\u00edk. Ako je to s\u00a0tebou a\u00a0t\u00fdmito novinkami &#8211; si rad\u0161ej z\u00e1stancom klasiky, alebo si otvoren\u00fd nov\u00fdm veciam?<\/strong><br \/>\n<em>R\u00e1d sk\u00fa\u0161am nov\u00e9 veci. Pod\u013ea m\u0148a s\u00fa kot\u00fa\u010dov\u00e9 brzdy aj elektrick\u00e9 radenie super (m\u00e1m ho aj na \u010dasovk\u00e1rskom bicykli a\u00a0za ni\u010d by som to nevymenil). Kot\u00fa\u010dov\u00e9 brzdy s\u00fa predov\u0161etk\u00fdm ove\u013ea \u00fa\u010dinnej\u0161ie v\u00a0da\u017edi, ne\u017e je to u\u00a0r\u00e1fkov\u00fdch b\u0155zd, tak\u017ee by mi v\u00f4bec nevadilo, keby boli s\u00fa\u010das\u0165ou m\u00f4jho bicykla.<\/em><\/p>\n<p><strong>Na \u010do na svojom bicykli ned\u00e1\u0161 dopusti\u0165? Je nejak\u00fd komponent, ku ktor\u00e9mu m\u00e1\u0161 osobitne bl\u00edzky vz\u0165ah?<\/strong><br \/>\n<em>Mysl\u00edm, \u017ee sk\u00f4r nie.<\/em><\/p>\n<p><strong>Je nie\u010do v\u00a0cestnej cyklistike, \u010do by si najrad\u0161ej zmenil &#8211; pravidl\u00e1, fungovanie cel\u00e9ho \u0161portu alebo nie\u010do in\u00e9?<\/strong><br \/>\n<em>Zatia\u013e mi v\u0161etko vyhovuje a\u00a0nemal som s ni\u010d\u00edm \u017eiaden probl\u00e9m, \u010di\u017ee by som v\u0161etko ponechal tak, ako to je.<\/em><\/p>\n<p><strong>Na koniec e\u0161te jedna ot\u00e1zka: Kde sa vid\u00ed\u0161 o\u00a0tak\u00fdch 5 rokov? Respekt\u00edve, \u010do by si chcel v\u00a0bl\u00edzkej bud\u00facnosti dosiahnu\u0165?<\/strong><br \/>\n<em>Moj\u00edm najbli\u017e\u0161\u00edm cie\u013eom je dosta\u0165 sa do formy a\u00a0vyhra\u0165 Majstrovstv\u00e1 Slovenskej republiky, \u010d\u00edm by som sa nominoval na Majstrovstv\u00e1 Eur\u00f3py a\u00a0Majstrovstv\u00e1 sveta, kde by som chcel skon\u010di\u0165 v\u00a0hodnoten\u00ed do 20. miesta. Hlavne sa chcem uk\u00e1za\u0165 a\u00a0pod\u00e1va\u0165 dobr\u00e9 v\u00fdsledky. Potom sa mi bude \u013eah\u0161ie kr\u00e1\u010da\u0165 svetom a\u00a0budem m\u00f4c\u0165 podp\u00edsa\u0165 zmluvu s\u00a0nejak\u00fdm mu\u017esk\u00fdm t\u00edmom, v\u00a0ktorom by som sa mohol \u010falej rozv\u00edja\u0165.<\/em><\/p>\n<p><strong>\u010eakujeme za rozhovor a\u00a0prajeme mno\u017estvo \u00faspechov!<\/strong><\/p>\n<p>(titulna fotografia: <a href=\"https:\/\/www.jmphoto.sk\" rel=\"noopener noreferrer\" target=\"_blank\">jmphoto<\/a>)<\/p>\n","protected":false},"excerpt":{"rendered":"<p>V\u00a0dne\u0161nom rozhovore si predstav\u00edme jednu zo slovensk\u00fdch n\u00e1dej\u00ed cestnej cyklistiky, Martina Svr\u010deka, ktor\u00fd po\u010das svojej kr\u00e1tkej kari\u00e9ry dok\u00e1zal triumfova\u0165 na [&hellip;]<\/p>\n","protected":false},"author":81,"featured_media":10189,"comment_status":"open","ping_status":"open","sticky":false,"template":"","format":"standard","meta":{"footnotes":""},"categories":[4],"tags":[559,619,275,115,487,597,546,222,767,600,501,523,753,55,318,44],"global-categories":[1074],"class_list":["post-10188","post","type-post","status-publish","format-standard","has-post-thumbnail","hentry","category-cestna-cyklisitika","tag-bicykel","tag-bicyklovanie","tag-cesta","tag-cestna-cyklistika","tag-cestny-bicykel","tag-cyklista","tag-cyklistika","tag-komponenty","tag-motivacia","tag-muzi","tag-rozhovor","tag-slovensko","tag-talent","tag-trening","tag-vyjazd","tag-vyziva","global-categories-cycling"],"yoast_head":"<!-- This site is optimized with the Yoast SEO Premium plugin v25.3 (Yoast SEO v25.9) - https:\/\/yoast.com\/wordpress\/plugins\/seo\/ -->\n<title>Rozhovor: Martin Svr\u010dek - mlad\u00fd cestn\u00fd pretek\u00e1r - \u0160koda We Love Cycling Slovensko<\/title>\n<meta name=\"robots\" content=\"index, follow, max-snippet:-1, max-image-preview:large, max-video-preview:-1\" \/>\n<link rel=\"canonical\" href=\"https:\/\/www.welovecycling.com\/sk\/2020\/07\/20\/rozhovor-martin-svrcek-mlady-cestny-pretekar\/\" \/>\n<meta property=\"og:locale\" content=\"sk_SK\" \/>\n<meta property=\"og:type\" content=\"article\" \/>\n<meta property=\"og:title\" content=\"Rozhovor: Martin Svr\u010dek - mlad\u00fd cestn\u00fd pretek\u00e1r\" \/>\n<meta property=\"og:description\" content=\"V\u00a0dne\u0161nom rozhovore si predstav\u00edme jednu zo slovensk\u00fdch n\u00e1dej\u00ed cestnej cyklistiky, Martina Svr\u010deka, ktor\u00fd po\u010das svojej kr\u00e1tkej kari\u00e9ry dok\u00e1zal triumfova\u0165 na [&hellip;]\" \/>\n<meta property=\"og:url\" content=\"https:\/\/www.welovecycling.com\/sk\/2020\/07\/20\/rozhovor-martin-svrcek-mlady-cestny-pretekar\/\" \/>\n<meta property=\"og:site_name\" content=\"\u0160koda We Love Cycling Slovensko\" \/>\n<meta property=\"article:published_time\" content=\"2020-07-20T06:00:58+00:00\" \/>\n<meta property=\"og:image\" content=\"https:\/\/d2p6e6u75xmxt8.cloudfront.net\/4\/2020\/06\/WLC_Svrcek-rozhovor_00.webp\" \/>\n\t<meta property=\"og:image:width\" content=\"1380\" \/>\n\t<meta property=\"og:image:height\" content=\"600\" \/>\n\t<meta property=\"og:image:type\" content=\"image\/webp\" \/>\n<meta name=\"twitter:card\" content=\"summary_large_image\" \/>\n<meta name=\"twitter:label1\" content=\"Written by\" \/>\n\t<meta name=\"twitter:data1\" content=\"WeLoveCycling\" \/>\n\t<meta name=\"twitter:label2\" content=\"Est. reading time\" \/>\n\t<meta name=\"twitter:data2\" content=\"8\" \/>\n<script type=\"application\/ld+json\" class=\"yoast-schema-graph\">{\"@context\":\"https:\/\/schema.org\",\"@graph\":[{\"@type\":\"WebPage\",\"@id\":\"https:\/\/www.welovecycling.com\/sk\/2020\/07\/20\/rozhovor-martin-svrcek-mlady-cestny-pretekar\/\",\"url\":\"https:\/\/www.welovecycling.com\/sk\/2020\/07\/20\/rozhovor-martin-svrcek-mlady-cestny-pretekar\/\",\"name\":\"Rozhovor: Martin Svr\u010dek - mlad\u00fd cestn\u00fd pretek\u00e1r - \u0160koda We Love Cycling Slovensko\",\"isPartOf\":{\"@id\":\"https:\/\/www.welovecycling.com\/sk\/#website\"},\"primaryImageOfPage\":{\"@id\":\"https:\/\/www.welovecycling.com\/sk\/2020\/07\/20\/rozhovor-martin-svrcek-mlady-cestny-pretekar\/#primaryimage\"},\"image\":{\"@id\":\"https:\/\/www.welovecycling.com\/sk\/2020\/07\/20\/rozhovor-martin-svrcek-mlady-cestny-pretekar\/#primaryimage\"},\"thumbnailUrl\":\"https:\/\/d2p6e6u75xmxt8.cloudfront.net\/4\/2020\/06\/WLC_Svrcek-rozhovor_00.webp\",\"datePublished\":\"2020-07-20T06:00:58+00:00\",\"author\":{\"@id\":\"\"},\"breadcrumb\":{\"@id\":\"https:\/\/www.welovecycling.com\/sk\/2020\/07\/20\/rozhovor-martin-svrcek-mlady-cestny-pretekar\/#breadcrumb\"},\"inLanguage\":\"sk-SK\",\"potentialAction\":[{\"@type\":\"ReadAction\",\"target\":[\"https:\/\/www.welovecycling.com\/sk\/2020\/07\/20\/rozhovor-martin-svrcek-mlady-cestny-pretekar\/\"]}]},{\"@type\":\"ImageObject\",\"inLanguage\":\"sk-SK\",\"@id\":\"https:\/\/www.welovecycling.com\/sk\/2020\/07\/20\/rozhovor-martin-svrcek-mlady-cestny-pretekar\/#primaryimage\",\"url\":\"https:\/\/d2p6e6u75xmxt8.cloudfront.net\/4\/2020\/06\/WLC_Svrcek-rozhovor_00.webp\",\"contentUrl\":\"https:\/\/d2p6e6u75xmxt8.cloudfront.net\/4\/2020\/06\/WLC_Svrcek-rozhovor_00.webp\",\"width\":1380,\"height\":600},{\"@type\":\"BreadcrumbList\",\"@id\":\"https:\/\/www.welovecycling.com\/sk\/2020\/07\/20\/rozhovor-martin-svrcek-mlady-cestny-pretekar\/#breadcrumb\",\"itemListElement\":[{\"@type\":\"ListItem\",\"position\":1,\"name\":\"Home\",\"item\":\"https:\/\/www.welovecycling.com\/sk\/\"},{\"@type\":\"ListItem\",\"position\":2,\"name\":\"Rozhovor: Martin Svr\u010dek &#8211; mlad\u00fd cestn\u00fd pretek\u00e1r\"}]},{\"@type\":\"WebSite\",\"@id\":\"https:\/\/www.welovecycling.com\/sk\/#website\",\"url\":\"https:\/\/www.welovecycling.com\/sk\/\",\"name\":\"\u0160koda We Love Cycling Slovensko\",\"description\":\"\u0160koda We Love Cycling Slovensko je v\u00e1\u0161 ka\u017edodenn\u00fd zdroj noviniek a in\u0161pir\u00e1cie z sveta cyklistiky\",\"potentialAction\":[{\"@type\":\"SearchAction\",\"target\":{\"@type\":\"EntryPoint\",\"urlTemplate\":\"https:\/\/www.welovecycling.com\/sk\/?s={search_term_string}\"},\"query-input\":{\"@type\":\"PropertyValueSpecification\",\"valueRequired\":true,\"valueName\":\"search_term_string\"}}],\"inLanguage\":\"sk-SK\"},{\"@type\":\"Person\",\"@id\":\"\",\"url\":\"https:\/\/www.welovecycling.com\/sk\/author\/\"}]}<\/script>\n<!-- \/ Yoast SEO Premium plugin. -->","yoast_head_json":{"title":"Rozhovor: Martin Svr\u010dek - mlad\u00fd cestn\u00fd pretek\u00e1r - \u0160koda We Love Cycling Slovensko","robots":{"index":"index","follow":"follow","max-snippet":"max-snippet:-1","max-image-preview":"max-image-preview:large","max-video-preview":"max-video-preview:-1"},"canonical":"https:\/\/www.welovecycling.com\/sk\/2020\/07\/20\/rozhovor-martin-svrcek-mlady-cestny-pretekar\/","og_locale":"sk_SK","og_type":"article","og_title":"Rozhovor: Martin Svr\u010dek - mlad\u00fd cestn\u00fd pretek\u00e1r","og_description":"V\u00a0dne\u0161nom rozhovore si predstav\u00edme jednu zo slovensk\u00fdch n\u00e1dej\u00ed cestnej cyklistiky, Martina Svr\u010deka, ktor\u00fd po\u010das svojej kr\u00e1tkej kari\u00e9ry dok\u00e1zal triumfova\u0165 na [&hellip;]","og_url":"https:\/\/www.welovecycling.com\/sk\/2020\/07\/20\/rozhovor-martin-svrcek-mlady-cestny-pretekar\/","og_site_name":"\u0160koda We Love Cycling Slovensko","article_published_time":"2020-07-20T06:00:58+00:00","og_image":[{"width":1380,"height":600,"url":"https:\/\/d2p6e6u75xmxt8.cloudfront.net\/4\/2020\/06\/WLC_Svrcek-rozhovor_00.webp","type":"image\/webp"}],"twitter_card":"summary_large_image","twitter_misc":{"Written by":"WeLoveCycling","Est. reading time":"8"},"schema":{"@context":"https:\/\/schema.org","@graph":[{"@type":"WebPage","@id":"https:\/\/www.welovecycling.com\/sk\/2020\/07\/20\/rozhovor-martin-svrcek-mlady-cestny-pretekar\/","url":"https:\/\/www.welovecycling.com\/sk\/2020\/07\/20\/rozhovor-martin-svrcek-mlady-cestny-pretekar\/","name":"Rozhovor: Martin Svr\u010dek - mlad\u00fd cestn\u00fd pretek\u00e1r - \u0160koda We Love Cycling Slovensko","isPartOf":{"@id":"https:\/\/www.welovecycling.com\/sk\/#website"},"primaryImageOfPage":{"@id":"https:\/\/www.welovecycling.com\/sk\/2020\/07\/20\/rozhovor-martin-svrcek-mlady-cestny-pretekar\/#primaryimage"},"image":{"@id":"https:\/\/www.welovecycling.com\/sk\/2020\/07\/20\/rozhovor-martin-svrcek-mlady-cestny-pretekar\/#primaryimage"},"thumbnailUrl":"https:\/\/d2p6e6u75xmxt8.cloudfront.net\/4\/2020\/06\/WLC_Svrcek-rozhovor_00.webp","datePublished":"2020-07-20T06:00:58+00:00","author":{"@id":""},"breadcrumb":{"@id":"https:\/\/www.welovecycling.com\/sk\/2020\/07\/20\/rozhovor-martin-svrcek-mlady-cestny-pretekar\/#breadcrumb"},"inLanguage":"sk-SK","potentialAction":[{"@type":"ReadAction","target":["https:\/\/www.welovecycling.com\/sk\/2020\/07\/20\/rozhovor-martin-svrcek-mlady-cestny-pretekar\/"]}]},{"@type":"ImageObject","inLanguage":"sk-SK","@id":"https:\/\/www.welovecycling.com\/sk\/2020\/07\/20\/rozhovor-martin-svrcek-mlady-cestny-pretekar\/#primaryimage","url":"https:\/\/d2p6e6u75xmxt8.cloudfront.net\/4\/2020\/06\/WLC_Svrcek-rozhovor_00.webp","contentUrl":"https:\/\/d2p6e6u75xmxt8.cloudfront.net\/4\/2020\/06\/WLC_Svrcek-rozhovor_00.webp","width":1380,"height":600},{"@type":"BreadcrumbList","@id":"https:\/\/www.welovecycling.com\/sk\/2020\/07\/20\/rozhovor-martin-svrcek-mlady-cestny-pretekar\/#breadcrumb","itemListElement":[{"@type":"ListItem","position":1,"name":"Home","item":"https:\/\/www.welovecycling.com\/sk\/"},{"@type":"ListItem","position":2,"name":"Rozhovor: Martin Svr\u010dek &#8211; mlad\u00fd cestn\u00fd pretek\u00e1r"}]},{"@type":"WebSite","@id":"https:\/\/www.welovecycling.com\/sk\/#website","url":"https:\/\/www.welovecycling.com\/sk\/","name":"\u0160koda We Love Cycling Slovensko","description":"\u0160koda We Love Cycling Slovensko je v\u00e1\u0161 ka\u017edodenn\u00fd zdroj noviniek a in\u0161pir\u00e1cie z sveta cyklistiky","potentialAction":[{"@type":"SearchAction","target":{"@type":"EntryPoint","urlTemplate":"https:\/\/www.welovecycling.com\/sk\/?s={search_term_string}"},"query-input":{"@type":"PropertyValueSpecification","valueRequired":true,"valueName":"search_term_string"}}],"inLanguage":"sk-SK"},{"@type":"Person","@id":"","url":"https:\/\/www.welovecycling.com\/sk\/author\/"}]}},"_links":{"self":[{"href":"https:\/\/www.welovecycling.com\/sk\/wp-json\/wp\/v2\/posts\/10188","targetHints":{"allow":["GET"]}}],"collection":[{"href":"https:\/\/www.welovecycling.com\/sk\/wp-json\/wp\/v2\/posts"}],"about":[{"href":"https:\/\/www.welovecycling.com\/sk\/wp-json\/wp\/v2\/types\/post"}],"author":[{"embeddable":true,"href":"https:\/\/www.welovecycling.com\/sk\/wp-json\/wp\/v2\/users\/81"}],"replies":[{"embeddable":true,"href":"https:\/\/www.welovecycling.com\/sk\/wp-json\/wp\/v2\/comments?post=10188"}],"version-history":[{"count":2,"href":"https:\/\/www.welovecycling.com\/sk\/wp-json\/wp\/v2\/posts\/10188\/revisions"}],"predecessor-version":[{"id":10352,"href":"https:\/\/www.welovecycling.com\/sk\/wp-json\/wp\/v2\/posts\/10188\/revisions\/10352"}],"wp:featuredmedia":[{"embeddable":true,"href":"https:\/\/www.welovecycling.com\/sk\/wp-json\/wp\/v2\/media\/10189"}],"wp:attachment":[{"href":"https:\/\/www.welovecycling.com\/sk\/wp-json\/wp\/v2\/media?parent=10188"}],"wp:term":[{"taxonomy":"category","embeddable":true,"href":"https:\/\/www.welovecycling.com\/sk\/wp-json\/wp\/v2\/categories?post=10188"},{"taxonomy":"post_tag","embeddable":true,"href":"https:\/\/www.welovecycling.com\/sk\/wp-json\/wp\/v2\/tags?post=10188"},{"taxonomy":"global-categories","embeddable":true,"href":"https:\/\/www.welovecycling.com\/sk\/wp-json\/wp\/v2\/global-categories?post=10188"}],"curies":[{"name":"wp","href":"https:\/\/api.w.org\/{rel}","templated":true}]}}