{"id":10167,"date":"2020-06-18T12:00:41","date_gmt":"2020-06-18T10:00:41","guid":{"rendered":"https:\/\/www.welovecycling.com\/sk\/?p=10167"},"modified":"2020-06-18T10:02:04","modified_gmt":"2020-06-18T08:02:04","slug":"pozvanka-detska-tour-petra-sagana-uz-tento-vikend","status":"publish","type":"post","link":"https:\/\/www.welovecycling.com\/sk\/2020\/06\/18\/pozvanka-detska-tour-petra-sagana-uz-tento-vikend\/","title":{"rendered":"Pozv\u00e1nka: Detsk\u00e1 Tour Petra Sagana u\u017e tento v\u00edkend"},"content":{"rendered":"<p><strong>Aj tento rok sa m\u00f4\u017eu v\u0161etky deti te\u0161i\u0165 na akciu vyhraden\u00fa v\u00fdlu\u010dne pre nich. Je \u0148ou Detsk\u00e1 Tour Petra Sagana, ktor\u00e1 sa op\u00e4\u0165 rozbehne u\u017e tento v\u00edkend,  21. j\u00fana, v Rajeckej Lesnej. No sm\u00fati\u0165 nemusia ani rodi\u010dia. T\u00ed m\u00f4\u017eu fandi\u0165 svoj\u00edm de\u0165om pri trati, podporova\u0165 ich a\u00a0str\u00e1vi\u0165 s\u00a0nimi pekn\u00fd de\u0148 v\u00a0pr\u00edrode.<\/strong><!--more--><\/p>\n<p>Situ\u00e1cia s pand\u00e9miou koronav\u00edrusu zru\u0161ila mnoh\u00e9 podujatia na Slovensku aj v zahrani\u010d\u00ed, no organiz\u00e1tori a\u00a0partneri Detskej Tour Petra Sagana sa nenechali znechuti\u0165 a\u00a0predsa len <strong>pripravili 5 k\u00f4l<\/strong>, na ktor\u00fdch si bud\u00fa m\u00f4c\u0165 deti zapreteka\u0165 a\u00a0str\u00e1vi\u0165 de\u0148 pln\u00fd \u0161portu v\u00a0sedle bicykla.<br \/>\n<div id='gallery-1' class='gallery galleryid-10167 gallery-columns-2 gallery-size-full'><figure class='gallery-item'>\n\t\t\t<div class='gallery-icon landscape'>\n\t\t\t\t<a href='https:\/\/d2p6e6u75xmxt8.cloudfront.net\/4\/2020\/06\/DTPS-2020_01.webp'><img loading=\"lazy\" decoding=\"async\" width=\"1200\" height=\"800\" src=\"https:\/\/d2p6e6u75xmxt8.cloudfront.net\/4\/2020\/06\/DTPS-2020_01.webp\" class=\"attachment-full size-full\" alt=\"\" srcset=\"https:\/\/d2p6e6u75xmxt8.cloudfront.net\/4\/2020\/06\/DTPS-2020_01.webp 1200w, https:\/\/d2p6e6u75xmxt8.cloudfront.net\/4\/2020\/06\/DTPS-2020_01-300x200.webp 300w, https:\/\/d2p6e6u75xmxt8.cloudfront.net\/4\/2020\/06\/DTPS-2020_01-1024x683.webp 1024w, https:\/\/d2p6e6u75xmxt8.cloudfront.net\/4\/2020\/06\/DTPS-2020_01-768x512.webp 768w, https:\/\/d2p6e6u75xmxt8.cloudfront.net\/4\/2020\/06\/DTPS-2020_01-272x182.webp 272w\" sizes=\"auto, (max-width: 1200px) 100vw, 1200px\" \/><\/a>\n\t\t\t<\/div><\/figure><figure class='gallery-item'>\n\t\t\t<div class='gallery-icon landscape'>\n\t\t\t\t<a href='https:\/\/d2p6e6u75xmxt8.cloudfront.net\/4\/2020\/06\/DTPS-2020_02.webp'><img loading=\"lazy\" decoding=\"async\" width=\"1200\" height=\"800\" src=\"https:\/\/d2p6e6u75xmxt8.cloudfront.net\/4\/2020\/06\/DTPS-2020_02.webp\" class=\"attachment-full size-full\" alt=\"\" srcset=\"https:\/\/d2p6e6u75xmxt8.cloudfront.net\/4\/2020\/06\/DTPS-2020_02.webp 1200w, https:\/\/d2p6e6u75xmxt8.cloudfront.net\/4\/2020\/06\/DTPS-2020_02-300x200.webp 300w, https:\/\/d2p6e6u75xmxt8.cloudfront.net\/4\/2020\/06\/DTPS-2020_02-1024x683.webp 1024w, https:\/\/d2p6e6u75xmxt8.cloudfront.net\/4\/2020\/06\/DTPS-2020_02-768x512.webp 768w, https:\/\/d2p6e6u75xmxt8.cloudfront.net\/4\/2020\/06\/DTPS-2020_02-272x182.webp 272w\" sizes=\"auto, (max-width: 1200px) 100vw, 1200px\" \/><\/a>\n\t\t\t<\/div><\/figure>\n\t\t<\/div>\n<\/p>\n<p>Tento rok sa va\u0161e ratolesti <strong>m\u00f4\u017eu te\u0161i\u0165 na tieto podujatia<\/strong>:<\/p>\n<p><strong>21. j\u00fana<\/strong> &#8211; Rajeck\u00e1 Lesn\u00e1<br \/>\n<strong>26. j\u00fala<\/strong> &#8211; Rimavsk\u00e1 Sobota<br \/>\n<strong>30. august<\/strong> &#8211; Stupava<br \/>\n<strong>19. september<\/strong> \u2013 \u017dilina<br \/>\n<strong>26. september<\/strong> &#8211; \u010cerven\u00fd Kl\u00e1\u0161tor<\/p>\n<div id='gallery-2' class='gallery galleryid-10167 gallery-columns-2 gallery-size-full'><figure class='gallery-item'>\n\t\t\t<div class='gallery-icon landscape'>\n\t\t\t\t<a href='https:\/\/d2p6e6u75xmxt8.cloudfront.net\/4\/2020\/06\/DTPS-2020_03.webp'><img loading=\"lazy\" decoding=\"async\" width=\"1200\" height=\"800\" src=\"https:\/\/d2p6e6u75xmxt8.cloudfront.net\/4\/2020\/06\/DTPS-2020_03.webp\" class=\"attachment-full size-full\" alt=\"\" srcset=\"https:\/\/d2p6e6u75xmxt8.cloudfront.net\/4\/2020\/06\/DTPS-2020_03.webp 1200w, https:\/\/d2p6e6u75xmxt8.cloudfront.net\/4\/2020\/06\/DTPS-2020_03-300x200.webp 300w, https:\/\/d2p6e6u75xmxt8.cloudfront.net\/4\/2020\/06\/DTPS-2020_03-1024x683.webp 1024w, https:\/\/d2p6e6u75xmxt8.cloudfront.net\/4\/2020\/06\/DTPS-2020_03-768x512.webp 768w, https:\/\/d2p6e6u75xmxt8.cloudfront.net\/4\/2020\/06\/DTPS-2020_03-272x182.webp 272w\" sizes=\"auto, (max-width: 1200px) 100vw, 1200px\" \/><\/a>\n\t\t\t<\/div><\/figure><figure class='gallery-item'>\n\t\t\t<div class='gallery-icon landscape'>\n\t\t\t\t<a href='https:\/\/d2p6e6u75xmxt8.cloudfront.net\/4\/2020\/06\/DTPS-2020_04.webp'><img loading=\"lazy\" decoding=\"async\" width=\"1200\" height=\"800\" src=\"https:\/\/d2p6e6u75xmxt8.cloudfront.net\/4\/2020\/06\/DTPS-2020_04.webp\" class=\"attachment-full size-full\" alt=\"\" srcset=\"https:\/\/d2p6e6u75xmxt8.cloudfront.net\/4\/2020\/06\/DTPS-2020_04.webp 1200w, https:\/\/d2p6e6u75xmxt8.cloudfront.net\/4\/2020\/06\/DTPS-2020_04-300x200.webp 300w, https:\/\/d2p6e6u75xmxt8.cloudfront.net\/4\/2020\/06\/DTPS-2020_04-1024x683.webp 1024w, https:\/\/d2p6e6u75xmxt8.cloudfront.net\/4\/2020\/06\/DTPS-2020_04-768x512.webp 768w, https:\/\/d2p6e6u75xmxt8.cloudfront.net\/4\/2020\/06\/DTPS-2020_04-272x182.webp 272w\" sizes=\"auto, (max-width: 1200px) 100vw, 1200px\" \/><\/a>\n\t\t\t<\/div><\/figure>\n\t\t<\/div>\n\n<h2><strong>\u010casovka v Rajeckej Lesnej \u2013 u\u017e tento v\u00edkend<\/strong><\/h2>\n<p>Prv\u00fdm kolom bude <strong>horsk\u00e1 \u010dasovka<\/strong>, ktor\u00e1 sa uskuto\u010dn\u00ed v bl\u00edzkosti Rajeckej Lesnej. Konkr\u00e9tne sa bude <strong>\u0161tartova\u0165 pri Chate \u017diar<\/strong>. Okrem samotn\u00fdch pretekov sa m\u00f4\u017eu \u00fa\u010dastn\u00edci a n\u00e1v\u0161tevn\u00edci te\u0161i\u0165 na program, v\u0161etko ale samozrejme v r\u00e1mci ochrann\u00fdch opatren\u00ed s d\u00f4razom na <strong>dodr\u017eiavanie hygienick\u00fdch pravidiel<\/strong>.<\/p>\n<p><a href=\"https:\/\/d2p6e6u75xmxt8.cloudfront.net\/4\/2020\/06\/DTPS-2020_05.jpg\"><img loading=\"lazy\" decoding=\"async\" src=\"https:\/\/d2p6e6u75xmxt8.cloudfront.net\/4\/2020\/06\/DTPS-2020_05.jpg\" alt=\"\" width=\"1200\" height=\"800\" class=\"size-full wp-image-10174\" \/><\/a><\/p>\n<h2><strong>Harmonogram<\/strong><\/h2>\n<p><strong>Sobota &#8211; 20. j\u00fana 2020<\/strong><br \/>\n17:00 &#8211; 18:00 &#8211; prezent\u00e1cia na Chate \u017diar<\/p>\n<p><strong>Nede\u013ea &#8211; 21. j\u00fana 2020<\/strong><br \/>\n09:00 &#8211; 14:00 &#8211; prezent\u00e1cia na Chate \u017diar<br \/>\n12:00 &#8211; \u0161tart kateg\u00f3rie Baby (r. 2016 a viac)<br \/>\n10:00 &#8211; 14:30 &#8211; \u0161tart pretek\u00e1rov v nasleduj\u00facich kateg\u00f3ri\u00e1ch<\/p>\n<h2><strong>Kateg\u00f3rie<\/strong><\/h2>\n<p>Star\u0161\u00ed \u017eiaci a \u017eia\u010dky 2006 \u2013 2007<br \/>\nMlad\u0161\u00ed \u017eiaci a \u017eia\u010dky 2008 &#8211; 2009<br \/>\nMini 2010 &#8211; 2011<br \/>\nMili 2012 &#8211; 2013<br \/>\nMikro 2014 &#8211; 2015<\/p>\n<p><a href=\"https:\/\/d2p6e6u75xmxt8.cloudfront.net\/4\/2020\/06\/DTPS-2020_06.jpg\"><img loading=\"lazy\" decoding=\"async\" src=\"https:\/\/d2p6e6u75xmxt8.cloudfront.net\/4\/2020\/06\/DTPS-2020_06.jpg\" alt=\"\" width=\"1200\" height=\"800\" class=\"alignnone size-full wp-image-10175\" \/><\/a><\/p>\n<p>Nem\u00e1te pl\u00e1ny na tento v\u00edkend? <strong>Detsk\u00e1 Tour Petra Sagana vypln\u00ed \u010das celej va\u0161e rodine.<\/strong> Deti si zas\u00fa\u0165a\u017eia, zajazdia si na bicykli a\u00a0vy ich pri tom m\u00f4\u017eete povzbudzova\u0165. Navy\u0161e si m\u00f4\u017eete zobra\u0165 bicykle aj pre seba a\u00a0po pretekoch si da\u0165 <strong>mal\u00fd rodinn\u00fd v\u00fdlet v\u00a0okol\u00ed Rajeckej Lesnej<\/strong>. Deti\u010dky bud\u00fa pln\u00e9 z\u00e1\u017eitkov a\u00a0tak zdravo a\u00a0pr\u00edjemne unaven\u00e9. D\u00fafame, \u017ee sa tento v\u00edkend stretneme na prvom kole Detskej Tour Petra Sagana.<\/p>\n<p>(zdroj fotografi\u00ed: Detsk\u00e1 Tour Petra Sagana)<\/p>\n","protected":false},"excerpt":{"rendered":"<p>Aj tento rok sa m\u00f4\u017eu v\u0161etky deti te\u0161i\u0165 na akciu vyhraden\u00fa v\u00fdlu\u010dne pre nich. Je \u0148ou Detsk\u00e1 Tour Petra Sagana, [&hellip;]<\/p>\n","protected":false},"author":81,"featured_media":10169,"comment_status":"open","ping_status":"open","sticky":false,"template":"","format":"standard","meta":{"footnotes":""},"categories":[51],"tags":[62,619,53,764,54,180,178,46,179,264,509,474,269,508],"global-categories":[1074],"class_list":["post-10167","post","type-post","status-publish","format-standard","has-post-thumbnail","hentry","category-deti-na-bicykloch","tag-bezpecnost","tag-bicyklovanie","tag-deti","tag-detska-tour-petra-sagana","tag-detske-bicykle","tag-horska-cyklistika","tag-maraton","tag-peter-sagan","tag-preteky","tag-prilba","tag-rodina","tag-rodinny-maraton","tag-vitaz","tag-vylet","global-categories-cycling"],"yoast_head":"<!-- This site is optimized with the Yoast SEO Premium plugin v25.3 (Yoast SEO v25.9) - https:\/\/yoast.com\/wordpress\/plugins\/seo\/ -->\n<title>Pozv\u00e1nka: Detsk\u00e1 Tour Petra Sagana u\u017e tento v\u00edkend - \u0160koda We Love Cycling Slovensko<\/title>\n<meta name=\"robots\" content=\"index, follow, max-snippet:-1, max-image-preview:large, max-video-preview:-1\" \/>\n<link rel=\"canonical\" href=\"https:\/\/www.welovecycling.com\/sk\/2020\/06\/18\/pozvanka-detska-tour-petra-sagana-uz-tento-vikend\/\" \/>\n<meta property=\"og:locale\" content=\"sk_SK\" \/>\n<meta property=\"og:type\" content=\"article\" \/>\n<meta property=\"og:title\" content=\"Pozv\u00e1nka: Detsk\u00e1 Tour Petra Sagana u\u017e tento v\u00edkend\" \/>\n<meta property=\"og:description\" content=\"Aj tento rok sa m\u00f4\u017eu v\u0161etky deti te\u0161i\u0165 na akciu vyhraden\u00fa v\u00fdlu\u010dne pre nich. Je \u0148ou Detsk\u00e1 Tour Petra Sagana, [&hellip;]\" \/>\n<meta property=\"og:url\" content=\"https:\/\/www.welovecycling.com\/sk\/2020\/06\/18\/pozvanka-detska-tour-petra-sagana-uz-tento-vikend\/\" \/>\n<meta property=\"og:site_name\" content=\"\u0160koda We Love Cycling Slovensko\" \/>\n<meta property=\"article:published_time\" content=\"2020-06-18T10:00:41+00:00\" \/>\n<meta property=\"og:image\" content=\"https:\/\/d2p6e6u75xmxt8.cloudfront.net\/4\/2020\/06\/DTPS-2020_00.webp\" \/>\n\t<meta property=\"og:image:width\" content=\"1380\" \/>\n\t<meta property=\"og:image:height\" content=\"600\" \/>\n\t<meta property=\"og:image:type\" content=\"image\/webp\" \/>\n<meta name=\"twitter:card\" content=\"summary_large_image\" \/>\n<meta name=\"twitter:label1\" content=\"Written by\" \/>\n\t<meta name=\"twitter:data1\" content=\"WeLoveCycling\" \/>\n\t<meta name=\"twitter:label2\" content=\"Est. reading time\" \/>\n\t<meta name=\"twitter:data2\" content=\"2\" \/>\n<script type=\"application\/ld+json\" class=\"yoast-schema-graph\">{\"@context\":\"https:\/\/schema.org\",\"@graph\":[{\"@type\":\"WebPage\",\"@id\":\"https:\/\/www.welovecycling.com\/sk\/2020\/06\/18\/pozvanka-detska-tour-petra-sagana-uz-tento-vikend\/\",\"url\":\"https:\/\/www.welovecycling.com\/sk\/2020\/06\/18\/pozvanka-detska-tour-petra-sagana-uz-tento-vikend\/\",\"name\":\"Pozv\u00e1nka: Detsk\u00e1 Tour Petra Sagana u\u017e tento v\u00edkend - \u0160koda We Love Cycling Slovensko\",\"isPartOf\":{\"@id\":\"https:\/\/www.welovecycling.com\/sk\/#website\"},\"primaryImageOfPage\":{\"@id\":\"https:\/\/www.welovecycling.com\/sk\/2020\/06\/18\/pozvanka-detska-tour-petra-sagana-uz-tento-vikend\/#primaryimage\"},\"image\":{\"@id\":\"https:\/\/www.welovecycling.com\/sk\/2020\/06\/18\/pozvanka-detska-tour-petra-sagana-uz-tento-vikend\/#primaryimage\"},\"thumbnailUrl\":\"https:\/\/d2p6e6u75xmxt8.cloudfront.net\/4\/2020\/06\/DTPS-2020_00.webp\",\"datePublished\":\"2020-06-18T10:00:41+00:00\",\"author\":{\"@id\":\"\"},\"breadcrumb\":{\"@id\":\"https:\/\/www.welovecycling.com\/sk\/2020\/06\/18\/pozvanka-detska-tour-petra-sagana-uz-tento-vikend\/#breadcrumb\"},\"inLanguage\":\"sk-SK\",\"potentialAction\":[{\"@type\":\"ReadAction\",\"target\":[\"https:\/\/www.welovecycling.com\/sk\/2020\/06\/18\/pozvanka-detska-tour-petra-sagana-uz-tento-vikend\/\"]}]},{\"@type\":\"ImageObject\",\"inLanguage\":\"sk-SK\",\"@id\":\"https:\/\/www.welovecycling.com\/sk\/2020\/06\/18\/pozvanka-detska-tour-petra-sagana-uz-tento-vikend\/#primaryimage\",\"url\":\"https:\/\/d2p6e6u75xmxt8.cloudfront.net\/4\/2020\/06\/DTPS-2020_00.webp\",\"contentUrl\":\"https:\/\/d2p6e6u75xmxt8.cloudfront.net\/4\/2020\/06\/DTPS-2020_00.webp\",\"width\":1380,\"height\":600},{\"@type\":\"BreadcrumbList\",\"@id\":\"https:\/\/www.welovecycling.com\/sk\/2020\/06\/18\/pozvanka-detska-tour-petra-sagana-uz-tento-vikend\/#breadcrumb\",\"itemListElement\":[{\"@type\":\"ListItem\",\"position\":1,\"name\":\"Home\",\"item\":\"https:\/\/www.welovecycling.com\/sk\/\"},{\"@type\":\"ListItem\",\"position\":2,\"name\":\"Pozv\u00e1nka: Detsk\u00e1 Tour Petra Sagana u\u017e tento v\u00edkend\"}]},{\"@type\":\"WebSite\",\"@id\":\"https:\/\/www.welovecycling.com\/sk\/#website\",\"url\":\"https:\/\/www.welovecycling.com\/sk\/\",\"name\":\"\u0160koda We Love Cycling Slovensko\",\"description\":\"\u0160koda We Love Cycling Slovensko je v\u00e1\u0161 ka\u017edodenn\u00fd zdroj noviniek a in\u0161pir\u00e1cie z sveta cyklistiky\",\"potentialAction\":[{\"@type\":\"SearchAction\",\"target\":{\"@type\":\"EntryPoint\",\"urlTemplate\":\"https:\/\/www.welovecycling.com\/sk\/?s={search_term_string}\"},\"query-input\":{\"@type\":\"PropertyValueSpecification\",\"valueRequired\":true,\"valueName\":\"search_term_string\"}}],\"inLanguage\":\"sk-SK\"},{\"@type\":\"Person\",\"@id\":\"\",\"url\":\"https:\/\/www.welovecycling.com\/sk\/author\/\"}]}<\/script>\n<!-- \/ Yoast SEO Premium plugin. -->","yoast_head_json":{"title":"Pozv\u00e1nka: Detsk\u00e1 Tour Petra Sagana u\u017e tento v\u00edkend - \u0160koda We Love Cycling Slovensko","robots":{"index":"index","follow":"follow","max-snippet":"max-snippet:-1","max-image-preview":"max-image-preview:large","max-video-preview":"max-video-preview:-1"},"canonical":"https:\/\/www.welovecycling.com\/sk\/2020\/06\/18\/pozvanka-detska-tour-petra-sagana-uz-tento-vikend\/","og_locale":"sk_SK","og_type":"article","og_title":"Pozv\u00e1nka: Detsk\u00e1 Tour Petra Sagana u\u017e tento v\u00edkend","og_description":"Aj tento rok sa m\u00f4\u017eu v\u0161etky deti te\u0161i\u0165 na akciu vyhraden\u00fa v\u00fdlu\u010dne pre nich. Je \u0148ou Detsk\u00e1 Tour Petra Sagana, [&hellip;]","og_url":"https:\/\/www.welovecycling.com\/sk\/2020\/06\/18\/pozvanka-detska-tour-petra-sagana-uz-tento-vikend\/","og_site_name":"\u0160koda We Love Cycling Slovensko","article_published_time":"2020-06-18T10:00:41+00:00","og_image":[{"width":1380,"height":600,"url":"https:\/\/d2p6e6u75xmxt8.cloudfront.net\/4\/2020\/06\/DTPS-2020_00.webp","type":"image\/webp"}],"twitter_card":"summary_large_image","twitter_misc":{"Written by":"WeLoveCycling","Est. reading time":"2"},"schema":{"@context":"https:\/\/schema.org","@graph":[{"@type":"WebPage","@id":"https:\/\/www.welovecycling.com\/sk\/2020\/06\/18\/pozvanka-detska-tour-petra-sagana-uz-tento-vikend\/","url":"https:\/\/www.welovecycling.com\/sk\/2020\/06\/18\/pozvanka-detska-tour-petra-sagana-uz-tento-vikend\/","name":"Pozv\u00e1nka: Detsk\u00e1 Tour Petra Sagana u\u017e tento v\u00edkend - \u0160koda We Love Cycling Slovensko","isPartOf":{"@id":"https:\/\/www.welovecycling.com\/sk\/#website"},"primaryImageOfPage":{"@id":"https:\/\/www.welovecycling.com\/sk\/2020\/06\/18\/pozvanka-detska-tour-petra-sagana-uz-tento-vikend\/#primaryimage"},"image":{"@id":"https:\/\/www.welovecycling.com\/sk\/2020\/06\/18\/pozvanka-detska-tour-petra-sagana-uz-tento-vikend\/#primaryimage"},"thumbnailUrl":"https:\/\/d2p6e6u75xmxt8.cloudfront.net\/4\/2020\/06\/DTPS-2020_00.webp","datePublished":"2020-06-18T10:00:41+00:00","author":{"@id":""},"breadcrumb":{"@id":"https:\/\/www.welovecycling.com\/sk\/2020\/06\/18\/pozvanka-detska-tour-petra-sagana-uz-tento-vikend\/#breadcrumb"},"inLanguage":"sk-SK","potentialAction":[{"@type":"ReadAction","target":["https:\/\/www.welovecycling.com\/sk\/2020\/06\/18\/pozvanka-detska-tour-petra-sagana-uz-tento-vikend\/"]}]},{"@type":"ImageObject","inLanguage":"sk-SK","@id":"https:\/\/www.welovecycling.com\/sk\/2020\/06\/18\/pozvanka-detska-tour-petra-sagana-uz-tento-vikend\/#primaryimage","url":"https:\/\/d2p6e6u75xmxt8.cloudfront.net\/4\/2020\/06\/DTPS-2020_00.webp","contentUrl":"https:\/\/d2p6e6u75xmxt8.cloudfront.net\/4\/2020\/06\/DTPS-2020_00.webp","width":1380,"height":600},{"@type":"BreadcrumbList","@id":"https:\/\/www.welovecycling.com\/sk\/2020\/06\/18\/pozvanka-detska-tour-petra-sagana-uz-tento-vikend\/#breadcrumb","itemListElement":[{"@type":"ListItem","position":1,"name":"Home","item":"https:\/\/www.welovecycling.com\/sk\/"},{"@type":"ListItem","position":2,"name":"Pozv\u00e1nka: Detsk\u00e1 Tour Petra Sagana u\u017e tento v\u00edkend"}]},{"@type":"WebSite","@id":"https:\/\/www.welovecycling.com\/sk\/#website","url":"https:\/\/www.welovecycling.com\/sk\/","name":"\u0160koda We Love Cycling Slovensko","description":"\u0160koda We Love Cycling Slovensko je v\u00e1\u0161 ka\u017edodenn\u00fd zdroj noviniek a in\u0161pir\u00e1cie z sveta cyklistiky","potentialAction":[{"@type":"SearchAction","target":{"@type":"EntryPoint","urlTemplate":"https:\/\/www.welovecycling.com\/sk\/?s={search_term_string}"},"query-input":{"@type":"PropertyValueSpecification","valueRequired":true,"valueName":"search_term_string"}}],"inLanguage":"sk-SK"},{"@type":"Person","@id":"","url":"https:\/\/www.welovecycling.com\/sk\/author\/"}]}},"_links":{"self":[{"href":"https:\/\/www.welovecycling.com\/sk\/wp-json\/wp\/v2\/posts\/10167","targetHints":{"allow":["GET"]}}],"collection":[{"href":"https:\/\/www.welovecycling.com\/sk\/wp-json\/wp\/v2\/posts"}],"about":[{"href":"https:\/\/www.welovecycling.com\/sk\/wp-json\/wp\/v2\/types\/post"}],"author":[{"embeddable":true,"href":"https:\/\/www.welovecycling.com\/sk\/wp-json\/wp\/v2\/users\/81"}],"replies":[{"embeddable":true,"href":"https:\/\/www.welovecycling.com\/sk\/wp-json\/wp\/v2\/comments?post=10167"}],"version-history":[{"count":2,"href":"https:\/\/www.welovecycling.com\/sk\/wp-json\/wp\/v2\/posts\/10167\/revisions"}],"predecessor-version":[{"id":10187,"href":"https:\/\/www.welovecycling.com\/sk\/wp-json\/wp\/v2\/posts\/10167\/revisions\/10187"}],"wp:featuredmedia":[{"embeddable":true,"href":"https:\/\/www.welovecycling.com\/sk\/wp-json\/wp\/v2\/media\/10169"}],"wp:attachment":[{"href":"https:\/\/www.welovecycling.com\/sk\/wp-json\/wp\/v2\/media?parent=10167"}],"wp:term":[{"taxonomy":"category","embeddable":true,"href":"https:\/\/www.welovecycling.com\/sk\/wp-json\/wp\/v2\/categories?post=10167"},{"taxonomy":"post_tag","embeddable":true,"href":"https:\/\/www.welovecycling.com\/sk\/wp-json\/wp\/v2\/tags?post=10167"},{"taxonomy":"global-categories","embeddable":true,"href":"https:\/\/www.welovecycling.com\/sk\/wp-json\/wp\/v2\/global-categories?post=10167"}],"curies":[{"name":"wp","href":"https:\/\/api.w.org\/{rel}","templated":true}]}}