{"id":1016,"date":"2017-06-07T19:35:23","date_gmt":"2017-06-07T17:35:23","guid":{"rendered":"https:\/\/www.welovecycling.com\/sk\/?p=1016"},"modified":"2017-12-18T13:12:21","modified_gmt":"2017-12-18T12:12:21","slug":"okolo-slovenska-startuje-v-levoci","status":"publish","type":"post","link":"https:\/\/www.welovecycling.com\/sk\/2017\/06\/07\/okolo-slovenska-startuje-v-levoci\/","title":{"rendered":"Okolo Slovenska \u0161tartuje v&nbsp;Levo\u010di! 5&nbsp;dn\u00ed cyklistiky na&nbsp;slovensk\u00fd sp\u00f4sob"},"content":{"rendered":"<p><strong>V t\u00fdchto d\u0148och prebieha 61. ro\u010dn\u00edk medzin\u00e1rodn\u00fdch cyklistick\u00fdch pretekov Okolo Slovenska. Ako dlhoro\u010dn\u00fd partner tohto podujatia budeme op\u00e4\u0165 pri tom a v\u0161etk\u00fdch v\u00e1s srde\u010dne poz\u00fdvame: \u010di u\u017e ako div\u00e1kov, alebo si v nede\u013eu vysk\u00fa\u0161ajte k\u00fasok trate na bicykli.<\/strong> <!--more--><\/p>\n<p>Aktu\u00e1lne dianie z pretekov m\u00f4\u017eete sledova\u0165 na <strong><a href=\"https:\/\/www.facebook.com\/Okolo-Slovenska-203986166309340\" target=\"_blank\" rel=\"noopener noreferrer\">Facebooku<\/a><\/strong> a v\u0161etko podstatn\u00e9 n\u00e1jdete taktie\u017e na str\u00e1nke <strong><a href=\"http:\/\/www.okoloslovenska.com\/?utm_source=welovecycling&amp;utm_medium=clanok&amp;utm_content=pozvanka-okoloslovenska\" target=\"_blank\" rel=\"noopener noreferrer\">okoloslovenska.com<\/a><\/strong>.<\/p>\n<p>Jazdci po\u010das piatich et\u00e1p zav\u00edtaj\u00fa do skuto\u010dne kr\u00e1\u013eovsk\u00fdch miest.<\/p>\n<p>Okolo Slovenska (UCI 2.1) tento rok povedie perlami na\u0161ej hist\u00f3rie. Levo\u010da, Bansk\u00e1 Bystrica, Nitra a Trnava otvorili svoje br\u00e1ny 156 profesion\u00e1lom z 26 t\u00edmov r\u00f4znych k\u00fatov Eur\u00f3py i z\u00e1moria, aby na 762 kilometroch zabojovali o 14 vrch\u00e1rskych a 12 r\u00fdchlostn\u00fdch pr\u00e9mi\u00ed a rozdelili si spolu 738 bodov UCI a celkovo 30.455.- eur. A samozrejme, s\u00fa\u0165a\u017ei\u0165 sa bude aj o cenn\u00e9 dresy \u2013 \u017elt\u00fd dres l\u00eddra pretekov, modr\u00fd bodkovan\u00fd za r\u00fdchlostn\u00e9 pr\u00e9mie, \u010derven\u00fd bodkovan\u00fd pre najlep\u0161ieho vrch\u00e1ra, biely pre najlep\u0161ieho jazdca do 23 rokov a dres vo farb\u00e1ch slovenskej trikol\u00f3ry pre najlep\u0161ieho slovensk\u00e9ho jazdca. Z\u00e1\u0161titu nad podujat\u00edm prevzal prezident Slovensk\u00e9ho olympijsk\u00e9ho v\u00fdboru Anton Siekel.<\/p>\n<figure id=\"attachment_1019\" aria-describedby=\"caption-attachment-1019\" style=\"width: 1600px\" class=\"wp-caption aligncenter\"><a href=\"https:\/\/d2p6e6u75xmxt8.cloudfront.net\/4\/2017\/06\/mapa-okolo-slovenska.jpg\"><img loading=\"lazy\" decoding=\"async\" class=\"wp-image-1019 size-full\" src=\"https:\/\/d2p6e6u75xmxt8.cloudfront.net\/4\/2017\/06\/mapa-okolo-slovenska.jpg\" alt=\"\" width=\"1600\" height=\"744\" \/><\/a><figcaption id=\"caption-attachment-1019\" class=\"wp-caption-text\">Detailnej\u0161\u00ed n\u00e1h\u013ead po kliknut\u00ed<\/figcaption><\/figure>\n<h4><strong>Prol\u00f3g (7.6.), Levo\u010da<\/strong><\/h4>\n<p>Preteky \u0161tartuj\u00fa ve\u010der po sl\u00e1vnostnom predstaven\u00ed t\u00edmov kr\u00e1tkym prol\u00f3gom najm\u00e4 v uliciach historick\u00e9ho centra Levo\u010de. Cyklisti si vybuduj\u00fa svoju \u0161tartov\u00fa poz\u00edciu do nasleduj\u00facich \u0161tyroch et\u00e1p a rozdaj\u00fa sa aj v\u0161etky dresy.<\/p>\n<lite-youtube videoid=5PluCqzmbug params=\"enablejsapi=1\" style=\"background-image: url('https:\/\/i.ytimg.com\/vi_webp\/5PluCqzmbug\/maxresdefault.webp');\"><\/lite-youtube>\n<h4><strong>1. etapa (8.6.), Levo\u010da &#8211; Bansk\u00e1 Bystrica<\/strong><\/h4>\n<p>Po \u00favodnom prol\u00f3gu \u010dak\u00e1 pretek\u00e1rov hne\u010f na druh\u00fd de\u0148 ve\u013emi \u0165a\u017ek\u00e1 etapa cez na\u0161e ve\u013ehory. Pelot\u00f3n sa z Levo\u010de vyberie cez Star\u00fd Smokovec na \u0160trbsk\u00e9 Pleso, vy\u0161liape \u010certovicu smerom do Banskej Bystrice, kde etapa po 212 km vyvrchol\u00ed.<\/p>\n<lite-youtube videoid=vGzAh9W0YMo params=\"enablejsapi=1\" style=\"background-image: url('https:\/\/i.ytimg.com\/vi_webp\/vGzAh9W0YMo\/maxresdefault.webp');\"><\/lite-youtube>\n<h4><strong>2. etapa (9.6.), Bansk\u00e1 Bystrica &#8211; Nitra<\/strong><\/h4>\n<p>V piatok bud\u00fa preteky pokra\u010dova\u0165 smerom na juhoz\u00e1pad. V \u017diari nad Hronom, dejisku Spolo\u010dn\u00fdch MSR a \u010cR, uvidia fan\u00fa\u0161ikovia r\u00fdchlostn\u00fa pr\u00e9miu a cez zn\u00e1mu i n\u00e1ro\u010dn\u00fa Salamandru cyklisti postupne dorazia do Nitry.<\/p>\n<lite-youtube videoid=HL1FEW5LGoM params=\"enablejsapi=1\" style=\"background-image: url('https:\/\/i.ytimg.com\/vi_webp\/HL1FEW5LGoM\/maxresdefault.webp');\"><\/lite-youtube>\n<h4><strong>3. etapa (10.6.), Nitra &#8211; Trnava<\/strong><\/h4>\n<p>Podujatie sa u\u017e dlh\u0161ie nepredstavilo na Kopaniciach a pr\u00e1ve v tomto ro\u010dn\u00edku sa to zmen\u00ed. Pelot\u00f3n sa z Nitry vyberie na dlho\u010dizn\u00fdch 222 kilometrov, aby za\u017eil kvalitn\u00fa zvlnen\u00fa etapu cez kop\u010deky v okol\u00ed Myjavy. Cie\u013e bude v Trnave.<\/p>\n<lite-youtube videoid=er9-GpPtzuU params=\"enablejsapi=1\" style=\"background-image: url('https:\/\/i.ytimg.com\/vi_webp\/er9-GpPtzuU\/maxresdefault.webp');\"><\/lite-youtube>\n<h4><strong>4. etapa (11.6.), Trnava &#8211; Trnava<\/strong><\/h4>\n<p>Div\u00e1ci si v nede\u013eu bud\u00fa m\u00f4c\u0165 vychutna\u0165 pelot\u00f3n kr\u00fa\u017eiaci po dvoch okruhoch na sever od &#8222;Mal\u00e9ho R\u00edma&#8220; a piaty prejazd centrom mesta bude t\u00fdm z\u00e1vere\u010dn\u00fdm. Celkov\u00fd v\u00ed\u0165az bude ma\u0165 v noh\u00e1ch 762 s\u00fa\u0165a\u017en\u00fdch kilometrov.<\/p>\n<lite-youtube videoid=E6Wp45OWw0U params=\"enablejsapi=1\" style=\"background-image: url('https:\/\/i.ytimg.com\/vi_webp\/E6Wp45OWw0U\/maxresdefault.webp');\"><\/lite-youtube>\n<h2><strong>Energia na koles\u00e1ch<\/strong><\/h2>\n<p><strong>Po roku sa op\u00e4\u0165 stret\u00e1vame na \u010fal\u0161om ro\u010dn\u00edku podujatia Energia na koles\u00e1ch.\u00a0 Nad\u0161enci cyklistiky v\u0161etk\u00fdch vekov\u00fdch kateg\u00f3ri\u00ed m\u00f4\u017eu v nede\u013eu, 11. j\u00fana 2017, otestova\u0165 v Trnave mal\u00fd okruh z\u00e1vere\u010dnej etapy pretekov Okolo Slovenska, ktor\u00e9 tento rok vyvrcholia pr\u00e1ve v najstar\u0161om slobodnom kr\u00e1\u013eovskom meste.<\/strong><\/p>\n<p>Okrem pr\u00edjemn\u00e9ho v\u00fdjazdu sa m\u00f4\u017eete te\u0161i\u0165 na bohat\u00fd sprievodn\u00fd program a s\u00fa\u0165a\u017ee pre najmen\u0161\u00edch, ob\u010derstvenie, tombolu a koncert Hudby z Marsu.<\/p>\n<p>V\u0161etky potrebn\u00e9 inform\u00e1cie n\u00e1jdete <a href=\"http:\/\/www.okoloslovenska.com\/sk\/rocniky\/60-1-rocnik\/energia-na-kolesach?utm_source=welovecycling&amp;utm_medium=clanok&amp;utm_content=pozvanka-okoloslovenska\" target=\"_blank\" rel=\"noopener noreferrer\"><strong>na str\u00e1nke podujatia<\/strong><\/a>.<\/p>\n<div class=\"embed-controller-wrapper\">\n<div class=\"embed-wrapper\"><iframe title=\"Energia na koles\u00e1ch\" width=\"500\" height=\"281\" data-src=\"https:\/\/www.youtube.com\/embed\/fpgUaI6_UwE?feature=oembed\" frameborder=\"0\" allow=\"accelerometer; autoplay; clipboard-write; encrypted-media; gyroscope; picture-in-picture; web-share\" referrerpolicy=\"strict-origin-when-cross-origin\" allowfullscreen><\/iframe><\/div>\n<\/div>\n<div id='gallery-1' class='gallery galleryid-1016 gallery-columns-2 gallery-size-full'><figure class='gallery-item'>\n\t\t\t<div class='gallery-icon landscape'>\n\t\t\t\t<a href='https:\/\/d2p6e6u75xmxt8.cloudfront.net\/4\/2017\/06\/galerka-energia-01.webp'><img loading=\"lazy\" decoding=\"async\" width=\"1800\" height=\"1200\" src=\"https:\/\/d2p6e6u75xmxt8.cloudfront.net\/4\/2017\/06\/galerka-energia-01.webp\" class=\"attachment-full size-full\" alt=\"\" srcset=\"https:\/\/d2p6e6u75xmxt8.cloudfront.net\/4\/2017\/06\/galerka-energia-01.webp 1800w, https:\/\/d2p6e6u75xmxt8.cloudfront.net\/4\/2017\/06\/galerka-energia-01-300x200.webp 300w, https:\/\/d2p6e6u75xmxt8.cloudfront.net\/4\/2017\/06\/galerka-energia-01-1024x683.webp 1024w, https:\/\/d2p6e6u75xmxt8.cloudfront.net\/4\/2017\/06\/galerka-energia-01-768x512.webp 768w, https:\/\/d2p6e6u75xmxt8.cloudfront.net\/4\/2017\/06\/galerka-energia-01-1536x1024.webp 1536w, https:\/\/d2p6e6u75xmxt8.cloudfront.net\/4\/2017\/06\/galerka-energia-01-272x182.webp 272w\" sizes=\"auto, (max-width: 1800px) 100vw, 1800px\" \/><\/a>\n\t\t\t<\/div><\/figure><figure class='gallery-item'>\n\t\t\t<div class='gallery-icon landscape'>\n\t\t\t\t<a href='https:\/\/d2p6e6u75xmxt8.cloudfront.net\/4\/2017\/06\/galerka-energia-02.webp'><img loading=\"lazy\" decoding=\"async\" width=\"1800\" height=\"1200\" src=\"https:\/\/d2p6e6u75xmxt8.cloudfront.net\/4\/2017\/06\/galerka-energia-02.webp\" class=\"attachment-full size-full\" alt=\"\" srcset=\"https:\/\/d2p6e6u75xmxt8.cloudfront.net\/4\/2017\/06\/galerka-energia-02.webp 1800w, https:\/\/d2p6e6u75xmxt8.cloudfront.net\/4\/2017\/06\/galerka-energia-02-300x200.webp 300w, https:\/\/d2p6e6u75xmxt8.cloudfront.net\/4\/2017\/06\/galerka-energia-02-1024x683.webp 1024w, https:\/\/d2p6e6u75xmxt8.cloudfront.net\/4\/2017\/06\/galerka-energia-02-768x512.webp 768w, https:\/\/d2p6e6u75xmxt8.cloudfront.net\/4\/2017\/06\/galerka-energia-02-1536x1024.webp 1536w, https:\/\/d2p6e6u75xmxt8.cloudfront.net\/4\/2017\/06\/galerka-energia-02-272x182.webp 272w\" sizes=\"auto, (max-width: 1800px) 100vw, 1800px\" \/><\/a>\n\t\t\t<\/div><\/figure><figure class='gallery-item'>\n\t\t\t<div class='gallery-icon landscape'>\n\t\t\t\t<a href='https:\/\/d2p6e6u75xmxt8.cloudfront.net\/4\/2017\/06\/galerka-energia-03.webp'><img loading=\"lazy\" decoding=\"async\" width=\"1800\" height=\"1200\" src=\"https:\/\/d2p6e6u75xmxt8.cloudfront.net\/4\/2017\/06\/galerka-energia-03.webp\" class=\"attachment-full size-full\" alt=\"\" srcset=\"https:\/\/d2p6e6u75xmxt8.cloudfront.net\/4\/2017\/06\/galerka-energia-03.webp 1800w, https:\/\/d2p6e6u75xmxt8.cloudfront.net\/4\/2017\/06\/galerka-energia-03-300x200.webp 300w, https:\/\/d2p6e6u75xmxt8.cloudfront.net\/4\/2017\/06\/galerka-energia-03-1024x683.webp 1024w, https:\/\/d2p6e6u75xmxt8.cloudfront.net\/4\/2017\/06\/galerka-energia-03-768x512.webp 768w, https:\/\/d2p6e6u75xmxt8.cloudfront.net\/4\/2017\/06\/galerka-energia-03-1536x1024.webp 1536w, https:\/\/d2p6e6u75xmxt8.cloudfront.net\/4\/2017\/06\/galerka-energia-03-272x182.webp 272w\" sizes=\"auto, (max-width: 1800px) 100vw, 1800px\" \/><\/a>\n\t\t\t<\/div><\/figure><figure class='gallery-item'>\n\t\t\t<div class='gallery-icon landscape'>\n\t\t\t\t<a href='https:\/\/d2p6e6u75xmxt8.cloudfront.net\/4\/2017\/06\/galerka-energia-04.webp'><img loading=\"lazy\" decoding=\"async\" width=\"1800\" height=\"1200\" src=\"https:\/\/d2p6e6u75xmxt8.cloudfront.net\/4\/2017\/06\/galerka-energia-04.webp\" class=\"attachment-full size-full\" alt=\"\" srcset=\"https:\/\/d2p6e6u75xmxt8.cloudfront.net\/4\/2017\/06\/galerka-energia-04.webp 1800w, https:\/\/d2p6e6u75xmxt8.cloudfront.net\/4\/2017\/06\/galerka-energia-04-300x200.webp 300w, https:\/\/d2p6e6u75xmxt8.cloudfront.net\/4\/2017\/06\/galerka-energia-04-1024x683.webp 1024w, https:\/\/d2p6e6u75xmxt8.cloudfront.net\/4\/2017\/06\/galerka-energia-04-768x512.webp 768w, https:\/\/d2p6e6u75xmxt8.cloudfront.net\/4\/2017\/06\/galerka-energia-04-1536x1024.webp 1536w, https:\/\/d2p6e6u75xmxt8.cloudfront.net\/4\/2017\/06\/galerka-energia-04-272x182.webp 272w\" sizes=\"auto, (max-width: 1800px) 100vw, 1800px\" \/><\/a>\n\t\t\t<\/div><\/figure>\n\t\t<\/div>\n\n<section class=\"entry-annotation\">\n    <button class=\"annotation-button toggle-click\">\n        <span>Okolo Slovenska postupuje do UCI 2.1 <span class=\"icon\"><\/span><\/span>\n    <\/button>\n    <div class=\"annotation-content\">\n        <div class=\"content\">\n            <div class=\"entry-thumbnail missing-thumbnail\">\n                            <\/div>\n            <div class=\"entry-summary\">\n                <p>Ro\u010dn\u00edk 2017 cyklistick\u00fdch pretekov Okolo Slovenska (7. &#8211; 11. j\u00fana) post\u00fapil do vy\u0161\u0161ej kateg\u00f3rie. Najv\u00e4\u010d\u0161ie slovensk\u00e9 etapov\u00e9 podujatie je v kalend\u00e1ri Medzin\u00e1rodnej cyklistickej \u00fanie pre rok 2017 zaraden\u00e9 do kateg\u00f3rie 2.1. Znamen\u00e1 to, \u017ee na Okolo Slovenska sa m\u00f4\u017eu z\u00fa\u010dastni\u0165 aj t\u00edmy a jazdci elitnej svetovej s\u00e9rie UCI WorldTour vr\u00e1tane Slov\u00e1kov.<\/p>\n<p>Viac bodov, vy\u0161\u0161ie &#8222;prize money&#8220; aj kvalitnej\u0161ie t\u00edmy. To v\u0161etko znamen\u00e1 posun pretekov z kateg\u00f3rie 2.2 do 2.1. O preradenie po\u017eiadal Slovensk\u00fd zv\u00e4z cyklistiky ako hlavn\u00fd organiz\u00e1tor podujatia po minuloro\u010dnom v\u00fdbornom hodnoten\u00ed zo strany UCI komis\u00e1rov a t\u00edmov\u00fdch mana\u017e\u00e9rov. T\u00ed ozna\u010dili Okolo Slovenska ako tretie najkvalitnej\u0161ie preteky \u00farovne 2.2. <\/p>\n<p><i>\u201eSom ve\u013emi r\u00e1d, \u017ee bola na\u0161a \u017eiados\u0165 kladne vybaven\u00e1. Je to odmena a z\u00e1rove\u0148 ve\u013ek\u00fd z\u00e1v\u00e4zok,\u201c<\/i> povedal k posunu do vy\u0161\u0161ej kateg\u00f3rie Peter Privara, prezident SZC a z\u00e1rove\u0148 gener\u00e1lny riadite\u013e pretekov. <i>\u201eTe\u0161\u00edm sa, \u017ee pracovn\u00e9 nasadenie cel\u00e9ho organiza\u010dn\u00e9ho t\u00edmu bolo pozit\u00edvne ocenen\u00e9 zo strany UCI komis\u00e1rov, t\u00edmov\u00fdch mana\u017e\u00e9rov i samotn\u00fdch miest, s ktor\u00fdmi na pretekoch spolupracujeme. Posun do vy\u0161\u0161ej kateg\u00f3rie znamen\u00e1 vy\u0161\u0161iu atraktivitu podujatia nielen pre t\u00edmy a m\u00e9di\u00e1, ale aj pre sponzorov. 61. ro\u010dn\u00edk pretekov Okolo Slovenska bude prebieha\u0165 medzi 7. \u2013 11. j\u00fanom 2017 so \u0161tartom v Levo\u010di a cie\u013eom v Trnave. V danom term\u00edne ide o jedin\u00e9 podujatie tejto \u00farovne v Eur\u00f3pe. Ur\u010dite budeme robi\u0165 v\u0161etko pre to, aby na\u0161e pozvanie prijali protour t\u00edmy, v ktor\u00fdch m\u00e1me slovensk\u00fdch jazdcov,\u201c<\/i> doplnil inform\u00e1ciu Privara.<\/p>\n            <\/div>\n                            <p class=\"mentioned-in\">V \u010dl\u00e1nkoch:<\/p>\n                <section class=\"article-list\">\n                <article class=\"loop-simple post-21291 post type-post status-publish format-standard has-post-thumbnail hentry category-mtb global-categories-cycling\" data-postid=\"21291\" role=\"article\" data-post-id=\"21291\" data-word-count=\"434\" data-headline-length=\"50\" data-category=\"MTB\" data-global-category=\"Cycling\" data-author=\"Redakcia WLC\" data-published=\"2026-04-23T16:24:49+02:00\" data-published-day=\"Thursday\">\n    <div class=\"entry-thumbnail article-thumbnail\" content=\"https:\/\/d2p6e6u75xmxt8.cloudfront.net\/4\/2026\/04\/SBOT-2026-Svaty-Jur-18042026-siroke-28-150x150.webp\"><a href=\"https:\/\/www.welovecycling.com\/sk\/2026\/04\/23\/reportaz-skoda-svatojursky-mtb-maraton-2026\/\" class=\"image-holder\" target=\"_self\"><img decoding=\"async\" loading=\"lazy\" class=\"\" src=\"https:\/\/d2p6e6u75xmxt8.cloudfront.net\/4\/2026\/04\/SBOT-2026-Svaty-Jur-18042026-siroke-28-1024x683.webp\" srcset=\"https:\/\/d2p6e6u75xmxt8.cloudfront.net\/4\/2026\/04\/SBOT-2026-Svaty-Jur-18042026-siroke-28-scaled.webp 2560w, https:\/\/d2p6e6u75xmxt8.cloudfront.net\/4\/2026\/04\/SBOT-2026-Svaty-Jur-18042026-siroke-28-300x200.webp 300w, https:\/\/d2p6e6u75xmxt8.cloudfront.net\/4\/2026\/04\/SBOT-2026-Svaty-Jur-18042026-siroke-28-1024x683.webp 1024w, https:\/\/d2p6e6u75xmxt8.cloudfront.net\/4\/2026\/04\/SBOT-2026-Svaty-Jur-18042026-siroke-28-768x512.webp 768w, https:\/\/d2p6e6u75xmxt8.cloudfront.net\/4\/2026\/04\/SBOT-2026-Svaty-Jur-18042026-siroke-28-1536x1024.webp 1536w, https:\/\/d2p6e6u75xmxt8.cloudfront.net\/4\/2026\/04\/SBOT-2026-Svaty-Jur-18042026-siroke-28-2048x1365.webp 2048w, https:\/\/d2p6e6u75xmxt8.cloudfront.net\/4\/2026\/04\/SBOT-2026-Svaty-Jur-18042026-siroke-28-1920x1280.webp 1920w, https:\/\/d2p6e6u75xmxt8.cloudfront.net\/4\/2026\/04\/SBOT-2026-Svaty-Jur-18042026-siroke-28-400x267.webp 400w, https:\/\/d2p6e6u75xmxt8.cloudfront.net\/4\/2026\/04\/SBOT-2026-Svaty-Jur-18042026-siroke-28-272x182.webp 272w, https:\/\/d2p6e6u75xmxt8.cloudfront.net\/4\/2026\/04\/SBOT-2026-Svaty-Jur-18042026-siroke-28-1920x1280.webp 1920w\" width=\"1024\" height=\"683\" sizes=\"auto, (min-width: 1200px) 300px, (min-width: 768px) 25vw, 100vw\" alt=\"reportaz-skoda-svatojursky-mtb-maraton-2026\"\/><\/a><\/div>    <div class=\"entry-meta\">\n        <a class=\"label label-secondary post-category\" href=\"https:\/\/www.welovecycling.com\/sk\/category\/mtb\/\" title=\"MTB\">MTB<\/a>\n    <\/div>\n    <div class=\"entry-details\">\n        <a href=\"https:\/\/www.welovecycling.com\/sk\/2026\/04\/23\/reportaz-skoda-svatojursky-mtb-maraton-2026\/\" class='entry-title-wrapper'>\n            <h3 class=\"entry-title\"><span>Report\u00e1\u017e: \u0160koda Sv\u00e4tojursk\u00fd MTB Marat\u00f3n 2026<\/span><\/h3>\n        <\/a>\n    <\/div>\n    <\/article>\n<article class=\"loop-simple post-21286 post type-post status-publish format-standard has-post-thumbnail hentry category-mtb global-categories-cycling\" data-postid=\"21286\" role=\"article\" data-post-id=\"21286\" data-word-count=\"3\" data-headline-length=\"46\" data-category=\"MTB\" data-global-category=\"Cycling\" data-author=\"Redakcia WLC\" data-published=\"2026-04-22T12:13:06+02:00\" data-published-day=\"Wednesday\">\n    <div class=\"entry-thumbnail article-thumbnail\" content=\"https:\/\/d2p6e6u75xmxt8.cloudfront.net\/4\/2026\/04\/SBOT-2026-Svaty-Jur-18042026-uzke-115-150x150.webp\"><a href=\"https:\/\/www.welovecycling.com\/sk\/2026\/04\/22\/foto-skoda-svatojursky-mtb-maraton-2026\/\" class=\"image-holder\" target=\"_self\"><img decoding=\"async\" loading=\"lazy\" class=\"\" src=\"https:\/\/d2p6e6u75xmxt8.cloudfront.net\/4\/2026\/04\/SBOT-2026-Svaty-Jur-18042026-uzke-115-1024x683.webp\" srcset=\"https:\/\/d2p6e6u75xmxt8.cloudfront.net\/4\/2026\/04\/SBOT-2026-Svaty-Jur-18042026-uzke-115-scaled.webp 2560w, https:\/\/d2p6e6u75xmxt8.cloudfront.net\/4\/2026\/04\/SBOT-2026-Svaty-Jur-18042026-uzke-115-300x200.webp 300w, https:\/\/d2p6e6u75xmxt8.cloudfront.net\/4\/2026\/04\/SBOT-2026-Svaty-Jur-18042026-uzke-115-1024x683.webp 1024w, https:\/\/d2p6e6u75xmxt8.cloudfront.net\/4\/2026\/04\/SBOT-2026-Svaty-Jur-18042026-uzke-115-768x512.webp 768w, https:\/\/d2p6e6u75xmxt8.cloudfront.net\/4\/2026\/04\/SBOT-2026-Svaty-Jur-18042026-uzke-115-1536x1024.webp 1536w, https:\/\/d2p6e6u75xmxt8.cloudfront.net\/4\/2026\/04\/SBOT-2026-Svaty-Jur-18042026-uzke-115-2048x1365.webp 2048w, https:\/\/d2p6e6u75xmxt8.cloudfront.net\/4\/2026\/04\/SBOT-2026-Svaty-Jur-18042026-uzke-115-1920x1280.webp 1920w, https:\/\/d2p6e6u75xmxt8.cloudfront.net\/4\/2026\/04\/SBOT-2026-Svaty-Jur-18042026-uzke-115-400x267.webp 400w, https:\/\/d2p6e6u75xmxt8.cloudfront.net\/4\/2026\/04\/SBOT-2026-Svaty-Jur-18042026-uzke-115-272x182.webp 272w, https:\/\/d2p6e6u75xmxt8.cloudfront.net\/4\/2026\/04\/SBOT-2026-Svaty-Jur-18042026-uzke-115-1920x1280.webp 1920w\" width=\"1024\" height=\"683\" sizes=\"auto, (min-width: 1200px) 300px, (min-width: 768px) 25vw, 100vw\" alt=\"foto-skoda-svatojursky-mtb-maraton-2026\"\/><\/a><\/div>    <div class=\"entry-meta\">\n        <a class=\"label label-secondary post-category\" href=\"https:\/\/www.welovecycling.com\/sk\/category\/mtb\/\" title=\"MTB\">MTB<\/a>\n    <\/div>\n    <div class=\"entry-details\">\n        <a href=\"https:\/\/www.welovecycling.com\/sk\/2026\/04\/22\/foto-skoda-svatojursky-mtb-maraton-2026\/\" class='entry-title-wrapper'>\n            <h3 class=\"entry-title\"><span>FOTO:   \u0160koda Sv\u00e4tojursk\u00fd MTB marat\u00f3n 2026<\/span><\/h3>\n        <\/a>\n    <\/div>\n    <\/article>\n<article class=\"loop-simple post-21281 post type-post status-publish format-standard has-post-thumbnail hentry category-cestna-cyklisitika category-mtb category-zdravie-trening tag-cyklisticky-trening tag-jar tag-pravidelny-trening tag-pretrenovanie tag-trening global-categories-cycling\" data-postid=\"21281\" role=\"article\" data-post-id=\"21281\" data-word-count=\"587\" data-headline-length=\"73\" data-category=\"Cestn\u00e1 cyklistika\" data-global-category=\"Cycling\" data-author=\"We Love Cycling\" data-published=\"2026-04-20T12:32:26+02:00\" data-published-day=\"Monday\">\n    <div class=\"entry-thumbnail article-thumbnail\" content=\"https:\/\/d2p6e6u75xmxt8.cloudfront.net\/4\/2026\/04\/Cyclist-Training-Road-Alps-profimedia-1089086984-CVR-150x150.webp\"><a href=\"https:\/\/www.welovecycling.com\/sk\/2026\/04\/20\/preco-je-april-najnebezpecnejsim-mesiacom-z-hladiska-pretrenovania\/\" class=\"image-holder\" target=\"_self\"><img decoding=\"async\" loading=\"lazy\" class=\"\" src=\"https:\/\/d2p6e6u75xmxt8.cloudfront.net\/4\/2026\/04\/Cyclist-Training-Road-Alps-profimedia-1089086984-CVR.webp\" srcset=\"https:\/\/d2p6e6u75xmxt8.cloudfront.net\/4\/2026\/04\/Cyclist-Training-Road-Alps-profimedia-1089086984-CVR.webp 990w, https:\/\/d2p6e6u75xmxt8.cloudfront.net\/4\/2026\/04\/Cyclist-Training-Road-Alps-profimedia-1089086984-CVR-300x200.webp 300w, https:\/\/d2p6e6u75xmxt8.cloudfront.net\/4\/2026\/04\/Cyclist-Training-Road-Alps-profimedia-1089086984-CVR-768x512.webp 768w, https:\/\/d2p6e6u75xmxt8.cloudfront.net\/4\/2026\/04\/Cyclist-Training-Road-Alps-profimedia-1089086984-CVR-400x267.webp 400w, https:\/\/d2p6e6u75xmxt8.cloudfront.net\/4\/2026\/04\/Cyclist-Training-Road-Alps-profimedia-1089086984-CVR-272x182.webp 272w\" width=\"990\" height=\"660\" sizes=\"auto, (min-width: 1200px) 300px, (min-width: 768px) 25vw, 100vw\" alt=\"preco-je-april-najnebezpecnejsim-mesiacom-z-hladiska-pretrenovania\"\/><\/a><\/div>    <div class=\"entry-meta\">\n        <a class=\"label label-secondary post-category\" href=\"https:\/\/www.welovecycling.com\/sk\/category\/cestna-cyklisitika\/\" title=\"Cestn\u00e1 cyklistika\">Cestn\u00e1 cyklistika<\/a>\n    <\/div>\n    <div class=\"entry-details\">\n        <a href=\"https:\/\/www.welovecycling.com\/sk\/2026\/04\/20\/preco-je-april-najnebezpecnejsim-mesiacom-z-hladiska-pretrenovania\/\" class='entry-title-wrapper'>\n            <h3 class=\"entry-title\"><span>Pre\u010do je apr\u00edl najnebezpe\u010dnej\u0161\u00edm mesiacom z h\u013eadiska pretr\u00e9novania<\/span><\/h3>\n        <\/a>\n    <\/div>\n    <\/article>\n                <\/section>\n                    <\/div>\n    <\/div>\n<\/section>\n\n","protected":false},"excerpt":{"rendered":"<p>V t\u00fdchto d\u0148och prebieha 61. ro\u010dn\u00edk medzin\u00e1rodn\u00fdch cyklistick\u00fdch pretekov Okolo Slovenska. Ako dlhoro\u010dn\u00fd partner tohto podujatia budeme op\u00e4\u0165 pri tom [&hellip;]<\/p>\n","protected":false},"author":38,"featured_media":1030,"comment_status":"open","ping_status":"open","sticky":false,"template":"","format":"standard","meta":{"footnotes":""},"categories":[4,34],"tags":[115,98,97,37,99,100],"global-categories":[],"class_list":["post-1016","post","type-post","status-publish","format-standard","has-post-thumbnail","hentry","category-cestna-cyklisitika","category-podujatia","tag-cestna-cyklistika","tag-energia-na-kolesach","tag-okolo-slovenska","tag-podujatia","tag-tour-de-slovaquie","tag-uci-2-1"],"yoast_head":"<!-- This site is optimized with the Yoast SEO Premium plugin v25.3 (Yoast SEO v25.9) - https:\/\/yoast.com\/wordpress\/plugins\/seo\/ -->\n<title>Okolo Slovenska \u0161tartuje v&nbsp;Levo\u010di! 5&nbsp;dn\u00ed cyklistiky na&nbsp;slovensk\u00fd sp\u00f4sob - \u0160koda We Love Cycling Slovensko<\/title>\n<meta name=\"robots\" content=\"index, follow, max-snippet:-1, max-image-preview:large, max-video-preview:-1\" \/>\n<link rel=\"canonical\" href=\"https:\/\/www.welovecycling.com\/sk\/2017\/06\/07\/okolo-slovenska-startuje-v-levoci\/\" \/>\n<meta property=\"og:locale\" content=\"sk_SK\" \/>\n<meta property=\"og:type\" content=\"article\" \/>\n<meta property=\"og:title\" content=\"Okolo Slovenska \u0161tartuje v&nbsp;Levo\u010di! 5&nbsp;dn\u00ed cyklistiky na&nbsp;slovensk\u00fd sp\u00f4sob\" \/>\n<meta property=\"og:description\" content=\"V t\u00fdchto d\u0148och prebieha 61. ro\u010dn\u00edk medzin\u00e1rodn\u00fdch cyklistick\u00fdch pretekov Okolo Slovenska. Ako dlhoro\u010dn\u00fd partner tohto podujatia budeme op\u00e4\u0165 pri tom [&hellip;]\" \/>\n<meta property=\"og:url\" content=\"https:\/\/www.welovecycling.com\/sk\/2017\/06\/07\/okolo-slovenska-startuje-v-levoci\/\" \/>\n<meta property=\"og:site_name\" content=\"\u0160koda We Love Cycling Slovensko\" \/>\n<meta property=\"article:published_time\" content=\"2017-06-07T17:35:23+00:00\" \/>\n<meta property=\"article:modified_time\" content=\"2017-12-18T12:12:21+00:00\" \/>\n<meta property=\"og:image\" content=\"https:\/\/d2p6e6u75xmxt8.cloudfront.net\/4\/2017\/06\/okolo-slovenska_bez-loga.webp\" \/>\n\t<meta property=\"og:image:width\" content=\"1375\" \/>\n\t<meta property=\"og:image:height\" content=\"600\" \/>\n\t<meta property=\"og:image:type\" content=\"image\/webp\" \/>\n<meta name=\"author\" content=\"Ondrej Ga\u0161par\" \/>\n<meta name=\"twitter:card\" content=\"summary_large_image\" \/>\n<meta name=\"twitter:label1\" content=\"Written by\" \/>\n\t<meta name=\"twitter:data1\" content=\"Ondrej Ga\u0161par\" \/>\n\t<meta name=\"twitter:label2\" content=\"Est. reading time\" \/>\n\t<meta name=\"twitter:data2\" content=\"3 minutes\" \/>\n<script type=\"application\/ld+json\" class=\"yoast-schema-graph\">{\"@context\":\"https:\/\/schema.org\",\"@graph\":[{\"@type\":\"WebPage\",\"@id\":\"https:\/\/www.welovecycling.com\/sk\/2017\/06\/07\/okolo-slovenska-startuje-v-levoci\/\",\"url\":\"https:\/\/www.welovecycling.com\/sk\/2017\/06\/07\/okolo-slovenska-startuje-v-levoci\/\",\"name\":\"Okolo Slovenska \u0161tartuje v&nbsp;Levo\u010di! 5&nbsp;dn\u00ed cyklistiky na&nbsp;slovensk\u00fd sp\u00f4sob - \u0160koda We Love Cycling Slovensko\",\"isPartOf\":{\"@id\":\"https:\/\/www.welovecycling.com\/sk\/#website\"},\"primaryImageOfPage\":{\"@id\":\"https:\/\/www.welovecycling.com\/sk\/2017\/06\/07\/okolo-slovenska-startuje-v-levoci\/#primaryimage\"},\"image\":{\"@id\":\"https:\/\/www.welovecycling.com\/sk\/2017\/06\/07\/okolo-slovenska-startuje-v-levoci\/#primaryimage\"},\"thumbnailUrl\":\"https:\/\/d2p6e6u75xmxt8.cloudfront.net\/4\/2017\/06\/okolo-slovenska_bez-loga.webp\",\"datePublished\":\"2017-06-07T17:35:23+00:00\",\"dateModified\":\"2017-12-18T12:12:21+00:00\",\"author\":{\"@id\":\"https:\/\/www.welovecycling.com\/sk\/#\/schema\/person\/8ee09ba39b7e25b1870160aa5b3a89bc\"},\"breadcrumb\":{\"@id\":\"https:\/\/www.welovecycling.com\/sk\/2017\/06\/07\/okolo-slovenska-startuje-v-levoci\/#breadcrumb\"},\"inLanguage\":\"sk-SK\",\"potentialAction\":[{\"@type\":\"ReadAction\",\"target\":[\"https:\/\/www.welovecycling.com\/sk\/2017\/06\/07\/okolo-slovenska-startuje-v-levoci\/\"]}]},{\"@type\":\"ImageObject\",\"inLanguage\":\"sk-SK\",\"@id\":\"https:\/\/www.welovecycling.com\/sk\/2017\/06\/07\/okolo-slovenska-startuje-v-levoci\/#primaryimage\",\"url\":\"https:\/\/d2p6e6u75xmxt8.cloudfront.net\/4\/2017\/06\/okolo-slovenska_bez-loga.webp\",\"contentUrl\":\"https:\/\/d2p6e6u75xmxt8.cloudfront.net\/4\/2017\/06\/okolo-slovenska_bez-loga.webp\",\"width\":1375,\"height\":600},{\"@type\":\"BreadcrumbList\",\"@id\":\"https:\/\/www.welovecycling.com\/sk\/2017\/06\/07\/okolo-slovenska-startuje-v-levoci\/#breadcrumb\",\"itemListElement\":[{\"@type\":\"ListItem\",\"position\":1,\"name\":\"Home\",\"item\":\"https:\/\/www.welovecycling.com\/sk\/\"},{\"@type\":\"ListItem\",\"position\":2,\"name\":\"Okolo Slovenska \u0161tartuje v&nbsp;Levo\u010di! 5&nbsp;dn\u00ed cyklistiky na&nbsp;slovensk\u00fd sp\u00f4sob\"}]},{\"@type\":\"WebSite\",\"@id\":\"https:\/\/www.welovecycling.com\/sk\/#website\",\"url\":\"https:\/\/www.welovecycling.com\/sk\/\",\"name\":\"\u0160koda We Love Cycling Slovensko\",\"description\":\"\u0160koda We Love Cycling Slovensko je v\u00e1\u0161 ka\u017edodenn\u00fd zdroj noviniek a in\u0161pir\u00e1cie z sveta cyklistiky\",\"potentialAction\":[{\"@type\":\"SearchAction\",\"target\":{\"@type\":\"EntryPoint\",\"urlTemplate\":\"https:\/\/www.welovecycling.com\/sk\/?s={search_term_string}\"},\"query-input\":{\"@type\":\"PropertyValueSpecification\",\"valueRequired\":true,\"valueName\":\"search_term_string\"}}],\"inLanguage\":\"sk-SK\"},{\"@type\":\"Person\",\"@id\":\"https:\/\/www.welovecycling.com\/sk\/#\/schema\/person\/8ee09ba39b7e25b1870160aa5b3a89bc\",\"name\":\"Ondrej Ga\u0161par\",\"image\":{\"@type\":\"ImageObject\",\"inLanguage\":\"sk-SK\",\"@id\":\"https:\/\/www.welovecycling.com\/sk\/#\/schema\/person\/image\/\",\"url\":\"https:\/\/secure.gravatar.com\/avatar\/6126c9afb87b70da5abbb083ddbb21933da15f18f8ca7cb822aba0fb096a48f6?s=96&d=mm&r=g\",\"contentUrl\":\"https:\/\/secure.gravatar.com\/avatar\/6126c9afb87b70da5abbb083ddbb21933da15f18f8ca7cb822aba0fb096a48f6?s=96&d=mm&r=g\",\"caption\":\"Ondrej Ga\u0161par\"},\"url\":\"https:\/\/www.welovecycling.com\/sk\/author\/ondrejgaspar\/\"}]}<\/script>\n<!-- \/ Yoast SEO Premium plugin. -->","yoast_head_json":{"title":"Okolo Slovenska \u0161tartuje v&nbsp;Levo\u010di! 5&nbsp;dn\u00ed cyklistiky na&nbsp;slovensk\u00fd sp\u00f4sob - \u0160koda We Love Cycling Slovensko","robots":{"index":"index","follow":"follow","max-snippet":"max-snippet:-1","max-image-preview":"max-image-preview:large","max-video-preview":"max-video-preview:-1"},"canonical":"https:\/\/www.welovecycling.com\/sk\/2017\/06\/07\/okolo-slovenska-startuje-v-levoci\/","og_locale":"sk_SK","og_type":"article","og_title":"Okolo Slovenska \u0161tartuje v&nbsp;Levo\u010di! 5&nbsp;dn\u00ed cyklistiky na&nbsp;slovensk\u00fd sp\u00f4sob","og_description":"V t\u00fdchto d\u0148och prebieha 61. ro\u010dn\u00edk medzin\u00e1rodn\u00fdch cyklistick\u00fdch pretekov Okolo Slovenska. Ako dlhoro\u010dn\u00fd partner tohto podujatia budeme op\u00e4\u0165 pri tom [&hellip;]","og_url":"https:\/\/www.welovecycling.com\/sk\/2017\/06\/07\/okolo-slovenska-startuje-v-levoci\/","og_site_name":"\u0160koda We Love Cycling Slovensko","article_published_time":"2017-06-07T17:35:23+00:00","article_modified_time":"2017-12-18T12:12:21+00:00","og_image":[{"width":1375,"height":600,"url":"https:\/\/d2p6e6u75xmxt8.cloudfront.net\/4\/2017\/06\/okolo-slovenska_bez-loga.webp","type":"image\/webp"}],"author":"Ondrej Ga\u0161par","twitter_card":"summary_large_image","twitter_misc":{"Written by":"Ondrej Ga\u0161par","Est. reading time":"3 minutes"},"schema":{"@context":"https:\/\/schema.org","@graph":[{"@type":"WebPage","@id":"https:\/\/www.welovecycling.com\/sk\/2017\/06\/07\/okolo-slovenska-startuje-v-levoci\/","url":"https:\/\/www.welovecycling.com\/sk\/2017\/06\/07\/okolo-slovenska-startuje-v-levoci\/","name":"Okolo Slovenska \u0161tartuje v&nbsp;Levo\u010di! 5&nbsp;dn\u00ed cyklistiky na&nbsp;slovensk\u00fd sp\u00f4sob - \u0160koda We Love Cycling Slovensko","isPartOf":{"@id":"https:\/\/www.welovecycling.com\/sk\/#website"},"primaryImageOfPage":{"@id":"https:\/\/www.welovecycling.com\/sk\/2017\/06\/07\/okolo-slovenska-startuje-v-levoci\/#primaryimage"},"image":{"@id":"https:\/\/www.welovecycling.com\/sk\/2017\/06\/07\/okolo-slovenska-startuje-v-levoci\/#primaryimage"},"thumbnailUrl":"https:\/\/d2p6e6u75xmxt8.cloudfront.net\/4\/2017\/06\/okolo-slovenska_bez-loga.webp","datePublished":"2017-06-07T17:35:23+00:00","dateModified":"2017-12-18T12:12:21+00:00","author":{"@id":"https:\/\/www.welovecycling.com\/sk\/#\/schema\/person\/8ee09ba39b7e25b1870160aa5b3a89bc"},"breadcrumb":{"@id":"https:\/\/www.welovecycling.com\/sk\/2017\/06\/07\/okolo-slovenska-startuje-v-levoci\/#breadcrumb"},"inLanguage":"sk-SK","potentialAction":[{"@type":"ReadAction","target":["https:\/\/www.welovecycling.com\/sk\/2017\/06\/07\/okolo-slovenska-startuje-v-levoci\/"]}]},{"@type":"ImageObject","inLanguage":"sk-SK","@id":"https:\/\/www.welovecycling.com\/sk\/2017\/06\/07\/okolo-slovenska-startuje-v-levoci\/#primaryimage","url":"https:\/\/d2p6e6u75xmxt8.cloudfront.net\/4\/2017\/06\/okolo-slovenska_bez-loga.webp","contentUrl":"https:\/\/d2p6e6u75xmxt8.cloudfront.net\/4\/2017\/06\/okolo-slovenska_bez-loga.webp","width":1375,"height":600},{"@type":"BreadcrumbList","@id":"https:\/\/www.welovecycling.com\/sk\/2017\/06\/07\/okolo-slovenska-startuje-v-levoci\/#breadcrumb","itemListElement":[{"@type":"ListItem","position":1,"name":"Home","item":"https:\/\/www.welovecycling.com\/sk\/"},{"@type":"ListItem","position":2,"name":"Okolo Slovenska \u0161tartuje v&nbsp;Levo\u010di! 5&nbsp;dn\u00ed cyklistiky na&nbsp;slovensk\u00fd sp\u00f4sob"}]},{"@type":"WebSite","@id":"https:\/\/www.welovecycling.com\/sk\/#website","url":"https:\/\/www.welovecycling.com\/sk\/","name":"\u0160koda We Love Cycling Slovensko","description":"\u0160koda We Love Cycling Slovensko je v\u00e1\u0161 ka\u017edodenn\u00fd zdroj noviniek a in\u0161pir\u00e1cie z sveta cyklistiky","potentialAction":[{"@type":"SearchAction","target":{"@type":"EntryPoint","urlTemplate":"https:\/\/www.welovecycling.com\/sk\/?s={search_term_string}"},"query-input":{"@type":"PropertyValueSpecification","valueRequired":true,"valueName":"search_term_string"}}],"inLanguage":"sk-SK"},{"@type":"Person","@id":"https:\/\/www.welovecycling.com\/sk\/#\/schema\/person\/8ee09ba39b7e25b1870160aa5b3a89bc","name":"Ondrej Ga\u0161par","image":{"@type":"ImageObject","inLanguage":"sk-SK","@id":"https:\/\/www.welovecycling.com\/sk\/#\/schema\/person\/image\/","url":"https:\/\/secure.gravatar.com\/avatar\/6126c9afb87b70da5abbb083ddbb21933da15f18f8ca7cb822aba0fb096a48f6?s=96&d=mm&r=g","contentUrl":"https:\/\/secure.gravatar.com\/avatar\/6126c9afb87b70da5abbb083ddbb21933da15f18f8ca7cb822aba0fb096a48f6?s=96&d=mm&r=g","caption":"Ondrej Ga\u0161par"},"url":"https:\/\/www.welovecycling.com\/sk\/author\/ondrejgaspar\/"}]}},"_links":{"self":[{"href":"https:\/\/www.welovecycling.com\/sk\/wp-json\/wp\/v2\/posts\/1016","targetHints":{"allow":["GET"]}}],"collection":[{"href":"https:\/\/www.welovecycling.com\/sk\/wp-json\/wp\/v2\/posts"}],"about":[{"href":"https:\/\/www.welovecycling.com\/sk\/wp-json\/wp\/v2\/types\/post"}],"author":[{"embeddable":true,"href":"https:\/\/www.welovecycling.com\/sk\/wp-json\/wp\/v2\/users\/38"}],"replies":[{"embeddable":true,"href":"https:\/\/www.welovecycling.com\/sk\/wp-json\/wp\/v2\/comments?post=1016"}],"version-history":[{"count":2,"href":"https:\/\/www.welovecycling.com\/sk\/wp-json\/wp\/v2\/posts\/1016\/revisions"}],"predecessor-version":[{"id":1170,"href":"https:\/\/www.welovecycling.com\/sk\/wp-json\/wp\/v2\/posts\/1016\/revisions\/1170"}],"wp:featuredmedia":[{"embeddable":true,"href":"https:\/\/www.welovecycling.com\/sk\/wp-json\/wp\/v2\/media\/1030"}],"wp:attachment":[{"href":"https:\/\/www.welovecycling.com\/sk\/wp-json\/wp\/v2\/media?parent=1016"}],"wp:term":[{"taxonomy":"category","embeddable":true,"href":"https:\/\/www.welovecycling.com\/sk\/wp-json\/wp\/v2\/categories?post=1016"},{"taxonomy":"post_tag","embeddable":true,"href":"https:\/\/www.welovecycling.com\/sk\/wp-json\/wp\/v2\/tags?post=1016"},{"taxonomy":"global-categories","embeddable":true,"href":"https:\/\/www.welovecycling.com\/sk\/wp-json\/wp\/v2\/global-categories?post=1016"}],"curies":[{"name":"wp","href":"https:\/\/api.w.org\/{rel}","templated":true}]}}