{"id":10086,"date":"2020-06-24T10:00:08","date_gmt":"2020-06-24T08:00:08","guid":{"rendered":"https:\/\/www.welovecycling.com\/sk\/?p=10086"},"modified":"2023-04-17T10:24:59","modified_gmt":"2023-04-17T08:24:59","slug":"nikto-ta-tu-nechce-pribeh-alfreda-bindu","status":"publish","type":"post","link":"https:\/\/www.welovecycling.com\/sk\/2020\/06\/24\/nikto-ta-tu-nechce-pribeh-alfreda-bindu\/","title":{"rendered":"Nikto \u0165a tu nechce! Pr\u00edbeh Alfreda Bindu"},"content":{"rendered":"<p><strong>By\u0165 jedine\u010dn\u00fdm v\u00a0istej oblasti nie je v\u017edy nato\u013eko super, akoby sa na prv\u00fd poh\u013ead mohlo zda\u0165. Niekedy sa pr\u00e1ve tak\u00e1to vlastnos\u0165 stane otravnou. A\u00a0niekedy, ale skuto\u010dne len niekedy, tak\u00fdto moment don\u00fati organiz\u00e1torov Giro d\u02b9Italia k\u00a0rozhodnutiu, aby v\u00e1s jednoducho podplatili za to, \u017ee sa na t\u00fdchto pretekoch neuk\u00e1\u017eete.<\/strong><!--more--><\/p>\n<p>Giro v\u00a0roku 1925 malo len jedn\u00e9ho favorita: sl\u00e1vneho Costante Girardenga. Milovan\u00fd davmi a\u00a0\u00fadajne aj fa\u0161istick\u00fdm re\u017eimom, sa Costante pripravoval na e\u0161te jeden <strong>ve\u013ekolep\u00fd triumf vo svojej dlhoro\u010dnej kari\u00e9re<\/strong>. M\u00f4\u017eete si predstavi\u0165 to sklamanie, ke\u010f bol nakoniec porazen\u00fd nezn\u00e1mym nov\u00e1\u010dikom, ktor\u00fd pr\u00e1ve pricestoval z\u00a0Franc\u00fazska a\u00a0vykradol svojmu sl\u00e1vnej\u0161iemu krajanovi v\u00a0dom\u00e1com prostred\u00ed najcennej\u0161\u00ed poklad v\u00a0podobe celkov\u00e9ho prvenstva. Meno tohto opov\u00e1\u017elivca bolo <strong>Alfredo Binda<\/strong>, ktor\u00fd nakoniec nielen\u017ee prekvapil <strong>v\u00ed\u0165azstvom v\u00a0roku 1925<\/strong>, ale svoju dominanciu potvrdzoval aj v\u00a0roku 1927, 1928 a\u00a01929.<\/p>\n<figure id=\"attachment_10087\" aria-describedby=\"caption-attachment-10087\" style=\"width: 1250px\" class=\"wp-caption alignnone\"><img loading=\"lazy\" decoding=\"async\" class=\"size-full wp-image-10087\" src=\"https:\/\/d2p6e6u75xmxt8.cloudfront.net\/4\/2020\/06\/Alfredo-Binda-profimedia-0331471163.jpg\" alt=\"\" width=\"1250\" height=\"904\" \/><figcaption id=\"caption-attachment-10087\" class=\"wp-caption-text\">Maurice Archembaud a\u00a0taliansky jazdec Alfredo Binda v\u00a0s\u00faboji na Giro d\u02b9Italia \u00a9 AFP \/ Profimedia<\/figcaption><\/figure>\n<p>Zatia\u013e \u010do o jeho talente a fyzickej schopnosti sa nepochybovalo, jeho ob\u013e\u00fabenos\u0165 medzi div\u00e1kmi a fan\u00fa\u0161ikmi bola o nie\u010dom inom. &#8222;Il Campionissimo&#8220; (\u0160ampi\u00f3n) \u017eil vo svojom svete. Bol \u010diasto\u010dne zvl\u00e1\u0161tny a chladn\u00fd a <strong>korunoval celkov\u00fd pocit antipatie fan\u00fa\u0161ikov<\/strong> vo\u010di nemu vo chv\u00edli, ke\u010f s\u00e1m uviedol, \u017ee nie je jeho cie\u013eom sna\u017ei\u0165 sa o \u02b9spettacolo\u02b9 (dramatick\u00e9 preteky). Po tom, \u010do sa t\u00fdmto \u0161t\u00fdlom prezentoval ako snob, nemohol u\u017e d\u00fafa\u0165, \u017ee by niekto chcel obdivova\u0165 jeho v\u00fdkony.<\/p>\n<p>A\u00a0preto, pred za\u010diatkom Gira 1930, t\u00ed najvy\u0161\u0161\u00ed vo veden\u00ed sa stretli a\u00a0uva\u017eovali, \u010do urobia. Bolo jasn\u00e9, \u017ee ak sa Binda objav\u00ed na \u0161tarte, zv\u00ed\u0165az\u00ed. Davy fan\u00fa\u0161ikov by tak boli nahnevan\u00e9, predaj v\u00fdtla\u010dkov La\u00a0Gazetta dello Sport by v\u00fdrazne klesol a\u00a0<strong>celkovo by sa zn\u00ed\u017eil z\u00e1ujem aj o\u00a0beztak nudn\u00e9 Giro<\/strong>. Tak\u00fdto scen\u00e1r nebol teda pr\u00edpustn\u00fd a\u00a0rie\u0161en\u00edm bolo jedin\u00e9 rozhodnutie: <strong>udr\u017ea\u0165 tohto \u010dloveka mimo Gira<\/strong>.<\/p>\n<figure id=\"attachment_10088\" aria-describedby=\"caption-attachment-10088\" style=\"width: 1250px\" class=\"wp-caption alignnone\"><img loading=\"lazy\" decoding=\"async\" class=\"size-full wp-image-10088\" src=\"https:\/\/d2p6e6u75xmxt8.cloudfront.net\/4\/2020\/06\/Alfredo-Binda-profimedia-0285654340.jpg\" alt=\"\" width=\"1250\" height=\"887\" \/><figcaption id=\"caption-attachment-10088\" class=\"wp-caption-text\">Alfredo Binda fini\u0161uje ako druh\u00fd, po\u010das 1. etapy Par\u00ed\u017e-Caen, na 24. ro\u010dn\u00edku Tour de France, 2. j\u00fala 1930. \u00a9 AFP \/ Profimedia<\/figcaption><\/figure>\n<p>A\u00a0ke\u010f nepom\u00e1ha dohov\u00e1ranie, v\u017edy pripadaj\u00fa v\u00a0\u00favahu e\u0161te peniaze. Na\u0161\u0165astie, tak\u00e1to forma kompenz\u00e1cie bola spr\u00e1vnym k\u013e\u00fa\u010dom k\u00a0Alfredovmu srdcu. Samozrejme, <strong>za t\u00fdchto okolnost\u00ed ostane mimo preteky<\/strong>. Ale to, \u017ee by bez tohto z\u00e1sahu vy\u0161\u0161ej moci op\u00e4\u0165 vyhral, bolo jasn\u00e9. Preto po\u017eaduje n\u00e1hradu vo forme v\u00ed\u0165azov\u00fdch prize money. A k tomu hotovos\u0165 za v\u00fdhry v jednotliv\u00fdch etap\u00e1ch (s\u00e1m predpokladal, \u017ee by i\u0161lo celkovo o 6 et\u00e1p). S tro\u0161kou aj pre svoj t\u00edm by i\u0161lo celkovo o <strong>22 500 l\u00edr.<\/strong> (Taliani vymenili l\u00edry za eur\u00e1 v roku 2002).<\/p>\n<p>Prekvapen\u00ed, ale rozhodn\u00ed organiz\u00e1tori sa podvolili. S\u00a0teraz u\u017e vo\u013en\u00fdm harmonogramom, <strong>Alfredo v\u00a0tom istom roku odch\u00e1dzal z\u00a0Tour de France s\u00a0v\u00ed\u0165azstvami z\u00a0et\u00e1p 8 a\u00a09<\/strong>. V\u00a0roku 1933 sa v\u0161ak vr\u00e1til na Giro, aby znovu na konci obliekol ru\u017eov\u00fd dres. Momentom pre vyd\u00fdchnutie organiz\u00e1torov Gira sa stal rok 1935, kedy Il Campionissimo uviedol, \u017ee ide o\u00a0jeho posledn\u00fd ro\u010dn\u00edk. Po tom, \u010do <strong>vyhral vy\u0161e 120\u00a0pretekov<\/strong>, Alfredo odi\u0161iel do \u0161portov\u00e9ho d\u00f4chodku.<\/p>\n<p>A\u00a0mor\u00e1lne pou\u010denie z\u00a0tohto pr\u00edbehu? Ak ste chceli z\u00edska\u0165 re\u0161pekt verejnosti v\u00a0Taliansku v\u00a030-tych rokoch minul\u00e9ho storo\u010dia, bolo dobr\u00e9, ak ste sa postarali aspo\u0148 o\u00a0<strong>nejak\u00e9 nap\u00ednav\u00e9 divadlo<\/strong>. V\u00a0opa\u010dnom pr\u00edpade nem\u00f4\u017eete o\u010dak\u00e1va\u0165, \u017ee v\u00e1s davy bud\u00fa milova\u0165.<\/p>\n","protected":false},"excerpt":{"rendered":"<p>By\u0165 jedine\u010dn\u00fdm v\u00a0istej oblasti nie je v\u017edy nato\u013eko super, akoby sa na prv\u00fd poh\u013ead mohlo zda\u0165. Niekedy sa pr\u00e1ve tak\u00e1to [&hellip;]<\/p>\n","protected":false},"author":172,"featured_media":10090,"comment_status":"open","ping_status":"open","sticky":false,"template":"","format":"standard","meta":{"footnotes":""},"categories":[4],"tags":[1237,275,115,487,546,331,306,65,876,957,753,419,20,269,886],"global-categories":[],"class_list":["post-10086","post","type-post","status-publish","format-standard","has-post-thumbnail","hentry","category-cestna-cyklisitika","tag-alfred-binda","tag-cesta","tag-cestna-cyklistika","tag-cestny-bicykel","tag-cyklistika","tag-etapove-preteky","tag-francuzsko","tag-giro-d-italia","tag-historia","tag-ruzovy-dres","tag-talent","tag-taliansko","tag-tour-de-france","tag-vitaz","tag-vitazstvo"],"yoast_head":"<!-- This site is optimized with the Yoast SEO Premium plugin v25.3 (Yoast SEO v25.9) - https:\/\/yoast.com\/wordpress\/plugins\/seo\/ -->\n<title>Nikto \u0165a tu nechce! Pr\u00edbeh Alfreda Bindu<\/title>\n<meta name=\"description\" content=\"By\u0165 jedine\u010dn\u00fdm a talentovan\u00fdm v\u00a0istej oblasti nie je v\u017edy nato\u013eko super, akoby sa to na prv\u00fd poh\u013ead mohlo zda\u0165.\" \/>\n<meta name=\"robots\" content=\"index, follow, max-snippet:-1, max-image-preview:large, max-video-preview:-1\" \/>\n<link rel=\"canonical\" href=\"https:\/\/www.welovecycling.com\/sk\/2020\/06\/24\/nikto-ta-tu-nechce-pribeh-alfreda-bindu\/\" \/>\n<meta property=\"og:locale\" content=\"sk_SK\" \/>\n<meta property=\"og:type\" content=\"article\" \/>\n<meta property=\"og:title\" content=\"Nikto \u0165a tu nechce! Pr\u00edbeh Alfreda Bindu\" \/>\n<meta property=\"og:description\" content=\"By\u0165 jedine\u010dn\u00fdm a talentovan\u00fdm v\u00a0istej oblasti nie je v\u017edy nato\u013eko super, akoby sa to na prv\u00fd poh\u013ead mohlo zda\u0165.\" \/>\n<meta property=\"og:url\" content=\"https:\/\/www.welovecycling.com\/sk\/2020\/06\/24\/nikto-ta-tu-nechce-pribeh-alfreda-bindu\/\" \/>\n<meta property=\"og:site_name\" content=\"\u0160koda We Love Cycling Slovensko\" \/>\n<meta property=\"article:published_time\" content=\"2020-06-24T08:00:08+00:00\" \/>\n<meta property=\"article:modified_time\" content=\"2023-04-17T08:24:59+00:00\" \/>\n<meta property=\"og:image\" content=\"https:\/\/d2p6e6u75xmxt8.cloudfront.net\/4\/2020\/06\/Alfredo-Binda-CVR.webp\" \/>\n\t<meta property=\"og:image:width\" content=\"1366\" \/>\n\t<meta property=\"og:image:height\" content=\"600\" \/>\n\t<meta property=\"og:image:type\" content=\"image\/webp\" \/>\n<meta name=\"author\" content=\"dominika\" \/>\n<meta name=\"twitter:card\" content=\"summary_large_image\" \/>\n<meta name=\"twitter:label1\" content=\"Written by\" \/>\n\t<meta name=\"twitter:data1\" content=\"Tereza Antonova\" \/>\n\t<meta name=\"twitter:label2\" content=\"Est. reading time\" \/>\n\t<meta name=\"twitter:data2\" content=\"4\" \/>\n<script type=\"application\/ld+json\" class=\"yoast-schema-graph\">{\"@context\":\"https:\/\/schema.org\",\"@graph\":[{\"@type\":\"WebPage\",\"@id\":\"https:\/\/www.welovecycling.com\/sk\/2020\/06\/24\/nikto-ta-tu-nechce-pribeh-alfreda-bindu\/\",\"url\":\"https:\/\/www.welovecycling.com\/sk\/2020\/06\/24\/nikto-ta-tu-nechce-pribeh-alfreda-bindu\/\",\"name\":\"Nikto \u0165a tu nechce! Pr\u00edbeh Alfreda Bindu\",\"isPartOf\":{\"@id\":\"https:\/\/www.welovecycling.com\/sk\/#website\"},\"primaryImageOfPage\":{\"@id\":\"https:\/\/www.welovecycling.com\/sk\/2020\/06\/24\/nikto-ta-tu-nechce-pribeh-alfreda-bindu\/#primaryimage\"},\"image\":{\"@id\":\"https:\/\/www.welovecycling.com\/sk\/2020\/06\/24\/nikto-ta-tu-nechce-pribeh-alfreda-bindu\/#primaryimage\"},\"thumbnailUrl\":\"https:\/\/d2p6e6u75xmxt8.cloudfront.net\/4\/2020\/06\/Alfredo-Binda-CVR.webp\",\"datePublished\":\"2020-06-24T08:00:08+00:00\",\"dateModified\":\"2023-04-17T08:24:59+00:00\",\"author\":{\"@id\":\"https:\/\/www.welovecycling.com\/sk\/#\/schema\/person\/533b62b98b6c41bd5135ebfb1f742624\"},\"description\":\"By\u0165 jedine\u010dn\u00fdm a talentovan\u00fdm v\u00a0istej oblasti nie je v\u017edy nato\u013eko super, akoby sa to na prv\u00fd poh\u013ead mohlo zda\u0165.\",\"breadcrumb\":{\"@id\":\"https:\/\/www.welovecycling.com\/sk\/2020\/06\/24\/nikto-ta-tu-nechce-pribeh-alfreda-bindu\/#breadcrumb\"},\"inLanguage\":\"sk-SK\",\"potentialAction\":[{\"@type\":\"ReadAction\",\"target\":[\"https:\/\/www.welovecycling.com\/sk\/2020\/06\/24\/nikto-ta-tu-nechce-pribeh-alfreda-bindu\/\"]}]},{\"@type\":\"ImageObject\",\"inLanguage\":\"sk-SK\",\"@id\":\"https:\/\/www.welovecycling.com\/sk\/2020\/06\/24\/nikto-ta-tu-nechce-pribeh-alfreda-bindu\/#primaryimage\",\"url\":\"https:\/\/d2p6e6u75xmxt8.cloudfront.net\/4\/2020\/06\/Alfredo-Binda-CVR.webp\",\"contentUrl\":\"https:\/\/d2p6e6u75xmxt8.cloudfront.net\/4\/2020\/06\/Alfredo-Binda-CVR.webp\",\"width\":1366,\"height\":600},{\"@type\":\"BreadcrumbList\",\"@id\":\"https:\/\/www.welovecycling.com\/sk\/2020\/06\/24\/nikto-ta-tu-nechce-pribeh-alfreda-bindu\/#breadcrumb\",\"itemListElement\":[{\"@type\":\"ListItem\",\"position\":1,\"name\":\"Home\",\"item\":\"https:\/\/www.welovecycling.com\/sk\/\"},{\"@type\":\"ListItem\",\"position\":2,\"name\":\"Nikto \u0165a tu nechce! Pr\u00edbeh Alfreda Bindu\"}]},{\"@type\":\"WebSite\",\"@id\":\"https:\/\/www.welovecycling.com\/sk\/#website\",\"url\":\"https:\/\/www.welovecycling.com\/sk\/\",\"name\":\"\u0160koda We Love Cycling Slovensko\",\"description\":\"\u0160koda We Love Cycling Slovensko je v\u00e1\u0161 ka\u017edodenn\u00fd zdroj noviniek a in\u0161pir\u00e1cie z sveta cyklistiky\",\"potentialAction\":[{\"@type\":\"SearchAction\",\"target\":{\"@type\":\"EntryPoint\",\"urlTemplate\":\"https:\/\/www.welovecycling.com\/sk\/?s={search_term_string}\"},\"query-input\":{\"@type\":\"PropertyValueSpecification\",\"valueRequired\":true,\"valueName\":\"search_term_string\"}}],\"inLanguage\":\"sk-SK\"},{\"@type\":\"Person\",\"@id\":\"https:\/\/www.welovecycling.com\/sk\/#\/schema\/person\/533b62b98b6c41bd5135ebfb1f742624\",\"name\":\"dominika\",\"image\":{\"@type\":\"ImageObject\",\"inLanguage\":\"sk-SK\",\"@id\":\"https:\/\/www.welovecycling.com\/sk\/#\/schema\/person\/image\/\",\"url\":\"https:\/\/secure.gravatar.com\/avatar\/ded6f274ba2ec3e17fff153f7d9d96a4b33c2cb63907f75d9a5309c599a7f3e6?s=96&d=mm&r=g\",\"contentUrl\":\"https:\/\/secure.gravatar.com\/avatar\/ded6f274ba2ec3e17fff153f7d9d96a4b33c2cb63907f75d9a5309c599a7f3e6?s=96&d=mm&r=g\",\"caption\":\"dominika\"},\"url\":\"https:\/\/www.welovecycling.com\/sk\/author\/dominika\/\"}]}<\/script>\n<!-- \/ Yoast SEO Premium plugin. -->","yoast_head_json":{"title":"Nikto \u0165a tu nechce! Pr\u00edbeh Alfreda Bindu","description":"By\u0165 jedine\u010dn\u00fdm a talentovan\u00fdm v\u00a0istej oblasti nie je v\u017edy nato\u013eko super, akoby sa to na prv\u00fd poh\u013ead mohlo zda\u0165.","robots":{"index":"index","follow":"follow","max-snippet":"max-snippet:-1","max-image-preview":"max-image-preview:large","max-video-preview":"max-video-preview:-1"},"canonical":"https:\/\/www.welovecycling.com\/sk\/2020\/06\/24\/nikto-ta-tu-nechce-pribeh-alfreda-bindu\/","og_locale":"sk_SK","og_type":"article","og_title":"Nikto \u0165a tu nechce! Pr\u00edbeh Alfreda Bindu","og_description":"By\u0165 jedine\u010dn\u00fdm a talentovan\u00fdm v\u00a0istej oblasti nie je v\u017edy nato\u013eko super, akoby sa to na prv\u00fd poh\u013ead mohlo zda\u0165.","og_url":"https:\/\/www.welovecycling.com\/sk\/2020\/06\/24\/nikto-ta-tu-nechce-pribeh-alfreda-bindu\/","og_site_name":"\u0160koda We Love Cycling Slovensko","article_published_time":"2020-06-24T08:00:08+00:00","article_modified_time":"2023-04-17T08:24:59+00:00","og_image":[{"width":1366,"height":600,"url":"https:\/\/d2p6e6u75xmxt8.cloudfront.net\/4\/2020\/06\/Alfredo-Binda-CVR.webp","type":"image\/webp"}],"author":"dominika","twitter_card":"summary_large_image","twitter_misc":{"Written by":"Tereza Antonova","Est. reading time":"4"},"schema":{"@context":"https:\/\/schema.org","@graph":[{"@type":"WebPage","@id":"https:\/\/www.welovecycling.com\/sk\/2020\/06\/24\/nikto-ta-tu-nechce-pribeh-alfreda-bindu\/","url":"https:\/\/www.welovecycling.com\/sk\/2020\/06\/24\/nikto-ta-tu-nechce-pribeh-alfreda-bindu\/","name":"Nikto \u0165a tu nechce! Pr\u00edbeh Alfreda Bindu","isPartOf":{"@id":"https:\/\/www.welovecycling.com\/sk\/#website"},"primaryImageOfPage":{"@id":"https:\/\/www.welovecycling.com\/sk\/2020\/06\/24\/nikto-ta-tu-nechce-pribeh-alfreda-bindu\/#primaryimage"},"image":{"@id":"https:\/\/www.welovecycling.com\/sk\/2020\/06\/24\/nikto-ta-tu-nechce-pribeh-alfreda-bindu\/#primaryimage"},"thumbnailUrl":"https:\/\/d2p6e6u75xmxt8.cloudfront.net\/4\/2020\/06\/Alfredo-Binda-CVR.webp","datePublished":"2020-06-24T08:00:08+00:00","dateModified":"2023-04-17T08:24:59+00:00","author":{"@id":"https:\/\/www.welovecycling.com\/sk\/#\/schema\/person\/533b62b98b6c41bd5135ebfb1f742624"},"description":"By\u0165 jedine\u010dn\u00fdm a talentovan\u00fdm v\u00a0istej oblasti nie je v\u017edy nato\u013eko super, akoby sa to na prv\u00fd poh\u013ead mohlo zda\u0165.","breadcrumb":{"@id":"https:\/\/www.welovecycling.com\/sk\/2020\/06\/24\/nikto-ta-tu-nechce-pribeh-alfreda-bindu\/#breadcrumb"},"inLanguage":"sk-SK","potentialAction":[{"@type":"ReadAction","target":["https:\/\/www.welovecycling.com\/sk\/2020\/06\/24\/nikto-ta-tu-nechce-pribeh-alfreda-bindu\/"]}]},{"@type":"ImageObject","inLanguage":"sk-SK","@id":"https:\/\/www.welovecycling.com\/sk\/2020\/06\/24\/nikto-ta-tu-nechce-pribeh-alfreda-bindu\/#primaryimage","url":"https:\/\/d2p6e6u75xmxt8.cloudfront.net\/4\/2020\/06\/Alfredo-Binda-CVR.webp","contentUrl":"https:\/\/d2p6e6u75xmxt8.cloudfront.net\/4\/2020\/06\/Alfredo-Binda-CVR.webp","width":1366,"height":600},{"@type":"BreadcrumbList","@id":"https:\/\/www.welovecycling.com\/sk\/2020\/06\/24\/nikto-ta-tu-nechce-pribeh-alfreda-bindu\/#breadcrumb","itemListElement":[{"@type":"ListItem","position":1,"name":"Home","item":"https:\/\/www.welovecycling.com\/sk\/"},{"@type":"ListItem","position":2,"name":"Nikto \u0165a tu nechce! Pr\u00edbeh Alfreda Bindu"}]},{"@type":"WebSite","@id":"https:\/\/www.welovecycling.com\/sk\/#website","url":"https:\/\/www.welovecycling.com\/sk\/","name":"\u0160koda We Love Cycling Slovensko","description":"\u0160koda We Love Cycling Slovensko je v\u00e1\u0161 ka\u017edodenn\u00fd zdroj noviniek a in\u0161pir\u00e1cie z sveta cyklistiky","potentialAction":[{"@type":"SearchAction","target":{"@type":"EntryPoint","urlTemplate":"https:\/\/www.welovecycling.com\/sk\/?s={search_term_string}"},"query-input":{"@type":"PropertyValueSpecification","valueRequired":true,"valueName":"search_term_string"}}],"inLanguage":"sk-SK"},{"@type":"Person","@id":"https:\/\/www.welovecycling.com\/sk\/#\/schema\/person\/533b62b98b6c41bd5135ebfb1f742624","name":"dominika","image":{"@type":"ImageObject","inLanguage":"sk-SK","@id":"https:\/\/www.welovecycling.com\/sk\/#\/schema\/person\/image\/","url":"https:\/\/secure.gravatar.com\/avatar\/ded6f274ba2ec3e17fff153f7d9d96a4b33c2cb63907f75d9a5309c599a7f3e6?s=96&d=mm&r=g","contentUrl":"https:\/\/secure.gravatar.com\/avatar\/ded6f274ba2ec3e17fff153f7d9d96a4b33c2cb63907f75d9a5309c599a7f3e6?s=96&d=mm&r=g","caption":"dominika"},"url":"https:\/\/www.welovecycling.com\/sk\/author\/dominika\/"}]}},"_links":{"self":[{"href":"https:\/\/www.welovecycling.com\/sk\/wp-json\/wp\/v2\/posts\/10086","targetHints":{"allow":["GET"]}}],"collection":[{"href":"https:\/\/www.welovecycling.com\/sk\/wp-json\/wp\/v2\/posts"}],"about":[{"href":"https:\/\/www.welovecycling.com\/sk\/wp-json\/wp\/v2\/types\/post"}],"author":[{"embeddable":true,"href":"https:\/\/www.welovecycling.com\/sk\/wp-json\/wp\/v2\/users\/172"}],"replies":[{"embeddable":true,"href":"https:\/\/www.welovecycling.com\/sk\/wp-json\/wp\/v2\/comments?post=10086"}],"version-history":[{"count":2,"href":"https:\/\/www.welovecycling.com\/sk\/wp-json\/wp\/v2\/posts\/10086\/revisions"}],"predecessor-version":[{"id":17157,"href":"https:\/\/www.welovecycling.com\/sk\/wp-json\/wp\/v2\/posts\/10086\/revisions\/17157"}],"wp:featuredmedia":[{"embeddable":true,"href":"https:\/\/www.welovecycling.com\/sk\/wp-json\/wp\/v2\/media\/10090"}],"wp:attachment":[{"href":"https:\/\/www.welovecycling.com\/sk\/wp-json\/wp\/v2\/media?parent=10086"}],"wp:term":[{"taxonomy":"category","embeddable":true,"href":"https:\/\/www.welovecycling.com\/sk\/wp-json\/wp\/v2\/categories?post=10086"},{"taxonomy":"post_tag","embeddable":true,"href":"https:\/\/www.welovecycling.com\/sk\/wp-json\/wp\/v2\/tags?post=10086"},{"taxonomy":"global-categories","embeddable":true,"href":"https:\/\/www.welovecycling.com\/sk\/wp-json\/wp\/v2\/global-categories?post=10086"}],"curies":[{"name":"wp","href":"https:\/\/api.w.org\/{rel}","templated":true}]}}