{"id":10070,"date":"2020-06-09T16:40:15","date_gmt":"2020-06-09T14:40:15","guid":{"rendered":"https:\/\/www.welovecycling.com\/sk\/?p=10070"},"modified":"2020-06-09T16:41:34","modified_gmt":"2020-06-09T14:41:34","slug":"ride2unite-livestream-4-michael-matthews","status":"publish","type":"post","link":"https:\/\/www.welovecycling.com\/sk\/2020\/06\/09\/ride2unite-livestream-4-michael-matthews\/","title":{"rendered":"#Ride2Unite Livestream 4: Michael Matthews"},"content":{"rendered":"<p><strong>\u00dalohou livestreamov s n\u00e1zvom <em>#Ride2Unite<\/em> je predov\u0161etk\u00fdm zdvihn\u00fa\u0165 v\u00e1m n\u00e1ladu, spolo\u010dne sa zabavi\u0165 a vz\u00e1jomne sa podpori\u0165 v t\u00fdchto n\u00e1ro\u010dn\u00fdch \u010dasoch. Poslan\u00edm We Love Cycling bolo od sam\u00e9ho po\u010diatku podporova\u0165 v\u0161etk\u00fdch fan\u00fa\u0161ikov cyklistiky a prin\u00e1\u0161a\u0165 im nov\u00e9 inform\u00e1cie o ich milovanom \u0161porte. Tv\u00e1rou n\u00e1\u0161ho \u0161tvrt\u00e9ho <em>#Ride2Unite<\/em> livestreamu je dr\u017eite\u013e zelen\u00e9ho dresu z Tour 2017, Michael Matthews!<\/strong><br \/>\n<!--more--><\/p>\n<p>Michaelova prez\u00fdvka \u201eBling\u201c pramen\u00ed z jeho pozoruhodnej l\u00e1ske k leskl\u00fdm n\u00e1u\u0161niciam. Nenechajte sa v\u0161ak zmias\u0165, Michael je jedn\u00fdm z naj\u00faspe\u0161nej\u0161\u00edch austr\u00e1lskych jazdcov v dne\u0161nom pro pelot\u00f3ne. Od roku 2013 si dr\u017e\u00ed s\u00e9riu p\u00f3diov\u00fdch umiestnen\u00ed na Grand Tour a po\u010das svojej \u0161print\u00e9rskej kari\u00e9ry z\u00edskal nieko\u013eko &#8222;dresov&#8220;, vr\u00e1tane zelen\u00e9ho doublu na Par\u00ed\u017e-Nice.<\/p>\n<p><a href=\"https:\/\/www.welovecycling.com\/sk\/tag\/michael-matthews\/\" target=\"_blank\" rel=\"noopener noreferrer\">Nap\u00edsali sme o Michaelovi<\/a><\/p>\n<p>Okrem toho, \u017ee miluje n\u00e1u\u0161nice, je Michael skuto\u010dn\u00fd dobr\u00e1k, ktor\u00fd nadov\u0161etko zbo\u017e\u0148uje svoju dc\u00e9ru, pochut\u00ed si na sushi a bavia ho motok\u00e1ry a motokros. Spolo\u010dnos\u0165 mu bude robi\u0165 na\u0161a o\u010daruj\u00faca hostite\u013eka Laura Meseguerov\u00e1, zn\u00e1ma \u0161panielska \u0161portov\u00e1 novin\u00e1rka a moder\u00e1torka Eurosportu.<\/p>\n<figure id=\"attachment_10071\" aria-describedby=\"caption-attachment-10071\" style=\"width: 1250px\" class=\"wp-caption alignnone\"><img loading=\"lazy\" decoding=\"async\" class=\"size-full wp-image-10071\" src=\"https:\/\/d2p6e6u75xmxt8.cloudfront.net\/4\/2020\/06\/Michael-Matthews-profimedia-0505974943.jpg\" alt=\"\" width=\"1250\" height=\"812\" \/><figcaption id=\"caption-attachment-10071\" class=\"wp-caption-text\">Michael Matthews po\u010das st\u00fapania na 6. etape Paris &#8211; Nice, 13.3.2020. \u00a9 Profimedia<\/figcaption><\/figure>\n<p>A teraz k veci. Budeme ve\u013emi radi, ak sa k n\u00e1m <strong>u\u017e t\u00fato stredu od 18:00<\/strong> prid\u00e1te na ofici\u00e1lnom <a href=\"https:\/\/www.instagram.com\/wlcmagazine\/\" target=\"_blank\" rel=\"noopener noreferrer\">Instagrame We Love Cycling<\/a> po\u010das livestreamu. \u010cakaj\u00fa n\u00e1s napr. t\u00e9my ako rodina a profesion\u00e1lna cyklistika, Michaelove pam\u00e4tn\u00e9 preteky, jazdenie s Team Sunweb, zru\u0161en\u00e1 sez\u00f3na 2020 a ako najlep\u0161ie tr\u00e9nova\u0165, ke\u010f ste dva mesiace doma.<\/p>\n<p>Te\u0161\u00edme sa na v\u00e1s.<\/p>\n","protected":false},"excerpt":{"rendered":"<p>\u00dalohou livestreamov s n\u00e1zvom #Ride2Unite je predov\u0161etk\u00fdm zdvihn\u00fa\u0165 v\u00e1m n\u00e1ladu, spolo\u010dne sa zabavi\u0165 a vz\u00e1jomne sa podpori\u0165 v t\u00fdchto n\u00e1ro\u010dn\u00fdch [&hellip;]<\/p>\n","protected":false},"author":38,"featured_media":10073,"comment_status":"open","ping_status":"open","sticky":false,"template":"","format":"standard","meta":{"footnotes":""},"categories":[4,63,118],"tags":[1235,154,1234,1236],"global-categories":[],"class_list":["post-10070","post","type-post","status-publish","format-standard","has-post-thumbnail","hentry","category-cestna-cyklisitika","category-grand-tour","category-zabava","tag-livestream","tag-michael-matthews","tag-ride2unite","tag-team-sunweb"],"yoast_head":"<!-- This site is optimized with the Yoast SEO Premium plugin v25.3 (Yoast SEO v25.9) - https:\/\/yoast.com\/wordpress\/plugins\/seo\/ -->\n<title>#Ride2Unite Livestream 4: Michael Matthews - \u0160koda We Love Cycling Slovensko<\/title>\n<meta name=\"robots\" content=\"index, follow, max-snippet:-1, max-image-preview:large, max-video-preview:-1\" \/>\n<link rel=\"canonical\" href=\"https:\/\/www.welovecycling.com\/sk\/2020\/06\/09\/ride2unite-livestream-4-michael-matthews\/\" \/>\n<meta property=\"og:locale\" content=\"sk_SK\" \/>\n<meta property=\"og:type\" content=\"article\" \/>\n<meta property=\"og:title\" content=\"#Ride2Unite Livestream 4: Michael Matthews\" \/>\n<meta property=\"og:description\" content=\"\u00dalohou livestreamov s n\u00e1zvom #Ride2Unite je predov\u0161etk\u00fdm zdvihn\u00fa\u0165 v\u00e1m n\u00e1ladu, spolo\u010dne sa zabavi\u0165 a vz\u00e1jomne sa podpori\u0165 v t\u00fdchto n\u00e1ro\u010dn\u00fdch [&hellip;]\" \/>\n<meta property=\"og:url\" content=\"https:\/\/www.welovecycling.com\/sk\/2020\/06\/09\/ride2unite-livestream-4-michael-matthews\/\" \/>\n<meta property=\"og:site_name\" content=\"\u0160koda We Love Cycling Slovensko\" \/>\n<meta property=\"article:published_time\" content=\"2020-06-09T14:40:15+00:00\" \/>\n<meta property=\"article:modified_time\" content=\"2020-06-09T14:41:34+00:00\" \/>\n<meta property=\"og:image\" content=\"https:\/\/d2p6e6u75xmxt8.cloudfront.net\/4\/2020\/06\/MIchael-Matthews-CVR.webp\" \/>\n\t<meta property=\"og:image:width\" content=\"1366\" \/>\n\t<meta property=\"og:image:height\" content=\"600\" \/>\n\t<meta property=\"og:image:type\" content=\"image\/webp\" \/>\n<meta name=\"author\" content=\"Ondrej Ga\u0161par\" \/>\n<meta name=\"twitter:card\" content=\"summary_large_image\" \/>\n<meta name=\"twitter:label1\" content=\"Written by\" \/>\n\t<meta name=\"twitter:data1\" content=\"t\u00edm We Love Cycling\" \/>\n\t<meta name=\"twitter:label2\" content=\"Est. reading time\" \/>\n\t<meta name=\"twitter:data2\" content=\"3\" \/>\n<script type=\"application\/ld+json\" class=\"yoast-schema-graph\">{\"@context\":\"https:\/\/schema.org\",\"@graph\":[{\"@type\":\"WebPage\",\"@id\":\"https:\/\/www.welovecycling.com\/sk\/2020\/06\/09\/ride2unite-livestream-4-michael-matthews\/\",\"url\":\"https:\/\/www.welovecycling.com\/sk\/2020\/06\/09\/ride2unite-livestream-4-michael-matthews\/\",\"name\":\"#Ride2Unite Livestream 4: Michael Matthews - \u0160koda We Love Cycling Slovensko\",\"isPartOf\":{\"@id\":\"https:\/\/www.welovecycling.com\/sk\/#website\"},\"primaryImageOfPage\":{\"@id\":\"https:\/\/www.welovecycling.com\/sk\/2020\/06\/09\/ride2unite-livestream-4-michael-matthews\/#primaryimage\"},\"image\":{\"@id\":\"https:\/\/www.welovecycling.com\/sk\/2020\/06\/09\/ride2unite-livestream-4-michael-matthews\/#primaryimage\"},\"thumbnailUrl\":\"https:\/\/d2p6e6u75xmxt8.cloudfront.net\/4\/2020\/06\/MIchael-Matthews-CVR.webp\",\"datePublished\":\"2020-06-09T14:40:15+00:00\",\"dateModified\":\"2020-06-09T14:41:34+00:00\",\"author\":{\"@id\":\"https:\/\/www.welovecycling.com\/sk\/#\/schema\/person\/8ee09ba39b7e25b1870160aa5b3a89bc\"},\"breadcrumb\":{\"@id\":\"https:\/\/www.welovecycling.com\/sk\/2020\/06\/09\/ride2unite-livestream-4-michael-matthews\/#breadcrumb\"},\"inLanguage\":\"sk-SK\",\"potentialAction\":[{\"@type\":\"ReadAction\",\"target\":[\"https:\/\/www.welovecycling.com\/sk\/2020\/06\/09\/ride2unite-livestream-4-michael-matthews\/\"]}]},{\"@type\":\"ImageObject\",\"inLanguage\":\"sk-SK\",\"@id\":\"https:\/\/www.welovecycling.com\/sk\/2020\/06\/09\/ride2unite-livestream-4-michael-matthews\/#primaryimage\",\"url\":\"https:\/\/d2p6e6u75xmxt8.cloudfront.net\/4\/2020\/06\/MIchael-Matthews-CVR.webp\",\"contentUrl\":\"https:\/\/d2p6e6u75xmxt8.cloudfront.net\/4\/2020\/06\/MIchael-Matthews-CVR.webp\",\"width\":1366,\"height\":600},{\"@type\":\"BreadcrumbList\",\"@id\":\"https:\/\/www.welovecycling.com\/sk\/2020\/06\/09\/ride2unite-livestream-4-michael-matthews\/#breadcrumb\",\"itemListElement\":[{\"@type\":\"ListItem\",\"position\":1,\"name\":\"Home\",\"item\":\"https:\/\/www.welovecycling.com\/sk\/\"},{\"@type\":\"ListItem\",\"position\":2,\"name\":\"#Ride2Unite Livestream 4: Michael Matthews\"}]},{\"@type\":\"WebSite\",\"@id\":\"https:\/\/www.welovecycling.com\/sk\/#website\",\"url\":\"https:\/\/www.welovecycling.com\/sk\/\",\"name\":\"\u0160koda We Love Cycling Slovensko\",\"description\":\"\u0160koda We Love Cycling Slovensko je v\u00e1\u0161 ka\u017edodenn\u00fd zdroj noviniek a in\u0161pir\u00e1cie z sveta cyklistiky\",\"potentialAction\":[{\"@type\":\"SearchAction\",\"target\":{\"@type\":\"EntryPoint\",\"urlTemplate\":\"https:\/\/www.welovecycling.com\/sk\/?s={search_term_string}\"},\"query-input\":{\"@type\":\"PropertyValueSpecification\",\"valueRequired\":true,\"valueName\":\"search_term_string\"}}],\"inLanguage\":\"sk-SK\"},{\"@type\":\"Person\",\"@id\":\"https:\/\/www.welovecycling.com\/sk\/#\/schema\/person\/8ee09ba39b7e25b1870160aa5b3a89bc\",\"name\":\"Ondrej Ga\u0161par\",\"image\":{\"@type\":\"ImageObject\",\"inLanguage\":\"sk-SK\",\"@id\":\"https:\/\/www.welovecycling.com\/sk\/#\/schema\/person\/image\/\",\"url\":\"https:\/\/secure.gravatar.com\/avatar\/6126c9afb87b70da5abbb083ddbb21933da15f18f8ca7cb822aba0fb096a48f6?s=96&d=mm&r=g\",\"contentUrl\":\"https:\/\/secure.gravatar.com\/avatar\/6126c9afb87b70da5abbb083ddbb21933da15f18f8ca7cb822aba0fb096a48f6?s=96&d=mm&r=g\",\"caption\":\"Ondrej Ga\u0161par\"},\"url\":\"https:\/\/www.welovecycling.com\/sk\/author\/ondrejgaspar\/\"}]}<\/script>\n<!-- \/ Yoast SEO Premium plugin. -->","yoast_head_json":{"title":"#Ride2Unite Livestream 4: Michael Matthews - \u0160koda We Love Cycling Slovensko","robots":{"index":"index","follow":"follow","max-snippet":"max-snippet:-1","max-image-preview":"max-image-preview:large","max-video-preview":"max-video-preview:-1"},"canonical":"https:\/\/www.welovecycling.com\/sk\/2020\/06\/09\/ride2unite-livestream-4-michael-matthews\/","og_locale":"sk_SK","og_type":"article","og_title":"#Ride2Unite Livestream 4: Michael Matthews","og_description":"\u00dalohou livestreamov s n\u00e1zvom #Ride2Unite je predov\u0161etk\u00fdm zdvihn\u00fa\u0165 v\u00e1m n\u00e1ladu, spolo\u010dne sa zabavi\u0165 a vz\u00e1jomne sa podpori\u0165 v t\u00fdchto n\u00e1ro\u010dn\u00fdch [&hellip;]","og_url":"https:\/\/www.welovecycling.com\/sk\/2020\/06\/09\/ride2unite-livestream-4-michael-matthews\/","og_site_name":"\u0160koda We Love Cycling Slovensko","article_published_time":"2020-06-09T14:40:15+00:00","article_modified_time":"2020-06-09T14:41:34+00:00","og_image":[{"width":1366,"height":600,"url":"https:\/\/d2p6e6u75xmxt8.cloudfront.net\/4\/2020\/06\/MIchael-Matthews-CVR.webp","type":"image\/webp"}],"author":"Ondrej Ga\u0161par","twitter_card":"summary_large_image","twitter_misc":{"Written by":"t\u00edm We Love Cycling","Est. reading time":"3"},"schema":{"@context":"https:\/\/schema.org","@graph":[{"@type":"WebPage","@id":"https:\/\/www.welovecycling.com\/sk\/2020\/06\/09\/ride2unite-livestream-4-michael-matthews\/","url":"https:\/\/www.welovecycling.com\/sk\/2020\/06\/09\/ride2unite-livestream-4-michael-matthews\/","name":"#Ride2Unite Livestream 4: Michael Matthews - \u0160koda We Love Cycling Slovensko","isPartOf":{"@id":"https:\/\/www.welovecycling.com\/sk\/#website"},"primaryImageOfPage":{"@id":"https:\/\/www.welovecycling.com\/sk\/2020\/06\/09\/ride2unite-livestream-4-michael-matthews\/#primaryimage"},"image":{"@id":"https:\/\/www.welovecycling.com\/sk\/2020\/06\/09\/ride2unite-livestream-4-michael-matthews\/#primaryimage"},"thumbnailUrl":"https:\/\/d2p6e6u75xmxt8.cloudfront.net\/4\/2020\/06\/MIchael-Matthews-CVR.webp","datePublished":"2020-06-09T14:40:15+00:00","dateModified":"2020-06-09T14:41:34+00:00","author":{"@id":"https:\/\/www.welovecycling.com\/sk\/#\/schema\/person\/8ee09ba39b7e25b1870160aa5b3a89bc"},"breadcrumb":{"@id":"https:\/\/www.welovecycling.com\/sk\/2020\/06\/09\/ride2unite-livestream-4-michael-matthews\/#breadcrumb"},"inLanguage":"sk-SK","potentialAction":[{"@type":"ReadAction","target":["https:\/\/www.welovecycling.com\/sk\/2020\/06\/09\/ride2unite-livestream-4-michael-matthews\/"]}]},{"@type":"ImageObject","inLanguage":"sk-SK","@id":"https:\/\/www.welovecycling.com\/sk\/2020\/06\/09\/ride2unite-livestream-4-michael-matthews\/#primaryimage","url":"https:\/\/d2p6e6u75xmxt8.cloudfront.net\/4\/2020\/06\/MIchael-Matthews-CVR.webp","contentUrl":"https:\/\/d2p6e6u75xmxt8.cloudfront.net\/4\/2020\/06\/MIchael-Matthews-CVR.webp","width":1366,"height":600},{"@type":"BreadcrumbList","@id":"https:\/\/www.welovecycling.com\/sk\/2020\/06\/09\/ride2unite-livestream-4-michael-matthews\/#breadcrumb","itemListElement":[{"@type":"ListItem","position":1,"name":"Home","item":"https:\/\/www.welovecycling.com\/sk\/"},{"@type":"ListItem","position":2,"name":"#Ride2Unite Livestream 4: Michael Matthews"}]},{"@type":"WebSite","@id":"https:\/\/www.welovecycling.com\/sk\/#website","url":"https:\/\/www.welovecycling.com\/sk\/","name":"\u0160koda We Love Cycling Slovensko","description":"\u0160koda We Love Cycling Slovensko je v\u00e1\u0161 ka\u017edodenn\u00fd zdroj noviniek a in\u0161pir\u00e1cie z sveta cyklistiky","potentialAction":[{"@type":"SearchAction","target":{"@type":"EntryPoint","urlTemplate":"https:\/\/www.welovecycling.com\/sk\/?s={search_term_string}"},"query-input":{"@type":"PropertyValueSpecification","valueRequired":true,"valueName":"search_term_string"}}],"inLanguage":"sk-SK"},{"@type":"Person","@id":"https:\/\/www.welovecycling.com\/sk\/#\/schema\/person\/8ee09ba39b7e25b1870160aa5b3a89bc","name":"Ondrej Ga\u0161par","image":{"@type":"ImageObject","inLanguage":"sk-SK","@id":"https:\/\/www.welovecycling.com\/sk\/#\/schema\/person\/image\/","url":"https:\/\/secure.gravatar.com\/avatar\/6126c9afb87b70da5abbb083ddbb21933da15f18f8ca7cb822aba0fb096a48f6?s=96&d=mm&r=g","contentUrl":"https:\/\/secure.gravatar.com\/avatar\/6126c9afb87b70da5abbb083ddbb21933da15f18f8ca7cb822aba0fb096a48f6?s=96&d=mm&r=g","caption":"Ondrej Ga\u0161par"},"url":"https:\/\/www.welovecycling.com\/sk\/author\/ondrejgaspar\/"}]}},"_links":{"self":[{"href":"https:\/\/www.welovecycling.com\/sk\/wp-json\/wp\/v2\/posts\/10070","targetHints":{"allow":["GET"]}}],"collection":[{"href":"https:\/\/www.welovecycling.com\/sk\/wp-json\/wp\/v2\/posts"}],"about":[{"href":"https:\/\/www.welovecycling.com\/sk\/wp-json\/wp\/v2\/types\/post"}],"author":[{"embeddable":true,"href":"https:\/\/www.welovecycling.com\/sk\/wp-json\/wp\/v2\/users\/38"}],"replies":[{"embeddable":true,"href":"https:\/\/www.welovecycling.com\/sk\/wp-json\/wp\/v2\/comments?post=10070"}],"version-history":[{"count":2,"href":"https:\/\/www.welovecycling.com\/sk\/wp-json\/wp\/v2\/posts\/10070\/revisions"}],"predecessor-version":[{"id":10079,"href":"https:\/\/www.welovecycling.com\/sk\/wp-json\/wp\/v2\/posts\/10070\/revisions\/10079"}],"wp:featuredmedia":[{"embeddable":true,"href":"https:\/\/www.welovecycling.com\/sk\/wp-json\/wp\/v2\/media\/10073"}],"wp:attachment":[{"href":"https:\/\/www.welovecycling.com\/sk\/wp-json\/wp\/v2\/media?parent=10070"}],"wp:term":[{"taxonomy":"category","embeddable":true,"href":"https:\/\/www.welovecycling.com\/sk\/wp-json\/wp\/v2\/categories?post=10070"},{"taxonomy":"post_tag","embeddable":true,"href":"https:\/\/www.welovecycling.com\/sk\/wp-json\/wp\/v2\/tags?post=10070"},{"taxonomy":"global-categories","embeddable":true,"href":"https:\/\/www.welovecycling.com\/sk\/wp-json\/wp\/v2\/global-categories?post=10070"}],"curies":[{"name":"wp","href":"https:\/\/api.w.org\/{rel}","templated":true}]}}