{"id":10045,"date":"2020-06-12T10:00:17","date_gmt":"2020-06-12T08:00:17","guid":{"rendered":"https:\/\/www.welovecycling.com\/sk\/?p=10045"},"modified":"2020-06-10T08:48:40","modified_gmt":"2020-06-10T06:48:40","slug":"organizacie-ktore-pomahaju-zenam-v-cyklisticke","status":"publish","type":"post","link":"https:\/\/www.welovecycling.com\/sk\/2020\/06\/12\/organizacie-ktore-pomahaju-zenam-v-cyklisticke\/","title":{"rendered":"Organiz\u00e1cie, ktor\u00e9 pom\u00e1haj\u00fa \u017een\u00e1m v cyklistike"},"content":{"rendered":"<p><strong>Pre ka\u017ed\u00e9ho, kto sa odhodl\u00e1 po prv\u00fdkr\u00e1t vysadn\u00fa\u0165 do sedla bicykla, je podpora zo strany ostatn\u00fdch jedn\u00fdm z najfam\u00f3znej\u0161\u00edch n\u00e1strojov, ako si vytvori\u0165 sebad\u00f4veru, priate\u013estvo a vychutn\u00e1va\u0165 si nekon\u010diacu rados\u0165 z cyklistiky. Nane\u0161\u0165astie realita aj v mnoh\u00fdch in\u00fdch \u0161portov\u00fdch, pracovn\u00fdch alebo soci\u00e1lnych komunit\u00e1ch je, \u017ee \u017eeny ost\u00e1vaj\u00fa \u010dasto v \u00fazad\u00ed. Aj ke\u010f ako spolo\u010dnos\u0165 v\u0161eobecne prij\u00edmame, \u017ee \u013eudia maj\u00fa rovnak\u00e9 pr\u00e1vo a slobodu, na prekon\u00e1vanie trad\u00edci\u00ed a zvykov z minulosti potrebujeme \u010das.<\/strong><!--more--><\/p>\n<p>Na\u0161\u0165astie mnoho organiz\u00e1ci\u00ed usilovne pracuje na tom, aby tieto <strong>nedostatky prekonali a na\u0161li potrebn\u00e9 rie\u0161enia<\/strong>. \u010ci u\u017e chcete pom\u00f4c\u0165, alebo prida\u0165 sa k niektor\u00fdm z t\u00fdchto in\u0161tit\u00faci\u00ed, in\u0161pirova\u0165 sa pre vlastn\u00fd \u0161tart, alebo sa len jednoducho nau\u010di\u0165 nie\u010do o t\u00fdchto skvel\u00fdch \u013eu\u010foch, ktor\u00ed pracuj\u00fa pre to, aby propagovali \u017eensk\u00fa cyklistiku. <strong>Pon\u00fakame v\u00e1m nieko\u013eko pr\u00edkladov.<\/strong><\/p>\n<h2><strong>The Amy D Foundation<\/strong><\/h2>\n<p>N\u00e1rodn\u00e1 \u0161ampi\u00f3nka do 23 rokov v cestnej, horskej cyklistike a cyklokrose, Amy Dombroski, mala len 26 rokov, ke\u010f tragicky zomrela po\u010das tr\u00e9ningu v Belgicku. T\u00e1to vych\u00e1dzaj\u00faca hviezda v cyklistickom svete, aj napriek svojej pr\u00edli\u0161 kr\u00e1tkej kari\u00e9re, <strong>dok\u00e1zala by\u0165 in\u0161pir\u00e1ciou a motiv\u00e1ciou pre mnoh\u00fdch<\/strong>, ktor\u00ed svojou pr\u00e1cou dodnes pripom\u00ednaj\u00fa jej spomienku. Vyrastaj\u00fac z obrazu mladej \u0161ampi\u00f3nky, nad\u00e1cia <a href=\"https:\/\/amydfoundation.org\/\" rel=\"noopener noreferrer\" target=\"_blank\">Amy D Foundation<\/a> je pokra\u010duj\u00facim odkazom radosti z cyklistiky.<br \/>\nhttps:\/\/www.instagram.com\/p\/B_kYJR6laR9\/<\/p>\n<p>Jej n\u00e1pl\u0148ou je <strong>podporova\u0165 a povzbudzova\u0165 mlad\u00e9 \u017eeny<\/strong> v ich cyklistickom \u017eivote. Nad\u00e1cia tak pom\u00e1ha propagova\u0165 cyklistiku ako aj \u017eensk\u00fd \u0161port, v ktorom je oporou t\u00fdmto pretek\u00e1rkam pri ceste k plneniu ich snov. Zameriava sa na cestn\u00fa, horsk\u00fa cyklistiku a cyklokros. Aj ke\u010f podujatia, ktor\u00e9 zastre\u0161ovala v roku 2020 s\u00fa odlo\u017een\u00e9, st\u00e1le dok\u00e1\u017ee prostredn\u00edctvom soci\u00e1lnych siet\u00ed udr\u017eiava\u0165 ducha tejto nad\u00e1cie na\u017eive &#8211; poukazuje na n\u00e1dejn\u00e9 jazdkyne a pon\u00faka najr\u00f4znej\u0161ie inform\u00e1cie &#8211; od tr\u00e9ningov\u00fdch r\u00e1d a\u017e po recepty pre stravu pred a po tr\u00e9ningu.<\/p>\n<h2><strong>Black Girls Do Bike<\/strong><\/h2>\n<p>S mottom <em>\u201eJe to ako pep rally (povzbudenie pred akciou) pre \u010dierne diev\u010dat\u00e1 na bicykloch.\u201c<\/em> <a href=\"https:\/\/www.blackgirlsdobike.com\/\" rel=\"noopener noreferrer\" target=\"_blank\">BGDB<\/a> sa zameriava na <strong>podporu \u017eien, ktor\u00e9 zdie\u013eaj\u00fa z\u00e1pal pre cyklistiku<\/strong>. Aj ke\u010f je ich cie\u013eom a snahou prezentova\u0165 cyklistiku ako \u0161port pre v\u0161etk\u00fdch &#8211; tak predov\u0161etk\u00fdm je to pre st\u00e1le mal\u00fa komunitu \u017eien. Svoje sily sa sna\u017eia smerova\u0165 najm\u00e4 na rie\u0161enie ot\u00e1zky diverzity etnick\u00fdch skup\u00edn, a teda pom\u00e1ha\u0165 \u017een\u00e1m a diev\u010dat\u00e1m s inou farbou pleti.<\/p>\n<lite-youtube videoid=85yaX9QFVGA params=\"enablejsapi=1\" style=\"background-image: url('https:\/\/i.ytimg.com\/vi_webp\/85yaX9QFVGA\/maxresdefault.webp');\"><\/lite-youtube>\n<p>V s\u00fa\u010dasnosti disponuj\u00fa vlastnoru\u010dne vytvoren\u00fdm prostred\u00edm v podobe miesta, kde sa cyklistky m\u00f4\u017eu stret\u00e1va\u0165, kde m\u00f4\u017eu z\u00edskava\u0165 rady, podporu, organizova\u0165 stretnutia a spolo\u010dn\u00e9 jazdy a propagova\u0165 nadobudnut\u00e9 zru\u010dnosti. \u010ci u\u017e ide o bicykel ako sp\u00f4sob dopravy, starostlivos\u0165 o seba, alebo celkovo posilnenie komunity, ich cie\u013e sa zameriava na pril\u00e1kanie v\u00e4\u010d\u0161ieho mno\u017estva \u017eien do cyklistick\u00e9ho sveta. <strong>V uplynul\u00fdch mesiacoch dok\u00e1zali zastre\u0161ova\u0165 mnoh\u00e9 virtu\u00e1lne podujatia<\/strong>, zameriavaj\u00face sa na vzdel\u00e1vanie, bezpe\u010dnos\u0165 \u010di podporu \u017eien. V bud\u00facnosti v tom chc\u00fa samozrejme pokra\u010dova\u0165 a vr\u00e1ti\u0165 sa sp\u00e4\u0165 na skuto\u010dn\u00e9 cesty.<\/p>\n<h2><strong>Little Bellas<\/strong><\/h2>\n<p><a href=\"https:\/\/littlebellas.com\/\" rel=\"noopener noreferrer\" target=\"_blank\">Little Bellas<\/a> je organiz\u00e1cia p\u00f4sobiaca v horskej cyklistike, ktorej snahy sa upriamuj\u00fa na mlad\u00e9 diev\u010dat\u00e1, <strong>ktor\u00e9 prostredn\u00edctvom cyklistiky m\u00f4\u017eu objavova\u0165 svoje skryt\u00e9 potenci\u00e1ly<\/strong>. Sestry Lea a Sabra vyrastali spolo\u010dne vo Vermonte, kde ich sp\u00e1jala aj l\u00e1ska k pr\u00edrode. Tento z\u00e1\u017eitok chceli posun\u00fa\u0165 \u010falej a podeli\u0165 sa o\u0148 s ostatn\u00fdmi. Ich projekt sa \u010doskoro stal organiz\u00e1ciou, ktor\u00e1 sp\u00e1ja diev\u010dat\u00e1 medzi 7 a 16 rokom veku s doh\u013eadom \u017eensk\u00fdch mentoriek. Little Bellas programy pou\u017e\u00edvaj\u00fa horsk\u00fa cyklistiku ako n\u00e1stroj pre u\u010denie d\u00f4le\u017eitosti t\u00edmovej pr\u00e1ce, stanovenia si cie\u013eov a dodr\u017eiavania zdrav\u00e9ho \u017eivotn\u00e9ho \u0161t\u00fdlu.<\/p>\n<p>https:\/\/www.instagram.com\/p\/B_YosJAF0Pp\/<\/p>\n<p>V ich \u010dinnosti mo\u017eno n\u00e1js\u0165 t\u00fd\u017edenn\u00e9 letn\u00e9 t\u00e1bory a viacdenn\u00e9 kempy, ktor\u00e9 s\u00fa postaven\u00e9 okolo my\u0161lienky <strong>zlep\u0161enia zru\u010dnost\u00ed spolupracova\u0165 v skupine<\/strong>. S d\u00f4razom na tvorenie priate\u013estiev a z\u00e1bavy d\u00fafaj\u00fa, \u017ee dok\u00e1\u017eu u t\u00fdchto diev\u010dat vytvori\u0165 pevn\u00e9 puto medzi cyklistikou a budovan\u00edm sebad\u00f4very u\u017e od ran\u00e9ho veku.<\/p>\n<h2><strong>Get Women Cycling<\/strong><\/h2>\n<p>S cie\u013eom pozdvihn\u00fa\u0165 a udr\u017ea\u0165 \u00farove\u0148 d\u00e1mskej cyklistiky prostredn\u00edctvom anga\u017eovanosti, vzdel\u00e1vania a reforiem, <a href=\"http:\/\/www.getwomencycling.com\/\" rel=\"noopener noreferrer\" target=\"_blank\">GWC<\/a> pon\u00faka svojim \u010dlenk\u00e1m slu\u017eby, vedomosti a podporu, ktor\u00fa potrebuj\u00fa k tomu, <strong>aby sa dok\u00e1zali dosta\u0165 do kontaktu s cyklistikou a zotrva\u0165 v nej<\/strong>. Ich s\u00eddlo je New York City, kde poskytuj\u00fa konzult\u00e1cie, pomoc pri oprav\u00e1ch, n\u00e1zorn\u00e9 uk\u00e1\u017eky pre bezpe\u010dnos\u0165 pri jazden\u00ed a vzdel\u00e1vacie workshopy. Rovnako organizuj\u00fa a ved\u00fa sprev\u00e1dzan\u00e9 cyklistick\u00e9 v\u00fdjazdy, pri ktor\u00fdch poskytuj\u00fa mo\u017enos\u0165 nov\u00fdm \u010dlenk\u00e1m spozna\u0165 svoje kolegyne na dvoch koles\u00e1ch a objavi\u0165 \u010daro pri\u013eahl\u00e9ho okolia.<\/p>\n<div class=\"embed-controller-wrapper\">\n<blockquote class=\"twitter-tweet\" data-width=\"500\" data-dnt=\"true\">\n<p lang=\"en\" dir=\"ltr\">For those of you in need of assistance with your bike commutes call our toll free number (888) 632-3435 for 1:1 help with bicycle and accessory purchases, maintenance\/repair knowledge, street safety tips <a href=\"https:\/\/twitter.com\/hashtag\/AloneTogether?src=hash&amp;ref_src=twsrc%5Etfw\">#AloneTogether<\/a> <a href=\"https:\/\/twitter.com\/hashtag\/FlattenTheCurve?src=hash&amp;ref_src=twsrc%5Etfw\">#FlattenTheCurve<\/a> <a href=\"https:\/\/twitter.com\/NYC_DOT?ref_src=twsrc%5Etfw\">@NYC_DOT<\/a> <a href=\"https:\/\/twitter.com\/TransAlt?ref_src=twsrc%5Etfw\">@TransAlt<\/a> <a href=\"https:\/\/twitter.com\/StreetsPAC?ref_src=twsrc%5Etfw\">@StreetsPAC<\/a><\/p>\n<p>&mdash; GetWomenCycling (@GetWomenCycling) <a href=\"https:\/\/twitter.com\/GetWomenCycling\/status\/1241171278494654465?ref_src=twsrc%5Etfw\">March 21, 2020<\/a><\/p><\/blockquote>\n<p><script async data-src=\"https:\/\/platform.twitter.com\/widgets.js\" charset=\"utf-8\"><\/script><\/div>\n<p>Ke\u010f\u017ee ich snahou je zameriava\u0165 sa na podporu a vzdel\u00e1vanie v oblasti dopravy v meste, svoje \u00fastredn\u00e9 body stanovili predov\u0161etk\u00fdm vo vytv\u00e1ran\u00ed diskusi\u00ed a zmene doteraj\u0161\u00edch z\u00e1konov. Naviac, pri snahe <strong>pril\u00e1ka\u0165 v\u00e4\u010d\u0161ie mno\u017estvo \u017eien k cyklistike<\/strong>, pracuj\u00fa na projekte urobi\u0165 dopravu v mest\u00e1ch bezpe\u010dnej\u0161ou pre v\u0161etk\u00fdch.<\/p>\n<h2><strong>Cycling Without Age (Cyklistika bez vekov\u00fdch hran\u00edc)<\/strong><\/h2>\n<p>Aj ke\u010f <a href=\"https:\/\/cyclingwithoutage.org\/\" rel=\"noopener noreferrer\" target=\"_blank\">Cycling Without Age<\/a> nie je organiz\u00e1cia zameriavaj\u00faca sa v\u00fdlu\u010dne na \u017eeny, zasl\u00fa\u017eia si \u0161peci\u00e1lnu zmienku o ich vynikaj\u00facej pr\u00e1ci, ktor\u00fa vo svete cyklistiky vykon\u00e1vaj\u00fa. T\u00e1to vz\u00e1jomn\u00e1 iniciat\u00edva, ktor\u00e1 sa <strong>sna\u017e\u00ed pom\u00f4c\u0165 star\u0161\u00edm ob\u010danom z\u00fa\u010dast\u0148ova\u0165 sa na cyklistickom dian\u00ed<\/strong> v ich \u017eivotoch ver\u00ed, \u017ee ka\u017ed\u00fd m\u00e1 <em>\u201epr\u00e1vo na vietor vo vlasoch\u201c<\/em> a svojou \u010dinnos\u0165ou naprie\u010d cel\u00fdm svetom dok\u00e1zali spr\u00e1vnos\u0165 svojho tvrdenia.<\/p>\n<lite-youtube videoid=O6Ti4qUa-OU params=\"enablejsapi=1\" style=\"background-image: url('https:\/\/i.ytimg.com\/vi_webp\/O6Ti4qUa-OU\/maxresdefault.webp');\"><\/lite-youtube>\n<p>Pri h\u013eadan\u00ed sp\u00f4sobov, ako pom\u00f4c\u0165 star\u0161\u00edm \u013eu\u010fom dosta\u0165 sa sp\u00e4\u0165 na bicykle aj napriek ich obmedzenej mobilite, CWA vyu\u017e\u00edva trojkolky a sie\u0165 dobrovo\u013en\u00edkov na to, <strong>aby spojila cyklistov s ich lok\u00e1lnymi opatrovate\u013esk\u00fdmi domovmi<\/strong>. V s\u00fa\u010dasnosti maj\u00fa vy\u0161e 33 000 pomocn\u00edkov, ktor\u00ed sa staraj\u00fa o to, aby t\u00edto star\u0161\u00ed ob\u010dania dok\u00e1zali aspo\u0148 na chv\u00ed\u013eu opusti\u0165 opateru profesion\u00e1lov a <strong>vyrazi\u0165 na \u010derstv\u00fd vzduch na dvoch koles\u00e1ch<\/strong>.<\/p>\n<h2><strong>Bajkerky<\/strong><\/h2>\n<p>Na Slovensku existuje skupina \u017eien, ktor\u00e1 nesie ozna\u010denie \u201eBajkerky\u201c. Ich mottom je: <em>\u201eChceme objavova\u0165 nov\u00e9 miesta a stret\u00e1va\u0165 sa s \u010fal\u0161\u00edmi bajkerkami.&#8220;<\/em> Aj t\u00e1to funguj\u00faca skupina je d\u00f4kazom, <strong>\u017ee n\u00e1\u0161 \u0161port nie je len dom\u00e9nou mu\u017eskej popul\u00e1cie<\/strong>. Ako sk\u013abi\u0165 starostlivos\u0165 o rodinu, pr\u00e1cu a cyklistiku? Jednotliv\u00e9 \u010dlenky si m\u00f4\u017eu prostredn\u00edctvom soci\u00e1lnych siet\u00ed, ale aj pri osobn\u00fdch stretnutiach, vymie\u0148a\u0165 svoje z\u00e1\u017eitky, tipy a rady, ktor\u00e9 pom\u00f4\u017eu sk\u013abi\u0165 spom\u00ednan\u00e9 \u017eivotn\u00e9 aspekty s v\u00e1\u0161\u0148ou pre cyklistiku. Ak sa chcete o \u201eBajkerk\u00e1ch\u201c dozvedie\u0165 viac, tak nav\u0161t\u00edvte ich <a href=\"https:\/\/www.instagram.com\/bajkerky\/\" rel=\"noopener noreferrer\" target=\"_blank\">Instagram<\/a>.<\/p>\n<p>https:\/\/www.instagram.com\/p\/CAqciuBnsDb\/<\/p>\n<p>Samozrejme, t\u00fdchto p\u00e4\u0165 organiz\u00e1ci\u00ed zo sveta a jeden pr\u00edklad zo Slovenska s\u00fa len h\u0155stkou zo siete podobn\u00fdch in\u0161tit\u00faci\u00ed, <strong>ktor\u00e9 sa sna\u017eia zlep\u0161i\u0165 situ\u00e1ciu \u017eien v cyklistike<\/strong>. Existuj\u00fa stovky lok\u00e1lnych iniciat\u00edv, organiz\u00e1ci\u00ed, spolkov, kampan\u00ed a klubov odhodlan\u00fdch pom\u00f4c\u0165 ktorejko\u013evek \u017eene alebo mu\u017eovi <strong>n\u00e1js\u0165 si svoje miesto v tomto n\u00e1dhernom \u0161porte<\/strong>. Ka\u017ed\u00fd si zasl\u00fa\u017ei \u0161ancu objavi\u0165 rados\u0165 z jazdy na dvoch koles\u00e1ch. Preto bu\u010fme aj my ostra\u017eit\u00ed, a ak sa n\u00e1m naskytne pr\u00edle\u017eitos\u0165 by\u0165 niekomu n\u00e1pomocn\u00ed, <strong>vyu\u017eime ju<\/strong>!<\/p>\n","protected":false},"excerpt":{"rendered":"<p>Pre ka\u017ed\u00e9ho, kto sa odhodl\u00e1 po prv\u00fdkr\u00e1t vysadn\u00fa\u0165 do sedla bicykla, je podpora zo strany ostatn\u00fdch jedn\u00fdm z najfam\u00f3znej\u0161\u00edch n\u00e1strojov, [&hellip;]<\/p>\n","protected":false},"author":81,"featured_media":10051,"comment_status":"open","ping_status":"open","sticky":false,"template":"","format":"standard","meta":{"footnotes":""},"categories":[2],"tags":[62,559,619,115,546,180,532,767,412,318,183,161,623,659,475],"global-categories":[],"class_list":["post-10045","post","type-post","status-publish","format-standard","has-post-thumbnail","hentry","category-zdravie-trening","tag-bezpecnost","tag-bicykel","tag-bicyklovanie","tag-cestna-cyklistika","tag-cyklistika","tag-horska-cyklistika","tag-jazdenie","tag-motivacia","tag-mtb","tag-vyjazd","tag-zabava","tag-zdravie","tag-zdravy-zivotny-styl","tag-zenska-cyklistika","tag-zeny"],"yoast_head":"<!-- This site is optimized with the Yoast SEO Premium plugin v25.3 (Yoast SEO v25.9) - https:\/\/yoast.com\/wordpress\/plugins\/seo\/ -->\n<title>Organiz\u00e1cie, ktor\u00e9 pom\u00e1haj\u00fa \u017een\u00e1m v cyklistike - \u0160koda We Love Cycling Slovensko<\/title>\n<meta name=\"robots\" content=\"index, follow, max-snippet:-1, max-image-preview:large, max-video-preview:-1\" \/>\n<link rel=\"canonical\" href=\"https:\/\/www.welovecycling.com\/sk\/2020\/06\/12\/organizacie-ktore-pomahaju-zenam-v-cyklisticke\/\" \/>\n<meta property=\"og:locale\" content=\"sk_SK\" \/>\n<meta property=\"og:type\" content=\"article\" \/>\n<meta property=\"og:title\" content=\"Organiz\u00e1cie, ktor\u00e9 pom\u00e1haj\u00fa \u017een\u00e1m v cyklistike\" \/>\n<meta property=\"og:description\" content=\"Pre ka\u017ed\u00e9ho, kto sa odhodl\u00e1 po prv\u00fdkr\u00e1t vysadn\u00fa\u0165 do sedla bicykla, je podpora zo strany ostatn\u00fdch jedn\u00fdm z najfam\u00f3znej\u0161\u00edch n\u00e1strojov, [&hellip;]\" \/>\n<meta property=\"og:url\" content=\"https:\/\/www.welovecycling.com\/sk\/2020\/06\/12\/organizacie-ktore-pomahaju-zenam-v-cyklisticke\/\" \/>\n<meta property=\"og:site_name\" content=\"\u0160koda We Love Cycling Slovensko\" \/>\n<meta property=\"article:published_time\" content=\"2020-06-12T08:00:17+00:00\" \/>\n<meta property=\"og:image\" content=\"https:\/\/d2p6e6u75xmxt8.cloudfront.net\/4\/2020\/06\/Little-Bellas-Mountain-Biking-CVR.webp\" \/>\n\t<meta property=\"og:image:width\" content=\"1366\" \/>\n\t<meta property=\"og:image:height\" content=\"600\" \/>\n\t<meta property=\"og:image:type\" content=\"image\/webp\" \/>\n<meta name=\"twitter:card\" content=\"summary_large_image\" \/>\n<meta name=\"twitter:label1\" content=\"Written by\" \/>\n\t<meta name=\"twitter:data1\" content=\"Megan Flottorp\" \/>\n\t<meta name=\"twitter:label2\" content=\"Est. reading time\" \/>\n\t<meta name=\"twitter:data2\" content=\"7\" \/>\n<script type=\"application\/ld+json\" class=\"yoast-schema-graph\">{\"@context\":\"https:\/\/schema.org\",\"@graph\":[{\"@type\":\"WebPage\",\"@id\":\"https:\/\/www.welovecycling.com\/sk\/2020\/06\/12\/organizacie-ktore-pomahaju-zenam-v-cyklisticke\/\",\"url\":\"https:\/\/www.welovecycling.com\/sk\/2020\/06\/12\/organizacie-ktore-pomahaju-zenam-v-cyklisticke\/\",\"name\":\"Organiz\u00e1cie, ktor\u00e9 pom\u00e1haj\u00fa \u017een\u00e1m v cyklistike - \u0160koda We Love Cycling Slovensko\",\"isPartOf\":{\"@id\":\"https:\/\/www.welovecycling.com\/sk\/#website\"},\"primaryImageOfPage\":{\"@id\":\"https:\/\/www.welovecycling.com\/sk\/2020\/06\/12\/organizacie-ktore-pomahaju-zenam-v-cyklisticke\/#primaryimage\"},\"image\":{\"@id\":\"https:\/\/www.welovecycling.com\/sk\/2020\/06\/12\/organizacie-ktore-pomahaju-zenam-v-cyklisticke\/#primaryimage\"},\"thumbnailUrl\":\"https:\/\/d2p6e6u75xmxt8.cloudfront.net\/4\/2020\/06\/Little-Bellas-Mountain-Biking-CVR.webp\",\"datePublished\":\"2020-06-12T08:00:17+00:00\",\"author\":{\"@id\":\"\"},\"breadcrumb\":{\"@id\":\"https:\/\/www.welovecycling.com\/sk\/2020\/06\/12\/organizacie-ktore-pomahaju-zenam-v-cyklisticke\/#breadcrumb\"},\"inLanguage\":\"sk-SK\",\"potentialAction\":[{\"@type\":\"ReadAction\",\"target\":[\"https:\/\/www.welovecycling.com\/sk\/2020\/06\/12\/organizacie-ktore-pomahaju-zenam-v-cyklisticke\/\"]}]},{\"@type\":\"ImageObject\",\"inLanguage\":\"sk-SK\",\"@id\":\"https:\/\/www.welovecycling.com\/sk\/2020\/06\/12\/organizacie-ktore-pomahaju-zenam-v-cyklisticke\/#primaryimage\",\"url\":\"https:\/\/d2p6e6u75xmxt8.cloudfront.net\/4\/2020\/06\/Little-Bellas-Mountain-Biking-CVR.webp\",\"contentUrl\":\"https:\/\/d2p6e6u75xmxt8.cloudfront.net\/4\/2020\/06\/Little-Bellas-Mountain-Biking-CVR.webp\",\"width\":1366,\"height\":600,\"caption\":\"\u00a9 Abby Railton\"},{\"@type\":\"BreadcrumbList\",\"@id\":\"https:\/\/www.welovecycling.com\/sk\/2020\/06\/12\/organizacie-ktore-pomahaju-zenam-v-cyklisticke\/#breadcrumb\",\"itemListElement\":[{\"@type\":\"ListItem\",\"position\":1,\"name\":\"Home\",\"item\":\"https:\/\/www.welovecycling.com\/sk\/\"},{\"@type\":\"ListItem\",\"position\":2,\"name\":\"Organiz\u00e1cie, ktor\u00e9 pom\u00e1haj\u00fa \u017een\u00e1m v cyklistike\"}]},{\"@type\":\"WebSite\",\"@id\":\"https:\/\/www.welovecycling.com\/sk\/#website\",\"url\":\"https:\/\/www.welovecycling.com\/sk\/\",\"name\":\"\u0160koda We Love Cycling Slovensko\",\"description\":\"\u0160koda We Love Cycling Slovensko je v\u00e1\u0161 ka\u017edodenn\u00fd zdroj noviniek a in\u0161pir\u00e1cie z sveta cyklistiky\",\"potentialAction\":[{\"@type\":\"SearchAction\",\"target\":{\"@type\":\"EntryPoint\",\"urlTemplate\":\"https:\/\/www.welovecycling.com\/sk\/?s={search_term_string}\"},\"query-input\":{\"@type\":\"PropertyValueSpecification\",\"valueRequired\":true,\"valueName\":\"search_term_string\"}}],\"inLanguage\":\"sk-SK\"},{\"@type\":\"Person\",\"@id\":\"\",\"url\":\"https:\/\/www.welovecycling.com\/sk\/author\/\"}]}<\/script>\n<!-- \/ Yoast SEO Premium plugin. -->","yoast_head_json":{"title":"Organiz\u00e1cie, ktor\u00e9 pom\u00e1haj\u00fa \u017een\u00e1m v cyklistike - \u0160koda We Love Cycling Slovensko","robots":{"index":"index","follow":"follow","max-snippet":"max-snippet:-1","max-image-preview":"max-image-preview:large","max-video-preview":"max-video-preview:-1"},"canonical":"https:\/\/www.welovecycling.com\/sk\/2020\/06\/12\/organizacie-ktore-pomahaju-zenam-v-cyklisticke\/","og_locale":"sk_SK","og_type":"article","og_title":"Organiz\u00e1cie, ktor\u00e9 pom\u00e1haj\u00fa \u017een\u00e1m v cyklistike","og_description":"Pre ka\u017ed\u00e9ho, kto sa odhodl\u00e1 po prv\u00fdkr\u00e1t vysadn\u00fa\u0165 do sedla bicykla, je podpora zo strany ostatn\u00fdch jedn\u00fdm z najfam\u00f3znej\u0161\u00edch n\u00e1strojov, [&hellip;]","og_url":"https:\/\/www.welovecycling.com\/sk\/2020\/06\/12\/organizacie-ktore-pomahaju-zenam-v-cyklisticke\/","og_site_name":"\u0160koda We Love Cycling Slovensko","article_published_time":"2020-06-12T08:00:17+00:00","og_image":[{"width":1366,"height":600,"url":"https:\/\/d2p6e6u75xmxt8.cloudfront.net\/4\/2020\/06\/Little-Bellas-Mountain-Biking-CVR.webp","type":"image\/webp"}],"twitter_card":"summary_large_image","twitter_misc":{"Written by":"Megan Flottorp","Est. reading time":"7"},"schema":{"@context":"https:\/\/schema.org","@graph":[{"@type":"WebPage","@id":"https:\/\/www.welovecycling.com\/sk\/2020\/06\/12\/organizacie-ktore-pomahaju-zenam-v-cyklisticke\/","url":"https:\/\/www.welovecycling.com\/sk\/2020\/06\/12\/organizacie-ktore-pomahaju-zenam-v-cyklisticke\/","name":"Organiz\u00e1cie, ktor\u00e9 pom\u00e1haj\u00fa \u017een\u00e1m v cyklistike - \u0160koda We Love Cycling Slovensko","isPartOf":{"@id":"https:\/\/www.welovecycling.com\/sk\/#website"},"primaryImageOfPage":{"@id":"https:\/\/www.welovecycling.com\/sk\/2020\/06\/12\/organizacie-ktore-pomahaju-zenam-v-cyklisticke\/#primaryimage"},"image":{"@id":"https:\/\/www.welovecycling.com\/sk\/2020\/06\/12\/organizacie-ktore-pomahaju-zenam-v-cyklisticke\/#primaryimage"},"thumbnailUrl":"https:\/\/d2p6e6u75xmxt8.cloudfront.net\/4\/2020\/06\/Little-Bellas-Mountain-Biking-CVR.webp","datePublished":"2020-06-12T08:00:17+00:00","author":{"@id":""},"breadcrumb":{"@id":"https:\/\/www.welovecycling.com\/sk\/2020\/06\/12\/organizacie-ktore-pomahaju-zenam-v-cyklisticke\/#breadcrumb"},"inLanguage":"sk-SK","potentialAction":[{"@type":"ReadAction","target":["https:\/\/www.welovecycling.com\/sk\/2020\/06\/12\/organizacie-ktore-pomahaju-zenam-v-cyklisticke\/"]}]},{"@type":"ImageObject","inLanguage":"sk-SK","@id":"https:\/\/www.welovecycling.com\/sk\/2020\/06\/12\/organizacie-ktore-pomahaju-zenam-v-cyklisticke\/#primaryimage","url":"https:\/\/d2p6e6u75xmxt8.cloudfront.net\/4\/2020\/06\/Little-Bellas-Mountain-Biking-CVR.webp","contentUrl":"https:\/\/d2p6e6u75xmxt8.cloudfront.net\/4\/2020\/06\/Little-Bellas-Mountain-Biking-CVR.webp","width":1366,"height":600,"caption":"\u00a9 Abby Railton"},{"@type":"BreadcrumbList","@id":"https:\/\/www.welovecycling.com\/sk\/2020\/06\/12\/organizacie-ktore-pomahaju-zenam-v-cyklisticke\/#breadcrumb","itemListElement":[{"@type":"ListItem","position":1,"name":"Home","item":"https:\/\/www.welovecycling.com\/sk\/"},{"@type":"ListItem","position":2,"name":"Organiz\u00e1cie, ktor\u00e9 pom\u00e1haj\u00fa \u017een\u00e1m v cyklistike"}]},{"@type":"WebSite","@id":"https:\/\/www.welovecycling.com\/sk\/#website","url":"https:\/\/www.welovecycling.com\/sk\/","name":"\u0160koda We Love Cycling Slovensko","description":"\u0160koda We Love Cycling Slovensko je v\u00e1\u0161 ka\u017edodenn\u00fd zdroj noviniek a in\u0161pir\u00e1cie z sveta cyklistiky","potentialAction":[{"@type":"SearchAction","target":{"@type":"EntryPoint","urlTemplate":"https:\/\/www.welovecycling.com\/sk\/?s={search_term_string}"},"query-input":{"@type":"PropertyValueSpecification","valueRequired":true,"valueName":"search_term_string"}}],"inLanguage":"sk-SK"},{"@type":"Person","@id":"","url":"https:\/\/www.welovecycling.com\/sk\/author\/"}]}},"_links":{"self":[{"href":"https:\/\/www.welovecycling.com\/sk\/wp-json\/wp\/v2\/posts\/10045","targetHints":{"allow":["GET"]}}],"collection":[{"href":"https:\/\/www.welovecycling.com\/sk\/wp-json\/wp\/v2\/posts"}],"about":[{"href":"https:\/\/www.welovecycling.com\/sk\/wp-json\/wp\/v2\/types\/post"}],"author":[{"embeddable":true,"href":"https:\/\/www.welovecycling.com\/sk\/wp-json\/wp\/v2\/users\/81"}],"replies":[{"embeddable":true,"href":"https:\/\/www.welovecycling.com\/sk\/wp-json\/wp\/v2\/comments?post=10045"}],"version-history":[{"count":2,"href":"https:\/\/www.welovecycling.com\/sk\/wp-json\/wp\/v2\/posts\/10045\/revisions"}],"predecessor-version":[{"id":10095,"href":"https:\/\/www.welovecycling.com\/sk\/wp-json\/wp\/v2\/posts\/10045\/revisions\/10095"}],"wp:featuredmedia":[{"embeddable":true,"href":"https:\/\/www.welovecycling.com\/sk\/wp-json\/wp\/v2\/media\/10051"}],"wp:attachment":[{"href":"https:\/\/www.welovecycling.com\/sk\/wp-json\/wp\/v2\/media?parent=10045"}],"wp:term":[{"taxonomy":"category","embeddable":true,"href":"https:\/\/www.welovecycling.com\/sk\/wp-json\/wp\/v2\/categories?post=10045"},{"taxonomy":"post_tag","embeddable":true,"href":"https:\/\/www.welovecycling.com\/sk\/wp-json\/wp\/v2\/tags?post=10045"},{"taxonomy":"global-categories","embeddable":true,"href":"https:\/\/www.welovecycling.com\/sk\/wp-json\/wp\/v2\/global-categories?post=10045"}],"curies":[{"name":"wp","href":"https:\/\/api.w.org\/{rel}","templated":true}]}}