{"id":10036,"date":"2020-06-10T10:00:59","date_gmt":"2020-06-10T08:00:59","guid":{"rendered":"https:\/\/www.welovecycling.com\/sk\/?p=10036"},"modified":"2020-06-08T08:33:21","modified_gmt":"2020-06-08T06:33:21","slug":"dochadzanie-do-prace-na-bicykli-ekologicky-a-s-dobrou-naladou","status":"publish","type":"post","link":"https:\/\/www.welovecycling.com\/sk\/2020\/06\/10\/dochadzanie-do-prace-na-bicykli-ekologicky-a-s-dobrou-naladou\/","title":{"rendered":"Doch\u00e1dzanie do pr\u00e1ce na bicykli &#8211; ekologicky a s dobrou n\u00e1ladou"},"content":{"rendered":"<p><strong>Bicykel je skvel\u00fd sp\u00f4sob, ak\u00fdm m\u00f4\u017eete spozn\u00e1va\u0165 svoje okolie, objavova\u0165 kr\u00e1sy pr\u00edrody a\u00a0pohybova\u0165 sa na \u010derstvom vzduchu. Ale e\u0161te jednu neod\u0161kriepite\u013en\u00fa v\u00fdhodu m\u00e1. A\u00a0tou je, \u017ee sa d\u00e1 pou\u017ei\u0165 ako dopravn\u00fd prostriedok na doch\u00e1dzanie do pr\u00e1ce. Navy\u0161e \u0161etr\u00edte \u017eivotn\u00e9 prostredie, rob\u00edte nie\u010do pre svoje zdravie a\u00a0v\u00a0neposlednom rade, neza\u0165a\u017e\u00edte rodinn\u00fd rozpo\u010det.<\/strong><!--more--><\/p>\n<h2><strong>Ekol\u00f3gia na prvom mieste<\/strong><\/h2>\n<p>Ak ste environment\u00e1lne zalo\u017een\u00fd \u010dlovek a\u00a0z\u00e1le\u017e\u00ed v\u00e1m na \u017eivotnom prostred\u00ed, <strong>tak je bicykel skuto\u010dne skvel\u00fd sp\u00f4sob, ak\u00fdm dok\u00e1\u017eete vyrie\u0161i\u0165 doch\u00e1dzanie<\/strong>. Nepotrebujete pohonn\u00e9 hmoty, ale len svoje vlastn\u00e9 svaly. A\u00a0dop\u013a\u0148anie energie pre svoje telo je predsa tou pr\u00edjemnou \u010das\u0165ou d\u0148a, tak\u017ee nezabudnite na v\u00fddatn\u00e9 a\u00a0zdrav\u00e9 ra\u0148ajky. Nech sa v\u00e1m nestane, \u017ee hne\u010f po pr\u00edchode do pr\u00e1ce zjete v\u0161etko, \u010do ste si priniesli. Rann\u00fd pobyt na \u010derstvom vzduchu toti\u017e vie dokonale podpori\u0165 tr\u00e1venie.<\/p>\n<div class=\"shortcode-ys-post-pinup\"><article class=\"loop-simple post-7126 post type-post status-publish format-standard has-post-thumbnail hentry category-urban-cyklistika tag-cesta tag-cestna-cyklistika tag-cestna-premavka tag-cestny-bicykel tag-cvicenie tag-do-prace-na-bicykli tag-jar tag-leto tag-mesto tag-mestsky-bicykel tag-praca tag-pravidla-cestnej-premavky tag-urban tag-zdravie tag-zdravy-zivotny-styl\" data-postid=\"7126\" role=\"article\" data-post-id=\"7126\" data-word-count=\"588\" data-headline-length=\"113\" data-category=\"Urban cyklistika\" data-author=\"Megan Flottorp\" data-published=\"2019-05-15T16:50:26+02:00\" data-published-day=\"Wednesday\">\n    <div class=\"entry-thumbnail article-thumbnail\" content=\"https:\/\/d2p6e6u75xmxt8.cloudfront.net\/4\/2019\/05\/london-cyclist-commute-profimedia-0238176034-150x150.webp\"><a href=\"https:\/\/www.welovecycling.com\/sk\/2019\/05\/15\/sezona-jazdenia-v-meste-je-definitivne-tu-5-dovodov-preco-je-dochadzanie-do-prace-na-bicykli-super\/\" class=\"image-holder\" target=\"_self\"><img decoding=\"async\" loading=\"lazy\" class=\"\" src=\"https:\/\/d2p6e6u75xmxt8.cloudfront.net\/4\/2019\/05\/london-cyclist-commute-profimedia-0238176034-1024x450.webp\" srcset=\"https:\/\/d2p6e6u75xmxt8.cloudfront.net\/4\/2019\/05\/london-cyclist-commute-profimedia-0238176034.webp 1366w, https:\/\/d2p6e6u75xmxt8.cloudfront.net\/4\/2019\/05\/london-cyclist-commute-profimedia-0238176034-300x132.webp 300w, https:\/\/d2p6e6u75xmxt8.cloudfront.net\/4\/2019\/05\/london-cyclist-commute-profimedia-0238176034-1024x450.webp 1024w, https:\/\/d2p6e6u75xmxt8.cloudfront.net\/4\/2019\/05\/london-cyclist-commute-profimedia-0238176034-768x337.webp 768w\" width=\"1024\" height=\"450\" sizes=\"auto, (min-width: 1200px) 456px, (min-width: 768px) 38vw, 100vw\" alt=\"sezona-jazdenia-v-meste-je-definitivne-tu-5-dovodov-preco-je-dochadzanie-do-prace-na-bicykli-super\"\/><\/a><\/div>    <div class=\"entry-meta\">\n        <a class=\"label label-secondary post-category\" href=\"https:\/\/www.welovecycling.com\/sk\/category\/urban-cyklistika\/\" title=\"Urban cyklistika\">Urban cyklistika<\/a>\n    <\/div>\n    <div class=\"entry-details\">\n        <a href=\"https:\/\/www.welovecycling.com\/sk\/2019\/05\/15\/sezona-jazdenia-v-meste-je-definitivne-tu-5-dovodov-preco-je-dochadzanie-do-prace-na-bicykli-super\/\" class='entry-title-wrapper'>\n            <h3 class=\"entry-title\"><span>Sez\u00f3na jazdenia v meste je definit\u00edvne tu &#8211; 5 d\u00f4vodov, pre\u010do je doch\u00e1dzanie do pr\u00e1ce na bicykli super<\/span><\/h3>\n        <\/a>\n    <\/div>\n    <\/article>\n<\/div>\n<h2><strong>Vybra\u0165 si vhodn\u00fd bicykel<\/strong><\/h2>\n<p>Pri doch\u00e1dzan\u00ed do pr\u00e1ce nemus\u00edte rie\u0161i\u0165 zna\u010dku ani typ bicykla. Hlavn\u00e9 je, aby ste z\u00a0toho mali <strong>dobr\u00fd pocit a\u00a0rados\u0165<\/strong>. Niekto si berie svoj dokonale vyladen\u00fd karb\u00f3nov\u00fd ces\u0165\u00e1k, in\u00e9mu posta\u010d\u00ed star\u00fd ojazden\u00fd model. Tak\u00fd, \u010do sa hod\u00ed akur\u00e1t tak na doch\u00e1dzanie do pr\u00e1ce a\u00a0na pivo. D\u00e1my a\u00a0sle\u010dny v\u0161ak mo\u017eno uprednostnia elegantn\u00fd retrobicykel s\u00a0pr\u00faten\u00fdm ko\u0161\u00edkom vpredu. Cestou z\u00a0pr\u00e1ce ho m\u00f4\u017eu naplni\u0165 nejak\u00fdm n\u00e1kupom a\u00a0doma svojim najmil\u0161\u00edm pripravi\u0165 skvel\u00fa ve\u010deru.<\/p>\n<p><a href=\"https:\/\/d2p6e6u75xmxt8.cloudfront.net\/4\/2020\/06\/Doch\u00e1dzanie-do-pr\u00e1ce-na-bicykli_01.jpg\"><img loading=\"lazy\" decoding=\"async\" src=\"https:\/\/d2p6e6u75xmxt8.cloudfront.net\/4\/2020\/06\/Doch\u00e1dzanie-do-pr\u00e1ce-na-bicykli_01.jpg\" alt=\"\" width=\"1200\" height=\"800\" class=\"alignnone size-full wp-image-10039\" \/><\/a><\/p>\n<h2><strong>Myslite na hygienu<\/strong><\/h2>\n<p>Jednu mal\u00fa nev\u00fdhodu doch\u00e1dzanie do pr\u00e1ce na bicykli predsa len m\u00e1 \u2013 <strong>po\u010das cesty sa spot\u00edte<\/strong>. Samozrejme z\u00e1le\u017e\u00ed aj na tom, ako je vzdialen\u00e1 va\u0161a pr\u00e1ca od domova. Ak je to p\u00e1r kilometrov po rovinke a\u00a0vy sa nepon\u00e1h\u013eate, tak nie je \u010do rie\u0161i\u0165. Ak v\u0161ak do pr\u00e1ce jazd\u00edte na vzdialenej\u0161ie miesto a\u00a0e\u0161te to m\u00e1te cel\u00fa cestu do kopca, tak tam u\u017e mus\u00edte rie\u0161i\u0165 aj probl\u00e9m s\u00a0hygienou. Z\u00e1le\u017e\u00ed aj ak\u00fa pr\u00e1cu vykon\u00e1vate, ale ka\u017edop\u00e1dne by ste mali myslie\u0165 na svojich kolegov a\u00a0pri pr\u00edchode do pr\u00e1ce sa v\u00a0r\u00e1mci mo\u017enost\u00ed osprchova\u0165 a\u00a0prezliec\u0165 do \u010dist\u00e9ho oble\u010denia. Nechcete predsa, aby ste boli v\u00a0kolekt\u00edve za toho, ktor\u00e9mu sa v\u0161etci obl\u00fakom vyh\u00fdbaj\u00fa.<\/p>\n<h2><strong>Kam s\u00a0bicyklom<\/strong><\/h2>\n<p>D\u00f4le\u017eit\u00e9 je aj to, \u010di si v\u00a0pr\u00e1ci m\u00e1te kde svoj bicykel odlo\u017ei\u0165. Niektor\u00e9 ve\u013ek\u00e9 podniky maj\u00fa v\u00a0r\u00e1mci parkoviska pre aut\u00e1 aj <strong>vyhraden\u00e9 miesta pre bicykle zamestnancov<\/strong>. \u010casto s\u00fa to dokonca str\u00e1\u017een\u00e9 \u010di uzamknut\u00e9 priestory. V\u00a0takom pr\u00edpade nemus\u00edte \u0161pekulova\u0165. Ak v\u0161ak pracujete niekde v\u00a0centre mesta, v\u00a0banke \u010di na po\u0161te, tam u\u017e m\u00f4\u017ee by\u0165 probl\u00e9m, kam s\u00a0bicyklom. Ale aj to sa d\u00e1 \u010dasto po dohode so zamestn\u00e1vate\u013eom vyrie\u0161i\u0165. Mo\u017eno si svoj dvojkolesov\u00fd dopravn\u00fd prostriedok odlo\u017e\u00edte niekam do skladu, na chodbu \u010di do pivnice.<\/p>\n<p><a href=\"https:\/\/d2p6e6u75xmxt8.cloudfront.net\/4\/2020\/06\/Doch\u00e1dzanie-do-pr\u00e1ce-na-bicykli_02.jpg\"><img loading=\"lazy\" decoding=\"async\" src=\"https:\/\/d2p6e6u75xmxt8.cloudfront.net\/4\/2020\/06\/Doch\u00e1dzanie-do-pr\u00e1ce-na-bicykli_02.jpg\" alt=\"\" width=\"1200\" height=\"767\" class=\"alignnone size-full wp-image-10040\" \/><\/a><\/p>\n<h2><strong>Zlep\u0161ite si techniku<\/strong><\/h2>\n<p>Ke\u010f\u017ee po\u010das doch\u00e1dzania do pr\u00e1ce budete na bicykli sedie\u0165 ka\u017ed\u00fd de\u0148, <strong>sk\u00faste si zlep\u0161ova\u0165 svoje zru\u010dnosti<\/strong>. Nie, nemus\u00edte sa u\u010di\u0165 sk\u00e1ka\u0165 bunny hop, ale \u010do tak napr\u00edklad po\u010das \u010dakania na semaforoch tr\u00e9nova\u0165 track stand. Neviete \u010do to je? Je to tak\u00fd trik, \u017ee stoj\u00edte na mieste, ale ned\u00e1te dole nohy z\u00a0ped\u00e1lov. Mysl\u00edte si, \u017ee je to nemo\u017en\u00e9? Chce to len trochu praxe a\u00a0t\u00fa m\u00f4\u017eete z\u00edska\u0165 pr\u00e1ve po\u010das cesty do pr\u00e1ce. Len to pros\u00edm v\u00e1s na za\u010diatok nesk\u00fa\u0161ajte v\u00a0ru\u0161nej prem\u00e1vke, alebo ke\u010f okolo v\u00e1s stoj\u00ed skupina chodcov. Nechcete predsa niekomu ubl\u00ed\u017ei\u0165 alebo sa str\u00e1pni\u0165, ke\u010f sa v\u00e1m podar\u00ed spadn\u00fa\u0165.<\/p>\n<p><a href=\"https:\/\/d2p6e6u75xmxt8.cloudfront.net\/4\/2020\/06\/Doch\u00e1dzanie-do-pr\u00e1ce-na-bicykli_03.jpg\"><img loading=\"lazy\" decoding=\"async\" src=\"https:\/\/d2p6e6u75xmxt8.cloudfront.net\/4\/2020\/06\/Doch\u00e1dzanie-do-pr\u00e1ce-na-bicykli_03.jpg\" alt=\"\" width=\"1200\" height=\"800\" class=\"alignnone size-full wp-image-10041\" \/><\/a><\/p>\n<h2><strong>Rados\u0165 z cesty<\/strong><\/h2>\n<p>Na cestu z\u00a0pr\u00e1ce sa prirodzene te\u0161ia v\u0161etci, ale ide o\u00a0to, aby ste sa <strong>te\u0161ili aj na cestu do pr\u00e1ce<\/strong>. A\u00a0ke\u010f\u017ee sme v\u0161etci ve\u013ek\u00ed fan\u00fa\u0161ikovia cyklistiky, tak si t\u00fa cestu spr\u00edjemn\u00edme, ako sa d\u00e1. Nie je tajomstvom, \u017ee po\u010das zv\u00fd\u0161enej telesnej aktivity sa v\u00a0tele uvo\u013e\u0148uj\u00fa endorf\u00edny, ktor\u00e9 sa tie\u017e naz\u00fdvaj\u00fa horm\u00f3ny \u0161\u0165astia. Tak\u017ee \u010do si viac pria\u0165, sn\u00e1\u010f len ve\u013ea slne\u010dn\u00fdch dn\u00ed a\u00a0nech n\u00e1m rados\u0165 z\u00a0bicyklovania nepokaz\u00ed ani zl\u00fd de\u0148 v\u00a0pr\u00e1ci \u010di nepr\u00edjemn\u00fd \u0161\u00e9f.<\/p>\n<p>(zdroj fotografi\u00ed: pixabay.com)<\/p>\n","protected":false},"excerpt":{"rendered":"<p>Bicykel je skvel\u00fd sp\u00f4sob, ak\u00fdm m\u00f4\u017eete spozn\u00e1va\u0165 svoje okolie, objavova\u0165 kr\u00e1sy pr\u00edrody a\u00a0pohybova\u0165 sa na \u010derstvom vzduchu. Ale e\u0161te jednu [&hellip;]<\/p>\n","protected":false},"author":81,"featured_media":10038,"comment_status":"open","ping_status":"open","sticky":false,"template":"","format":"standard","meta":{"footnotes":""},"categories":[604],"tags":[62,559,619,275,115,394,767,857,638,826,870,608,55,183,623],"global-categories":[1074],"class_list":["post-10036","post","type-post","status-publish","format-standard","has-post-thumbnail","hentry","category-urban-cyklistika","tag-bezpecnost","tag-bicykel","tag-bicyklovanie","tag-cesta","tag-cestna-cyklistika","tag-cestovanie-s-bicyklom","tag-motivacia","tag-praca","tag-preprava","tag-radost","tag-retro-bicykel","tag-technika","tag-trening","tag-zabava","tag-zdravy-zivotny-styl","global-categories-cycling"],"yoast_head":"<!-- This site is optimized with the Yoast SEO Premium plugin v25.3 (Yoast SEO v25.9) - https:\/\/yoast.com\/wordpress\/plugins\/seo\/ -->\n<title>Doch\u00e1dzanie do pr\u00e1ce na bicykli - ekologicky a s dobrou n\u00e1ladou - \u0160koda We Love Cycling Slovensko<\/title>\n<meta name=\"robots\" content=\"index, follow, max-snippet:-1, max-image-preview:large, max-video-preview:-1\" \/>\n<link rel=\"canonical\" href=\"https:\/\/www.welovecycling.com\/sk\/2020\/06\/10\/dochadzanie-do-prace-na-bicykli-ekologicky-a-s-dobrou-naladou\/\" \/>\n<meta property=\"og:locale\" content=\"sk_SK\" \/>\n<meta property=\"og:type\" content=\"article\" \/>\n<meta property=\"og:title\" content=\"Doch\u00e1dzanie do pr\u00e1ce na bicykli - ekologicky a s dobrou n\u00e1ladou\" \/>\n<meta property=\"og:description\" content=\"Bicykel je skvel\u00fd sp\u00f4sob, ak\u00fdm m\u00f4\u017eete spozn\u00e1va\u0165 svoje okolie, objavova\u0165 kr\u00e1sy pr\u00edrody a\u00a0pohybova\u0165 sa na \u010derstvom vzduchu. Ale e\u0161te jednu [&hellip;]\" \/>\n<meta property=\"og:url\" content=\"https:\/\/www.welovecycling.com\/sk\/2020\/06\/10\/dochadzanie-do-prace-na-bicykli-ekologicky-a-s-dobrou-naladou\/\" \/>\n<meta property=\"og:site_name\" content=\"\u0160koda We Love Cycling Slovensko\" \/>\n<meta property=\"article:published_time\" content=\"2020-06-10T08:00:59+00:00\" \/>\n<meta property=\"og:image\" content=\"https:\/\/d2p6e6u75xmxt8.cloudfront.net\/4\/2020\/06\/Doch\u00e1dzanie-do-pr\u00e1ce-na-bicykli_00.webp\" \/>\n\t<meta property=\"og:image:width\" content=\"1380\" \/>\n\t<meta property=\"og:image:height\" content=\"600\" \/>\n\t<meta property=\"og:image:type\" content=\"image\/webp\" \/>\n<meta name=\"twitter:card\" content=\"summary_large_image\" \/>\n<meta name=\"twitter:label1\" content=\"Written by\" \/>\n\t<meta name=\"twitter:data1\" content=\"Megan Flottorp\" \/>\n\t<meta name=\"twitter:label2\" content=\"Est. reading time\" \/>\n\t<meta name=\"twitter:data2\" content=\"7\" \/>\n<script type=\"application\/ld+json\" class=\"yoast-schema-graph\">{\"@context\":\"https:\/\/schema.org\",\"@graph\":[{\"@type\":\"WebPage\",\"@id\":\"https:\/\/www.welovecycling.com\/sk\/2020\/06\/10\/dochadzanie-do-prace-na-bicykli-ekologicky-a-s-dobrou-naladou\/\",\"url\":\"https:\/\/www.welovecycling.com\/sk\/2020\/06\/10\/dochadzanie-do-prace-na-bicykli-ekologicky-a-s-dobrou-naladou\/\",\"name\":\"Doch\u00e1dzanie do pr\u00e1ce na bicykli - ekologicky a s dobrou n\u00e1ladou - \u0160koda We Love Cycling Slovensko\",\"isPartOf\":{\"@id\":\"https:\/\/www.welovecycling.com\/sk\/#website\"},\"primaryImageOfPage\":{\"@id\":\"https:\/\/www.welovecycling.com\/sk\/2020\/06\/10\/dochadzanie-do-prace-na-bicykli-ekologicky-a-s-dobrou-naladou\/#primaryimage\"},\"image\":{\"@id\":\"https:\/\/www.welovecycling.com\/sk\/2020\/06\/10\/dochadzanie-do-prace-na-bicykli-ekologicky-a-s-dobrou-naladou\/#primaryimage\"},\"thumbnailUrl\":\"https:\/\/d2p6e6u75xmxt8.cloudfront.net\/4\/2020\/06\/Doch\u00e1dzanie-do-pr\u00e1ce-na-bicykli_00.webp\",\"datePublished\":\"2020-06-10T08:00:59+00:00\",\"author\":{\"@id\":\"\"},\"breadcrumb\":{\"@id\":\"https:\/\/www.welovecycling.com\/sk\/2020\/06\/10\/dochadzanie-do-prace-na-bicykli-ekologicky-a-s-dobrou-naladou\/#breadcrumb\"},\"inLanguage\":\"sk-SK\",\"potentialAction\":[{\"@type\":\"ReadAction\",\"target\":[\"https:\/\/www.welovecycling.com\/sk\/2020\/06\/10\/dochadzanie-do-prace-na-bicykli-ekologicky-a-s-dobrou-naladou\/\"]}]},{\"@type\":\"ImageObject\",\"inLanguage\":\"sk-SK\",\"@id\":\"https:\/\/www.welovecycling.com\/sk\/2020\/06\/10\/dochadzanie-do-prace-na-bicykli-ekologicky-a-s-dobrou-naladou\/#primaryimage\",\"url\":\"https:\/\/d2p6e6u75xmxt8.cloudfront.net\/4\/2020\/06\/Doch\u00e1dzanie-do-pr\u00e1ce-na-bicykli_00.webp\",\"contentUrl\":\"https:\/\/d2p6e6u75xmxt8.cloudfront.net\/4\/2020\/06\/Doch\u00e1dzanie-do-pr\u00e1ce-na-bicykli_00.webp\",\"width\":1380,\"height\":600},{\"@type\":\"BreadcrumbList\",\"@id\":\"https:\/\/www.welovecycling.com\/sk\/2020\/06\/10\/dochadzanie-do-prace-na-bicykli-ekologicky-a-s-dobrou-naladou\/#breadcrumb\",\"itemListElement\":[{\"@type\":\"ListItem\",\"position\":1,\"name\":\"Home\",\"item\":\"https:\/\/www.welovecycling.com\/sk\/\"},{\"@type\":\"ListItem\",\"position\":2,\"name\":\"Doch\u00e1dzanie do pr\u00e1ce na bicykli &#8211; ekologicky a s dobrou n\u00e1ladou\"}]},{\"@type\":\"WebSite\",\"@id\":\"https:\/\/www.welovecycling.com\/sk\/#website\",\"url\":\"https:\/\/www.welovecycling.com\/sk\/\",\"name\":\"\u0160koda We Love Cycling Slovensko\",\"description\":\"\u0160koda We Love Cycling Slovensko je v\u00e1\u0161 ka\u017edodenn\u00fd zdroj noviniek a in\u0161pir\u00e1cie z sveta cyklistiky\",\"potentialAction\":[{\"@type\":\"SearchAction\",\"target\":{\"@type\":\"EntryPoint\",\"urlTemplate\":\"https:\/\/www.welovecycling.com\/sk\/?s={search_term_string}\"},\"query-input\":{\"@type\":\"PropertyValueSpecification\",\"valueRequired\":true,\"valueName\":\"search_term_string\"}}],\"inLanguage\":\"sk-SK\"},{\"@type\":\"Person\",\"@id\":\"\",\"url\":\"https:\/\/www.welovecycling.com\/sk\/author\/\"}]}<\/script>\n<!-- \/ Yoast SEO Premium plugin. -->","yoast_head_json":{"title":"Doch\u00e1dzanie do pr\u00e1ce na bicykli - ekologicky a s dobrou n\u00e1ladou - \u0160koda We Love Cycling Slovensko","robots":{"index":"index","follow":"follow","max-snippet":"max-snippet:-1","max-image-preview":"max-image-preview:large","max-video-preview":"max-video-preview:-1"},"canonical":"https:\/\/www.welovecycling.com\/sk\/2020\/06\/10\/dochadzanie-do-prace-na-bicykli-ekologicky-a-s-dobrou-naladou\/","og_locale":"sk_SK","og_type":"article","og_title":"Doch\u00e1dzanie do pr\u00e1ce na bicykli - ekologicky a s dobrou n\u00e1ladou","og_description":"Bicykel je skvel\u00fd sp\u00f4sob, ak\u00fdm m\u00f4\u017eete spozn\u00e1va\u0165 svoje okolie, objavova\u0165 kr\u00e1sy pr\u00edrody a\u00a0pohybova\u0165 sa na \u010derstvom vzduchu. Ale e\u0161te jednu [&hellip;]","og_url":"https:\/\/www.welovecycling.com\/sk\/2020\/06\/10\/dochadzanie-do-prace-na-bicykli-ekologicky-a-s-dobrou-naladou\/","og_site_name":"\u0160koda We Love Cycling Slovensko","article_published_time":"2020-06-10T08:00:59+00:00","og_image":[{"width":1380,"height":600,"url":"https:\/\/d2p6e6u75xmxt8.cloudfront.net\/4\/2020\/06\/Doch\u00e1dzanie-do-pr\u00e1ce-na-bicykli_00.webp","type":"image\/webp"}],"twitter_card":"summary_large_image","twitter_misc":{"Written by":"Megan Flottorp","Est. reading time":"7"},"schema":{"@context":"https:\/\/schema.org","@graph":[{"@type":"WebPage","@id":"https:\/\/www.welovecycling.com\/sk\/2020\/06\/10\/dochadzanie-do-prace-na-bicykli-ekologicky-a-s-dobrou-naladou\/","url":"https:\/\/www.welovecycling.com\/sk\/2020\/06\/10\/dochadzanie-do-prace-na-bicykli-ekologicky-a-s-dobrou-naladou\/","name":"Doch\u00e1dzanie do pr\u00e1ce na bicykli - ekologicky a s dobrou n\u00e1ladou - \u0160koda We Love Cycling Slovensko","isPartOf":{"@id":"https:\/\/www.welovecycling.com\/sk\/#website"},"primaryImageOfPage":{"@id":"https:\/\/www.welovecycling.com\/sk\/2020\/06\/10\/dochadzanie-do-prace-na-bicykli-ekologicky-a-s-dobrou-naladou\/#primaryimage"},"image":{"@id":"https:\/\/www.welovecycling.com\/sk\/2020\/06\/10\/dochadzanie-do-prace-na-bicykli-ekologicky-a-s-dobrou-naladou\/#primaryimage"},"thumbnailUrl":"https:\/\/d2p6e6u75xmxt8.cloudfront.net\/4\/2020\/06\/Doch\u00e1dzanie-do-pr\u00e1ce-na-bicykli_00.webp","datePublished":"2020-06-10T08:00:59+00:00","author":{"@id":""},"breadcrumb":{"@id":"https:\/\/www.welovecycling.com\/sk\/2020\/06\/10\/dochadzanie-do-prace-na-bicykli-ekologicky-a-s-dobrou-naladou\/#breadcrumb"},"inLanguage":"sk-SK","potentialAction":[{"@type":"ReadAction","target":["https:\/\/www.welovecycling.com\/sk\/2020\/06\/10\/dochadzanie-do-prace-na-bicykli-ekologicky-a-s-dobrou-naladou\/"]}]},{"@type":"ImageObject","inLanguage":"sk-SK","@id":"https:\/\/www.welovecycling.com\/sk\/2020\/06\/10\/dochadzanie-do-prace-na-bicykli-ekologicky-a-s-dobrou-naladou\/#primaryimage","url":"https:\/\/d2p6e6u75xmxt8.cloudfront.net\/4\/2020\/06\/Doch\u00e1dzanie-do-pr\u00e1ce-na-bicykli_00.webp","contentUrl":"https:\/\/d2p6e6u75xmxt8.cloudfront.net\/4\/2020\/06\/Doch\u00e1dzanie-do-pr\u00e1ce-na-bicykli_00.webp","width":1380,"height":600},{"@type":"BreadcrumbList","@id":"https:\/\/www.welovecycling.com\/sk\/2020\/06\/10\/dochadzanie-do-prace-na-bicykli-ekologicky-a-s-dobrou-naladou\/#breadcrumb","itemListElement":[{"@type":"ListItem","position":1,"name":"Home","item":"https:\/\/www.welovecycling.com\/sk\/"},{"@type":"ListItem","position":2,"name":"Doch\u00e1dzanie do pr\u00e1ce na bicykli &#8211; ekologicky a s dobrou n\u00e1ladou"}]},{"@type":"WebSite","@id":"https:\/\/www.welovecycling.com\/sk\/#website","url":"https:\/\/www.welovecycling.com\/sk\/","name":"\u0160koda We Love Cycling Slovensko","description":"\u0160koda We Love Cycling Slovensko je v\u00e1\u0161 ka\u017edodenn\u00fd zdroj noviniek a in\u0161pir\u00e1cie z sveta cyklistiky","potentialAction":[{"@type":"SearchAction","target":{"@type":"EntryPoint","urlTemplate":"https:\/\/www.welovecycling.com\/sk\/?s={search_term_string}"},"query-input":{"@type":"PropertyValueSpecification","valueRequired":true,"valueName":"search_term_string"}}],"inLanguage":"sk-SK"},{"@type":"Person","@id":"","url":"https:\/\/www.welovecycling.com\/sk\/author\/"}]}},"_links":{"self":[{"href":"https:\/\/www.welovecycling.com\/sk\/wp-json\/wp\/v2\/posts\/10036","targetHints":{"allow":["GET"]}}],"collection":[{"href":"https:\/\/www.welovecycling.com\/sk\/wp-json\/wp\/v2\/posts"}],"about":[{"href":"https:\/\/www.welovecycling.com\/sk\/wp-json\/wp\/v2\/types\/post"}],"author":[{"embeddable":true,"href":"https:\/\/www.welovecycling.com\/sk\/wp-json\/wp\/v2\/users\/81"}],"replies":[{"embeddable":true,"href":"https:\/\/www.welovecycling.com\/sk\/wp-json\/wp\/v2\/comments?post=10036"}],"version-history":[{"count":2,"href":"https:\/\/www.welovecycling.com\/sk\/wp-json\/wp\/v2\/posts\/10036\/revisions"}],"predecessor-version":[{"id":10044,"href":"https:\/\/www.welovecycling.com\/sk\/wp-json\/wp\/v2\/posts\/10036\/revisions\/10044"}],"wp:featuredmedia":[{"embeddable":true,"href":"https:\/\/www.welovecycling.com\/sk\/wp-json\/wp\/v2\/media\/10038"}],"wp:attachment":[{"href":"https:\/\/www.welovecycling.com\/sk\/wp-json\/wp\/v2\/media?parent=10036"}],"wp:term":[{"taxonomy":"category","embeddable":true,"href":"https:\/\/www.welovecycling.com\/sk\/wp-json\/wp\/v2\/categories?post=10036"},{"taxonomy":"post_tag","embeddable":true,"href":"https:\/\/www.welovecycling.com\/sk\/wp-json\/wp\/v2\/tags?post=10036"},{"taxonomy":"global-categories","embeddable":true,"href":"https:\/\/www.welovecycling.com\/sk\/wp-json\/wp\/v2\/global-categories?post=10036"}],"curies":[{"name":"wp","href":"https:\/\/api.w.org\/{rel}","templated":true}]}}