{"id":87,"date":"2017-11-22T13:54:33","date_gmt":"2017-11-22T13:54:33","guid":{"rendered":"https:\/\/www.welovecycling.com\/se\/?p=87"},"modified":"2017-11-26T10:03:42","modified_gmt":"2017-11-26T10:03:42","slug":"crazy-swede-thats-the-nickname-you-get-when-you-bike-13-000-km-from-sweden-to-nepal","status":"publish","type":"post","link":"https:\/\/www.welovecycling.com\/se\/2017\/11\/22\/crazy-swede-thats-the-nickname-you-get-when-you-bike-13-000-km-from-sweden-to-nepal\/","title":{"rendered":"\u201dGalne Svensken\u201d &#8211; Det \u00e4r smeknamnet du f\u00e5r n\u00e4r du cyklar 13 000 km fr\u00e5n Sverige till Nepal"},"content":{"rendered":"<p><strong>\u00c4ven om G\u00f6ran Kropp l\u00e4mnade oss bara 35 \u00e5r gammal, lyckades han g\u00f6ra fantastiska saker som de flesta av oss bara kan dr\u00f6mma om. G\u00f6rans fascination av bergskl\u00e4ttring s\u00e4gs ha b\u00f6rjat redan 1972 n\u00e4r han bara var sex \u00e5r gammal, och hans far tog med honom p\u00e5 vandring till norska Galdh\u00f8piggen, Skandinaviens h\u00f6gsta berg p\u00e5 2 469 meter \u00f6ver havet. Det satte ig\u00e5ng hans \u201cbesatthet av berg\u201d som han kallade det och han fortsatte att bestiga Lenin Peak, Iliniza Sur, Cotopaxi, Illimani, Huayna Potosi, Muztagh Tower, Pik Pobeda, Illampu och m\u00e5nga fler.<\/strong><br \/>\n<!--more--><\/p>\n<p><span style=\"font-weight: 400;\">Som titeln avsl\u00f6jar, best\u00e4mde sig Kropp en solig dag den 16 oktober 1995 f\u00f6r att hoppa p\u00e5 sin Crescent Ultima och l\u00e4mna Stockholm f\u00f6r Nepal. G\u00f6ran startade sin resa med \u00f6ver 100 kg utrustning och mat, och efter n\u00e4rmare 13 000 km och till synes o\u00e4ndliga dagar av ensamhet, kom han slutligen till Mount Everest Base Camp i april 1996.<\/span><\/p>\n<p><a href=\"https:\/\/d2p6e6u75xmxt8.cloudfront.net\/9\/2017\/11\/Screen-Shot-2017-02-22-at-13.15.09.png\"><img loading=\"lazy\" decoding=\"async\" class=\"alignnone size-full wp-image-88\" src=\"https:\/\/d2p6e6u75xmxt8.cloudfront.net\/9\/2017\/11\/Screen-Shot-2017-02-22-at-13.15.09.png\" alt=\"\" width=\"752\" height=\"385\" srcset=\"https:\/\/d2p6e6u75xmxt8.cloudfront.net\/9\/2017\/11\/Screen-Shot-2017-02-22-at-13.15.09.png 752w, https:\/\/d2p6e6u75xmxt8.cloudfront.net\/9\/2017\/11\/Screen-Shot-2017-02-22-at-13.15.09-300x154.png 300w\" sizes=\"auto, (max-width: 752px) 100vw, 752px\" \/><\/a><\/p>\n<p><span style=\"font-weight: 400;\">Det var inte bara den h\u00e4r resan som var galen, hans Mount Everest-upplevelse var \u00e4nnu mer extrem. F\u00f6r att citera John Rothchild som talade om Kropps erfarenhet i en dokument\u00e4r: &#8221;Innan Kropp hade mer \u00e4n 900 personer bestigit Mount Everest den enkla v\u00e4gen (med syrgastuber) och ett f\u00e5tal hade g\u00e5tt macho-v\u00e4gen (utan syrgastuber) men ingen hade gjort det p\u00e5 super-macho-s\u00e4ttet (utan syrgas, ingen tygp\u00e5se fr\u00e5n hyres-a-yak, ingen b\u00e4rhj\u00e4lp fr\u00e5n Sherpas, ingen mat fr\u00e5n den v\u00e4lsorterade m\u00e4sshallen, ingen flygresa till Katmandu). Kropp antog utmaningen. Han cyklade till Everest, bar sin egna utrustning till basl\u00e4gret, kl\u00e4ttrade upp f\u00f6r berget helt sj\u00e4lv utan extra syre, n\u00e5dde toppen och cyklade sedan hem. &#8221;<\/span><\/p>\n<p><img loading=\"lazy\" decoding=\"async\" class=\"alignnone size-full wp-image-90\" src=\"https:\/\/d2p6e6u75xmxt8.cloudfront.net\/9\/2017\/11\/3132223.jpg\" alt=\"\" width=\"600\" height=\"401\" srcset=\"https:\/\/d2p6e6u75xmxt8.cloudfront.net\/9\/2017\/11\/3132223.jpg 600w, https:\/\/d2p6e6u75xmxt8.cloudfront.net\/9\/2017\/11\/3132223-300x201.jpg 300w, https:\/\/d2p6e6u75xmxt8.cloudfront.net\/9\/2017\/11\/3132223-272x182.jpg 272w\" sizes=\"auto, (max-width: 600px) 100vw, 600px\" \/><\/p>\n<p><span style=\"font-weight: 400;\">F\u00f6rst\u00e5r du nu smeknamnet &#8221;Galne Svensken&#8221;?<\/span><\/p>\n<p><span style=\"font-weight: 400;\">Rothchild beskriver det \u00e5terigen med de r\u00e4tta orden. &#8221;F\u00f6r att \u00f6vertr\u00e4ffa Kropp m\u00e5ste du kl\u00e4ttra Everest bakl\u00e4nges.&#8221; Och vad var Kropps kommentar p\u00e5 denna kr\u00e4vande och farliga resa? &#8221;Jag ville ha ett \u00e4ventyr som aldrig tidigare sk\u00e5dats.&#8221; Vi l\u00e5ter dig avg\u00f6ra hans mentala h\u00e4lsa. Men faktum \u00e4r att han inte bara var en galning som ville anstr\u00e4nga sig till d\u00f6ds. Innan han kl\u00e4ttrade upp till toppen, v\u00e4nde han en g\u00e5ng tillbaka bara 350 meter ifr\u00e5n, eftersom det blev m\u00f6rkt och f\u00f6r sent f\u00f6r att han skulle kunna \u00e5terv\u00e4nda s\u00e4kert.<\/span><\/p>\n<p><a href=\"https:\/\/d2p6e6u75xmxt8.cloudfront.net\/9\/2017\/11\/Screen-Shot-2017-02-22-at-13.21.09.png\"><img loading=\"lazy\" decoding=\"async\" class=\"alignnone size-full wp-image-92\" src=\"https:\/\/d2p6e6u75xmxt8.cloudfront.net\/9\/2017\/11\/Screen-Shot-2017-02-22-at-13.21.09.png\" alt=\"\" width=\"751\" height=\"392\" srcset=\"https:\/\/d2p6e6u75xmxt8.cloudfront.net\/9\/2017\/11\/Screen-Shot-2017-02-22-at-13.21.09.png 751w, https:\/\/d2p6e6u75xmxt8.cloudfront.net\/9\/2017\/11\/Screen-Shot-2017-02-22-at-13.21.09-300x157.png 300w\" sizes=\"auto, (max-width: 751px) 100vw, 751px\" \/><\/a><\/p>\n<p><span style=\"font-weight: 400;\">Tyv\u00e4rr dog Kropp i en kl\u00e4ttringsolycka p\u00e5 kl\u00e4ttringsleden \u201cAir Guitar\u201d n\u00e4ra Frenchman Coulee i Vantage, Washington den 30 september 2002. Han tappade f\u00e4stet och fallet d\u00f6dade honom omedelbart. Han blev bara 35 men, som vi sa ovan lyckades G\u00f6ran trots det g\u00f6ra ett s\u00e5 pass stort avtryck p\u00e5 v\u00e4rlden att han alltid kommer att bli ih\u00e5gkommen.<\/span><\/p>\n","protected":false},"excerpt":{"rendered":"<p>\u00c4ven om G\u00f6ran Kropp l\u00e4mnade oss bara 35 \u00e5r gammal, lyckades han g\u00f6ra fantastiska saker som de flesta av oss [&hellip;]<\/p>\n","protected":false},"author":52,"featured_media":94,"comment_status":"open","ping_status":"open","sticky":false,"template":"","format":"standard","meta":{"footnotes":""},"categories":[9,5],"tags":[],"global-categories":[],"class_list":["post-87","post","type-post","status-publish","format-standard","has-post-thumbnail","hentry","category-aventyr","category-nyheter"],"yoast_head":"<!-- This site is optimized with the Yoast SEO Premium plugin v25.3 (Yoast SEO v25.9) - https:\/\/yoast.com\/wordpress\/plugins\/seo\/ -->\n<title>\u201dGalne Svensken\u201d - Det \u00e4r smeknamnet du f\u00e5r n\u00e4r du cyklar 13 000 km fr\u00e5n Sverige till Nepal - \u0160koda - We Love Cycling - Sweden<\/title>\n<meta name=\"robots\" content=\"index, follow, max-snippet:-1, max-image-preview:large, max-video-preview:-1\" \/>\n<link rel=\"canonical\" href=\"https:\/\/www.welovecycling.com\/se\/2017\/11\/22\/crazy-swede-thats-the-nickname-you-get-when-you-bike-13-000-km-from-sweden-to-nepal\/\" \/>\n<meta property=\"og:locale\" content=\"sv_SE\" \/>\n<meta property=\"og:type\" content=\"article\" \/>\n<meta property=\"og:title\" content=\"\u201dGalne Svensken\u201d - Det \u00e4r smeknamnet du f\u00e5r n\u00e4r du cyklar 13 000 km fr\u00e5n Sverige till Nepal\" \/>\n<meta property=\"og:description\" content=\"\u00c4ven om G\u00f6ran Kropp l\u00e4mnade oss bara 35 \u00e5r gammal, lyckades han g\u00f6ra fantastiska saker som de flesta av oss [&hellip;]\" \/>\n<meta property=\"og:url\" content=\"https:\/\/www.welovecycling.com\/se\/2017\/11\/22\/crazy-swede-thats-the-nickname-you-get-when-you-bike-13-000-km-from-sweden-to-nepal\/\" \/>\n<meta property=\"og:site_name\" content=\"\u0160koda - We Love Cycling - Sweden\" \/>\n<meta property=\"article:published_time\" content=\"2017-11-22T13:54:33+00:00\" \/>\n<meta property=\"article:modified_time\" content=\"2017-11-26T10:03:42+00:00\" \/>\n<meta property=\"og:image\" content=\"https:\/\/d2p6e6u75xmxt8.cloudfront.net\/9\/2017\/11\/244223242_42242442.jpg\" \/>\n\t<meta property=\"og:image:width\" content=\"1375\" \/>\n\t<meta property=\"og:image:height\" content=\"600\" \/>\n\t<meta property=\"og:image:type\" content=\"image\/jpeg\" \/>\n<meta name=\"author\" content=\"erikleonsson\" \/>\n<meta name=\"twitter:card\" content=\"summary_large_image\" \/>\n<meta name=\"twitter:label1\" content=\"Written by\" \/>\n\t<meta name=\"twitter:data1\" content=\"Frantiska Blazkova\" \/>\n\t<meta name=\"twitter:label2\" content=\"Est. reading time\" \/>\n\t<meta name=\"twitter:data2\" content=\"2 minutes\" \/>\n<script type=\"application\/ld+json\" class=\"yoast-schema-graph\">{\"@context\":\"https:\/\/schema.org\",\"@graph\":[{\"@type\":\"WebPage\",\"@id\":\"https:\/\/www.welovecycling.com\/se\/2017\/11\/22\/crazy-swede-thats-the-nickname-you-get-when-you-bike-13-000-km-from-sweden-to-nepal\/\",\"url\":\"https:\/\/www.welovecycling.com\/se\/2017\/11\/22\/crazy-swede-thats-the-nickname-you-get-when-you-bike-13-000-km-from-sweden-to-nepal\/\",\"name\":\"\u201dGalne Svensken\u201d - Det \u00e4r smeknamnet du f\u00e5r n\u00e4r du cyklar 13 000 km fr\u00e5n Sverige till Nepal - \u0160koda - We Love Cycling - Sweden\",\"isPartOf\":{\"@id\":\"https:\/\/www.welovecycling.com\/se\/#website\"},\"primaryImageOfPage\":{\"@id\":\"https:\/\/www.welovecycling.com\/se\/2017\/11\/22\/crazy-swede-thats-the-nickname-you-get-when-you-bike-13-000-km-from-sweden-to-nepal\/#primaryimage\"},\"image\":{\"@id\":\"https:\/\/www.welovecycling.com\/se\/2017\/11\/22\/crazy-swede-thats-the-nickname-you-get-when-you-bike-13-000-km-from-sweden-to-nepal\/#primaryimage\"},\"thumbnailUrl\":\"https:\/\/d2p6e6u75xmxt8.cloudfront.net\/9\/2017\/11\/244223242_42242442.jpg\",\"datePublished\":\"2017-11-22T13:54:33+00:00\",\"dateModified\":\"2017-11-26T10:03:42+00:00\",\"author\":{\"@id\":\"https:\/\/www.welovecycling.com\/se\/#\/schema\/person\/037f34ad5d6e77accab8a3eff6ad7a0c\"},\"breadcrumb\":{\"@id\":\"https:\/\/www.welovecycling.com\/se\/2017\/11\/22\/crazy-swede-thats-the-nickname-you-get-when-you-bike-13-000-km-from-sweden-to-nepal\/#breadcrumb\"},\"inLanguage\":\"sv-SE\",\"potentialAction\":[{\"@type\":\"ReadAction\",\"target\":[\"https:\/\/www.welovecycling.com\/se\/2017\/11\/22\/crazy-swede-thats-the-nickname-you-get-when-you-bike-13-000-km-from-sweden-to-nepal\/\"]}]},{\"@type\":\"ImageObject\",\"inLanguage\":\"sv-SE\",\"@id\":\"https:\/\/www.welovecycling.com\/se\/2017\/11\/22\/crazy-swede-thats-the-nickname-you-get-when-you-bike-13-000-km-from-sweden-to-nepal\/#primaryimage\",\"url\":\"https:\/\/d2p6e6u75xmxt8.cloudfront.net\/9\/2017\/11\/244223242_42242442.jpg\",\"contentUrl\":\"https:\/\/d2p6e6u75xmxt8.cloudfront.net\/9\/2017\/11\/244223242_42242442.jpg\",\"width\":1375,\"height\":600},{\"@type\":\"BreadcrumbList\",\"@id\":\"https:\/\/www.welovecycling.com\/se\/2017\/11\/22\/crazy-swede-thats-the-nickname-you-get-when-you-bike-13-000-km-from-sweden-to-nepal\/#breadcrumb\",\"itemListElement\":[{\"@type\":\"ListItem\",\"position\":1,\"name\":\"Home\",\"item\":\"https:\/\/www.welovecycling.com\/se\/\"},{\"@type\":\"ListItem\",\"position\":2,\"name\":\"\u201dGalne Svensken\u201d &#8211; Det \u00e4r smeknamnet du f\u00e5r n\u00e4r du cyklar 13 000 km fr\u00e5n Sverige till Nepal\"}]},{\"@type\":\"WebSite\",\"@id\":\"https:\/\/www.welovecycling.com\/se\/#website\",\"url\":\"https:\/\/www.welovecycling.com\/se\/\",\"name\":\"\u0160koda - We Love Cycling - Sweden\",\"description\":\"\u0160koda We Love Cycling - Sweden\",\"potentialAction\":[{\"@type\":\"SearchAction\",\"target\":{\"@type\":\"EntryPoint\",\"urlTemplate\":\"https:\/\/www.welovecycling.com\/se\/?s={search_term_string}\"},\"query-input\":{\"@type\":\"PropertyValueSpecification\",\"valueRequired\":true,\"valueName\":\"search_term_string\"}}],\"inLanguage\":\"sv-SE\"},{\"@type\":\"Person\",\"@id\":\"https:\/\/www.welovecycling.com\/se\/#\/schema\/person\/037f34ad5d6e77accab8a3eff6ad7a0c\",\"name\":\"erikleonsson\",\"image\":{\"@type\":\"ImageObject\",\"inLanguage\":\"sv-SE\",\"@id\":\"https:\/\/www.welovecycling.com\/se\/#\/schema\/person\/image\/\",\"url\":\"https:\/\/secure.gravatar.com\/avatar\/788a593b0a657d6864c271709722f9cd586caa5a645e77f71fe625396b02677c?s=96&d=mm&r=g\",\"contentUrl\":\"https:\/\/secure.gravatar.com\/avatar\/788a593b0a657d6864c271709722f9cd586caa5a645e77f71fe625396b02677c?s=96&d=mm&r=g\",\"caption\":\"erikleonsson\"},\"url\":\"https:\/\/www.welovecycling.com\/se\/author\/erikleonsson\/\"}]}<\/script>\n<!-- \/ Yoast SEO Premium plugin. -->","yoast_head_json":{"title":"\u201dGalne Svensken\u201d - Det \u00e4r smeknamnet du f\u00e5r n\u00e4r du cyklar 13 000 km fr\u00e5n Sverige till Nepal - \u0160koda - We Love Cycling - Sweden","robots":{"index":"index","follow":"follow","max-snippet":"max-snippet:-1","max-image-preview":"max-image-preview:large","max-video-preview":"max-video-preview:-1"},"canonical":"https:\/\/www.welovecycling.com\/se\/2017\/11\/22\/crazy-swede-thats-the-nickname-you-get-when-you-bike-13-000-km-from-sweden-to-nepal\/","og_locale":"sv_SE","og_type":"article","og_title":"\u201dGalne Svensken\u201d - Det \u00e4r smeknamnet du f\u00e5r n\u00e4r du cyklar 13 000 km fr\u00e5n Sverige till Nepal","og_description":"\u00c4ven om G\u00f6ran Kropp l\u00e4mnade oss bara 35 \u00e5r gammal, lyckades han g\u00f6ra fantastiska saker som de flesta av oss [&hellip;]","og_url":"https:\/\/www.welovecycling.com\/se\/2017\/11\/22\/crazy-swede-thats-the-nickname-you-get-when-you-bike-13-000-km-from-sweden-to-nepal\/","og_site_name":"\u0160koda - We Love Cycling - Sweden","article_published_time":"2017-11-22T13:54:33+00:00","article_modified_time":"2017-11-26T10:03:42+00:00","og_image":[{"width":1375,"height":600,"url":"https:\/\/d2p6e6u75xmxt8.cloudfront.net\/9\/2017\/11\/244223242_42242442.jpg","type":"image\/jpeg"}],"author":"erikleonsson","twitter_card":"summary_large_image","twitter_misc":{"Written by":"Frantiska Blazkova","Est. reading time":"2 minutes"},"schema":{"@context":"https:\/\/schema.org","@graph":[{"@type":"WebPage","@id":"https:\/\/www.welovecycling.com\/se\/2017\/11\/22\/crazy-swede-thats-the-nickname-you-get-when-you-bike-13-000-km-from-sweden-to-nepal\/","url":"https:\/\/www.welovecycling.com\/se\/2017\/11\/22\/crazy-swede-thats-the-nickname-you-get-when-you-bike-13-000-km-from-sweden-to-nepal\/","name":"\u201dGalne Svensken\u201d - Det \u00e4r smeknamnet du f\u00e5r n\u00e4r du cyklar 13 000 km fr\u00e5n Sverige till Nepal - \u0160koda - We Love Cycling - Sweden","isPartOf":{"@id":"https:\/\/www.welovecycling.com\/se\/#website"},"primaryImageOfPage":{"@id":"https:\/\/www.welovecycling.com\/se\/2017\/11\/22\/crazy-swede-thats-the-nickname-you-get-when-you-bike-13-000-km-from-sweden-to-nepal\/#primaryimage"},"image":{"@id":"https:\/\/www.welovecycling.com\/se\/2017\/11\/22\/crazy-swede-thats-the-nickname-you-get-when-you-bike-13-000-km-from-sweden-to-nepal\/#primaryimage"},"thumbnailUrl":"https:\/\/d2p6e6u75xmxt8.cloudfront.net\/9\/2017\/11\/244223242_42242442.jpg","datePublished":"2017-11-22T13:54:33+00:00","dateModified":"2017-11-26T10:03:42+00:00","author":{"@id":"https:\/\/www.welovecycling.com\/se\/#\/schema\/person\/037f34ad5d6e77accab8a3eff6ad7a0c"},"breadcrumb":{"@id":"https:\/\/www.welovecycling.com\/se\/2017\/11\/22\/crazy-swede-thats-the-nickname-you-get-when-you-bike-13-000-km-from-sweden-to-nepal\/#breadcrumb"},"inLanguage":"sv-SE","potentialAction":[{"@type":"ReadAction","target":["https:\/\/www.welovecycling.com\/se\/2017\/11\/22\/crazy-swede-thats-the-nickname-you-get-when-you-bike-13-000-km-from-sweden-to-nepal\/"]}]},{"@type":"ImageObject","inLanguage":"sv-SE","@id":"https:\/\/www.welovecycling.com\/se\/2017\/11\/22\/crazy-swede-thats-the-nickname-you-get-when-you-bike-13-000-km-from-sweden-to-nepal\/#primaryimage","url":"https:\/\/d2p6e6u75xmxt8.cloudfront.net\/9\/2017\/11\/244223242_42242442.jpg","contentUrl":"https:\/\/d2p6e6u75xmxt8.cloudfront.net\/9\/2017\/11\/244223242_42242442.jpg","width":1375,"height":600},{"@type":"BreadcrumbList","@id":"https:\/\/www.welovecycling.com\/se\/2017\/11\/22\/crazy-swede-thats-the-nickname-you-get-when-you-bike-13-000-km-from-sweden-to-nepal\/#breadcrumb","itemListElement":[{"@type":"ListItem","position":1,"name":"Home","item":"https:\/\/www.welovecycling.com\/se\/"},{"@type":"ListItem","position":2,"name":"\u201dGalne Svensken\u201d &#8211; Det \u00e4r smeknamnet du f\u00e5r n\u00e4r du cyklar 13 000 km fr\u00e5n Sverige till Nepal"}]},{"@type":"WebSite","@id":"https:\/\/www.welovecycling.com\/se\/#website","url":"https:\/\/www.welovecycling.com\/se\/","name":"\u0160koda - We Love Cycling - Sweden","description":"\u0160koda We Love Cycling - Sweden","potentialAction":[{"@type":"SearchAction","target":{"@type":"EntryPoint","urlTemplate":"https:\/\/www.welovecycling.com\/se\/?s={search_term_string}"},"query-input":{"@type":"PropertyValueSpecification","valueRequired":true,"valueName":"search_term_string"}}],"inLanguage":"sv-SE"},{"@type":"Person","@id":"https:\/\/www.welovecycling.com\/se\/#\/schema\/person\/037f34ad5d6e77accab8a3eff6ad7a0c","name":"erikleonsson","image":{"@type":"ImageObject","inLanguage":"sv-SE","@id":"https:\/\/www.welovecycling.com\/se\/#\/schema\/person\/image\/","url":"https:\/\/secure.gravatar.com\/avatar\/788a593b0a657d6864c271709722f9cd586caa5a645e77f71fe625396b02677c?s=96&d=mm&r=g","contentUrl":"https:\/\/secure.gravatar.com\/avatar\/788a593b0a657d6864c271709722f9cd586caa5a645e77f71fe625396b02677c?s=96&d=mm&r=g","caption":"erikleonsson"},"url":"https:\/\/www.welovecycling.com\/se\/author\/erikleonsson\/"}]}},"_links":{"self":[{"href":"https:\/\/www.welovecycling.com\/se\/wp-json\/wp\/v2\/posts\/87","targetHints":{"allow":["GET"]}}],"collection":[{"href":"https:\/\/www.welovecycling.com\/se\/wp-json\/wp\/v2\/posts"}],"about":[{"href":"https:\/\/www.welovecycling.com\/se\/wp-json\/wp\/v2\/types\/post"}],"author":[{"embeddable":true,"href":"https:\/\/www.welovecycling.com\/se\/wp-json\/wp\/v2\/users\/52"}],"replies":[{"embeddable":true,"href":"https:\/\/www.welovecycling.com\/se\/wp-json\/wp\/v2\/comments?post=87"}],"version-history":[{"count":2,"href":"https:\/\/www.welovecycling.com\/se\/wp-json\/wp\/v2\/posts\/87\/revisions"}],"predecessor-version":[{"id":345,"href":"https:\/\/www.welovecycling.com\/se\/wp-json\/wp\/v2\/posts\/87\/revisions\/345"}],"wp:featuredmedia":[{"embeddable":true,"href":"https:\/\/www.welovecycling.com\/se\/wp-json\/wp\/v2\/media\/94"}],"wp:attachment":[{"href":"https:\/\/www.welovecycling.com\/se\/wp-json\/wp\/v2\/media?parent=87"}],"wp:term":[{"taxonomy":"category","embeddable":true,"href":"https:\/\/www.welovecycling.com\/se\/wp-json\/wp\/v2\/categories?post=87"},{"taxonomy":"post_tag","embeddable":true,"href":"https:\/\/www.welovecycling.com\/se\/wp-json\/wp\/v2\/tags?post=87"},{"taxonomy":"global-categories","embeddable":true,"href":"https:\/\/www.welovecycling.com\/se\/wp-json\/wp\/v2\/global-categories?post=87"}],"curies":[{"name":"wp","href":"https:\/\/api.w.org\/{rel}","templated":true}]}}