{"id":815,"date":"2018-01-26T22:44:21","date_gmt":"2018-01-26T21:44:21","guid":{"rendered":"https:\/\/www.welovecycling.com\/se\/?p=815"},"modified":"2018-01-26T22:44:21","modified_gmt":"2018-01-26T21:44:21","slug":"rekordmanga-ansokningar-till-skoda-cycling-team-2018","status":"publish","type":"post","link":"https:\/\/www.welovecycling.com\/se\/2018\/01\/26\/rekordmanga-ansokningar-till-skoda-cycling-team-2018\/","title":{"rendered":"Rekordm\u00e5nga ans\u00f6kningar till \u0160koda Cycling Team 2018"},"content":{"rendered":"<p class=\"text-elements__Leadtext-SWzRd cHxoLr\"><strong>F\u00f6r fj\u00e4rde \u00e5ret i rad rekryterar \u0160koda 15 nya cyklister till \u0160koda Cycling Team, d\u00e4r bilf\u00f6retaget ger medlemmarna alla f\u00f6ruts\u00e4ttningar f\u00f6r att bli s\u00e5 bra cyklister som m\u00f6jligt f\u00f6r en s\u00e4song genom professionell support, fystester och h\u00f6gklassig utrustning. Till 2018 \u00e5rs lag \u00e4r intresset st\u00f6rre \u00e4n n\u00e5gonsin &#8211; med fler \u00e4n 2 100 ans\u00f6kningar.<\/strong><\/p>\n<p>I \u0160koda Cycling Team samlar \u0160koda Sverige varje \u00e5r 15 nya cyklister som vill uppleva sin livs cykels\u00e4song. Med maximal support, individuella tr\u00e4ningsuppl\u00e4gg signerade proffstr\u00e4naren Mattias Reck, cyklar fr\u00e5n Canyon, innovativ n\u00e4ring fr\u00e5n Maurten och utrustning fr\u00e5n s\u00e5v\u00e4l POC som Garmin ges de nya rekryterna i \u0160koda Cycling Team alla t\u00e4nkbara f\u00f6ruts\u00e4ttningar f\u00f6r att bli s\u00e5 snabba som m\u00f6jligt \u2013 allt f\u00f6r att tillsammans cykla V\u00e4tternrundans 30 mil p\u00e5 under \u00e5tta timmar.<\/p>\n<p>\u0160koda Cycling Team grundades 2014 och har sedan dess positionerat b\u00e5de sig sj\u00e4lv och varum\u00e4rket \u0160koda i fr\u00e4mst cykel-Sverige, vilket inte minst visas av de 2 100 personer som ans\u00f6kt om en plats i \u00e5rets lag &#8211; som dessutom inneb\u00e4r fj\u00e4rde \u00e5ret i rad av rekordm\u00e5nga ans\u00f6kningar.<br \/>\nTeamet best\u00e5r av, f\u00f6rutom de 15 rekryterna som \u00e5rligen f\u00f6rnyas, lika m\u00e5nga handplockade ambassad\u00f6rer som coachar och hj\u00e4lper de nya rekryterna. Allt f\u00f6r att de tillsammans ska cykla V\u00e4tternrundan p\u00e5 under \u00e5tta timmar \u2013 en medelhastighet p\u00e5 n\u00e4ra 40 km\/h.<\/p>\n<p>\u0160koda Sverige \u00e4r dessutom huvudsponsorer till V\u00e4tternrundan &#8211; v\u00e4rldens st\u00f6rsta motionslopp f\u00f6r cyklister &#8211; och p\u00e5 internationell niv\u00e5 sponsrar biltillverkaren s\u00e5v\u00e4l Tour de France, ett av v\u00e4rldens st\u00f6rsta idrottsarrangemang, samt spanska La Vuelta. \u0160koda har som f\u00f6retag ett starkt cykelarv d\u00e5 f\u00f6retaget grundades 1895 med just cykeltillverkning och har sedan dess v\u00e4rnat sporten och cyklisterna \u2013 och med \u0160koda Cycling Team ges 15 av Sveriges cyklister chansen att prova p\u00e5 proffsk\u00e4nslan och f\u00e5 sin livs cykels\u00e4song.<br \/>\n&#8211; Det \u00e4r naturligtvis otroligt gl\u00e4djande och inspirerande att se det stora intresset f\u00f6r \u0160koda Cycling Team. Med \u00e5rets 2 100 ans\u00f6kningar har vi fyra \u00e5r i rad haft rekordm\u00e5nga ans\u00f6kningar och nu p\u00e5g\u00e5r ett intensivt arbete med att utv\u00e4rdera alla ans\u00f6kningar och s\u00e4tta samman 2018 \u00e5rs \u0160koda Cycling Team, s\u00e4ger Erik Gustafsson, sponsoransvarig inom \u0160koda Sverige.<\/p>\n<p>M\u00e5let med \u0160koda Cycling Team \u00e4r att skapa en stark gemenskap, utan att n\u00f6dv\u00e4ndigtvis alla beh\u00f6ver vara starka individer fr\u00e5n b\u00f6rjan. Till teamet s\u00f6ker \u0160koda medlemmar som representerar hela Sverige genom geografisk spridning, j\u00e4mn k\u00f6nsf\u00f6rdelning och naturligtvis bredd i \u00e5lder, allt f\u00f6r att skapa en dynamisk grupp med motion\u00e4rer som tillsammans h\u00f6jer sin prestation till nya niv\u00e5er.<br \/>\nDe nya medlemmarna i \u0160koda Cycling Team 2018 presenteras under februari, d\u00e4refter v\u00e4ntar en intensiv period med fystester, tr\u00e4ningsl\u00e4ger och coachning \u2013 allt f\u00f6r att medlemmarna i juni ska st\u00e5 redo f\u00f6r ett snabbt varv runt Sveriges n\u00e4st st\u00f6rsta sj\u00f6; V\u00e4ttern.<\/p>\n","protected":false},"excerpt":{"rendered":"<p>F\u00f6r fj\u00e4rde \u00e5ret i rad rekryterar \u0160koda 15 nya cyklister till \u0160koda Cycling Team, d\u00e4r bilf\u00f6retaget ger medlemmarna alla f\u00f6ruts\u00e4ttningar [&hellip;]<\/p>\n","protected":false},"author":53,"featured_media":816,"comment_status":"open","ping_status":"open","sticky":false,"template":"","format":"standard","meta":{"footnotes":""},"categories":[5,7],"tags":[],"global-categories":[],"class_list":["post-815","post","type-post","status-publish","format-standard","has-post-thumbnail","hentry","category-nyheter","category-cyclingteam"],"yoast_head":"<!-- This site is optimized with the Yoast SEO Premium plugin v25.3 (Yoast SEO v25.9) - https:\/\/yoast.com\/wordpress\/plugins\/seo\/ -->\n<title>Rekordm\u00e5nga ans\u00f6kningar till \u0160koda Cycling Team 2018 - \u0160koda - We Love Cycling - Sweden<\/title>\n<meta name=\"robots\" content=\"index, follow, max-snippet:-1, max-image-preview:large, max-video-preview:-1\" \/>\n<link rel=\"canonical\" href=\"https:\/\/www.welovecycling.com\/se\/2018\/01\/26\/rekordmanga-ansokningar-till-skoda-cycling-team-2018\/\" \/>\n<meta property=\"og:locale\" content=\"sv_SE\" \/>\n<meta property=\"og:type\" content=\"article\" \/>\n<meta property=\"og:title\" content=\"Rekordm\u00e5nga ans\u00f6kningar till \u0160koda Cycling Team 2018\" \/>\n<meta property=\"og:description\" content=\"F\u00f6r fj\u00e4rde \u00e5ret i rad rekryterar \u0160koda 15 nya cyklister till \u0160koda Cycling Team, d\u00e4r bilf\u00f6retaget ger medlemmarna alla f\u00f6ruts\u00e4ttningar [&hellip;]\" \/>\n<meta property=\"og:url\" content=\"https:\/\/www.welovecycling.com\/se\/2018\/01\/26\/rekordmanga-ansokningar-till-skoda-cycling-team-2018\/\" \/>\n<meta property=\"og:site_name\" content=\"\u0160koda - We Love Cycling - Sweden\" \/>\n<meta property=\"article:published_time\" content=\"2018-01-26T21:44:21+00:00\" \/>\n<meta property=\"og:image\" content=\"https:\/\/d2p6e6u75xmxt8.cloudfront.net\/9\/2018\/01\/6802f9e4-9381-4b40-97cd-4701f39269ff.jpg\" \/>\n\t<meta property=\"og:image:width\" content=\"1200\" \/>\n\t<meta property=\"og:image:height\" content=\"800\" \/>\n\t<meta property=\"og:image:type\" content=\"image\/jpeg\" \/>\n<meta name=\"author\" content=\"Erik Gustafsson\" \/>\n<meta name=\"twitter:card\" content=\"summary_large_image\" \/>\n<meta name=\"twitter:label1\" content=\"Written by\" \/>\n\t<meta name=\"twitter:data1\" content=\"Erik Gustafsson\" \/>\n\t<meta name=\"twitter:label2\" content=\"Est. reading time\" \/>\n\t<meta name=\"twitter:data2\" content=\"3 minutes\" \/>\n<script type=\"application\/ld+json\" class=\"yoast-schema-graph\">{\"@context\":\"https:\/\/schema.org\",\"@graph\":[{\"@type\":\"WebPage\",\"@id\":\"https:\/\/www.welovecycling.com\/se\/2018\/01\/26\/rekordmanga-ansokningar-till-skoda-cycling-team-2018\/\",\"url\":\"https:\/\/www.welovecycling.com\/se\/2018\/01\/26\/rekordmanga-ansokningar-till-skoda-cycling-team-2018\/\",\"name\":\"Rekordm\u00e5nga ans\u00f6kningar till \u0160koda Cycling Team 2018 - \u0160koda - We Love Cycling - Sweden\",\"isPartOf\":{\"@id\":\"https:\/\/www.welovecycling.com\/se\/#website\"},\"primaryImageOfPage\":{\"@id\":\"https:\/\/www.welovecycling.com\/se\/2018\/01\/26\/rekordmanga-ansokningar-till-skoda-cycling-team-2018\/#primaryimage\"},\"image\":{\"@id\":\"https:\/\/www.welovecycling.com\/se\/2018\/01\/26\/rekordmanga-ansokningar-till-skoda-cycling-team-2018\/#primaryimage\"},\"thumbnailUrl\":\"https:\/\/d2p6e6u75xmxt8.cloudfront.net\/9\/2018\/01\/6802f9e4-9381-4b40-97cd-4701f39269ff.jpg\",\"datePublished\":\"2018-01-26T21:44:21+00:00\",\"author\":{\"@id\":\"https:\/\/www.welovecycling.com\/se\/#\/schema\/person\/8f0cc3de43d64a5012d5b3c08488d14e\"},\"breadcrumb\":{\"@id\":\"https:\/\/www.welovecycling.com\/se\/2018\/01\/26\/rekordmanga-ansokningar-till-skoda-cycling-team-2018\/#breadcrumb\"},\"inLanguage\":\"sv-SE\",\"potentialAction\":[{\"@type\":\"ReadAction\",\"target\":[\"https:\/\/www.welovecycling.com\/se\/2018\/01\/26\/rekordmanga-ansokningar-till-skoda-cycling-team-2018\/\"]}]},{\"@type\":\"ImageObject\",\"inLanguage\":\"sv-SE\",\"@id\":\"https:\/\/www.welovecycling.com\/se\/2018\/01\/26\/rekordmanga-ansokningar-till-skoda-cycling-team-2018\/#primaryimage\",\"url\":\"https:\/\/d2p6e6u75xmxt8.cloudfront.net\/9\/2018\/01\/6802f9e4-9381-4b40-97cd-4701f39269ff.jpg\",\"contentUrl\":\"https:\/\/d2p6e6u75xmxt8.cloudfront.net\/9\/2018\/01\/6802f9e4-9381-4b40-97cd-4701f39269ff.jpg\",\"width\":1200,\"height\":800},{\"@type\":\"BreadcrumbList\",\"@id\":\"https:\/\/www.welovecycling.com\/se\/2018\/01\/26\/rekordmanga-ansokningar-till-skoda-cycling-team-2018\/#breadcrumb\",\"itemListElement\":[{\"@type\":\"ListItem\",\"position\":1,\"name\":\"Home\",\"item\":\"https:\/\/www.welovecycling.com\/se\/\"},{\"@type\":\"ListItem\",\"position\":2,\"name\":\"Rekordm\u00e5nga ans\u00f6kningar till \u0160koda Cycling Team 2018\"}]},{\"@type\":\"WebSite\",\"@id\":\"https:\/\/www.welovecycling.com\/se\/#website\",\"url\":\"https:\/\/www.welovecycling.com\/se\/\",\"name\":\"\u0160koda - We Love Cycling - Sweden\",\"description\":\"\u0160koda We Love Cycling - Sweden\",\"potentialAction\":[{\"@type\":\"SearchAction\",\"target\":{\"@type\":\"EntryPoint\",\"urlTemplate\":\"https:\/\/www.welovecycling.com\/se\/?s={search_term_string}\"},\"query-input\":{\"@type\":\"PropertyValueSpecification\",\"valueRequired\":true,\"valueName\":\"search_term_string\"}}],\"inLanguage\":\"sv-SE\"},{\"@type\":\"Person\",\"@id\":\"https:\/\/www.welovecycling.com\/se\/#\/schema\/person\/8f0cc3de43d64a5012d5b3c08488d14e\",\"name\":\"Erik Gustafsson\",\"image\":{\"@type\":\"ImageObject\",\"inLanguage\":\"sv-SE\",\"@id\":\"https:\/\/www.welovecycling.com\/se\/#\/schema\/person\/image\/\",\"url\":\"https:\/\/secure.gravatar.com\/avatar\/2e023b4a4d6bb21669866895d82623f61418c7c04fbd5e7d97c9eeee5e279e27?s=96&d=mm&r=g\",\"contentUrl\":\"https:\/\/secure.gravatar.com\/avatar\/2e023b4a4d6bb21669866895d82623f61418c7c04fbd5e7d97c9eeee5e279e27?s=96&d=mm&r=g\",\"caption\":\"Erik Gustafsson\"},\"url\":\"https:\/\/www.welovecycling.com\/se\/author\/erikgustafsson\/\"}]}<\/script>\n<!-- \/ Yoast SEO Premium plugin. -->","yoast_head_json":{"title":"Rekordm\u00e5nga ans\u00f6kningar till \u0160koda Cycling Team 2018 - \u0160koda - We Love Cycling - Sweden","robots":{"index":"index","follow":"follow","max-snippet":"max-snippet:-1","max-image-preview":"max-image-preview:large","max-video-preview":"max-video-preview:-1"},"canonical":"https:\/\/www.welovecycling.com\/se\/2018\/01\/26\/rekordmanga-ansokningar-till-skoda-cycling-team-2018\/","og_locale":"sv_SE","og_type":"article","og_title":"Rekordm\u00e5nga ans\u00f6kningar till \u0160koda Cycling Team 2018","og_description":"F\u00f6r fj\u00e4rde \u00e5ret i rad rekryterar \u0160koda 15 nya cyklister till \u0160koda Cycling Team, d\u00e4r bilf\u00f6retaget ger medlemmarna alla f\u00f6ruts\u00e4ttningar [&hellip;]","og_url":"https:\/\/www.welovecycling.com\/se\/2018\/01\/26\/rekordmanga-ansokningar-till-skoda-cycling-team-2018\/","og_site_name":"\u0160koda - We Love Cycling - Sweden","article_published_time":"2018-01-26T21:44:21+00:00","og_image":[{"width":1200,"height":800,"url":"https:\/\/d2p6e6u75xmxt8.cloudfront.net\/9\/2018\/01\/6802f9e4-9381-4b40-97cd-4701f39269ff.jpg","type":"image\/jpeg"}],"author":"Erik Gustafsson","twitter_card":"summary_large_image","twitter_misc":{"Written by":"Erik Gustafsson","Est. reading time":"3 minutes"},"schema":{"@context":"https:\/\/schema.org","@graph":[{"@type":"WebPage","@id":"https:\/\/www.welovecycling.com\/se\/2018\/01\/26\/rekordmanga-ansokningar-till-skoda-cycling-team-2018\/","url":"https:\/\/www.welovecycling.com\/se\/2018\/01\/26\/rekordmanga-ansokningar-till-skoda-cycling-team-2018\/","name":"Rekordm\u00e5nga ans\u00f6kningar till \u0160koda Cycling Team 2018 - \u0160koda - We Love Cycling - Sweden","isPartOf":{"@id":"https:\/\/www.welovecycling.com\/se\/#website"},"primaryImageOfPage":{"@id":"https:\/\/www.welovecycling.com\/se\/2018\/01\/26\/rekordmanga-ansokningar-till-skoda-cycling-team-2018\/#primaryimage"},"image":{"@id":"https:\/\/www.welovecycling.com\/se\/2018\/01\/26\/rekordmanga-ansokningar-till-skoda-cycling-team-2018\/#primaryimage"},"thumbnailUrl":"https:\/\/d2p6e6u75xmxt8.cloudfront.net\/9\/2018\/01\/6802f9e4-9381-4b40-97cd-4701f39269ff.jpg","datePublished":"2018-01-26T21:44:21+00:00","author":{"@id":"https:\/\/www.welovecycling.com\/se\/#\/schema\/person\/8f0cc3de43d64a5012d5b3c08488d14e"},"breadcrumb":{"@id":"https:\/\/www.welovecycling.com\/se\/2018\/01\/26\/rekordmanga-ansokningar-till-skoda-cycling-team-2018\/#breadcrumb"},"inLanguage":"sv-SE","potentialAction":[{"@type":"ReadAction","target":["https:\/\/www.welovecycling.com\/se\/2018\/01\/26\/rekordmanga-ansokningar-till-skoda-cycling-team-2018\/"]}]},{"@type":"ImageObject","inLanguage":"sv-SE","@id":"https:\/\/www.welovecycling.com\/se\/2018\/01\/26\/rekordmanga-ansokningar-till-skoda-cycling-team-2018\/#primaryimage","url":"https:\/\/d2p6e6u75xmxt8.cloudfront.net\/9\/2018\/01\/6802f9e4-9381-4b40-97cd-4701f39269ff.jpg","contentUrl":"https:\/\/d2p6e6u75xmxt8.cloudfront.net\/9\/2018\/01\/6802f9e4-9381-4b40-97cd-4701f39269ff.jpg","width":1200,"height":800},{"@type":"BreadcrumbList","@id":"https:\/\/www.welovecycling.com\/se\/2018\/01\/26\/rekordmanga-ansokningar-till-skoda-cycling-team-2018\/#breadcrumb","itemListElement":[{"@type":"ListItem","position":1,"name":"Home","item":"https:\/\/www.welovecycling.com\/se\/"},{"@type":"ListItem","position":2,"name":"Rekordm\u00e5nga ans\u00f6kningar till \u0160koda Cycling Team 2018"}]},{"@type":"WebSite","@id":"https:\/\/www.welovecycling.com\/se\/#website","url":"https:\/\/www.welovecycling.com\/se\/","name":"\u0160koda - We Love Cycling - Sweden","description":"\u0160koda We Love Cycling - Sweden","potentialAction":[{"@type":"SearchAction","target":{"@type":"EntryPoint","urlTemplate":"https:\/\/www.welovecycling.com\/se\/?s={search_term_string}"},"query-input":{"@type":"PropertyValueSpecification","valueRequired":true,"valueName":"search_term_string"}}],"inLanguage":"sv-SE"},{"@type":"Person","@id":"https:\/\/www.welovecycling.com\/se\/#\/schema\/person\/8f0cc3de43d64a5012d5b3c08488d14e","name":"Erik Gustafsson","image":{"@type":"ImageObject","inLanguage":"sv-SE","@id":"https:\/\/www.welovecycling.com\/se\/#\/schema\/person\/image\/","url":"https:\/\/secure.gravatar.com\/avatar\/2e023b4a4d6bb21669866895d82623f61418c7c04fbd5e7d97c9eeee5e279e27?s=96&d=mm&r=g","contentUrl":"https:\/\/secure.gravatar.com\/avatar\/2e023b4a4d6bb21669866895d82623f61418c7c04fbd5e7d97c9eeee5e279e27?s=96&d=mm&r=g","caption":"Erik Gustafsson"},"url":"https:\/\/www.welovecycling.com\/se\/author\/erikgustafsson\/"}]}},"_links":{"self":[{"href":"https:\/\/www.welovecycling.com\/se\/wp-json\/wp\/v2\/posts\/815","targetHints":{"allow":["GET"]}}],"collection":[{"href":"https:\/\/www.welovecycling.com\/se\/wp-json\/wp\/v2\/posts"}],"about":[{"href":"https:\/\/www.welovecycling.com\/se\/wp-json\/wp\/v2\/types\/post"}],"author":[{"embeddable":true,"href":"https:\/\/www.welovecycling.com\/se\/wp-json\/wp\/v2\/users\/53"}],"replies":[{"embeddable":true,"href":"https:\/\/www.welovecycling.com\/se\/wp-json\/wp\/v2\/comments?post=815"}],"version-history":[{"count":2,"href":"https:\/\/www.welovecycling.com\/se\/wp-json\/wp\/v2\/posts\/815\/revisions"}],"predecessor-version":[{"id":818,"href":"https:\/\/www.welovecycling.com\/se\/wp-json\/wp\/v2\/posts\/815\/revisions\/818"}],"wp:featuredmedia":[{"embeddable":true,"href":"https:\/\/www.welovecycling.com\/se\/wp-json\/wp\/v2\/media\/816"}],"wp:attachment":[{"href":"https:\/\/www.welovecycling.com\/se\/wp-json\/wp\/v2\/media?parent=815"}],"wp:term":[{"taxonomy":"category","embeddable":true,"href":"https:\/\/www.welovecycling.com\/se\/wp-json\/wp\/v2\/categories?post=815"},{"taxonomy":"post_tag","embeddable":true,"href":"https:\/\/www.welovecycling.com\/se\/wp-json\/wp\/v2\/tags?post=815"},{"taxonomy":"global-categories","embeddable":true,"href":"https:\/\/www.welovecycling.com\/se\/wp-json\/wp\/v2\/global-categories?post=815"}],"curies":[{"name":"wp","href":"https:\/\/api.w.org\/{rel}","templated":true}]}}