{"id":77,"date":"2017-11-25T10:38:43","date_gmt":"2017-11-25T09:38:43","guid":{"rendered":"https:\/\/www.welovecycling.com\/se\/?p=77"},"modified":"2020-08-27T13:41:21","modified_gmt":"2020-08-27T12:41:21","slug":"bilarna-tour-de-france","status":"publish","type":"post","link":"https:\/\/www.welovecycling.com\/se\/2017\/11\/25\/bilarna-tour-de-france\/","title":{"rendered":"Bilarna i Tour de France"},"content":{"rendered":"<p><strong>Tour de France-cyklister beh\u00f6ver v\u00e5rd och det g\u00f6r ocks\u00e5 deras cyklar. \u0160koda levererade 250 bilar 2016, totalt 2,8 miljoner km &#8211; en kortege som skulle g\u00f6ra vilken president som helst avundsjuk. Men vad \u00e4r det alla bilar g\u00f6r?<\/strong><br \/>\n<!--more--><\/p>\n<h2><strong><b>De gula neutrala servicebilarna<\/b><\/strong><\/h2>\n<p><span style=\"font-weight: 400;\">Om din cykel blir defekt har du anv\u00e4ndning av en bil som \u00e4r l\u00e4tt att se i folkmassan och denna hj\u00e4lp kommer i form av en gul \u0160koda OCTAVIA med Mavic-dekor &#8211; de \u00e4r tillr\u00e4ckligt stora f\u00f6r att transportera vatten, hjul och hela cyklar f\u00f6r n\u00f6dsituationer.<\/span><\/p>\n<figure id=\"attachment_152242\" aria-describedby=\"caption-attachment-152242\" style=\"width: 1250px\" class=\"wp-caption alignnone\"><a href=\"https:\/\/d2p6e6u75xmxt8.cloudfront.net\/9\/2017\/11\/profimedia-0294076251.jpg\"><img loading=\"lazy\" decoding=\"async\" class=\"wp-image-78 size-full\" src=\"https:\/\/d2p6e6u75xmxt8.cloudfront.net\/9\/2017\/11\/profimedia-0294076251.jpg\" alt=\"\" width=\"1250\" height=\"833\" srcset=\"https:\/\/d2p6e6u75xmxt8.cloudfront.net\/9\/2017\/11\/profimedia-0294076251.jpg 1250w, https:\/\/d2p6e6u75xmxt8.cloudfront.net\/9\/2017\/11\/profimedia-0294076251-300x200.jpg 300w, https:\/\/d2p6e6u75xmxt8.cloudfront.net\/9\/2017\/11\/profimedia-0294076251-768x512.jpg 768w, https:\/\/d2p6e6u75xmxt8.cloudfront.net\/9\/2017\/11\/profimedia-0294076251-1024x682.jpg 1024w, https:\/\/d2p6e6u75xmxt8.cloudfront.net\/9\/2017\/11\/profimedia-0294076251-272x182.jpg 272w\" sizes=\"auto, (max-width: 1250px) 100vw, 1250px\" \/><\/a><figcaption id=\"caption-attachment-152242\" class=\"wp-caption-text\"><i><span style=\"font-weight: 400;\">Christopher Froome f\u00e5r en cykel fr\u00e5n Team Sky-lagbilen efter en vurpa p\u00e5 den 178 km l\u00e5nga 12: e etappen av Tour de France 2016 mellan Mont Pellier och Mont Ventoux.<\/span><\/i><\/figcaption><\/figure>\n<p><span style=\"font-weight: 400;\">\u00c5r 2010 kraschade Jens Voigt s\u00e5 v\u00e5ldsam att hans cykel inte kunde repareras &#8211; han tog d\u00e5 en Mavic-cykel p\u00e5 taket p\u00e5 n\u00e4rmaste gula \u0160koda, och \u00e4ven om den var flera storlekar f\u00f6r liten f\u00f6r honom, var den tillr\u00e4cklig f\u00f6r att han skulle kunna forts\u00e4tta loppet .<\/span><\/p>\n<h2><b>T\u00e4vlingsledarens r\u00f6da bil<\/b><\/h2>\n<p><span style=\"font-weight: 400;\">Som du kanske har f\u00f6rv\u00e4ntat sig, k\u00f6r Christian Prudhomme \u0160kodas toppmodell SUPERB &#8211; men i en mycket unik version. Prudhommes Superb har ett skr\u00e4ddarsytt soltak som g\u00f6r det m\u00f6jligt f\u00f6r t\u00e4vlingsledaren att utf\u00f6ra sina olika uppgifter, som till exempel att vinka flaggan i starten av varje etapp f\u00f6r att signalera den officiella starten.<\/span><\/p>\n<figure id=\"attachment_80\" aria-describedby=\"caption-attachment-80\" style=\"width: 1024px\" class=\"wp-caption alignnone\"><a href=\"https:\/\/d2p6e6u75xmxt8.cloudfront.net\/9\/2017\/11\/PML1113-1024x695-1024x695.jpg\"><img loading=\"lazy\" decoding=\"async\" class=\"wp-image-80 size-full\" src=\"https:\/\/d2p6e6u75xmxt8.cloudfront.net\/9\/2017\/11\/PML1113-1024x695.jpg\" alt=\"\" width=\"1024\" height=\"695\" srcset=\"https:\/\/d2p6e6u75xmxt8.cloudfront.net\/9\/2017\/11\/PML1113-1024x695.jpg 1024w, https:\/\/d2p6e6u75xmxt8.cloudfront.net\/9\/2017\/11\/PML1113-1024x695-300x204.jpg 300w, https:\/\/d2p6e6u75xmxt8.cloudfront.net\/9\/2017\/11\/PML1113-1024x695-768x521.jpg 768w\" sizes=\"auto, (max-width: 1024px) 100vw, 1024px\" \/><\/a><figcaption id=\"caption-attachment-80\" class=\"wp-caption-text\">Den r\u00f6da Superben \u00e4r ocks\u00e5 utrustad med specialh\u00e5llare f\u00f6r champagneglas och ett skr\u00e4ddarsytt kommunikationssystem, s\u00e5 Prudhomme kan sk\u00e5la f\u00f6r cyklisterna och h\u00e5lla kontakt med lagen.<\/figcaption><\/figure>\n<h2><strong><b>Kommunikation, smidighet och s\u00e4kerhet<\/b><\/strong><\/h2>\n<p>F\u00f6rutom Mavics neutrala servicebil finns det tv\u00e5 bilar per lag som f\u00f6ljer f\u00e4ltet. Bilens ordning best\u00e4ms av varje lagkaptens position.<\/p>\n<p><span style=\"font-weight: 400;\">Prudhomme h\u00e5ller kontakten med alla bilar, varav de flesta \u00e4r OCTAVIA, vilket ger dem information om t\u00e4vlingen. Kommunikation mellan bilarna \u00e4r avg\u00f6rande eftersom avbrott och krascher m\u00e5ste rapporteras s\u00e5 att servicebilarna kan f\u00e5 utrymme f\u00f6r att f\u00f6rflytta sig fram\u00e5t eller bak\u00e5t efter behov.<\/span><\/p>\n<figure id=\"attachment_152241\" aria-describedby=\"caption-attachment-152241\" style=\"width: 1250px\" class=\"wp-caption alignnone\"><a href=\"https:\/\/d2p6e6u75xmxt8.cloudfront.net\/9\/2017\/11\/profimedia-0293242328.jpg\"><img loading=\"lazy\" decoding=\"async\" class=\"size-full wp-image-82\" src=\"https:\/\/d2p6e6u75xmxt8.cloudfront.net\/9\/2017\/11\/profimedia-0293242328.jpg\" alt=\"\" width=\"1250\" height=\"834\" srcset=\"https:\/\/d2p6e6u75xmxt8.cloudfront.net\/9\/2017\/11\/profimedia-0293242328.jpg 1250w, https:\/\/d2p6e6u75xmxt8.cloudfront.net\/9\/2017\/11\/profimedia-0293242328-300x200.jpg 300w, https:\/\/d2p6e6u75xmxt8.cloudfront.net\/9\/2017\/11\/profimedia-0293242328-768x512.jpg 768w, https:\/\/d2p6e6u75xmxt8.cloudfront.net\/9\/2017\/11\/profimedia-0293242328-1024x683.jpg 1024w, https:\/\/d2p6e6u75xmxt8.cloudfront.net\/9\/2017\/11\/profimedia-0293242328-272x182.jpg 272w\" sizes=\"auto, (max-width: 1250px) 100vw, 1250px\" \/><\/a><figcaption id=\"caption-attachment-152241\" class=\"wp-caption-text\"><i><span style=\"font-weight: 400;\">Team Dimension Data-cyklisten Mark Carvendish pratar med lagbilen under fj\u00e4rde etappen av Tour de France 2016.<\/span><\/i><\/figcaption><\/figure>\n<p><span style=\"font-weight: 400;\">Varje \u0160koda \u00e4r en verkstad p\u00e5 hjul och bilarna m\u00e5ste vara smidiga nog f\u00f6r att kunna ta sig mellan motorcyklar, grupper av cyklister, tv-lag och andra assistenter n\u00e4r en cyklist \u00e4r i n\u00f6d. Ju fortare bilarna kommer fram till cyklisterna, desto snabbare kan de \u00e5terv\u00e4nda till sina lag, sponsorer och fansens stora gl\u00e4dje.<\/span><\/p>\n<p>&nbsp;<\/p>\n","protected":false},"excerpt":{"rendered":"<p>Tour de France-cyklister beh\u00f6ver v\u00e5rd och det g\u00f6r ocks\u00e5 deras cyklar. \u0160koda levererade 250 bilar 2016, totalt 2,8 miljoner km [&hellip;]<\/p>\n","protected":false},"author":52,"featured_media":86,"comment_status":"open","ping_status":"open","sticky":false,"template":"","format":"standard","meta":{"footnotes":""},"categories":[5,11],"tags":[20],"global-categories":[],"class_list":["post-77","post","type-post","status-publish","format-standard","has-post-thumbnail","hentry","category-nyheter","category-tdf","tag-tour-de-france"],"yoast_head":"<!-- This site is optimized with the Yoast SEO Premium plugin v25.3 (Yoast SEO v25.9) - https:\/\/yoast.com\/wordpress\/plugins\/seo\/ -->\n<title>Bilarna i Tour de France - \u0160koda - We Love Cycling - Sweden<\/title>\n<meta name=\"robots\" content=\"index, follow, max-snippet:-1, max-image-preview:large, max-video-preview:-1\" \/>\n<link rel=\"canonical\" href=\"https:\/\/www.welovecycling.com\/se\/2017\/11\/25\/bilarna-tour-de-france\/\" \/>\n<meta property=\"og:locale\" content=\"sv_SE\" \/>\n<meta property=\"og:type\" content=\"article\" \/>\n<meta property=\"og:title\" content=\"Bilarna i Tour de France\" \/>\n<meta property=\"og:description\" content=\"Tour de France-cyklister beh\u00f6ver v\u00e5rd och det g\u00f6r ocks\u00e5 deras cyklar. \u0160koda levererade 250 bilar 2016, totalt 2,8 miljoner km [&hellip;]\" \/>\n<meta property=\"og:url\" content=\"https:\/\/www.welovecycling.com\/se\/2017\/11\/25\/bilarna-tour-de-france\/\" \/>\n<meta property=\"og:site_name\" content=\"\u0160koda - We Love Cycling - Sweden\" \/>\n<meta property=\"article:published_time\" content=\"2017-11-25T09:38:43+00:00\" \/>\n<meta property=\"article:modified_time\" content=\"2020-08-27T12:41:21+00:00\" \/>\n<meta property=\"og:image\" content=\"https:\/\/d2p6e6u75xmxt8.cloudfront.net\/9\/2017\/11\/profimedia-0293242330-cover.jpg\" \/>\n\t<meta property=\"og:image:width\" content=\"1800\" \/>\n\t<meta property=\"og:image:height\" content=\"785\" \/>\n\t<meta property=\"og:image:type\" content=\"image\/jpeg\" \/>\n<meta name=\"author\" content=\"erikleonsson\" \/>\n<meta name=\"twitter:card\" content=\"summary_large_image\" \/>\n<meta name=\"twitter:label1\" content=\"Written by\" \/>\n\t<meta name=\"twitter:data1\" content=\"WeLoveCycling\" \/>\n\t<meta name=\"twitter:label2\" content=\"Est. reading time\" \/>\n\t<meta name=\"twitter:data2\" content=\"2 minutes\" \/>\n<script type=\"application\/ld+json\" class=\"yoast-schema-graph\">{\"@context\":\"https:\/\/schema.org\",\"@graph\":[{\"@type\":\"WebPage\",\"@id\":\"https:\/\/www.welovecycling.com\/se\/2017\/11\/25\/bilarna-tour-de-france\/\",\"url\":\"https:\/\/www.welovecycling.com\/se\/2017\/11\/25\/bilarna-tour-de-france\/\",\"name\":\"Bilarna i Tour de France - \u0160koda - We Love Cycling - Sweden\",\"isPartOf\":{\"@id\":\"https:\/\/www.welovecycling.com\/se\/#website\"},\"primaryImageOfPage\":{\"@id\":\"https:\/\/www.welovecycling.com\/se\/2017\/11\/25\/bilarna-tour-de-france\/#primaryimage\"},\"image\":{\"@id\":\"https:\/\/www.welovecycling.com\/se\/2017\/11\/25\/bilarna-tour-de-france\/#primaryimage\"},\"thumbnailUrl\":\"https:\/\/d2p6e6u75xmxt8.cloudfront.net\/9\/2017\/11\/profimedia-0293242330-cover.jpg\",\"datePublished\":\"2017-11-25T09:38:43+00:00\",\"dateModified\":\"2020-08-27T12:41:21+00:00\",\"author\":{\"@id\":\"https:\/\/www.welovecycling.com\/se\/#\/schema\/person\/037f34ad5d6e77accab8a3eff6ad7a0c\"},\"breadcrumb\":{\"@id\":\"https:\/\/www.welovecycling.com\/se\/2017\/11\/25\/bilarna-tour-de-france\/#breadcrumb\"},\"inLanguage\":\"sv-SE\",\"potentialAction\":[{\"@type\":\"ReadAction\",\"target\":[\"https:\/\/www.welovecycling.com\/se\/2017\/11\/25\/bilarna-tour-de-france\/\"]}]},{\"@type\":\"ImageObject\",\"inLanguage\":\"sv-SE\",\"@id\":\"https:\/\/www.welovecycling.com\/se\/2017\/11\/25\/bilarna-tour-de-france\/#primaryimage\",\"url\":\"https:\/\/d2p6e6u75xmxt8.cloudfront.net\/9\/2017\/11\/profimedia-0293242330-cover.jpg\",\"contentUrl\":\"https:\/\/d2p6e6u75xmxt8.cloudfront.net\/9\/2017\/11\/profimedia-0293242330-cover.jpg\",\"width\":1800,\"height\":785},{\"@type\":\"BreadcrumbList\",\"@id\":\"https:\/\/www.welovecycling.com\/se\/2017\/11\/25\/bilarna-tour-de-france\/#breadcrumb\",\"itemListElement\":[{\"@type\":\"ListItem\",\"position\":1,\"name\":\"Home\",\"item\":\"https:\/\/www.welovecycling.com\/se\/\"},{\"@type\":\"ListItem\",\"position\":2,\"name\":\"Bilarna i Tour de France\"}]},{\"@type\":\"WebSite\",\"@id\":\"https:\/\/www.welovecycling.com\/se\/#website\",\"url\":\"https:\/\/www.welovecycling.com\/se\/\",\"name\":\"\u0160koda - We Love Cycling - Sweden\",\"description\":\"\u0160koda We Love Cycling - Sweden\",\"potentialAction\":[{\"@type\":\"SearchAction\",\"target\":{\"@type\":\"EntryPoint\",\"urlTemplate\":\"https:\/\/www.welovecycling.com\/se\/?s={search_term_string}\"},\"query-input\":{\"@type\":\"PropertyValueSpecification\",\"valueRequired\":true,\"valueName\":\"search_term_string\"}}],\"inLanguage\":\"sv-SE\"},{\"@type\":\"Person\",\"@id\":\"https:\/\/www.welovecycling.com\/se\/#\/schema\/person\/037f34ad5d6e77accab8a3eff6ad7a0c\",\"name\":\"erikleonsson\",\"image\":{\"@type\":\"ImageObject\",\"inLanguage\":\"sv-SE\",\"@id\":\"https:\/\/www.welovecycling.com\/se\/#\/schema\/person\/image\/\",\"url\":\"https:\/\/secure.gravatar.com\/avatar\/788a593b0a657d6864c271709722f9cd586caa5a645e77f71fe625396b02677c?s=96&d=mm&r=g\",\"contentUrl\":\"https:\/\/secure.gravatar.com\/avatar\/788a593b0a657d6864c271709722f9cd586caa5a645e77f71fe625396b02677c?s=96&d=mm&r=g\",\"caption\":\"erikleonsson\"},\"url\":\"https:\/\/www.welovecycling.com\/se\/author\/erikleonsson\/\"}]}<\/script>\n<!-- \/ Yoast SEO Premium plugin. -->","yoast_head_json":{"title":"Bilarna i Tour de France - \u0160koda - We Love Cycling - Sweden","robots":{"index":"index","follow":"follow","max-snippet":"max-snippet:-1","max-image-preview":"max-image-preview:large","max-video-preview":"max-video-preview:-1"},"canonical":"https:\/\/www.welovecycling.com\/se\/2017\/11\/25\/bilarna-tour-de-france\/","og_locale":"sv_SE","og_type":"article","og_title":"Bilarna i Tour de France","og_description":"Tour de France-cyklister beh\u00f6ver v\u00e5rd och det g\u00f6r ocks\u00e5 deras cyklar. \u0160koda levererade 250 bilar 2016, totalt 2,8 miljoner km [&hellip;]","og_url":"https:\/\/www.welovecycling.com\/se\/2017\/11\/25\/bilarna-tour-de-france\/","og_site_name":"\u0160koda - We Love Cycling - Sweden","article_published_time":"2017-11-25T09:38:43+00:00","article_modified_time":"2020-08-27T12:41:21+00:00","og_image":[{"width":1800,"height":785,"url":"https:\/\/d2p6e6u75xmxt8.cloudfront.net\/9\/2017\/11\/profimedia-0293242330-cover.jpg","type":"image\/jpeg"}],"author":"erikleonsson","twitter_card":"summary_large_image","twitter_misc":{"Written by":"WeLoveCycling","Est. reading time":"2 minutes"},"schema":{"@context":"https:\/\/schema.org","@graph":[{"@type":"WebPage","@id":"https:\/\/www.welovecycling.com\/se\/2017\/11\/25\/bilarna-tour-de-france\/","url":"https:\/\/www.welovecycling.com\/se\/2017\/11\/25\/bilarna-tour-de-france\/","name":"Bilarna i Tour de France - \u0160koda - We Love Cycling - Sweden","isPartOf":{"@id":"https:\/\/www.welovecycling.com\/se\/#website"},"primaryImageOfPage":{"@id":"https:\/\/www.welovecycling.com\/se\/2017\/11\/25\/bilarna-tour-de-france\/#primaryimage"},"image":{"@id":"https:\/\/www.welovecycling.com\/se\/2017\/11\/25\/bilarna-tour-de-france\/#primaryimage"},"thumbnailUrl":"https:\/\/d2p6e6u75xmxt8.cloudfront.net\/9\/2017\/11\/profimedia-0293242330-cover.jpg","datePublished":"2017-11-25T09:38:43+00:00","dateModified":"2020-08-27T12:41:21+00:00","author":{"@id":"https:\/\/www.welovecycling.com\/se\/#\/schema\/person\/037f34ad5d6e77accab8a3eff6ad7a0c"},"breadcrumb":{"@id":"https:\/\/www.welovecycling.com\/se\/2017\/11\/25\/bilarna-tour-de-france\/#breadcrumb"},"inLanguage":"sv-SE","potentialAction":[{"@type":"ReadAction","target":["https:\/\/www.welovecycling.com\/se\/2017\/11\/25\/bilarna-tour-de-france\/"]}]},{"@type":"ImageObject","inLanguage":"sv-SE","@id":"https:\/\/www.welovecycling.com\/se\/2017\/11\/25\/bilarna-tour-de-france\/#primaryimage","url":"https:\/\/d2p6e6u75xmxt8.cloudfront.net\/9\/2017\/11\/profimedia-0293242330-cover.jpg","contentUrl":"https:\/\/d2p6e6u75xmxt8.cloudfront.net\/9\/2017\/11\/profimedia-0293242330-cover.jpg","width":1800,"height":785},{"@type":"BreadcrumbList","@id":"https:\/\/www.welovecycling.com\/se\/2017\/11\/25\/bilarna-tour-de-france\/#breadcrumb","itemListElement":[{"@type":"ListItem","position":1,"name":"Home","item":"https:\/\/www.welovecycling.com\/se\/"},{"@type":"ListItem","position":2,"name":"Bilarna i Tour de France"}]},{"@type":"WebSite","@id":"https:\/\/www.welovecycling.com\/se\/#website","url":"https:\/\/www.welovecycling.com\/se\/","name":"\u0160koda - We Love Cycling - Sweden","description":"\u0160koda We Love Cycling - Sweden","potentialAction":[{"@type":"SearchAction","target":{"@type":"EntryPoint","urlTemplate":"https:\/\/www.welovecycling.com\/se\/?s={search_term_string}"},"query-input":{"@type":"PropertyValueSpecification","valueRequired":true,"valueName":"search_term_string"}}],"inLanguage":"sv-SE"},{"@type":"Person","@id":"https:\/\/www.welovecycling.com\/se\/#\/schema\/person\/037f34ad5d6e77accab8a3eff6ad7a0c","name":"erikleonsson","image":{"@type":"ImageObject","inLanguage":"sv-SE","@id":"https:\/\/www.welovecycling.com\/se\/#\/schema\/person\/image\/","url":"https:\/\/secure.gravatar.com\/avatar\/788a593b0a657d6864c271709722f9cd586caa5a645e77f71fe625396b02677c?s=96&d=mm&r=g","contentUrl":"https:\/\/secure.gravatar.com\/avatar\/788a593b0a657d6864c271709722f9cd586caa5a645e77f71fe625396b02677c?s=96&d=mm&r=g","caption":"erikleonsson"},"url":"https:\/\/www.welovecycling.com\/se\/author\/erikleonsson\/"}]}},"_links":{"self":[{"href":"https:\/\/www.welovecycling.com\/se\/wp-json\/wp\/v2\/posts\/77","targetHints":{"allow":["GET"]}}],"collection":[{"href":"https:\/\/www.welovecycling.com\/se\/wp-json\/wp\/v2\/posts"}],"about":[{"href":"https:\/\/www.welovecycling.com\/se\/wp-json\/wp\/v2\/types\/post"}],"author":[{"embeddable":true,"href":"https:\/\/www.welovecycling.com\/se\/wp-json\/wp\/v2\/users\/52"}],"replies":[{"embeddable":true,"href":"https:\/\/www.welovecycling.com\/se\/wp-json\/wp\/v2\/comments?post=77"}],"version-history":[{"count":2,"href":"https:\/\/www.welovecycling.com\/se\/wp-json\/wp\/v2\/posts\/77\/revisions"}],"predecessor-version":[{"id":334,"href":"https:\/\/www.welovecycling.com\/se\/wp-json\/wp\/v2\/posts\/77\/revisions\/334"}],"wp:featuredmedia":[{"embeddable":true,"href":"https:\/\/www.welovecycling.com\/se\/wp-json\/wp\/v2\/media\/86"}],"wp:attachment":[{"href":"https:\/\/www.welovecycling.com\/se\/wp-json\/wp\/v2\/media?parent=77"}],"wp:term":[{"taxonomy":"category","embeddable":true,"href":"https:\/\/www.welovecycling.com\/se\/wp-json\/wp\/v2\/categories?post=77"},{"taxonomy":"post_tag","embeddable":true,"href":"https:\/\/www.welovecycling.com\/se\/wp-json\/wp\/v2\/tags?post=77"},{"taxonomy":"global-categories","embeddable":true,"href":"https:\/\/www.welovecycling.com\/se\/wp-json\/wp\/v2\/global-categories?post=77"}],"curies":[{"name":"wp","href":"https:\/\/api.w.org\/{rel}","templated":true}]}}