{"id":73,"date":"2017-11-26T09:22:41","date_gmt":"2017-11-26T08:22:41","guid":{"rendered":"https:\/\/www.welovecycling.com\/se\/?p=73"},"modified":"2017-11-30T23:52:55","modified_gmt":"2017-11-30T22:52:55","slug":"fel-cykelinstallningar-och-hur-du-fixar-dem","status":"publish","type":"post","link":"https:\/\/www.welovecycling.com\/se\/2017\/11\/26\/fel-cykelinstallningar-och-hur-du-fixar-dem\/","title":{"rendered":"Fel cykelinst\u00e4llningar \u2013 och hur du fixar dem"},"content":{"rendered":"<p><strong>Att betala f\u00f6r en bikefit \u00e4r inte billigt, men vi rekommenderar alltid professionell r\u00e5dgivning om du \u00e4r orolig \u00f6ver skador vid cykling. \u00c4r problemen mindre justeringar snarare \u00e4n stora bekymmer, kommer h\u00e4r n\u00e5gra tips p\u00e5 hur du kan fixa dem sj\u00e4lv.<\/strong><!--more--><\/p>\n<h2>Charlie Chaplin-kn\u00e4n<\/h2>\n<p><span style=\"font-weight: 400;\">Dina kn\u00e4n pekar ut\u00e5t n\u00e4r du trampar, lite som Chaplins ber\u00f6mda vaggande. Du kanske inte k\u00e4nner n\u00e5gon sm\u00e4rta men det ser m\u00e4rkligt ut och du sl\u00f6sar energi, och dina l\u00e5r br\u00e4nner n\u00e4r du k\u00f6r l\u00e5nga backar eller h\u00f6ga stigningar. Oroa dig inte, du \u00e4r ingen vekling &#8211; det \u00e4r bara din sadel som \u00e4r f\u00f6r l\u00e5g.<\/span><\/p>\n<p><span style=\"font-weight: 400;\">L\u00f6sningen p\u00e5 problemet \u00e4r att f\u00f6rsiktigt h\u00f6ja sadeln i sm\u00e5 steg tills dina ben \u00e4r parallella med ramen i varje tramp. Att trampa i b\u00e5de h\u00f6g och l\u00e5g kadens blir avsev\u00e4rt mycket l\u00e4ttare. Njut av dina extra watt!<\/span><\/p>\n<h2>V\u00e4rkande h\u00e4nder<\/h2>\n<p><span style=\"font-weight: 400;\">Du har tittat p\u00e5 en massa YouTube-klipp om hur man sitter i bocken men dina h\u00e4nder g\u00f6r ont efter tjugo minuter in i passet. Du blir snabbt sliten trots att ditt styre \u00e4r r\u00e4tt inst\u00e4llt s\u00e5 du m\u00e5ste vara en vekling, eller hur? Fel. L\u00e5t oss titta p\u00e5 din sadelposition.<\/span><\/p>\n<p><img loading=\"lazy\" decoding=\"async\" class=\"alignleft wp-image-381 size-extra-large\" src=\"https:\/\/d2p6e6u75xmxt8.cloudfront.net\/9\/2017\/11\/MF170513-1P0A7075-1920x1280.jpg\" alt=\"\" width=\"1920\" height=\"1280\" srcset=\"https:\/\/d2p6e6u75xmxt8.cloudfront.net\/9\/2017\/11\/MF170513-1P0A7075-1920x1280.jpg 1920w, https:\/\/d2p6e6u75xmxt8.cloudfront.net\/9\/2017\/11\/MF170513-1P0A7075-300x200.jpg 300w, https:\/\/d2p6e6u75xmxt8.cloudfront.net\/9\/2017\/11\/MF170513-1P0A7075-768x512.jpg 768w, https:\/\/d2p6e6u75xmxt8.cloudfront.net\/9\/2017\/11\/MF170513-1P0A7075-1024x683.jpg 1024w, https:\/\/d2p6e6u75xmxt8.cloudfront.net\/9\/2017\/11\/MF170513-1P0A7075-272x182.jpg 272w, https:\/\/d2p6e6u75xmxt8.cloudfront.net\/9\/2017\/11\/MF170513-1P0A7075-1920x1280.jpg 1920w\" sizes=\"auto, (max-width: 1920px) 100vw, 1920px\" \/><\/p>\n<p><span style=\"font-weight: 400;\"><\/p>\n<p>Om din sadel sitter f\u00f6r l\u00e5ngt bak eller lutar ned\u00e5t det minsta, \u00e4r risken att din tyngdpunkt hamnar f\u00f6r l\u00e5ngt fram och dina h\u00e4nder f\u00e5r ta en st\u00f6rre vikt. N\u00e4r sadeln \u00e4r i v\u00e5g och r\u00e4tt positionerad, sl\u00e4pper \u00e4ven v\u00e4rken i h\u00e4nderna. <\/span><\/p>\n<h2>Stel nacke<\/h2>\n<p><span style=\"font-weight: 400;\">Att h\u00e5lla \u00f6gonen p\u00e5 v\u00e4gen \u00e4r livsviktigt, s\u00e5 n\u00e4r nacken sm\u00e4rtar och du g\u00e4rna vill s\u00e4nka huvudet blir du en risk f\u00f6r b\u00e5de dig sj\u00e4lv och andra trafikanter. Problemet \u00e4r att du str\u00e4cker dig f\u00f6r mycket.<\/span><\/p>\n<p><span style=\"font-weight: 400;\">N\u00e4r du cyklar ett lopp och din nacke blir tr\u00f6tt halvv\u00e4gs \u00e4r det nog bara en fr\u00e5ga om att bygga upp din b\u00e5lstyrka &#8211; men om du har en ny cykel och inte brist p\u00e5 erfarenhet, b\u00f6r du testa en kortare styrstam. <\/span><\/p>\n<h2>Ostadiga h\u00f6fter och tr\u00f6tthet i l\u00e4ndryggen<\/h2>\n<p><span style=\"font-weight: 400;\">Det \u00e4r en fin gr\u00e4ns mellan utmattning och sm\u00e4rta, men om du har k\u00e4nningar i l\u00e4ndryggen och dina h\u00f6fter gungar fr\u00e5n sida till sida, beror det troligen p\u00e5 att din sadel \u00e4r f\u00f6r h\u00f6g. S\u00e4nk sadeln 3 millimeter \u00e5t g\u00e5ngen och cykla p\u00e5 platten i ca 10 minuter. Om du fortfarande gungar, s\u00e4nk sadeln igen.<\/span><\/p>\n<p><span style=\"font-weight: 400;\">Om du b\u00f6rjar cykla som Charlie Chaplin (se ovan) har du s\u00e4nkt sadeln f\u00f6r l\u00e5gt. Att f\u00e5 till det \u00e4r knepigt eftersom du inte \u00e4r ute efter ett positivt resultat &#8211; du f\u00f6rs\u00f6ker bli av med ett negativt. Du m\u00e5ste helt enkelt cykla ett tiotal mil innan du kan vara s\u00e4ker p\u00e5 att du har r\u00e4tt inst\u00e4llning.<\/span><\/p>\n<h2>K\u00e4nningar i kn\u00e4n<\/h2>\n<p><span style=\"font-weight: 400;\">K\u00e4nningar i baksidan av kn\u00e4et eller sporadisk men huggande sm\u00e4rta vid sidan av det \u00e4r troligen p\u00e5 grund av f\u00f6r h\u00f6g sadel &#8211; s\u00e5 justera h\u00f6jden som du skulle gjort f\u00f6r ostadiga h\u00f6fter. Ett annat omr\u00e5de som du \u00e4ven b\u00f6r kolla upp \u00e4r din kloss- och skoposition i f\u00f6rh\u00e5llande till pedalen.<\/span><\/p>\n<p><span style=\"font-weight: 400;\">Dina tramptag ska inte g\u00f6ras med t\u00e5rna. Titta ist\u00e4llet p\u00e5 proffsen och se hur de trycker ner pedalen med hj\u00e4lp av h\u00e4len, vilket aktiverar vadmuskeln, som i sin tur genererar mer kraft fr\u00e5n baksida l\u00e5r och s\u00e4tesmuskulaturen, och i slut\u00e4ndan minskar risken f\u00f6r kn\u00e4skador. <\/span><\/p>\n","protected":false},"excerpt":{"rendered":"<p>Att betala f\u00f6r en bikefit \u00e4r inte billigt, men vi rekommenderar alltid professionell r\u00e5dgivning om du \u00e4r orolig \u00f6ver skador [&hellip;]<\/p>\n","protected":false},"author":53,"featured_media":0,"comment_status":"open","ping_status":"open","sticky":false,"template":"","format":"standard","meta":{"footnotes":""},"categories":[5,16,29],"tags":[23,24],"global-categories":[],"class_list":["post-73","post","type-post","status-publish","format-standard","hentry","category-nyheter","category-tips","category-utrustning","tag-bike-fit","tag-halsa"],"yoast_head":"<!-- This site is optimized with the Yoast SEO Premium plugin v25.3 (Yoast SEO v25.9) - https:\/\/yoast.com\/wordpress\/plugins\/seo\/ -->\n<title>Fel cykelinst\u00e4llningar \u2013 och hur du fixar dem - \u0160koda - We Love Cycling - Sweden<\/title>\n<meta name=\"robots\" content=\"index, follow, max-snippet:-1, max-image-preview:large, max-video-preview:-1\" \/>\n<link rel=\"canonical\" href=\"https:\/\/www.welovecycling.com\/se\/2017\/11\/26\/fel-cykelinstallningar-och-hur-du-fixar-dem\/\" \/>\n<meta property=\"og:locale\" content=\"sv_SE\" \/>\n<meta property=\"og:type\" content=\"article\" \/>\n<meta property=\"og:title\" content=\"Fel cykelinst\u00e4llningar \u2013 och hur du fixar dem\" \/>\n<meta property=\"og:description\" content=\"Att betala f\u00f6r en bikefit \u00e4r inte billigt, men vi rekommenderar alltid professionell r\u00e5dgivning om du \u00e4r orolig \u00f6ver skador [&hellip;]\" \/>\n<meta property=\"og:url\" content=\"https:\/\/www.welovecycling.com\/se\/2017\/11\/26\/fel-cykelinstallningar-och-hur-du-fixar-dem\/\" \/>\n<meta property=\"og:site_name\" content=\"\u0160koda - We Love Cycling - Sweden\" \/>\n<meta property=\"article:published_time\" content=\"2017-11-26T08:22:41+00:00\" \/>\n<meta property=\"article:modified_time\" content=\"2017-11-30T22:52:55+00:00\" \/>\n<meta property=\"og:image\" content=\"https:\/\/d2p6e6u75xmxt8.cloudfront.net\/9\/2017\/11\/MF170513-1P0A7075-1920x1280.jpg\" \/>\n<meta name=\"author\" content=\"Erik Gustafsson\" \/>\n<meta name=\"twitter:card\" content=\"summary_large_image\" \/>\n<meta name=\"twitter:label1\" content=\"Written by\" \/>\n\t<meta name=\"twitter:data1\" content=\"Christopher Ashley\" \/>\n\t<meta name=\"twitter:label2\" content=\"Est. reading time\" \/>\n\t<meta name=\"twitter:data2\" content=\"3 minutes\" \/>\n<script type=\"application\/ld+json\" class=\"yoast-schema-graph\">{\"@context\":\"https:\/\/schema.org\",\"@graph\":[{\"@type\":\"WebPage\",\"@id\":\"https:\/\/www.welovecycling.com\/se\/2017\/11\/26\/fel-cykelinstallningar-och-hur-du-fixar-dem\/\",\"url\":\"https:\/\/www.welovecycling.com\/se\/2017\/11\/26\/fel-cykelinstallningar-och-hur-du-fixar-dem\/\",\"name\":\"Fel cykelinst\u00e4llningar \u2013 och hur du fixar dem - \u0160koda - We Love Cycling - Sweden\",\"isPartOf\":{\"@id\":\"https:\/\/www.welovecycling.com\/se\/#website\"},\"primaryImageOfPage\":{\"@id\":\"https:\/\/www.welovecycling.com\/se\/2017\/11\/26\/fel-cykelinstallningar-och-hur-du-fixar-dem\/#primaryimage\"},\"image\":{\"@id\":\"https:\/\/www.welovecycling.com\/se\/2017\/11\/26\/fel-cykelinstallningar-och-hur-du-fixar-dem\/#primaryimage\"},\"thumbnailUrl\":\"https:\/\/d2p6e6u75xmxt8.cloudfront.net\/9\/2017\/11\/MF170513-1P0A7075-1920x1280.jpg\",\"datePublished\":\"2017-11-26T08:22:41+00:00\",\"dateModified\":\"2017-11-30T22:52:55+00:00\",\"author\":{\"@id\":\"https:\/\/www.welovecycling.com\/se\/#\/schema\/person\/8f0cc3de43d64a5012d5b3c08488d14e\"},\"breadcrumb\":{\"@id\":\"https:\/\/www.welovecycling.com\/se\/2017\/11\/26\/fel-cykelinstallningar-och-hur-du-fixar-dem\/#breadcrumb\"},\"inLanguage\":\"sv-SE\",\"potentialAction\":[{\"@type\":\"ReadAction\",\"target\":[\"https:\/\/www.welovecycling.com\/se\/2017\/11\/26\/fel-cykelinstallningar-och-hur-du-fixar-dem\/\"]}]},{\"@type\":\"ImageObject\",\"inLanguage\":\"sv-SE\",\"@id\":\"https:\/\/www.welovecycling.com\/se\/2017\/11\/26\/fel-cykelinstallningar-och-hur-du-fixar-dem\/#primaryimage\",\"url\":\"https:\/\/d2p6e6u75xmxt8.cloudfront.net\/9\/2017\/11\/MF170513-1P0A7075-1920x1280.jpg\",\"contentUrl\":\"https:\/\/d2p6e6u75xmxt8.cloudfront.net\/9\/2017\/11\/MF170513-1P0A7075-1920x1280.jpg\"},{\"@type\":\"BreadcrumbList\",\"@id\":\"https:\/\/www.welovecycling.com\/se\/2017\/11\/26\/fel-cykelinstallningar-och-hur-du-fixar-dem\/#breadcrumb\",\"itemListElement\":[{\"@type\":\"ListItem\",\"position\":1,\"name\":\"Home\",\"item\":\"https:\/\/www.welovecycling.com\/se\/\"},{\"@type\":\"ListItem\",\"position\":2,\"name\":\"Fel cykelinst\u00e4llningar \u2013 och hur du fixar dem\"}]},{\"@type\":\"WebSite\",\"@id\":\"https:\/\/www.welovecycling.com\/se\/#website\",\"url\":\"https:\/\/www.welovecycling.com\/se\/\",\"name\":\"\u0160koda - We Love Cycling - Sweden\",\"description\":\"\u0160koda We Love Cycling - Sweden\",\"potentialAction\":[{\"@type\":\"SearchAction\",\"target\":{\"@type\":\"EntryPoint\",\"urlTemplate\":\"https:\/\/www.welovecycling.com\/se\/?s={search_term_string}\"},\"query-input\":{\"@type\":\"PropertyValueSpecification\",\"valueRequired\":true,\"valueName\":\"search_term_string\"}}],\"inLanguage\":\"sv-SE\"},{\"@type\":\"Person\",\"@id\":\"https:\/\/www.welovecycling.com\/se\/#\/schema\/person\/8f0cc3de43d64a5012d5b3c08488d14e\",\"name\":\"Erik Gustafsson\",\"image\":{\"@type\":\"ImageObject\",\"inLanguage\":\"sv-SE\",\"@id\":\"https:\/\/www.welovecycling.com\/se\/#\/schema\/person\/image\/\",\"url\":\"https:\/\/secure.gravatar.com\/avatar\/2e023b4a4d6bb21669866895d82623f61418c7c04fbd5e7d97c9eeee5e279e27?s=96&d=mm&r=g\",\"contentUrl\":\"https:\/\/secure.gravatar.com\/avatar\/2e023b4a4d6bb21669866895d82623f61418c7c04fbd5e7d97c9eeee5e279e27?s=96&d=mm&r=g\",\"caption\":\"Erik Gustafsson\"},\"url\":\"https:\/\/www.welovecycling.com\/se\/author\/erikgustafsson\/\"}]}<\/script>\n<!-- \/ Yoast SEO Premium plugin. -->","yoast_head_json":{"title":"Fel cykelinst\u00e4llningar \u2013 och hur du fixar dem - \u0160koda - We Love Cycling - Sweden","robots":{"index":"index","follow":"follow","max-snippet":"max-snippet:-1","max-image-preview":"max-image-preview:large","max-video-preview":"max-video-preview:-1"},"canonical":"https:\/\/www.welovecycling.com\/se\/2017\/11\/26\/fel-cykelinstallningar-och-hur-du-fixar-dem\/","og_locale":"sv_SE","og_type":"article","og_title":"Fel cykelinst\u00e4llningar \u2013 och hur du fixar dem","og_description":"Att betala f\u00f6r en bikefit \u00e4r inte billigt, men vi rekommenderar alltid professionell r\u00e5dgivning om du \u00e4r orolig \u00f6ver skador [&hellip;]","og_url":"https:\/\/www.welovecycling.com\/se\/2017\/11\/26\/fel-cykelinstallningar-och-hur-du-fixar-dem\/","og_site_name":"\u0160koda - We Love Cycling - Sweden","article_published_time":"2017-11-26T08:22:41+00:00","article_modified_time":"2017-11-30T22:52:55+00:00","og_image":[{"url":"https:\/\/d2p6e6u75xmxt8.cloudfront.net\/9\/2017\/11\/MF170513-1P0A7075-1920x1280.jpg","type":"","width":"","height":""}],"author":"Erik Gustafsson","twitter_card":"summary_large_image","twitter_misc":{"Written by":"Christopher Ashley","Est. reading time":"3 minutes"},"schema":{"@context":"https:\/\/schema.org","@graph":[{"@type":"WebPage","@id":"https:\/\/www.welovecycling.com\/se\/2017\/11\/26\/fel-cykelinstallningar-och-hur-du-fixar-dem\/","url":"https:\/\/www.welovecycling.com\/se\/2017\/11\/26\/fel-cykelinstallningar-och-hur-du-fixar-dem\/","name":"Fel cykelinst\u00e4llningar \u2013 och hur du fixar dem - \u0160koda - We Love Cycling - Sweden","isPartOf":{"@id":"https:\/\/www.welovecycling.com\/se\/#website"},"primaryImageOfPage":{"@id":"https:\/\/www.welovecycling.com\/se\/2017\/11\/26\/fel-cykelinstallningar-och-hur-du-fixar-dem\/#primaryimage"},"image":{"@id":"https:\/\/www.welovecycling.com\/se\/2017\/11\/26\/fel-cykelinstallningar-och-hur-du-fixar-dem\/#primaryimage"},"thumbnailUrl":"https:\/\/d2p6e6u75xmxt8.cloudfront.net\/9\/2017\/11\/MF170513-1P0A7075-1920x1280.jpg","datePublished":"2017-11-26T08:22:41+00:00","dateModified":"2017-11-30T22:52:55+00:00","author":{"@id":"https:\/\/www.welovecycling.com\/se\/#\/schema\/person\/8f0cc3de43d64a5012d5b3c08488d14e"},"breadcrumb":{"@id":"https:\/\/www.welovecycling.com\/se\/2017\/11\/26\/fel-cykelinstallningar-och-hur-du-fixar-dem\/#breadcrumb"},"inLanguage":"sv-SE","potentialAction":[{"@type":"ReadAction","target":["https:\/\/www.welovecycling.com\/se\/2017\/11\/26\/fel-cykelinstallningar-och-hur-du-fixar-dem\/"]}]},{"@type":"ImageObject","inLanguage":"sv-SE","@id":"https:\/\/www.welovecycling.com\/se\/2017\/11\/26\/fel-cykelinstallningar-och-hur-du-fixar-dem\/#primaryimage","url":"https:\/\/d2p6e6u75xmxt8.cloudfront.net\/9\/2017\/11\/MF170513-1P0A7075-1920x1280.jpg","contentUrl":"https:\/\/d2p6e6u75xmxt8.cloudfront.net\/9\/2017\/11\/MF170513-1P0A7075-1920x1280.jpg"},{"@type":"BreadcrumbList","@id":"https:\/\/www.welovecycling.com\/se\/2017\/11\/26\/fel-cykelinstallningar-och-hur-du-fixar-dem\/#breadcrumb","itemListElement":[{"@type":"ListItem","position":1,"name":"Home","item":"https:\/\/www.welovecycling.com\/se\/"},{"@type":"ListItem","position":2,"name":"Fel cykelinst\u00e4llningar \u2013 och hur du fixar dem"}]},{"@type":"WebSite","@id":"https:\/\/www.welovecycling.com\/se\/#website","url":"https:\/\/www.welovecycling.com\/se\/","name":"\u0160koda - We Love Cycling - Sweden","description":"\u0160koda We Love Cycling - Sweden","potentialAction":[{"@type":"SearchAction","target":{"@type":"EntryPoint","urlTemplate":"https:\/\/www.welovecycling.com\/se\/?s={search_term_string}"},"query-input":{"@type":"PropertyValueSpecification","valueRequired":true,"valueName":"search_term_string"}}],"inLanguage":"sv-SE"},{"@type":"Person","@id":"https:\/\/www.welovecycling.com\/se\/#\/schema\/person\/8f0cc3de43d64a5012d5b3c08488d14e","name":"Erik Gustafsson","image":{"@type":"ImageObject","inLanguage":"sv-SE","@id":"https:\/\/www.welovecycling.com\/se\/#\/schema\/person\/image\/","url":"https:\/\/secure.gravatar.com\/avatar\/2e023b4a4d6bb21669866895d82623f61418c7c04fbd5e7d97c9eeee5e279e27?s=96&d=mm&r=g","contentUrl":"https:\/\/secure.gravatar.com\/avatar\/2e023b4a4d6bb21669866895d82623f61418c7c04fbd5e7d97c9eeee5e279e27?s=96&d=mm&r=g","caption":"Erik Gustafsson"},"url":"https:\/\/www.welovecycling.com\/se\/author\/erikgustafsson\/"}]}},"_links":{"self":[{"href":"https:\/\/www.welovecycling.com\/se\/wp-json\/wp\/v2\/posts\/73","targetHints":{"allow":["GET"]}}],"collection":[{"href":"https:\/\/www.welovecycling.com\/se\/wp-json\/wp\/v2\/posts"}],"about":[{"href":"https:\/\/www.welovecycling.com\/se\/wp-json\/wp\/v2\/types\/post"}],"author":[{"embeddable":true,"href":"https:\/\/www.welovecycling.com\/se\/wp-json\/wp\/v2\/users\/53"}],"replies":[{"embeddable":true,"href":"https:\/\/www.welovecycling.com\/se\/wp-json\/wp\/v2\/comments?post=73"}],"version-history":[{"count":2,"href":"https:\/\/www.welovecycling.com\/se\/wp-json\/wp\/v2\/posts\/73\/revisions"}],"predecessor-version":[{"id":609,"href":"https:\/\/www.welovecycling.com\/se\/wp-json\/wp\/v2\/posts\/73\/revisions\/609"}],"wp:attachment":[{"href":"https:\/\/www.welovecycling.com\/se\/wp-json\/wp\/v2\/media?parent=73"}],"wp:term":[{"taxonomy":"category","embeddable":true,"href":"https:\/\/www.welovecycling.com\/se\/wp-json\/wp\/v2\/categories?post=73"},{"taxonomy":"post_tag","embeddable":true,"href":"https:\/\/www.welovecycling.com\/se\/wp-json\/wp\/v2\/tags?post=73"},{"taxonomy":"global-categories","embeddable":true,"href":"https:\/\/www.welovecycling.com\/se\/wp-json\/wp\/v2\/global-categories?post=73"}],"curies":[{"name":"wp","href":"https:\/\/api.w.org\/{rel}","templated":true}]}}