{"id":57,"date":"2017-11-26T10:12:31","date_gmt":"2017-11-26T09:12:31","guid":{"rendered":"https:\/\/www.welovecycling.com\/se\/?p=57"},"modified":"2017-11-28T13:48:26","modified_gmt":"2017-11-28T12:48:26","slug":"cyklister-och-vatska-forbattra-din-prestation","status":"publish","type":"post","link":"https:\/\/www.welovecycling.com\/se\/2017\/11\/26\/cyklister-och-vatska-forbattra-din-prestation\/","title":{"rendered":"Cyklister och v\u00e4tska &#8211; F\u00f6rb\u00e4ttra din prestation"},"content":{"rendered":"<p><strong>Det \u00e4r viktigt att f\u00e5 i sig tillr\u00e4ckligt med v\u00e4tska. Vanligtvis rekommenderas det att dricka \u00e5tta sm\u00e5 glas, eller cirka 2 liter vatten om dagen. Men hur mycket v\u00e4tska beh\u00f6ver du n\u00e4r du tr\u00e4nar? En bra strategi f\u00f6r hydrering kan ha stor inverkan p\u00e5 din prestationsf\u00f6rm\u00e5ga. L\u00e5t oss g\u00e5 igenom hur mycket och n\u00e4r du ska dricka, och vilken typ av dryck du ska v\u00e4lja f\u00f6r att maximera din prestation.<\/strong><br \/>\n<!--more--><\/p>\n<h2><strong><b>Drick n\u00e4r du \u00e4r t\u00f6rstig p\u00e5 cykeln<\/b><\/strong><\/h2>\n<p><span style=\"font-weight: 400;\">F\u00f6r de flesta \u00e4r t\u00f6rsten en tillr\u00e4cklig indikator f\u00f6r v\u00e4tskebalansen. Det \u00e4r en v\u00e4ldigt p\u00e5litlig instinkt som utvecklats genom v\u00e5r evolution f\u00f6r att h\u00e5lla oss hydrerade och vid liv. T\u00f6rsten kommer n\u00e4r blodkoncentrationen, en exakt indikator p\u00e5 v\u00e5r v\u00e4tskebalans, har \u00f6kat med cirka 2%. Uttorkningen s\u00e4tter ig\u00e5ng vid ca 5% \u00f6kning, s\u00e5 t\u00f6rsten signalerar n\u00e4r du b\u00f6r dricka och den kommer i tillr\u00e4ckligt god tid f\u00f6r att du ska kunna undvika problem.<\/span><\/p>\n<p>https:\/\/www.instagram.com\/p\/BFxgWPMJVVR\/<\/p>\n<h2><strong><b>Schemal\u00e4gg v\u00e4tskeintaget n\u00e4r du cyklar<\/b><\/strong><\/h2>\n<p><span style=\"font-weight: 400;\">S\u00e5vida du inte \u00e4r en erfaren idrottare som acklimatiseras till de aktuella temperaturerna och utf\u00f6r ett v\u00e4l bepr\u00f6vat tr\u00e4ningspass, b\u00f6r du shemal\u00e4gga intaget av v\u00e4tska. N\u00e4r du tr\u00e4nar mer \u00e4n en g\u00e5ng om dagen eller i ett ovanligt varmt klimat \u00e4r det \u00e4nnu viktigare att ha en plan f\u00f6r v\u00e4tskeintaget. En genomsnittlig person b\u00f6r inte \u00f6verstiga v\u00e4tskem\u00e4ngden 800 ml i en normalt tempererad milj\u00f6, men det beh\u00f6ver justeras utefter storlek, intensitet och l\u00e4ngd under din cykeltur, och \u00e4ven din svettm\u00e4ngd.<\/span><\/p>\n<h2><b>Vad b\u00f6r du dricka?<\/b><\/h2>\n<p><span style=\"font-weight: 400;\">\u00d6verraskande nog \u00e4r vanligt vatten inte \u00e4r det b\u00e4sta alternativet f\u00f6r en god v\u00e4tskebalans vid tr\u00e4ning. Den perfekta v\u00e4tske\u00e5terst\u00e4llaren b\u00f6r inneh\u00e5lla 2-4% glukos f\u00f6r att f\u00f6rb\u00e4ttra v\u00e4tskeupptagningen, och natrium f\u00f6r att hj\u00e4lpa vattnet att fl\u00f6da fr\u00e5n de inre organen till blodet. Det finns tre typer av sportdrycker som skiljer sig \u00e5t i sockerinneh\u00e5ll.<\/span><\/p>\n<p><a href=\"https:\/\/d2p6e6u75xmxt8.cloudfront.net\/9\/2017\/11\/WLC-bidons-1080x1080.png\"><img loading=\"lazy\" decoding=\"async\" class=\"alignnone size-full wp-image-58\" src=\"https:\/\/d2p6e6u75xmxt8.cloudfront.net\/9\/2017\/11\/WLC-bidons-1080x1080.png\" alt=\"\" width=\"1080\" height=\"1080\" srcset=\"https:\/\/d2p6e6u75xmxt8.cloudfront.net\/9\/2017\/11\/WLC-bidons-1080x1080.png 1080w, https:\/\/d2p6e6u75xmxt8.cloudfront.net\/9\/2017\/11\/WLC-bidons-1080x1080-150x150.png 150w, https:\/\/d2p6e6u75xmxt8.cloudfront.net\/9\/2017\/11\/WLC-bidons-1080x1080-300x300.png 300w, https:\/\/d2p6e6u75xmxt8.cloudfront.net\/9\/2017\/11\/WLC-bidons-1080x1080-768x768.png 768w, https:\/\/d2p6e6u75xmxt8.cloudfront.net\/9\/2017\/11\/WLC-bidons-1080x1080-1024x1024.png 1024w\" sizes=\"auto, (max-width: 1080px) 100vw, 1080px\" \/><\/a><\/p>\n<p><strong><em>Hypotoniska drycker<\/em><\/strong>\u00a0\u2013 <span style=\"font-weight: 400;\">Dessa har en l\u00e4gre koncentration av sockerarter (1-4%) \u00e4n blodet, och till\u00e5ter d\u00e4rf\u00f6r en v\u00e4ldigt snabb upptagning. De anv\u00e4nds b\u00e4st f\u00f6re eller under l\u00e5ngvariga aktiviteter d\u00e4r v\u00e4tskebalansen \u00e4r av h\u00f6gsta prioritet.<\/span><\/p>\n<p><strong><em>Isotoniska drycker<\/em><\/strong>\u00a0\u2013 <span style=\"font-weight: 400;\">Dessa har en liknande koncentration av sockerarter (6-8%) som blodet. De \u00e4r de mest omfattande n\u00e4r det g\u00e4ller anv\u00e4ndning och det \u00e4r d\u00e4rf\u00f6r de flesta vanliga sportdrycker anv\u00e4nder denna formel. De ger dig en m\u00e5ttlig m\u00e4ngd med kolhydrater och tas upp relativt snabbt, men kan orsaka magproblem i h\u00f6gre m\u00e4ngd.<\/span><\/p>\n<p><strong><em>Hypertoniska drycker<\/em><\/strong>\u00a0&#8211; <span style=\"font-weight: 400;\">Dessa har en h\u00f6gre koncentration av sockerarter (10% +) \u00e4n blodet. De sm\u00e4lter l\u00e5ngsamt, och \u00e4r d\u00e4rf\u00f6r inte bra f\u00f6r konsumtion under cykelturen, d\u00e5 de skulle orsaka matsm\u00e4ltningsproblem. Dessa sockerarter anv\u00e4nds d\u00e4rf\u00f6r b\u00e4st under \u00e5terh\u00e4mtningen.<\/span><\/p>\n<p>https:\/\/www.instagram.com\/p\/BYbjWoknUCE\/<\/p>\n<h2><b>Var kreativ<\/b><\/h2>\n<p><span style=\"font-weight: 400;\">Som vi g\u00e5tt igenom handlar v\u00e4tskeintaget inte bara om vatten. De flesta livsmedel inneh\u00e5ller v\u00e4tskor, speciellt frukt, gr\u00f6nsaker och soppor som kan bidra till en avsev\u00e4rt god v\u00e4tskebalans utan att man beh\u00f6ver dricka. I motsats till vad m\u00e5nga tror, r\u00e4knas kaffe- och tedrickande ocks\u00e5 in, d\u00e5 deras v\u00e4tskedrivande effekt \u00e4r f\u00f6r svag f\u00f6r att minska v\u00e4tskebalansen. S\u00e5 var kreativ, s\u00e4rskilt n\u00e4r du tr\u00e4nar. Denna m\u00e5nad handlar om olika tillv\u00e4gag\u00e5ngss\u00e4tt f\u00f6r att h\u00e5lla v\u00e4tskebalansen och du f\u00e5r l\u00e4ra dig hur du g\u00f6r v\u00e4tske\u00e5terst\u00e4llande drycker hemma f\u00f6r att h\u00e5lla dem intressanta och v\u00e4lsmakande.<\/span><\/p>\n","protected":false},"excerpt":{"rendered":"<p>Det \u00e4r viktigt att f\u00e5 i sig tillr\u00e4ckligt med v\u00e4tska. Vanligtvis rekommenderas det att dricka \u00e5tta sm\u00e5 glas, eller cirka [&hellip;]<\/p>\n","protected":false},"author":53,"featured_media":60,"comment_status":"open","ping_status":"open","sticky":false,"template":"","format":"standard","meta":{"footnotes":""},"categories":[26,5,16,10],"tags":[28,27],"global-categories":[],"class_list":["post-57","post","type-post","status-publish","format-standard","has-post-thumbnail","hentry","category-kost","category-nyheter","category-tips","category-traning","tag-kost","tag-vatska"],"yoast_head":"<!-- This site is optimized with the Yoast SEO Premium plugin v25.3 (Yoast SEO v25.9) - https:\/\/yoast.com\/wordpress\/plugins\/seo\/ -->\n<title>Cyklister och v\u00e4tska - F\u00f6rb\u00e4ttra din prestation - \u0160koda - We Love Cycling - Sweden<\/title>\n<meta name=\"robots\" content=\"index, follow, max-snippet:-1, max-image-preview:large, max-video-preview:-1\" \/>\n<link rel=\"canonical\" href=\"https:\/\/www.welovecycling.com\/se\/2017\/11\/26\/cyklister-och-vatska-forbattra-din-prestation\/\" \/>\n<meta property=\"og:locale\" content=\"sv_SE\" \/>\n<meta property=\"og:type\" content=\"article\" \/>\n<meta property=\"og:title\" content=\"Cyklister och v\u00e4tska - F\u00f6rb\u00e4ttra din prestation\" \/>\n<meta property=\"og:description\" content=\"Det \u00e4r viktigt att f\u00e5 i sig tillr\u00e4ckligt med v\u00e4tska. Vanligtvis rekommenderas det att dricka \u00e5tta sm\u00e5 glas, eller cirka [&hellip;]\" \/>\n<meta property=\"og:url\" content=\"https:\/\/www.welovecycling.com\/se\/2017\/11\/26\/cyklister-och-vatska-forbattra-din-prestation\/\" \/>\n<meta property=\"og:site_name\" content=\"\u0160koda - We Love Cycling - Sweden\" \/>\n<meta property=\"article:published_time\" content=\"2017-11-26T09:12:31+00:00\" \/>\n<meta property=\"article:modified_time\" content=\"2017-11-28T12:48:26+00:00\" \/>\n<meta property=\"og:image\" content=\"https:\/\/d2p6e6u75xmxt8.cloudfront.net\/9\/2017\/11\/profimedia-0293860789-1.jpg\" \/>\n\t<meta property=\"og:image:width\" content=\"1375\" \/>\n\t<meta property=\"og:image:height\" content=\"600\" \/>\n\t<meta property=\"og:image:type\" content=\"image\/jpeg\" \/>\n<meta name=\"author\" content=\"Erik Gustafsson\" \/>\n<meta name=\"twitter:card\" content=\"summary_large_image\" \/>\n<meta name=\"twitter:label1\" content=\"Written by\" \/>\n\t<meta name=\"twitter:data1\" content=\"Jiri Kaloc\" \/>\n\t<meta name=\"twitter:label2\" content=\"Est. reading time\" \/>\n\t<meta name=\"twitter:data2\" content=\"3 minutes\" \/>\n<script type=\"application\/ld+json\" class=\"yoast-schema-graph\">{\"@context\":\"https:\/\/schema.org\",\"@graph\":[{\"@type\":\"WebPage\",\"@id\":\"https:\/\/www.welovecycling.com\/se\/2017\/11\/26\/cyklister-och-vatska-forbattra-din-prestation\/\",\"url\":\"https:\/\/www.welovecycling.com\/se\/2017\/11\/26\/cyklister-och-vatska-forbattra-din-prestation\/\",\"name\":\"Cyklister och v\u00e4tska - F\u00f6rb\u00e4ttra din prestation - \u0160koda - We Love Cycling - Sweden\",\"isPartOf\":{\"@id\":\"https:\/\/www.welovecycling.com\/se\/#website\"},\"primaryImageOfPage\":{\"@id\":\"https:\/\/www.welovecycling.com\/se\/2017\/11\/26\/cyklister-och-vatska-forbattra-din-prestation\/#primaryimage\"},\"image\":{\"@id\":\"https:\/\/www.welovecycling.com\/se\/2017\/11\/26\/cyklister-och-vatska-forbattra-din-prestation\/#primaryimage\"},\"thumbnailUrl\":\"https:\/\/d2p6e6u75xmxt8.cloudfront.net\/9\/2017\/11\/profimedia-0293860789-1.jpg\",\"datePublished\":\"2017-11-26T09:12:31+00:00\",\"dateModified\":\"2017-11-28T12:48:26+00:00\",\"author\":{\"@id\":\"https:\/\/www.welovecycling.com\/se\/#\/schema\/person\/8f0cc3de43d64a5012d5b3c08488d14e\"},\"breadcrumb\":{\"@id\":\"https:\/\/www.welovecycling.com\/se\/2017\/11\/26\/cyklister-och-vatska-forbattra-din-prestation\/#breadcrumb\"},\"inLanguage\":\"sv-SE\",\"potentialAction\":[{\"@type\":\"ReadAction\",\"target\":[\"https:\/\/www.welovecycling.com\/se\/2017\/11\/26\/cyklister-och-vatska-forbattra-din-prestation\/\"]}]},{\"@type\":\"ImageObject\",\"inLanguage\":\"sv-SE\",\"@id\":\"https:\/\/www.welovecycling.com\/se\/2017\/11\/26\/cyklister-och-vatska-forbattra-din-prestation\/#primaryimage\",\"url\":\"https:\/\/d2p6e6u75xmxt8.cloudfront.net\/9\/2017\/11\/profimedia-0293860789-1.jpg\",\"contentUrl\":\"https:\/\/d2p6e6u75xmxt8.cloudfront.net\/9\/2017\/11\/profimedia-0293860789-1.jpg\",\"width\":1375,\"height\":600},{\"@type\":\"BreadcrumbList\",\"@id\":\"https:\/\/www.welovecycling.com\/se\/2017\/11\/26\/cyklister-och-vatska-forbattra-din-prestation\/#breadcrumb\",\"itemListElement\":[{\"@type\":\"ListItem\",\"position\":1,\"name\":\"Home\",\"item\":\"https:\/\/www.welovecycling.com\/se\/\"},{\"@type\":\"ListItem\",\"position\":2,\"name\":\"Cyklister och v\u00e4tska &#8211; F\u00f6rb\u00e4ttra din prestation\"}]},{\"@type\":\"WebSite\",\"@id\":\"https:\/\/www.welovecycling.com\/se\/#website\",\"url\":\"https:\/\/www.welovecycling.com\/se\/\",\"name\":\"\u0160koda - We Love Cycling - Sweden\",\"description\":\"\u0160koda We Love Cycling - Sweden\",\"potentialAction\":[{\"@type\":\"SearchAction\",\"target\":{\"@type\":\"EntryPoint\",\"urlTemplate\":\"https:\/\/www.welovecycling.com\/se\/?s={search_term_string}\"},\"query-input\":{\"@type\":\"PropertyValueSpecification\",\"valueRequired\":true,\"valueName\":\"search_term_string\"}}],\"inLanguage\":\"sv-SE\"},{\"@type\":\"Person\",\"@id\":\"https:\/\/www.welovecycling.com\/se\/#\/schema\/person\/8f0cc3de43d64a5012d5b3c08488d14e\",\"name\":\"Erik Gustafsson\",\"image\":{\"@type\":\"ImageObject\",\"inLanguage\":\"sv-SE\",\"@id\":\"https:\/\/www.welovecycling.com\/se\/#\/schema\/person\/image\/\",\"url\":\"https:\/\/secure.gravatar.com\/avatar\/2e023b4a4d6bb21669866895d82623f61418c7c04fbd5e7d97c9eeee5e279e27?s=96&d=mm&r=g\",\"contentUrl\":\"https:\/\/secure.gravatar.com\/avatar\/2e023b4a4d6bb21669866895d82623f61418c7c04fbd5e7d97c9eeee5e279e27?s=96&d=mm&r=g\",\"caption\":\"Erik Gustafsson\"},\"url\":\"https:\/\/www.welovecycling.com\/se\/author\/erikgustafsson\/\"}]}<\/script>\n<!-- \/ Yoast SEO Premium plugin. -->","yoast_head_json":{"title":"Cyklister och v\u00e4tska - F\u00f6rb\u00e4ttra din prestation - \u0160koda - We Love Cycling - Sweden","robots":{"index":"index","follow":"follow","max-snippet":"max-snippet:-1","max-image-preview":"max-image-preview:large","max-video-preview":"max-video-preview:-1"},"canonical":"https:\/\/www.welovecycling.com\/se\/2017\/11\/26\/cyklister-och-vatska-forbattra-din-prestation\/","og_locale":"sv_SE","og_type":"article","og_title":"Cyklister och v\u00e4tska - F\u00f6rb\u00e4ttra din prestation","og_description":"Det \u00e4r viktigt att f\u00e5 i sig tillr\u00e4ckligt med v\u00e4tska. Vanligtvis rekommenderas det att dricka \u00e5tta sm\u00e5 glas, eller cirka [&hellip;]","og_url":"https:\/\/www.welovecycling.com\/se\/2017\/11\/26\/cyklister-och-vatska-forbattra-din-prestation\/","og_site_name":"\u0160koda - We Love Cycling - Sweden","article_published_time":"2017-11-26T09:12:31+00:00","article_modified_time":"2017-11-28T12:48:26+00:00","og_image":[{"width":1375,"height":600,"url":"https:\/\/d2p6e6u75xmxt8.cloudfront.net\/9\/2017\/11\/profimedia-0293860789-1.jpg","type":"image\/jpeg"}],"author":"Erik Gustafsson","twitter_card":"summary_large_image","twitter_misc":{"Written by":"Jiri Kaloc","Est. reading time":"3 minutes"},"schema":{"@context":"https:\/\/schema.org","@graph":[{"@type":"WebPage","@id":"https:\/\/www.welovecycling.com\/se\/2017\/11\/26\/cyklister-och-vatska-forbattra-din-prestation\/","url":"https:\/\/www.welovecycling.com\/se\/2017\/11\/26\/cyklister-och-vatska-forbattra-din-prestation\/","name":"Cyklister och v\u00e4tska - F\u00f6rb\u00e4ttra din prestation - \u0160koda - We Love Cycling - Sweden","isPartOf":{"@id":"https:\/\/www.welovecycling.com\/se\/#website"},"primaryImageOfPage":{"@id":"https:\/\/www.welovecycling.com\/se\/2017\/11\/26\/cyklister-och-vatska-forbattra-din-prestation\/#primaryimage"},"image":{"@id":"https:\/\/www.welovecycling.com\/se\/2017\/11\/26\/cyklister-och-vatska-forbattra-din-prestation\/#primaryimage"},"thumbnailUrl":"https:\/\/d2p6e6u75xmxt8.cloudfront.net\/9\/2017\/11\/profimedia-0293860789-1.jpg","datePublished":"2017-11-26T09:12:31+00:00","dateModified":"2017-11-28T12:48:26+00:00","author":{"@id":"https:\/\/www.welovecycling.com\/se\/#\/schema\/person\/8f0cc3de43d64a5012d5b3c08488d14e"},"breadcrumb":{"@id":"https:\/\/www.welovecycling.com\/se\/2017\/11\/26\/cyklister-och-vatska-forbattra-din-prestation\/#breadcrumb"},"inLanguage":"sv-SE","potentialAction":[{"@type":"ReadAction","target":["https:\/\/www.welovecycling.com\/se\/2017\/11\/26\/cyklister-och-vatska-forbattra-din-prestation\/"]}]},{"@type":"ImageObject","inLanguage":"sv-SE","@id":"https:\/\/www.welovecycling.com\/se\/2017\/11\/26\/cyklister-och-vatska-forbattra-din-prestation\/#primaryimage","url":"https:\/\/d2p6e6u75xmxt8.cloudfront.net\/9\/2017\/11\/profimedia-0293860789-1.jpg","contentUrl":"https:\/\/d2p6e6u75xmxt8.cloudfront.net\/9\/2017\/11\/profimedia-0293860789-1.jpg","width":1375,"height":600},{"@type":"BreadcrumbList","@id":"https:\/\/www.welovecycling.com\/se\/2017\/11\/26\/cyklister-och-vatska-forbattra-din-prestation\/#breadcrumb","itemListElement":[{"@type":"ListItem","position":1,"name":"Home","item":"https:\/\/www.welovecycling.com\/se\/"},{"@type":"ListItem","position":2,"name":"Cyklister och v\u00e4tska &#8211; F\u00f6rb\u00e4ttra din prestation"}]},{"@type":"WebSite","@id":"https:\/\/www.welovecycling.com\/se\/#website","url":"https:\/\/www.welovecycling.com\/se\/","name":"\u0160koda - We Love Cycling - Sweden","description":"\u0160koda We Love Cycling - Sweden","potentialAction":[{"@type":"SearchAction","target":{"@type":"EntryPoint","urlTemplate":"https:\/\/www.welovecycling.com\/se\/?s={search_term_string}"},"query-input":{"@type":"PropertyValueSpecification","valueRequired":true,"valueName":"search_term_string"}}],"inLanguage":"sv-SE"},{"@type":"Person","@id":"https:\/\/www.welovecycling.com\/se\/#\/schema\/person\/8f0cc3de43d64a5012d5b3c08488d14e","name":"Erik Gustafsson","image":{"@type":"ImageObject","inLanguage":"sv-SE","@id":"https:\/\/www.welovecycling.com\/se\/#\/schema\/person\/image\/","url":"https:\/\/secure.gravatar.com\/avatar\/2e023b4a4d6bb21669866895d82623f61418c7c04fbd5e7d97c9eeee5e279e27?s=96&d=mm&r=g","contentUrl":"https:\/\/secure.gravatar.com\/avatar\/2e023b4a4d6bb21669866895d82623f61418c7c04fbd5e7d97c9eeee5e279e27?s=96&d=mm&r=g","caption":"Erik Gustafsson"},"url":"https:\/\/www.welovecycling.com\/se\/author\/erikgustafsson\/"}]}},"_links":{"self":[{"href":"https:\/\/www.welovecycling.com\/se\/wp-json\/wp\/v2\/posts\/57","targetHints":{"allow":["GET"]}}],"collection":[{"href":"https:\/\/www.welovecycling.com\/se\/wp-json\/wp\/v2\/posts"}],"about":[{"href":"https:\/\/www.welovecycling.com\/se\/wp-json\/wp\/v2\/types\/post"}],"author":[{"embeddable":true,"href":"https:\/\/www.welovecycling.com\/se\/wp-json\/wp\/v2\/users\/53"}],"replies":[{"embeddable":true,"href":"https:\/\/www.welovecycling.com\/se\/wp-json\/wp\/v2\/comments?post=57"}],"version-history":[{"count":2,"href":"https:\/\/www.welovecycling.com\/se\/wp-json\/wp\/v2\/posts\/57\/revisions"}],"predecessor-version":[{"id":350,"href":"https:\/\/www.welovecycling.com\/se\/wp-json\/wp\/v2\/posts\/57\/revisions\/350"}],"wp:featuredmedia":[{"embeddable":true,"href":"https:\/\/www.welovecycling.com\/se\/wp-json\/wp\/v2\/media\/60"}],"wp:attachment":[{"href":"https:\/\/www.welovecycling.com\/se\/wp-json\/wp\/v2\/media?parent=57"}],"wp:term":[{"taxonomy":"category","embeddable":true,"href":"https:\/\/www.welovecycling.com\/se\/wp-json\/wp\/v2\/categories?post=57"},{"taxonomy":"post_tag","embeddable":true,"href":"https:\/\/www.welovecycling.com\/se\/wp-json\/wp\/v2\/tags?post=57"},{"taxonomy":"global-categories","embeddable":true,"href":"https:\/\/www.welovecycling.com\/se\/wp-json\/wp\/v2\/global-categories?post=57"}],"curies":[{"name":"wp","href":"https:\/\/api.w.org\/{rel}","templated":true}]}}