{"id":53,"date":"2017-11-25T10:47:00","date_gmt":"2017-11-25T09:47:00","guid":{"rendered":"https:\/\/www.welovecycling.com\/se\/?p=53"},"modified":"2017-11-30T23:55:36","modified_gmt":"2017-11-30T22:55:36","slug":"vilka-muskler-anvands-ett-pedaltramp","status":"publish","type":"post","link":"https:\/\/www.welovecycling.com\/se\/2017\/11\/25\/vilka-muskler-anvands-ett-pedaltramp\/","title":{"rendered":"Vilka muskler anv\u00e4nds i ett pedaltramp?"},"content":{"rendered":"<p><strong>Har du n\u00e5gonsin funderat p\u00e5 vilken typ av muskel du anv\u00e4nder under din cykeltur? Vi gjorde en infographic f\u00f6r att ge svar p\u00e5 den fr\u00e5gan. Linjerna p\u00e5 hjulet symboliserar den del av pedaltrampet d\u00e4r muskeln anv\u00e4nds, och f\u00e4rgen ber\u00e4ttar vilken muskel det \u00e4r.\u00a0<\/strong><br \/>\n<!--more--><\/p>\n<p><img loading=\"lazy\" decoding=\"async\" class=\"wp-image-54 aligncenter\" src=\"https:\/\/d2p6e6u75xmxt8.cloudfront.net\/9\/2017\/11\/svaly-na-kole-1080x1080.png\" alt=\"Ever wondered what kind of muscle you\u2019re using right there at that moment during your ride? We made an infographic just to answer that question. The lines on the wheel symbolize the part of a stroke you use the muscle on and the colour tells you easily which one it is. Enjoy and don\u2019t forget to like it on Facebook!\" width=\"800\" height=\"800\" srcset=\"https:\/\/d2p6e6u75xmxt8.cloudfront.net\/9\/2017\/11\/svaly-na-kole-1080x1080.png 1080w, https:\/\/d2p6e6u75xmxt8.cloudfront.net\/9\/2017\/11\/svaly-na-kole-1080x1080-150x150.png 150w, https:\/\/d2p6e6u75xmxt8.cloudfront.net\/9\/2017\/11\/svaly-na-kole-1080x1080-300x300.png 300w, https:\/\/d2p6e6u75xmxt8.cloudfront.net\/9\/2017\/11\/svaly-na-kole-1080x1080-768x768.png 768w, https:\/\/d2p6e6u75xmxt8.cloudfront.net\/9\/2017\/11\/svaly-na-kole-1080x1080-1024x1024.png 1024w\" sizes=\"auto, (max-width: 800px) 100vw, 800px\" \/><\/p>\n","protected":false},"excerpt":{"rendered":"<p>Har du n\u00e5gonsin funderat p\u00e5 vilken typ av muskel du anv\u00e4nder under din cykeltur? Vi gjorde en infographic f\u00f6r att [&hellip;]<\/p>\n","protected":false},"author":53,"featured_media":610,"comment_status":"open","ping_status":"open","sticky":false,"template":"","format":"standard","meta":{"footnotes":""},"categories":[5,10],"tags":[21,22],"global-categories":[],"class_list":["post-53","post","type-post","status-publish","format-standard","has-post-thumbnail","hentry","category-nyheter","category-traning","tag-fysiologi","tag-traning"],"yoast_head":"<!-- This site is optimized with the Yoast SEO Premium plugin v25.3 (Yoast SEO v25.9) - https:\/\/yoast.com\/wordpress\/plugins\/seo\/ -->\n<title>Vilka muskler anv\u00e4nds i ett pedaltramp? - \u0160koda - We Love Cycling - Sweden<\/title>\n<meta name=\"robots\" content=\"index, follow, max-snippet:-1, max-image-preview:large, max-video-preview:-1\" \/>\n<link rel=\"canonical\" href=\"https:\/\/www.welovecycling.com\/se\/2017\/11\/25\/vilka-muskler-anvands-ett-pedaltramp\/\" \/>\n<meta property=\"og:locale\" content=\"sv_SE\" \/>\n<meta property=\"og:type\" content=\"article\" \/>\n<meta property=\"og:title\" content=\"Vilka muskler anv\u00e4nds i ett pedaltramp?\" \/>\n<meta property=\"og:description\" content=\"Har du n\u00e5gonsin funderat p\u00e5 vilken typ av muskel du anv\u00e4nder under din cykeltur? Vi gjorde en infographic f\u00f6r att [&hellip;]\" \/>\n<meta property=\"og:url\" content=\"https:\/\/www.welovecycling.com\/se\/2017\/11\/25\/vilka-muskler-anvands-ett-pedaltramp\/\" \/>\n<meta property=\"og:site_name\" content=\"\u0160koda - We Love Cycling - Sweden\" \/>\n<meta property=\"article:published_time\" content=\"2017-11-25T09:47:00+00:00\" \/>\n<meta property=\"article:modified_time\" content=\"2017-11-30T22:55:36+00:00\" \/>\n<meta property=\"og:image\" content=\"https:\/\/d2p6e6u75xmxt8.cloudfront.net\/9\/2017\/11\/iStock-477445634-1024x672.jpg\" \/>\n\t<meta property=\"og:image:width\" content=\"1024\" \/>\n\t<meta property=\"og:image:height\" content=\"672\" \/>\n\t<meta property=\"og:image:type\" content=\"image\/jpeg\" \/>\n<meta name=\"author\" content=\"Erik Gustafsson\" \/>\n<meta name=\"twitter:card\" content=\"summary_large_image\" \/>\n<meta name=\"twitter:label1\" content=\"Written by\" \/>\n\t<meta name=\"twitter:data1\" content=\"Martin Mrazek\" \/>\n<script type=\"application\/ld+json\" class=\"yoast-schema-graph\">{\"@context\":\"https:\/\/schema.org\",\"@graph\":[{\"@type\":\"WebPage\",\"@id\":\"https:\/\/www.welovecycling.com\/se\/2017\/11\/25\/vilka-muskler-anvands-ett-pedaltramp\/\",\"url\":\"https:\/\/www.welovecycling.com\/se\/2017\/11\/25\/vilka-muskler-anvands-ett-pedaltramp\/\",\"name\":\"Vilka muskler anv\u00e4nds i ett pedaltramp? - \u0160koda - We Love Cycling - Sweden\",\"isPartOf\":{\"@id\":\"https:\/\/www.welovecycling.com\/se\/#website\"},\"primaryImageOfPage\":{\"@id\":\"https:\/\/www.welovecycling.com\/se\/2017\/11\/25\/vilka-muskler-anvands-ett-pedaltramp\/#primaryimage\"},\"image\":{\"@id\":\"https:\/\/www.welovecycling.com\/se\/2017\/11\/25\/vilka-muskler-anvands-ett-pedaltramp\/#primaryimage\"},\"thumbnailUrl\":\"https:\/\/d2p6e6u75xmxt8.cloudfront.net\/9\/2017\/11\/iStock-477445634.jpg\",\"datePublished\":\"2017-11-25T09:47:00+00:00\",\"dateModified\":\"2017-11-30T22:55:36+00:00\",\"author\":{\"@id\":\"https:\/\/www.welovecycling.com\/se\/#\/schema\/person\/8f0cc3de43d64a5012d5b3c08488d14e\"},\"breadcrumb\":{\"@id\":\"https:\/\/www.welovecycling.com\/se\/2017\/11\/25\/vilka-muskler-anvands-ett-pedaltramp\/#breadcrumb\"},\"inLanguage\":\"sv-SE\",\"potentialAction\":[{\"@type\":\"ReadAction\",\"target\":[\"https:\/\/www.welovecycling.com\/se\/2017\/11\/25\/vilka-muskler-anvands-ett-pedaltramp\/\"]}]},{\"@type\":\"ImageObject\",\"inLanguage\":\"sv-SE\",\"@id\":\"https:\/\/www.welovecycling.com\/se\/2017\/11\/25\/vilka-muskler-anvands-ett-pedaltramp\/#primaryimage\",\"url\":\"https:\/\/d2p6e6u75xmxt8.cloudfront.net\/9\/2017\/11\/iStock-477445634.jpg\",\"contentUrl\":\"https:\/\/d2p6e6u75xmxt8.cloudfront.net\/9\/2017\/11\/iStock-477445634.jpg\",\"width\":3894,\"height\":2557,\"caption\":\"An athlete is riding a bicycle on road. The man is wearing black bike shorts and shin guards along with a red sleeveless top and a red and white helmet and sunglasses. The image is blurred in motion.\"},{\"@type\":\"BreadcrumbList\",\"@id\":\"https:\/\/www.welovecycling.com\/se\/2017\/11\/25\/vilka-muskler-anvands-ett-pedaltramp\/#breadcrumb\",\"itemListElement\":[{\"@type\":\"ListItem\",\"position\":1,\"name\":\"Home\",\"item\":\"https:\/\/www.welovecycling.com\/se\/\"},{\"@type\":\"ListItem\",\"position\":2,\"name\":\"Vilka muskler anv\u00e4nds i ett pedaltramp?\"}]},{\"@type\":\"WebSite\",\"@id\":\"https:\/\/www.welovecycling.com\/se\/#website\",\"url\":\"https:\/\/www.welovecycling.com\/se\/\",\"name\":\"\u0160koda - We Love Cycling - Sweden\",\"description\":\"\u0160koda We Love Cycling - Sweden\",\"potentialAction\":[{\"@type\":\"SearchAction\",\"target\":{\"@type\":\"EntryPoint\",\"urlTemplate\":\"https:\/\/www.welovecycling.com\/se\/?s={search_term_string}\"},\"query-input\":{\"@type\":\"PropertyValueSpecification\",\"valueRequired\":true,\"valueName\":\"search_term_string\"}}],\"inLanguage\":\"sv-SE\"},{\"@type\":\"Person\",\"@id\":\"https:\/\/www.welovecycling.com\/se\/#\/schema\/person\/8f0cc3de43d64a5012d5b3c08488d14e\",\"name\":\"Erik Gustafsson\",\"image\":{\"@type\":\"ImageObject\",\"inLanguage\":\"sv-SE\",\"@id\":\"https:\/\/www.welovecycling.com\/se\/#\/schema\/person\/image\/\",\"url\":\"https:\/\/secure.gravatar.com\/avatar\/2e023b4a4d6bb21669866895d82623f61418c7c04fbd5e7d97c9eeee5e279e27?s=96&d=mm&r=g\",\"contentUrl\":\"https:\/\/secure.gravatar.com\/avatar\/2e023b4a4d6bb21669866895d82623f61418c7c04fbd5e7d97c9eeee5e279e27?s=96&d=mm&r=g\",\"caption\":\"Erik Gustafsson\"},\"url\":\"https:\/\/www.welovecycling.com\/se\/author\/erikgustafsson\/\"}]}<\/script>\n<!-- \/ Yoast SEO Premium plugin. -->","yoast_head_json":{"title":"Vilka muskler anv\u00e4nds i ett pedaltramp? - \u0160koda - We Love Cycling - Sweden","robots":{"index":"index","follow":"follow","max-snippet":"max-snippet:-1","max-image-preview":"max-image-preview:large","max-video-preview":"max-video-preview:-1"},"canonical":"https:\/\/www.welovecycling.com\/se\/2017\/11\/25\/vilka-muskler-anvands-ett-pedaltramp\/","og_locale":"sv_SE","og_type":"article","og_title":"Vilka muskler anv\u00e4nds i ett pedaltramp?","og_description":"Har du n\u00e5gonsin funderat p\u00e5 vilken typ av muskel du anv\u00e4nder under din cykeltur? Vi gjorde en infographic f\u00f6r att [&hellip;]","og_url":"https:\/\/www.welovecycling.com\/se\/2017\/11\/25\/vilka-muskler-anvands-ett-pedaltramp\/","og_site_name":"\u0160koda - We Love Cycling - Sweden","article_published_time":"2017-11-25T09:47:00+00:00","article_modified_time":"2017-11-30T22:55:36+00:00","og_image":[{"width":1024,"height":672,"url":"https:\/\/d2p6e6u75xmxt8.cloudfront.net\/9\/2017\/11\/iStock-477445634-1024x672.jpg","type":"image\/jpeg"}],"author":"Erik Gustafsson","twitter_card":"summary_large_image","twitter_misc":{"Written by":"Martin Mrazek"},"schema":{"@context":"https:\/\/schema.org","@graph":[{"@type":"WebPage","@id":"https:\/\/www.welovecycling.com\/se\/2017\/11\/25\/vilka-muskler-anvands-ett-pedaltramp\/","url":"https:\/\/www.welovecycling.com\/se\/2017\/11\/25\/vilka-muskler-anvands-ett-pedaltramp\/","name":"Vilka muskler anv\u00e4nds i ett pedaltramp? - \u0160koda - We Love Cycling - Sweden","isPartOf":{"@id":"https:\/\/www.welovecycling.com\/se\/#website"},"primaryImageOfPage":{"@id":"https:\/\/www.welovecycling.com\/se\/2017\/11\/25\/vilka-muskler-anvands-ett-pedaltramp\/#primaryimage"},"image":{"@id":"https:\/\/www.welovecycling.com\/se\/2017\/11\/25\/vilka-muskler-anvands-ett-pedaltramp\/#primaryimage"},"thumbnailUrl":"https:\/\/d2p6e6u75xmxt8.cloudfront.net\/9\/2017\/11\/iStock-477445634.jpg","datePublished":"2017-11-25T09:47:00+00:00","dateModified":"2017-11-30T22:55:36+00:00","author":{"@id":"https:\/\/www.welovecycling.com\/se\/#\/schema\/person\/8f0cc3de43d64a5012d5b3c08488d14e"},"breadcrumb":{"@id":"https:\/\/www.welovecycling.com\/se\/2017\/11\/25\/vilka-muskler-anvands-ett-pedaltramp\/#breadcrumb"},"inLanguage":"sv-SE","potentialAction":[{"@type":"ReadAction","target":["https:\/\/www.welovecycling.com\/se\/2017\/11\/25\/vilka-muskler-anvands-ett-pedaltramp\/"]}]},{"@type":"ImageObject","inLanguage":"sv-SE","@id":"https:\/\/www.welovecycling.com\/se\/2017\/11\/25\/vilka-muskler-anvands-ett-pedaltramp\/#primaryimage","url":"https:\/\/d2p6e6u75xmxt8.cloudfront.net\/9\/2017\/11\/iStock-477445634.jpg","contentUrl":"https:\/\/d2p6e6u75xmxt8.cloudfront.net\/9\/2017\/11\/iStock-477445634.jpg","width":3894,"height":2557,"caption":"An athlete is riding a bicycle on road. The man is wearing black bike shorts and shin guards along with a red sleeveless top and a red and white helmet and sunglasses. The image is blurred in motion."},{"@type":"BreadcrumbList","@id":"https:\/\/www.welovecycling.com\/se\/2017\/11\/25\/vilka-muskler-anvands-ett-pedaltramp\/#breadcrumb","itemListElement":[{"@type":"ListItem","position":1,"name":"Home","item":"https:\/\/www.welovecycling.com\/se\/"},{"@type":"ListItem","position":2,"name":"Vilka muskler anv\u00e4nds i ett pedaltramp?"}]},{"@type":"WebSite","@id":"https:\/\/www.welovecycling.com\/se\/#website","url":"https:\/\/www.welovecycling.com\/se\/","name":"\u0160koda - We Love Cycling - Sweden","description":"\u0160koda We Love Cycling - Sweden","potentialAction":[{"@type":"SearchAction","target":{"@type":"EntryPoint","urlTemplate":"https:\/\/www.welovecycling.com\/se\/?s={search_term_string}"},"query-input":{"@type":"PropertyValueSpecification","valueRequired":true,"valueName":"search_term_string"}}],"inLanguage":"sv-SE"},{"@type":"Person","@id":"https:\/\/www.welovecycling.com\/se\/#\/schema\/person\/8f0cc3de43d64a5012d5b3c08488d14e","name":"Erik Gustafsson","image":{"@type":"ImageObject","inLanguage":"sv-SE","@id":"https:\/\/www.welovecycling.com\/se\/#\/schema\/person\/image\/","url":"https:\/\/secure.gravatar.com\/avatar\/2e023b4a4d6bb21669866895d82623f61418c7c04fbd5e7d97c9eeee5e279e27?s=96&d=mm&r=g","contentUrl":"https:\/\/secure.gravatar.com\/avatar\/2e023b4a4d6bb21669866895d82623f61418c7c04fbd5e7d97c9eeee5e279e27?s=96&d=mm&r=g","caption":"Erik Gustafsson"},"url":"https:\/\/www.welovecycling.com\/se\/author\/erikgustafsson\/"}]}},"_links":{"self":[{"href":"https:\/\/www.welovecycling.com\/se\/wp-json\/wp\/v2\/posts\/53","targetHints":{"allow":["GET"]}}],"collection":[{"href":"https:\/\/www.welovecycling.com\/se\/wp-json\/wp\/v2\/posts"}],"about":[{"href":"https:\/\/www.welovecycling.com\/se\/wp-json\/wp\/v2\/types\/post"}],"author":[{"embeddable":true,"href":"https:\/\/www.welovecycling.com\/se\/wp-json\/wp\/v2\/users\/53"}],"replies":[{"embeddable":true,"href":"https:\/\/www.welovecycling.com\/se\/wp-json\/wp\/v2\/comments?post=53"}],"version-history":[{"count":2,"href":"https:\/\/www.welovecycling.com\/se\/wp-json\/wp\/v2\/posts\/53\/revisions"}],"predecessor-version":[{"id":611,"href":"https:\/\/www.welovecycling.com\/se\/wp-json\/wp\/v2\/posts\/53\/revisions\/611"}],"wp:featuredmedia":[{"embeddable":true,"href":"https:\/\/www.welovecycling.com\/se\/wp-json\/wp\/v2\/media\/610"}],"wp:attachment":[{"href":"https:\/\/www.welovecycling.com\/se\/wp-json\/wp\/v2\/media?parent=53"}],"wp:term":[{"taxonomy":"category","embeddable":true,"href":"https:\/\/www.welovecycling.com\/se\/wp-json\/wp\/v2\/categories?post=53"},{"taxonomy":"post_tag","embeddable":true,"href":"https:\/\/www.welovecycling.com\/se\/wp-json\/wp\/v2\/tags?post=53"},{"taxonomy":"global-categories","embeddable":true,"href":"https:\/\/www.welovecycling.com\/se\/wp-json\/wp\/v2\/global-categories?post=53"}],"curies":[{"name":"wp","href":"https:\/\/api.w.org\/{rel}","templated":true}]}}