{"id":4955,"date":"2024-09-30T14:24:19","date_gmt":"2024-09-30T13:24:19","guid":{"rendered":"https:\/\/www.welovecycling.com\/se\/?p=4955"},"modified":"2024-11-07T06:59:15","modified_gmt":"2024-11-07T05:59:15","slug":"sok-till-skoda-cycling-team-2025","status":"publish","type":"post","link":"https:\/\/www.welovecycling.com\/se\/2024\/09\/30\/sok-till-skoda-cycling-team-2025\/","title":{"rendered":"Det h\u00e4r \u00e4r \u0160koda Cycling Team 2025"},"content":{"rendered":"<p><strong>Nu st\u00e5r det klart vilka sex personer som ska ta sig an sitt livs \u00f6ken\u00e4ventyr 2025. \u00a0Det har varit ett sant n\u00f6je att l\u00e4sa igenom alla ans\u00f6kningar. P\u00e5 varje plats i teamet g\u00e5r det tiotals kvalificerade och h\u00e4rliga m\u00e4nniskor som vi tyv\u00e4rr inte kan ta med oss men som vi hoppas forts\u00e4tter att ans\u00f6ka om en plats \u00e4ven f\u00f6r n\u00e4sta \u00e4ventyr! Vi h\u00e4lsar h\u00e4rmed det nya laget varmt v\u00e4lkomna till \u0160koda Cycling Team 2025 och passar p\u00e5 att rikta ett stort och varmt tack till alla er som tog er tid att ans\u00f6ka till laget!\u00a0<\/strong><\/p>\n<p><strong>Julia Lundberg, 27 \u00e5r, Stockholm<\/strong><br \/>\nJulia har en bakgrund som snowboard\u00e5kare som har funnit en ny passion i cykling. Med sin m\u00e5lmedvetenhet och energi ser hon det h\u00e4r \u00e4ventyret som en chans att utforska sina gr\u00e4nser och visa vad hon g\u00e5r f\u00f6r i sin nya sport. Hennes engagemang och gl\u00e4dje kommer att bli ett v\u00e4rdefullt tillskott till lagets motivation.<\/p>\n<p><strong>Per Jonsson \u00d6hlin, 41 \u00e5r, Unders\u00e5ker<\/strong><br \/>\nPer har en stor passion f\u00f6r fj\u00e4llv\u00e4rlden, skid\u00e5kning, l\u00f6pning och cykel. Hans hem i Unders\u00e5ker \u00e4r en perfekt utg\u00e5ngsplats f\u00f6r just detta. Per driver bland annat Bj\u00f6rkliden Arctic Mountain Marathon, Hagl\u00f6fs Skicamp och Youtubekanalen Topptur.se.<\/p>\n<p><strong>M\u00e5ns M\u00f6ller, 49 \u00e5r, Stockholm<\/strong><br \/>\nM\u00e5ns M\u00f6ller \u00e4r mest k\u00e4nd som komiker och sk\u00e5despelare men har ocks\u00e5 ett starkt engagemang f\u00f6r v\u00e4lg\u00f6renhet, s\u00e4rskilt inom idrott f\u00f6r barn och unga med neuropsykiatriska diagnoser, delvis f\u00f6r att hans son Viggo har autism. Bland annat har han, tillsammans med Christer Skog, genomf\u00f6rt en rad extrema utmaningar, d\u00e4ribland att \u00e5ka Vasaloppet tio g\u00e5nger p\u00e5 tio dagar f\u00f6r att samla in pengar till v\u00e4lg\u00f6renhet.<\/p>\n<p><strong>Marcus Olsson, 32 \u00e5r, Stockholm<\/strong><br \/>\nMarcus \u00e4r van vid att ta sig an b\u00e5de l\u00e4ngre distanser och tuff terr\u00e4ng, med en styrka och uth\u00e5llighet som kommer hj\u00e4lpa laget b\u00e5de fysiskt och mentalt. Vi \u00e4r \u00f6vertygade om att Marcus sociala f\u00f6rm\u00e5ga \u00e4ven kommer l\u00e4tta upp st\u00e4mningen n\u00e4r det \u00e4r som tyngst.<\/p>\n<p><strong>Ida Kjos, 36 \u00e5r, Stockholm<\/strong><br \/>\nIda \u00e4r en tidigare elitsimmare och juridisk r\u00e5dgivare, numera motivationsf\u00f6rel\u00e4sare och poddare. Med disciplinen fr\u00e5n elitsimningen och verktygen fr\u00e5n mentala tr\u00e4ningen blir hon en stark tillg\u00e5ng till laget, medveten om att just distanscykling i hetta \u00e4r en helt ny utmaning.<\/p>\n<p><strong>Madeleine Riesel, 29 \u00e5r, \u00c5re<\/strong><br \/>\nMadeleine \u00e4r en tekniskt skicklig bergcyklist som snabbt etablerat sig inom sporten och blivit k\u00e4nd f\u00f6r sin uth\u00e5llighet och \u00f6dmjuka inst\u00e4llning. Hennes erfarenhet i olika typer av terr\u00e4ng, s\u00e4rskilt i \u00c5res fj\u00e4ll, g\u00f6r henne v\u00e4l f\u00f6rberedd f\u00f6r bergsetapperna p\u00e5 loppet.<\/p>\n<p>&nbsp;<\/p>\n<p>&nbsp;<\/p>\n<p>&nbsp;<\/p>\n<p>&nbsp;<\/p>\n","protected":false},"excerpt":{"rendered":"<p>Nu st\u00e5r det klart vilka sex personer som ska ta sig an sitt livs \u00f6ken\u00e4ventyr 2025. \u00a0Det har varit ett [&hellip;]<\/p>\n","protected":false},"author":52,"featured_media":4968,"comment_status":"open","ping_status":"open","sticky":false,"template":"","format":"standard","meta":{"footnotes":""},"categories":[5],"tags":[],"global-categories":[36],"class_list":["post-4955","post","type-post","status-publish","format-standard","has-post-thumbnail","hentry","category-nyheter","global-categories-cycling"],"yoast_head":"<!-- This site is optimized with the Yoast SEO Premium plugin v25.3 (Yoast SEO v25.9) - https:\/\/yoast.com\/wordpress\/plugins\/seo\/ -->\n<title>Det h\u00e4r \u00e4r \u0160koda Cycling Team 2025 - \u0160koda - We Love Cycling - Sweden<\/title>\n<meta name=\"robots\" content=\"index, follow, max-snippet:-1, max-image-preview:large, max-video-preview:-1\" \/>\n<link rel=\"canonical\" href=\"https:\/\/www.welovecycling.com\/se\/2024\/09\/30\/sok-till-skoda-cycling-team-2025\/\" \/>\n<meta property=\"og:locale\" content=\"sv_SE\" \/>\n<meta property=\"og:type\" content=\"article\" \/>\n<meta property=\"og:title\" content=\"Det h\u00e4r \u00e4r \u0160koda Cycling Team 2025\" \/>\n<meta property=\"og:description\" content=\"Nu st\u00e5r det klart vilka sex personer som ska ta sig an sitt livs \u00f6ken\u00e4ventyr 2025. \u00a0Det har varit ett [&hellip;]\" \/>\n<meta property=\"og:url\" content=\"https:\/\/www.welovecycling.com\/se\/2024\/09\/30\/sok-till-skoda-cycling-team-2025\/\" \/>\n<meta property=\"og:site_name\" content=\"\u0160koda - We Love Cycling - Sweden\" \/>\n<meta property=\"article:published_time\" content=\"2024-09-30T13:24:19+00:00\" \/>\n<meta property=\"article:modified_time\" content=\"2024-11-07T05:59:15+00:00\" \/>\n<meta property=\"og:image\" content=\"https:\/\/d2p6e6u75xmxt8.cloudfront.net\/9\/2024\/09\/Titan-day4-12.webp\" \/>\n\t<meta property=\"og:image:width\" content=\"1800\" \/>\n\t<meta property=\"og:image:height\" content=\"1200\" \/>\n\t<meta property=\"og:image:type\" content=\"image\/webp\" \/>\n<meta name=\"author\" content=\"erikleonsson\" \/>\n<meta name=\"twitter:card\" content=\"summary_large_image\" \/>\n<meta name=\"twitter:label1\" content=\"Written by\" \/>\n\t<meta name=\"twitter:data1\" content=\"erikleonsson\" \/>\n\t<meta name=\"twitter:label2\" content=\"Est. reading time\" \/>\n\t<meta name=\"twitter:data2\" content=\"2 minutes\" \/>\n<script type=\"application\/ld+json\" class=\"yoast-schema-graph\">{\"@context\":\"https:\/\/schema.org\",\"@graph\":[{\"@type\":\"WebPage\",\"@id\":\"https:\/\/www.welovecycling.com\/se\/2024\/09\/30\/sok-till-skoda-cycling-team-2025\/\",\"url\":\"https:\/\/www.welovecycling.com\/se\/2024\/09\/30\/sok-till-skoda-cycling-team-2025\/\",\"name\":\"Det h\u00e4r \u00e4r \u0160koda Cycling Team 2025 - \u0160koda - We Love Cycling - Sweden\",\"isPartOf\":{\"@id\":\"https:\/\/www.welovecycling.com\/se\/#website\"},\"primaryImageOfPage\":{\"@id\":\"https:\/\/www.welovecycling.com\/se\/2024\/09\/30\/sok-till-skoda-cycling-team-2025\/#primaryimage\"},\"image\":{\"@id\":\"https:\/\/www.welovecycling.com\/se\/2024\/09\/30\/sok-till-skoda-cycling-team-2025\/#primaryimage\"},\"thumbnailUrl\":\"https:\/\/d2p6e6u75xmxt8.cloudfront.net\/9\/2024\/09\/Titan-day4-12.webp\",\"datePublished\":\"2024-09-30T13:24:19+00:00\",\"dateModified\":\"2024-11-07T05:59:15+00:00\",\"author\":{\"@id\":\"https:\/\/www.welovecycling.com\/se\/#\/schema\/person\/037f34ad5d6e77accab8a3eff6ad7a0c\"},\"breadcrumb\":{\"@id\":\"https:\/\/www.welovecycling.com\/se\/2024\/09\/30\/sok-till-skoda-cycling-team-2025\/#breadcrumb\"},\"inLanguage\":\"sv-SE\",\"potentialAction\":[{\"@type\":\"ReadAction\",\"target\":[\"https:\/\/www.welovecycling.com\/se\/2024\/09\/30\/sok-till-skoda-cycling-team-2025\/\"]}]},{\"@type\":\"ImageObject\",\"inLanguage\":\"sv-SE\",\"@id\":\"https:\/\/www.welovecycling.com\/se\/2024\/09\/30\/sok-till-skoda-cycling-team-2025\/#primaryimage\",\"url\":\"https:\/\/d2p6e6u75xmxt8.cloudfront.net\/9\/2024\/09\/Titan-day4-12.webp\",\"contentUrl\":\"https:\/\/d2p6e6u75xmxt8.cloudfront.net\/9\/2024\/09\/Titan-day4-12.webp\",\"width\":1800,\"height\":1200},{\"@type\":\"BreadcrumbList\",\"@id\":\"https:\/\/www.welovecycling.com\/se\/2024\/09\/30\/sok-till-skoda-cycling-team-2025\/#breadcrumb\",\"itemListElement\":[{\"@type\":\"ListItem\",\"position\":1,\"name\":\"Home\",\"item\":\"https:\/\/www.welovecycling.com\/se\/\"},{\"@type\":\"ListItem\",\"position\":2,\"name\":\"Det h\u00e4r \u00e4r \u0160koda Cycling Team 2025\"}]},{\"@type\":\"WebSite\",\"@id\":\"https:\/\/www.welovecycling.com\/se\/#website\",\"url\":\"https:\/\/www.welovecycling.com\/se\/\",\"name\":\"\u0160koda - We Love Cycling - Sweden\",\"description\":\"\u0160koda We Love Cycling - Sweden\",\"potentialAction\":[{\"@type\":\"SearchAction\",\"target\":{\"@type\":\"EntryPoint\",\"urlTemplate\":\"https:\/\/www.welovecycling.com\/se\/?s={search_term_string}\"},\"query-input\":{\"@type\":\"PropertyValueSpecification\",\"valueRequired\":true,\"valueName\":\"search_term_string\"}}],\"inLanguage\":\"sv-SE\"},{\"@type\":\"Person\",\"@id\":\"https:\/\/www.welovecycling.com\/se\/#\/schema\/person\/037f34ad5d6e77accab8a3eff6ad7a0c\",\"name\":\"erikleonsson\",\"image\":{\"@type\":\"ImageObject\",\"inLanguage\":\"sv-SE\",\"@id\":\"https:\/\/www.welovecycling.com\/se\/#\/schema\/person\/image\/\",\"url\":\"https:\/\/secure.gravatar.com\/avatar\/788a593b0a657d6864c271709722f9cd586caa5a645e77f71fe625396b02677c?s=96&d=mm&r=g\",\"contentUrl\":\"https:\/\/secure.gravatar.com\/avatar\/788a593b0a657d6864c271709722f9cd586caa5a645e77f71fe625396b02677c?s=96&d=mm&r=g\",\"caption\":\"erikleonsson\"},\"url\":\"https:\/\/www.welovecycling.com\/se\/author\/erikleonsson\/\"}]}<\/script>\n<!-- \/ Yoast SEO Premium plugin. -->","yoast_head_json":{"title":"Det h\u00e4r \u00e4r \u0160koda Cycling Team 2025 - \u0160koda - We Love Cycling - Sweden","robots":{"index":"index","follow":"follow","max-snippet":"max-snippet:-1","max-image-preview":"max-image-preview:large","max-video-preview":"max-video-preview:-1"},"canonical":"https:\/\/www.welovecycling.com\/se\/2024\/09\/30\/sok-till-skoda-cycling-team-2025\/","og_locale":"sv_SE","og_type":"article","og_title":"Det h\u00e4r \u00e4r \u0160koda Cycling Team 2025","og_description":"Nu st\u00e5r det klart vilka sex personer som ska ta sig an sitt livs \u00f6ken\u00e4ventyr 2025. \u00a0Det har varit ett [&hellip;]","og_url":"https:\/\/www.welovecycling.com\/se\/2024\/09\/30\/sok-till-skoda-cycling-team-2025\/","og_site_name":"\u0160koda - We Love Cycling - Sweden","article_published_time":"2024-09-30T13:24:19+00:00","article_modified_time":"2024-11-07T05:59:15+00:00","og_image":[{"width":1800,"height":1200,"url":"https:\/\/d2p6e6u75xmxt8.cloudfront.net\/9\/2024\/09\/Titan-day4-12.webp","type":"image\/webp"}],"author":"erikleonsson","twitter_card":"summary_large_image","twitter_misc":{"Written by":"erikleonsson","Est. reading time":"2 minutes"},"schema":{"@context":"https:\/\/schema.org","@graph":[{"@type":"WebPage","@id":"https:\/\/www.welovecycling.com\/se\/2024\/09\/30\/sok-till-skoda-cycling-team-2025\/","url":"https:\/\/www.welovecycling.com\/se\/2024\/09\/30\/sok-till-skoda-cycling-team-2025\/","name":"Det h\u00e4r \u00e4r \u0160koda Cycling Team 2025 - \u0160koda - We Love Cycling - Sweden","isPartOf":{"@id":"https:\/\/www.welovecycling.com\/se\/#website"},"primaryImageOfPage":{"@id":"https:\/\/www.welovecycling.com\/se\/2024\/09\/30\/sok-till-skoda-cycling-team-2025\/#primaryimage"},"image":{"@id":"https:\/\/www.welovecycling.com\/se\/2024\/09\/30\/sok-till-skoda-cycling-team-2025\/#primaryimage"},"thumbnailUrl":"https:\/\/d2p6e6u75xmxt8.cloudfront.net\/9\/2024\/09\/Titan-day4-12.webp","datePublished":"2024-09-30T13:24:19+00:00","dateModified":"2024-11-07T05:59:15+00:00","author":{"@id":"https:\/\/www.welovecycling.com\/se\/#\/schema\/person\/037f34ad5d6e77accab8a3eff6ad7a0c"},"breadcrumb":{"@id":"https:\/\/www.welovecycling.com\/se\/2024\/09\/30\/sok-till-skoda-cycling-team-2025\/#breadcrumb"},"inLanguage":"sv-SE","potentialAction":[{"@type":"ReadAction","target":["https:\/\/www.welovecycling.com\/se\/2024\/09\/30\/sok-till-skoda-cycling-team-2025\/"]}]},{"@type":"ImageObject","inLanguage":"sv-SE","@id":"https:\/\/www.welovecycling.com\/se\/2024\/09\/30\/sok-till-skoda-cycling-team-2025\/#primaryimage","url":"https:\/\/d2p6e6u75xmxt8.cloudfront.net\/9\/2024\/09\/Titan-day4-12.webp","contentUrl":"https:\/\/d2p6e6u75xmxt8.cloudfront.net\/9\/2024\/09\/Titan-day4-12.webp","width":1800,"height":1200},{"@type":"BreadcrumbList","@id":"https:\/\/www.welovecycling.com\/se\/2024\/09\/30\/sok-till-skoda-cycling-team-2025\/#breadcrumb","itemListElement":[{"@type":"ListItem","position":1,"name":"Home","item":"https:\/\/www.welovecycling.com\/se\/"},{"@type":"ListItem","position":2,"name":"Det h\u00e4r \u00e4r \u0160koda Cycling Team 2025"}]},{"@type":"WebSite","@id":"https:\/\/www.welovecycling.com\/se\/#website","url":"https:\/\/www.welovecycling.com\/se\/","name":"\u0160koda - We Love Cycling - Sweden","description":"\u0160koda We Love Cycling - Sweden","potentialAction":[{"@type":"SearchAction","target":{"@type":"EntryPoint","urlTemplate":"https:\/\/www.welovecycling.com\/se\/?s={search_term_string}"},"query-input":{"@type":"PropertyValueSpecification","valueRequired":true,"valueName":"search_term_string"}}],"inLanguage":"sv-SE"},{"@type":"Person","@id":"https:\/\/www.welovecycling.com\/se\/#\/schema\/person\/037f34ad5d6e77accab8a3eff6ad7a0c","name":"erikleonsson","image":{"@type":"ImageObject","inLanguage":"sv-SE","@id":"https:\/\/www.welovecycling.com\/se\/#\/schema\/person\/image\/","url":"https:\/\/secure.gravatar.com\/avatar\/788a593b0a657d6864c271709722f9cd586caa5a645e77f71fe625396b02677c?s=96&d=mm&r=g","contentUrl":"https:\/\/secure.gravatar.com\/avatar\/788a593b0a657d6864c271709722f9cd586caa5a645e77f71fe625396b02677c?s=96&d=mm&r=g","caption":"erikleonsson"},"url":"https:\/\/www.welovecycling.com\/se\/author\/erikleonsson\/"}]}},"_links":{"self":[{"href":"https:\/\/www.welovecycling.com\/se\/wp-json\/wp\/v2\/posts\/4955","targetHints":{"allow":["GET"]}}],"collection":[{"href":"https:\/\/www.welovecycling.com\/se\/wp-json\/wp\/v2\/posts"}],"about":[{"href":"https:\/\/www.welovecycling.com\/se\/wp-json\/wp\/v2\/types\/post"}],"author":[{"embeddable":true,"href":"https:\/\/www.welovecycling.com\/se\/wp-json\/wp\/v2\/users\/52"}],"replies":[{"embeddable":true,"href":"https:\/\/www.welovecycling.com\/se\/wp-json\/wp\/v2\/comments?post=4955"}],"version-history":[{"count":6,"href":"https:\/\/www.welovecycling.com\/se\/wp-json\/wp\/v2\/posts\/4955\/revisions"}],"predecessor-version":[{"id":4969,"href":"https:\/\/www.welovecycling.com\/se\/wp-json\/wp\/v2\/posts\/4955\/revisions\/4969"}],"wp:featuredmedia":[{"embeddable":true,"href":"https:\/\/www.welovecycling.com\/se\/wp-json\/wp\/v2\/media\/4968"}],"wp:attachment":[{"href":"https:\/\/www.welovecycling.com\/se\/wp-json\/wp\/v2\/media?parent=4955"}],"wp:term":[{"taxonomy":"category","embeddable":true,"href":"https:\/\/www.welovecycling.com\/se\/wp-json\/wp\/v2\/categories?post=4955"},{"taxonomy":"post_tag","embeddable":true,"href":"https:\/\/www.welovecycling.com\/se\/wp-json\/wp\/v2\/tags?post=4955"},{"taxonomy":"global-categories","embeddable":true,"href":"https:\/\/www.welovecycling.com\/se\/wp-json\/wp\/v2\/global-categories?post=4955"}],"curies":[{"name":"wp","href":"https:\/\/api.w.org\/{rel}","templated":true}]}}