{"id":49,"date":"2017-11-23T09:10:49","date_gmt":"2017-11-23T09:10:49","guid":{"rendered":"https:\/\/www.welovecycling.com\/se\/?p=49"},"modified":"2017-11-25T11:15:19","modified_gmt":"2017-11-25T11:15:19","slug":"5-tips-att-ta-med-din-cykel-pa-planet","status":"publish","type":"post","link":"https:\/\/www.welovecycling.com\/se\/2017\/11\/23\/5-tips-att-ta-med-din-cykel-pa-planet\/","title":{"rendered":"5 tips f\u00f6r att ta med din cykel p\u00e5 planet"},"content":{"rendered":"<p><strong>S\u00e5 du har best\u00e4mt dig f\u00f6r att ta med cykeln p\u00e5 semestern eller flyga till t\u00e4vlingen du alltid dr\u00f6mt om. Men vet du vad som kr\u00e4vs f\u00f6r att transportera din cykel via flyg? Du beh\u00f6ver v\u00e4lja r\u00e4tt flygbolag, plocka is\u00e4r och packa din cykel, f\u00e5 r\u00e4tt f\u00f6rs\u00e4kring och hela tiden oroa dig \u00f6ver att din cykel kan ha blivit skadad under flygresan. H\u00e4r \u00e4r n\u00e5gra tips som g\u00f6r dig lite lugnare.<\/strong><br \/>\n<!--more--><\/p>\n<h2><strong><b>V\u00e4lj flygbolag med omsorg<\/b><\/strong><\/h2>\n<p>Reglerna f\u00f6r att resa med cykel varierar beroende p\u00e5 vilket flygbolag du v\u00e4ljer. Vissa flygbolag anser att cykeln r\u00e4knas som extra bagage, medan andra ser dem som en separat kategori. Viktbegr\u00e4nsningarna varierar fr\u00e5n 23 kg till 50 kg och priserna kan str\u00e4cka sig \u00f6ver 1600 kr. V\u00e5r sammanst\u00e4llning nedan v\u00e4gleder dig bland de regler som g\u00e4ller, men kontrollera alltid med ditt flygbolag eftersom regler och priser kan \u00e4ndras \u00f6ver tid.<\/p>\n<h2><a href=\"https:\/\/d2p6e6u75xmxt8.cloudfront.net\/9\/2017\/11\/20634966_325772194500679_1548154239249809408_n-2.jpg\"><img loading=\"lazy\" decoding=\"async\" class=\"alignnone size-full wp-image-321\" src=\"https:\/\/d2p6e6u75xmxt8.cloudfront.net\/9\/2017\/11\/20634966_325772194500679_1548154239249809408_n-2.jpg\" alt=\"\" width=\"1080\" height=\"1080\" srcset=\"https:\/\/d2p6e6u75xmxt8.cloudfront.net\/9\/2017\/11\/20634966_325772194500679_1548154239249809408_n-2.jpg 1080w, https:\/\/d2p6e6u75xmxt8.cloudfront.net\/9\/2017\/11\/20634966_325772194500679_1548154239249809408_n-2-150x150.jpg 150w, https:\/\/d2p6e6u75xmxt8.cloudfront.net\/9\/2017\/11\/20634966_325772194500679_1548154239249809408_n-2-300x300.jpg 300w, https:\/\/d2p6e6u75xmxt8.cloudfront.net\/9\/2017\/11\/20634966_325772194500679_1548154239249809408_n-2-768x768.jpg 768w, https:\/\/d2p6e6u75xmxt8.cloudfront.net\/9\/2017\/11\/20634966_325772194500679_1548154239249809408_n-2-1024x1024.jpg 1024w\" sizes=\"auto, (max-width: 1080px) 100vw, 1080px\" \/><\/a><\/h2>\n<p><a href=\"https:\/\/d2p6e6u75xmxt8.cloudfront.net\/9\/2017\/11\/20766431_110096383022817_2239603601213227008_n.jpg\"><img loading=\"lazy\" decoding=\"async\" class=\"alignnone size-full wp-image-322\" src=\"https:\/\/d2p6e6u75xmxt8.cloudfront.net\/9\/2017\/11\/20766431_110096383022817_2239603601213227008_n.jpg\" alt=\"\" width=\"1080\" height=\"1080\" srcset=\"https:\/\/d2p6e6u75xmxt8.cloudfront.net\/9\/2017\/11\/20766431_110096383022817_2239603601213227008_n.jpg 1080w, https:\/\/d2p6e6u75xmxt8.cloudfront.net\/9\/2017\/11\/20766431_110096383022817_2239603601213227008_n-150x150.jpg 150w, https:\/\/d2p6e6u75xmxt8.cloudfront.net\/9\/2017\/11\/20766431_110096383022817_2239603601213227008_n-300x300.jpg 300w, https:\/\/d2p6e6u75xmxt8.cloudfront.net\/9\/2017\/11\/20766431_110096383022817_2239603601213227008_n-768x768.jpg 768w, https:\/\/d2p6e6u75xmxt8.cloudfront.net\/9\/2017\/11\/20766431_110096383022817_2239603601213227008_n-1024x1024.jpg 1024w\" sizes=\"auto, (max-width: 1080px) 100vw, 1080px\" \/><\/a><\/p>\n<h2><a href=\"https:\/\/d2p6e6u75xmxt8.cloudfront.net\/9\/2017\/11\/flywithbike_sas2.jpg\"><img loading=\"lazy\" decoding=\"async\" class=\"alignnone size-full wp-image-331\" src=\"https:\/\/d2p6e6u75xmxt8.cloudfront.net\/9\/2017\/11\/flywithbike_sas2.jpg\" alt=\"\" width=\"1080\" height=\"597\" srcset=\"https:\/\/d2p6e6u75xmxt8.cloudfront.net\/9\/2017\/11\/flywithbike_sas2.jpg 1080w, https:\/\/d2p6e6u75xmxt8.cloudfront.net\/9\/2017\/11\/flywithbike_sas2-300x166.jpg 300w, https:\/\/d2p6e6u75xmxt8.cloudfront.net\/9\/2017\/11\/flywithbike_sas2-768x425.jpg 768w, https:\/\/d2p6e6u75xmxt8.cloudfront.net\/9\/2017\/11\/flywithbike_sas2-1024x566.jpg 1024w\" sizes=\"auto, (max-width: 1080px) 100vw, 1080px\" \/><\/a><\/h2>\n<h2><strong><b>Packa din cykel s\u00e4kert<\/b><\/strong><\/h2>\n<p><span style=\"font-weight: 400;\">De flesta flygbolag kr\u00e4ver att cyklar \u00e4r packade i cykeltransportv\u00e4skor f\u00f6r att kunna tas ombord. H\u00e5rda cykeltransportv\u00e4skor erbjuder b\u00e4sta m\u00f6jliga skydd men \u00e4r kostsamma, tunga och tar upp utrymme medans de mjuka \u00e4r billigare, l\u00e4tta i vikt och erbjuder fortfarande gott skydd. V\u00e4lj det alternativ som passar din budget och hur ofta du flyger. Du kan alltid v\u00e4lja gratisalternativet kartong.\u00a0<\/span><\/p>\n<h2><strong><b>V\u00e4lj r\u00e4tt typ av f\u00f6rs\u00e4kring<\/b><\/strong><\/h2>\n<p><span style=\"font-weight: 400;\">Resef\u00f6rs\u00e4kring kan bli n\u00e5got knepig n\u00e4r det g\u00e4ller cykling. Du b\u00f6r alltid l\u00e4sa det finstilta. Ibland ing\u00e5r cykling inom resef\u00f6rs\u00e4kringen, men exkluderar t\u00e4vlingar. Definitionen av en t\u00e4vling \u00e4r varje organiserad h\u00e4ndelse d\u00e4r du f\u00e5r en sluttid, vilket skulle hindra dig fr\u00e5n att delta i stort sett alla stora europeiska sportevenemang. Kontrollera \u00e4ven om det finns n\u00e5gra restriktioner f\u00f6r t\u00e4vlingarnas distanser. Om du st\u00e4ller upp i ett l\u00e5nglopp, hj\u00e4lper det dig inte att vara f\u00f6rs\u00e4krad f\u00f6r ett sprintlopp.<\/span><\/p>\n<figure id=\"attachment_160927\" aria-describedby=\"caption-attachment-160927\" style=\"width: 1250px\" class=\"wp-caption alignnone\"><a href=\"https:\/\/d2p6e6u75xmxt8.cloudfront.net\/9\/2017\/11\/profimedia-0254556310.jpg\"><img loading=\"lazy\" decoding=\"async\" class=\"wp-image-50 size-full\" src=\"https:\/\/d2p6e6u75xmxt8.cloudfront.net\/9\/2017\/11\/profimedia-0254556310.jpg\" alt=\"\" width=\"1250\" height=\"703\" srcset=\"https:\/\/d2p6e6u75xmxt8.cloudfront.net\/9\/2017\/11\/profimedia-0254556310.jpg 1250w, https:\/\/d2p6e6u75xmxt8.cloudfront.net\/9\/2017\/11\/profimedia-0254556310-300x169.jpg 300w, https:\/\/d2p6e6u75xmxt8.cloudfront.net\/9\/2017\/11\/profimedia-0254556310-768x432.jpg 768w, https:\/\/d2p6e6u75xmxt8.cloudfront.net\/9\/2017\/11\/profimedia-0254556310-1024x576.jpg 1024w\" sizes=\"auto, (max-width: 1250px) 100vw, 1250px\" \/><\/a><figcaption id=\"caption-attachment-160927\" class=\"wp-caption-text\">Reglerna f\u00f6r att ta med din cykel p\u00e5 flyget varierar mellan olika flygbolag<\/figcaption><\/figure>\n<h2><strong><b>Unders\u00f6k eventuella skador p\u00e5 din cykel<\/b><\/strong><\/h2>\n<p><span style=\"font-weight: 400;\">Se till att du noggrant g\u00e5r igenom din cykel innan den g\u00e5r genom tullen. Flygbolagets ansvar kan begr\u00e4nsas om du inte g\u00f6r det. Var ocks\u00e5 noga med att f\u00e5 en skriftlig bekr\u00e4ftelse p\u00e5 eventuella skador fr\u00e5n bagagehanterare. Vissa flygbolag ger dig 4 dagar att rapportera eventuella problem, men det \u00e4r b\u00e4ttre att ta det s\u00e4kra f\u00f6re det os\u00e4kra.<\/span><\/p>\n\n<h2><strong><b>Posta din cykel ist\u00e4llet<\/b><\/strong><\/h2>\n<p><span style=\"font-weight: 400;\">Om du flyger med ett dyrare flygbolag kan det vara b\u00e4ttre att posta din cykel separat. Fraktkostnader varierar men b\u00f6r ligga under 700 kr i Europa. Tj\u00e4nster som Parcel Hero eller Bag Solo \u00e4r n\u00e5gra av de bra alternativen att v\u00e4lja mellan. <\/span><\/p>\n","protected":false},"excerpt":{"rendered":"<p>S\u00e5 du har best\u00e4mt dig f\u00f6r att ta med cykeln p\u00e5 semestern eller flyga till t\u00e4vlingen du alltid dr\u00f6mt om. [&hellip;]<\/p>\n","protected":false},"author":53,"featured_media":52,"comment_status":"open","ping_status":"open","sticky":false,"template":"","format":"standard","meta":{"footnotes":""},"categories":[15,16],"tags":[18,17],"global-categories":[],"class_list":["post-49","post","type-post","status-publish","format-standard","has-post-thumbnail","hentry","category-resa","category-tips","tag-flygplan","tag-resa"],"yoast_head":"<!-- This site is optimized with the Yoast SEO Premium plugin v25.3 (Yoast SEO v25.9) - https:\/\/yoast.com\/wordpress\/plugins\/seo\/ -->\n<title>5 tips f\u00f6r att ta med din cykel p\u00e5 planet - \u0160koda - We Love Cycling - Sweden<\/title>\n<meta name=\"robots\" content=\"index, follow, max-snippet:-1, max-image-preview:large, max-video-preview:-1\" \/>\n<link rel=\"canonical\" href=\"https:\/\/www.welovecycling.com\/se\/2017\/11\/23\/5-tips-att-ta-med-din-cykel-pa-planet\/\" \/>\n<meta property=\"og:locale\" content=\"sv_SE\" \/>\n<meta property=\"og:type\" content=\"article\" \/>\n<meta property=\"og:title\" content=\"5 tips f\u00f6r att ta med din cykel p\u00e5 planet\" \/>\n<meta property=\"og:description\" content=\"S\u00e5 du har best\u00e4mt dig f\u00f6r att ta med cykeln p\u00e5 semestern eller flyga till t\u00e4vlingen du alltid dr\u00f6mt om. [&hellip;]\" \/>\n<meta property=\"og:url\" content=\"https:\/\/www.welovecycling.com\/se\/2017\/11\/23\/5-tips-att-ta-med-din-cykel-pa-planet\/\" \/>\n<meta property=\"og:site_name\" content=\"\u0160koda - We Love Cycling - Sweden\" \/>\n<meta property=\"article:published_time\" content=\"2017-11-23T09:10:49+00:00\" \/>\n<meta property=\"article:modified_time\" content=\"2017-11-25T11:15:19+00:00\" \/>\n<meta property=\"og:image\" content=\"https:\/\/d2p6e6u75xmxt8.cloudfront.net\/9\/2017\/11\/profimedia-0050524242jpg.jpg\" \/>\n\t<meta property=\"og:image:width\" content=\"1375\" \/>\n\t<meta property=\"og:image:height\" content=\"600\" \/>\n\t<meta property=\"og:image:type\" content=\"image\/jpeg\" \/>\n<meta name=\"author\" content=\"Erik Gustafsson\" \/>\n<meta name=\"twitter:card\" content=\"summary_large_image\" \/>\n<meta name=\"twitter:label1\" content=\"Written by\" \/>\n\t<meta name=\"twitter:data1\" content=\"Jiri Kaloc\" \/>\n\t<meta name=\"twitter:label2\" content=\"Est. reading time\" \/>\n\t<meta name=\"twitter:data2\" content=\"3 minutes\" \/>\n<script type=\"application\/ld+json\" class=\"yoast-schema-graph\">{\"@context\":\"https:\/\/schema.org\",\"@graph\":[{\"@type\":\"WebPage\",\"@id\":\"https:\/\/www.welovecycling.com\/se\/2017\/11\/23\/5-tips-att-ta-med-din-cykel-pa-planet\/\",\"url\":\"https:\/\/www.welovecycling.com\/se\/2017\/11\/23\/5-tips-att-ta-med-din-cykel-pa-planet\/\",\"name\":\"5 tips f\u00f6r att ta med din cykel p\u00e5 planet - \u0160koda - We Love Cycling - Sweden\",\"isPartOf\":{\"@id\":\"https:\/\/www.welovecycling.com\/se\/#website\"},\"primaryImageOfPage\":{\"@id\":\"https:\/\/www.welovecycling.com\/se\/2017\/11\/23\/5-tips-att-ta-med-din-cykel-pa-planet\/#primaryimage\"},\"image\":{\"@id\":\"https:\/\/www.welovecycling.com\/se\/2017\/11\/23\/5-tips-att-ta-med-din-cykel-pa-planet\/#primaryimage\"},\"thumbnailUrl\":\"https:\/\/d2p6e6u75xmxt8.cloudfront.net\/9\/2017\/11\/profimedia-0050524242jpg.jpg\",\"datePublished\":\"2017-11-23T09:10:49+00:00\",\"dateModified\":\"2017-11-25T11:15:19+00:00\",\"author\":{\"@id\":\"https:\/\/www.welovecycling.com\/se\/#\/schema\/person\/8f0cc3de43d64a5012d5b3c08488d14e\"},\"breadcrumb\":{\"@id\":\"https:\/\/www.welovecycling.com\/se\/2017\/11\/23\/5-tips-att-ta-med-din-cykel-pa-planet\/#breadcrumb\"},\"inLanguage\":\"sv-SE\",\"potentialAction\":[{\"@type\":\"ReadAction\",\"target\":[\"https:\/\/www.welovecycling.com\/se\/2017\/11\/23\/5-tips-att-ta-med-din-cykel-pa-planet\/\"]}]},{\"@type\":\"ImageObject\",\"inLanguage\":\"sv-SE\",\"@id\":\"https:\/\/www.welovecycling.com\/se\/2017\/11\/23\/5-tips-att-ta-med-din-cykel-pa-planet\/#primaryimage\",\"url\":\"https:\/\/d2p6e6u75xmxt8.cloudfront.net\/9\/2017\/11\/profimedia-0050524242jpg.jpg\",\"contentUrl\":\"https:\/\/d2p6e6u75xmxt8.cloudfront.net\/9\/2017\/11\/profimedia-0050524242jpg.jpg\",\"width\":1375,\"height\":600},{\"@type\":\"BreadcrumbList\",\"@id\":\"https:\/\/www.welovecycling.com\/se\/2017\/11\/23\/5-tips-att-ta-med-din-cykel-pa-planet\/#breadcrumb\",\"itemListElement\":[{\"@type\":\"ListItem\",\"position\":1,\"name\":\"Home\",\"item\":\"https:\/\/www.welovecycling.com\/se\/\"},{\"@type\":\"ListItem\",\"position\":2,\"name\":\"5 tips f\u00f6r att ta med din cykel p\u00e5 planet\"}]},{\"@type\":\"WebSite\",\"@id\":\"https:\/\/www.welovecycling.com\/se\/#website\",\"url\":\"https:\/\/www.welovecycling.com\/se\/\",\"name\":\"\u0160koda - We Love Cycling - Sweden\",\"description\":\"\u0160koda We Love Cycling - Sweden\",\"potentialAction\":[{\"@type\":\"SearchAction\",\"target\":{\"@type\":\"EntryPoint\",\"urlTemplate\":\"https:\/\/www.welovecycling.com\/se\/?s={search_term_string}\"},\"query-input\":{\"@type\":\"PropertyValueSpecification\",\"valueRequired\":true,\"valueName\":\"search_term_string\"}}],\"inLanguage\":\"sv-SE\"},{\"@type\":\"Person\",\"@id\":\"https:\/\/www.welovecycling.com\/se\/#\/schema\/person\/8f0cc3de43d64a5012d5b3c08488d14e\",\"name\":\"Erik Gustafsson\",\"image\":{\"@type\":\"ImageObject\",\"inLanguage\":\"sv-SE\",\"@id\":\"https:\/\/www.welovecycling.com\/se\/#\/schema\/person\/image\/\",\"url\":\"https:\/\/secure.gravatar.com\/avatar\/2e023b4a4d6bb21669866895d82623f61418c7c04fbd5e7d97c9eeee5e279e27?s=96&d=mm&r=g\",\"contentUrl\":\"https:\/\/secure.gravatar.com\/avatar\/2e023b4a4d6bb21669866895d82623f61418c7c04fbd5e7d97c9eeee5e279e27?s=96&d=mm&r=g\",\"caption\":\"Erik Gustafsson\"},\"url\":\"https:\/\/www.welovecycling.com\/se\/author\/erikgustafsson\/\"}]}<\/script>\n<!-- \/ Yoast SEO Premium plugin. -->","yoast_head_json":{"title":"5 tips f\u00f6r att ta med din cykel p\u00e5 planet - \u0160koda - We Love Cycling - Sweden","robots":{"index":"index","follow":"follow","max-snippet":"max-snippet:-1","max-image-preview":"max-image-preview:large","max-video-preview":"max-video-preview:-1"},"canonical":"https:\/\/www.welovecycling.com\/se\/2017\/11\/23\/5-tips-att-ta-med-din-cykel-pa-planet\/","og_locale":"sv_SE","og_type":"article","og_title":"5 tips f\u00f6r att ta med din cykel p\u00e5 planet","og_description":"S\u00e5 du har best\u00e4mt dig f\u00f6r att ta med cykeln p\u00e5 semestern eller flyga till t\u00e4vlingen du alltid dr\u00f6mt om. [&hellip;]","og_url":"https:\/\/www.welovecycling.com\/se\/2017\/11\/23\/5-tips-att-ta-med-din-cykel-pa-planet\/","og_site_name":"\u0160koda - We Love Cycling - Sweden","article_published_time":"2017-11-23T09:10:49+00:00","article_modified_time":"2017-11-25T11:15:19+00:00","og_image":[{"width":1375,"height":600,"url":"https:\/\/d2p6e6u75xmxt8.cloudfront.net\/9\/2017\/11\/profimedia-0050524242jpg.jpg","type":"image\/jpeg"}],"author":"Erik Gustafsson","twitter_card":"summary_large_image","twitter_misc":{"Written by":"Jiri Kaloc","Est. reading time":"3 minutes"},"schema":{"@context":"https:\/\/schema.org","@graph":[{"@type":"WebPage","@id":"https:\/\/www.welovecycling.com\/se\/2017\/11\/23\/5-tips-att-ta-med-din-cykel-pa-planet\/","url":"https:\/\/www.welovecycling.com\/se\/2017\/11\/23\/5-tips-att-ta-med-din-cykel-pa-planet\/","name":"5 tips f\u00f6r att ta med din cykel p\u00e5 planet - \u0160koda - We Love Cycling - Sweden","isPartOf":{"@id":"https:\/\/www.welovecycling.com\/se\/#website"},"primaryImageOfPage":{"@id":"https:\/\/www.welovecycling.com\/se\/2017\/11\/23\/5-tips-att-ta-med-din-cykel-pa-planet\/#primaryimage"},"image":{"@id":"https:\/\/www.welovecycling.com\/se\/2017\/11\/23\/5-tips-att-ta-med-din-cykel-pa-planet\/#primaryimage"},"thumbnailUrl":"https:\/\/d2p6e6u75xmxt8.cloudfront.net\/9\/2017\/11\/profimedia-0050524242jpg.jpg","datePublished":"2017-11-23T09:10:49+00:00","dateModified":"2017-11-25T11:15:19+00:00","author":{"@id":"https:\/\/www.welovecycling.com\/se\/#\/schema\/person\/8f0cc3de43d64a5012d5b3c08488d14e"},"breadcrumb":{"@id":"https:\/\/www.welovecycling.com\/se\/2017\/11\/23\/5-tips-att-ta-med-din-cykel-pa-planet\/#breadcrumb"},"inLanguage":"sv-SE","potentialAction":[{"@type":"ReadAction","target":["https:\/\/www.welovecycling.com\/se\/2017\/11\/23\/5-tips-att-ta-med-din-cykel-pa-planet\/"]}]},{"@type":"ImageObject","inLanguage":"sv-SE","@id":"https:\/\/www.welovecycling.com\/se\/2017\/11\/23\/5-tips-att-ta-med-din-cykel-pa-planet\/#primaryimage","url":"https:\/\/d2p6e6u75xmxt8.cloudfront.net\/9\/2017\/11\/profimedia-0050524242jpg.jpg","contentUrl":"https:\/\/d2p6e6u75xmxt8.cloudfront.net\/9\/2017\/11\/profimedia-0050524242jpg.jpg","width":1375,"height":600},{"@type":"BreadcrumbList","@id":"https:\/\/www.welovecycling.com\/se\/2017\/11\/23\/5-tips-att-ta-med-din-cykel-pa-planet\/#breadcrumb","itemListElement":[{"@type":"ListItem","position":1,"name":"Home","item":"https:\/\/www.welovecycling.com\/se\/"},{"@type":"ListItem","position":2,"name":"5 tips f\u00f6r att ta med din cykel p\u00e5 planet"}]},{"@type":"WebSite","@id":"https:\/\/www.welovecycling.com\/se\/#website","url":"https:\/\/www.welovecycling.com\/se\/","name":"\u0160koda - We Love Cycling - Sweden","description":"\u0160koda We Love Cycling - Sweden","potentialAction":[{"@type":"SearchAction","target":{"@type":"EntryPoint","urlTemplate":"https:\/\/www.welovecycling.com\/se\/?s={search_term_string}"},"query-input":{"@type":"PropertyValueSpecification","valueRequired":true,"valueName":"search_term_string"}}],"inLanguage":"sv-SE"},{"@type":"Person","@id":"https:\/\/www.welovecycling.com\/se\/#\/schema\/person\/8f0cc3de43d64a5012d5b3c08488d14e","name":"Erik Gustafsson","image":{"@type":"ImageObject","inLanguage":"sv-SE","@id":"https:\/\/www.welovecycling.com\/se\/#\/schema\/person\/image\/","url":"https:\/\/secure.gravatar.com\/avatar\/2e023b4a4d6bb21669866895d82623f61418c7c04fbd5e7d97c9eeee5e279e27?s=96&d=mm&r=g","contentUrl":"https:\/\/secure.gravatar.com\/avatar\/2e023b4a4d6bb21669866895d82623f61418c7c04fbd5e7d97c9eeee5e279e27?s=96&d=mm&r=g","caption":"Erik Gustafsson"},"url":"https:\/\/www.welovecycling.com\/se\/author\/erikgustafsson\/"}]}},"_links":{"self":[{"href":"https:\/\/www.welovecycling.com\/se\/wp-json\/wp\/v2\/posts\/49","targetHints":{"allow":["GET"]}}],"collection":[{"href":"https:\/\/www.welovecycling.com\/se\/wp-json\/wp\/v2\/posts"}],"about":[{"href":"https:\/\/www.welovecycling.com\/se\/wp-json\/wp\/v2\/types\/post"}],"author":[{"embeddable":true,"href":"https:\/\/www.welovecycling.com\/se\/wp-json\/wp\/v2\/users\/53"}],"replies":[{"embeddable":true,"href":"https:\/\/www.welovecycling.com\/se\/wp-json\/wp\/v2\/comments?post=49"}],"version-history":[{"count":2,"href":"https:\/\/www.welovecycling.com\/se\/wp-json\/wp\/v2\/posts\/49\/revisions"}],"predecessor-version":[{"id":333,"href":"https:\/\/www.welovecycling.com\/se\/wp-json\/wp\/v2\/posts\/49\/revisions\/333"}],"wp:featuredmedia":[{"embeddable":true,"href":"https:\/\/www.welovecycling.com\/se\/wp-json\/wp\/v2\/media\/52"}],"wp:attachment":[{"href":"https:\/\/www.welovecycling.com\/se\/wp-json\/wp\/v2\/media?parent=49"}],"wp:term":[{"taxonomy":"category","embeddable":true,"href":"https:\/\/www.welovecycling.com\/se\/wp-json\/wp\/v2\/categories?post=49"},{"taxonomy":"post_tag","embeddable":true,"href":"https:\/\/www.welovecycling.com\/se\/wp-json\/wp\/v2\/tags?post=49"},{"taxonomy":"global-categories","embeddable":true,"href":"https:\/\/www.welovecycling.com\/se\/wp-json\/wp\/v2\/global-categories?post=49"}],"curies":[{"name":"wp","href":"https:\/\/api.w.org\/{rel}","templated":true}]}}