{"id":4864,"date":"2024-04-11T12:05:57","date_gmt":"2024-04-11T11:05:57","guid":{"rendered":"https:\/\/www.welovecycling.com\/se\/?p=4864"},"modified":"2024-04-11T12:05:57","modified_gmt":"2024-04-11T11:05:57","slug":"13-hills-firar-10-ar","status":"publish","type":"post","link":"https:\/\/www.welovecycling.com\/se\/2024\/04\/11\/13-hills-firar-10-ar\/","title":{"rendered":"13 Hills firar 10 \u00e5r"},"content":{"rendered":"<p style=\"font-weight: 400;\"><strong>Artikelserie: Svenska Cykellopp<\/strong><\/p>\n<p style=\"font-weight: 400;\"><strong>2015 skapades det utmanande loppet 13 Hills. Det var Marcus Carlholt i cykelklubben La Lepre Stanca i J\u00f6nk\u00f6ping som tillsammans med brittiska kl\u00e4dm\u00e4rket Rapha tog initiativet till ett unikt cykelevent som skulle komma att engagera den skandinaviska cykelpubliken. Loppet d\u00f6ptes till Rapha 12 Hills.<\/strong><\/p>\n<p style=\"font-weight: 400;\">J\u00f6nk\u00f6ping med sitt Sverige-unika landskap med korta h\u00e5rda backar utgjorde den perfekta arenan f\u00f6r utmanande cykling med fokus p\u00e5 cykelupplevelse och laganda. Uppl\u00e4gget var att t\u00e4vla i par om tv\u00e5 och den f\u00f6rsta rutten hade 12 backar, 150km och 2000 h\u00f6jdmeter.<\/p>\n<p style=\"font-weight: 400;\">F\u00f6rsta \u00e5ret var det 45 lag som tog sig an utmaningen. Snabbaste laget cyklade p\u00e5 4:15, och n\u00e4stan alla lag klarade maxtiden p\u00e5 7h. Arrang\u00f6rerna var mycket n\u00f6jda med debut\u00e5ret och planerade d\u00e4refter att skruva upp sv\u00e5righetsgraden p\u00e5 banorna. Som mest hade utmaningen 140 lag och under de f\u00f6rsta nio \u00e5ren har \u00f6ver 1200 cyklister, 600 lag, fr\u00e5n 6 l\u00e4nder, testat J\u00f6nk\u00f6pings sv\u00e5ra terr\u00e4ng i sol som regn. Efter 2018 steg Rapha av som sponsor varp\u00e5 utmaningen i st\u00e4llet fick namnet 13 Hills. 13 \u00e4r som bekant ett speciellt nummer i cykelsammanhang.<\/p>\n<figure id=\"attachment_4866\" aria-describedby=\"caption-attachment-4866\" style=\"width: 1024px\" class=\"wp-caption alignnone\"><a href=\"https:\/\/d2p6e6u75xmxt8.cloudfront.net\/9\/2024\/04\/13Hills2019_MarcusWCarlsson-41-scaled.webp\"><img loading=\"lazy\" decoding=\"async\" class=\"size-large wp-image-4866\" src=\"https:\/\/d2p6e6u75xmxt8.cloudfront.net\/9\/2024\/04\/13Hills2019_MarcusWCarlsson-41-1024x683.webp\" alt=\"\" width=\"1024\" height=\"683\" srcset=\"https:\/\/d2p6e6u75xmxt8.cloudfront.net\/9\/2024\/04\/13Hills2019_MarcusWCarlsson-41-1024x683.webp 1024w, https:\/\/d2p6e6u75xmxt8.cloudfront.net\/9\/2024\/04\/13Hills2019_MarcusWCarlsson-41-300x200.webp 300w, https:\/\/d2p6e6u75xmxt8.cloudfront.net\/9\/2024\/04\/13Hills2019_MarcusWCarlsson-41-768x513.webp 768w, https:\/\/d2p6e6u75xmxt8.cloudfront.net\/9\/2024\/04\/13Hills2019_MarcusWCarlsson-41-1536x1025.webp 1536w, https:\/\/d2p6e6u75xmxt8.cloudfront.net\/9\/2024\/04\/13Hills2019_MarcusWCarlsson-41-2048x1367.webp 2048w, https:\/\/d2p6e6u75xmxt8.cloudfront.net\/9\/2024\/04\/13Hills2019_MarcusWCarlsson-41-1920x1281.webp 1920w, https:\/\/d2p6e6u75xmxt8.cloudfront.net\/9\/2024\/04\/13Hills2019_MarcusWCarlsson-41-400x267.webp 400w, https:\/\/d2p6e6u75xmxt8.cloudfront.net\/9\/2024\/04\/13Hills2019_MarcusWCarlsson-41-272x182.webp 272w, https:\/\/d2p6e6u75xmxt8.cloudfront.net\/9\/2024\/04\/13Hills2019_MarcusWCarlsson-41-1920x1281.webp 1920w\" sizes=\"auto, (max-width: 1024px) 100vw, 1024px\" \/><\/a><figcaption id=\"caption-attachment-4866\" class=\"wp-caption-text\">Cykelprofilerna Daniel Rytz och Niclas Haslum fr\u00e5n Cykelwebbenpodden f\u00f6rs\u00f6ker se ober\u00f6rda ut.<\/figcaption><\/figure>\n<p style=\"font-weight: 400;\">Inf\u00f6r 10-\u00e5rs jubileumet s\u00e5 finns inte La Lepre Stanca l\u00e4ngre kvar som officiell cykelf\u00f6rening, vilket inte \u00e4r n\u00e5gra problem d\u00e5 utmaningen inte \u00e4r en t\u00e4vling. <em>\u201cDet \u00e4r viktigt f\u00f6r utmaningens anda att man cyklar i par, att vi inte timar och inte utseer n\u00e5gra vinnare. Detta \u00e4r tufft nog \u00e4nd\u00e5. De flesta tycker det \u00e4r det tuffaste man kan g\u00f6ra i cykelsverige, fr\u00e5nsett ultradistansloppen som Sverigetempot.\u201d<\/em> s\u00e4ger Marcus och l\u00e4gger till: <em>\u201cDet \u00e4r likt breveter och ultralopp helt fritt fr\u00e5n support, det \u00e4r viktigt att man inte sk\u00e4mmer bort cyklisterna.\u201d<\/em><\/p>\n<p>Hur g\u00f6r man d\u00e5 om man vill ta sig an denna utmaning? <em>\u201cUnder de f\u00f6rsta \u00e5ren gick det k\u00f6pa en plats till sj\u00e4lvkostnadspris, sedan \u00f6vergick vi till att man fick skicka en postal ans\u00f6kan men nu till jubileumet m\u00e5ste man bli inbjuden av mig\u201d s\u00e4ger Marcus.<\/em> Om man lyckas f\u00e5 en inbjudan s\u00e5 kanske man \u00e4ven f\u00e5r en jubileumsutmaning: <em>\u201cJa, f\u00f6r f\u00f6rsta g\u00e5ngen kommer vi inleda med en lag-prolog p\u00e5 fredagskv\u00e4llen, och under den vanliga utmaningen f\u00e5r man den fysiskt h\u00e5rdaste rundan hittills\u201d<\/em><\/p>\n<p style=\"font-weight: 400;\">\u00c5rets 13 Hills g\u00e5r 10:e augusti med prolog kv\u00e4llen innan.<\/p>\n","protected":false},"excerpt":{"rendered":"<p>Artikelserie: Svenska Cykellopp 2015 skapades det utmanande loppet 13 Hills. Det var Marcus Carlholt i cykelklubben La Lepre Stanca i [&hellip;]<\/p>\n","protected":false},"author":52,"featured_media":4865,"comment_status":"open","ping_status":"open","sticky":false,"template":"","format":"standard","meta":{"footnotes":""},"categories":[5],"tags":[100],"global-categories":[36],"class_list":["post-4864","post","type-post","status-publish","format-standard","has-post-thumbnail","hentry","category-nyheter","tag-svenska-cykellopp","global-categories-cycling"],"yoast_head":"<!-- This site is optimized with the Yoast SEO Premium plugin v25.3 (Yoast SEO v25.9) - https:\/\/yoast.com\/wordpress\/plugins\/seo\/ -->\n<title>13 Hills firar 10 \u00e5r - \u0160koda - We Love Cycling - Sweden<\/title>\n<meta name=\"robots\" content=\"index, follow, max-snippet:-1, max-image-preview:large, max-video-preview:-1\" \/>\n<link rel=\"canonical\" href=\"https:\/\/www.welovecycling.com\/se\/2024\/04\/11\/13-hills-firar-10-ar\/\" \/>\n<meta property=\"og:locale\" content=\"sv_SE\" \/>\n<meta property=\"og:type\" content=\"article\" \/>\n<meta property=\"og:title\" content=\"13 Hills firar 10 \u00e5r\" \/>\n<meta property=\"og:description\" content=\"Artikelserie: Svenska Cykellopp 2015 skapades det utmanande loppet 13 Hills. Det var Marcus Carlholt i cykelklubben La Lepre Stanca i [&hellip;]\" \/>\n<meta property=\"og:url\" content=\"https:\/\/www.welovecycling.com\/se\/2024\/04\/11\/13-hills-firar-10-ar\/\" \/>\n<meta property=\"og:site_name\" content=\"\u0160koda - We Love Cycling - Sweden\" \/>\n<meta property=\"article:published_time\" content=\"2024-04-11T11:05:57+00:00\" \/>\n<meta property=\"og:image\" content=\"https:\/\/d2p6e6u75xmxt8.cloudfront.net\/9\/2024\/04\/13Hills2019_MarcusWCarlsson-72-scaled.webp\" \/>\n\t<meta property=\"og:image:width\" content=\"2560\" \/>\n\t<meta property=\"og:image:height\" content=\"1708\" \/>\n\t<meta property=\"og:image:type\" content=\"image\/webp\" \/>\n<meta name=\"author\" content=\"erikleonsson\" \/>\n<meta name=\"twitter:card\" content=\"summary_large_image\" \/>\n<meta name=\"twitter:label1\" content=\"Written by\" \/>\n\t<meta name=\"twitter:data1\" content=\"erikleonsson\" \/>\n\t<meta name=\"twitter:label2\" content=\"Est. reading time\" \/>\n\t<meta name=\"twitter:data2\" content=\"2 minutes\" \/>\n<script type=\"application\/ld+json\" class=\"yoast-schema-graph\">{\"@context\":\"https:\/\/schema.org\",\"@graph\":[{\"@type\":\"WebPage\",\"@id\":\"https:\/\/www.welovecycling.com\/se\/2024\/04\/11\/13-hills-firar-10-ar\/\",\"url\":\"https:\/\/www.welovecycling.com\/se\/2024\/04\/11\/13-hills-firar-10-ar\/\",\"name\":\"13 Hills firar 10 \u00e5r - \u0160koda - We Love Cycling - Sweden\",\"isPartOf\":{\"@id\":\"https:\/\/www.welovecycling.com\/se\/#website\"},\"primaryImageOfPage\":{\"@id\":\"https:\/\/www.welovecycling.com\/se\/2024\/04\/11\/13-hills-firar-10-ar\/#primaryimage\"},\"image\":{\"@id\":\"https:\/\/www.welovecycling.com\/se\/2024\/04\/11\/13-hills-firar-10-ar\/#primaryimage\"},\"thumbnailUrl\":\"https:\/\/d2p6e6u75xmxt8.cloudfront.net\/9\/2024\/04\/13Hills2019_MarcusWCarlsson-72-scaled.webp\",\"datePublished\":\"2024-04-11T11:05:57+00:00\",\"author\":{\"@id\":\"https:\/\/www.welovecycling.com\/se\/#\/schema\/person\/037f34ad5d6e77accab8a3eff6ad7a0c\"},\"breadcrumb\":{\"@id\":\"https:\/\/www.welovecycling.com\/se\/2024\/04\/11\/13-hills-firar-10-ar\/#breadcrumb\"},\"inLanguage\":\"sv-SE\",\"potentialAction\":[{\"@type\":\"ReadAction\",\"target\":[\"https:\/\/www.welovecycling.com\/se\/2024\/04\/11\/13-hills-firar-10-ar\/\"]}]},{\"@type\":\"ImageObject\",\"inLanguage\":\"sv-SE\",\"@id\":\"https:\/\/www.welovecycling.com\/se\/2024\/04\/11\/13-hills-firar-10-ar\/#primaryimage\",\"url\":\"https:\/\/d2p6e6u75xmxt8.cloudfront.net\/9\/2024\/04\/13Hills2019_MarcusWCarlsson-72-scaled.webp\",\"contentUrl\":\"https:\/\/d2p6e6u75xmxt8.cloudfront.net\/9\/2024\/04\/13Hills2019_MarcusWCarlsson-72-scaled.webp\",\"width\":2560,\"height\":1708},{\"@type\":\"BreadcrumbList\",\"@id\":\"https:\/\/www.welovecycling.com\/se\/2024\/04\/11\/13-hills-firar-10-ar\/#breadcrumb\",\"itemListElement\":[{\"@type\":\"ListItem\",\"position\":1,\"name\":\"Home\",\"item\":\"https:\/\/www.welovecycling.com\/se\/\"},{\"@type\":\"ListItem\",\"position\":2,\"name\":\"13 Hills firar 10 \u00e5r\"}]},{\"@type\":\"WebSite\",\"@id\":\"https:\/\/www.welovecycling.com\/se\/#website\",\"url\":\"https:\/\/www.welovecycling.com\/se\/\",\"name\":\"\u0160koda - We Love Cycling - Sweden\",\"description\":\"\u0160koda We Love Cycling - Sweden\",\"potentialAction\":[{\"@type\":\"SearchAction\",\"target\":{\"@type\":\"EntryPoint\",\"urlTemplate\":\"https:\/\/www.welovecycling.com\/se\/?s={search_term_string}\"},\"query-input\":{\"@type\":\"PropertyValueSpecification\",\"valueRequired\":true,\"valueName\":\"search_term_string\"}}],\"inLanguage\":\"sv-SE\"},{\"@type\":\"Person\",\"@id\":\"https:\/\/www.welovecycling.com\/se\/#\/schema\/person\/037f34ad5d6e77accab8a3eff6ad7a0c\",\"name\":\"erikleonsson\",\"image\":{\"@type\":\"ImageObject\",\"inLanguage\":\"sv-SE\",\"@id\":\"https:\/\/www.welovecycling.com\/se\/#\/schema\/person\/image\/\",\"url\":\"https:\/\/secure.gravatar.com\/avatar\/788a593b0a657d6864c271709722f9cd586caa5a645e77f71fe625396b02677c?s=96&d=mm&r=g\",\"contentUrl\":\"https:\/\/secure.gravatar.com\/avatar\/788a593b0a657d6864c271709722f9cd586caa5a645e77f71fe625396b02677c?s=96&d=mm&r=g\",\"caption\":\"erikleonsson\"},\"url\":\"https:\/\/www.welovecycling.com\/se\/author\/erikleonsson\/\"}]}<\/script>\n<!-- \/ Yoast SEO Premium plugin. -->","yoast_head_json":{"title":"13 Hills firar 10 \u00e5r - \u0160koda - We Love Cycling - Sweden","robots":{"index":"index","follow":"follow","max-snippet":"max-snippet:-1","max-image-preview":"max-image-preview:large","max-video-preview":"max-video-preview:-1"},"canonical":"https:\/\/www.welovecycling.com\/se\/2024\/04\/11\/13-hills-firar-10-ar\/","og_locale":"sv_SE","og_type":"article","og_title":"13 Hills firar 10 \u00e5r","og_description":"Artikelserie: Svenska Cykellopp 2015 skapades det utmanande loppet 13 Hills. Det var Marcus Carlholt i cykelklubben La Lepre Stanca i [&hellip;]","og_url":"https:\/\/www.welovecycling.com\/se\/2024\/04\/11\/13-hills-firar-10-ar\/","og_site_name":"\u0160koda - We Love Cycling - Sweden","article_published_time":"2024-04-11T11:05:57+00:00","og_image":[{"width":2560,"height":1708,"url":"https:\/\/d2p6e6u75xmxt8.cloudfront.net\/9\/2024\/04\/13Hills2019_MarcusWCarlsson-72-scaled.webp","type":"image\/webp"}],"author":"erikleonsson","twitter_card":"summary_large_image","twitter_misc":{"Written by":"erikleonsson","Est. reading time":"2 minutes"},"schema":{"@context":"https:\/\/schema.org","@graph":[{"@type":"WebPage","@id":"https:\/\/www.welovecycling.com\/se\/2024\/04\/11\/13-hills-firar-10-ar\/","url":"https:\/\/www.welovecycling.com\/se\/2024\/04\/11\/13-hills-firar-10-ar\/","name":"13 Hills firar 10 \u00e5r - \u0160koda - We Love Cycling - Sweden","isPartOf":{"@id":"https:\/\/www.welovecycling.com\/se\/#website"},"primaryImageOfPage":{"@id":"https:\/\/www.welovecycling.com\/se\/2024\/04\/11\/13-hills-firar-10-ar\/#primaryimage"},"image":{"@id":"https:\/\/www.welovecycling.com\/se\/2024\/04\/11\/13-hills-firar-10-ar\/#primaryimage"},"thumbnailUrl":"https:\/\/d2p6e6u75xmxt8.cloudfront.net\/9\/2024\/04\/13Hills2019_MarcusWCarlsson-72-scaled.webp","datePublished":"2024-04-11T11:05:57+00:00","author":{"@id":"https:\/\/www.welovecycling.com\/se\/#\/schema\/person\/037f34ad5d6e77accab8a3eff6ad7a0c"},"breadcrumb":{"@id":"https:\/\/www.welovecycling.com\/se\/2024\/04\/11\/13-hills-firar-10-ar\/#breadcrumb"},"inLanguage":"sv-SE","potentialAction":[{"@type":"ReadAction","target":["https:\/\/www.welovecycling.com\/se\/2024\/04\/11\/13-hills-firar-10-ar\/"]}]},{"@type":"ImageObject","inLanguage":"sv-SE","@id":"https:\/\/www.welovecycling.com\/se\/2024\/04\/11\/13-hills-firar-10-ar\/#primaryimage","url":"https:\/\/d2p6e6u75xmxt8.cloudfront.net\/9\/2024\/04\/13Hills2019_MarcusWCarlsson-72-scaled.webp","contentUrl":"https:\/\/d2p6e6u75xmxt8.cloudfront.net\/9\/2024\/04\/13Hills2019_MarcusWCarlsson-72-scaled.webp","width":2560,"height":1708},{"@type":"BreadcrumbList","@id":"https:\/\/www.welovecycling.com\/se\/2024\/04\/11\/13-hills-firar-10-ar\/#breadcrumb","itemListElement":[{"@type":"ListItem","position":1,"name":"Home","item":"https:\/\/www.welovecycling.com\/se\/"},{"@type":"ListItem","position":2,"name":"13 Hills firar 10 \u00e5r"}]},{"@type":"WebSite","@id":"https:\/\/www.welovecycling.com\/se\/#website","url":"https:\/\/www.welovecycling.com\/se\/","name":"\u0160koda - We Love Cycling - Sweden","description":"\u0160koda We Love Cycling - Sweden","potentialAction":[{"@type":"SearchAction","target":{"@type":"EntryPoint","urlTemplate":"https:\/\/www.welovecycling.com\/se\/?s={search_term_string}"},"query-input":{"@type":"PropertyValueSpecification","valueRequired":true,"valueName":"search_term_string"}}],"inLanguage":"sv-SE"},{"@type":"Person","@id":"https:\/\/www.welovecycling.com\/se\/#\/schema\/person\/037f34ad5d6e77accab8a3eff6ad7a0c","name":"erikleonsson","image":{"@type":"ImageObject","inLanguage":"sv-SE","@id":"https:\/\/www.welovecycling.com\/se\/#\/schema\/person\/image\/","url":"https:\/\/secure.gravatar.com\/avatar\/788a593b0a657d6864c271709722f9cd586caa5a645e77f71fe625396b02677c?s=96&d=mm&r=g","contentUrl":"https:\/\/secure.gravatar.com\/avatar\/788a593b0a657d6864c271709722f9cd586caa5a645e77f71fe625396b02677c?s=96&d=mm&r=g","caption":"erikleonsson"},"url":"https:\/\/www.welovecycling.com\/se\/author\/erikleonsson\/"}]}},"_links":{"self":[{"href":"https:\/\/www.welovecycling.com\/se\/wp-json\/wp\/v2\/posts\/4864","targetHints":{"allow":["GET"]}}],"collection":[{"href":"https:\/\/www.welovecycling.com\/se\/wp-json\/wp\/v2\/posts"}],"about":[{"href":"https:\/\/www.welovecycling.com\/se\/wp-json\/wp\/v2\/types\/post"}],"author":[{"embeddable":true,"href":"https:\/\/www.welovecycling.com\/se\/wp-json\/wp\/v2\/users\/52"}],"replies":[{"embeddable":true,"href":"https:\/\/www.welovecycling.com\/se\/wp-json\/wp\/v2\/comments?post=4864"}],"version-history":[{"count":1,"href":"https:\/\/www.welovecycling.com\/se\/wp-json\/wp\/v2\/posts\/4864\/revisions"}],"predecessor-version":[{"id":4867,"href":"https:\/\/www.welovecycling.com\/se\/wp-json\/wp\/v2\/posts\/4864\/revisions\/4867"}],"wp:featuredmedia":[{"embeddable":true,"href":"https:\/\/www.welovecycling.com\/se\/wp-json\/wp\/v2\/media\/4865"}],"wp:attachment":[{"href":"https:\/\/www.welovecycling.com\/se\/wp-json\/wp\/v2\/media?parent=4864"}],"wp:term":[{"taxonomy":"category","embeddable":true,"href":"https:\/\/www.welovecycling.com\/se\/wp-json\/wp\/v2\/categories?post=4864"},{"taxonomy":"post_tag","embeddable":true,"href":"https:\/\/www.welovecycling.com\/se\/wp-json\/wp\/v2\/tags?post=4864"},{"taxonomy":"global-categories","embeddable":true,"href":"https:\/\/www.welovecycling.com\/se\/wp-json\/wp\/v2\/global-categories?post=4864"}],"curies":[{"name":"wp","href":"https:\/\/api.w.org\/{rel}","templated":true}]}}