{"id":4844,"date":"2024-04-02T12:47:20","date_gmt":"2024-04-02T11:47:20","guid":{"rendered":"https:\/\/www.welovecycling.com\/se\/?p=4844"},"modified":"2024-04-04T10:42:18","modified_gmt":"2024-04-04T09:42:18","slug":"skoda-fortsatter-sponsorskapet-av-tour-de-france","status":"publish","type":"post","link":"https:\/\/www.welovecycling.com\/se\/2024\/04\/02\/skoda-fortsatter-sponsorskapet-av-tour-de-france\/","title":{"rendered":"\u0160koda forts\u00e4tter sponsorskapet av Tour de France"},"content":{"rendered":"<p style=\"font-weight: 400;\"><strong>\u0160koda forts\u00e4tter sin resa med Tour de France genom att f\u00f6rl\u00e4nga sponsoravtalet till 2028. Detta f\u00f6rst\u00e4rker ytterligare \u0160kodas partnerskap med Amaury Sport Organisation (A.S.O.) eftersom det omfattande fyra\u00e5riga avtalet \u00e4ven inkluderar Tour de France Femmes avec Zwift, La Vuelta a Espa\u00f1a, La Fl\u00e8che Wallonne och Li\u00e8ge-Bastogne-Li\u00e8ge, samt andra internationella cykelh\u00e4ndelser, fem av dem frist\u00e5ende kvinnolopp.<\/strong><\/p>\n<p style=\"font-weight: 400;\"><!--more--><\/p>\n<p>Det l\u00e5ngvariga partnerskapet mellan \u0160koda och A.S.O. b\u00f6rjade f\u00f6r tv\u00e5 decennier sedan, \u00e5r 2004, men historien om sporten och biltillverkaren har varit sammanv\u00e4vd under mycket l\u00e4ngre tid. <em>&#8221;\u201cWe started as a bicycle company almost 130 years ago, and cycling today is a passion for many of the everyday explorers who are our customers,&#8221;<\/em> noterar Klaus Zellmer, VD f\u00f6r \u0160koda. <em>&#8221;Supporting the cycling mission of the world\u2019s preeminent race organiser A.S.O. is an honour and privilege for us at \u0160koda&#8221;. <\/em>Det \u00e4r v\u00e4rt att notera att biltillverkaren ocks\u00e5 har sponsrat Tour de France gr\u00f6na tr\u00f6jan, det eftertraktade priset f\u00f6r spurtare, sedan 2015, vilket nu otvetydigt \u00e4r f\u00f6rknippat med \u0160koda hos alla landsv\u00e4gscykelfans.<\/p>\n<p>Dessutom finns en viktig punkt i det nya avtalet: partnerskapet inneb\u00e4r inledningen p\u00e5 en gr\u00f6nare era f\u00f6r cykelt\u00e4vlingar, d\u00e4r \u0160koda lovar upp till 250 helt eldrivna och laddhybrida fordon till A.S.O:s evenemangsarrang\u00f6rer, fr\u00e5n ikoniska Enyaq till klassiska Superb. Biltillverkaren \u00e4r engagerad i elektrifieringen av hela fordonsparken i h\u00e5llbarhetens namn, vilket g\u00e5r hand i hand med cykelsportens etos. <em>\u201cBy continuing our trustful partnership with A.S.O. and the Tour de France, \u0160koda Auto reaffirms its strong connection to cycling and its fans worldwide,&#8221;<\/em> kommenterade Martin Jahn, \u0160kodas styrelseledamot f\u00f6r f\u00f6rs\u00e4ljning och marknadsf\u00f6ring.<\/p>\n<p>\u0160kodas digitala fotavtryck n\u00e4r det g\u00e4ller cykling \u00e4r imponerande. Biltillverkaren st\u00f6der ocks\u00e5 apparna f\u00f6r Tour de France, Tour de France Femmes avec Zwift och La Vuelta, som ger realtidsuppdateringar av loppet, dagliga h\u00f6jdpunkter och ber\u00e4ttelser om evenemangens historia till cykelfansen.<\/p>\n<p><a href=\"https:\/\/d2p6e6u75xmxt8.cloudfront.net\/9\/2022\/07\/Enyaq-tdf-4-16-9-scaled.jpg\"><img loading=\"lazy\" decoding=\"async\" class=\"alignnone size-large wp-image-4530\" src=\"https:\/\/d2p6e6u75xmxt8.cloudfront.net\/9\/2022\/07\/Enyaq-tdf-4-16-9-1024x576.jpg\" alt=\"\" width=\"1024\" height=\"576\" srcset=\"https:\/\/d2p6e6u75xmxt8.cloudfront.net\/9\/2022\/07\/Enyaq-tdf-4-16-9-1024x576.jpg 1024w, https:\/\/d2p6e6u75xmxt8.cloudfront.net\/9\/2022\/07\/Enyaq-tdf-4-16-9-300x169.jpg 300w, https:\/\/d2p6e6u75xmxt8.cloudfront.net\/9\/2022\/07\/Enyaq-tdf-4-16-9-768x432.jpg 768w\" sizes=\"auto, (max-width: 1024px) 100vw, 1024px\" \/><\/a><\/p>\n<p>&nbsp;<\/p>\n","protected":false},"excerpt":{"rendered":"<p>\u0160koda forts\u00e4tter sin resa med Tour de France genom att f\u00f6rl\u00e4nga sponsoravtalet till 2028. Detta f\u00f6rst\u00e4rker ytterligare \u0160kodas partnerskap med [&hellip;]<\/p>\n","protected":false},"author":52,"featured_media":4846,"comment_status":"open","ping_status":"open","sticky":false,"template":"","format":"standard","meta":{"footnotes":""},"categories":[5],"tags":[],"global-categories":[],"class_list":["post-4844","post","type-post","status-publish","format-standard","has-post-thumbnail","hentry","category-nyheter"],"yoast_head":"<!-- This site is optimized with the Yoast SEO Premium plugin v25.3 (Yoast SEO v25.9) - https:\/\/yoast.com\/wordpress\/plugins\/seo\/ -->\n<title>\u0160koda forts\u00e4tter sponsorskapet av Tour de France - \u0160koda - We Love Cycling - Sweden<\/title>\n<meta name=\"robots\" content=\"index, follow, max-snippet:-1, max-image-preview:large, max-video-preview:-1\" \/>\n<link rel=\"canonical\" href=\"https:\/\/www.welovecycling.com\/se\/2024\/04\/02\/skoda-fortsatter-sponsorskapet-av-tour-de-france\/\" \/>\n<meta property=\"og:locale\" content=\"sv_SE\" \/>\n<meta property=\"og:type\" content=\"article\" \/>\n<meta property=\"og:title\" content=\"\u0160koda forts\u00e4tter sponsorskapet av Tour de France\" \/>\n<meta property=\"og:description\" content=\"\u0160koda forts\u00e4tter sin resa med Tour de France genom att f\u00f6rl\u00e4nga sponsoravtalet till 2028. Detta f\u00f6rst\u00e4rker ytterligare \u0160kodas partnerskap med [&hellip;]\" \/>\n<meta property=\"og:url\" content=\"https:\/\/www.welovecycling.com\/se\/2024\/04\/02\/skoda-fortsatter-sponsorskapet-av-tour-de-france\/\" \/>\n<meta property=\"og:site_name\" content=\"\u0160koda - We Love Cycling - Sweden\" \/>\n<meta property=\"article:published_time\" content=\"2024-04-02T11:47:20+00:00\" \/>\n<meta property=\"article:modified_time\" content=\"2024-04-04T09:42:18+00:00\" \/>\n<meta property=\"og:image\" content=\"https:\/\/d2p6e6u75xmxt8.cloudfront.net\/9\/2024\/04\/ASO-Skoda-CVR.webp\" \/>\n\t<meta property=\"og:image:width\" content=\"990\" \/>\n\t<meta property=\"og:image:height\" content=\"660\" \/>\n\t<meta property=\"og:image:type\" content=\"image\/webp\" \/>\n<meta name=\"author\" content=\"erikleonsson\" \/>\n<meta name=\"twitter:card\" content=\"summary_large_image\" \/>\n<meta name=\"twitter:label1\" content=\"Written by\" \/>\n\t<meta name=\"twitter:data1\" content=\"We Love Cycling\" \/>\n\t<meta name=\"twitter:label2\" content=\"Est. reading time\" \/>\n\t<meta name=\"twitter:data2\" content=\"2\" \/>\n<script type=\"application\/ld+json\" class=\"yoast-schema-graph\">{\"@context\":\"https:\/\/schema.org\",\"@graph\":[{\"@type\":\"WebPage\",\"@id\":\"https:\/\/www.welovecycling.com\/se\/2024\/04\/02\/skoda-fortsatter-sponsorskapet-av-tour-de-france\/\",\"url\":\"https:\/\/www.welovecycling.com\/se\/2024\/04\/02\/skoda-fortsatter-sponsorskapet-av-tour-de-france\/\",\"name\":\"\u0160koda forts\u00e4tter sponsorskapet av Tour de France - \u0160koda - We Love Cycling - Sweden\",\"isPartOf\":{\"@id\":\"https:\/\/www.welovecycling.com\/se\/#website\"},\"primaryImageOfPage\":{\"@id\":\"https:\/\/www.welovecycling.com\/se\/2024\/04\/02\/skoda-fortsatter-sponsorskapet-av-tour-de-france\/#primaryimage\"},\"image\":{\"@id\":\"https:\/\/www.welovecycling.com\/se\/2024\/04\/02\/skoda-fortsatter-sponsorskapet-av-tour-de-france\/#primaryimage\"},\"thumbnailUrl\":\"https:\/\/d2p6e6u75xmxt8.cloudfront.net\/9\/2024\/04\/ASO-Skoda-CVR.webp\",\"datePublished\":\"2024-04-02T11:47:20+00:00\",\"dateModified\":\"2024-04-04T09:42:18+00:00\",\"author\":{\"@id\":\"https:\/\/www.welovecycling.com\/se\/#\/schema\/person\/037f34ad5d6e77accab8a3eff6ad7a0c\"},\"breadcrumb\":{\"@id\":\"https:\/\/www.welovecycling.com\/se\/2024\/04\/02\/skoda-fortsatter-sponsorskapet-av-tour-de-france\/#breadcrumb\"},\"inLanguage\":\"sv-SE\",\"potentialAction\":[{\"@type\":\"ReadAction\",\"target\":[\"https:\/\/www.welovecycling.com\/se\/2024\/04\/02\/skoda-fortsatter-sponsorskapet-av-tour-de-france\/\"]}]},{\"@type\":\"ImageObject\",\"inLanguage\":\"sv-SE\",\"@id\":\"https:\/\/www.welovecycling.com\/se\/2024\/04\/02\/skoda-fortsatter-sponsorskapet-av-tour-de-france\/#primaryimage\",\"url\":\"https:\/\/d2p6e6u75xmxt8.cloudfront.net\/9\/2024\/04\/ASO-Skoda-CVR.webp\",\"contentUrl\":\"https:\/\/d2p6e6u75xmxt8.cloudfront.net\/9\/2024\/04\/ASO-Skoda-CVR.webp\",\"width\":990,\"height\":660,\"caption\":\"\u0160koda and ASO\"},{\"@type\":\"BreadcrumbList\",\"@id\":\"https:\/\/www.welovecycling.com\/se\/2024\/04\/02\/skoda-fortsatter-sponsorskapet-av-tour-de-france\/#breadcrumb\",\"itemListElement\":[{\"@type\":\"ListItem\",\"position\":1,\"name\":\"Home\",\"item\":\"https:\/\/www.welovecycling.com\/se\/\"},{\"@type\":\"ListItem\",\"position\":2,\"name\":\"\u0160koda forts\u00e4tter sponsorskapet av Tour de France\"}]},{\"@type\":\"WebSite\",\"@id\":\"https:\/\/www.welovecycling.com\/se\/#website\",\"url\":\"https:\/\/www.welovecycling.com\/se\/\",\"name\":\"\u0160koda - We Love Cycling - Sweden\",\"description\":\"\u0160koda We Love Cycling - Sweden\",\"potentialAction\":[{\"@type\":\"SearchAction\",\"target\":{\"@type\":\"EntryPoint\",\"urlTemplate\":\"https:\/\/www.welovecycling.com\/se\/?s={search_term_string}\"},\"query-input\":{\"@type\":\"PropertyValueSpecification\",\"valueRequired\":true,\"valueName\":\"search_term_string\"}}],\"inLanguage\":\"sv-SE\"},{\"@type\":\"Person\",\"@id\":\"https:\/\/www.welovecycling.com\/se\/#\/schema\/person\/037f34ad5d6e77accab8a3eff6ad7a0c\",\"name\":\"erikleonsson\",\"image\":{\"@type\":\"ImageObject\",\"inLanguage\":\"sv-SE\",\"@id\":\"https:\/\/www.welovecycling.com\/se\/#\/schema\/person\/image\/\",\"url\":\"https:\/\/secure.gravatar.com\/avatar\/788a593b0a657d6864c271709722f9cd586caa5a645e77f71fe625396b02677c?s=96&d=mm&r=g\",\"contentUrl\":\"https:\/\/secure.gravatar.com\/avatar\/788a593b0a657d6864c271709722f9cd586caa5a645e77f71fe625396b02677c?s=96&d=mm&r=g\",\"caption\":\"erikleonsson\"},\"url\":\"https:\/\/www.welovecycling.com\/se\/author\/erikleonsson\/\"}]}<\/script>\n<!-- \/ Yoast SEO Premium plugin. -->","yoast_head_json":{"title":"\u0160koda forts\u00e4tter sponsorskapet av Tour de France - \u0160koda - We Love Cycling - Sweden","robots":{"index":"index","follow":"follow","max-snippet":"max-snippet:-1","max-image-preview":"max-image-preview:large","max-video-preview":"max-video-preview:-1"},"canonical":"https:\/\/www.welovecycling.com\/se\/2024\/04\/02\/skoda-fortsatter-sponsorskapet-av-tour-de-france\/","og_locale":"sv_SE","og_type":"article","og_title":"\u0160koda forts\u00e4tter sponsorskapet av Tour de France","og_description":"\u0160koda forts\u00e4tter sin resa med Tour de France genom att f\u00f6rl\u00e4nga sponsoravtalet till 2028. Detta f\u00f6rst\u00e4rker ytterligare \u0160kodas partnerskap med [&hellip;]","og_url":"https:\/\/www.welovecycling.com\/se\/2024\/04\/02\/skoda-fortsatter-sponsorskapet-av-tour-de-france\/","og_site_name":"\u0160koda - We Love Cycling - Sweden","article_published_time":"2024-04-02T11:47:20+00:00","article_modified_time":"2024-04-04T09:42:18+00:00","og_image":[{"width":990,"height":660,"url":"https:\/\/d2p6e6u75xmxt8.cloudfront.net\/9\/2024\/04\/ASO-Skoda-CVR.webp","type":"image\/webp"}],"author":"erikleonsson","twitter_card":"summary_large_image","twitter_misc":{"Written by":"We Love Cycling","Est. reading time":"2"},"schema":{"@context":"https:\/\/schema.org","@graph":[{"@type":"WebPage","@id":"https:\/\/www.welovecycling.com\/se\/2024\/04\/02\/skoda-fortsatter-sponsorskapet-av-tour-de-france\/","url":"https:\/\/www.welovecycling.com\/se\/2024\/04\/02\/skoda-fortsatter-sponsorskapet-av-tour-de-france\/","name":"\u0160koda forts\u00e4tter sponsorskapet av Tour de France - \u0160koda - We Love Cycling - Sweden","isPartOf":{"@id":"https:\/\/www.welovecycling.com\/se\/#website"},"primaryImageOfPage":{"@id":"https:\/\/www.welovecycling.com\/se\/2024\/04\/02\/skoda-fortsatter-sponsorskapet-av-tour-de-france\/#primaryimage"},"image":{"@id":"https:\/\/www.welovecycling.com\/se\/2024\/04\/02\/skoda-fortsatter-sponsorskapet-av-tour-de-france\/#primaryimage"},"thumbnailUrl":"https:\/\/d2p6e6u75xmxt8.cloudfront.net\/9\/2024\/04\/ASO-Skoda-CVR.webp","datePublished":"2024-04-02T11:47:20+00:00","dateModified":"2024-04-04T09:42:18+00:00","author":{"@id":"https:\/\/www.welovecycling.com\/se\/#\/schema\/person\/037f34ad5d6e77accab8a3eff6ad7a0c"},"breadcrumb":{"@id":"https:\/\/www.welovecycling.com\/se\/2024\/04\/02\/skoda-fortsatter-sponsorskapet-av-tour-de-france\/#breadcrumb"},"inLanguage":"sv-SE","potentialAction":[{"@type":"ReadAction","target":["https:\/\/www.welovecycling.com\/se\/2024\/04\/02\/skoda-fortsatter-sponsorskapet-av-tour-de-france\/"]}]},{"@type":"ImageObject","inLanguage":"sv-SE","@id":"https:\/\/www.welovecycling.com\/se\/2024\/04\/02\/skoda-fortsatter-sponsorskapet-av-tour-de-france\/#primaryimage","url":"https:\/\/d2p6e6u75xmxt8.cloudfront.net\/9\/2024\/04\/ASO-Skoda-CVR.webp","contentUrl":"https:\/\/d2p6e6u75xmxt8.cloudfront.net\/9\/2024\/04\/ASO-Skoda-CVR.webp","width":990,"height":660,"caption":"\u0160koda and ASO"},{"@type":"BreadcrumbList","@id":"https:\/\/www.welovecycling.com\/se\/2024\/04\/02\/skoda-fortsatter-sponsorskapet-av-tour-de-france\/#breadcrumb","itemListElement":[{"@type":"ListItem","position":1,"name":"Home","item":"https:\/\/www.welovecycling.com\/se\/"},{"@type":"ListItem","position":2,"name":"\u0160koda forts\u00e4tter sponsorskapet av Tour de France"}]},{"@type":"WebSite","@id":"https:\/\/www.welovecycling.com\/se\/#website","url":"https:\/\/www.welovecycling.com\/se\/","name":"\u0160koda - We Love Cycling - Sweden","description":"\u0160koda We Love Cycling - Sweden","potentialAction":[{"@type":"SearchAction","target":{"@type":"EntryPoint","urlTemplate":"https:\/\/www.welovecycling.com\/se\/?s={search_term_string}"},"query-input":{"@type":"PropertyValueSpecification","valueRequired":true,"valueName":"search_term_string"}}],"inLanguage":"sv-SE"},{"@type":"Person","@id":"https:\/\/www.welovecycling.com\/se\/#\/schema\/person\/037f34ad5d6e77accab8a3eff6ad7a0c","name":"erikleonsson","image":{"@type":"ImageObject","inLanguage":"sv-SE","@id":"https:\/\/www.welovecycling.com\/se\/#\/schema\/person\/image\/","url":"https:\/\/secure.gravatar.com\/avatar\/788a593b0a657d6864c271709722f9cd586caa5a645e77f71fe625396b02677c?s=96&d=mm&r=g","contentUrl":"https:\/\/secure.gravatar.com\/avatar\/788a593b0a657d6864c271709722f9cd586caa5a645e77f71fe625396b02677c?s=96&d=mm&r=g","caption":"erikleonsson"},"url":"https:\/\/www.welovecycling.com\/se\/author\/erikleonsson\/"}]}},"_links":{"self":[{"href":"https:\/\/www.welovecycling.com\/se\/wp-json\/wp\/v2\/posts\/4844","targetHints":{"allow":["GET"]}}],"collection":[{"href":"https:\/\/www.welovecycling.com\/se\/wp-json\/wp\/v2\/posts"}],"about":[{"href":"https:\/\/www.welovecycling.com\/se\/wp-json\/wp\/v2\/types\/post"}],"author":[{"embeddable":true,"href":"https:\/\/www.welovecycling.com\/se\/wp-json\/wp\/v2\/users\/52"}],"replies":[{"embeddable":true,"href":"https:\/\/www.welovecycling.com\/se\/wp-json\/wp\/v2\/comments?post=4844"}],"version-history":[{"count":4,"href":"https:\/\/www.welovecycling.com\/se\/wp-json\/wp\/v2\/posts\/4844\/revisions"}],"predecessor-version":[{"id":4857,"href":"https:\/\/www.welovecycling.com\/se\/wp-json\/wp\/v2\/posts\/4844\/revisions\/4857"}],"wp:featuredmedia":[{"embeddable":true,"href":"https:\/\/www.welovecycling.com\/se\/wp-json\/wp\/v2\/media\/4846"}],"wp:attachment":[{"href":"https:\/\/www.welovecycling.com\/se\/wp-json\/wp\/v2\/media?parent=4844"}],"wp:term":[{"taxonomy":"category","embeddable":true,"href":"https:\/\/www.welovecycling.com\/se\/wp-json\/wp\/v2\/categories?post=4844"},{"taxonomy":"post_tag","embeddable":true,"href":"https:\/\/www.welovecycling.com\/se\/wp-json\/wp\/v2\/tags?post=4844"},{"taxonomy":"global-categories","embeddable":true,"href":"https:\/\/www.welovecycling.com\/se\/wp-json\/wp\/v2\/global-categories?post=4844"}],"curies":[{"name":"wp","href":"https:\/\/api.w.org\/{rel}","templated":true}]}}