{"id":4825,"date":"2024-04-02T16:52:32","date_gmt":"2024-04-02T15:52:32","guid":{"rendered":"https:\/\/www.welovecycling.com\/se\/?p=4825"},"modified":"2024-04-04T14:57:57","modified_gmt":"2024-04-04T13:57:57","slug":"har-ar-skoda-cycling-team-2024","status":"publish","type":"post","link":"https:\/\/www.welovecycling.com\/se\/2024\/04\/02\/har-ar-skoda-cycling-team-2024\/","title":{"rendered":"H\u00e4r \u00e4r \u0160koda Cycling Team 2024"},"content":{"rendered":"<p><strong>Det har kallats cykelv\u00e4rldens &#8221;Paris \u2013 Dakar&#8221;. Titan Desert i Marockos \u00f6ken <b>anses vara en av v\u00e4rldens mest utmanande terr\u00e4nglopp f\u00f6r mountainbike. En utmaning som togs emot med stor entusiasm i cykelsverige med en imponerande m\u00e4ngd ans\u00f6kningar. Nu \u00e4r <\/b>sexmannalaget utvalt och f\u00f6rberedelserna mot \u00f6knen kan ta sin b\u00f6rjan.\u00a0<\/strong><\/p>\n<h3><b>Cyklister<\/b><\/h3>\n<p><a href=\"https:\/\/d2p6e6u75xmxt8.cloudfront.net\/9\/2024\/02\/SCT24_carlos.webp\"><img loading=\"lazy\" decoding=\"async\" class=\"alignnone wp-image-4835 size-medium\" src=\"https:\/\/d2p6e6u75xmxt8.cloudfront.net\/9\/2024\/02\/SCT24_carlos-200x300.webp\" alt=\"\" width=\"200\" height=\"300\" srcset=\"https:\/\/d2p6e6u75xmxt8.cloudfront.net\/9\/2024\/02\/SCT24_carlos-200x300.webp 200w, https:\/\/d2p6e6u75xmxt8.cloudfront.net\/9\/2024\/02\/SCT24_carlos-682x1024.webp 682w, https:\/\/d2p6e6u75xmxt8.cloudfront.net\/9\/2024\/02\/SCT24_carlos-768x1152.webp 768w, https:\/\/d2p6e6u75xmxt8.cloudfront.net\/9\/2024\/02\/SCT24_carlos-267x400.webp 267w, https:\/\/d2p6e6u75xmxt8.cloudfront.net\/9\/2024\/02\/SCT24_carlos.webp 787w\" sizes=\"auto, (max-width: 200px) 100vw, 200px\" \/><\/a><\/p>\n<p><b>Carlos Silva, 42 \u00e5r, Stockholm<\/b> <span style=\"font-weight: 400;\"><br \/>\n<\/span><span style=\"font-weight: 400;\">Den evigt glada och p\u00e5hittiga cykelmekanikern, Carlos, kommer att tillf\u00f6ra cykelpassion och ov\u00e4rderliga tekniska kunskaper till teamet. Hans vilja och styrka kommer vara en viktig tillg\u00e5ng i sanden.<\/span><\/p>\n<p><a href=\"https:\/\/d2p6e6u75xmxt8.cloudfront.net\/9\/2024\/02\/SCT24_jennifer.webp\"><img loading=\"lazy\" decoding=\"async\" class=\"alignnone size-medium wp-image-4836\" src=\"https:\/\/d2p6e6u75xmxt8.cloudfront.net\/9\/2024\/02\/SCT24_jennifer-200x300.webp\" alt=\"\" width=\"200\" height=\"300\" srcset=\"https:\/\/d2p6e6u75xmxt8.cloudfront.net\/9\/2024\/02\/SCT24_jennifer-200x300.webp 200w, https:\/\/d2p6e6u75xmxt8.cloudfront.net\/9\/2024\/02\/SCT24_jennifer-682x1024.webp 682w, https:\/\/d2p6e6u75xmxt8.cloudfront.net\/9\/2024\/02\/SCT24_jennifer-768x1152.webp 768w, https:\/\/d2p6e6u75xmxt8.cloudfront.net\/9\/2024\/02\/SCT24_jennifer-267x400.webp 267w, https:\/\/d2p6e6u75xmxt8.cloudfront.net\/9\/2024\/02\/SCT24_jennifer.webp 787w\" sizes=\"auto, (max-width: 200px) 100vw, 200px\" \/><\/a><\/p>\n<p><b>Jennifer Kivinen, 29 \u00e5r, p\u00e5 resande fot\u00a0 <\/b><span style=\"font-weight: 400;\"><br \/>\n<\/span><span style=\"font-weight: 400;\">\u00c4ventyrare och skicklig br\u00f6llopsfotograf, Jennifer v\u00e4xlar sin tillvaro p\u00e5 Sri Lankas str\u00e4nder till Marockos \u00f6ken och byter surfbr\u00e4dan mot cykeln. Med hennes okuvliga \u00e4ventyrslust kunde hon bara inte h\u00e5lla sig fr\u00e5n att s\u00f6ka till \u0160koda Cycling Team f\u00f6r att se hur l\u00e5ngt hon kan pusha sig sj\u00e4lv.<\/span><\/p>\n<p><a href=\"https:\/\/d2p6e6u75xmxt8.cloudfront.net\/9\/2024\/02\/SCT24_william.webp\"><img loading=\"lazy\" decoding=\"async\" class=\"alignnone size-medium wp-image-4837\" src=\"https:\/\/d2p6e6u75xmxt8.cloudfront.net\/9\/2024\/02\/SCT24_william-200x300.webp\" alt=\"\" width=\"200\" height=\"300\" srcset=\"https:\/\/d2p6e6u75xmxt8.cloudfront.net\/9\/2024\/02\/SCT24_william-200x300.webp 200w, https:\/\/d2p6e6u75xmxt8.cloudfront.net\/9\/2024\/02\/SCT24_william-682x1024.webp 682w, https:\/\/d2p6e6u75xmxt8.cloudfront.net\/9\/2024\/02\/SCT24_william-768x1152.webp 768w, https:\/\/d2p6e6u75xmxt8.cloudfront.net\/9\/2024\/02\/SCT24_william-267x400.webp 267w, https:\/\/d2p6e6u75xmxt8.cloudfront.net\/9\/2024\/02\/SCT24_william.webp 787w\" sizes=\"auto, (max-width: 200px) 100vw, 200px\" \/><\/a><\/p>\n<p><b>William Larsson, 30 \u00e5r, \u00c5re<\/b> <span style=\"font-weight: 400;\"><br \/>\n<\/span><span style=\"font-weight: 400;\">En av landets vassaste extremskid\u00e5kare med \u00e4ventyr som vardag och v\u00e4rlden som sin lekplats. William g\u00e4stspelade i teamet redan 2023 som support till sin flickv\u00e4n Kajsa och gav d\u00e4r smakprov p\u00e5 sin obotliga optimism och passion f\u00f6r \u00e4ventyr och uth\u00e5llighets-utmaningar.<\/span><\/p>\n<p><a href=\"https:\/\/d2p6e6u75xmxt8.cloudfront.net\/9\/2024\/02\/SCT24_emrik.webp\"><img loading=\"lazy\" decoding=\"async\" class=\"alignnone size-medium wp-image-4838\" src=\"https:\/\/d2p6e6u75xmxt8.cloudfront.net\/9\/2024\/02\/SCT24_emrik-200x300.webp\" alt=\"\" width=\"200\" height=\"300\" srcset=\"https:\/\/d2p6e6u75xmxt8.cloudfront.net\/9\/2024\/02\/SCT24_emrik-200x300.webp 200w, https:\/\/d2p6e6u75xmxt8.cloudfront.net\/9\/2024\/02\/SCT24_emrik-682x1024.webp 682w, https:\/\/d2p6e6u75xmxt8.cloudfront.net\/9\/2024\/02\/SCT24_emrik-768x1152.webp 768w, https:\/\/d2p6e6u75xmxt8.cloudfront.net\/9\/2024\/02\/SCT24_emrik-267x400.webp 267w, https:\/\/d2p6e6u75xmxt8.cloudfront.net\/9\/2024\/02\/SCT24_emrik.webp 787w\" sizes=\"auto, (max-width: 200px) 100vw, 200px\" \/><\/a><\/p>\n<p><b>Emrik Jansson, 30 \u00e5r, \u00c5re<\/b> <span style=\"font-weight: 400;\"><br \/>\n<\/span><span style=\"font-weight: 400;\">Skid\u00e5kare och en av Sveriges mest framst\u00e5ende \u00e4ventyrsfotografer, men \u00e4ven en h\u00e4ngiven bergscyklist som normalt cyklar enduro och downhill i den svenska fj\u00e4llv\u00e4rlden. Vi hoppas f\u00e5 f\u00f6lja Emriks resa genom hans briljanta bild\u00f6ga.\u00a0<\/span><\/p>\n<p><a href=\"https:\/\/d2p6e6u75xmxt8.cloudfront.net\/9\/2024\/02\/SCT24_christian.webp\"><img loading=\"lazy\" decoding=\"async\" class=\"alignnone size-medium wp-image-4839\" src=\"https:\/\/d2p6e6u75xmxt8.cloudfront.net\/9\/2024\/02\/SCT24_christian-200x300.webp\" alt=\"\" width=\"200\" height=\"300\" srcset=\"https:\/\/d2p6e6u75xmxt8.cloudfront.net\/9\/2024\/02\/SCT24_christian-200x300.webp 200w, https:\/\/d2p6e6u75xmxt8.cloudfront.net\/9\/2024\/02\/SCT24_christian-682x1024.webp 682w, https:\/\/d2p6e6u75xmxt8.cloudfront.net\/9\/2024\/02\/SCT24_christian-768x1152.webp 768w, https:\/\/d2p6e6u75xmxt8.cloudfront.net\/9\/2024\/02\/SCT24_christian-267x400.webp 267w, https:\/\/d2p6e6u75xmxt8.cloudfront.net\/9\/2024\/02\/SCT24_christian.webp 787w\" sizes=\"auto, (max-width: 200px) 100vw, 200px\" \/><\/a><\/p>\n<p><b>Christian Bauer, 58 \u00e5r, Stockholm<\/b> <span style=\"font-weight: 400;\"><br \/>\n<\/span><span style=\"font-weight: 400;\">En erfaren personlig tr\u00e4nare och fysfenomen som g\u00e5r fr\u00e5n att leda HEAT-pass p\u00e5 SATS till den riktiga hettan i \u00f6knen i Marocko. Tr\u00e4nad till toppform inf\u00f6r \u00e5rets Vasalopp. Sn\u00f6slasket l\u00e4mnar han hemma men formen tar han med sig till \u00f6knen.<\/span><\/p>\n<p><a href=\"https:\/\/d2p6e6u75xmxt8.cloudfront.net\/9\/2024\/02\/SCT24_patrik.webp\"><img loading=\"lazy\" decoding=\"async\" class=\"alignnone size-medium wp-image-4840\" src=\"https:\/\/d2p6e6u75xmxt8.cloudfront.net\/9\/2024\/02\/SCT24_patrik-200x300.webp\" alt=\"\" width=\"200\" height=\"300\" srcset=\"https:\/\/d2p6e6u75xmxt8.cloudfront.net\/9\/2024\/02\/SCT24_patrik-200x300.webp 200w, https:\/\/d2p6e6u75xmxt8.cloudfront.net\/9\/2024\/02\/SCT24_patrik-682x1024.webp 682w, https:\/\/d2p6e6u75xmxt8.cloudfront.net\/9\/2024\/02\/SCT24_patrik-768x1152.webp 768w, https:\/\/d2p6e6u75xmxt8.cloudfront.net\/9\/2024\/02\/SCT24_patrik-267x400.webp 267w, https:\/\/d2p6e6u75xmxt8.cloudfront.net\/9\/2024\/02\/SCT24_patrik.webp 787w\" sizes=\"auto, (max-width: 200px) 100vw, 200px\" \/><\/a><\/p>\n<p><b>Patrik M\u00e5rdh, 40 \u00e5r, Stockholm<\/b> <span style=\"font-weight: 400;\"><br \/>\n<\/span><span style=\"font-weight: 400;\">En h\u00e4ngiven l\u00e4rare, \u00e4ventyrsentusiast och ultradistansl\u00f6pare. Patrik bidrar med en rej\u00e4l dos positiv energi till laget blandat med stor empati och laganda. Pannbenet \u00e4r redan fullt utvecklat, eller vad s\u00e4gs om en snittdistans p\u00e5 20 mil l\u00f6pning i veckan? <\/span><\/p>\n<p><span style=\"font-weight: 400;\">Utmaningen \u00e4r antagen och laget st\u00e5r redo. F\u00f6lj resan mot \u00e4ventyret p\u00e5 <\/span><a href=\"https:\/\/www.instagram.com\/skodacyclingteam\/\"><span style=\"font-weight: 400;\">@skodacyclingteam<\/span><\/a><\/p>\n","protected":false},"excerpt":{"rendered":"<p>Det har kallats cykelv\u00e4rldens &#8221;Paris \u2013 Dakar&#8221;. Titan Desert i Marockos \u00f6ken anses vara en av v\u00e4rldens mest utmanande terr\u00e4nglopp [&hellip;]<\/p>\n","protected":false},"author":52,"featured_media":4834,"comment_status":"open","ping_status":"open","sticky":false,"template":"","format":"standard","meta":{"footnotes":""},"categories":[5],"tags":[12,97,98],"global-categories":[36],"class_list":["post-4825","post","type-post","status-publish","format-standard","has-post-thumbnail","hentry","category-nyheter","tag-skoda-cycling-team","tag-skoda-titan-desert","tag-titan-desert","global-categories-cycling"],"yoast_head":"<!-- This site is optimized with the Yoast SEO Premium plugin v25.3 (Yoast SEO v25.9) - https:\/\/yoast.com\/wordpress\/plugins\/seo\/ -->\n<title>H\u00e4r \u00e4r \u0160koda Cycling Team 2024 - \u0160koda - We Love Cycling - Sweden<\/title>\n<meta name=\"robots\" content=\"index, follow, max-snippet:-1, max-image-preview:large, max-video-preview:-1\" \/>\n<link rel=\"canonical\" href=\"https:\/\/www.welovecycling.com\/se\/2024\/04\/02\/har-ar-skoda-cycling-team-2024\/\" \/>\n<meta property=\"og:locale\" content=\"sv_SE\" \/>\n<meta property=\"og:type\" content=\"article\" \/>\n<meta property=\"og:title\" content=\"H\u00e4r \u00e4r \u0160koda Cycling Team 2024\" \/>\n<meta property=\"og:description\" content=\"Det har kallats cykelv\u00e4rldens &#8221;Paris \u2013 Dakar&#8221;. Titan Desert i Marockos \u00f6ken anses vara en av v\u00e4rldens mest utmanande terr\u00e4nglopp [&hellip;]\" \/>\n<meta property=\"og:url\" content=\"https:\/\/www.welovecycling.com\/se\/2024\/04\/02\/har-ar-skoda-cycling-team-2024\/\" \/>\n<meta property=\"og:site_name\" content=\"\u0160koda - We Love Cycling - Sweden\" \/>\n<meta property=\"article:published_time\" content=\"2024-04-02T15:52:32+00:00\" \/>\n<meta property=\"article:modified_time\" content=\"2024-04-04T13:57:57+00:00\" \/>\n<meta property=\"og:image\" content=\"https:\/\/d2p6e6u75xmxt8.cloudfront.net\/9\/2024\/02\/SCT24_group2_lowres.webp\" \/>\n\t<meta property=\"og:image:width\" content=\"1723\" \/>\n\t<meta property=\"og:image:height\" content=\"1181\" \/>\n\t<meta property=\"og:image:type\" content=\"image\/webp\" \/>\n<meta name=\"author\" content=\"erikleonsson\" \/>\n<meta name=\"twitter:card\" content=\"summary_large_image\" \/>\n<meta name=\"twitter:label1\" content=\"Written by\" \/>\n\t<meta name=\"twitter:data1\" content=\"erikleonsson\" \/>\n\t<meta name=\"twitter:label2\" content=\"Est. reading time\" \/>\n\t<meta name=\"twitter:data2\" content=\"2 minutes\" \/>\n<script type=\"application\/ld+json\" class=\"yoast-schema-graph\">{\"@context\":\"https:\/\/schema.org\",\"@graph\":[{\"@type\":\"WebPage\",\"@id\":\"https:\/\/www.welovecycling.com\/se\/2024\/04\/02\/har-ar-skoda-cycling-team-2024\/\",\"url\":\"https:\/\/www.welovecycling.com\/se\/2024\/04\/02\/har-ar-skoda-cycling-team-2024\/\",\"name\":\"H\u00e4r \u00e4r \u0160koda Cycling Team 2024 - \u0160koda - We Love Cycling - Sweden\",\"isPartOf\":{\"@id\":\"https:\/\/www.welovecycling.com\/se\/#website\"},\"primaryImageOfPage\":{\"@id\":\"https:\/\/www.welovecycling.com\/se\/2024\/04\/02\/har-ar-skoda-cycling-team-2024\/#primaryimage\"},\"image\":{\"@id\":\"https:\/\/www.welovecycling.com\/se\/2024\/04\/02\/har-ar-skoda-cycling-team-2024\/#primaryimage\"},\"thumbnailUrl\":\"https:\/\/d2p6e6u75xmxt8.cloudfront.net\/9\/2024\/02\/SCT24_group2_lowres.webp\",\"datePublished\":\"2024-04-02T15:52:32+00:00\",\"dateModified\":\"2024-04-04T13:57:57+00:00\",\"author\":{\"@id\":\"https:\/\/www.welovecycling.com\/se\/#\/schema\/person\/037f34ad5d6e77accab8a3eff6ad7a0c\"},\"breadcrumb\":{\"@id\":\"https:\/\/www.welovecycling.com\/se\/2024\/04\/02\/har-ar-skoda-cycling-team-2024\/#breadcrumb\"},\"inLanguage\":\"sv-SE\",\"potentialAction\":[{\"@type\":\"ReadAction\",\"target\":[\"https:\/\/www.welovecycling.com\/se\/2024\/04\/02\/har-ar-skoda-cycling-team-2024\/\"]}]},{\"@type\":\"ImageObject\",\"inLanguage\":\"sv-SE\",\"@id\":\"https:\/\/www.welovecycling.com\/se\/2024\/04\/02\/har-ar-skoda-cycling-team-2024\/#primaryimage\",\"url\":\"https:\/\/d2p6e6u75xmxt8.cloudfront.net\/9\/2024\/02\/SCT24_group2_lowres.webp\",\"contentUrl\":\"https:\/\/d2p6e6u75xmxt8.cloudfront.net\/9\/2024\/02\/SCT24_group2_lowres.webp\",\"width\":1723,\"height\":1181},{\"@type\":\"BreadcrumbList\",\"@id\":\"https:\/\/www.welovecycling.com\/se\/2024\/04\/02\/har-ar-skoda-cycling-team-2024\/#breadcrumb\",\"itemListElement\":[{\"@type\":\"ListItem\",\"position\":1,\"name\":\"Home\",\"item\":\"https:\/\/www.welovecycling.com\/se\/\"},{\"@type\":\"ListItem\",\"position\":2,\"name\":\"H\u00e4r \u00e4r \u0160koda Cycling Team 2024\"}]},{\"@type\":\"WebSite\",\"@id\":\"https:\/\/www.welovecycling.com\/se\/#website\",\"url\":\"https:\/\/www.welovecycling.com\/se\/\",\"name\":\"\u0160koda - We Love Cycling - Sweden\",\"description\":\"\u0160koda We Love Cycling - Sweden\",\"potentialAction\":[{\"@type\":\"SearchAction\",\"target\":{\"@type\":\"EntryPoint\",\"urlTemplate\":\"https:\/\/www.welovecycling.com\/se\/?s={search_term_string}\"},\"query-input\":{\"@type\":\"PropertyValueSpecification\",\"valueRequired\":true,\"valueName\":\"search_term_string\"}}],\"inLanguage\":\"sv-SE\"},{\"@type\":\"Person\",\"@id\":\"https:\/\/www.welovecycling.com\/se\/#\/schema\/person\/037f34ad5d6e77accab8a3eff6ad7a0c\",\"name\":\"erikleonsson\",\"image\":{\"@type\":\"ImageObject\",\"inLanguage\":\"sv-SE\",\"@id\":\"https:\/\/www.welovecycling.com\/se\/#\/schema\/person\/image\/\",\"url\":\"https:\/\/secure.gravatar.com\/avatar\/788a593b0a657d6864c271709722f9cd586caa5a645e77f71fe625396b02677c?s=96&d=mm&r=g\",\"contentUrl\":\"https:\/\/secure.gravatar.com\/avatar\/788a593b0a657d6864c271709722f9cd586caa5a645e77f71fe625396b02677c?s=96&d=mm&r=g\",\"caption\":\"erikleonsson\"},\"url\":\"https:\/\/www.welovecycling.com\/se\/author\/erikleonsson\/\"}]}<\/script>\n<!-- \/ Yoast SEO Premium plugin. -->","yoast_head_json":{"title":"H\u00e4r \u00e4r \u0160koda Cycling Team 2024 - \u0160koda - We Love Cycling - Sweden","robots":{"index":"index","follow":"follow","max-snippet":"max-snippet:-1","max-image-preview":"max-image-preview:large","max-video-preview":"max-video-preview:-1"},"canonical":"https:\/\/www.welovecycling.com\/se\/2024\/04\/02\/har-ar-skoda-cycling-team-2024\/","og_locale":"sv_SE","og_type":"article","og_title":"H\u00e4r \u00e4r \u0160koda Cycling Team 2024","og_description":"Det har kallats cykelv\u00e4rldens &#8221;Paris \u2013 Dakar&#8221;. Titan Desert i Marockos \u00f6ken anses vara en av v\u00e4rldens mest utmanande terr\u00e4nglopp [&hellip;]","og_url":"https:\/\/www.welovecycling.com\/se\/2024\/04\/02\/har-ar-skoda-cycling-team-2024\/","og_site_name":"\u0160koda - We Love Cycling - Sweden","article_published_time":"2024-04-02T15:52:32+00:00","article_modified_time":"2024-04-04T13:57:57+00:00","og_image":[{"width":1723,"height":1181,"url":"https:\/\/d2p6e6u75xmxt8.cloudfront.net\/9\/2024\/02\/SCT24_group2_lowres.webp","type":"image\/webp"}],"author":"erikleonsson","twitter_card":"summary_large_image","twitter_misc":{"Written by":"erikleonsson","Est. reading time":"2 minutes"},"schema":{"@context":"https:\/\/schema.org","@graph":[{"@type":"WebPage","@id":"https:\/\/www.welovecycling.com\/se\/2024\/04\/02\/har-ar-skoda-cycling-team-2024\/","url":"https:\/\/www.welovecycling.com\/se\/2024\/04\/02\/har-ar-skoda-cycling-team-2024\/","name":"H\u00e4r \u00e4r \u0160koda Cycling Team 2024 - \u0160koda - We Love Cycling - Sweden","isPartOf":{"@id":"https:\/\/www.welovecycling.com\/se\/#website"},"primaryImageOfPage":{"@id":"https:\/\/www.welovecycling.com\/se\/2024\/04\/02\/har-ar-skoda-cycling-team-2024\/#primaryimage"},"image":{"@id":"https:\/\/www.welovecycling.com\/se\/2024\/04\/02\/har-ar-skoda-cycling-team-2024\/#primaryimage"},"thumbnailUrl":"https:\/\/d2p6e6u75xmxt8.cloudfront.net\/9\/2024\/02\/SCT24_group2_lowres.webp","datePublished":"2024-04-02T15:52:32+00:00","dateModified":"2024-04-04T13:57:57+00:00","author":{"@id":"https:\/\/www.welovecycling.com\/se\/#\/schema\/person\/037f34ad5d6e77accab8a3eff6ad7a0c"},"breadcrumb":{"@id":"https:\/\/www.welovecycling.com\/se\/2024\/04\/02\/har-ar-skoda-cycling-team-2024\/#breadcrumb"},"inLanguage":"sv-SE","potentialAction":[{"@type":"ReadAction","target":["https:\/\/www.welovecycling.com\/se\/2024\/04\/02\/har-ar-skoda-cycling-team-2024\/"]}]},{"@type":"ImageObject","inLanguage":"sv-SE","@id":"https:\/\/www.welovecycling.com\/se\/2024\/04\/02\/har-ar-skoda-cycling-team-2024\/#primaryimage","url":"https:\/\/d2p6e6u75xmxt8.cloudfront.net\/9\/2024\/02\/SCT24_group2_lowres.webp","contentUrl":"https:\/\/d2p6e6u75xmxt8.cloudfront.net\/9\/2024\/02\/SCT24_group2_lowres.webp","width":1723,"height":1181},{"@type":"BreadcrumbList","@id":"https:\/\/www.welovecycling.com\/se\/2024\/04\/02\/har-ar-skoda-cycling-team-2024\/#breadcrumb","itemListElement":[{"@type":"ListItem","position":1,"name":"Home","item":"https:\/\/www.welovecycling.com\/se\/"},{"@type":"ListItem","position":2,"name":"H\u00e4r \u00e4r \u0160koda Cycling Team 2024"}]},{"@type":"WebSite","@id":"https:\/\/www.welovecycling.com\/se\/#website","url":"https:\/\/www.welovecycling.com\/se\/","name":"\u0160koda - We Love Cycling - Sweden","description":"\u0160koda We Love Cycling - Sweden","potentialAction":[{"@type":"SearchAction","target":{"@type":"EntryPoint","urlTemplate":"https:\/\/www.welovecycling.com\/se\/?s={search_term_string}"},"query-input":{"@type":"PropertyValueSpecification","valueRequired":true,"valueName":"search_term_string"}}],"inLanguage":"sv-SE"},{"@type":"Person","@id":"https:\/\/www.welovecycling.com\/se\/#\/schema\/person\/037f34ad5d6e77accab8a3eff6ad7a0c","name":"erikleonsson","image":{"@type":"ImageObject","inLanguage":"sv-SE","@id":"https:\/\/www.welovecycling.com\/se\/#\/schema\/person\/image\/","url":"https:\/\/secure.gravatar.com\/avatar\/788a593b0a657d6864c271709722f9cd586caa5a645e77f71fe625396b02677c?s=96&d=mm&r=g","contentUrl":"https:\/\/secure.gravatar.com\/avatar\/788a593b0a657d6864c271709722f9cd586caa5a645e77f71fe625396b02677c?s=96&d=mm&r=g","caption":"erikleonsson"},"url":"https:\/\/www.welovecycling.com\/se\/author\/erikleonsson\/"}]}},"_links":{"self":[{"href":"https:\/\/www.welovecycling.com\/se\/wp-json\/wp\/v2\/posts\/4825","targetHints":{"allow":["GET"]}}],"collection":[{"href":"https:\/\/www.welovecycling.com\/se\/wp-json\/wp\/v2\/posts"}],"about":[{"href":"https:\/\/www.welovecycling.com\/se\/wp-json\/wp\/v2\/types\/post"}],"author":[{"embeddable":true,"href":"https:\/\/www.welovecycling.com\/se\/wp-json\/wp\/v2\/users\/52"}],"replies":[{"embeddable":true,"href":"https:\/\/www.welovecycling.com\/se\/wp-json\/wp\/v2\/comments?post=4825"}],"version-history":[{"count":8,"href":"https:\/\/www.welovecycling.com\/se\/wp-json\/wp\/v2\/posts\/4825\/revisions"}],"predecessor-version":[{"id":4862,"href":"https:\/\/www.welovecycling.com\/se\/wp-json\/wp\/v2\/posts\/4825\/revisions\/4862"}],"wp:featuredmedia":[{"embeddable":true,"href":"https:\/\/www.welovecycling.com\/se\/wp-json\/wp\/v2\/media\/4834"}],"wp:attachment":[{"href":"https:\/\/www.welovecycling.com\/se\/wp-json\/wp\/v2\/media?parent=4825"}],"wp:term":[{"taxonomy":"category","embeddable":true,"href":"https:\/\/www.welovecycling.com\/se\/wp-json\/wp\/v2\/categories?post=4825"},{"taxonomy":"post_tag","embeddable":true,"href":"https:\/\/www.welovecycling.com\/se\/wp-json\/wp\/v2\/tags?post=4825"},{"taxonomy":"global-categories","embeddable":true,"href":"https:\/\/www.welovecycling.com\/se\/wp-json\/wp\/v2\/global-categories?post=4825"}],"curies":[{"name":"wp","href":"https:\/\/api.w.org\/{rel}","templated":true}]}}