{"id":4807,"date":"2023-12-01T11:19:46","date_gmt":"2023-12-01T10:19:46","guid":{"rendered":"https:\/\/www.welovecycling.com\/se\/?p=4807"},"modified":"2024-04-04T14:42:54","modified_gmt":"2024-04-04T13:42:54","slug":"skoda-cycling-team-tar-sikte-pa-oknen","status":"publish","type":"post","link":"https:\/\/www.welovecycling.com\/se\/2023\/12\/01\/skoda-cycling-team-tar-sikte-pa-oknen\/","title":{"rendered":"Det h\u00e4r \u00e4r \u0160koda Titan Desert i Marocko"},"content":{"rendered":"<h4>Efter det stora \u00e4ventyret genom Sverige 2023 tar nu \u0160koda Cycling Team sikte p\u00e5 en ny utmaning. En utmaning l\u00e5ngt fr\u00e5n mygg och skogsv\u00e4gar. Siktet \u00e4r nu inst\u00e4llt p\u00e5 Marocko och \u0160koda Titan Desert, ett av v\u00e4rldens mest kr\u00e4vande etapplopp p\u00e5 mountainbike \u2013 i \u00f6knen.<\/h4>\n<p>Loppet, som kallats cykelv\u00e4rldens Dakarrally \u00e4r ett av de mest speciella och kr\u00e4vande i sitt slag, bel\u00e4get mellan de vackra Atlasbergen och Sahara-\u00f6knen i Marocko. H\u00e4r har cyklister k\u00e4mpat mot sand och v\u00e4rme sedan 2006.<\/p>\n<p><a href=\"https:\/\/d2p6e6u75xmxt8.cloudfront.net\/9\/2023\/12\/titan-race-cycling-skoda-sand-scenery-scaled.webp\"><img loading=\"lazy\" decoding=\"async\" class=\"alignnone size-extra-large wp-image-4814\" src=\"https:\/\/d2p6e6u75xmxt8.cloudfront.net\/9\/2023\/12\/titan-race-cycling-skoda-sand-scenery-1920x1280.webp\" alt=\"\" width=\"1920\" height=\"1280\" srcset=\"https:\/\/d2p6e6u75xmxt8.cloudfront.net\/9\/2023\/12\/titan-race-cycling-skoda-sand-scenery-1920x1280.webp 1920w, https:\/\/d2p6e6u75xmxt8.cloudfront.net\/9\/2023\/12\/titan-race-cycling-skoda-sand-scenery-300x200.webp 300w, https:\/\/d2p6e6u75xmxt8.cloudfront.net\/9\/2023\/12\/titan-race-cycling-skoda-sand-scenery-1024x683.webp 1024w, https:\/\/d2p6e6u75xmxt8.cloudfront.net\/9\/2023\/12\/titan-race-cycling-skoda-sand-scenery-768x512.webp 768w, https:\/\/d2p6e6u75xmxt8.cloudfront.net\/9\/2023\/12\/titan-race-cycling-skoda-sand-scenery-1536x1024.webp 1536w, https:\/\/d2p6e6u75xmxt8.cloudfront.net\/9\/2023\/12\/titan-race-cycling-skoda-sand-scenery-2048x1365.webp 2048w, https:\/\/d2p6e6u75xmxt8.cloudfront.net\/9\/2023\/12\/titan-race-cycling-skoda-sand-scenery-400x267.webp 400w, https:\/\/d2p6e6u75xmxt8.cloudfront.net\/9\/2023\/12\/titan-race-cycling-skoda-sand-scenery-272x182.webp 272w, https:\/\/d2p6e6u75xmxt8.cloudfront.net\/9\/2023\/12\/titan-race-cycling-skoda-sand-scenery-1920x1280.webp 1920w\" sizes=\"auto, (max-width: 1920px) 100vw, 1920px\" \/><\/a><\/p>\n<h2><strong>En t\u00e4vling likt ingen annat<\/strong><\/h2>\n<p>T\u00e4vlingen \u00e4r indelad i sex etapper med ett snittl\u00e4ngd p\u00e5 100 km vardera. En del etapper \u00e4r lite l\u00e4ngre och kr\u00e4vande en andra, vissa 80 km och andra 140 km. Gemensamt f\u00f6r etapperna \u00e4r att de bjuder p\u00e5 en mix av sanddyner och kr\u00e4vande bergsterr\u00e4ng med kl\u00e4ttringar. Varje \u00e5r \u00e4r rutten hemlig fram tills 2 veckor innan start, som oftast \u00e4ger rum i b\u00f6rjan av maj.<\/p>\n<p><a href=\"https:\/\/d2p6e6u75xmxt8.cloudfront.net\/9\/2023\/12\/1y7a5647-kopiera2.webp\"><img loading=\"lazy\" decoding=\"async\" class=\"alignnone size-extra-large wp-image-4812\" src=\"https:\/\/d2p6e6u75xmxt8.cloudfront.net\/9\/2023\/12\/1y7a5647-kopiera2-1920x1280.webp\" alt=\"\" width=\"1920\" height=\"1280\" srcset=\"https:\/\/d2p6e6u75xmxt8.cloudfront.net\/9\/2023\/12\/1y7a5647-kopiera2-1920x1280.webp 1920w, https:\/\/d2p6e6u75xmxt8.cloudfront.net\/9\/2023\/12\/1y7a5647-kopiera2-300x200.webp 300w, https:\/\/d2p6e6u75xmxt8.cloudfront.net\/9\/2023\/12\/1y7a5647-kopiera2-1024x683.webp 1024w, https:\/\/d2p6e6u75xmxt8.cloudfront.net\/9\/2023\/12\/1y7a5647-kopiera2-768x512.webp 768w, https:\/\/d2p6e6u75xmxt8.cloudfront.net\/9\/2023\/12\/1y7a5647-kopiera2-1536x1024.webp 1536w, https:\/\/d2p6e6u75xmxt8.cloudfront.net\/9\/2023\/12\/1y7a5647-kopiera2-2048x1366.webp 2048w, https:\/\/d2p6e6u75xmxt8.cloudfront.net\/9\/2023\/12\/1y7a5647-kopiera2-400x267.webp 400w, https:\/\/d2p6e6u75xmxt8.cloudfront.net\/9\/2023\/12\/1y7a5647-kopiera2-272x182.webp 272w, https:\/\/d2p6e6u75xmxt8.cloudfront.net\/9\/2023\/12\/1y7a5647-kopiera2-1920x1280.webp 1920w\" sizes=\"auto, (max-width: 1920px) 100vw, 1920px\" \/><\/a><\/p>\n<p>F\u00f6r de 500 deltagarna handlar loppet inte bara om att g\u00e5 i m\u00e5l. Den unika sammanh\u00e5llningen som skapas i de camps d\u00e4r cyklisterna \u00f6vernattar \u00e4r verkligen speciell. En sammanh\u00e5llning som svetsas samman av de h\u00e5rda f\u00f6rh\u00e5llandena som r\u00e5der i de nomadiska bivackerna som f\u00f6ljer med loppets etapper. Totalt huserar dem runt 700 personer vilket ger supportorganisationen den imponerande uppgiften att skapa 24,000 m ytor f\u00f6r t\u00e4lt och support f\u00f6r varje etapp!<\/p>\n<p><a href=\"https:\/\/d2p6e6u75xmxt8.cloudfront.net\/9\/2023\/12\/1y7a2902.webp\"><img loading=\"lazy\" decoding=\"async\" class=\"alignnone size-extra-large wp-image-4809\" src=\"https:\/\/d2p6e6u75xmxt8.cloudfront.net\/9\/2023\/12\/1y7a2902-1920x1280.webp\" alt=\"\" width=\"1920\" height=\"1280\" srcset=\"https:\/\/d2p6e6u75xmxt8.cloudfront.net\/9\/2023\/12\/1y7a2902-1920x1280.webp 1920w, https:\/\/d2p6e6u75xmxt8.cloudfront.net\/9\/2023\/12\/1y7a2902-300x200.webp 300w, https:\/\/d2p6e6u75xmxt8.cloudfront.net\/9\/2023\/12\/1y7a2902-1024x683.webp 1024w, https:\/\/d2p6e6u75xmxt8.cloudfront.net\/9\/2023\/12\/1y7a2902-768x512.webp 768w, https:\/\/d2p6e6u75xmxt8.cloudfront.net\/9\/2023\/12\/1y7a2902-1536x1024.webp 1536w, https:\/\/d2p6e6u75xmxt8.cloudfront.net\/9\/2023\/12\/1y7a2902-2048x1366.webp 2048w, https:\/\/d2p6e6u75xmxt8.cloudfront.net\/9\/2023\/12\/1y7a2902-400x267.webp 400w, https:\/\/d2p6e6u75xmxt8.cloudfront.net\/9\/2023\/12\/1y7a2902-272x182.webp 272w, https:\/\/d2p6e6u75xmxt8.cloudfront.net\/9\/2023\/12\/1y7a2902-1920x1280.webp 1920w\" sizes=\"auto, (max-width: 1920px) 100vw, 1920px\" \/><\/a><\/p>\n<p><a href=\"https:\/\/d2p6e6u75xmxt8.cloudfront.net\/9\/2023\/12\/1y7a4050.webp\"><img loading=\"lazy\" decoding=\"async\" class=\"alignnone size-extra-large wp-image-4810\" src=\"https:\/\/d2p6e6u75xmxt8.cloudfront.net\/9\/2023\/12\/1y7a4050-1920x1280.webp\" alt=\"\" width=\"1920\" height=\"1280\" srcset=\"https:\/\/d2p6e6u75xmxt8.cloudfront.net\/9\/2023\/12\/1y7a4050-1920x1280.webp 1920w, https:\/\/d2p6e6u75xmxt8.cloudfront.net\/9\/2023\/12\/1y7a4050-300x200.webp 300w, https:\/\/d2p6e6u75xmxt8.cloudfront.net\/9\/2023\/12\/1y7a4050-1024x683.webp 1024w, https:\/\/d2p6e6u75xmxt8.cloudfront.net\/9\/2023\/12\/1y7a4050-768x512.webp 768w, https:\/\/d2p6e6u75xmxt8.cloudfront.net\/9\/2023\/12\/1y7a4050-1536x1024.webp 1536w, https:\/\/d2p6e6u75xmxt8.cloudfront.net\/9\/2023\/12\/1y7a4050-2048x1366.webp 2048w, https:\/\/d2p6e6u75xmxt8.cloudfront.net\/9\/2023\/12\/1y7a4050-400x267.webp 400w, https:\/\/d2p6e6u75xmxt8.cloudfront.net\/9\/2023\/12\/1y7a4050-272x182.webp 272w, https:\/\/d2p6e6u75xmxt8.cloudfront.net\/9\/2023\/12\/1y7a4050-1920x1280.webp 1920w\" sizes=\"auto, (max-width: 1920px) 100vw, 1920px\" \/><\/a><a href=\"https:\/\/d2p6e6u75xmxt8.cloudfront.net\/9\/2023\/12\/1Y7A5464-1536x1024-1.webp\"><img loading=\"lazy\" decoding=\"async\" class=\"alignnone size-full wp-image-4811\" src=\"https:\/\/d2p6e6u75xmxt8.cloudfront.net\/9\/2023\/12\/1Y7A5464-1536x1024-1.webp\" alt=\"\" width=\"1536\" height=\"1024\" srcset=\"https:\/\/d2p6e6u75xmxt8.cloudfront.net\/9\/2023\/12\/1Y7A5464-1536x1024-1.webp 1536w, https:\/\/d2p6e6u75xmxt8.cloudfront.net\/9\/2023\/12\/1Y7A5464-1536x1024-1-300x200.webp 300w, https:\/\/d2p6e6u75xmxt8.cloudfront.net\/9\/2023\/12\/1Y7A5464-1536x1024-1-1024x683.webp 1024w, https:\/\/d2p6e6u75xmxt8.cloudfront.net\/9\/2023\/12\/1Y7A5464-1536x1024-1-768x512.webp 768w, https:\/\/d2p6e6u75xmxt8.cloudfront.net\/9\/2023\/12\/1Y7A5464-1536x1024-1-400x267.webp 400w, https:\/\/d2p6e6u75xmxt8.cloudfront.net\/9\/2023\/12\/1Y7A5464-1536x1024-1-272x182.webp 272w\" sizes=\"auto, (max-width: 1536px) 100vw, 1536px\" \/><\/a><\/p>\n<p>Utmaningen som Titan Desert inneb\u00e4r handlar inte bara om att m\u00e4ta sig med andra cyklister. Det handlar ocks\u00e5 till stor del att klara av den fysiska anstr\u00e4ngningen samt navigera i ett element och en natur som \u00e4r minst sagt unik och kr\u00e4vande.<\/p>\n<p>\u0160koda \u00e4r en stolt partner till Titan Desert och vill du l\u00e4sa mer kan du bes\u00f6ka <a href=\"https:\/\/www.titandesert.com\/en\" target=\"_blank\" rel=\"noopener\">titandesert.com\/en.<\/a><\/p>\n","protected":false},"excerpt":{"rendered":"<p>Efter det stora \u00e4ventyret genom Sverige 2023 tar nu \u0160koda Cycling Team sikte p\u00e5 en ny utmaning. En utmaning l\u00e5ngt [&hellip;]<\/p>\n","protected":false},"author":52,"featured_media":4808,"comment_status":"open","ping_status":"open","sticky":false,"template":"","format":"standard","meta":{"footnotes":""},"categories":[5],"tags":[],"global-categories":[36],"class_list":["post-4807","post","type-post","status-publish","format-standard","has-post-thumbnail","hentry","category-nyheter","global-categories-cycling"],"yoast_head":"<!-- This site is optimized with the Yoast SEO Premium plugin v25.3 (Yoast SEO v25.9) - https:\/\/yoast.com\/wordpress\/plugins\/seo\/ -->\n<title>Det h\u00e4r \u00e4r \u0160koda Titan Desert i Marocko - \u0160koda - We Love Cycling - Sweden<\/title>\n<meta name=\"robots\" content=\"index, follow, max-snippet:-1, max-image-preview:large, max-video-preview:-1\" \/>\n<link rel=\"canonical\" href=\"https:\/\/www.welovecycling.com\/se\/2023\/12\/01\/skoda-cycling-team-tar-sikte-pa-oknen\/\" \/>\n<meta property=\"og:locale\" content=\"sv_SE\" \/>\n<meta property=\"og:type\" content=\"article\" \/>\n<meta property=\"og:title\" content=\"Det h\u00e4r \u00e4r \u0160koda Titan Desert i Marocko\" \/>\n<meta property=\"og:description\" content=\"Efter det stora \u00e4ventyret genom Sverige 2023 tar nu \u0160koda Cycling Team sikte p\u00e5 en ny utmaning. En utmaning l\u00e5ngt [&hellip;]\" \/>\n<meta property=\"og:url\" content=\"https:\/\/www.welovecycling.com\/se\/2023\/12\/01\/skoda-cycling-team-tar-sikte-pa-oknen\/\" \/>\n<meta property=\"og:site_name\" content=\"\u0160koda - We Love Cycling - Sweden\" \/>\n<meta property=\"article:published_time\" content=\"2023-12-01T10:19:46+00:00\" \/>\n<meta property=\"article:modified_time\" content=\"2024-04-04T13:42:54+00:00\" \/>\n<meta property=\"og:image\" content=\"https:\/\/d2p6e6u75xmxt8.cloudfront.net\/9\/2023\/12\/a24e5966-scaled.webp\" \/>\n\t<meta property=\"og:image:width\" content=\"2560\" \/>\n\t<meta property=\"og:image:height\" content=\"1707\" \/>\n\t<meta property=\"og:image:type\" content=\"image\/webp\" \/>\n<meta name=\"author\" content=\"erikleonsson\" \/>\n<meta name=\"twitter:card\" content=\"summary_large_image\" \/>\n<meta name=\"twitter:label1\" content=\"Written by\" \/>\n\t<meta name=\"twitter:data1\" content=\"erikleonsson\" \/>\n\t<meta name=\"twitter:label2\" content=\"Est. reading time\" \/>\n\t<meta name=\"twitter:data2\" content=\"2 minutes\" \/>\n<script type=\"application\/ld+json\" class=\"yoast-schema-graph\">{\"@context\":\"https:\/\/schema.org\",\"@graph\":[{\"@type\":\"WebPage\",\"@id\":\"https:\/\/www.welovecycling.com\/se\/2023\/12\/01\/skoda-cycling-team-tar-sikte-pa-oknen\/\",\"url\":\"https:\/\/www.welovecycling.com\/se\/2023\/12\/01\/skoda-cycling-team-tar-sikte-pa-oknen\/\",\"name\":\"Det h\u00e4r \u00e4r \u0160koda Titan Desert i Marocko - \u0160koda - We Love Cycling - Sweden\",\"isPartOf\":{\"@id\":\"https:\/\/www.welovecycling.com\/se\/#website\"},\"primaryImageOfPage\":{\"@id\":\"https:\/\/www.welovecycling.com\/se\/2023\/12\/01\/skoda-cycling-team-tar-sikte-pa-oknen\/#primaryimage\"},\"image\":{\"@id\":\"https:\/\/www.welovecycling.com\/se\/2023\/12\/01\/skoda-cycling-team-tar-sikte-pa-oknen\/#primaryimage\"},\"thumbnailUrl\":\"https:\/\/d2p6e6u75xmxt8.cloudfront.net\/9\/2023\/12\/a24e5966-scaled.webp\",\"datePublished\":\"2023-12-01T10:19:46+00:00\",\"dateModified\":\"2024-04-04T13:42:54+00:00\",\"author\":{\"@id\":\"https:\/\/www.welovecycling.com\/se\/#\/schema\/person\/037f34ad5d6e77accab8a3eff6ad7a0c\"},\"breadcrumb\":{\"@id\":\"https:\/\/www.welovecycling.com\/se\/2023\/12\/01\/skoda-cycling-team-tar-sikte-pa-oknen\/#breadcrumb\"},\"inLanguage\":\"sv-SE\",\"potentialAction\":[{\"@type\":\"ReadAction\",\"target\":[\"https:\/\/www.welovecycling.com\/se\/2023\/12\/01\/skoda-cycling-team-tar-sikte-pa-oknen\/\"]}]},{\"@type\":\"ImageObject\",\"inLanguage\":\"sv-SE\",\"@id\":\"https:\/\/www.welovecycling.com\/se\/2023\/12\/01\/skoda-cycling-team-tar-sikte-pa-oknen\/#primaryimage\",\"url\":\"https:\/\/d2p6e6u75xmxt8.cloudfront.net\/9\/2023\/12\/a24e5966-scaled.webp\",\"contentUrl\":\"https:\/\/d2p6e6u75xmxt8.cloudfront.net\/9\/2023\/12\/a24e5966-scaled.webp\",\"width\":2560,\"height\":1707},{\"@type\":\"BreadcrumbList\",\"@id\":\"https:\/\/www.welovecycling.com\/se\/2023\/12\/01\/skoda-cycling-team-tar-sikte-pa-oknen\/#breadcrumb\",\"itemListElement\":[{\"@type\":\"ListItem\",\"position\":1,\"name\":\"Home\",\"item\":\"https:\/\/www.welovecycling.com\/se\/\"},{\"@type\":\"ListItem\",\"position\":2,\"name\":\"Det h\u00e4r \u00e4r \u0160koda Titan Desert i Marocko\"}]},{\"@type\":\"WebSite\",\"@id\":\"https:\/\/www.welovecycling.com\/se\/#website\",\"url\":\"https:\/\/www.welovecycling.com\/se\/\",\"name\":\"\u0160koda - We Love Cycling - Sweden\",\"description\":\"\u0160koda We Love Cycling - Sweden\",\"potentialAction\":[{\"@type\":\"SearchAction\",\"target\":{\"@type\":\"EntryPoint\",\"urlTemplate\":\"https:\/\/www.welovecycling.com\/se\/?s={search_term_string}\"},\"query-input\":{\"@type\":\"PropertyValueSpecification\",\"valueRequired\":true,\"valueName\":\"search_term_string\"}}],\"inLanguage\":\"sv-SE\"},{\"@type\":\"Person\",\"@id\":\"https:\/\/www.welovecycling.com\/se\/#\/schema\/person\/037f34ad5d6e77accab8a3eff6ad7a0c\",\"name\":\"erikleonsson\",\"image\":{\"@type\":\"ImageObject\",\"inLanguage\":\"sv-SE\",\"@id\":\"https:\/\/www.welovecycling.com\/se\/#\/schema\/person\/image\/\",\"url\":\"https:\/\/secure.gravatar.com\/avatar\/788a593b0a657d6864c271709722f9cd586caa5a645e77f71fe625396b02677c?s=96&d=mm&r=g\",\"contentUrl\":\"https:\/\/secure.gravatar.com\/avatar\/788a593b0a657d6864c271709722f9cd586caa5a645e77f71fe625396b02677c?s=96&d=mm&r=g\",\"caption\":\"erikleonsson\"},\"url\":\"https:\/\/www.welovecycling.com\/se\/author\/erikleonsson\/\"}]}<\/script>\n<!-- \/ Yoast SEO Premium plugin. -->","yoast_head_json":{"title":"Det h\u00e4r \u00e4r \u0160koda Titan Desert i Marocko - \u0160koda - We Love Cycling - Sweden","robots":{"index":"index","follow":"follow","max-snippet":"max-snippet:-1","max-image-preview":"max-image-preview:large","max-video-preview":"max-video-preview:-1"},"canonical":"https:\/\/www.welovecycling.com\/se\/2023\/12\/01\/skoda-cycling-team-tar-sikte-pa-oknen\/","og_locale":"sv_SE","og_type":"article","og_title":"Det h\u00e4r \u00e4r \u0160koda Titan Desert i Marocko","og_description":"Efter det stora \u00e4ventyret genom Sverige 2023 tar nu \u0160koda Cycling Team sikte p\u00e5 en ny utmaning. En utmaning l\u00e5ngt [&hellip;]","og_url":"https:\/\/www.welovecycling.com\/se\/2023\/12\/01\/skoda-cycling-team-tar-sikte-pa-oknen\/","og_site_name":"\u0160koda - We Love Cycling - Sweden","article_published_time":"2023-12-01T10:19:46+00:00","article_modified_time":"2024-04-04T13:42:54+00:00","og_image":[{"width":2560,"height":1707,"url":"https:\/\/d2p6e6u75xmxt8.cloudfront.net\/9\/2023\/12\/a24e5966-scaled.webp","type":"image\/webp"}],"author":"erikleonsson","twitter_card":"summary_large_image","twitter_misc":{"Written by":"erikleonsson","Est. reading time":"2 minutes"},"schema":{"@context":"https:\/\/schema.org","@graph":[{"@type":"WebPage","@id":"https:\/\/www.welovecycling.com\/se\/2023\/12\/01\/skoda-cycling-team-tar-sikte-pa-oknen\/","url":"https:\/\/www.welovecycling.com\/se\/2023\/12\/01\/skoda-cycling-team-tar-sikte-pa-oknen\/","name":"Det h\u00e4r \u00e4r \u0160koda Titan Desert i Marocko - \u0160koda - We Love Cycling - Sweden","isPartOf":{"@id":"https:\/\/www.welovecycling.com\/se\/#website"},"primaryImageOfPage":{"@id":"https:\/\/www.welovecycling.com\/se\/2023\/12\/01\/skoda-cycling-team-tar-sikte-pa-oknen\/#primaryimage"},"image":{"@id":"https:\/\/www.welovecycling.com\/se\/2023\/12\/01\/skoda-cycling-team-tar-sikte-pa-oknen\/#primaryimage"},"thumbnailUrl":"https:\/\/d2p6e6u75xmxt8.cloudfront.net\/9\/2023\/12\/a24e5966-scaled.webp","datePublished":"2023-12-01T10:19:46+00:00","dateModified":"2024-04-04T13:42:54+00:00","author":{"@id":"https:\/\/www.welovecycling.com\/se\/#\/schema\/person\/037f34ad5d6e77accab8a3eff6ad7a0c"},"breadcrumb":{"@id":"https:\/\/www.welovecycling.com\/se\/2023\/12\/01\/skoda-cycling-team-tar-sikte-pa-oknen\/#breadcrumb"},"inLanguage":"sv-SE","potentialAction":[{"@type":"ReadAction","target":["https:\/\/www.welovecycling.com\/se\/2023\/12\/01\/skoda-cycling-team-tar-sikte-pa-oknen\/"]}]},{"@type":"ImageObject","inLanguage":"sv-SE","@id":"https:\/\/www.welovecycling.com\/se\/2023\/12\/01\/skoda-cycling-team-tar-sikte-pa-oknen\/#primaryimage","url":"https:\/\/d2p6e6u75xmxt8.cloudfront.net\/9\/2023\/12\/a24e5966-scaled.webp","contentUrl":"https:\/\/d2p6e6u75xmxt8.cloudfront.net\/9\/2023\/12\/a24e5966-scaled.webp","width":2560,"height":1707},{"@type":"BreadcrumbList","@id":"https:\/\/www.welovecycling.com\/se\/2023\/12\/01\/skoda-cycling-team-tar-sikte-pa-oknen\/#breadcrumb","itemListElement":[{"@type":"ListItem","position":1,"name":"Home","item":"https:\/\/www.welovecycling.com\/se\/"},{"@type":"ListItem","position":2,"name":"Det h\u00e4r \u00e4r \u0160koda Titan Desert i Marocko"}]},{"@type":"WebSite","@id":"https:\/\/www.welovecycling.com\/se\/#website","url":"https:\/\/www.welovecycling.com\/se\/","name":"\u0160koda - We Love Cycling - Sweden","description":"\u0160koda We Love Cycling - Sweden","potentialAction":[{"@type":"SearchAction","target":{"@type":"EntryPoint","urlTemplate":"https:\/\/www.welovecycling.com\/se\/?s={search_term_string}"},"query-input":{"@type":"PropertyValueSpecification","valueRequired":true,"valueName":"search_term_string"}}],"inLanguage":"sv-SE"},{"@type":"Person","@id":"https:\/\/www.welovecycling.com\/se\/#\/schema\/person\/037f34ad5d6e77accab8a3eff6ad7a0c","name":"erikleonsson","image":{"@type":"ImageObject","inLanguage":"sv-SE","@id":"https:\/\/www.welovecycling.com\/se\/#\/schema\/person\/image\/","url":"https:\/\/secure.gravatar.com\/avatar\/788a593b0a657d6864c271709722f9cd586caa5a645e77f71fe625396b02677c?s=96&d=mm&r=g","contentUrl":"https:\/\/secure.gravatar.com\/avatar\/788a593b0a657d6864c271709722f9cd586caa5a645e77f71fe625396b02677c?s=96&d=mm&r=g","caption":"erikleonsson"},"url":"https:\/\/www.welovecycling.com\/se\/author\/erikleonsson\/"}]}},"_links":{"self":[{"href":"https:\/\/www.welovecycling.com\/se\/wp-json\/wp\/v2\/posts\/4807","targetHints":{"allow":["GET"]}}],"collection":[{"href":"https:\/\/www.welovecycling.com\/se\/wp-json\/wp\/v2\/posts"}],"about":[{"href":"https:\/\/www.welovecycling.com\/se\/wp-json\/wp\/v2\/types\/post"}],"author":[{"embeddable":true,"href":"https:\/\/www.welovecycling.com\/se\/wp-json\/wp\/v2\/users\/52"}],"replies":[{"embeddable":true,"href":"https:\/\/www.welovecycling.com\/se\/wp-json\/wp\/v2\/comments?post=4807"}],"version-history":[{"count":3,"href":"https:\/\/www.welovecycling.com\/se\/wp-json\/wp\/v2\/posts\/4807\/revisions"}],"predecessor-version":[{"id":4861,"href":"https:\/\/www.welovecycling.com\/se\/wp-json\/wp\/v2\/posts\/4807\/revisions\/4861"}],"wp:featuredmedia":[{"embeddable":true,"href":"https:\/\/www.welovecycling.com\/se\/wp-json\/wp\/v2\/media\/4808"}],"wp:attachment":[{"href":"https:\/\/www.welovecycling.com\/se\/wp-json\/wp\/v2\/media?parent=4807"}],"wp:term":[{"taxonomy":"category","embeddable":true,"href":"https:\/\/www.welovecycling.com\/se\/wp-json\/wp\/v2\/categories?post=4807"},{"taxonomy":"post_tag","embeddable":true,"href":"https:\/\/www.welovecycling.com\/se\/wp-json\/wp\/v2\/tags?post=4807"},{"taxonomy":"global-categories","embeddable":true,"href":"https:\/\/www.welovecycling.com\/se\/wp-json\/wp\/v2\/global-categories?post=4807"}],"curies":[{"name":"wp","href":"https:\/\/api.w.org\/{rel}","templated":true}]}}